{"id":6016,"date":"2013-10-09T21:30:52","date_gmt":"2013-10-09T18:30:52","guid":{"rendered":"http:\/\/www.handisliiga.fi\/?p=6016"},"modified":"2018-04-20T13:03:22","modified_gmt":"2018-04-20T10:03:22","slug":"aifklle-kauden-avausvoitto","status":"publish","type":"post","link":"https:\/\/aktialiiga.fi\/miehet\/2013-2014\/ottelut-2013-2014\/aifklle-kauden-avausvoitto\/","title":{"rendered":"\u00c5IFK:lle kauden avausvoitto"},"content":{"rendered":"<p>\u00c5IFK otti kauden ensimm\u00e4iset pisteet kaatamalla vierailleen Akilleksen keskiviikkona maalein 33-27. Kotijoukkueen maalim\u00e4\u00e4r\u00e4 merkitsi samalla sit\u00e4, ett\u00e4 \u00c5IFK puhkaisi 18 000 maalin rajan SM-liigassa.<!--more--><\/p>\n<p>\u00c5IFK oli alkukaudesta esitt\u00e4nyt pirteit\u00e4 otteita sarjan kolmea ennakkoon kovinta vastustajaa vastaan, mutta nyt peli oli hiukan hakemista etenkin ensimm\u00e4isell\u00e4 puoliajalla. Ottelun vakuuttavimpana pelaajana palkittu Christoffer Sj\u00f6blom ei ollut kovin ylist\u00e4v\u00e4 esityst\u00e4 arvioidessaan.<\/p>\n<p>&#8211; Alku oli melkoisen kivist\u00e4 ja pelasimme huonommin kuin Dickeni\u00e4 tai Cocksia vastaan. Puolustuksessa oli isoja ongelmia. Toisella puoliajalla puolustuskin toimi ja Ville [Nordqvist] torjui hyvin. Lopussa juoksimme sitten vastustajan hajalle, Sj\u00f6blom arvioi.<\/p>\n<p>My\u00f6s \u00c5IFK:n p\u00e4\u00e4valmentaja Ulf Andersson piti alkua vaikeana ja n\u00e4ki otteissa yliyritt\u00e4mist\u00e4.<\/p>\n<p>&#8211; Meill\u00e4 oli alussa vaikeuksia p\u00e4\u00e4st\u00e4 vauhtiin, halusimme liikaa ja pelasimme itsemme ulos. Toiselle puoliajalle saimme asiat kuitenkin korjattua. Hyv\u00e4\u00e4 oli se, ett\u00e4 maalintekij\u00f6it\u00e4 oli monta ja voittaminen oli tietysti hienoa.<\/p>\n<p>Akilles-luotsi Raivo Laast n\u00e4ki tappion siemenen it\u00e4neen runsaassa virheiden m\u00e4\u00e4r\u00e4ss\u00e4.<\/p>\n<p>&#8211; Virheit\u00e4 tuli paljon. Ihan liikaa askelvirheit\u00e4 ja toisaalta sitten tuomareiden puolelta ulosajoja, Laast summasi.<\/p>\n<p><strong>\u00c5IFK &#8211; Akilles 33-27 (18-15)<\/strong><\/p>\n<p><strong>Maalintekij\u00e4t<\/strong>:<br \/>\n\u00c5IFK: Joonas Nieminen 6, Sebastian Andersson 5, Olli Tamminen 2, Albert Lindholm 2, Valto Kuusisto 1, Frans Lindholm 2, Brieuc Deloire 2, Christoffer Sj\u00f6blom 4, Niklas Manderoos 1, Alvaro Arenas Leturiaga 4, Andreas Nystr\u00f6m 4<br \/>\nAkilles: Patrik L\u00e5ng 2, Alexander L\u00e5ng 2, Henri Storsj\u00f6 3, Olev Eensalu 9, Taavi Tibar 3, Sergiy Shevchenko 8<\/p>\n<p><strong>Ulosajot<\/strong><br \/>\n\u00c5IFK: Arttu Tamminen (2 kpl), Sebastian Andersson, Albert Lindholm, Christoffer Sj\u00f6blom, Andreas Nystr\u00f6m<br \/>\nAkilles: Petri Lindfors (2 kpl), Alexander L\u00e5ng (3 kpl), Henri Storsj\u00f6, Olev Eensalu (2 kpl)<\/p>\n<p><em>Yleis\u00f6m\u00e4\u00e4r\u00e4<\/em>: 230<\/p>\n<p><strong>L\u00e4hivakuutus-t\u00e4htipelaajat<\/strong>:<\/p>\n<p>*** \u00c5IFK: Christoffer Sj\u00f6blom<br \/>\n** \u00c5IFK: Sebastian Andersson<br \/>\n* Akilles: Olev Eensalu<\/p>\n","protected":false},"excerpt":{"rendered":"<p>\u00c5IFK otti kauden ensimm\u00e4iset pisteet kaatamalla vierailleen Akilleksen keskiviikkona maalein 33-27. Kotijoukkueen maalim\u00e4\u00e4r\u00e4 merkitsi samalla sit\u00e4, ett\u00e4 \u00c5IFK puhkaisi 18 000 maalin rajan SM-liigassa.<\/p>\n","protected":false},"author":13,"featured_media":192,"comment_status":"closed","ping_status":"closed","sticky":false,"template":"","format":"standard","meta":{"_acf_changed":false,"jetpack_post_was_ever_published":false,"_jetpack_newsletter_access":"","_jetpack_dont_email_post_to_subs":false,"_jetpack_newsletter_tier_id":0,"_jetpack_memberships_contains_paywalled_content":false,"_jetpack_memberships_contains_paid_content":false,"footnotes":""},"categories":[21],"tags":[50,51],"class_list":["post-6016","post","type-post","status-publish","format-standard","has-post-thumbnail","hentry","category-ottelut-2013-2014","tag-aifk","tag-akilles"],"acf":[],"yoast_head":"<!-- This site is optimized with the Yoast SEO plugin v27.4 - https:\/\/yoast.com\/product\/yoast-seo-wordpress\/ -->\n<title>\u00c5IFK:lle kauden avausvoitto | K\u00e4sipallon miesten Aktialiiga<\/title>\n<meta name=\"robots\" content=\"index, follow, max-snippet:-1, max-image-preview:large, max-video-preview:-1\" \/>\n<link rel=\"canonical\" href=\"https:\/\/aktialiiga.fi\/miehet\/2013-2014\/ottelut-2013-2014\/aifklle-kauden-avausvoitto\/\" \/>\n<meta property=\"og:locale\" content=\"fi_FI\" \/>\n<meta property=\"og:type\" content=\"article\" \/>\n<meta property=\"og:title\" content=\"\u00c5IFK:lle kauden avausvoitto | K\u00e4sipallon miesten Aktialiiga\" \/>\n<meta property=\"og:description\" content=\"\u00c5IFK otti kauden ensimm\u00e4iset pisteet kaatamalla vierailleen Akilleksen keskiviikkona maalein 33-27. Kotijoukkueen maalim\u00e4\u00e4r\u00e4 merkitsi samalla sit\u00e4, ett\u00e4 \u00c5IFK puhkaisi 18 000 maalin rajan SM-liigassa.\" \/>\n<meta property=\"og:url\" content=\"https:\/\/aktialiiga.fi\/miehet\/2013-2014\/ottelut-2013-2014\/aifklle-kauden-avausvoitto\/\" \/>\n<meta property=\"og:site_name\" content=\"K\u00e4sipallon miesten Aktialiiga\" \/>\n<meta property=\"article:publisher\" content=\"https:\/\/www.facebook.com\/finnhandball\" \/>\n<meta property=\"article:published_time\" content=\"2013-10-09T18:30:52+00:00\" \/>\n<meta property=\"article:modified_time\" content=\"2018-04-20T10:03:22+00:00\" \/>\n<meta property=\"og:image\" content=\"https:\/\/i0.wp.com\/aktialiiga.fi\/miehet\/wp-content\/uploads\/sites\/5\/2011\/09\/logo-aifk.gif?fit=92%2C110&ssl=1\" \/>\n\t<meta property=\"og:image:width\" content=\"92\" \/>\n\t<meta property=\"og:image:height\" content=\"110\" \/>\n\t<meta property=\"og:image:type\" content=\"image\/gif\" \/>\n<meta name=\"author\" content=\"tbrmedia\" \/>\n<meta name=\"twitter:card\" content=\"summary_large_image\" \/>\n<meta name=\"twitter:creator\" content=\"@finnhandball\" \/>\n<meta name=\"twitter:site\" content=\"@finnhandball\" \/>\n<script type=\"application\/ld+json\" class=\"yoast-schema-graph\">{\"@context\":\"https:\\\/\\\/schema.org\",\"@graph\":[{\"@type\":\"Article\",\"@id\":\"https:\\\/\\\/aktialiiga.fi\\\/miehet\\\/2013-2014\\\/ottelut-2013-2014\\\/aifklle-kauden-avausvoitto\\\/#article\",\"isPartOf\":{\"@id\":\"https:\\\/\\\/aktialiiga.fi\\\/miehet\\\/2013-2014\\\/ottelut-2013-2014\\\/aifklle-kauden-avausvoitto\\\/\"},\"author\":{\"name\":\"tbrmedia\",\"@id\":\"https:\\\/\\\/aktialiiga.fi\\\/miehet\\\/#\\\/schema\\\/person\\\/c14bf42f47041db74603c45afcb18d87\"},\"headline\":\"\u00c5IFK:lle kauden avausvoitto\",\"datePublished\":\"2013-10-09T18:30:52+00:00\",\"dateModified\":\"2018-04-20T10:03:22+00:00\",\"mainEntityOfPage\":{\"@id\":\"https:\\\/\\\/aktialiiga.fi\\\/miehet\\\/2013-2014\\\/ottelut-2013-2014\\\/aifklle-kauden-avausvoitto\\\/\"},\"wordCount\":270,\"publisher\":{\"@id\":\"https:\\\/\\\/aktialiiga.fi\\\/miehet\\\/#organization\"},\"image\":{\"@id\":\"https:\\\/\\\/aktialiiga.fi\\\/miehet\\\/2013-2014\\\/ottelut-2013-2014\\\/aifklle-kauden-avausvoitto\\\/#primaryimage\"},\"thumbnailUrl\":\"https:\\\/\\\/i0.wp.com\\\/aktialiiga.fi\\\/miehet\\\/wp-content\\\/uploads\\\/sites\\\/5\\\/2011\\\/09\\\/logo-aifk.gif?fit=92%2C110&ssl=1\",\"keywords\":[\"\u00c5IFK\",\"Akilles\"],\"articleSection\":[\"Ottelut\"],\"inLanguage\":\"fi\"},{\"@type\":\"WebPage\",\"@id\":\"https:\\\/\\\/aktialiiga.fi\\\/miehet\\\/2013-2014\\\/ottelut-2013-2014\\\/aifklle-kauden-avausvoitto\\\/\",\"url\":\"https:\\\/\\\/aktialiiga.fi\\\/miehet\\\/2013-2014\\\/ottelut-2013-2014\\\/aifklle-kauden-avausvoitto\\\/\",\"name\":\"\u00c5IFK:lle kauden avausvoitto | K\u00e4sipallon miesten Aktialiiga\",\"isPartOf\":{\"@id\":\"https:\\\/\\\/aktialiiga.fi\\\/miehet\\\/#website\"},\"primaryImageOfPage\":{\"@id\":\"https:\\\/\\\/aktialiiga.fi\\\/miehet\\\/2013-2014\\\/ottelut-2013-2014\\\/aifklle-kauden-avausvoitto\\\/#primaryimage\"},\"image\":{\"@id\":\"https:\\\/\\\/aktialiiga.fi\\\/miehet\\\/2013-2014\\\/ottelut-2013-2014\\\/aifklle-kauden-avausvoitto\\\/#primaryimage\"},\"thumbnailUrl\":\"https:\\\/\\\/i0.wp.com\\\/aktialiiga.fi\\\/miehet\\\/wp-content\\\/uploads\\\/sites\\\/5\\\/2011\\\/09\\\/logo-aifk.gif?fit=92%2C110&ssl=1\",\"datePublished\":\"2013-10-09T18:30:52+00:00\",\"dateModified\":\"2018-04-20T10:03:22+00:00\",\"breadcrumb\":{\"@id\":\"https:\\\/\\\/aktialiiga.fi\\\/miehet\\\/2013-2014\\\/ottelut-2013-2014\\\/aifklle-kauden-avausvoitto\\\/#breadcrumb\"},\"inLanguage\":\"fi\",\"potentialAction\":[{\"@type\":\"ReadAction\",\"target\":[\"https:\\\/\\\/aktialiiga.fi\\\/miehet\\\/2013-2014\\\/ottelut-2013-2014\\\/aifklle-kauden-avausvoitto\\\/\"]}]},{\"@type\":\"ImageObject\",\"inLanguage\":\"fi\",\"@id\":\"https:\\\/\\\/aktialiiga.fi\\\/miehet\\\/2013-2014\\\/ottelut-2013-2014\\\/aifklle-kauden-avausvoitto\\\/#primaryimage\",\"url\":\"https:\\\/\\\/i0.wp.com\\\/aktialiiga.fi\\\/miehet\\\/wp-content\\\/uploads\\\/sites\\\/5\\\/2011\\\/09\\\/logo-aifk.gif?fit=92%2C110&ssl=1\",\"contentUrl\":\"https:\\\/\\\/i0.wp.com\\\/aktialiiga.fi\\\/miehet\\\/wp-content\\\/uploads\\\/sites\\\/5\\\/2011\\\/09\\\/logo-aifk.gif?fit=92%2C110&ssl=1\",\"width\":92,\"height\":110,\"caption\":\"\u00c5IFK, Turku\"},{\"@type\":\"BreadcrumbList\",\"@id\":\"https:\\\/\\\/aktialiiga.fi\\\/miehet\\\/2013-2014\\\/ottelut-2013-2014\\\/aifklle-kauden-avausvoitto\\\/#breadcrumb\",\"itemListElement\":[{\"@type\":\"ListItem\",\"position\":1,\"name\":\"Etusivu\",\"item\":\"https:\\\/\\\/aktialiiga.fi\\\/miehet\\\/\"},{\"@type\":\"ListItem\",\"position\":2,\"name\":\"\u00c5IFK:lle kauden avausvoitto\"}]},{\"@type\":\"WebSite\",\"@id\":\"https:\\\/\\\/aktialiiga.fi\\\/miehet\\\/#website\",\"url\":\"https:\\\/\\\/aktialiiga.fi\\\/miehet\\\/\",\"name\":\"K\u00e4sipallon miesten Aktialiiga\",\"description\":\"Valtakunnan vauhdikkainta palloilua!\",\"publisher\":{\"@id\":\"https:\\\/\\\/aktialiiga.fi\\\/miehet\\\/#organization\"},\"potentialAction\":[{\"@type\":\"SearchAction\",\"target\":{\"@type\":\"EntryPoint\",\"urlTemplate\":\"https:\\\/\\\/aktialiiga.fi\\\/miehet\\\/?s={search_term_string}\"},\"query-input\":{\"@type\":\"PropertyValueSpecification\",\"valueRequired\":true,\"valueName\":\"search_term_string\"}}],\"inLanguage\":\"fi\"},{\"@type\":\"Organization\",\"@id\":\"https:\\\/\\\/aktialiiga.fi\\\/miehet\\\/#organization\",\"name\":\"K\u00e4sipallon miesten Aktialiiga\",\"url\":\"https:\\\/\\\/aktialiiga.fi\\\/miehet\\\/\",\"logo\":{\"@type\":\"ImageObject\",\"inLanguage\":\"fi\",\"@id\":\"https:\\\/\\\/aktialiiga.fi\\\/miehet\\\/#\\\/schema\\\/logo\\\/image\\\/\",\"url\":\"https:\\\/\\\/i0.wp.com\\\/aktialiiga.fi\\\/miehet\\\/wp-content\\\/uploads\\\/sites\\\/5\\\/2024\\\/09\\\/Aktialiiga-Yoast-512.png?fit=512%2C512&ssl=1\",\"contentUrl\":\"https:\\\/\\\/i0.wp.com\\\/aktialiiga.fi\\\/miehet\\\/wp-content\\\/uploads\\\/sites\\\/5\\\/2024\\\/09\\\/Aktialiiga-Yoast-512.png?fit=512%2C512&ssl=1\",\"width\":512,\"height\":512,\"caption\":\"K\u00e4sipallon miesten Aktialiiga\"},\"image\":{\"@id\":\"https:\\\/\\\/aktialiiga.fi\\\/miehet\\\/#\\\/schema\\\/logo\\\/image\\\/\"},\"sameAs\":[\"https:\\\/\\\/www.facebook.com\\\/finnhandball\",\"https:\\\/\\\/x.com\\\/finnhandball\",\"https:\\\/\\\/www.instagram.com\\\/handballfinland\\\/\"]},{\"@type\":\"Person\",\"@id\":\"https:\\\/\\\/aktialiiga.fi\\\/miehet\\\/#\\\/schema\\\/person\\\/c14bf42f47041db74603c45afcb18d87\",\"name\":\"tbrmedia\",\"image\":{\"@type\":\"ImageObject\",\"inLanguage\":\"fi\",\"@id\":\"https:\\\/\\\/secure.gravatar.com\\\/avatar\\\/ee975fa091fe581d12b60debb3439022686618368a7c142044c56724d4666b16?s=96&d=mm&r=g\",\"url\":\"https:\\\/\\\/secure.gravatar.com\\\/avatar\\\/ee975fa091fe581d12b60debb3439022686618368a7c142044c56724d4666b16?s=96&d=mm&r=g\",\"contentUrl\":\"https:\\\/\\\/secure.gravatar.com\\\/avatar\\\/ee975fa091fe581d12b60debb3439022686618368a7c142044c56724d4666b16?s=96&d=mm&r=g\",\"caption\":\"tbrmedia\"}}]}<\/script>\n<!-- \/ Yoast SEO plugin. -->","yoast_head_json":{"title":"\u00c5IFK:lle kauden avausvoitto | K\u00e4sipallon miesten Aktialiiga","robots":{"index":"index","follow":"follow","max-snippet":"max-snippet:-1","max-image-preview":"max-image-preview:large","max-video-preview":"max-video-preview:-1"},"canonical":"https:\/\/aktialiiga.fi\/miehet\/2013-2014\/ottelut-2013-2014\/aifklle-kauden-avausvoitto\/","og_locale":"fi_FI","og_type":"article","og_title":"\u00c5IFK:lle kauden avausvoitto | K\u00e4sipallon miesten Aktialiiga","og_description":"\u00c5IFK otti kauden ensimm\u00e4iset pisteet kaatamalla vierailleen Akilleksen keskiviikkona maalein 33-27. Kotijoukkueen maalim\u00e4\u00e4r\u00e4 merkitsi samalla sit\u00e4, ett\u00e4 \u00c5IFK puhkaisi 18 000 maalin rajan SM-liigassa.","og_url":"https:\/\/aktialiiga.fi\/miehet\/2013-2014\/ottelut-2013-2014\/aifklle-kauden-avausvoitto\/","og_site_name":"K\u00e4sipallon miesten Aktialiiga","article_publisher":"https:\/\/www.facebook.com\/finnhandball","article_published_time":"2013-10-09T18:30:52+00:00","article_modified_time":"2018-04-20T10:03:22+00:00","og_image":[{"width":92,"height":110,"url":"https:\/\/i0.wp.com\/aktialiiga.fi\/miehet\/wp-content\/uploads\/sites\/5\/2011\/09\/logo-aifk.gif?fit=92%2C110&ssl=1","type":"image\/gif"}],"author":"tbrmedia","twitter_card":"summary_large_image","twitter_creator":"@finnhandball","twitter_site":"@finnhandball","schema":{"@context":"https:\/\/schema.org","@graph":[{"@type":"Article","@id":"https:\/\/aktialiiga.fi\/miehet\/2013-2014\/ottelut-2013-2014\/aifklle-kauden-avausvoitto\/#article","isPartOf":{"@id":"https:\/\/aktialiiga.fi\/miehet\/2013-2014\/ottelut-2013-2014\/aifklle-kauden-avausvoitto\/"},"author":{"name":"tbrmedia","@id":"https:\/\/aktialiiga.fi\/miehet\/#\/schema\/person\/c14bf42f47041db74603c45afcb18d87"},"headline":"\u00c5IFK:lle kauden avausvoitto","datePublished":"2013-10-09T18:30:52+00:00","dateModified":"2018-04-20T10:03:22+00:00","mainEntityOfPage":{"@id":"https:\/\/aktialiiga.fi\/miehet\/2013-2014\/ottelut-2013-2014\/aifklle-kauden-avausvoitto\/"},"wordCount":270,"publisher":{"@id":"https:\/\/aktialiiga.fi\/miehet\/#organization"},"image":{"@id":"https:\/\/aktialiiga.fi\/miehet\/2013-2014\/ottelut-2013-2014\/aifklle-kauden-avausvoitto\/#primaryimage"},"thumbnailUrl":"https:\/\/i0.wp.com\/aktialiiga.fi\/miehet\/wp-content\/uploads\/sites\/5\/2011\/09\/logo-aifk.gif?fit=92%2C110&ssl=1","keywords":["\u00c5IFK","Akilles"],"articleSection":["Ottelut"],"inLanguage":"fi"},{"@type":"WebPage","@id":"https:\/\/aktialiiga.fi\/miehet\/2013-2014\/ottelut-2013-2014\/aifklle-kauden-avausvoitto\/","url":"https:\/\/aktialiiga.fi\/miehet\/2013-2014\/ottelut-2013-2014\/aifklle-kauden-avausvoitto\/","name":"\u00c5IFK:lle kauden avausvoitto | K\u00e4sipallon miesten Aktialiiga","isPartOf":{"@id":"https:\/\/aktialiiga.fi\/miehet\/#website"},"primaryImageOfPage":{"@id":"https:\/\/aktialiiga.fi\/miehet\/2013-2014\/ottelut-2013-2014\/aifklle-kauden-avausvoitto\/#primaryimage"},"image":{"@id":"https:\/\/aktialiiga.fi\/miehet\/2013-2014\/ottelut-2013-2014\/aifklle-kauden-avausvoitto\/#primaryimage"},"thumbnailUrl":"https:\/\/i0.wp.com\/aktialiiga.fi\/miehet\/wp-content\/uploads\/sites\/5\/2011\/09\/logo-aifk.gif?fit=92%2C110&ssl=1","datePublished":"2013-10-09T18:30:52+00:00","dateModified":"2018-04-20T10:03:22+00:00","breadcrumb":{"@id":"https:\/\/aktialiiga.fi\/miehet\/2013-2014\/ottelut-2013-2014\/aifklle-kauden-avausvoitto\/#breadcrumb"},"inLanguage":"fi","potentialAction":[{"@type":"ReadAction","target":["https:\/\/aktialiiga.fi\/miehet\/2013-2014\/ottelut-2013-2014\/aifklle-kauden-avausvoitto\/"]}]},{"@type":"ImageObject","inLanguage":"fi","@id":"https:\/\/aktialiiga.fi\/miehet\/2013-2014\/ottelut-2013-2014\/aifklle-kauden-avausvoitto\/#primaryimage","url":"https:\/\/i0.wp.com\/aktialiiga.fi\/miehet\/wp-content\/uploads\/sites\/5\/2011\/09\/logo-aifk.gif?fit=92%2C110&ssl=1","contentUrl":"https:\/\/i0.wp.com\/aktialiiga.fi\/miehet\/wp-content\/uploads\/sites\/5\/2011\/09\/logo-aifk.gif?fit=92%2C110&ssl=1","width":92,"height":110,"caption":"\u00c5IFK, Turku"},{"@type":"BreadcrumbList","@id":"https:\/\/aktialiiga.fi\/miehet\/2013-2014\/ottelut-2013-2014\/aifklle-kauden-avausvoitto\/#breadcrumb","itemListElement":[{"@type":"ListItem","position":1,"name":"Etusivu","item":"https:\/\/aktialiiga.fi\/miehet\/"},{"@type":"ListItem","position":2,"name":"\u00c5IFK:lle kauden avausvoitto"}]},{"@type":"WebSite","@id":"https:\/\/aktialiiga.fi\/miehet\/#website","url":"https:\/\/aktialiiga.fi\/miehet\/","name":"K\u00e4sipallon miesten Aktialiiga","description":"Valtakunnan vauhdikkainta palloilua!","publisher":{"@id":"https:\/\/aktialiiga.fi\/miehet\/#organization"},"potentialAction":[{"@type":"SearchAction","target":{"@type":"EntryPoint","urlTemplate":"https:\/\/aktialiiga.fi\/miehet\/?s={search_term_string}"},"query-input":{"@type":"PropertyValueSpecification","valueRequired":true,"valueName":"search_term_string"}}],"inLanguage":"fi"},{"@type":"Organization","@id":"https:\/\/aktialiiga.fi\/miehet\/#organization","name":"K\u00e4sipallon miesten Aktialiiga","url":"https:\/\/aktialiiga.fi\/miehet\/","logo":{"@type":"ImageObject","inLanguage":"fi","@id":"https:\/\/aktialiiga.fi\/miehet\/#\/schema\/logo\/image\/","url":"https:\/\/i0.wp.com\/aktialiiga.fi\/miehet\/wp-content\/uploads\/sites\/5\/2024\/09\/Aktialiiga-Yoast-512.png?fit=512%2C512&ssl=1","contentUrl":"https:\/\/i0.wp.com\/aktialiiga.fi\/miehet\/wp-content\/uploads\/sites\/5\/2024\/09\/Aktialiiga-Yoast-512.png?fit=512%2C512&ssl=1","width":512,"height":512,"caption":"K\u00e4sipallon miesten Aktialiiga"},"image":{"@id":"https:\/\/aktialiiga.fi\/miehet\/#\/schema\/logo\/image\/"},"sameAs":["https:\/\/www.facebook.com\/finnhandball","https:\/\/x.com\/finnhandball","https:\/\/www.instagram.com\/handballfinland\/"]},{"@type":"Person","@id":"https:\/\/aktialiiga.fi\/miehet\/#\/schema\/person\/c14bf42f47041db74603c45afcb18d87","name":"tbrmedia","image":{"@type":"ImageObject","inLanguage":"fi","@id":"https:\/\/secure.gravatar.com\/avatar\/ee975fa091fe581d12b60debb3439022686618368a7c142044c56724d4666b16?s=96&d=mm&r=g","url":"https:\/\/secure.gravatar.com\/avatar\/ee975fa091fe581d12b60debb3439022686618368a7c142044c56724d4666b16?s=96&d=mm&r=g","contentUrl":"https:\/\/secure.gravatar.com\/avatar\/ee975fa091fe581d12b60debb3439022686618368a7c142044c56724d4666b16?s=96&d=mm&r=g","caption":"tbrmedia"}}]}},"jetpack_featured_media_url":"https:\/\/i0.wp.com\/aktialiiga.fi\/miehet\/wp-content\/uploads\/sites\/5\/2011\/09\/logo-aifk.gif?fit=92%2C110&ssl=1","jetpack_sharing_enabled":true,"jetpack_shortlink":"https:\/\/wp.me\/pfTxOr-1z2","_links":{"self":[{"href":"https:\/\/aktialiiga.fi\/miehet\/wp-json\/wp\/v2\/posts\/6016","targetHints":{"allow":["GET"]}}],"collection":[{"href":"https:\/\/aktialiiga.fi\/miehet\/wp-json\/wp\/v2\/posts"}],"about":[{"href":"https:\/\/aktialiiga.fi\/miehet\/wp-json\/wp\/v2\/types\/post"}],"author":[{"embeddable":true,"href":"https:\/\/aktialiiga.fi\/miehet\/wp-json\/wp\/v2\/users\/13"}],"replies":[{"embeddable":true,"href":"https:\/\/aktialiiga.fi\/miehet\/wp-json\/wp\/v2\/comments?post=6016"}],"version-history":[{"count":0,"href":"https:\/\/aktialiiga.fi\/miehet\/wp-json\/wp\/v2\/posts\/6016\/revisions"}],"wp:featuredmedia":[{"embeddable":true,"href":"https:\/\/aktialiiga.fi\/miehet\/wp-json\/wp\/v2\/media\/192"}],"wp:attachment":[{"href":"https:\/\/aktialiiga.fi\/miehet\/wp-json\/wp\/v2\/media?parent=6016"}],"wp:term":[{"taxonomy":"category","embeddable":true,"href":"https:\/\/aktialiiga.fi\/miehet\/wp-json\/wp\/v2\/categories?post=6016"},{"taxonomy":"post_tag","embeddable":true,"href":"https:\/\/aktialiiga.fi\/miehet\/wp-json\/wp\/v2\/tags?post=6016"}],"curies":[{"name":"wp","href":"https:\/\/api.w.org\/{rel}","templated":true}]}}