{"id":6073,"date":"2013-10-22T19:43:00","date_gmt":"2013-10-22T16:43:00","guid":{"rendered":"http:\/\/www.handisliiga.fi\/?p=6073"},"modified":"2018-04-20T13:03:19","modified_gmt":"2018-04-20T10:03:19","slug":"dicken-matkaa-karjaalle-keskiviikkona","status":"publish","type":"post","link":"https:\/\/aktialiiga.fi\/miehet\/2013-2014\/ennakot-2013-2014\/dicken-matkaa-karjaalle-keskiviikkona\/","title":{"rendered":"Dicken matkaa Karjaalle keskiviikkona"},"content":{"rendered":"<p>Dicken pelaa kauden kuudennen pelins\u00e4 keskiviikko-iltana karjaan Sisu Arenassa BK-46:tta vastaan. Edellisen ottelunsa suhteellisen helposti voittanut Dicken janoaa lis\u00e4pisteit\u00e4 SM-Liigassa, kun kaksi suomalaisen k\u00e4sipallon perinteikk\u00e4int\u00e4 seuraa kohtaavat. <!--more--><\/p>\n<p>BK-46 on aloittanut kauden kahdella voitolla ja kahdella tappiolla. Joukkue on tehnyt varsin v\u00e4h\u00e4n maaleja pelaamissaan otteluissa, mutta eip\u00e4 se ole p\u00e4\u00e4st\u00e4nytk\u00e4\u00e4n montaa, joukkue on tehnyt koko liigassa toisiksi v\u00e4hiten maaleja ja niinik\u00e4\u00e4n p\u00e4\u00e4st\u00e4nyt toiseksi v\u00e4hiten.<\/p>\n<p>O-P Korpim\u00e4ki on ollut maaliahnein 23 maalillaan, laiturit S\u00e4kkinen sek\u00e4 Karlsson tulevat kaukana per\u00e4ss\u00e4 15 ja 12 maalillaan. Puolustus sek\u00e4 maalivahtipeli on ollut hyv\u00e4\u00e4, eik\u00e4 joukkue ole p\u00e4\u00e4st\u00e4nyt 29 maalia enemp\u00e4\u00e4 kertaakaan.<\/p>\n<p>Dickenill\u00e4 maalivastuun ovat kantaneet Timmy Thor, Joacim Broman sek\u00e4 Valdar Noodla. My\u00f6s Benny Broman on p\u00e4\u00e4ssyt hyv\u00e4\u00e4n vauhtiin missattuaan kauden kaksi ensimm\u00e4ist\u00e4 peli\u00e4. Dickenin puolustuspelaaminen, joka oli hyv\u00e4\u00e4 viime kaudella on ollut hieman kadoksissa t\u00e4n\u00e4 vuonna, mutta onneksi sekin saatiin hyv\u00e4\u00e4n kuntoon viime lauantaina pelatussa Atlas ottelussa, kun oma verkko heilui ainoastaan 17 kertaa.<\/p>\n<p>Sisu Arena ei koskaan ole helppo paikka pelata eik\u00e4 Dickenill\u00e4 ole varaa aliarvioida SM-liigan historian menestyksekk\u00e4int\u00e4 joukkuetta. Ottelu alkaa klo 19.00.<\/p>\n","protected":false},"excerpt":{"rendered":"<p>Dicken pelaa kauden kuudennen pelins\u00e4 keskiviikko-iltana karjaan Sisu Arenassa BK-46:tta vastaan. Edellisen ottelunsa suhteellisen helposti voittanut Dicken janoaa lis\u00e4pisteit\u00e4 SM-Liigassa, kun kaksi suomalaisen k\u00e4sipallon perinteikk\u00e4int\u00e4 seuraa kohtaavat.<\/p>\n","protected":false},"author":13,"featured_media":704,"comment_status":"closed","ping_status":"closed","sticky":false,"template":"","format":"standard","meta":{"_acf_changed":false,"jetpack_post_was_ever_published":false,"_jetpack_newsletter_access":"","_jetpack_dont_email_post_to_subs":false,"_jetpack_newsletter_tier_id":0,"_jetpack_memberships_contains_paywalled_content":false,"_jetpack_memberships_contains_paid_content":false,"footnotes":""},"categories":[40],"tags":[56,58],"class_list":["post-6073","post","type-post","status-publish","format-standard","has-post-thumbnail","hentry","category-ennakot-2013-2014","tag-bk-46","tag-dicken"],"acf":[],"yoast_head":"<!-- This site is optimized with the Yoast SEO plugin v27.4 - https:\/\/yoast.com\/product\/yoast-seo-wordpress\/ -->\n<title>Dicken matkaa Karjaalle keskiviikkona | K\u00e4sipallon miesten Aktialiiga<\/title>\n<meta name=\"robots\" content=\"index, follow, max-snippet:-1, max-image-preview:large, max-video-preview:-1\" \/>\n<link rel=\"canonical\" href=\"https:\/\/aktialiiga.fi\/miehet\/2013-2014\/ennakot-2013-2014\/dicken-matkaa-karjaalle-keskiviikkona\/\" \/>\n<meta property=\"og:locale\" content=\"fi_FI\" \/>\n<meta property=\"og:type\" content=\"article\" \/>\n<meta property=\"og:title\" content=\"Dicken matkaa Karjaalle keskiviikkona | K\u00e4sipallon miesten Aktialiiga\" \/>\n<meta property=\"og:description\" content=\"Dicken pelaa kauden kuudennen pelins\u00e4 keskiviikko-iltana karjaan Sisu Arenassa BK-46:tta vastaan. Edellisen ottelunsa suhteellisen helposti voittanut Dicken janoaa lis\u00e4pisteit\u00e4 SM-Liigassa, kun kaksi suomalaisen k\u00e4sipallon perinteikk\u00e4int\u00e4 seuraa kohtaavat.\" \/>\n<meta property=\"og:url\" content=\"https:\/\/aktialiiga.fi\/miehet\/2013-2014\/ennakot-2013-2014\/dicken-matkaa-karjaalle-keskiviikkona\/\" \/>\n<meta property=\"og:site_name\" content=\"K\u00e4sipallon miesten Aktialiiga\" \/>\n<meta property=\"article:publisher\" content=\"https:\/\/www.facebook.com\/finnhandball\" \/>\n<meta property=\"article:published_time\" content=\"2013-10-22T16:43:00+00:00\" \/>\n<meta property=\"article:modified_time\" content=\"2018-04-20T10:03:19+00:00\" \/>\n<meta property=\"og:image\" content=\"https:\/\/i0.wp.com\/aktialiiga.fi\/miehet\/wp-content\/uploads\/sites\/5\/2011\/10\/liigalogo-ennakko-e1332704142716.png?fit=105%2C121&ssl=1\" \/>\n\t<meta property=\"og:image:width\" content=\"105\" \/>\n\t<meta property=\"og:image:height\" content=\"121\" \/>\n\t<meta property=\"og:image:type\" content=\"image\/png\" \/>\n<meta name=\"author\" content=\"tbrmedia\" \/>\n<meta name=\"twitter:card\" content=\"summary_large_image\" \/>\n<meta name=\"twitter:creator\" content=\"@finnhandball\" \/>\n<meta name=\"twitter:site\" content=\"@finnhandball\" \/>\n<script type=\"application\/ld+json\" class=\"yoast-schema-graph\">{\"@context\":\"https:\\\/\\\/schema.org\",\"@graph\":[{\"@type\":\"Article\",\"@id\":\"https:\\\/\\\/aktialiiga.fi\\\/miehet\\\/2013-2014\\\/ennakot-2013-2014\\\/dicken-matkaa-karjaalle-keskiviikkona\\\/#article\",\"isPartOf\":{\"@id\":\"https:\\\/\\\/aktialiiga.fi\\\/miehet\\\/2013-2014\\\/ennakot-2013-2014\\\/dicken-matkaa-karjaalle-keskiviikkona\\\/\"},\"author\":{\"name\":\"tbrmedia\",\"@id\":\"https:\\\/\\\/aktialiiga.fi\\\/miehet\\\/#\\\/schema\\\/person\\\/c14bf42f47041db74603c45afcb18d87\"},\"headline\":\"Dicken matkaa Karjaalle keskiviikkona\",\"datePublished\":\"2013-10-22T16:43:00+00:00\",\"dateModified\":\"2018-04-20T10:03:19+00:00\",\"mainEntityOfPage\":{\"@id\":\"https:\\\/\\\/aktialiiga.fi\\\/miehet\\\/2013-2014\\\/ennakot-2013-2014\\\/dicken-matkaa-karjaalle-keskiviikkona\\\/\"},\"wordCount\":194,\"publisher\":{\"@id\":\"https:\\\/\\\/aktialiiga.fi\\\/miehet\\\/#organization\"},\"image\":{\"@id\":\"https:\\\/\\\/aktialiiga.fi\\\/miehet\\\/2013-2014\\\/ennakot-2013-2014\\\/dicken-matkaa-karjaalle-keskiviikkona\\\/#primaryimage\"},\"thumbnailUrl\":\"https:\\\/\\\/i0.wp.com\\\/aktialiiga.fi\\\/miehet\\\/wp-content\\\/uploads\\\/sites\\\/5\\\/2011\\\/10\\\/liigalogo-ennakko-e1332704142716.png?fit=105%2C121&ssl=1\",\"keywords\":[\"BK-46\",\"Dicken\"],\"articleSection\":[\"Ennakot\"],\"inLanguage\":\"fi\"},{\"@type\":\"WebPage\",\"@id\":\"https:\\\/\\\/aktialiiga.fi\\\/miehet\\\/2013-2014\\\/ennakot-2013-2014\\\/dicken-matkaa-karjaalle-keskiviikkona\\\/\",\"url\":\"https:\\\/\\\/aktialiiga.fi\\\/miehet\\\/2013-2014\\\/ennakot-2013-2014\\\/dicken-matkaa-karjaalle-keskiviikkona\\\/\",\"name\":\"Dicken matkaa Karjaalle keskiviikkona | K\u00e4sipallon miesten Aktialiiga\",\"isPartOf\":{\"@id\":\"https:\\\/\\\/aktialiiga.fi\\\/miehet\\\/#website\"},\"primaryImageOfPage\":{\"@id\":\"https:\\\/\\\/aktialiiga.fi\\\/miehet\\\/2013-2014\\\/ennakot-2013-2014\\\/dicken-matkaa-karjaalle-keskiviikkona\\\/#primaryimage\"},\"image\":{\"@id\":\"https:\\\/\\\/aktialiiga.fi\\\/miehet\\\/2013-2014\\\/ennakot-2013-2014\\\/dicken-matkaa-karjaalle-keskiviikkona\\\/#primaryimage\"},\"thumbnailUrl\":\"https:\\\/\\\/i0.wp.com\\\/aktialiiga.fi\\\/miehet\\\/wp-content\\\/uploads\\\/sites\\\/5\\\/2011\\\/10\\\/liigalogo-ennakko-e1332704142716.png?fit=105%2C121&ssl=1\",\"datePublished\":\"2013-10-22T16:43:00+00:00\",\"dateModified\":\"2018-04-20T10:03:19+00:00\",\"breadcrumb\":{\"@id\":\"https:\\\/\\\/aktialiiga.fi\\\/miehet\\\/2013-2014\\\/ennakot-2013-2014\\\/dicken-matkaa-karjaalle-keskiviikkona\\\/#breadcrumb\"},\"inLanguage\":\"fi\",\"potentialAction\":[{\"@type\":\"ReadAction\",\"target\":[\"https:\\\/\\\/aktialiiga.fi\\\/miehet\\\/2013-2014\\\/ennakot-2013-2014\\\/dicken-matkaa-karjaalle-keskiviikkona\\\/\"]}]},{\"@type\":\"ImageObject\",\"inLanguage\":\"fi\",\"@id\":\"https:\\\/\\\/aktialiiga.fi\\\/miehet\\\/2013-2014\\\/ennakot-2013-2014\\\/dicken-matkaa-karjaalle-keskiviikkona\\\/#primaryimage\",\"url\":\"https:\\\/\\\/i0.wp.com\\\/aktialiiga.fi\\\/miehet\\\/wp-content\\\/uploads\\\/sites\\\/5\\\/2011\\\/10\\\/liigalogo-ennakko-e1332704142716.png?fit=105%2C121&ssl=1\",\"contentUrl\":\"https:\\\/\\\/i0.wp.com\\\/aktialiiga.fi\\\/miehet\\\/wp-content\\\/uploads\\\/sites\\\/5\\\/2011\\\/10\\\/liigalogo-ennakko-e1332704142716.png?fit=105%2C121&ssl=1\",\"width\":105,\"height\":121,\"caption\":\"Otteluennakko\"},{\"@type\":\"BreadcrumbList\",\"@id\":\"https:\\\/\\\/aktialiiga.fi\\\/miehet\\\/2013-2014\\\/ennakot-2013-2014\\\/dicken-matkaa-karjaalle-keskiviikkona\\\/#breadcrumb\",\"itemListElement\":[{\"@type\":\"ListItem\",\"position\":1,\"name\":\"Etusivu\",\"item\":\"https:\\\/\\\/aktialiiga.fi\\\/miehet\\\/\"},{\"@type\":\"ListItem\",\"position\":2,\"name\":\"Dicken matkaa Karjaalle keskiviikkona\"}]},{\"@type\":\"WebSite\",\"@id\":\"https:\\\/\\\/aktialiiga.fi\\\/miehet\\\/#website\",\"url\":\"https:\\\/\\\/aktialiiga.fi\\\/miehet\\\/\",\"name\":\"K\u00e4sipallon miesten Aktialiiga\",\"description\":\"Valtakunnan vauhdikkainta palloilua!\",\"publisher\":{\"@id\":\"https:\\\/\\\/aktialiiga.fi\\\/miehet\\\/#organization\"},\"potentialAction\":[{\"@type\":\"SearchAction\",\"target\":{\"@type\":\"EntryPoint\",\"urlTemplate\":\"https:\\\/\\\/aktialiiga.fi\\\/miehet\\\/?s={search_term_string}\"},\"query-input\":{\"@type\":\"PropertyValueSpecification\",\"valueRequired\":true,\"valueName\":\"search_term_string\"}}],\"inLanguage\":\"fi\"},{\"@type\":\"Organization\",\"@id\":\"https:\\\/\\\/aktialiiga.fi\\\/miehet\\\/#organization\",\"name\":\"K\u00e4sipallon miesten Aktialiiga\",\"url\":\"https:\\\/\\\/aktialiiga.fi\\\/miehet\\\/\",\"logo\":{\"@type\":\"ImageObject\",\"inLanguage\":\"fi\",\"@id\":\"https:\\\/\\\/aktialiiga.fi\\\/miehet\\\/#\\\/schema\\\/logo\\\/image\\\/\",\"url\":\"https:\\\/\\\/i0.wp.com\\\/aktialiiga.fi\\\/miehet\\\/wp-content\\\/uploads\\\/sites\\\/5\\\/2024\\\/09\\\/Aktialiiga-Yoast-512.png?fit=512%2C512&ssl=1\",\"contentUrl\":\"https:\\\/\\\/i0.wp.com\\\/aktialiiga.fi\\\/miehet\\\/wp-content\\\/uploads\\\/sites\\\/5\\\/2024\\\/09\\\/Aktialiiga-Yoast-512.png?fit=512%2C512&ssl=1\",\"width\":512,\"height\":512,\"caption\":\"K\u00e4sipallon miesten Aktialiiga\"},\"image\":{\"@id\":\"https:\\\/\\\/aktialiiga.fi\\\/miehet\\\/#\\\/schema\\\/logo\\\/image\\\/\"},\"sameAs\":[\"https:\\\/\\\/www.facebook.com\\\/finnhandball\",\"https:\\\/\\\/x.com\\\/finnhandball\",\"https:\\\/\\\/www.instagram.com\\\/handballfinland\\\/\"]},{\"@type\":\"Person\",\"@id\":\"https:\\\/\\\/aktialiiga.fi\\\/miehet\\\/#\\\/schema\\\/person\\\/c14bf42f47041db74603c45afcb18d87\",\"name\":\"tbrmedia\",\"image\":{\"@type\":\"ImageObject\",\"inLanguage\":\"fi\",\"@id\":\"https:\\\/\\\/secure.gravatar.com\\\/avatar\\\/ee975fa091fe581d12b60debb3439022686618368a7c142044c56724d4666b16?s=96&d=mm&r=g\",\"url\":\"https:\\\/\\\/secure.gravatar.com\\\/avatar\\\/ee975fa091fe581d12b60debb3439022686618368a7c142044c56724d4666b16?s=96&d=mm&r=g\",\"contentUrl\":\"https:\\\/\\\/secure.gravatar.com\\\/avatar\\\/ee975fa091fe581d12b60debb3439022686618368a7c142044c56724d4666b16?s=96&d=mm&r=g\",\"caption\":\"tbrmedia\"}}]}<\/script>\n<!-- \/ Yoast SEO plugin. -->","yoast_head_json":{"title":"Dicken matkaa Karjaalle keskiviikkona | K\u00e4sipallon miesten Aktialiiga","robots":{"index":"index","follow":"follow","max-snippet":"max-snippet:-1","max-image-preview":"max-image-preview:large","max-video-preview":"max-video-preview:-1"},"canonical":"https:\/\/aktialiiga.fi\/miehet\/2013-2014\/ennakot-2013-2014\/dicken-matkaa-karjaalle-keskiviikkona\/","og_locale":"fi_FI","og_type":"article","og_title":"Dicken matkaa Karjaalle keskiviikkona | K\u00e4sipallon miesten Aktialiiga","og_description":"Dicken pelaa kauden kuudennen pelins\u00e4 keskiviikko-iltana karjaan Sisu Arenassa BK-46:tta vastaan. Edellisen ottelunsa suhteellisen helposti voittanut Dicken janoaa lis\u00e4pisteit\u00e4 SM-Liigassa, kun kaksi suomalaisen k\u00e4sipallon perinteikk\u00e4int\u00e4 seuraa kohtaavat.","og_url":"https:\/\/aktialiiga.fi\/miehet\/2013-2014\/ennakot-2013-2014\/dicken-matkaa-karjaalle-keskiviikkona\/","og_site_name":"K\u00e4sipallon miesten Aktialiiga","article_publisher":"https:\/\/www.facebook.com\/finnhandball","article_published_time":"2013-10-22T16:43:00+00:00","article_modified_time":"2018-04-20T10:03:19+00:00","og_image":[{"width":105,"height":121,"url":"https:\/\/i0.wp.com\/aktialiiga.fi\/miehet\/wp-content\/uploads\/sites\/5\/2011\/10\/liigalogo-ennakko-e1332704142716.png?fit=105%2C121&ssl=1","type":"image\/png"}],"author":"tbrmedia","twitter_card":"summary_large_image","twitter_creator":"@finnhandball","twitter_site":"@finnhandball","schema":{"@context":"https:\/\/schema.org","@graph":[{"@type":"Article","@id":"https:\/\/aktialiiga.fi\/miehet\/2013-2014\/ennakot-2013-2014\/dicken-matkaa-karjaalle-keskiviikkona\/#article","isPartOf":{"@id":"https:\/\/aktialiiga.fi\/miehet\/2013-2014\/ennakot-2013-2014\/dicken-matkaa-karjaalle-keskiviikkona\/"},"author":{"name":"tbrmedia","@id":"https:\/\/aktialiiga.fi\/miehet\/#\/schema\/person\/c14bf42f47041db74603c45afcb18d87"},"headline":"Dicken matkaa Karjaalle keskiviikkona","datePublished":"2013-10-22T16:43:00+00:00","dateModified":"2018-04-20T10:03:19+00:00","mainEntityOfPage":{"@id":"https:\/\/aktialiiga.fi\/miehet\/2013-2014\/ennakot-2013-2014\/dicken-matkaa-karjaalle-keskiviikkona\/"},"wordCount":194,"publisher":{"@id":"https:\/\/aktialiiga.fi\/miehet\/#organization"},"image":{"@id":"https:\/\/aktialiiga.fi\/miehet\/2013-2014\/ennakot-2013-2014\/dicken-matkaa-karjaalle-keskiviikkona\/#primaryimage"},"thumbnailUrl":"https:\/\/i0.wp.com\/aktialiiga.fi\/miehet\/wp-content\/uploads\/sites\/5\/2011\/10\/liigalogo-ennakko-e1332704142716.png?fit=105%2C121&ssl=1","keywords":["BK-46","Dicken"],"articleSection":["Ennakot"],"inLanguage":"fi"},{"@type":"WebPage","@id":"https:\/\/aktialiiga.fi\/miehet\/2013-2014\/ennakot-2013-2014\/dicken-matkaa-karjaalle-keskiviikkona\/","url":"https:\/\/aktialiiga.fi\/miehet\/2013-2014\/ennakot-2013-2014\/dicken-matkaa-karjaalle-keskiviikkona\/","name":"Dicken matkaa Karjaalle keskiviikkona | K\u00e4sipallon miesten Aktialiiga","isPartOf":{"@id":"https:\/\/aktialiiga.fi\/miehet\/#website"},"primaryImageOfPage":{"@id":"https:\/\/aktialiiga.fi\/miehet\/2013-2014\/ennakot-2013-2014\/dicken-matkaa-karjaalle-keskiviikkona\/#primaryimage"},"image":{"@id":"https:\/\/aktialiiga.fi\/miehet\/2013-2014\/ennakot-2013-2014\/dicken-matkaa-karjaalle-keskiviikkona\/#primaryimage"},"thumbnailUrl":"https:\/\/i0.wp.com\/aktialiiga.fi\/miehet\/wp-content\/uploads\/sites\/5\/2011\/10\/liigalogo-ennakko-e1332704142716.png?fit=105%2C121&ssl=1","datePublished":"2013-10-22T16:43:00+00:00","dateModified":"2018-04-20T10:03:19+00:00","breadcrumb":{"@id":"https:\/\/aktialiiga.fi\/miehet\/2013-2014\/ennakot-2013-2014\/dicken-matkaa-karjaalle-keskiviikkona\/#breadcrumb"},"inLanguage":"fi","potentialAction":[{"@type":"ReadAction","target":["https:\/\/aktialiiga.fi\/miehet\/2013-2014\/ennakot-2013-2014\/dicken-matkaa-karjaalle-keskiviikkona\/"]}]},{"@type":"ImageObject","inLanguage":"fi","@id":"https:\/\/aktialiiga.fi\/miehet\/2013-2014\/ennakot-2013-2014\/dicken-matkaa-karjaalle-keskiviikkona\/#primaryimage","url":"https:\/\/i0.wp.com\/aktialiiga.fi\/miehet\/wp-content\/uploads\/sites\/5\/2011\/10\/liigalogo-ennakko-e1332704142716.png?fit=105%2C121&ssl=1","contentUrl":"https:\/\/i0.wp.com\/aktialiiga.fi\/miehet\/wp-content\/uploads\/sites\/5\/2011\/10\/liigalogo-ennakko-e1332704142716.png?fit=105%2C121&ssl=1","width":105,"height":121,"caption":"Otteluennakko"},{"@type":"BreadcrumbList","@id":"https:\/\/aktialiiga.fi\/miehet\/2013-2014\/ennakot-2013-2014\/dicken-matkaa-karjaalle-keskiviikkona\/#breadcrumb","itemListElement":[{"@type":"ListItem","position":1,"name":"Etusivu","item":"https:\/\/aktialiiga.fi\/miehet\/"},{"@type":"ListItem","position":2,"name":"Dicken matkaa Karjaalle keskiviikkona"}]},{"@type":"WebSite","@id":"https:\/\/aktialiiga.fi\/miehet\/#website","url":"https:\/\/aktialiiga.fi\/miehet\/","name":"K\u00e4sipallon miesten Aktialiiga","description":"Valtakunnan vauhdikkainta palloilua!","publisher":{"@id":"https:\/\/aktialiiga.fi\/miehet\/#organization"},"potentialAction":[{"@type":"SearchAction","target":{"@type":"EntryPoint","urlTemplate":"https:\/\/aktialiiga.fi\/miehet\/?s={search_term_string}"},"query-input":{"@type":"PropertyValueSpecification","valueRequired":true,"valueName":"search_term_string"}}],"inLanguage":"fi"},{"@type":"Organization","@id":"https:\/\/aktialiiga.fi\/miehet\/#organization","name":"K\u00e4sipallon miesten Aktialiiga","url":"https:\/\/aktialiiga.fi\/miehet\/","logo":{"@type":"ImageObject","inLanguage":"fi","@id":"https:\/\/aktialiiga.fi\/miehet\/#\/schema\/logo\/image\/","url":"https:\/\/i0.wp.com\/aktialiiga.fi\/miehet\/wp-content\/uploads\/sites\/5\/2024\/09\/Aktialiiga-Yoast-512.png?fit=512%2C512&ssl=1","contentUrl":"https:\/\/i0.wp.com\/aktialiiga.fi\/miehet\/wp-content\/uploads\/sites\/5\/2024\/09\/Aktialiiga-Yoast-512.png?fit=512%2C512&ssl=1","width":512,"height":512,"caption":"K\u00e4sipallon miesten Aktialiiga"},"image":{"@id":"https:\/\/aktialiiga.fi\/miehet\/#\/schema\/logo\/image\/"},"sameAs":["https:\/\/www.facebook.com\/finnhandball","https:\/\/x.com\/finnhandball","https:\/\/www.instagram.com\/handballfinland\/"]},{"@type":"Person","@id":"https:\/\/aktialiiga.fi\/miehet\/#\/schema\/person\/c14bf42f47041db74603c45afcb18d87","name":"tbrmedia","image":{"@type":"ImageObject","inLanguage":"fi","@id":"https:\/\/secure.gravatar.com\/avatar\/ee975fa091fe581d12b60debb3439022686618368a7c142044c56724d4666b16?s=96&d=mm&r=g","url":"https:\/\/secure.gravatar.com\/avatar\/ee975fa091fe581d12b60debb3439022686618368a7c142044c56724d4666b16?s=96&d=mm&r=g","contentUrl":"https:\/\/secure.gravatar.com\/avatar\/ee975fa091fe581d12b60debb3439022686618368a7c142044c56724d4666b16?s=96&d=mm&r=g","caption":"tbrmedia"}}]}},"jetpack_featured_media_url":"https:\/\/i0.wp.com\/aktialiiga.fi\/miehet\/wp-content\/uploads\/sites\/5\/2011\/10\/liigalogo-ennakko-e1332704142716.png?fit=105%2C121&ssl=1","jetpack_sharing_enabled":true,"jetpack_shortlink":"https:\/\/wp.me\/pfTxOr-1zX","_links":{"self":[{"href":"https:\/\/aktialiiga.fi\/miehet\/wp-json\/wp\/v2\/posts\/6073","targetHints":{"allow":["GET"]}}],"collection":[{"href":"https:\/\/aktialiiga.fi\/miehet\/wp-json\/wp\/v2\/posts"}],"about":[{"href":"https:\/\/aktialiiga.fi\/miehet\/wp-json\/wp\/v2\/types\/post"}],"author":[{"embeddable":true,"href":"https:\/\/aktialiiga.fi\/miehet\/wp-json\/wp\/v2\/users\/13"}],"replies":[{"embeddable":true,"href":"https:\/\/aktialiiga.fi\/miehet\/wp-json\/wp\/v2\/comments?post=6073"}],"version-history":[{"count":0,"href":"https:\/\/aktialiiga.fi\/miehet\/wp-json\/wp\/v2\/posts\/6073\/revisions"}],"wp:featuredmedia":[{"embeddable":true,"href":"https:\/\/aktialiiga.fi\/miehet\/wp-json\/wp\/v2\/media\/704"}],"wp:attachment":[{"href":"https:\/\/aktialiiga.fi\/miehet\/wp-json\/wp\/v2\/media?parent=6073"}],"wp:term":[{"taxonomy":"category","embeddable":true,"href":"https:\/\/aktialiiga.fi\/miehet\/wp-json\/wp\/v2\/categories?post=6073"},{"taxonomy":"post_tag","embeddable":true,"href":"https:\/\/aktialiiga.fi\/miehet\/wp-json\/wp\/v2\/tags?post=6073"}],"curies":[{"name":"wp","href":"https:\/\/api.w.org\/{rel}","templated":true}]}}