{"id":60784,"date":"2024-09-10T09:58:05","date_gmt":"2024-09-10T06:58:05","guid":{"rendered":"https:\/\/aktialiiga.fi\/miehet\/?p=60784"},"modified":"2024-09-10T09:58:05","modified_gmt":"2024-09-10T06:58:05","slug":"aifk-kauteen-nuorella-ja-sitoutuneella-joukkueella","status":"publish","type":"post","link":"https:\/\/aktialiiga.fi\/miehet\/ajankohtaista\/aifk-kauteen-nuorella-ja-sitoutuneella-joukkueella\/","title":{"rendered":"\u00c5IFK kauteen nuorella ja sitoutuneella joukkueella"},"content":{"rendered":"<p>\u00c5IFK:n miesten Aktialiigajoukkue l\u00e4htee kauteen joukkueella, jonka rakennus on oman pitk\u00e4j\u00e4nteisen juniorty\u00f6n tulosta.<\/p>\n<p>P\u00e4\u00e4valmentaja Aku Kuusiston luotsaamassa kokoonpanossa on 19 pelaaja, joiden kanssa on solmittu sopimus kuluvasta kaudesta ja n\u00e4iden joukossa on viisi naapuriseura Pargas IF:n yhteisty\u00f6pelaajaa, joille \u00c5IFK tarjoaa ponnahduslaudan liigapeleihin. Lis\u00e4ksi ringiss\u00e4 on mukana viisi A-juniori ik\u00e4ist\u00e4, jotka kamppailevat paikasta liigajoukkueeseen. Yli puolet pelaajista on my\u00f6s sopinut optioista tai sopimuksista jatkokausille.<\/p>\n<p>T\u00e4ll\u00e4 hetkell\u00e4 neuvotteluja k\u00e4yd\u00e4\u00e4n my\u00f6s muutaman kokeneemman vahvistuksen kanssa.<\/p>\n<p>&#8211; Kolme t\u00e4rke\u00e4\u00e4 pelaajaa l\u00e4hti viime kauden p\u00e4\u00e4tteeksi eteenp\u00e4in ja paikkaajat kasvatetaan omasta ringist\u00e4, joka on samaan aikaan junioriseuralle hienoa, mutta valmennukselle \u00e4\u00e4rimm\u00e4isen haastavaa. Alueelta tuotetaan yhteisty\u00f6seuran kanssa jatkuvasti nuoria urheilijanalkuja, joille t\u00e4m\u00e4 ymp\u00e4rist\u00f6 on ensimm\u00e4isi\u00e4 kokemuksia aikuisten kilpaurheilusta.<\/p>\n<p>&#8211; Kokeneempia pelaajia saisi olla mukana enemm\u00e4nkin tekem\u00e4ss\u00e4 lajin kilpaurheilup\u00e4\u00e4t\u00e4 pidemm\u00e4lle ty\u00f6uralleen, mutta nuorille toimimme jo hyv\u00e4n\u00e4 ponnahduslautana eteenp\u00e4in niin kotimaassa kuin ulkomaisessa yhteisty\u00f6ss\u00e4, Kuusisto tuumailee.<\/p>\n<p>\u00c5bo IFK:n miehet aloittivat kilpailukauden kaatamalla Atlaksen Suomen Cupin ensimm\u00e4isell\u00e4 kierroksella. Tulevana perjantaina 13.9. kello 19.00 ja lauantaina 14.9. kello 15.00 pelataan Aktialiigaa Samppalinnassa. Mestaruussarjan avaavan tuplaviikonlopun vastustajaksi saapuu sisarseura GrIFK Kauniaisista.<\/p>\n<p>&#8211; Perjantaina alkavalle kaudelle meill\u00e4 on kasassa j\u00e4lleen hyvin paikallinen ja sis\u00e4isesti kilpaileva ryhm\u00e4, joka takuulla kiinnostaa my\u00f6s paikallisyleis\u00f6\u00e4. Harjoituksissa nuori ryhm\u00e4 pit\u00e4\u00e4 l\u00e4hes pyyt\u00e4m\u00e4tt\u00e4kin korkeaa moraalia yll\u00e4 ja tied\u00e4n, ett\u00e4 kauden aikana se palkitaan hyvin\u00e4 n\u00e4ytt\u00f6in\u00e4 pelikent\u00e4ll\u00e4 niin yksil\u00f6in\u00e4 kuin joukkueenakin, kertoo Kuusisto.<\/p>\n<p>Kauden avausta varten seura uudisti lippuhinnoittelunsa, tarkoituksena tehd\u00e4 k\u00e4sipallosta tunnetumpi laji Turussa sek\u00e4 saada lis\u00e4\u00e4 lajia ensi kertaa kokevia katsojia otteluihin. Alle 12-vuotiaat lapset p\u00e4\u00e4sev\u00e4t koko kauden ajan ilmaiseksi otteluihin ja nuoret puolella hinnalla aina 17 ik\u00e4vuoteen asti. Lis\u00e4ksi lapset ja nuoret p\u00e4\u00e4sev\u00e4t my\u00f6s ilmaiseksi kokeilemaan k\u00e4sipalloa, kun kaikissa seuran juniorijoukkueissa voi kokeilla k\u00e4sipalloa 4 viikkoa maksutta ja ilman sitoumuksia milloin tahansa!.<\/p>\n<p>&#8211; Haluamme madaltaa kynnyst\u00e4 kaikkialla miss\u00e4 voimme ja nostaa k\u00e4sipalloilun kaikkien tietoisuuteen saavutettavana ja edullisena lajina. Haluamme olla hyv\u00e4 kasvattajaseura ja siksi meille on t\u00e4rke\u00e4\u00e4, ett\u00e4 k\u00e4sipalloilun pariin ja osaksi seuraamme p\u00e4\u00e4see mahdollisimman helposti, kertoo \u00c4IFK:n puheenjohtaja Patrick Nystr\u00f6m.<\/p>\n","protected":false},"excerpt":{"rendered":"<p>\u00c5IFK:n miesten Aktialiigajoukkue l\u00e4htee kauteen joukkueella, jonka rakennus on oman pitk\u00e4j\u00e4nteisen juniorty\u00f6n tulosta. P\u00e4\u00e4valmentaja Aku Kuusiston luotsaamassa kokoonpanossa on 19 pelaaja, joiden kanssa on solmittu sopimus kuluvasta kaudesta ja n\u00e4iden joukossa on viisi naapuriseura Pargas IF:n yhteisty\u00f6pelaajaa, joille \u00c5IFK tarjoaa ponnahduslaudan liigapeleihin. Lis\u00e4ksi ringiss\u00e4 on mukana viisi A-juniori ik\u00e4ist\u00e4, jotka kamppailevat paikasta liigajoukkueeseen. Yli puolet [&hellip;]<\/p>\n","protected":false},"author":13,"featured_media":45313,"comment_status":"closed","ping_status":"closed","sticky":false,"template":"","format":"standard","meta":{"_acf_changed":false,"jetpack_post_was_ever_published":false,"_jetpack_newsletter_access":"","_jetpack_dont_email_post_to_subs":false,"_jetpack_newsletter_tier_id":0,"_jetpack_memberships_contains_paywalled_content":false,"_jetpack_memberships_contains_paid_content":false,"footnotes":""},"categories":[2],"tags":[50],"class_list":["post-60784","post","type-post","status-publish","format-standard","has-post-thumbnail","hentry","category-ajankohtaista","tag-aifk"],"acf":[],"yoast_head":"<!-- This site is optimized with the Yoast SEO plugin v27.5 - https:\/\/yoast.com\/product\/yoast-seo-wordpress\/ -->\n<title>\u00c5IFK kauteen nuorella ja sitoutuneella joukkueella | K\u00e4sipallon miesten Aktialiiga<\/title>\n<meta name=\"robots\" content=\"index, follow, max-snippet:-1, max-image-preview:large, max-video-preview:-1\" \/>\n<link rel=\"canonical\" href=\"https:\/\/aktialiiga.fi\/miehet\/ajankohtaista\/aifk-kauteen-nuorella-ja-sitoutuneella-joukkueella\/\" \/>\n<meta property=\"og:locale\" content=\"fi_FI\" \/>\n<meta property=\"og:type\" content=\"article\" \/>\n<meta property=\"og:title\" content=\"\u00c5IFK kauteen nuorella ja sitoutuneella joukkueella | K\u00e4sipallon miesten Aktialiiga\" \/>\n<meta property=\"og:description\" content=\"\u00c5IFK:n miesten Aktialiigajoukkue l\u00e4htee kauteen joukkueella, jonka rakennus on oman pitk\u00e4j\u00e4nteisen juniorty\u00f6n tulosta. P\u00e4\u00e4valmentaja Aku Kuusiston luotsaamassa kokoonpanossa on 19 pelaaja, joiden kanssa on solmittu sopimus kuluvasta kaudesta ja n\u00e4iden joukossa on viisi naapuriseura Pargas IF:n yhteisty\u00f6pelaajaa, joille \u00c5IFK tarjoaa ponnahduslaudan liigapeleihin. Lis\u00e4ksi ringiss\u00e4 on mukana viisi A-juniori ik\u00e4ist\u00e4, jotka kamppailevat paikasta liigajoukkueeseen. Yli puolet [&hellip;]\" \/>\n<meta property=\"og:url\" content=\"https:\/\/aktialiiga.fi\/miehet\/ajankohtaista\/aifk-kauteen-nuorella-ja-sitoutuneella-joukkueella\/\" \/>\n<meta property=\"og:site_name\" content=\"K\u00e4sipallon miesten Aktialiiga\" \/>\n<meta property=\"article:publisher\" content=\"https:\/\/www.facebook.com\/finnhandball\" \/>\n<meta property=\"article:published_time\" content=\"2024-09-10T06:58:05+00:00\" \/>\n<meta property=\"og:image\" content=\"https:\/\/i0.wp.com\/aktialiiga.fi\/miehet\/wp-content\/uploads\/sites\/5\/2023\/11\/AIFK_Kuusisto_Aku_2324_Robert_Lemberg-scaled.jpg?fit=2560%2C1134&ssl=1\" \/>\n\t<meta property=\"og:image:width\" content=\"2560\" \/>\n\t<meta property=\"og:image:height\" content=\"1134\" \/>\n\t<meta property=\"og:image:type\" content=\"image\/jpeg\" \/>\n<meta name=\"author\" content=\"tbrmedia\" \/>\n<meta name=\"twitter:card\" content=\"summary_large_image\" \/>\n<meta name=\"twitter:creator\" content=\"@finnhandball\" \/>\n<meta name=\"twitter:site\" content=\"@finnhandball\" \/>\n<script type=\"application\/ld+json\" class=\"yoast-schema-graph\">{\"@context\":\"https:\\\/\\\/schema.org\",\"@graph\":[{\"@type\":\"Article\",\"@id\":\"https:\\\/\\\/aktialiiga.fi\\\/miehet\\\/ajankohtaista\\\/aifk-kauteen-nuorella-ja-sitoutuneella-joukkueella\\\/#article\",\"isPartOf\":{\"@id\":\"https:\\\/\\\/aktialiiga.fi\\\/miehet\\\/ajankohtaista\\\/aifk-kauteen-nuorella-ja-sitoutuneella-joukkueella\\\/\"},\"author\":{\"name\":\"tbrmedia\",\"@id\":\"https:\\\/\\\/aktialiiga.fi\\\/miehet\\\/#\\\/schema\\\/person\\\/c14bf42f47041db74603c45afcb18d87\"},\"headline\":\"\u00c5IFK kauteen nuorella ja sitoutuneella joukkueella\",\"datePublished\":\"2024-09-10T06:58:05+00:00\",\"mainEntityOfPage\":{\"@id\":\"https:\\\/\\\/aktialiiga.fi\\\/miehet\\\/ajankohtaista\\\/aifk-kauteen-nuorella-ja-sitoutuneella-joukkueella\\\/\"},\"wordCount\":376,\"publisher\":{\"@id\":\"https:\\\/\\\/aktialiiga.fi\\\/miehet\\\/#organization\"},\"image\":{\"@id\":\"https:\\\/\\\/aktialiiga.fi\\\/miehet\\\/ajankohtaista\\\/aifk-kauteen-nuorella-ja-sitoutuneella-joukkueella\\\/#primaryimage\"},\"thumbnailUrl\":\"https:\\\/\\\/i0.wp.com\\\/aktialiiga.fi\\\/miehet\\\/wp-content\\\/uploads\\\/sites\\\/5\\\/2023\\\/11\\\/AIFK_Kuusisto_Aku_2324_Robert_Lemberg-scaled.jpg?fit=2560%2C1134&ssl=1\",\"keywords\":[\"\u00c5IFK\"],\"articleSection\":[\"Ajankohtaista\"],\"inLanguage\":\"fi\"},{\"@type\":\"WebPage\",\"@id\":\"https:\\\/\\\/aktialiiga.fi\\\/miehet\\\/ajankohtaista\\\/aifk-kauteen-nuorella-ja-sitoutuneella-joukkueella\\\/\",\"url\":\"https:\\\/\\\/aktialiiga.fi\\\/miehet\\\/ajankohtaista\\\/aifk-kauteen-nuorella-ja-sitoutuneella-joukkueella\\\/\",\"name\":\"\u00c5IFK kauteen nuorella ja sitoutuneella joukkueella | K\u00e4sipallon miesten Aktialiiga\",\"isPartOf\":{\"@id\":\"https:\\\/\\\/aktialiiga.fi\\\/miehet\\\/#website\"},\"primaryImageOfPage\":{\"@id\":\"https:\\\/\\\/aktialiiga.fi\\\/miehet\\\/ajankohtaista\\\/aifk-kauteen-nuorella-ja-sitoutuneella-joukkueella\\\/#primaryimage\"},\"image\":{\"@id\":\"https:\\\/\\\/aktialiiga.fi\\\/miehet\\\/ajankohtaista\\\/aifk-kauteen-nuorella-ja-sitoutuneella-joukkueella\\\/#primaryimage\"},\"thumbnailUrl\":\"https:\\\/\\\/i0.wp.com\\\/aktialiiga.fi\\\/miehet\\\/wp-content\\\/uploads\\\/sites\\\/5\\\/2023\\\/11\\\/AIFK_Kuusisto_Aku_2324_Robert_Lemberg-scaled.jpg?fit=2560%2C1134&ssl=1\",\"datePublished\":\"2024-09-10T06:58:05+00:00\",\"breadcrumb\":{\"@id\":\"https:\\\/\\\/aktialiiga.fi\\\/miehet\\\/ajankohtaista\\\/aifk-kauteen-nuorella-ja-sitoutuneella-joukkueella\\\/#breadcrumb\"},\"inLanguage\":\"fi\",\"potentialAction\":[{\"@type\":\"ReadAction\",\"target\":[\"https:\\\/\\\/aktialiiga.fi\\\/miehet\\\/ajankohtaista\\\/aifk-kauteen-nuorella-ja-sitoutuneella-joukkueella\\\/\"]}]},{\"@type\":\"ImageObject\",\"inLanguage\":\"fi\",\"@id\":\"https:\\\/\\\/aktialiiga.fi\\\/miehet\\\/ajankohtaista\\\/aifk-kauteen-nuorella-ja-sitoutuneella-joukkueella\\\/#primaryimage\",\"url\":\"https:\\\/\\\/i0.wp.com\\\/aktialiiga.fi\\\/miehet\\\/wp-content\\\/uploads\\\/sites\\\/5\\\/2023\\\/11\\\/AIFK_Kuusisto_Aku_2324_Robert_Lemberg-scaled.jpg?fit=2560%2C1134&ssl=1\",\"contentUrl\":\"https:\\\/\\\/i0.wp.com\\\/aktialiiga.fi\\\/miehet\\\/wp-content\\\/uploads\\\/sites\\\/5\\\/2023\\\/11\\\/AIFK_Kuusisto_Aku_2324_Robert_Lemberg-scaled.jpg?fit=2560%2C1134&ssl=1\",\"width\":2560,\"height\":1134},{\"@type\":\"BreadcrumbList\",\"@id\":\"https:\\\/\\\/aktialiiga.fi\\\/miehet\\\/ajankohtaista\\\/aifk-kauteen-nuorella-ja-sitoutuneella-joukkueella\\\/#breadcrumb\",\"itemListElement\":[{\"@type\":\"ListItem\",\"position\":1,\"name\":\"Etusivu\",\"item\":\"https:\\\/\\\/aktialiiga.fi\\\/miehet\\\/\"},{\"@type\":\"ListItem\",\"position\":2,\"name\":\"\u00c5IFK kauteen nuorella ja sitoutuneella joukkueella\"}]},{\"@type\":\"WebSite\",\"@id\":\"https:\\\/\\\/aktialiiga.fi\\\/miehet\\\/#website\",\"url\":\"https:\\\/\\\/aktialiiga.fi\\\/miehet\\\/\",\"name\":\"K\u00e4sipallon miesten Aktialiiga\",\"description\":\"Valtakunnan vauhdikkainta palloilua!\",\"publisher\":{\"@id\":\"https:\\\/\\\/aktialiiga.fi\\\/miehet\\\/#organization\"},\"potentialAction\":[{\"@type\":\"SearchAction\",\"target\":{\"@type\":\"EntryPoint\",\"urlTemplate\":\"https:\\\/\\\/aktialiiga.fi\\\/miehet\\\/?s={search_term_string}\"},\"query-input\":{\"@type\":\"PropertyValueSpecification\",\"valueRequired\":true,\"valueName\":\"search_term_string\"}}],\"inLanguage\":\"fi\"},{\"@type\":\"Organization\",\"@id\":\"https:\\\/\\\/aktialiiga.fi\\\/miehet\\\/#organization\",\"name\":\"K\u00e4sipallon miesten Aktialiiga\",\"url\":\"https:\\\/\\\/aktialiiga.fi\\\/miehet\\\/\",\"logo\":{\"@type\":\"ImageObject\",\"inLanguage\":\"fi\",\"@id\":\"https:\\\/\\\/aktialiiga.fi\\\/miehet\\\/#\\\/schema\\\/logo\\\/image\\\/\",\"url\":\"https:\\\/\\\/i0.wp.com\\\/aktialiiga.fi\\\/miehet\\\/wp-content\\\/uploads\\\/sites\\\/5\\\/2024\\\/09\\\/Aktialiiga-Yoast-512.png?fit=512%2C512&ssl=1\",\"contentUrl\":\"https:\\\/\\\/i0.wp.com\\\/aktialiiga.fi\\\/miehet\\\/wp-content\\\/uploads\\\/sites\\\/5\\\/2024\\\/09\\\/Aktialiiga-Yoast-512.png?fit=512%2C512&ssl=1\",\"width\":512,\"height\":512,\"caption\":\"K\u00e4sipallon miesten Aktialiiga\"},\"image\":{\"@id\":\"https:\\\/\\\/aktialiiga.fi\\\/miehet\\\/#\\\/schema\\\/logo\\\/image\\\/\"},\"sameAs\":[\"https:\\\/\\\/www.facebook.com\\\/finnhandball\",\"https:\\\/\\\/x.com\\\/finnhandball\",\"https:\\\/\\\/www.instagram.com\\\/handballfinland\\\/\"]},{\"@type\":\"Person\",\"@id\":\"https:\\\/\\\/aktialiiga.fi\\\/miehet\\\/#\\\/schema\\\/person\\\/c14bf42f47041db74603c45afcb18d87\",\"name\":\"tbrmedia\",\"image\":{\"@type\":\"ImageObject\",\"inLanguage\":\"fi\",\"@id\":\"https:\\\/\\\/secure.gravatar.com\\\/avatar\\\/ee975fa091fe581d12b60debb3439022686618368a7c142044c56724d4666b16?s=96&d=mm&r=g\",\"url\":\"https:\\\/\\\/secure.gravatar.com\\\/avatar\\\/ee975fa091fe581d12b60debb3439022686618368a7c142044c56724d4666b16?s=96&d=mm&r=g\",\"contentUrl\":\"https:\\\/\\\/secure.gravatar.com\\\/avatar\\\/ee975fa091fe581d12b60debb3439022686618368a7c142044c56724d4666b16?s=96&d=mm&r=g\",\"caption\":\"tbrmedia\"}}]}<\/script>\n<!-- \/ Yoast SEO plugin. -->","yoast_head_json":{"title":"\u00c5IFK kauteen nuorella ja sitoutuneella joukkueella | K\u00e4sipallon miesten Aktialiiga","robots":{"index":"index","follow":"follow","max-snippet":"max-snippet:-1","max-image-preview":"max-image-preview:large","max-video-preview":"max-video-preview:-1"},"canonical":"https:\/\/aktialiiga.fi\/miehet\/ajankohtaista\/aifk-kauteen-nuorella-ja-sitoutuneella-joukkueella\/","og_locale":"fi_FI","og_type":"article","og_title":"\u00c5IFK kauteen nuorella ja sitoutuneella joukkueella | K\u00e4sipallon miesten Aktialiiga","og_description":"\u00c5IFK:n miesten Aktialiigajoukkue l\u00e4htee kauteen joukkueella, jonka rakennus on oman pitk\u00e4j\u00e4nteisen juniorty\u00f6n tulosta. P\u00e4\u00e4valmentaja Aku Kuusiston luotsaamassa kokoonpanossa on 19 pelaaja, joiden kanssa on solmittu sopimus kuluvasta kaudesta ja n\u00e4iden joukossa on viisi naapuriseura Pargas IF:n yhteisty\u00f6pelaajaa, joille \u00c5IFK tarjoaa ponnahduslaudan liigapeleihin. Lis\u00e4ksi ringiss\u00e4 on mukana viisi A-juniori ik\u00e4ist\u00e4, jotka kamppailevat paikasta liigajoukkueeseen. Yli puolet [&hellip;]","og_url":"https:\/\/aktialiiga.fi\/miehet\/ajankohtaista\/aifk-kauteen-nuorella-ja-sitoutuneella-joukkueella\/","og_site_name":"K\u00e4sipallon miesten Aktialiiga","article_publisher":"https:\/\/www.facebook.com\/finnhandball","article_published_time":"2024-09-10T06:58:05+00:00","og_image":[{"width":2560,"height":1134,"url":"https:\/\/i0.wp.com\/aktialiiga.fi\/miehet\/wp-content\/uploads\/sites\/5\/2023\/11\/AIFK_Kuusisto_Aku_2324_Robert_Lemberg-scaled.jpg?fit=2560%2C1134&ssl=1","type":"image\/jpeg"}],"author":"tbrmedia","twitter_card":"summary_large_image","twitter_creator":"@finnhandball","twitter_site":"@finnhandball","schema":{"@context":"https:\/\/schema.org","@graph":[{"@type":"Article","@id":"https:\/\/aktialiiga.fi\/miehet\/ajankohtaista\/aifk-kauteen-nuorella-ja-sitoutuneella-joukkueella\/#article","isPartOf":{"@id":"https:\/\/aktialiiga.fi\/miehet\/ajankohtaista\/aifk-kauteen-nuorella-ja-sitoutuneella-joukkueella\/"},"author":{"name":"tbrmedia","@id":"https:\/\/aktialiiga.fi\/miehet\/#\/schema\/person\/c14bf42f47041db74603c45afcb18d87"},"headline":"\u00c5IFK kauteen nuorella ja sitoutuneella joukkueella","datePublished":"2024-09-10T06:58:05+00:00","mainEntityOfPage":{"@id":"https:\/\/aktialiiga.fi\/miehet\/ajankohtaista\/aifk-kauteen-nuorella-ja-sitoutuneella-joukkueella\/"},"wordCount":376,"publisher":{"@id":"https:\/\/aktialiiga.fi\/miehet\/#organization"},"image":{"@id":"https:\/\/aktialiiga.fi\/miehet\/ajankohtaista\/aifk-kauteen-nuorella-ja-sitoutuneella-joukkueella\/#primaryimage"},"thumbnailUrl":"https:\/\/i0.wp.com\/aktialiiga.fi\/miehet\/wp-content\/uploads\/sites\/5\/2023\/11\/AIFK_Kuusisto_Aku_2324_Robert_Lemberg-scaled.jpg?fit=2560%2C1134&ssl=1","keywords":["\u00c5IFK"],"articleSection":["Ajankohtaista"],"inLanguage":"fi"},{"@type":"WebPage","@id":"https:\/\/aktialiiga.fi\/miehet\/ajankohtaista\/aifk-kauteen-nuorella-ja-sitoutuneella-joukkueella\/","url":"https:\/\/aktialiiga.fi\/miehet\/ajankohtaista\/aifk-kauteen-nuorella-ja-sitoutuneella-joukkueella\/","name":"\u00c5IFK kauteen nuorella ja sitoutuneella joukkueella | K\u00e4sipallon miesten Aktialiiga","isPartOf":{"@id":"https:\/\/aktialiiga.fi\/miehet\/#website"},"primaryImageOfPage":{"@id":"https:\/\/aktialiiga.fi\/miehet\/ajankohtaista\/aifk-kauteen-nuorella-ja-sitoutuneella-joukkueella\/#primaryimage"},"image":{"@id":"https:\/\/aktialiiga.fi\/miehet\/ajankohtaista\/aifk-kauteen-nuorella-ja-sitoutuneella-joukkueella\/#primaryimage"},"thumbnailUrl":"https:\/\/i0.wp.com\/aktialiiga.fi\/miehet\/wp-content\/uploads\/sites\/5\/2023\/11\/AIFK_Kuusisto_Aku_2324_Robert_Lemberg-scaled.jpg?fit=2560%2C1134&ssl=1","datePublished":"2024-09-10T06:58:05+00:00","breadcrumb":{"@id":"https:\/\/aktialiiga.fi\/miehet\/ajankohtaista\/aifk-kauteen-nuorella-ja-sitoutuneella-joukkueella\/#breadcrumb"},"inLanguage":"fi","potentialAction":[{"@type":"ReadAction","target":["https:\/\/aktialiiga.fi\/miehet\/ajankohtaista\/aifk-kauteen-nuorella-ja-sitoutuneella-joukkueella\/"]}]},{"@type":"ImageObject","inLanguage":"fi","@id":"https:\/\/aktialiiga.fi\/miehet\/ajankohtaista\/aifk-kauteen-nuorella-ja-sitoutuneella-joukkueella\/#primaryimage","url":"https:\/\/i0.wp.com\/aktialiiga.fi\/miehet\/wp-content\/uploads\/sites\/5\/2023\/11\/AIFK_Kuusisto_Aku_2324_Robert_Lemberg-scaled.jpg?fit=2560%2C1134&ssl=1","contentUrl":"https:\/\/i0.wp.com\/aktialiiga.fi\/miehet\/wp-content\/uploads\/sites\/5\/2023\/11\/AIFK_Kuusisto_Aku_2324_Robert_Lemberg-scaled.jpg?fit=2560%2C1134&ssl=1","width":2560,"height":1134},{"@type":"BreadcrumbList","@id":"https:\/\/aktialiiga.fi\/miehet\/ajankohtaista\/aifk-kauteen-nuorella-ja-sitoutuneella-joukkueella\/#breadcrumb","itemListElement":[{"@type":"ListItem","position":1,"name":"Etusivu","item":"https:\/\/aktialiiga.fi\/miehet\/"},{"@type":"ListItem","position":2,"name":"\u00c5IFK kauteen nuorella ja sitoutuneella joukkueella"}]},{"@type":"WebSite","@id":"https:\/\/aktialiiga.fi\/miehet\/#website","url":"https:\/\/aktialiiga.fi\/miehet\/","name":"K\u00e4sipallon miesten Aktialiiga","description":"Valtakunnan vauhdikkainta palloilua!","publisher":{"@id":"https:\/\/aktialiiga.fi\/miehet\/#organization"},"potentialAction":[{"@type":"SearchAction","target":{"@type":"EntryPoint","urlTemplate":"https:\/\/aktialiiga.fi\/miehet\/?s={search_term_string}"},"query-input":{"@type":"PropertyValueSpecification","valueRequired":true,"valueName":"search_term_string"}}],"inLanguage":"fi"},{"@type":"Organization","@id":"https:\/\/aktialiiga.fi\/miehet\/#organization","name":"K\u00e4sipallon miesten Aktialiiga","url":"https:\/\/aktialiiga.fi\/miehet\/","logo":{"@type":"ImageObject","inLanguage":"fi","@id":"https:\/\/aktialiiga.fi\/miehet\/#\/schema\/logo\/image\/","url":"https:\/\/i0.wp.com\/aktialiiga.fi\/miehet\/wp-content\/uploads\/sites\/5\/2024\/09\/Aktialiiga-Yoast-512.png?fit=512%2C512&ssl=1","contentUrl":"https:\/\/i0.wp.com\/aktialiiga.fi\/miehet\/wp-content\/uploads\/sites\/5\/2024\/09\/Aktialiiga-Yoast-512.png?fit=512%2C512&ssl=1","width":512,"height":512,"caption":"K\u00e4sipallon miesten Aktialiiga"},"image":{"@id":"https:\/\/aktialiiga.fi\/miehet\/#\/schema\/logo\/image\/"},"sameAs":["https:\/\/www.facebook.com\/finnhandball","https:\/\/x.com\/finnhandball","https:\/\/www.instagram.com\/handballfinland\/"]},{"@type":"Person","@id":"https:\/\/aktialiiga.fi\/miehet\/#\/schema\/person\/c14bf42f47041db74603c45afcb18d87","name":"tbrmedia","image":{"@type":"ImageObject","inLanguage":"fi","@id":"https:\/\/secure.gravatar.com\/avatar\/ee975fa091fe581d12b60debb3439022686618368a7c142044c56724d4666b16?s=96&d=mm&r=g","url":"https:\/\/secure.gravatar.com\/avatar\/ee975fa091fe581d12b60debb3439022686618368a7c142044c56724d4666b16?s=96&d=mm&r=g","contentUrl":"https:\/\/secure.gravatar.com\/avatar\/ee975fa091fe581d12b60debb3439022686618368a7c142044c56724d4666b16?s=96&d=mm&r=g","caption":"tbrmedia"}}]}},"jetpack_featured_media_url":"https:\/\/i0.wp.com\/aktialiiga.fi\/miehet\/wp-content\/uploads\/sites\/5\/2023\/11\/AIFK_Kuusisto_Aku_2324_Robert_Lemberg-scaled.jpg?fit=2560%2C1134&ssl=1","jetpack_sharing_enabled":true,"jetpack_shortlink":"https:\/\/wp.me\/pfTxOr-fOo","_links":{"self":[{"href":"https:\/\/aktialiiga.fi\/miehet\/wp-json\/wp\/v2\/posts\/60784","targetHints":{"allow":["GET"]}}],"collection":[{"href":"https:\/\/aktialiiga.fi\/miehet\/wp-json\/wp\/v2\/posts"}],"about":[{"href":"https:\/\/aktialiiga.fi\/miehet\/wp-json\/wp\/v2\/types\/post"}],"author":[{"embeddable":true,"href":"https:\/\/aktialiiga.fi\/miehet\/wp-json\/wp\/v2\/users\/13"}],"replies":[{"embeddable":true,"href":"https:\/\/aktialiiga.fi\/miehet\/wp-json\/wp\/v2\/comments?post=60784"}],"version-history":[{"count":2,"href":"https:\/\/aktialiiga.fi\/miehet\/wp-json\/wp\/v2\/posts\/60784\/revisions"}],"predecessor-version":[{"id":60786,"href":"https:\/\/aktialiiga.fi\/miehet\/wp-json\/wp\/v2\/posts\/60784\/revisions\/60786"}],"wp:featuredmedia":[{"embeddable":true,"href":"https:\/\/aktialiiga.fi\/miehet\/wp-json\/wp\/v2\/media\/45313"}],"wp:attachment":[{"href":"https:\/\/aktialiiga.fi\/miehet\/wp-json\/wp\/v2\/media?parent=60784"}],"wp:term":[{"taxonomy":"category","embeddable":true,"href":"https:\/\/aktialiiga.fi\/miehet\/wp-json\/wp\/v2\/categories?post=60784"},{"taxonomy":"post_tag","embeddable":true,"href":"https:\/\/aktialiiga.fi\/miehet\/wp-json\/wp\/v2\/tags?post=60784"}],"curies":[{"name":"wp","href":"https:\/\/api.w.org\/{rel}","templated":true}]}}