{"id":60833,"date":"2024-09-12T14:16:40","date_gmt":"2024-09-12T11:16:40","guid":{"rendered":"https:\/\/aktialiiga.fi\/miehet\/?p=60833"},"modified":"2024-09-12T15:05:20","modified_gmt":"2024-09-12T12:05:20","slug":"kohti-kautta-aifk-9","status":"publish","type":"post","link":"https:\/\/aktialiiga.fi\/miehet\/2024-2025\/kohti-kautta-2024-25\/kohti-kautta-aifk-9\/","title":{"rendered":"Kohti kautta: \u00c5IFK"},"content":{"rendered":"<p>Viime kaudella seitsem\u00e4nneksi j\u00e4\u00e4nyt \u00c5IFK l\u00e4htee j\u00e4lleen alkavaan kauteen nuorella ja n\u00e4lk\u00e4isell\u00e4 joukkueella.<\/p>\n<p>Aku Kuusiston valmennuksessa jatkava turkulaisryhm\u00e4 on nostanut omia junioreitaan mukaan rinkiin, jota levent\u00e4v\u00e4t osaltaan yhteisty\u00f6seura PIF:n pelaajat.<\/p>\n<p>&#8211; Odottavat tunnelmat, odotan uusien pelaajien nousevan taas vastuunkantajan asemaan ja n\u00e4ytt\u00e4m\u00e4\u00e4n liigatason otteita, Kuusisto kertoo.<\/p>\n<p>&#8211; Touko-hein\u00e4kuu meni hyvin, saatiin treenattua kovaa ja isolla porukalla jo alkukes\u00e4st\u00e4. Hein\u00e4-elokuun jaksoja ovat rytmitt\u00e4neet juniorimaajoukkueiden ohjelmat. Elokuussa saatu toistaiseksi hieman liian v\u00e4h\u00e4n yhteist\u00e4 aikaa M18-maajoukkueen ohjelman ja flunssa-aaltojen keskell\u00e4. Yhteiset tunnit t\u00e4ss\u00e4 alkukaudesta kuitenkin takuulla t\u00e4yteen saadaan.<\/p>\n<p>Kuusisto laskeekin \u00c5IFK:n suhteellisen laajan ringin vahvuudeksi. Harjoituksissa pystyt\u00e4\u00e4n vet\u00e4m\u00e4\u00e4n monipuolisesti ja samalla kilpailutilanne peliajasta vie yksil\u00f6it\u00e4 eteenp\u00e4in.<\/p>\n<p>&#8211; Kilpailutilanne harjoituskent\u00e4ll\u00e4 on suurin vahvuutemme, meill\u00e4 on isokokoinen rinki peliajasta kilpailevia nuoria. Treenikent\u00e4ll\u00e4 intensiteetti on ja t\u00e4ytyy olla korkea, jotta kehitymme.<\/p>\n<p>&#8211; Kolikon toisella puolen on sitten rutiinin puute, nuorella porukalla suoritustason nosto junnupeleist\u00e4 liigaan ottaa aikansa, Kuusisto arvioi.<\/p>\n<p>Rimaa viime kaudesta Kuusisto haluaa joka tapauksessa nostaa.<\/p>\n<p>&#8211; Tavoitteena ovat pudotuspelit, n\u00e4in pieness\u00e4 sarjassa pudotuspelit t\u00e4ytyy olla ainoa tavoite. Kun saamme rattaat py\u00f6rim\u00e4\u00e4n oikeaan suuntaan ja itseluottamuksen yl\u00f6s, niin voimme olla vahva haastaja.<\/p>\n<p><a href=\"https:\/\/aktialiiga.fi\/miehet\/joukkueet-2024-25\/aifk-turku\/\">\u00c5IFK:n joukkuesivut &gt;&gt;<\/a><\/p>\n","protected":false},"excerpt":{"rendered":"<p>Viime kaudella seitsem\u00e4nneksi j\u00e4\u00e4nyt \u00c5IFK l\u00e4htee j\u00e4lleen alkavaan kauteen nuorella ja n\u00e4lk\u00e4isell\u00e4 joukkueella. Aku Kuusiston valmennuksessa jatkava turkulaisryhm\u00e4 on nostanut omia junioreitaan mukaan rinkiin, jota levent\u00e4v\u00e4t osaltaan yhteisty\u00f6seura PIF:n pelaajat. &#8211; Odottavat tunnelmat, odotan uusien pelaajien nousevan taas vastuunkantajan asemaan ja n\u00e4ytt\u00e4m\u00e4\u00e4n liigatason otteita, Kuusisto kertoo. &#8211; Touko-hein\u00e4kuu meni hyvin, saatiin treenattua kovaa ja isolla [&hellip;]<\/p>\n","protected":false},"author":13,"featured_media":43266,"comment_status":"closed","ping_status":"closed","sticky":false,"template":"","format":"standard","meta":{"_acf_changed":false,"jetpack_post_was_ever_published":false,"_jetpack_newsletter_access":"","_jetpack_dont_email_post_to_subs":false,"_jetpack_newsletter_tier_id":0,"_jetpack_memberships_contains_paywalled_content":false,"_jetpack_memberships_contains_paid_content":false,"footnotes":""},"categories":[319],"tags":[50],"class_list":["post-60833","post","type-post","status-publish","format-standard","has-post-thumbnail","hentry","category-kohti-kautta-2024-25","tag-aifk"],"acf":[],"yoast_head":"<!-- This site is optimized with the Yoast SEO plugin v27.5 - https:\/\/yoast.com\/product\/yoast-seo-wordpress\/ -->\n<title>Kohti kautta: \u00c5IFK | K\u00e4sipallon miesten Aktialiiga<\/title>\n<meta name=\"robots\" content=\"index, follow, max-snippet:-1, max-image-preview:large, max-video-preview:-1\" \/>\n<link rel=\"canonical\" href=\"https:\/\/aktialiiga.fi\/miehet\/2024-2025\/kohti-kautta-2024-25\/kohti-kautta-aifk-9\/\" \/>\n<meta property=\"og:locale\" content=\"fi_FI\" \/>\n<meta property=\"og:type\" content=\"article\" \/>\n<meta property=\"og:title\" content=\"Kohti kautta: \u00c5IFK | K\u00e4sipallon miesten Aktialiiga\" \/>\n<meta property=\"og:description\" content=\"Viime kaudella seitsem\u00e4nneksi j\u00e4\u00e4nyt \u00c5IFK l\u00e4htee j\u00e4lleen alkavaan kauteen nuorella ja n\u00e4lk\u00e4isell\u00e4 joukkueella. Aku Kuusiston valmennuksessa jatkava turkulaisryhm\u00e4 on nostanut omia junioreitaan mukaan rinkiin, jota levent\u00e4v\u00e4t osaltaan yhteisty\u00f6seura PIF:n pelaajat. &#8211; Odottavat tunnelmat, odotan uusien pelaajien nousevan taas vastuunkantajan asemaan ja n\u00e4ytt\u00e4m\u00e4\u00e4n liigatason otteita, Kuusisto kertoo. &#8211; Touko-hein\u00e4kuu meni hyvin, saatiin treenattua kovaa ja isolla [&hellip;]\" \/>\n<meta property=\"og:url\" content=\"https:\/\/aktialiiga.fi\/miehet\/2024-2025\/kohti-kautta-2024-25\/kohti-kautta-aifk-9\/\" \/>\n<meta property=\"og:site_name\" content=\"K\u00e4sipallon miesten Aktialiiga\" \/>\n<meta property=\"article:publisher\" content=\"https:\/\/www.facebook.com\/finnhandball\" \/>\n<meta property=\"article:published_time\" content=\"2024-09-12T11:16:40+00:00\" \/>\n<meta property=\"article:modified_time\" content=\"2024-09-12T12:05:20+00:00\" \/>\n<meta property=\"og:image\" content=\"https:\/\/i0.wp.com\/aktialiiga.fi\/miehet\/wp-content\/uploads\/sites\/5\/2023\/09\/AIFK_Kuusisto_Aku.png?fit=1000%2C588&ssl=1\" \/>\n\t<meta property=\"og:image:width\" content=\"1000\" \/>\n\t<meta property=\"og:image:height\" content=\"588\" \/>\n\t<meta property=\"og:image:type\" content=\"image\/png\" \/>\n<meta name=\"author\" content=\"tbrmedia\" \/>\n<meta name=\"twitter:card\" content=\"summary_large_image\" \/>\n<meta name=\"twitter:creator\" content=\"@finnhandball\" \/>\n<meta name=\"twitter:site\" content=\"@finnhandball\" \/>\n<script type=\"application\/ld+json\" class=\"yoast-schema-graph\">{\"@context\":\"https:\\\/\\\/schema.org\",\"@graph\":[{\"@type\":\"Article\",\"@id\":\"https:\\\/\\\/aktialiiga.fi\\\/miehet\\\/2024-2025\\\/kohti-kautta-2024-25\\\/kohti-kautta-aifk-9\\\/#article\",\"isPartOf\":{\"@id\":\"https:\\\/\\\/aktialiiga.fi\\\/miehet\\\/2024-2025\\\/kohti-kautta-2024-25\\\/kohti-kautta-aifk-9\\\/\"},\"author\":{\"name\":\"tbrmedia\",\"@id\":\"https:\\\/\\\/aktialiiga.fi\\\/miehet\\\/#\\\/schema\\\/person\\\/c14bf42f47041db74603c45afcb18d87\"},\"headline\":\"Kohti kautta: \u00c5IFK\",\"datePublished\":\"2024-09-12T11:16:40+00:00\",\"dateModified\":\"2024-09-12T12:05:20+00:00\",\"mainEntityOfPage\":{\"@id\":\"https:\\\/\\\/aktialiiga.fi\\\/miehet\\\/2024-2025\\\/kohti-kautta-2024-25\\\/kohti-kautta-aifk-9\\\/\"},\"wordCount\":221,\"publisher\":{\"@id\":\"https:\\\/\\\/aktialiiga.fi\\\/miehet\\\/#organization\"},\"image\":{\"@id\":\"https:\\\/\\\/aktialiiga.fi\\\/miehet\\\/2024-2025\\\/kohti-kautta-2024-25\\\/kohti-kautta-aifk-9\\\/#primaryimage\"},\"thumbnailUrl\":\"https:\\\/\\\/i0.wp.com\\\/aktialiiga.fi\\\/miehet\\\/wp-content\\\/uploads\\\/sites\\\/5\\\/2023\\\/09\\\/AIFK_Kuusisto_Aku.png?fit=1000%2C588&ssl=1\",\"keywords\":[\"\u00c5IFK\"],\"articleSection\":[\"Kohti kautta\"],\"inLanguage\":\"fi\"},{\"@type\":\"WebPage\",\"@id\":\"https:\\\/\\\/aktialiiga.fi\\\/miehet\\\/2024-2025\\\/kohti-kautta-2024-25\\\/kohti-kautta-aifk-9\\\/\",\"url\":\"https:\\\/\\\/aktialiiga.fi\\\/miehet\\\/2024-2025\\\/kohti-kautta-2024-25\\\/kohti-kautta-aifk-9\\\/\",\"name\":\"Kohti kautta: \u00c5IFK | K\u00e4sipallon miesten Aktialiiga\",\"isPartOf\":{\"@id\":\"https:\\\/\\\/aktialiiga.fi\\\/miehet\\\/#website\"},\"primaryImageOfPage\":{\"@id\":\"https:\\\/\\\/aktialiiga.fi\\\/miehet\\\/2024-2025\\\/kohti-kautta-2024-25\\\/kohti-kautta-aifk-9\\\/#primaryimage\"},\"image\":{\"@id\":\"https:\\\/\\\/aktialiiga.fi\\\/miehet\\\/2024-2025\\\/kohti-kautta-2024-25\\\/kohti-kautta-aifk-9\\\/#primaryimage\"},\"thumbnailUrl\":\"https:\\\/\\\/i0.wp.com\\\/aktialiiga.fi\\\/miehet\\\/wp-content\\\/uploads\\\/sites\\\/5\\\/2023\\\/09\\\/AIFK_Kuusisto_Aku.png?fit=1000%2C588&ssl=1\",\"datePublished\":\"2024-09-12T11:16:40+00:00\",\"dateModified\":\"2024-09-12T12:05:20+00:00\",\"breadcrumb\":{\"@id\":\"https:\\\/\\\/aktialiiga.fi\\\/miehet\\\/2024-2025\\\/kohti-kautta-2024-25\\\/kohti-kautta-aifk-9\\\/#breadcrumb\"},\"inLanguage\":\"fi\",\"potentialAction\":[{\"@type\":\"ReadAction\",\"target\":[\"https:\\\/\\\/aktialiiga.fi\\\/miehet\\\/2024-2025\\\/kohti-kautta-2024-25\\\/kohti-kautta-aifk-9\\\/\"]}]},{\"@type\":\"ImageObject\",\"inLanguage\":\"fi\",\"@id\":\"https:\\\/\\\/aktialiiga.fi\\\/miehet\\\/2024-2025\\\/kohti-kautta-2024-25\\\/kohti-kautta-aifk-9\\\/#primaryimage\",\"url\":\"https:\\\/\\\/i0.wp.com\\\/aktialiiga.fi\\\/miehet\\\/wp-content\\\/uploads\\\/sites\\\/5\\\/2023\\\/09\\\/AIFK_Kuusisto_Aku.png?fit=1000%2C588&ssl=1\",\"contentUrl\":\"https:\\\/\\\/i0.wp.com\\\/aktialiiga.fi\\\/miehet\\\/wp-content\\\/uploads\\\/sites\\\/5\\\/2023\\\/09\\\/AIFK_Kuusisto_Aku.png?fit=1000%2C588&ssl=1\",\"width\":1000,\"height\":588},{\"@type\":\"BreadcrumbList\",\"@id\":\"https:\\\/\\\/aktialiiga.fi\\\/miehet\\\/2024-2025\\\/kohti-kautta-2024-25\\\/kohti-kautta-aifk-9\\\/#breadcrumb\",\"itemListElement\":[{\"@type\":\"ListItem\",\"position\":1,\"name\":\"Etusivu\",\"item\":\"https:\\\/\\\/aktialiiga.fi\\\/miehet\\\/\"},{\"@type\":\"ListItem\",\"position\":2,\"name\":\"Kohti kautta: \u00c5IFK\"}]},{\"@type\":\"WebSite\",\"@id\":\"https:\\\/\\\/aktialiiga.fi\\\/miehet\\\/#website\",\"url\":\"https:\\\/\\\/aktialiiga.fi\\\/miehet\\\/\",\"name\":\"K\u00e4sipallon miesten Aktialiiga\",\"description\":\"Valtakunnan vauhdikkainta palloilua!\",\"publisher\":{\"@id\":\"https:\\\/\\\/aktialiiga.fi\\\/miehet\\\/#organization\"},\"potentialAction\":[{\"@type\":\"SearchAction\",\"target\":{\"@type\":\"EntryPoint\",\"urlTemplate\":\"https:\\\/\\\/aktialiiga.fi\\\/miehet\\\/?s={search_term_string}\"},\"query-input\":{\"@type\":\"PropertyValueSpecification\",\"valueRequired\":true,\"valueName\":\"search_term_string\"}}],\"inLanguage\":\"fi\"},{\"@type\":\"Organization\",\"@id\":\"https:\\\/\\\/aktialiiga.fi\\\/miehet\\\/#organization\",\"name\":\"K\u00e4sipallon miesten Aktialiiga\",\"url\":\"https:\\\/\\\/aktialiiga.fi\\\/miehet\\\/\",\"logo\":{\"@type\":\"ImageObject\",\"inLanguage\":\"fi\",\"@id\":\"https:\\\/\\\/aktialiiga.fi\\\/miehet\\\/#\\\/schema\\\/logo\\\/image\\\/\",\"url\":\"https:\\\/\\\/i0.wp.com\\\/aktialiiga.fi\\\/miehet\\\/wp-content\\\/uploads\\\/sites\\\/5\\\/2024\\\/09\\\/Aktialiiga-Yoast-512.png?fit=512%2C512&ssl=1\",\"contentUrl\":\"https:\\\/\\\/i0.wp.com\\\/aktialiiga.fi\\\/miehet\\\/wp-content\\\/uploads\\\/sites\\\/5\\\/2024\\\/09\\\/Aktialiiga-Yoast-512.png?fit=512%2C512&ssl=1\",\"width\":512,\"height\":512,\"caption\":\"K\u00e4sipallon miesten Aktialiiga\"},\"image\":{\"@id\":\"https:\\\/\\\/aktialiiga.fi\\\/miehet\\\/#\\\/schema\\\/logo\\\/image\\\/\"},\"sameAs\":[\"https:\\\/\\\/www.facebook.com\\\/finnhandball\",\"https:\\\/\\\/x.com\\\/finnhandball\",\"https:\\\/\\\/www.instagram.com\\\/handballfinland\\\/\"]},{\"@type\":\"Person\",\"@id\":\"https:\\\/\\\/aktialiiga.fi\\\/miehet\\\/#\\\/schema\\\/person\\\/c14bf42f47041db74603c45afcb18d87\",\"name\":\"tbrmedia\",\"image\":{\"@type\":\"ImageObject\",\"inLanguage\":\"fi\",\"@id\":\"https:\\\/\\\/secure.gravatar.com\\\/avatar\\\/ee975fa091fe581d12b60debb3439022686618368a7c142044c56724d4666b16?s=96&d=mm&r=g\",\"url\":\"https:\\\/\\\/secure.gravatar.com\\\/avatar\\\/ee975fa091fe581d12b60debb3439022686618368a7c142044c56724d4666b16?s=96&d=mm&r=g\",\"contentUrl\":\"https:\\\/\\\/secure.gravatar.com\\\/avatar\\\/ee975fa091fe581d12b60debb3439022686618368a7c142044c56724d4666b16?s=96&d=mm&r=g\",\"caption\":\"tbrmedia\"}}]}<\/script>\n<!-- \/ Yoast SEO plugin. -->","yoast_head_json":{"title":"Kohti kautta: \u00c5IFK | K\u00e4sipallon miesten Aktialiiga","robots":{"index":"index","follow":"follow","max-snippet":"max-snippet:-1","max-image-preview":"max-image-preview:large","max-video-preview":"max-video-preview:-1"},"canonical":"https:\/\/aktialiiga.fi\/miehet\/2024-2025\/kohti-kautta-2024-25\/kohti-kautta-aifk-9\/","og_locale":"fi_FI","og_type":"article","og_title":"Kohti kautta: \u00c5IFK | K\u00e4sipallon miesten Aktialiiga","og_description":"Viime kaudella seitsem\u00e4nneksi j\u00e4\u00e4nyt \u00c5IFK l\u00e4htee j\u00e4lleen alkavaan kauteen nuorella ja n\u00e4lk\u00e4isell\u00e4 joukkueella. Aku Kuusiston valmennuksessa jatkava turkulaisryhm\u00e4 on nostanut omia junioreitaan mukaan rinkiin, jota levent\u00e4v\u00e4t osaltaan yhteisty\u00f6seura PIF:n pelaajat. &#8211; Odottavat tunnelmat, odotan uusien pelaajien nousevan taas vastuunkantajan asemaan ja n\u00e4ytt\u00e4m\u00e4\u00e4n liigatason otteita, Kuusisto kertoo. &#8211; Touko-hein\u00e4kuu meni hyvin, saatiin treenattua kovaa ja isolla [&hellip;]","og_url":"https:\/\/aktialiiga.fi\/miehet\/2024-2025\/kohti-kautta-2024-25\/kohti-kautta-aifk-9\/","og_site_name":"K\u00e4sipallon miesten Aktialiiga","article_publisher":"https:\/\/www.facebook.com\/finnhandball","article_published_time":"2024-09-12T11:16:40+00:00","article_modified_time":"2024-09-12T12:05:20+00:00","og_image":[{"width":1000,"height":588,"url":"https:\/\/i0.wp.com\/aktialiiga.fi\/miehet\/wp-content\/uploads\/sites\/5\/2023\/09\/AIFK_Kuusisto_Aku.png?fit=1000%2C588&ssl=1","type":"image\/png"}],"author":"tbrmedia","twitter_card":"summary_large_image","twitter_creator":"@finnhandball","twitter_site":"@finnhandball","schema":{"@context":"https:\/\/schema.org","@graph":[{"@type":"Article","@id":"https:\/\/aktialiiga.fi\/miehet\/2024-2025\/kohti-kautta-2024-25\/kohti-kautta-aifk-9\/#article","isPartOf":{"@id":"https:\/\/aktialiiga.fi\/miehet\/2024-2025\/kohti-kautta-2024-25\/kohti-kautta-aifk-9\/"},"author":{"name":"tbrmedia","@id":"https:\/\/aktialiiga.fi\/miehet\/#\/schema\/person\/c14bf42f47041db74603c45afcb18d87"},"headline":"Kohti kautta: \u00c5IFK","datePublished":"2024-09-12T11:16:40+00:00","dateModified":"2024-09-12T12:05:20+00:00","mainEntityOfPage":{"@id":"https:\/\/aktialiiga.fi\/miehet\/2024-2025\/kohti-kautta-2024-25\/kohti-kautta-aifk-9\/"},"wordCount":221,"publisher":{"@id":"https:\/\/aktialiiga.fi\/miehet\/#organization"},"image":{"@id":"https:\/\/aktialiiga.fi\/miehet\/2024-2025\/kohti-kautta-2024-25\/kohti-kautta-aifk-9\/#primaryimage"},"thumbnailUrl":"https:\/\/i0.wp.com\/aktialiiga.fi\/miehet\/wp-content\/uploads\/sites\/5\/2023\/09\/AIFK_Kuusisto_Aku.png?fit=1000%2C588&ssl=1","keywords":["\u00c5IFK"],"articleSection":["Kohti kautta"],"inLanguage":"fi"},{"@type":"WebPage","@id":"https:\/\/aktialiiga.fi\/miehet\/2024-2025\/kohti-kautta-2024-25\/kohti-kautta-aifk-9\/","url":"https:\/\/aktialiiga.fi\/miehet\/2024-2025\/kohti-kautta-2024-25\/kohti-kautta-aifk-9\/","name":"Kohti kautta: \u00c5IFK | K\u00e4sipallon miesten Aktialiiga","isPartOf":{"@id":"https:\/\/aktialiiga.fi\/miehet\/#website"},"primaryImageOfPage":{"@id":"https:\/\/aktialiiga.fi\/miehet\/2024-2025\/kohti-kautta-2024-25\/kohti-kautta-aifk-9\/#primaryimage"},"image":{"@id":"https:\/\/aktialiiga.fi\/miehet\/2024-2025\/kohti-kautta-2024-25\/kohti-kautta-aifk-9\/#primaryimage"},"thumbnailUrl":"https:\/\/i0.wp.com\/aktialiiga.fi\/miehet\/wp-content\/uploads\/sites\/5\/2023\/09\/AIFK_Kuusisto_Aku.png?fit=1000%2C588&ssl=1","datePublished":"2024-09-12T11:16:40+00:00","dateModified":"2024-09-12T12:05:20+00:00","breadcrumb":{"@id":"https:\/\/aktialiiga.fi\/miehet\/2024-2025\/kohti-kautta-2024-25\/kohti-kautta-aifk-9\/#breadcrumb"},"inLanguage":"fi","potentialAction":[{"@type":"ReadAction","target":["https:\/\/aktialiiga.fi\/miehet\/2024-2025\/kohti-kautta-2024-25\/kohti-kautta-aifk-9\/"]}]},{"@type":"ImageObject","inLanguage":"fi","@id":"https:\/\/aktialiiga.fi\/miehet\/2024-2025\/kohti-kautta-2024-25\/kohti-kautta-aifk-9\/#primaryimage","url":"https:\/\/i0.wp.com\/aktialiiga.fi\/miehet\/wp-content\/uploads\/sites\/5\/2023\/09\/AIFK_Kuusisto_Aku.png?fit=1000%2C588&ssl=1","contentUrl":"https:\/\/i0.wp.com\/aktialiiga.fi\/miehet\/wp-content\/uploads\/sites\/5\/2023\/09\/AIFK_Kuusisto_Aku.png?fit=1000%2C588&ssl=1","width":1000,"height":588},{"@type":"BreadcrumbList","@id":"https:\/\/aktialiiga.fi\/miehet\/2024-2025\/kohti-kautta-2024-25\/kohti-kautta-aifk-9\/#breadcrumb","itemListElement":[{"@type":"ListItem","position":1,"name":"Etusivu","item":"https:\/\/aktialiiga.fi\/miehet\/"},{"@type":"ListItem","position":2,"name":"Kohti kautta: \u00c5IFK"}]},{"@type":"WebSite","@id":"https:\/\/aktialiiga.fi\/miehet\/#website","url":"https:\/\/aktialiiga.fi\/miehet\/","name":"K\u00e4sipallon miesten Aktialiiga","description":"Valtakunnan vauhdikkainta palloilua!","publisher":{"@id":"https:\/\/aktialiiga.fi\/miehet\/#organization"},"potentialAction":[{"@type":"SearchAction","target":{"@type":"EntryPoint","urlTemplate":"https:\/\/aktialiiga.fi\/miehet\/?s={search_term_string}"},"query-input":{"@type":"PropertyValueSpecification","valueRequired":true,"valueName":"search_term_string"}}],"inLanguage":"fi"},{"@type":"Organization","@id":"https:\/\/aktialiiga.fi\/miehet\/#organization","name":"K\u00e4sipallon miesten Aktialiiga","url":"https:\/\/aktialiiga.fi\/miehet\/","logo":{"@type":"ImageObject","inLanguage":"fi","@id":"https:\/\/aktialiiga.fi\/miehet\/#\/schema\/logo\/image\/","url":"https:\/\/i0.wp.com\/aktialiiga.fi\/miehet\/wp-content\/uploads\/sites\/5\/2024\/09\/Aktialiiga-Yoast-512.png?fit=512%2C512&ssl=1","contentUrl":"https:\/\/i0.wp.com\/aktialiiga.fi\/miehet\/wp-content\/uploads\/sites\/5\/2024\/09\/Aktialiiga-Yoast-512.png?fit=512%2C512&ssl=1","width":512,"height":512,"caption":"K\u00e4sipallon miesten Aktialiiga"},"image":{"@id":"https:\/\/aktialiiga.fi\/miehet\/#\/schema\/logo\/image\/"},"sameAs":["https:\/\/www.facebook.com\/finnhandball","https:\/\/x.com\/finnhandball","https:\/\/www.instagram.com\/handballfinland\/"]},{"@type":"Person","@id":"https:\/\/aktialiiga.fi\/miehet\/#\/schema\/person\/c14bf42f47041db74603c45afcb18d87","name":"tbrmedia","image":{"@type":"ImageObject","inLanguage":"fi","@id":"https:\/\/secure.gravatar.com\/avatar\/ee975fa091fe581d12b60debb3439022686618368a7c142044c56724d4666b16?s=96&d=mm&r=g","url":"https:\/\/secure.gravatar.com\/avatar\/ee975fa091fe581d12b60debb3439022686618368a7c142044c56724d4666b16?s=96&d=mm&r=g","contentUrl":"https:\/\/secure.gravatar.com\/avatar\/ee975fa091fe581d12b60debb3439022686618368a7c142044c56724d4666b16?s=96&d=mm&r=g","caption":"tbrmedia"}}]}},"jetpack_featured_media_url":"https:\/\/i0.wp.com\/aktialiiga.fi\/miehet\/wp-content\/uploads\/sites\/5\/2023\/09\/AIFK_Kuusisto_Aku.png?fit=1000%2C588&ssl=1","jetpack_sharing_enabled":true,"jetpack_shortlink":"https:\/\/wp.me\/pfTxOr-fPb","_links":{"self":[{"href":"https:\/\/aktialiiga.fi\/miehet\/wp-json\/wp\/v2\/posts\/60833","targetHints":{"allow":["GET"]}}],"collection":[{"href":"https:\/\/aktialiiga.fi\/miehet\/wp-json\/wp\/v2\/posts"}],"about":[{"href":"https:\/\/aktialiiga.fi\/miehet\/wp-json\/wp\/v2\/types\/post"}],"author":[{"embeddable":true,"href":"https:\/\/aktialiiga.fi\/miehet\/wp-json\/wp\/v2\/users\/13"}],"replies":[{"embeddable":true,"href":"https:\/\/aktialiiga.fi\/miehet\/wp-json\/wp\/v2\/comments?post=60833"}],"version-history":[{"count":2,"href":"https:\/\/aktialiiga.fi\/miehet\/wp-json\/wp\/v2\/posts\/60833\/revisions"}],"predecessor-version":[{"id":60848,"href":"https:\/\/aktialiiga.fi\/miehet\/wp-json\/wp\/v2\/posts\/60833\/revisions\/60848"}],"wp:featuredmedia":[{"embeddable":true,"href":"https:\/\/aktialiiga.fi\/miehet\/wp-json\/wp\/v2\/media\/43266"}],"wp:attachment":[{"href":"https:\/\/aktialiiga.fi\/miehet\/wp-json\/wp\/v2\/media?parent=60833"}],"wp:term":[{"taxonomy":"category","embeddable":true,"href":"https:\/\/aktialiiga.fi\/miehet\/wp-json\/wp\/v2\/categories?post=60833"},{"taxonomy":"post_tag","embeddable":true,"href":"https:\/\/aktialiiga.fi\/miehet\/wp-json\/wp\/v2\/tags?post=60833"}],"curies":[{"name":"wp","href":"https:\/\/api.w.org\/{rel}","templated":true}]}}