{"id":60876,"date":"2024-09-13T10:48:12","date_gmt":"2024-09-13T07:48:12","guid":{"rendered":"https:\/\/aktialiiga.fi\/miehet\/?p=60876"},"modified":"2024-09-13T10:48:12","modified_gmt":"2024-09-13T07:48:12","slug":"kohti-kautta-sif-9","status":"publish","type":"post","link":"https:\/\/aktialiiga.fi\/miehet\/2024-2025\/kohti-kautta-2024-25\/kohti-kautta-sif-9\/","title":{"rendered":"Kohti kautta: SIF"},"content":{"rendered":"<p>SIF l\u00e4htee alkavaan kauteen uudessa komennossa ja osin uudistuneella joukkueella.<\/p>\n<p>Viime kaudella SIF selvitti viimeisen\u00e4 joukkueena tiens\u00e4 pudotuspeleihin, joissa GrIFK oli kuitenkin puoliv\u00e4lieriss\u00e4 liian vahva vastus. Uuteen kauteen siuntiolaiset l\u00e4htev\u00e4t alla koko lailla hyvin sujunut kes\u00e4.<\/p>\n<p>&#8211; Odotan mielenkiinnolla .. Hyv\u00e4 fiilis. Harjoituskausi on sujunut tosi hyvin vaikkakin enemm\u00e4n porukkaa olisi pit\u00e4nyt olla riviss\u00e4, SIF:n valmennusvastuuseen tarttunut Harry Wikstr\u00f6m sanoo.<\/p>\n<p>Ringin kapeus onkin ehk\u00e4 SIF:n suurin haaste. L\u00e4htij\u00f6it\u00e4 on tukku sitten viime kauden ja vahvistuspuolella on l\u00e4hinn\u00e4 Cocksista siirtynyt kokenut Vitalie Nenita. Kokemusta SIF:lla riitt\u00e4\u00e4 muutenkin, mutta mahdollisten poissaolojen paikkaaminen on vaikeaa.<\/p>\n<p>&#8211; Yhdess\u00e4 tekeminen on meid\u00e4n vahvuutemme. Pelaajia pit\u00e4isi kuitenkin olla enemm\u00e4n, jos joku loukkaantuu, niin meille tulee haasteita, Wikstr\u00f6m my\u00f6nt\u00e4\u00e4.<\/p>\n<p>Samaa sanoo my\u00f6s joukkueen kokeneeseen kaartiin kuuluva Anton Luuppala.<\/p>\n<p>&#8211; Pelaajia ei ainakaan ole liikaa. Hyv\u00e4 fiilis on kuitenkin ja Yksinkertaisia asioita yritet\u00e4\u00e4n tehd\u00e4 mahdollisimman hyvin. Tavoitteena on parantaa viime kaudesta, Luuppala linjaa.<\/p>\n<p>Wikstr\u00f6min papereissa viime kauden finalistit BK-46 ja Cocks ovat selke\u00e4t ennakkosuosikit alkavalla kaudella, mutta se j\u00e4lkeen tulee tasainen ryhm\u00e4.<\/p>\n<p>&#8211; N\u00e4en haastajina GrIFK:n ja HIFK:n lis\u00e4ksi meid\u00e4t. Mitali on tavoitteena, Wikstr\u00f6m sanoo.<\/p>\n<p>&#8211; Kaikilla kolmella on my\u00f6s uusi valmennus, Luuppala lis\u00e4\u00e4.<\/p>\n<p><a href=\"https:\/\/aktialiiga.fi\/miehet\/joukkueet-2024-25\/sif-siuntio\/\">SIF:n joukkuesivulle &gt;&gt;<\/a><\/p>\n<p>&nbsp;<\/p>\n","protected":false},"excerpt":{"rendered":"<p>SIF l\u00e4htee alkavaan kauteen uudessa komennossa ja osin uudistuneella joukkueella. Viime kaudella SIF selvitti viimeisen\u00e4 joukkueena tiens\u00e4 pudotuspeleihin, joissa GrIFK oli kuitenkin puoliv\u00e4lieriss\u00e4 liian vahva vastus. Uuteen kauteen siuntiolaiset l\u00e4htev\u00e4t alla koko lailla hyvin sujunut kes\u00e4. &#8211; Odotan mielenkiinnolla .. Hyv\u00e4 fiilis. Harjoituskausi on sujunut tosi hyvin vaikkakin enemm\u00e4n porukkaa olisi pit\u00e4nyt olla riviss\u00e4, SIF:n [&hellip;]<\/p>\n","protected":false},"author":13,"featured_media":45220,"comment_status":"closed","ping_status":"closed","sticky":false,"template":"","format":"standard","meta":{"_acf_changed":false,"jetpack_post_was_ever_published":false,"_jetpack_newsletter_access":"","_jetpack_dont_email_post_to_subs":false,"_jetpack_newsletter_tier_id":0,"_jetpack_memberships_contains_paywalled_content":false,"_jetpack_memberships_contains_paid_content":false,"footnotes":""},"categories":[319],"tags":[111],"class_list":["post-60876","post","type-post","status-publish","format-standard","has-post-thumbnail","hentry","category-kohti-kautta-2024-25","tag-sif"],"acf":[],"yoast_head":"<!-- This site is optimized with the Yoast SEO plugin v27.5 - https:\/\/yoast.com\/product\/yoast-seo-wordpress\/ -->\n<title>Kohti kautta: SIF | K\u00e4sipallon miesten Aktialiiga<\/title>\n<meta name=\"robots\" content=\"index, follow, max-snippet:-1, max-image-preview:large, max-video-preview:-1\" \/>\n<link rel=\"canonical\" href=\"https:\/\/aktialiiga.fi\/miehet\/2024-2025\/kohti-kautta-2024-25\/kohti-kautta-sif-9\/\" \/>\n<meta property=\"og:locale\" content=\"fi_FI\" \/>\n<meta property=\"og:type\" content=\"article\" \/>\n<meta property=\"og:title\" content=\"Kohti kautta: SIF | K\u00e4sipallon miesten Aktialiiga\" \/>\n<meta property=\"og:description\" content=\"SIF l\u00e4htee alkavaan kauteen uudessa komennossa ja osin uudistuneella joukkueella. Viime kaudella SIF selvitti viimeisen\u00e4 joukkueena tiens\u00e4 pudotuspeleihin, joissa GrIFK oli kuitenkin puoliv\u00e4lieriss\u00e4 liian vahva vastus. Uuteen kauteen siuntiolaiset l\u00e4htev\u00e4t alla koko lailla hyvin sujunut kes\u00e4. &#8211; Odotan mielenkiinnolla .. Hyv\u00e4 fiilis. Harjoituskausi on sujunut tosi hyvin vaikkakin enemm\u00e4n porukkaa olisi pit\u00e4nyt olla riviss\u00e4, SIF:n [&hellip;]\" \/>\n<meta property=\"og:url\" content=\"https:\/\/aktialiiga.fi\/miehet\/2024-2025\/kohti-kautta-2024-25\/kohti-kautta-sif-9\/\" \/>\n<meta property=\"og:site_name\" content=\"K\u00e4sipallon miesten Aktialiiga\" \/>\n<meta property=\"article:publisher\" content=\"https:\/\/www.facebook.com\/finnhandball\" \/>\n<meta property=\"article:published_time\" content=\"2024-09-13T07:48:12+00:00\" \/>\n<meta property=\"og:image\" content=\"https:\/\/i0.wp.com\/aktialiiga.fi\/miehet\/wp-content\/uploads\/sites\/5\/2023\/11\/SIF_Luuppala_Anton_2324.jpg?fit=1044%2C472&ssl=1\" \/>\n\t<meta property=\"og:image:width\" content=\"1044\" \/>\n\t<meta property=\"og:image:height\" content=\"472\" \/>\n\t<meta property=\"og:image:type\" content=\"image\/jpeg\" \/>\n<meta name=\"author\" content=\"tbrmedia\" \/>\n<meta name=\"twitter:card\" content=\"summary_large_image\" \/>\n<meta name=\"twitter:creator\" content=\"@finnhandball\" \/>\n<meta name=\"twitter:site\" content=\"@finnhandball\" \/>\n<script type=\"application\/ld+json\" class=\"yoast-schema-graph\">{\"@context\":\"https:\\\/\\\/schema.org\",\"@graph\":[{\"@type\":\"Article\",\"@id\":\"https:\\\/\\\/aktialiiga.fi\\\/miehet\\\/2024-2025\\\/kohti-kautta-2024-25\\\/kohti-kautta-sif-9\\\/#article\",\"isPartOf\":{\"@id\":\"https:\\\/\\\/aktialiiga.fi\\\/miehet\\\/2024-2025\\\/kohti-kautta-2024-25\\\/kohti-kautta-sif-9\\\/\"},\"author\":{\"name\":\"tbrmedia\",\"@id\":\"https:\\\/\\\/aktialiiga.fi\\\/miehet\\\/#\\\/schema\\\/person\\\/c14bf42f47041db74603c45afcb18d87\"},\"headline\":\"Kohti kautta: SIF\",\"datePublished\":\"2024-09-13T07:48:12+00:00\",\"mainEntityOfPage\":{\"@id\":\"https:\\\/\\\/aktialiiga.fi\\\/miehet\\\/2024-2025\\\/kohti-kautta-2024-25\\\/kohti-kautta-sif-9\\\/\"},\"wordCount\":224,\"publisher\":{\"@id\":\"https:\\\/\\\/aktialiiga.fi\\\/miehet\\\/#organization\"},\"image\":{\"@id\":\"https:\\\/\\\/aktialiiga.fi\\\/miehet\\\/2024-2025\\\/kohti-kautta-2024-25\\\/kohti-kautta-sif-9\\\/#primaryimage\"},\"thumbnailUrl\":\"https:\\\/\\\/i0.wp.com\\\/aktialiiga.fi\\\/miehet\\\/wp-content\\\/uploads\\\/sites\\\/5\\\/2023\\\/11\\\/SIF_Luuppala_Anton_2324.jpg?fit=1044%2C472&ssl=1\",\"keywords\":[\"SIF\"],\"articleSection\":[\"Kohti kautta\"],\"inLanguage\":\"fi\"},{\"@type\":\"WebPage\",\"@id\":\"https:\\\/\\\/aktialiiga.fi\\\/miehet\\\/2024-2025\\\/kohti-kautta-2024-25\\\/kohti-kautta-sif-9\\\/\",\"url\":\"https:\\\/\\\/aktialiiga.fi\\\/miehet\\\/2024-2025\\\/kohti-kautta-2024-25\\\/kohti-kautta-sif-9\\\/\",\"name\":\"Kohti kautta: SIF | K\u00e4sipallon miesten Aktialiiga\",\"isPartOf\":{\"@id\":\"https:\\\/\\\/aktialiiga.fi\\\/miehet\\\/#website\"},\"primaryImageOfPage\":{\"@id\":\"https:\\\/\\\/aktialiiga.fi\\\/miehet\\\/2024-2025\\\/kohti-kautta-2024-25\\\/kohti-kautta-sif-9\\\/#primaryimage\"},\"image\":{\"@id\":\"https:\\\/\\\/aktialiiga.fi\\\/miehet\\\/2024-2025\\\/kohti-kautta-2024-25\\\/kohti-kautta-sif-9\\\/#primaryimage\"},\"thumbnailUrl\":\"https:\\\/\\\/i0.wp.com\\\/aktialiiga.fi\\\/miehet\\\/wp-content\\\/uploads\\\/sites\\\/5\\\/2023\\\/11\\\/SIF_Luuppala_Anton_2324.jpg?fit=1044%2C472&ssl=1\",\"datePublished\":\"2024-09-13T07:48:12+00:00\",\"breadcrumb\":{\"@id\":\"https:\\\/\\\/aktialiiga.fi\\\/miehet\\\/2024-2025\\\/kohti-kautta-2024-25\\\/kohti-kautta-sif-9\\\/#breadcrumb\"},\"inLanguage\":\"fi\",\"potentialAction\":[{\"@type\":\"ReadAction\",\"target\":[\"https:\\\/\\\/aktialiiga.fi\\\/miehet\\\/2024-2025\\\/kohti-kautta-2024-25\\\/kohti-kautta-sif-9\\\/\"]}]},{\"@type\":\"ImageObject\",\"inLanguage\":\"fi\",\"@id\":\"https:\\\/\\\/aktialiiga.fi\\\/miehet\\\/2024-2025\\\/kohti-kautta-2024-25\\\/kohti-kautta-sif-9\\\/#primaryimage\",\"url\":\"https:\\\/\\\/i0.wp.com\\\/aktialiiga.fi\\\/miehet\\\/wp-content\\\/uploads\\\/sites\\\/5\\\/2023\\\/11\\\/SIF_Luuppala_Anton_2324.jpg?fit=1044%2C472&ssl=1\",\"contentUrl\":\"https:\\\/\\\/i0.wp.com\\\/aktialiiga.fi\\\/miehet\\\/wp-content\\\/uploads\\\/sites\\\/5\\\/2023\\\/11\\\/SIF_Luuppala_Anton_2324.jpg?fit=1044%2C472&ssl=1\",\"width\":1044,\"height\":472,\"caption\":\"Anton Luuppala, SIF K\u00e4sipallon SM-liiga GrIFK - SIF Kauniaisten palloiluhalli 19. lokakuuta 2023. (Kalle Parkkinen\\\/Newspix24)\"},{\"@type\":\"BreadcrumbList\",\"@id\":\"https:\\\/\\\/aktialiiga.fi\\\/miehet\\\/2024-2025\\\/kohti-kautta-2024-25\\\/kohti-kautta-sif-9\\\/#breadcrumb\",\"itemListElement\":[{\"@type\":\"ListItem\",\"position\":1,\"name\":\"Etusivu\",\"item\":\"https:\\\/\\\/aktialiiga.fi\\\/miehet\\\/\"},{\"@type\":\"ListItem\",\"position\":2,\"name\":\"Kohti kautta: SIF\"}]},{\"@type\":\"WebSite\",\"@id\":\"https:\\\/\\\/aktialiiga.fi\\\/miehet\\\/#website\",\"url\":\"https:\\\/\\\/aktialiiga.fi\\\/miehet\\\/\",\"name\":\"K\u00e4sipallon miesten Aktialiiga\",\"description\":\"Valtakunnan vauhdikkainta palloilua!\",\"publisher\":{\"@id\":\"https:\\\/\\\/aktialiiga.fi\\\/miehet\\\/#organization\"},\"potentialAction\":[{\"@type\":\"SearchAction\",\"target\":{\"@type\":\"EntryPoint\",\"urlTemplate\":\"https:\\\/\\\/aktialiiga.fi\\\/miehet\\\/?s={search_term_string}\"},\"query-input\":{\"@type\":\"PropertyValueSpecification\",\"valueRequired\":true,\"valueName\":\"search_term_string\"}}],\"inLanguage\":\"fi\"},{\"@type\":\"Organization\",\"@id\":\"https:\\\/\\\/aktialiiga.fi\\\/miehet\\\/#organization\",\"name\":\"K\u00e4sipallon miesten Aktialiiga\",\"url\":\"https:\\\/\\\/aktialiiga.fi\\\/miehet\\\/\",\"logo\":{\"@type\":\"ImageObject\",\"inLanguage\":\"fi\",\"@id\":\"https:\\\/\\\/aktialiiga.fi\\\/miehet\\\/#\\\/schema\\\/logo\\\/image\\\/\",\"url\":\"https:\\\/\\\/i0.wp.com\\\/aktialiiga.fi\\\/miehet\\\/wp-content\\\/uploads\\\/sites\\\/5\\\/2024\\\/09\\\/Aktialiiga-Yoast-512.png?fit=512%2C512&ssl=1\",\"contentUrl\":\"https:\\\/\\\/i0.wp.com\\\/aktialiiga.fi\\\/miehet\\\/wp-content\\\/uploads\\\/sites\\\/5\\\/2024\\\/09\\\/Aktialiiga-Yoast-512.png?fit=512%2C512&ssl=1\",\"width\":512,\"height\":512,\"caption\":\"K\u00e4sipallon miesten Aktialiiga\"},\"image\":{\"@id\":\"https:\\\/\\\/aktialiiga.fi\\\/miehet\\\/#\\\/schema\\\/logo\\\/image\\\/\"},\"sameAs\":[\"https:\\\/\\\/www.facebook.com\\\/finnhandball\",\"https:\\\/\\\/x.com\\\/finnhandball\",\"https:\\\/\\\/www.instagram.com\\\/handballfinland\\\/\"]},{\"@type\":\"Person\",\"@id\":\"https:\\\/\\\/aktialiiga.fi\\\/miehet\\\/#\\\/schema\\\/person\\\/c14bf42f47041db74603c45afcb18d87\",\"name\":\"tbrmedia\",\"image\":{\"@type\":\"ImageObject\",\"inLanguage\":\"fi\",\"@id\":\"https:\\\/\\\/secure.gravatar.com\\\/avatar\\\/ee975fa091fe581d12b60debb3439022686618368a7c142044c56724d4666b16?s=96&d=mm&r=g\",\"url\":\"https:\\\/\\\/secure.gravatar.com\\\/avatar\\\/ee975fa091fe581d12b60debb3439022686618368a7c142044c56724d4666b16?s=96&d=mm&r=g\",\"contentUrl\":\"https:\\\/\\\/secure.gravatar.com\\\/avatar\\\/ee975fa091fe581d12b60debb3439022686618368a7c142044c56724d4666b16?s=96&d=mm&r=g\",\"caption\":\"tbrmedia\"}}]}<\/script>\n<!-- \/ Yoast SEO plugin. -->","yoast_head_json":{"title":"Kohti kautta: SIF | K\u00e4sipallon miesten Aktialiiga","robots":{"index":"index","follow":"follow","max-snippet":"max-snippet:-1","max-image-preview":"max-image-preview:large","max-video-preview":"max-video-preview:-1"},"canonical":"https:\/\/aktialiiga.fi\/miehet\/2024-2025\/kohti-kautta-2024-25\/kohti-kautta-sif-9\/","og_locale":"fi_FI","og_type":"article","og_title":"Kohti kautta: SIF | K\u00e4sipallon miesten Aktialiiga","og_description":"SIF l\u00e4htee alkavaan kauteen uudessa komennossa ja osin uudistuneella joukkueella. Viime kaudella SIF selvitti viimeisen\u00e4 joukkueena tiens\u00e4 pudotuspeleihin, joissa GrIFK oli kuitenkin puoliv\u00e4lieriss\u00e4 liian vahva vastus. Uuteen kauteen siuntiolaiset l\u00e4htev\u00e4t alla koko lailla hyvin sujunut kes\u00e4. &#8211; Odotan mielenkiinnolla .. Hyv\u00e4 fiilis. Harjoituskausi on sujunut tosi hyvin vaikkakin enemm\u00e4n porukkaa olisi pit\u00e4nyt olla riviss\u00e4, SIF:n [&hellip;]","og_url":"https:\/\/aktialiiga.fi\/miehet\/2024-2025\/kohti-kautta-2024-25\/kohti-kautta-sif-9\/","og_site_name":"K\u00e4sipallon miesten Aktialiiga","article_publisher":"https:\/\/www.facebook.com\/finnhandball","article_published_time":"2024-09-13T07:48:12+00:00","og_image":[{"width":1044,"height":472,"url":"https:\/\/i0.wp.com\/aktialiiga.fi\/miehet\/wp-content\/uploads\/sites\/5\/2023\/11\/SIF_Luuppala_Anton_2324.jpg?fit=1044%2C472&ssl=1","type":"image\/jpeg"}],"author":"tbrmedia","twitter_card":"summary_large_image","twitter_creator":"@finnhandball","twitter_site":"@finnhandball","schema":{"@context":"https:\/\/schema.org","@graph":[{"@type":"Article","@id":"https:\/\/aktialiiga.fi\/miehet\/2024-2025\/kohti-kautta-2024-25\/kohti-kautta-sif-9\/#article","isPartOf":{"@id":"https:\/\/aktialiiga.fi\/miehet\/2024-2025\/kohti-kautta-2024-25\/kohti-kautta-sif-9\/"},"author":{"name":"tbrmedia","@id":"https:\/\/aktialiiga.fi\/miehet\/#\/schema\/person\/c14bf42f47041db74603c45afcb18d87"},"headline":"Kohti kautta: SIF","datePublished":"2024-09-13T07:48:12+00:00","mainEntityOfPage":{"@id":"https:\/\/aktialiiga.fi\/miehet\/2024-2025\/kohti-kautta-2024-25\/kohti-kautta-sif-9\/"},"wordCount":224,"publisher":{"@id":"https:\/\/aktialiiga.fi\/miehet\/#organization"},"image":{"@id":"https:\/\/aktialiiga.fi\/miehet\/2024-2025\/kohti-kautta-2024-25\/kohti-kautta-sif-9\/#primaryimage"},"thumbnailUrl":"https:\/\/i0.wp.com\/aktialiiga.fi\/miehet\/wp-content\/uploads\/sites\/5\/2023\/11\/SIF_Luuppala_Anton_2324.jpg?fit=1044%2C472&ssl=1","keywords":["SIF"],"articleSection":["Kohti kautta"],"inLanguage":"fi"},{"@type":"WebPage","@id":"https:\/\/aktialiiga.fi\/miehet\/2024-2025\/kohti-kautta-2024-25\/kohti-kautta-sif-9\/","url":"https:\/\/aktialiiga.fi\/miehet\/2024-2025\/kohti-kautta-2024-25\/kohti-kautta-sif-9\/","name":"Kohti kautta: SIF | K\u00e4sipallon miesten Aktialiiga","isPartOf":{"@id":"https:\/\/aktialiiga.fi\/miehet\/#website"},"primaryImageOfPage":{"@id":"https:\/\/aktialiiga.fi\/miehet\/2024-2025\/kohti-kautta-2024-25\/kohti-kautta-sif-9\/#primaryimage"},"image":{"@id":"https:\/\/aktialiiga.fi\/miehet\/2024-2025\/kohti-kautta-2024-25\/kohti-kautta-sif-9\/#primaryimage"},"thumbnailUrl":"https:\/\/i0.wp.com\/aktialiiga.fi\/miehet\/wp-content\/uploads\/sites\/5\/2023\/11\/SIF_Luuppala_Anton_2324.jpg?fit=1044%2C472&ssl=1","datePublished":"2024-09-13T07:48:12+00:00","breadcrumb":{"@id":"https:\/\/aktialiiga.fi\/miehet\/2024-2025\/kohti-kautta-2024-25\/kohti-kautta-sif-9\/#breadcrumb"},"inLanguage":"fi","potentialAction":[{"@type":"ReadAction","target":["https:\/\/aktialiiga.fi\/miehet\/2024-2025\/kohti-kautta-2024-25\/kohti-kautta-sif-9\/"]}]},{"@type":"ImageObject","inLanguage":"fi","@id":"https:\/\/aktialiiga.fi\/miehet\/2024-2025\/kohti-kautta-2024-25\/kohti-kautta-sif-9\/#primaryimage","url":"https:\/\/i0.wp.com\/aktialiiga.fi\/miehet\/wp-content\/uploads\/sites\/5\/2023\/11\/SIF_Luuppala_Anton_2324.jpg?fit=1044%2C472&ssl=1","contentUrl":"https:\/\/i0.wp.com\/aktialiiga.fi\/miehet\/wp-content\/uploads\/sites\/5\/2023\/11\/SIF_Luuppala_Anton_2324.jpg?fit=1044%2C472&ssl=1","width":1044,"height":472,"caption":"Anton Luuppala, SIF K\u00e4sipallon SM-liiga GrIFK - SIF Kauniaisten palloiluhalli 19. lokakuuta 2023. (Kalle Parkkinen\/Newspix24)"},{"@type":"BreadcrumbList","@id":"https:\/\/aktialiiga.fi\/miehet\/2024-2025\/kohti-kautta-2024-25\/kohti-kautta-sif-9\/#breadcrumb","itemListElement":[{"@type":"ListItem","position":1,"name":"Etusivu","item":"https:\/\/aktialiiga.fi\/miehet\/"},{"@type":"ListItem","position":2,"name":"Kohti kautta: SIF"}]},{"@type":"WebSite","@id":"https:\/\/aktialiiga.fi\/miehet\/#website","url":"https:\/\/aktialiiga.fi\/miehet\/","name":"K\u00e4sipallon miesten Aktialiiga","description":"Valtakunnan vauhdikkainta palloilua!","publisher":{"@id":"https:\/\/aktialiiga.fi\/miehet\/#organization"},"potentialAction":[{"@type":"SearchAction","target":{"@type":"EntryPoint","urlTemplate":"https:\/\/aktialiiga.fi\/miehet\/?s={search_term_string}"},"query-input":{"@type":"PropertyValueSpecification","valueRequired":true,"valueName":"search_term_string"}}],"inLanguage":"fi"},{"@type":"Organization","@id":"https:\/\/aktialiiga.fi\/miehet\/#organization","name":"K\u00e4sipallon miesten Aktialiiga","url":"https:\/\/aktialiiga.fi\/miehet\/","logo":{"@type":"ImageObject","inLanguage":"fi","@id":"https:\/\/aktialiiga.fi\/miehet\/#\/schema\/logo\/image\/","url":"https:\/\/i0.wp.com\/aktialiiga.fi\/miehet\/wp-content\/uploads\/sites\/5\/2024\/09\/Aktialiiga-Yoast-512.png?fit=512%2C512&ssl=1","contentUrl":"https:\/\/i0.wp.com\/aktialiiga.fi\/miehet\/wp-content\/uploads\/sites\/5\/2024\/09\/Aktialiiga-Yoast-512.png?fit=512%2C512&ssl=1","width":512,"height":512,"caption":"K\u00e4sipallon miesten Aktialiiga"},"image":{"@id":"https:\/\/aktialiiga.fi\/miehet\/#\/schema\/logo\/image\/"},"sameAs":["https:\/\/www.facebook.com\/finnhandball","https:\/\/x.com\/finnhandball","https:\/\/www.instagram.com\/handballfinland\/"]},{"@type":"Person","@id":"https:\/\/aktialiiga.fi\/miehet\/#\/schema\/person\/c14bf42f47041db74603c45afcb18d87","name":"tbrmedia","image":{"@type":"ImageObject","inLanguage":"fi","@id":"https:\/\/secure.gravatar.com\/avatar\/ee975fa091fe581d12b60debb3439022686618368a7c142044c56724d4666b16?s=96&d=mm&r=g","url":"https:\/\/secure.gravatar.com\/avatar\/ee975fa091fe581d12b60debb3439022686618368a7c142044c56724d4666b16?s=96&d=mm&r=g","contentUrl":"https:\/\/secure.gravatar.com\/avatar\/ee975fa091fe581d12b60debb3439022686618368a7c142044c56724d4666b16?s=96&d=mm&r=g","caption":"tbrmedia"}}]}},"jetpack_featured_media_url":"https:\/\/i0.wp.com\/aktialiiga.fi\/miehet\/wp-content\/uploads\/sites\/5\/2023\/11\/SIF_Luuppala_Anton_2324.jpg?fit=1044%2C472&ssl=1","jetpack_sharing_enabled":true,"jetpack_shortlink":"https:\/\/wp.me\/pfTxOr-fPS","_links":{"self":[{"href":"https:\/\/aktialiiga.fi\/miehet\/wp-json\/wp\/v2\/posts\/60876","targetHints":{"allow":["GET"]}}],"collection":[{"href":"https:\/\/aktialiiga.fi\/miehet\/wp-json\/wp\/v2\/posts"}],"about":[{"href":"https:\/\/aktialiiga.fi\/miehet\/wp-json\/wp\/v2\/types\/post"}],"author":[{"embeddable":true,"href":"https:\/\/aktialiiga.fi\/miehet\/wp-json\/wp\/v2\/users\/13"}],"replies":[{"embeddable":true,"href":"https:\/\/aktialiiga.fi\/miehet\/wp-json\/wp\/v2\/comments?post=60876"}],"version-history":[{"count":2,"href":"https:\/\/aktialiiga.fi\/miehet\/wp-json\/wp\/v2\/posts\/60876\/revisions"}],"predecessor-version":[{"id":60879,"href":"https:\/\/aktialiiga.fi\/miehet\/wp-json\/wp\/v2\/posts\/60876\/revisions\/60879"}],"wp:featuredmedia":[{"embeddable":true,"href":"https:\/\/aktialiiga.fi\/miehet\/wp-json\/wp\/v2\/media\/45220"}],"wp:attachment":[{"href":"https:\/\/aktialiiga.fi\/miehet\/wp-json\/wp\/v2\/media?parent=60876"}],"wp:term":[{"taxonomy":"category","embeddable":true,"href":"https:\/\/aktialiiga.fi\/miehet\/wp-json\/wp\/v2\/categories?post=60876"},{"taxonomy":"post_tag","embeddable":true,"href":"https:\/\/aktialiiga.fi\/miehet\/wp-json\/wp\/v2\/tags?post=60876"}],"curies":[{"name":"wp","href":"https:\/\/api.w.org\/{rel}","templated":true}]}}