{"id":61132,"date":"2024-09-18T22:09:46","date_gmt":"2024-09-18T19:09:46","guid":{"rendered":"https:\/\/aktialiiga.fi\/miehet\/?p=61132"},"modified":"2024-09-18T22:09:46","modified_gmt":"2024-09-18T19:09:46","slug":"kohti-kautta-dicken-9","status":"publish","type":"post","link":"https:\/\/aktialiiga.fi\/miehet\/2024-2025\/kohti-kautta-2024-25\/kohti-kautta-dicken-9\/","title":{"rendered":"Kohti kautta: Dicken"},"content":{"rendered":"<p>Viime kaudella komeasti kev\u00e4\u00e4ll\u00e4 otteitaan kohentanut ja lopulta pronssille ylt\u00e4nyt Dicken avaa kautensa viimeisen\u00e4 ja j\u00e4lleen pitk\u00e4lti haastajan asemassa.<\/p>\n<p>Dickenin kokeneesta kaartista niin Bromanin veljekset kuin Filip S\u00f6derlund ja Anton Remykin j\u00e4ttiv\u00e4t kent\u00e4t viime kauden j\u00e4lkeen. Roni Syrj\u00e4l\u00e4 palasi Cocksiin ja Benjamin Peitsaro siirtyi Saksaan. My\u00f6s Serhi Dubovyk on viime kauden joukkueesta poissa.<\/p>\n<p>Tulopuolellakin pelaajia toki on, mutta kokonaisuutena Dicken on hyvin nuori joukkue ja t\u00e4m\u00e4n allekirjoittaa my\u00f6s p\u00e4\u00e4valmentaja Ken Sirenius.<\/p>\n<p>&#8211; Meill\u00e4 on nuori ja kovaa ty\u00f6t\u00e4 tekev\u00e4 juoksuvoimainen joukkue. menetimme ison osan kokemusta ja rutiinia viime kauden j\u00e4lkeen, Sirenius sanoo.<\/p>\n<p>&#8211; Paljon tulee sen my\u00f6t\u00e4 muuttumaan. Muutamme ja kehit\u00e4mme pelaamista huomattavasti viime kaudelta. Yksityiskohdat n\u00e4ette, kun katsotte meid\u00e4n pelej\u00e4mme, Sirenius vihjaa.<\/p>\n<p>Kes\u00e4 on joka tapauksessa sujunut Sireniuksen mukaan hyvin ja positiivisissa merkeiss\u00e4.<\/p>\n<p>&#8211; Hyv\u00e4 tunnelma joukkueessa. Tehd\u00e4\u00e4n yhdess\u00e4 kovaa duunia joka viikko ja innolla odotamme tulevan kauden haasteita.<\/p>\n<p>&#8211; Hyvin on sujunut, asenne ty\u00f6ntekoon joukkueella on kohdillaan! Paljon on toki viel\u00e4 t\u00f6it\u00e4 edess\u00e4kin.<\/p>\n<p>Monen muun tavoin Sirenius nostaa viime kauden finaalikaksikon BK-46 ja Cocks selkeiksi suosikeiksi, mutta muuten ennakointi onkin sitten jo vaikeampaa.<\/p>\n<p>&#8211; Kaikki muut joukkueet tulevat kilpailemaan muista sijoista. Useassa joukkueessa on tapahtunut muutoksia, mielenkiintoista n\u00e4hd\u00e4 miten ne vaikuttavat tasapainoon, Sirenius pohtii.<\/p>\n<p><a href=\"https:\/\/aktialiiga.fi\/miehet\/joukkueet-2024-25\/dicken-helsinki\/\">Dickenin joukkuesivulle &gt;&gt;<\/a><\/p>\n","protected":false},"excerpt":{"rendered":"<p>Viime kaudella komeasti kev\u00e4\u00e4ll\u00e4 otteitaan kohentanut ja lopulta pronssille ylt\u00e4nyt Dicken avaa kautensa viimeisen\u00e4 ja j\u00e4lleen pitk\u00e4lti haastajan asemassa. Dickenin kokeneesta kaartista niin Bromanin veljekset kuin Filip S\u00f6derlund ja Anton Remykin j\u00e4ttiv\u00e4t kent\u00e4t viime kauden j\u00e4lkeen. Roni Syrj\u00e4l\u00e4 palasi Cocksiin ja Benjamin Peitsaro siirtyi Saksaan. My\u00f6s Serhi Dubovyk on viime kauden joukkueesta poissa. Tulopuolellakin pelaajia [&hellip;]<\/p>\n","protected":false},"author":13,"featured_media":47529,"comment_status":"closed","ping_status":"closed","sticky":false,"template":"","format":"standard","meta":{"_acf_changed":false,"jetpack_post_was_ever_published":false,"_jetpack_newsletter_access":"","_jetpack_dont_email_post_to_subs":false,"_jetpack_newsletter_tier_id":0,"_jetpack_memberships_contains_paywalled_content":false,"_jetpack_memberships_contains_paid_content":false,"footnotes":""},"categories":[319],"tags":[58],"class_list":["post-61132","post","type-post","status-publish","format-standard","has-post-thumbnail","hentry","category-kohti-kautta-2024-25","tag-dicken"],"acf":[],"yoast_head":"<!-- This site is optimized with the Yoast SEO plugin v27.5 - https:\/\/yoast.com\/product\/yoast-seo-wordpress\/ -->\n<title>Kohti kautta: Dicken | K\u00e4sipallon miesten Aktialiiga<\/title>\n<meta name=\"robots\" content=\"index, follow, max-snippet:-1, max-image-preview:large, max-video-preview:-1\" \/>\n<link rel=\"canonical\" href=\"https:\/\/aktialiiga.fi\/miehet\/2024-2025\/kohti-kautta-2024-25\/kohti-kautta-dicken-9\/\" \/>\n<meta property=\"og:locale\" content=\"fi_FI\" \/>\n<meta property=\"og:type\" content=\"article\" \/>\n<meta property=\"og:title\" content=\"Kohti kautta: Dicken | K\u00e4sipallon miesten Aktialiiga\" \/>\n<meta property=\"og:description\" content=\"Viime kaudella komeasti kev\u00e4\u00e4ll\u00e4 otteitaan kohentanut ja lopulta pronssille ylt\u00e4nyt Dicken avaa kautensa viimeisen\u00e4 ja j\u00e4lleen pitk\u00e4lti haastajan asemassa. Dickenin kokeneesta kaartista niin Bromanin veljekset kuin Filip S\u00f6derlund ja Anton Remykin j\u00e4ttiv\u00e4t kent\u00e4t viime kauden j\u00e4lkeen. Roni Syrj\u00e4l\u00e4 palasi Cocksiin ja Benjamin Peitsaro siirtyi Saksaan. My\u00f6s Serhi Dubovyk on viime kauden joukkueesta poissa. Tulopuolellakin pelaajia [&hellip;]\" \/>\n<meta property=\"og:url\" content=\"https:\/\/aktialiiga.fi\/miehet\/2024-2025\/kohti-kautta-2024-25\/kohti-kautta-dicken-9\/\" \/>\n<meta property=\"og:site_name\" content=\"K\u00e4sipallon miesten Aktialiiga\" \/>\n<meta property=\"article:publisher\" content=\"https:\/\/www.facebook.com\/finnhandball\" \/>\n<meta property=\"article:published_time\" content=\"2024-09-18T19:09:46+00:00\" \/>\n<meta property=\"og:image\" content=\"https:\/\/i0.wp.com\/aktialiiga.fi\/miehet\/wp-content\/uploads\/sites\/5\/2024\/03\/Dicken_Sirenius_Ken_2324.jpg?fit=1178%2C556&ssl=1\" \/>\n\t<meta property=\"og:image:width\" content=\"1178\" \/>\n\t<meta property=\"og:image:height\" content=\"556\" \/>\n\t<meta property=\"og:image:type\" content=\"image\/jpeg\" \/>\n<meta name=\"author\" content=\"tbrmedia\" \/>\n<meta name=\"twitter:card\" content=\"summary_large_image\" \/>\n<meta name=\"twitter:creator\" content=\"@finnhandball\" \/>\n<meta name=\"twitter:site\" content=\"@finnhandball\" \/>\n<script type=\"application\/ld+json\" class=\"yoast-schema-graph\">{\"@context\":\"https:\\\/\\\/schema.org\",\"@graph\":[{\"@type\":\"Article\",\"@id\":\"https:\\\/\\\/aktialiiga.fi\\\/miehet\\\/2024-2025\\\/kohti-kautta-2024-25\\\/kohti-kautta-dicken-9\\\/#article\",\"isPartOf\":{\"@id\":\"https:\\\/\\\/aktialiiga.fi\\\/miehet\\\/2024-2025\\\/kohti-kautta-2024-25\\\/kohti-kautta-dicken-9\\\/\"},\"author\":{\"name\":\"tbrmedia\",\"@id\":\"https:\\\/\\\/aktialiiga.fi\\\/miehet\\\/#\\\/schema\\\/person\\\/c14bf42f47041db74603c45afcb18d87\"},\"headline\":\"Kohti kautta: Dicken\",\"datePublished\":\"2024-09-18T19:09:46+00:00\",\"mainEntityOfPage\":{\"@id\":\"https:\\\/\\\/aktialiiga.fi\\\/miehet\\\/2024-2025\\\/kohti-kautta-2024-25\\\/kohti-kautta-dicken-9\\\/\"},\"wordCount\":230,\"publisher\":{\"@id\":\"https:\\\/\\\/aktialiiga.fi\\\/miehet\\\/#organization\"},\"image\":{\"@id\":\"https:\\\/\\\/aktialiiga.fi\\\/miehet\\\/2024-2025\\\/kohti-kautta-2024-25\\\/kohti-kautta-dicken-9\\\/#primaryimage\"},\"thumbnailUrl\":\"https:\\\/\\\/i0.wp.com\\\/aktialiiga.fi\\\/miehet\\\/wp-content\\\/uploads\\\/sites\\\/5\\\/2024\\\/03\\\/Dicken_Sirenius_Ken_2324.jpg?fit=1178%2C556&ssl=1\",\"keywords\":[\"Dicken\"],\"articleSection\":[\"Kohti kautta\"],\"inLanguage\":\"fi\"},{\"@type\":\"WebPage\",\"@id\":\"https:\\\/\\\/aktialiiga.fi\\\/miehet\\\/2024-2025\\\/kohti-kautta-2024-25\\\/kohti-kautta-dicken-9\\\/\",\"url\":\"https:\\\/\\\/aktialiiga.fi\\\/miehet\\\/2024-2025\\\/kohti-kautta-2024-25\\\/kohti-kautta-dicken-9\\\/\",\"name\":\"Kohti kautta: Dicken | K\u00e4sipallon miesten Aktialiiga\",\"isPartOf\":{\"@id\":\"https:\\\/\\\/aktialiiga.fi\\\/miehet\\\/#website\"},\"primaryImageOfPage\":{\"@id\":\"https:\\\/\\\/aktialiiga.fi\\\/miehet\\\/2024-2025\\\/kohti-kautta-2024-25\\\/kohti-kautta-dicken-9\\\/#primaryimage\"},\"image\":{\"@id\":\"https:\\\/\\\/aktialiiga.fi\\\/miehet\\\/2024-2025\\\/kohti-kautta-2024-25\\\/kohti-kautta-dicken-9\\\/#primaryimage\"},\"thumbnailUrl\":\"https:\\\/\\\/i0.wp.com\\\/aktialiiga.fi\\\/miehet\\\/wp-content\\\/uploads\\\/sites\\\/5\\\/2024\\\/03\\\/Dicken_Sirenius_Ken_2324.jpg?fit=1178%2C556&ssl=1\",\"datePublished\":\"2024-09-18T19:09:46+00:00\",\"breadcrumb\":{\"@id\":\"https:\\\/\\\/aktialiiga.fi\\\/miehet\\\/2024-2025\\\/kohti-kautta-2024-25\\\/kohti-kautta-dicken-9\\\/#breadcrumb\"},\"inLanguage\":\"fi\",\"potentialAction\":[{\"@type\":\"ReadAction\",\"target\":[\"https:\\\/\\\/aktialiiga.fi\\\/miehet\\\/2024-2025\\\/kohti-kautta-2024-25\\\/kohti-kautta-dicken-9\\\/\"]}]},{\"@type\":\"ImageObject\",\"inLanguage\":\"fi\",\"@id\":\"https:\\\/\\\/aktialiiga.fi\\\/miehet\\\/2024-2025\\\/kohti-kautta-2024-25\\\/kohti-kautta-dicken-9\\\/#primaryimage\",\"url\":\"https:\\\/\\\/i0.wp.com\\\/aktialiiga.fi\\\/miehet\\\/wp-content\\\/uploads\\\/sites\\\/5\\\/2024\\\/03\\\/Dicken_Sirenius_Ken_2324.jpg?fit=1178%2C556&ssl=1\",\"contentUrl\":\"https:\\\/\\\/i0.wp.com\\\/aktialiiga.fi\\\/miehet\\\/wp-content\\\/uploads\\\/sites\\\/5\\\/2024\\\/03\\\/Dicken_Sirenius_Ken_2324.jpg?fit=1178%2C556&ssl=1\",\"width\":1178,\"height\":556,\"caption\":\"Ken Sirenius, Dicken K\u00e4sipallon SM-liiga Dicken - BK-46 Pirkkolan palloiluhalli 25. lokakuuta 2023. (Kalle Parkkinen\\\/Newspix24)\"},{\"@type\":\"BreadcrumbList\",\"@id\":\"https:\\\/\\\/aktialiiga.fi\\\/miehet\\\/2024-2025\\\/kohti-kautta-2024-25\\\/kohti-kautta-dicken-9\\\/#breadcrumb\",\"itemListElement\":[{\"@type\":\"ListItem\",\"position\":1,\"name\":\"Etusivu\",\"item\":\"https:\\\/\\\/aktialiiga.fi\\\/miehet\\\/\"},{\"@type\":\"ListItem\",\"position\":2,\"name\":\"Kohti kautta: Dicken\"}]},{\"@type\":\"WebSite\",\"@id\":\"https:\\\/\\\/aktialiiga.fi\\\/miehet\\\/#website\",\"url\":\"https:\\\/\\\/aktialiiga.fi\\\/miehet\\\/\",\"name\":\"K\u00e4sipallon miesten Aktialiiga\",\"description\":\"Valtakunnan vauhdikkainta palloilua!\",\"publisher\":{\"@id\":\"https:\\\/\\\/aktialiiga.fi\\\/miehet\\\/#organization\"},\"potentialAction\":[{\"@type\":\"SearchAction\",\"target\":{\"@type\":\"EntryPoint\",\"urlTemplate\":\"https:\\\/\\\/aktialiiga.fi\\\/miehet\\\/?s={search_term_string}\"},\"query-input\":{\"@type\":\"PropertyValueSpecification\",\"valueRequired\":true,\"valueName\":\"search_term_string\"}}],\"inLanguage\":\"fi\"},{\"@type\":\"Organization\",\"@id\":\"https:\\\/\\\/aktialiiga.fi\\\/miehet\\\/#organization\",\"name\":\"K\u00e4sipallon miesten Aktialiiga\",\"url\":\"https:\\\/\\\/aktialiiga.fi\\\/miehet\\\/\",\"logo\":{\"@type\":\"ImageObject\",\"inLanguage\":\"fi\",\"@id\":\"https:\\\/\\\/aktialiiga.fi\\\/miehet\\\/#\\\/schema\\\/logo\\\/image\\\/\",\"url\":\"https:\\\/\\\/i0.wp.com\\\/aktialiiga.fi\\\/miehet\\\/wp-content\\\/uploads\\\/sites\\\/5\\\/2024\\\/09\\\/Aktialiiga-Yoast-512.png?fit=512%2C512&ssl=1\",\"contentUrl\":\"https:\\\/\\\/i0.wp.com\\\/aktialiiga.fi\\\/miehet\\\/wp-content\\\/uploads\\\/sites\\\/5\\\/2024\\\/09\\\/Aktialiiga-Yoast-512.png?fit=512%2C512&ssl=1\",\"width\":512,\"height\":512,\"caption\":\"K\u00e4sipallon miesten Aktialiiga\"},\"image\":{\"@id\":\"https:\\\/\\\/aktialiiga.fi\\\/miehet\\\/#\\\/schema\\\/logo\\\/image\\\/\"},\"sameAs\":[\"https:\\\/\\\/www.facebook.com\\\/finnhandball\",\"https:\\\/\\\/x.com\\\/finnhandball\",\"https:\\\/\\\/www.instagram.com\\\/handballfinland\\\/\"]},{\"@type\":\"Person\",\"@id\":\"https:\\\/\\\/aktialiiga.fi\\\/miehet\\\/#\\\/schema\\\/person\\\/c14bf42f47041db74603c45afcb18d87\",\"name\":\"tbrmedia\",\"image\":{\"@type\":\"ImageObject\",\"inLanguage\":\"fi\",\"@id\":\"https:\\\/\\\/secure.gravatar.com\\\/avatar\\\/ee975fa091fe581d12b60debb3439022686618368a7c142044c56724d4666b16?s=96&d=mm&r=g\",\"url\":\"https:\\\/\\\/secure.gravatar.com\\\/avatar\\\/ee975fa091fe581d12b60debb3439022686618368a7c142044c56724d4666b16?s=96&d=mm&r=g\",\"contentUrl\":\"https:\\\/\\\/secure.gravatar.com\\\/avatar\\\/ee975fa091fe581d12b60debb3439022686618368a7c142044c56724d4666b16?s=96&d=mm&r=g\",\"caption\":\"tbrmedia\"}}]}<\/script>\n<!-- \/ Yoast SEO plugin. -->","yoast_head_json":{"title":"Kohti kautta: Dicken | K\u00e4sipallon miesten Aktialiiga","robots":{"index":"index","follow":"follow","max-snippet":"max-snippet:-1","max-image-preview":"max-image-preview:large","max-video-preview":"max-video-preview:-1"},"canonical":"https:\/\/aktialiiga.fi\/miehet\/2024-2025\/kohti-kautta-2024-25\/kohti-kautta-dicken-9\/","og_locale":"fi_FI","og_type":"article","og_title":"Kohti kautta: Dicken | K\u00e4sipallon miesten Aktialiiga","og_description":"Viime kaudella komeasti kev\u00e4\u00e4ll\u00e4 otteitaan kohentanut ja lopulta pronssille ylt\u00e4nyt Dicken avaa kautensa viimeisen\u00e4 ja j\u00e4lleen pitk\u00e4lti haastajan asemassa. Dickenin kokeneesta kaartista niin Bromanin veljekset kuin Filip S\u00f6derlund ja Anton Remykin j\u00e4ttiv\u00e4t kent\u00e4t viime kauden j\u00e4lkeen. Roni Syrj\u00e4l\u00e4 palasi Cocksiin ja Benjamin Peitsaro siirtyi Saksaan. My\u00f6s Serhi Dubovyk on viime kauden joukkueesta poissa. Tulopuolellakin pelaajia [&hellip;]","og_url":"https:\/\/aktialiiga.fi\/miehet\/2024-2025\/kohti-kautta-2024-25\/kohti-kautta-dicken-9\/","og_site_name":"K\u00e4sipallon miesten Aktialiiga","article_publisher":"https:\/\/www.facebook.com\/finnhandball","article_published_time":"2024-09-18T19:09:46+00:00","og_image":[{"width":1178,"height":556,"url":"https:\/\/i0.wp.com\/aktialiiga.fi\/miehet\/wp-content\/uploads\/sites\/5\/2024\/03\/Dicken_Sirenius_Ken_2324.jpg?fit=1178%2C556&ssl=1","type":"image\/jpeg"}],"author":"tbrmedia","twitter_card":"summary_large_image","twitter_creator":"@finnhandball","twitter_site":"@finnhandball","schema":{"@context":"https:\/\/schema.org","@graph":[{"@type":"Article","@id":"https:\/\/aktialiiga.fi\/miehet\/2024-2025\/kohti-kautta-2024-25\/kohti-kautta-dicken-9\/#article","isPartOf":{"@id":"https:\/\/aktialiiga.fi\/miehet\/2024-2025\/kohti-kautta-2024-25\/kohti-kautta-dicken-9\/"},"author":{"name":"tbrmedia","@id":"https:\/\/aktialiiga.fi\/miehet\/#\/schema\/person\/c14bf42f47041db74603c45afcb18d87"},"headline":"Kohti kautta: Dicken","datePublished":"2024-09-18T19:09:46+00:00","mainEntityOfPage":{"@id":"https:\/\/aktialiiga.fi\/miehet\/2024-2025\/kohti-kautta-2024-25\/kohti-kautta-dicken-9\/"},"wordCount":230,"publisher":{"@id":"https:\/\/aktialiiga.fi\/miehet\/#organization"},"image":{"@id":"https:\/\/aktialiiga.fi\/miehet\/2024-2025\/kohti-kautta-2024-25\/kohti-kautta-dicken-9\/#primaryimage"},"thumbnailUrl":"https:\/\/i0.wp.com\/aktialiiga.fi\/miehet\/wp-content\/uploads\/sites\/5\/2024\/03\/Dicken_Sirenius_Ken_2324.jpg?fit=1178%2C556&ssl=1","keywords":["Dicken"],"articleSection":["Kohti kautta"],"inLanguage":"fi"},{"@type":"WebPage","@id":"https:\/\/aktialiiga.fi\/miehet\/2024-2025\/kohti-kautta-2024-25\/kohti-kautta-dicken-9\/","url":"https:\/\/aktialiiga.fi\/miehet\/2024-2025\/kohti-kautta-2024-25\/kohti-kautta-dicken-9\/","name":"Kohti kautta: Dicken | K\u00e4sipallon miesten Aktialiiga","isPartOf":{"@id":"https:\/\/aktialiiga.fi\/miehet\/#website"},"primaryImageOfPage":{"@id":"https:\/\/aktialiiga.fi\/miehet\/2024-2025\/kohti-kautta-2024-25\/kohti-kautta-dicken-9\/#primaryimage"},"image":{"@id":"https:\/\/aktialiiga.fi\/miehet\/2024-2025\/kohti-kautta-2024-25\/kohti-kautta-dicken-9\/#primaryimage"},"thumbnailUrl":"https:\/\/i0.wp.com\/aktialiiga.fi\/miehet\/wp-content\/uploads\/sites\/5\/2024\/03\/Dicken_Sirenius_Ken_2324.jpg?fit=1178%2C556&ssl=1","datePublished":"2024-09-18T19:09:46+00:00","breadcrumb":{"@id":"https:\/\/aktialiiga.fi\/miehet\/2024-2025\/kohti-kautta-2024-25\/kohti-kautta-dicken-9\/#breadcrumb"},"inLanguage":"fi","potentialAction":[{"@type":"ReadAction","target":["https:\/\/aktialiiga.fi\/miehet\/2024-2025\/kohti-kautta-2024-25\/kohti-kautta-dicken-9\/"]}]},{"@type":"ImageObject","inLanguage":"fi","@id":"https:\/\/aktialiiga.fi\/miehet\/2024-2025\/kohti-kautta-2024-25\/kohti-kautta-dicken-9\/#primaryimage","url":"https:\/\/i0.wp.com\/aktialiiga.fi\/miehet\/wp-content\/uploads\/sites\/5\/2024\/03\/Dicken_Sirenius_Ken_2324.jpg?fit=1178%2C556&ssl=1","contentUrl":"https:\/\/i0.wp.com\/aktialiiga.fi\/miehet\/wp-content\/uploads\/sites\/5\/2024\/03\/Dicken_Sirenius_Ken_2324.jpg?fit=1178%2C556&ssl=1","width":1178,"height":556,"caption":"Ken Sirenius, Dicken K\u00e4sipallon SM-liiga Dicken - BK-46 Pirkkolan palloiluhalli 25. lokakuuta 2023. (Kalle Parkkinen\/Newspix24)"},{"@type":"BreadcrumbList","@id":"https:\/\/aktialiiga.fi\/miehet\/2024-2025\/kohti-kautta-2024-25\/kohti-kautta-dicken-9\/#breadcrumb","itemListElement":[{"@type":"ListItem","position":1,"name":"Etusivu","item":"https:\/\/aktialiiga.fi\/miehet\/"},{"@type":"ListItem","position":2,"name":"Kohti kautta: Dicken"}]},{"@type":"WebSite","@id":"https:\/\/aktialiiga.fi\/miehet\/#website","url":"https:\/\/aktialiiga.fi\/miehet\/","name":"K\u00e4sipallon miesten Aktialiiga","description":"Valtakunnan vauhdikkainta palloilua!","publisher":{"@id":"https:\/\/aktialiiga.fi\/miehet\/#organization"},"potentialAction":[{"@type":"SearchAction","target":{"@type":"EntryPoint","urlTemplate":"https:\/\/aktialiiga.fi\/miehet\/?s={search_term_string}"},"query-input":{"@type":"PropertyValueSpecification","valueRequired":true,"valueName":"search_term_string"}}],"inLanguage":"fi"},{"@type":"Organization","@id":"https:\/\/aktialiiga.fi\/miehet\/#organization","name":"K\u00e4sipallon miesten Aktialiiga","url":"https:\/\/aktialiiga.fi\/miehet\/","logo":{"@type":"ImageObject","inLanguage":"fi","@id":"https:\/\/aktialiiga.fi\/miehet\/#\/schema\/logo\/image\/","url":"https:\/\/i0.wp.com\/aktialiiga.fi\/miehet\/wp-content\/uploads\/sites\/5\/2024\/09\/Aktialiiga-Yoast-512.png?fit=512%2C512&ssl=1","contentUrl":"https:\/\/i0.wp.com\/aktialiiga.fi\/miehet\/wp-content\/uploads\/sites\/5\/2024\/09\/Aktialiiga-Yoast-512.png?fit=512%2C512&ssl=1","width":512,"height":512,"caption":"K\u00e4sipallon miesten Aktialiiga"},"image":{"@id":"https:\/\/aktialiiga.fi\/miehet\/#\/schema\/logo\/image\/"},"sameAs":["https:\/\/www.facebook.com\/finnhandball","https:\/\/x.com\/finnhandball","https:\/\/www.instagram.com\/handballfinland\/"]},{"@type":"Person","@id":"https:\/\/aktialiiga.fi\/miehet\/#\/schema\/person\/c14bf42f47041db74603c45afcb18d87","name":"tbrmedia","image":{"@type":"ImageObject","inLanguage":"fi","@id":"https:\/\/secure.gravatar.com\/avatar\/ee975fa091fe581d12b60debb3439022686618368a7c142044c56724d4666b16?s=96&d=mm&r=g","url":"https:\/\/secure.gravatar.com\/avatar\/ee975fa091fe581d12b60debb3439022686618368a7c142044c56724d4666b16?s=96&d=mm&r=g","contentUrl":"https:\/\/secure.gravatar.com\/avatar\/ee975fa091fe581d12b60debb3439022686618368a7c142044c56724d4666b16?s=96&d=mm&r=g","caption":"tbrmedia"}}]}},"jetpack_featured_media_url":"https:\/\/i0.wp.com\/aktialiiga.fi\/miehet\/wp-content\/uploads\/sites\/5\/2024\/03\/Dicken_Sirenius_Ken_2324.jpg?fit=1178%2C556&ssl=1","jetpack_sharing_enabled":true,"jetpack_shortlink":"https:\/\/wp.me\/pfTxOr-fU0","_links":{"self":[{"href":"https:\/\/aktialiiga.fi\/miehet\/wp-json\/wp\/v2\/posts\/61132","targetHints":{"allow":["GET"]}}],"collection":[{"href":"https:\/\/aktialiiga.fi\/miehet\/wp-json\/wp\/v2\/posts"}],"about":[{"href":"https:\/\/aktialiiga.fi\/miehet\/wp-json\/wp\/v2\/types\/post"}],"author":[{"embeddable":true,"href":"https:\/\/aktialiiga.fi\/miehet\/wp-json\/wp\/v2\/users\/13"}],"replies":[{"embeddable":true,"href":"https:\/\/aktialiiga.fi\/miehet\/wp-json\/wp\/v2\/comments?post=61132"}],"version-history":[{"count":2,"href":"https:\/\/aktialiiga.fi\/miehet\/wp-json\/wp\/v2\/posts\/61132\/revisions"}],"predecessor-version":[{"id":61134,"href":"https:\/\/aktialiiga.fi\/miehet\/wp-json\/wp\/v2\/posts\/61132\/revisions\/61134"}],"wp:featuredmedia":[{"embeddable":true,"href":"https:\/\/aktialiiga.fi\/miehet\/wp-json\/wp\/v2\/media\/47529"}],"wp:attachment":[{"href":"https:\/\/aktialiiga.fi\/miehet\/wp-json\/wp\/v2\/media?parent=61132"}],"wp:term":[{"taxonomy":"category","embeddable":true,"href":"https:\/\/aktialiiga.fi\/miehet\/wp-json\/wp\/v2\/categories?post=61132"},{"taxonomy":"post_tag","embeddable":true,"href":"https:\/\/aktialiiga.fi\/miehet\/wp-json\/wp\/v2\/tags?post=61132"}],"curies":[{"name":"wp","href":"https:\/\/api.w.org\/{rel}","templated":true}]}}