{"id":62045,"date":"2024-11-02T17:42:51","date_gmt":"2024-11-02T15:42:51","guid":{"rendered":"https:\/\/aktialiiga.fi\/miehet\/?p=62045"},"modified":"2024-11-02T18:07:40","modified_gmt":"2024-11-02T16:07:40","slug":"sif-kaatoi-dickenin-selkein-lukemin","status":"publish","type":"post","link":"https:\/\/aktialiiga.fi\/miehet\/2024-2025\/ottelut-2024-25\/sif-kaatoi-dickenin-selkein-lukemin\/","title":{"rendered":"SIF kaatoi Dickenin selkein lukemin"},"content":{"rendered":"<p>SIF otti lauantaina vakuuttavan kotivoiton vierailleesta Dickenist\u00e4 ja kohensi asemiaan sarjataulukon keskikastissa.<\/p>\n<p>Alku ottelussa oli suhteellisen tasainen, mutta ensimm\u00e4isen vartin t\u00e4yttyess\u00e4 SIF alkoi v\u00e4hitellen hivuttautua karkumatkalle. Tauon alla siuntiolaiset latoivat seitsem\u00e4n maalia per\u00e4j\u00e4lkeen ja ottivat tukevan johtoaseman.<\/p>\n<p>Dicken ei saanut kunnon kiri\u00e4 aikaiseksi tauon j\u00e4lkeen, vaan SIF piti varmasti kiinni selv\u00e4st\u00e4 johtoasemastaan ja lopulta my\u00f6s venytti etumatkaansa, eik\u00e4 voittajasta lopussa ollut en\u00e4\u00e4 mit\u00e4\u00e4n ep\u00e4selvyytt\u00e4.<\/p>\n<p>SIF:n p\u00e4\u00e4valmentaja Harry Wikstr\u00f6m saattoi tyytyv\u00e4isen\u00e4 todeta lopputuleman.<\/p>\n<p>&#8211; Vahva puolustus ja hyv\u00e4 maalivahtipeli vauhdittivat hy\u00f6kk\u00e4yst\u00e4 joten saatiin pisteet kotiin t\u00e4n\u00e4\u00e4n, Wikstr\u00f6m kiteytti.<\/p>\n<p>Dickenin p\u00e4\u00e4valmentaja Ken Sirenius my\u00f6nsi, ett\u00e4 esitys j\u00e4i siit\u00e4 mik\u00e4 tavoitteena oli.<\/p>\n<p>&#8211; Emme onnistuneet t\u00e4n\u00e4\u00e4n siin\u00e4, mik\u00e4 pit\u00e4isi olla joukkueemme tunnusmerkkej\u00e4, mitk\u00e4 ovat vahva luonne ja taistelutahto. Emme pystyneet siihen, emme oikeastaan olleet matsissa ollenkaan.<\/p>\n<p>&#8211; Siuntio oli selke\u00e4sti parempi. Nyt siirr\u00e4mme katseen ensi viikon otteluun ja jatkamme t\u00f6it\u00e4 maanantaina, Sirenius totesi.<\/p>\n<p>Parhaan pelaajan tittelin kuittasi nimiins\u00e4 SIF:n kokenut Vitalie Nenita.<\/p>\n<p>&#8211; Pelasimme hyv\u00e4n ottelun t\u00e4n\u00e4\u00e4n. Kiitos Dickenille. Olemme p\u00e4\u00e4sem\u00e4ss\u00e4 vauhtiin ja jatkammekin nyt valmisteluja seuraavaa ottelua varten, Nenita katsoi jo eteenp\u00e4in.<\/p>\n","protected":false},"excerpt":{"rendered":"<p>SIF otti lauantaina vakuuttavan kotivoiton vierailleesta Dickenist\u00e4 ja kohensi asemiaan sarjataulukon keskikastissa. Alku ottelussa oli suhteellisen tasainen, mutta ensimm\u00e4isen vartin t\u00e4yttyess\u00e4 SIF alkoi v\u00e4hitellen hivuttautua karkumatkalle. Tauon alla siuntiolaiset latoivat seitsem\u00e4n maalia per\u00e4j\u00e4lkeen ja ottivat tukevan johtoaseman. Dicken ei saanut kunnon kiri\u00e4 aikaiseksi tauon j\u00e4lkeen, vaan SIF piti varmasti kiinni selv\u00e4st\u00e4 johtoasemastaan ja lopulta my\u00f6s [&hellip;]<\/p>\n","protected":false},"author":13,"featured_media":61610,"comment_status":"closed","ping_status":"closed","sticky":false,"template":"","format":"standard","meta":{"_acf_changed":false,"jetpack_post_was_ever_published":false,"_jetpack_newsletter_access":"","_jetpack_dont_email_post_to_subs":false,"_jetpack_newsletter_tier_id":0,"_jetpack_memberships_contains_paywalled_content":false,"_jetpack_memberships_contains_paid_content":false,"footnotes":""},"categories":[320],"tags":[58,111],"class_list":["post-62045","post","type-post","status-publish","format-standard","has-post-thumbnail","hentry","category-ottelut-2024-25","tag-dicken","tag-sif"],"acf":[],"yoast_head":"<!-- This site is optimized with the Yoast SEO plugin v27.4 - https:\/\/yoast.com\/product\/yoast-seo-wordpress\/ -->\n<title>SIF kaatoi Dickenin selkein lukemin | K\u00e4sipallon miesten Aktialiiga<\/title>\n<meta name=\"robots\" content=\"index, follow, max-snippet:-1, max-image-preview:large, max-video-preview:-1\" \/>\n<link rel=\"canonical\" href=\"https:\/\/aktialiiga.fi\/miehet\/2024-2025\/ottelut-2024-25\/sif-kaatoi-dickenin-selkein-lukemin\/\" \/>\n<meta property=\"og:locale\" content=\"fi_FI\" \/>\n<meta property=\"og:type\" content=\"article\" \/>\n<meta property=\"og:title\" content=\"SIF kaatoi Dickenin selkein lukemin | K\u00e4sipallon miesten Aktialiiga\" \/>\n<meta property=\"og:description\" content=\"SIF otti lauantaina vakuuttavan kotivoiton vierailleesta Dickenist\u00e4 ja kohensi asemiaan sarjataulukon keskikastissa. Alku ottelussa oli suhteellisen tasainen, mutta ensimm\u00e4isen vartin t\u00e4yttyess\u00e4 SIF alkoi v\u00e4hitellen hivuttautua karkumatkalle. Tauon alla siuntiolaiset latoivat seitsem\u00e4n maalia per\u00e4j\u00e4lkeen ja ottivat tukevan johtoaseman. Dicken ei saanut kunnon kiri\u00e4 aikaiseksi tauon j\u00e4lkeen, vaan SIF piti varmasti kiinni selv\u00e4st\u00e4 johtoasemastaan ja lopulta my\u00f6s [&hellip;]\" \/>\n<meta property=\"og:url\" content=\"https:\/\/aktialiiga.fi\/miehet\/2024-2025\/ottelut-2024-25\/sif-kaatoi-dickenin-selkein-lukemin\/\" \/>\n<meta property=\"og:site_name\" content=\"K\u00e4sipallon miesten Aktialiiga\" \/>\n<meta property=\"article:publisher\" content=\"https:\/\/www.facebook.com\/finnhandball\" \/>\n<meta property=\"article:published_time\" content=\"2024-11-02T15:42:51+00:00\" \/>\n<meta property=\"article:modified_time\" content=\"2024-11-02T16:07:40+00:00\" \/>\n<meta property=\"og:image\" content=\"https:\/\/i0.wp.com\/aktialiiga.fi\/miehet\/wp-content\/uploads\/sites\/5\/2024\/10\/A7308422-Forbattrat-BR-scaled.jpg?fit=2560%2C1707&ssl=1\" \/>\n\t<meta property=\"og:image:width\" content=\"2560\" \/>\n\t<meta property=\"og:image:height\" content=\"1707\" \/>\n\t<meta property=\"og:image:type\" content=\"image\/jpeg\" \/>\n<meta name=\"author\" content=\"tbrmedia\" \/>\n<meta name=\"twitter:card\" content=\"summary_large_image\" \/>\n<meta name=\"twitter:creator\" content=\"@finnhandball\" \/>\n<meta name=\"twitter:site\" content=\"@finnhandball\" \/>\n<script type=\"application\/ld+json\" class=\"yoast-schema-graph\">{\"@context\":\"https:\\\/\\\/schema.org\",\"@graph\":[{\"@type\":\"Article\",\"@id\":\"https:\\\/\\\/aktialiiga.fi\\\/miehet\\\/2024-2025\\\/ottelut-2024-25\\\/sif-kaatoi-dickenin-selkein-lukemin\\\/#article\",\"isPartOf\":{\"@id\":\"https:\\\/\\\/aktialiiga.fi\\\/miehet\\\/2024-2025\\\/ottelut-2024-25\\\/sif-kaatoi-dickenin-selkein-lukemin\\\/\"},\"author\":{\"name\":\"tbrmedia\",\"@id\":\"https:\\\/\\\/aktialiiga.fi\\\/miehet\\\/#\\\/schema\\\/person\\\/c14bf42f47041db74603c45afcb18d87\"},\"headline\":\"SIF kaatoi Dickenin selkein lukemin\",\"datePublished\":\"2024-11-02T15:42:51+00:00\",\"dateModified\":\"2024-11-02T16:07:40+00:00\",\"mainEntityOfPage\":{\"@id\":\"https:\\\/\\\/aktialiiga.fi\\\/miehet\\\/2024-2025\\\/ottelut-2024-25\\\/sif-kaatoi-dickenin-selkein-lukemin\\\/\"},\"wordCount\":211,\"publisher\":{\"@id\":\"https:\\\/\\\/aktialiiga.fi\\\/miehet\\\/#organization\"},\"image\":{\"@id\":\"https:\\\/\\\/aktialiiga.fi\\\/miehet\\\/2024-2025\\\/ottelut-2024-25\\\/sif-kaatoi-dickenin-selkein-lukemin\\\/#primaryimage\"},\"thumbnailUrl\":\"https:\\\/\\\/i0.wp.com\\\/aktialiiga.fi\\\/miehet\\\/wp-content\\\/uploads\\\/sites\\\/5\\\/2024\\\/10\\\/A7308422-Forbattrat-BR-scaled.jpg?fit=2560%2C1707&ssl=1\",\"keywords\":[\"Dicken\",\"SIF\"],\"articleSection\":[\"Ottelut 2024-25\"],\"inLanguage\":\"fi\"},{\"@type\":\"WebPage\",\"@id\":\"https:\\\/\\\/aktialiiga.fi\\\/miehet\\\/2024-2025\\\/ottelut-2024-25\\\/sif-kaatoi-dickenin-selkein-lukemin\\\/\",\"url\":\"https:\\\/\\\/aktialiiga.fi\\\/miehet\\\/2024-2025\\\/ottelut-2024-25\\\/sif-kaatoi-dickenin-selkein-lukemin\\\/\",\"name\":\"SIF kaatoi Dickenin selkein lukemin | K\u00e4sipallon miesten Aktialiiga\",\"isPartOf\":{\"@id\":\"https:\\\/\\\/aktialiiga.fi\\\/miehet\\\/#website\"},\"primaryImageOfPage\":{\"@id\":\"https:\\\/\\\/aktialiiga.fi\\\/miehet\\\/2024-2025\\\/ottelut-2024-25\\\/sif-kaatoi-dickenin-selkein-lukemin\\\/#primaryimage\"},\"image\":{\"@id\":\"https:\\\/\\\/aktialiiga.fi\\\/miehet\\\/2024-2025\\\/ottelut-2024-25\\\/sif-kaatoi-dickenin-selkein-lukemin\\\/#primaryimage\"},\"thumbnailUrl\":\"https:\\\/\\\/i0.wp.com\\\/aktialiiga.fi\\\/miehet\\\/wp-content\\\/uploads\\\/sites\\\/5\\\/2024\\\/10\\\/A7308422-Forbattrat-BR-scaled.jpg?fit=2560%2C1707&ssl=1\",\"datePublished\":\"2024-11-02T15:42:51+00:00\",\"dateModified\":\"2024-11-02T16:07:40+00:00\",\"breadcrumb\":{\"@id\":\"https:\\\/\\\/aktialiiga.fi\\\/miehet\\\/2024-2025\\\/ottelut-2024-25\\\/sif-kaatoi-dickenin-selkein-lukemin\\\/#breadcrumb\"},\"inLanguage\":\"fi\",\"potentialAction\":[{\"@type\":\"ReadAction\",\"target\":[\"https:\\\/\\\/aktialiiga.fi\\\/miehet\\\/2024-2025\\\/ottelut-2024-25\\\/sif-kaatoi-dickenin-selkein-lukemin\\\/\"]}]},{\"@type\":\"ImageObject\",\"inLanguage\":\"fi\",\"@id\":\"https:\\\/\\\/aktialiiga.fi\\\/miehet\\\/2024-2025\\\/ottelut-2024-25\\\/sif-kaatoi-dickenin-selkein-lukemin\\\/#primaryimage\",\"url\":\"https:\\\/\\\/i0.wp.com\\\/aktialiiga.fi\\\/miehet\\\/wp-content\\\/uploads\\\/sites\\\/5\\\/2024\\\/10\\\/A7308422-Forbattrat-BR-scaled.jpg?fit=2560%2C1707&ssl=1\",\"contentUrl\":\"https:\\\/\\\/i0.wp.com\\\/aktialiiga.fi\\\/miehet\\\/wp-content\\\/uploads\\\/sites\\\/5\\\/2024\\\/10\\\/A7308422-Forbattrat-BR-scaled.jpg?fit=2560%2C1707&ssl=1\",\"width\":2560,\"height\":1707},{\"@type\":\"BreadcrumbList\",\"@id\":\"https:\\\/\\\/aktialiiga.fi\\\/miehet\\\/2024-2025\\\/ottelut-2024-25\\\/sif-kaatoi-dickenin-selkein-lukemin\\\/#breadcrumb\",\"itemListElement\":[{\"@type\":\"ListItem\",\"position\":1,\"name\":\"Etusivu\",\"item\":\"https:\\\/\\\/aktialiiga.fi\\\/miehet\\\/\"},{\"@type\":\"ListItem\",\"position\":2,\"name\":\"SIF kaatoi Dickenin selkein lukemin\"}]},{\"@type\":\"WebSite\",\"@id\":\"https:\\\/\\\/aktialiiga.fi\\\/miehet\\\/#website\",\"url\":\"https:\\\/\\\/aktialiiga.fi\\\/miehet\\\/\",\"name\":\"K\u00e4sipallon miesten Aktialiiga\",\"description\":\"Valtakunnan vauhdikkainta palloilua!\",\"publisher\":{\"@id\":\"https:\\\/\\\/aktialiiga.fi\\\/miehet\\\/#organization\"},\"potentialAction\":[{\"@type\":\"SearchAction\",\"target\":{\"@type\":\"EntryPoint\",\"urlTemplate\":\"https:\\\/\\\/aktialiiga.fi\\\/miehet\\\/?s={search_term_string}\"},\"query-input\":{\"@type\":\"PropertyValueSpecification\",\"valueRequired\":true,\"valueName\":\"search_term_string\"}}],\"inLanguage\":\"fi\"},{\"@type\":\"Organization\",\"@id\":\"https:\\\/\\\/aktialiiga.fi\\\/miehet\\\/#organization\",\"name\":\"K\u00e4sipallon miesten Aktialiiga\",\"url\":\"https:\\\/\\\/aktialiiga.fi\\\/miehet\\\/\",\"logo\":{\"@type\":\"ImageObject\",\"inLanguage\":\"fi\",\"@id\":\"https:\\\/\\\/aktialiiga.fi\\\/miehet\\\/#\\\/schema\\\/logo\\\/image\\\/\",\"url\":\"https:\\\/\\\/i0.wp.com\\\/aktialiiga.fi\\\/miehet\\\/wp-content\\\/uploads\\\/sites\\\/5\\\/2024\\\/09\\\/Aktialiiga-Yoast-512.png?fit=512%2C512&ssl=1\",\"contentUrl\":\"https:\\\/\\\/i0.wp.com\\\/aktialiiga.fi\\\/miehet\\\/wp-content\\\/uploads\\\/sites\\\/5\\\/2024\\\/09\\\/Aktialiiga-Yoast-512.png?fit=512%2C512&ssl=1\",\"width\":512,\"height\":512,\"caption\":\"K\u00e4sipallon miesten Aktialiiga\"},\"image\":{\"@id\":\"https:\\\/\\\/aktialiiga.fi\\\/miehet\\\/#\\\/schema\\\/logo\\\/image\\\/\"},\"sameAs\":[\"https:\\\/\\\/www.facebook.com\\\/finnhandball\",\"https:\\\/\\\/x.com\\\/finnhandball\",\"https:\\\/\\\/www.instagram.com\\\/handballfinland\\\/\"]},{\"@type\":\"Person\",\"@id\":\"https:\\\/\\\/aktialiiga.fi\\\/miehet\\\/#\\\/schema\\\/person\\\/c14bf42f47041db74603c45afcb18d87\",\"name\":\"tbrmedia\",\"image\":{\"@type\":\"ImageObject\",\"inLanguage\":\"fi\",\"@id\":\"https:\\\/\\\/secure.gravatar.com\\\/avatar\\\/ee975fa091fe581d12b60debb3439022686618368a7c142044c56724d4666b16?s=96&d=mm&r=g\",\"url\":\"https:\\\/\\\/secure.gravatar.com\\\/avatar\\\/ee975fa091fe581d12b60debb3439022686618368a7c142044c56724d4666b16?s=96&d=mm&r=g\",\"contentUrl\":\"https:\\\/\\\/secure.gravatar.com\\\/avatar\\\/ee975fa091fe581d12b60debb3439022686618368a7c142044c56724d4666b16?s=96&d=mm&r=g\",\"caption\":\"tbrmedia\"}}]}<\/script>\n<!-- \/ Yoast SEO plugin. -->","yoast_head_json":{"title":"SIF kaatoi Dickenin selkein lukemin | K\u00e4sipallon miesten Aktialiiga","robots":{"index":"index","follow":"follow","max-snippet":"max-snippet:-1","max-image-preview":"max-image-preview:large","max-video-preview":"max-video-preview:-1"},"canonical":"https:\/\/aktialiiga.fi\/miehet\/2024-2025\/ottelut-2024-25\/sif-kaatoi-dickenin-selkein-lukemin\/","og_locale":"fi_FI","og_type":"article","og_title":"SIF kaatoi Dickenin selkein lukemin | K\u00e4sipallon miesten Aktialiiga","og_description":"SIF otti lauantaina vakuuttavan kotivoiton vierailleesta Dickenist\u00e4 ja kohensi asemiaan sarjataulukon keskikastissa. Alku ottelussa oli suhteellisen tasainen, mutta ensimm\u00e4isen vartin t\u00e4yttyess\u00e4 SIF alkoi v\u00e4hitellen hivuttautua karkumatkalle. Tauon alla siuntiolaiset latoivat seitsem\u00e4n maalia per\u00e4j\u00e4lkeen ja ottivat tukevan johtoaseman. Dicken ei saanut kunnon kiri\u00e4 aikaiseksi tauon j\u00e4lkeen, vaan SIF piti varmasti kiinni selv\u00e4st\u00e4 johtoasemastaan ja lopulta my\u00f6s [&hellip;]","og_url":"https:\/\/aktialiiga.fi\/miehet\/2024-2025\/ottelut-2024-25\/sif-kaatoi-dickenin-selkein-lukemin\/","og_site_name":"K\u00e4sipallon miesten Aktialiiga","article_publisher":"https:\/\/www.facebook.com\/finnhandball","article_published_time":"2024-11-02T15:42:51+00:00","article_modified_time":"2024-11-02T16:07:40+00:00","og_image":[{"width":2560,"height":1707,"url":"https:\/\/i0.wp.com\/aktialiiga.fi\/miehet\/wp-content\/uploads\/sites\/5\/2024\/10\/A7308422-Forbattrat-BR-scaled.jpg?fit=2560%2C1707&ssl=1","type":"image\/jpeg"}],"author":"tbrmedia","twitter_card":"summary_large_image","twitter_creator":"@finnhandball","twitter_site":"@finnhandball","schema":{"@context":"https:\/\/schema.org","@graph":[{"@type":"Article","@id":"https:\/\/aktialiiga.fi\/miehet\/2024-2025\/ottelut-2024-25\/sif-kaatoi-dickenin-selkein-lukemin\/#article","isPartOf":{"@id":"https:\/\/aktialiiga.fi\/miehet\/2024-2025\/ottelut-2024-25\/sif-kaatoi-dickenin-selkein-lukemin\/"},"author":{"name":"tbrmedia","@id":"https:\/\/aktialiiga.fi\/miehet\/#\/schema\/person\/c14bf42f47041db74603c45afcb18d87"},"headline":"SIF kaatoi Dickenin selkein lukemin","datePublished":"2024-11-02T15:42:51+00:00","dateModified":"2024-11-02T16:07:40+00:00","mainEntityOfPage":{"@id":"https:\/\/aktialiiga.fi\/miehet\/2024-2025\/ottelut-2024-25\/sif-kaatoi-dickenin-selkein-lukemin\/"},"wordCount":211,"publisher":{"@id":"https:\/\/aktialiiga.fi\/miehet\/#organization"},"image":{"@id":"https:\/\/aktialiiga.fi\/miehet\/2024-2025\/ottelut-2024-25\/sif-kaatoi-dickenin-selkein-lukemin\/#primaryimage"},"thumbnailUrl":"https:\/\/i0.wp.com\/aktialiiga.fi\/miehet\/wp-content\/uploads\/sites\/5\/2024\/10\/A7308422-Forbattrat-BR-scaled.jpg?fit=2560%2C1707&ssl=1","keywords":["Dicken","SIF"],"articleSection":["Ottelut 2024-25"],"inLanguage":"fi"},{"@type":"WebPage","@id":"https:\/\/aktialiiga.fi\/miehet\/2024-2025\/ottelut-2024-25\/sif-kaatoi-dickenin-selkein-lukemin\/","url":"https:\/\/aktialiiga.fi\/miehet\/2024-2025\/ottelut-2024-25\/sif-kaatoi-dickenin-selkein-lukemin\/","name":"SIF kaatoi Dickenin selkein lukemin | K\u00e4sipallon miesten Aktialiiga","isPartOf":{"@id":"https:\/\/aktialiiga.fi\/miehet\/#website"},"primaryImageOfPage":{"@id":"https:\/\/aktialiiga.fi\/miehet\/2024-2025\/ottelut-2024-25\/sif-kaatoi-dickenin-selkein-lukemin\/#primaryimage"},"image":{"@id":"https:\/\/aktialiiga.fi\/miehet\/2024-2025\/ottelut-2024-25\/sif-kaatoi-dickenin-selkein-lukemin\/#primaryimage"},"thumbnailUrl":"https:\/\/i0.wp.com\/aktialiiga.fi\/miehet\/wp-content\/uploads\/sites\/5\/2024\/10\/A7308422-Forbattrat-BR-scaled.jpg?fit=2560%2C1707&ssl=1","datePublished":"2024-11-02T15:42:51+00:00","dateModified":"2024-11-02T16:07:40+00:00","breadcrumb":{"@id":"https:\/\/aktialiiga.fi\/miehet\/2024-2025\/ottelut-2024-25\/sif-kaatoi-dickenin-selkein-lukemin\/#breadcrumb"},"inLanguage":"fi","potentialAction":[{"@type":"ReadAction","target":["https:\/\/aktialiiga.fi\/miehet\/2024-2025\/ottelut-2024-25\/sif-kaatoi-dickenin-selkein-lukemin\/"]}]},{"@type":"ImageObject","inLanguage":"fi","@id":"https:\/\/aktialiiga.fi\/miehet\/2024-2025\/ottelut-2024-25\/sif-kaatoi-dickenin-selkein-lukemin\/#primaryimage","url":"https:\/\/i0.wp.com\/aktialiiga.fi\/miehet\/wp-content\/uploads\/sites\/5\/2024\/10\/A7308422-Forbattrat-BR-scaled.jpg?fit=2560%2C1707&ssl=1","contentUrl":"https:\/\/i0.wp.com\/aktialiiga.fi\/miehet\/wp-content\/uploads\/sites\/5\/2024\/10\/A7308422-Forbattrat-BR-scaled.jpg?fit=2560%2C1707&ssl=1","width":2560,"height":1707},{"@type":"BreadcrumbList","@id":"https:\/\/aktialiiga.fi\/miehet\/2024-2025\/ottelut-2024-25\/sif-kaatoi-dickenin-selkein-lukemin\/#breadcrumb","itemListElement":[{"@type":"ListItem","position":1,"name":"Etusivu","item":"https:\/\/aktialiiga.fi\/miehet\/"},{"@type":"ListItem","position":2,"name":"SIF kaatoi Dickenin selkein lukemin"}]},{"@type":"WebSite","@id":"https:\/\/aktialiiga.fi\/miehet\/#website","url":"https:\/\/aktialiiga.fi\/miehet\/","name":"K\u00e4sipallon miesten Aktialiiga","description":"Valtakunnan vauhdikkainta palloilua!","publisher":{"@id":"https:\/\/aktialiiga.fi\/miehet\/#organization"},"potentialAction":[{"@type":"SearchAction","target":{"@type":"EntryPoint","urlTemplate":"https:\/\/aktialiiga.fi\/miehet\/?s={search_term_string}"},"query-input":{"@type":"PropertyValueSpecification","valueRequired":true,"valueName":"search_term_string"}}],"inLanguage":"fi"},{"@type":"Organization","@id":"https:\/\/aktialiiga.fi\/miehet\/#organization","name":"K\u00e4sipallon miesten Aktialiiga","url":"https:\/\/aktialiiga.fi\/miehet\/","logo":{"@type":"ImageObject","inLanguage":"fi","@id":"https:\/\/aktialiiga.fi\/miehet\/#\/schema\/logo\/image\/","url":"https:\/\/i0.wp.com\/aktialiiga.fi\/miehet\/wp-content\/uploads\/sites\/5\/2024\/09\/Aktialiiga-Yoast-512.png?fit=512%2C512&ssl=1","contentUrl":"https:\/\/i0.wp.com\/aktialiiga.fi\/miehet\/wp-content\/uploads\/sites\/5\/2024\/09\/Aktialiiga-Yoast-512.png?fit=512%2C512&ssl=1","width":512,"height":512,"caption":"K\u00e4sipallon miesten Aktialiiga"},"image":{"@id":"https:\/\/aktialiiga.fi\/miehet\/#\/schema\/logo\/image\/"},"sameAs":["https:\/\/www.facebook.com\/finnhandball","https:\/\/x.com\/finnhandball","https:\/\/www.instagram.com\/handballfinland\/"]},{"@type":"Person","@id":"https:\/\/aktialiiga.fi\/miehet\/#\/schema\/person\/c14bf42f47041db74603c45afcb18d87","name":"tbrmedia","image":{"@type":"ImageObject","inLanguage":"fi","@id":"https:\/\/secure.gravatar.com\/avatar\/ee975fa091fe581d12b60debb3439022686618368a7c142044c56724d4666b16?s=96&d=mm&r=g","url":"https:\/\/secure.gravatar.com\/avatar\/ee975fa091fe581d12b60debb3439022686618368a7c142044c56724d4666b16?s=96&d=mm&r=g","contentUrl":"https:\/\/secure.gravatar.com\/avatar\/ee975fa091fe581d12b60debb3439022686618368a7c142044c56724d4666b16?s=96&d=mm&r=g","caption":"tbrmedia"}}]}},"jetpack_featured_media_url":"https:\/\/i0.wp.com\/aktialiiga.fi\/miehet\/wp-content\/uploads\/sites\/5\/2024\/10\/A7308422-Forbattrat-BR-scaled.jpg?fit=2560%2C1707&ssl=1","jetpack_sharing_enabled":true,"jetpack_shortlink":"https:\/\/wp.me\/pfTxOr-g8J","_links":{"self":[{"href":"https:\/\/aktialiiga.fi\/miehet\/wp-json\/wp\/v2\/posts\/62045","targetHints":{"allow":["GET"]}}],"collection":[{"href":"https:\/\/aktialiiga.fi\/miehet\/wp-json\/wp\/v2\/posts"}],"about":[{"href":"https:\/\/aktialiiga.fi\/miehet\/wp-json\/wp\/v2\/types\/post"}],"author":[{"embeddable":true,"href":"https:\/\/aktialiiga.fi\/miehet\/wp-json\/wp\/v2\/users\/13"}],"replies":[{"embeddable":true,"href":"https:\/\/aktialiiga.fi\/miehet\/wp-json\/wp\/v2\/comments?post=62045"}],"version-history":[{"count":4,"href":"https:\/\/aktialiiga.fi\/miehet\/wp-json\/wp\/v2\/posts\/62045\/revisions"}],"predecessor-version":[{"id":62145,"href":"https:\/\/aktialiiga.fi\/miehet\/wp-json\/wp\/v2\/posts\/62045\/revisions\/62145"}],"wp:featuredmedia":[{"embeddable":true,"href":"https:\/\/aktialiiga.fi\/miehet\/wp-json\/wp\/v2\/media\/61610"}],"wp:attachment":[{"href":"https:\/\/aktialiiga.fi\/miehet\/wp-json\/wp\/v2\/media?parent=62045"}],"wp:term":[{"taxonomy":"category","embeddable":true,"href":"https:\/\/aktialiiga.fi\/miehet\/wp-json\/wp\/v2\/categories?post=62045"},{"taxonomy":"post_tag","embeddable":true,"href":"https:\/\/aktialiiga.fi\/miehet\/wp-json\/wp\/v2\/tags?post=62045"}],"curies":[{"name":"wp","href":"https:\/\/api.w.org\/{rel}","templated":true}]}}