{"id":62298,"date":"2024-12-03T18:48:33","date_gmt":"2024-12-03T16:48:33","guid":{"rendered":"https:\/\/aktialiiga.fi\/miehet\/?p=62298"},"modified":"2024-12-03T18:48:33","modified_gmt":"2024-12-03T16:48:33","slug":"vastnylandsderby-avaa-aktialiigan-joulukuun-keskiviikkona","status":"publish","type":"post","link":"https:\/\/aktialiiga.fi\/miehet\/2024-2025\/ennakot-2024-25\/vastnylandsderby-avaa-aktialiigan-joulukuun-keskiviikkona\/","title":{"rendered":"V\u00e4stnylandsderby avaa Aktialiigan joulukuun keskiviikkona"},"content":{"rendered":"<p>Aktialiigassa pelataan ennen itsen\u00e4isyysp\u00e4iv\u00e4viikonloppua yksi ottelu, kun SIF is\u00e4nn\u00f6i derbyss\u00e4 sarjak\u00e4rki BK-46:tta.<\/p>\n<p>BK-46 painelee vahvasti sarjataulukon k\u00e4rjess\u00e4 vain yhden pistemenetyksen k\u00e4rsineen\u00e4, mutta kaksi edellist\u00e4 otteluaan voitokkaasti selvitt\u00e4nyt SIF on valmis haastamaan rakkaan vihollisensa.<\/p>\n<p>SIF sai edellisottelussa ik\u00e4vi\u00e4 uutisia kokeneen Anton Luuppalan jouduttua j\u00e4tt\u00e4m\u00e4\u00e4n kent\u00e4n loukattuaan polvensa. Positiiviselle puolelle voiton lis\u00e4ksi SIF saattoi kirjata uuden vahvistuksen Kerim Torlakovicsin v\u00e4hint\u00e4\u00e4nkin lupaavan debyytin.<\/p>\n<p>Siin\u00e4 miss\u00e4 SIF p\u00e4\u00e4see otteluun hyvin lev\u00e4nneen\u00e4, BK:lla on takana tiivis ottelurupeama ja lauantailta taskussa komeasti jatkopaikka EHF European Cupin 16 parhaan joukkoon.<\/p>\n<p>&#8211; Sill\u00e4 on iso merkitys joukkueelle, nyt meill\u00e4 on jotain ekstraa, jota odottaa, BK:n Miska Henriksson kuvasi V\u00e4stra Nylandille europelimenestyksen merkityst\u00e4.<\/p>\n<p>Kantaako BK:n hyv\u00e4 eurovire voittoon my\u00f6s Siuntiossa vai onko kotijoukkueella paikka yll\u00e4tt\u00e4\u00e4 juuri t\u00e4h\u00e4n saumaan? Se selvi\u00e4\u00e4 keskiviikkona. SIF:lla on ainakin kalavelkoja kauden ensimm\u00e4isen kohtaamisen Karjaalla p\u00e4\u00e4tytty\u00e4 BK:n selv\u00e4\u00e4n 17 maalin voittoon.<\/p>\n<p><strong>Aktialiiga keskiviikkona 4.12.<\/strong><br \/>\nKlo 19.00 SIF \u2013 BK-46<\/p>\n<p><em>HandisTV esitt\u00e4\u00e4 t\u00e4ll\u00e4kin kaudella kaikki ottelut suorina l\u00e4hetyksin\u00e4. Lue lis\u00e4\u00e4 <a href=\"https:\/\/aktialiiga.fi\/handistv\/\">t\u00e4\u00e4lt\u00e4<\/a>.<\/em><\/p>\n","protected":false},"excerpt":{"rendered":"<p>Aktialiigassa pelataan ennen itsen\u00e4isyysp\u00e4iv\u00e4viikonloppua yksi ottelu, kun SIF is\u00e4nn\u00f6i derbyss\u00e4 sarjak\u00e4rki BK-46:tta. BK-46 painelee vahvasti sarjataulukon k\u00e4rjess\u00e4 vain yhden pistemenetyksen k\u00e4rsineen\u00e4, mutta kaksi edellist\u00e4 otteluaan voitokkaasti selvitt\u00e4nyt SIF on valmis haastamaan rakkaan vihollisensa. SIF sai edellisottelussa ik\u00e4vi\u00e4 uutisia kokeneen Anton Luuppalan jouduttua j\u00e4tt\u00e4m\u00e4\u00e4n kent\u00e4n loukattuaan polvensa. Positiiviselle puolelle voiton lis\u00e4ksi SIF saattoi kirjata uuden vahvistuksen [&hellip;]<\/p>\n","protected":false},"author":13,"featured_media":62299,"comment_status":"closed","ping_status":"closed","sticky":false,"template":"","format":"standard","meta":{"_acf_changed":false,"jetpack_post_was_ever_published":false,"_jetpack_newsletter_access":"","_jetpack_dont_email_post_to_subs":false,"_jetpack_newsletter_tier_id":0,"_jetpack_memberships_contains_paywalled_content":false,"_jetpack_memberships_contains_paid_content":false,"footnotes":""},"categories":[321],"tags":[56,111],"class_list":["post-62298","post","type-post","status-publish","format-standard","has-post-thumbnail","hentry","category-ennakot-2024-25","tag-bk-46","tag-sif"],"acf":[],"yoast_head":"<!-- This site is optimized with the Yoast SEO plugin v27.5 - https:\/\/yoast.com\/product\/yoast-seo-wordpress\/ -->\n<title>V\u00e4stnylandsderby avaa Aktialiigan joulukuun keskiviikkona | K\u00e4sipallon miesten Aktialiiga<\/title>\n<meta name=\"robots\" content=\"index, follow, max-snippet:-1, max-image-preview:large, max-video-preview:-1\" \/>\n<link rel=\"canonical\" href=\"https:\/\/aktialiiga.fi\/miehet\/2024-2025\/ennakot-2024-25\/vastnylandsderby-avaa-aktialiigan-joulukuun-keskiviikkona\/\" \/>\n<meta property=\"og:locale\" content=\"fi_FI\" \/>\n<meta property=\"og:type\" content=\"article\" \/>\n<meta property=\"og:title\" content=\"V\u00e4stnylandsderby avaa Aktialiigan joulukuun keskiviikkona | K\u00e4sipallon miesten Aktialiiga\" \/>\n<meta property=\"og:description\" content=\"Aktialiigassa pelataan ennen itsen\u00e4isyysp\u00e4iv\u00e4viikonloppua yksi ottelu, kun SIF is\u00e4nn\u00f6i derbyss\u00e4 sarjak\u00e4rki BK-46:tta. BK-46 painelee vahvasti sarjataulukon k\u00e4rjess\u00e4 vain yhden pistemenetyksen k\u00e4rsineen\u00e4, mutta kaksi edellist\u00e4 otteluaan voitokkaasti selvitt\u00e4nyt SIF on valmis haastamaan rakkaan vihollisensa. SIF sai edellisottelussa ik\u00e4vi\u00e4 uutisia kokeneen Anton Luuppalan jouduttua j\u00e4tt\u00e4m\u00e4\u00e4n kent\u00e4n loukattuaan polvensa. Positiiviselle puolelle voiton lis\u00e4ksi SIF saattoi kirjata uuden vahvistuksen [&hellip;]\" \/>\n<meta property=\"og:url\" content=\"https:\/\/aktialiiga.fi\/miehet\/2024-2025\/ennakot-2024-25\/vastnylandsderby-avaa-aktialiigan-joulukuun-keskiviikkona\/\" \/>\n<meta property=\"og:site_name\" content=\"K\u00e4sipallon miesten Aktialiiga\" \/>\n<meta property=\"article:publisher\" content=\"https:\/\/www.facebook.com\/finnhandball\" \/>\n<meta property=\"article:published_time\" content=\"2024-12-03T16:48:33+00:00\" \/>\n<meta property=\"og:image\" content=\"https:\/\/i0.wp.com\/aktialiiga.fi\/miehet\/wp-content\/uploads\/sites\/5\/2024\/12\/A7308422-Forbattrat-BR-scaled.jpg?fit=2560%2C1707&ssl=1\" \/>\n\t<meta property=\"og:image:width\" content=\"2560\" \/>\n\t<meta property=\"og:image:height\" content=\"1707\" \/>\n\t<meta property=\"og:image:type\" content=\"image\/jpeg\" \/>\n<meta name=\"author\" content=\"tbrmedia\" \/>\n<meta name=\"twitter:card\" content=\"summary_large_image\" \/>\n<meta name=\"twitter:creator\" content=\"@finnhandball\" \/>\n<meta name=\"twitter:site\" content=\"@finnhandball\" \/>\n<script type=\"application\/ld+json\" class=\"yoast-schema-graph\">{\"@context\":\"https:\\\/\\\/schema.org\",\"@graph\":[{\"@type\":\"Article\",\"@id\":\"https:\\\/\\\/aktialiiga.fi\\\/miehet\\\/2024-2025\\\/ennakot-2024-25\\\/vastnylandsderby-avaa-aktialiigan-joulukuun-keskiviikkona\\\/#article\",\"isPartOf\":{\"@id\":\"https:\\\/\\\/aktialiiga.fi\\\/miehet\\\/2024-2025\\\/ennakot-2024-25\\\/vastnylandsderby-avaa-aktialiigan-joulukuun-keskiviikkona\\\/\"},\"author\":{\"name\":\"tbrmedia\",\"@id\":\"https:\\\/\\\/aktialiiga.fi\\\/miehet\\\/#\\\/schema\\\/person\\\/c14bf42f47041db74603c45afcb18d87\"},\"headline\":\"V\u00e4stnylandsderby avaa Aktialiigan joulukuun keskiviikkona\",\"datePublished\":\"2024-12-03T16:48:33+00:00\",\"mainEntityOfPage\":{\"@id\":\"https:\\\/\\\/aktialiiga.fi\\\/miehet\\\/2024-2025\\\/ennakot-2024-25\\\/vastnylandsderby-avaa-aktialiigan-joulukuun-keskiviikkona\\\/\"},\"wordCount\":193,\"publisher\":{\"@id\":\"https:\\\/\\\/aktialiiga.fi\\\/miehet\\\/#organization\"},\"image\":{\"@id\":\"https:\\\/\\\/aktialiiga.fi\\\/miehet\\\/2024-2025\\\/ennakot-2024-25\\\/vastnylandsderby-avaa-aktialiigan-joulukuun-keskiviikkona\\\/#primaryimage\"},\"thumbnailUrl\":\"https:\\\/\\\/i0.wp.com\\\/aktialiiga.fi\\\/miehet\\\/wp-content\\\/uploads\\\/sites\\\/5\\\/2024\\\/12\\\/A7308422-Forbattrat-BR-scaled.jpg?fit=2560%2C1707&ssl=1\",\"keywords\":[\"BK-46\",\"SIF\"],\"articleSection\":[\"Ennakot\"],\"inLanguage\":\"fi\"},{\"@type\":\"WebPage\",\"@id\":\"https:\\\/\\\/aktialiiga.fi\\\/miehet\\\/2024-2025\\\/ennakot-2024-25\\\/vastnylandsderby-avaa-aktialiigan-joulukuun-keskiviikkona\\\/\",\"url\":\"https:\\\/\\\/aktialiiga.fi\\\/miehet\\\/2024-2025\\\/ennakot-2024-25\\\/vastnylandsderby-avaa-aktialiigan-joulukuun-keskiviikkona\\\/\",\"name\":\"V\u00e4stnylandsderby avaa Aktialiigan joulukuun keskiviikkona | K\u00e4sipallon miesten Aktialiiga\",\"isPartOf\":{\"@id\":\"https:\\\/\\\/aktialiiga.fi\\\/miehet\\\/#website\"},\"primaryImageOfPage\":{\"@id\":\"https:\\\/\\\/aktialiiga.fi\\\/miehet\\\/2024-2025\\\/ennakot-2024-25\\\/vastnylandsderby-avaa-aktialiigan-joulukuun-keskiviikkona\\\/#primaryimage\"},\"image\":{\"@id\":\"https:\\\/\\\/aktialiiga.fi\\\/miehet\\\/2024-2025\\\/ennakot-2024-25\\\/vastnylandsderby-avaa-aktialiigan-joulukuun-keskiviikkona\\\/#primaryimage\"},\"thumbnailUrl\":\"https:\\\/\\\/i0.wp.com\\\/aktialiiga.fi\\\/miehet\\\/wp-content\\\/uploads\\\/sites\\\/5\\\/2024\\\/12\\\/A7308422-Forbattrat-BR-scaled.jpg?fit=2560%2C1707&ssl=1\",\"datePublished\":\"2024-12-03T16:48:33+00:00\",\"breadcrumb\":{\"@id\":\"https:\\\/\\\/aktialiiga.fi\\\/miehet\\\/2024-2025\\\/ennakot-2024-25\\\/vastnylandsderby-avaa-aktialiigan-joulukuun-keskiviikkona\\\/#breadcrumb\"},\"inLanguage\":\"fi\",\"potentialAction\":[{\"@type\":\"ReadAction\",\"target\":[\"https:\\\/\\\/aktialiiga.fi\\\/miehet\\\/2024-2025\\\/ennakot-2024-25\\\/vastnylandsderby-avaa-aktialiigan-joulukuun-keskiviikkona\\\/\"]}]},{\"@type\":\"ImageObject\",\"inLanguage\":\"fi\",\"@id\":\"https:\\\/\\\/aktialiiga.fi\\\/miehet\\\/2024-2025\\\/ennakot-2024-25\\\/vastnylandsderby-avaa-aktialiigan-joulukuun-keskiviikkona\\\/#primaryimage\",\"url\":\"https:\\\/\\\/i0.wp.com\\\/aktialiiga.fi\\\/miehet\\\/wp-content\\\/uploads\\\/sites\\\/5\\\/2024\\\/12\\\/A7308422-Forbattrat-BR-scaled.jpg?fit=2560%2C1707&ssl=1\",\"contentUrl\":\"https:\\\/\\\/i0.wp.com\\\/aktialiiga.fi\\\/miehet\\\/wp-content\\\/uploads\\\/sites\\\/5\\\/2024\\\/12\\\/A7308422-Forbattrat-BR-scaled.jpg?fit=2560%2C1707&ssl=1\",\"width\":2560,\"height\":1707,\"caption\":\"SIF pelaajia\"},{\"@type\":\"BreadcrumbList\",\"@id\":\"https:\\\/\\\/aktialiiga.fi\\\/miehet\\\/2024-2025\\\/ennakot-2024-25\\\/vastnylandsderby-avaa-aktialiigan-joulukuun-keskiviikkona\\\/#breadcrumb\",\"itemListElement\":[{\"@type\":\"ListItem\",\"position\":1,\"name\":\"Etusivu\",\"item\":\"https:\\\/\\\/aktialiiga.fi\\\/miehet\\\/\"},{\"@type\":\"ListItem\",\"position\":2,\"name\":\"V\u00e4stnylandsderby avaa Aktialiigan joulukuun keskiviikkona\"}]},{\"@type\":\"WebSite\",\"@id\":\"https:\\\/\\\/aktialiiga.fi\\\/miehet\\\/#website\",\"url\":\"https:\\\/\\\/aktialiiga.fi\\\/miehet\\\/\",\"name\":\"K\u00e4sipallon miesten Aktialiiga\",\"description\":\"Valtakunnan vauhdikkainta palloilua!\",\"publisher\":{\"@id\":\"https:\\\/\\\/aktialiiga.fi\\\/miehet\\\/#organization\"},\"potentialAction\":[{\"@type\":\"SearchAction\",\"target\":{\"@type\":\"EntryPoint\",\"urlTemplate\":\"https:\\\/\\\/aktialiiga.fi\\\/miehet\\\/?s={search_term_string}\"},\"query-input\":{\"@type\":\"PropertyValueSpecification\",\"valueRequired\":true,\"valueName\":\"search_term_string\"}}],\"inLanguage\":\"fi\"},{\"@type\":\"Organization\",\"@id\":\"https:\\\/\\\/aktialiiga.fi\\\/miehet\\\/#organization\",\"name\":\"K\u00e4sipallon miesten Aktialiiga\",\"url\":\"https:\\\/\\\/aktialiiga.fi\\\/miehet\\\/\",\"logo\":{\"@type\":\"ImageObject\",\"inLanguage\":\"fi\",\"@id\":\"https:\\\/\\\/aktialiiga.fi\\\/miehet\\\/#\\\/schema\\\/logo\\\/image\\\/\",\"url\":\"https:\\\/\\\/i0.wp.com\\\/aktialiiga.fi\\\/miehet\\\/wp-content\\\/uploads\\\/sites\\\/5\\\/2024\\\/09\\\/Aktialiiga-Yoast-512.png?fit=512%2C512&ssl=1\",\"contentUrl\":\"https:\\\/\\\/i0.wp.com\\\/aktialiiga.fi\\\/miehet\\\/wp-content\\\/uploads\\\/sites\\\/5\\\/2024\\\/09\\\/Aktialiiga-Yoast-512.png?fit=512%2C512&ssl=1\",\"width\":512,\"height\":512,\"caption\":\"K\u00e4sipallon miesten Aktialiiga\"},\"image\":{\"@id\":\"https:\\\/\\\/aktialiiga.fi\\\/miehet\\\/#\\\/schema\\\/logo\\\/image\\\/\"},\"sameAs\":[\"https:\\\/\\\/www.facebook.com\\\/finnhandball\",\"https:\\\/\\\/x.com\\\/finnhandball\",\"https:\\\/\\\/www.instagram.com\\\/handballfinland\\\/\"]},{\"@type\":\"Person\",\"@id\":\"https:\\\/\\\/aktialiiga.fi\\\/miehet\\\/#\\\/schema\\\/person\\\/c14bf42f47041db74603c45afcb18d87\",\"name\":\"tbrmedia\",\"image\":{\"@type\":\"ImageObject\",\"inLanguage\":\"fi\",\"@id\":\"https:\\\/\\\/secure.gravatar.com\\\/avatar\\\/ee975fa091fe581d12b60debb3439022686618368a7c142044c56724d4666b16?s=96&d=mm&r=g\",\"url\":\"https:\\\/\\\/secure.gravatar.com\\\/avatar\\\/ee975fa091fe581d12b60debb3439022686618368a7c142044c56724d4666b16?s=96&d=mm&r=g\",\"contentUrl\":\"https:\\\/\\\/secure.gravatar.com\\\/avatar\\\/ee975fa091fe581d12b60debb3439022686618368a7c142044c56724d4666b16?s=96&d=mm&r=g\",\"caption\":\"tbrmedia\"}}]}<\/script>\n<!-- \/ Yoast SEO plugin. -->","yoast_head_json":{"title":"V\u00e4stnylandsderby avaa Aktialiigan joulukuun keskiviikkona | K\u00e4sipallon miesten Aktialiiga","robots":{"index":"index","follow":"follow","max-snippet":"max-snippet:-1","max-image-preview":"max-image-preview:large","max-video-preview":"max-video-preview:-1"},"canonical":"https:\/\/aktialiiga.fi\/miehet\/2024-2025\/ennakot-2024-25\/vastnylandsderby-avaa-aktialiigan-joulukuun-keskiviikkona\/","og_locale":"fi_FI","og_type":"article","og_title":"V\u00e4stnylandsderby avaa Aktialiigan joulukuun keskiviikkona | K\u00e4sipallon miesten Aktialiiga","og_description":"Aktialiigassa pelataan ennen itsen\u00e4isyysp\u00e4iv\u00e4viikonloppua yksi ottelu, kun SIF is\u00e4nn\u00f6i derbyss\u00e4 sarjak\u00e4rki BK-46:tta. BK-46 painelee vahvasti sarjataulukon k\u00e4rjess\u00e4 vain yhden pistemenetyksen k\u00e4rsineen\u00e4, mutta kaksi edellist\u00e4 otteluaan voitokkaasti selvitt\u00e4nyt SIF on valmis haastamaan rakkaan vihollisensa. SIF sai edellisottelussa ik\u00e4vi\u00e4 uutisia kokeneen Anton Luuppalan jouduttua j\u00e4tt\u00e4m\u00e4\u00e4n kent\u00e4n loukattuaan polvensa. Positiiviselle puolelle voiton lis\u00e4ksi SIF saattoi kirjata uuden vahvistuksen [&hellip;]","og_url":"https:\/\/aktialiiga.fi\/miehet\/2024-2025\/ennakot-2024-25\/vastnylandsderby-avaa-aktialiigan-joulukuun-keskiviikkona\/","og_site_name":"K\u00e4sipallon miesten Aktialiiga","article_publisher":"https:\/\/www.facebook.com\/finnhandball","article_published_time":"2024-12-03T16:48:33+00:00","og_image":[{"width":2560,"height":1707,"url":"https:\/\/i0.wp.com\/aktialiiga.fi\/miehet\/wp-content\/uploads\/sites\/5\/2024\/12\/A7308422-Forbattrat-BR-scaled.jpg?fit=2560%2C1707&ssl=1","type":"image\/jpeg"}],"author":"tbrmedia","twitter_card":"summary_large_image","twitter_creator":"@finnhandball","twitter_site":"@finnhandball","schema":{"@context":"https:\/\/schema.org","@graph":[{"@type":"Article","@id":"https:\/\/aktialiiga.fi\/miehet\/2024-2025\/ennakot-2024-25\/vastnylandsderby-avaa-aktialiigan-joulukuun-keskiviikkona\/#article","isPartOf":{"@id":"https:\/\/aktialiiga.fi\/miehet\/2024-2025\/ennakot-2024-25\/vastnylandsderby-avaa-aktialiigan-joulukuun-keskiviikkona\/"},"author":{"name":"tbrmedia","@id":"https:\/\/aktialiiga.fi\/miehet\/#\/schema\/person\/c14bf42f47041db74603c45afcb18d87"},"headline":"V\u00e4stnylandsderby avaa Aktialiigan joulukuun keskiviikkona","datePublished":"2024-12-03T16:48:33+00:00","mainEntityOfPage":{"@id":"https:\/\/aktialiiga.fi\/miehet\/2024-2025\/ennakot-2024-25\/vastnylandsderby-avaa-aktialiigan-joulukuun-keskiviikkona\/"},"wordCount":193,"publisher":{"@id":"https:\/\/aktialiiga.fi\/miehet\/#organization"},"image":{"@id":"https:\/\/aktialiiga.fi\/miehet\/2024-2025\/ennakot-2024-25\/vastnylandsderby-avaa-aktialiigan-joulukuun-keskiviikkona\/#primaryimage"},"thumbnailUrl":"https:\/\/i0.wp.com\/aktialiiga.fi\/miehet\/wp-content\/uploads\/sites\/5\/2024\/12\/A7308422-Forbattrat-BR-scaled.jpg?fit=2560%2C1707&ssl=1","keywords":["BK-46","SIF"],"articleSection":["Ennakot"],"inLanguage":"fi"},{"@type":"WebPage","@id":"https:\/\/aktialiiga.fi\/miehet\/2024-2025\/ennakot-2024-25\/vastnylandsderby-avaa-aktialiigan-joulukuun-keskiviikkona\/","url":"https:\/\/aktialiiga.fi\/miehet\/2024-2025\/ennakot-2024-25\/vastnylandsderby-avaa-aktialiigan-joulukuun-keskiviikkona\/","name":"V\u00e4stnylandsderby avaa Aktialiigan joulukuun keskiviikkona | K\u00e4sipallon miesten Aktialiiga","isPartOf":{"@id":"https:\/\/aktialiiga.fi\/miehet\/#website"},"primaryImageOfPage":{"@id":"https:\/\/aktialiiga.fi\/miehet\/2024-2025\/ennakot-2024-25\/vastnylandsderby-avaa-aktialiigan-joulukuun-keskiviikkona\/#primaryimage"},"image":{"@id":"https:\/\/aktialiiga.fi\/miehet\/2024-2025\/ennakot-2024-25\/vastnylandsderby-avaa-aktialiigan-joulukuun-keskiviikkona\/#primaryimage"},"thumbnailUrl":"https:\/\/i0.wp.com\/aktialiiga.fi\/miehet\/wp-content\/uploads\/sites\/5\/2024\/12\/A7308422-Forbattrat-BR-scaled.jpg?fit=2560%2C1707&ssl=1","datePublished":"2024-12-03T16:48:33+00:00","breadcrumb":{"@id":"https:\/\/aktialiiga.fi\/miehet\/2024-2025\/ennakot-2024-25\/vastnylandsderby-avaa-aktialiigan-joulukuun-keskiviikkona\/#breadcrumb"},"inLanguage":"fi","potentialAction":[{"@type":"ReadAction","target":["https:\/\/aktialiiga.fi\/miehet\/2024-2025\/ennakot-2024-25\/vastnylandsderby-avaa-aktialiigan-joulukuun-keskiviikkona\/"]}]},{"@type":"ImageObject","inLanguage":"fi","@id":"https:\/\/aktialiiga.fi\/miehet\/2024-2025\/ennakot-2024-25\/vastnylandsderby-avaa-aktialiigan-joulukuun-keskiviikkona\/#primaryimage","url":"https:\/\/i0.wp.com\/aktialiiga.fi\/miehet\/wp-content\/uploads\/sites\/5\/2024\/12\/A7308422-Forbattrat-BR-scaled.jpg?fit=2560%2C1707&ssl=1","contentUrl":"https:\/\/i0.wp.com\/aktialiiga.fi\/miehet\/wp-content\/uploads\/sites\/5\/2024\/12\/A7308422-Forbattrat-BR-scaled.jpg?fit=2560%2C1707&ssl=1","width":2560,"height":1707,"caption":"SIF pelaajia"},{"@type":"BreadcrumbList","@id":"https:\/\/aktialiiga.fi\/miehet\/2024-2025\/ennakot-2024-25\/vastnylandsderby-avaa-aktialiigan-joulukuun-keskiviikkona\/#breadcrumb","itemListElement":[{"@type":"ListItem","position":1,"name":"Etusivu","item":"https:\/\/aktialiiga.fi\/miehet\/"},{"@type":"ListItem","position":2,"name":"V\u00e4stnylandsderby avaa Aktialiigan joulukuun keskiviikkona"}]},{"@type":"WebSite","@id":"https:\/\/aktialiiga.fi\/miehet\/#website","url":"https:\/\/aktialiiga.fi\/miehet\/","name":"K\u00e4sipallon miesten Aktialiiga","description":"Valtakunnan vauhdikkainta palloilua!","publisher":{"@id":"https:\/\/aktialiiga.fi\/miehet\/#organization"},"potentialAction":[{"@type":"SearchAction","target":{"@type":"EntryPoint","urlTemplate":"https:\/\/aktialiiga.fi\/miehet\/?s={search_term_string}"},"query-input":{"@type":"PropertyValueSpecification","valueRequired":true,"valueName":"search_term_string"}}],"inLanguage":"fi"},{"@type":"Organization","@id":"https:\/\/aktialiiga.fi\/miehet\/#organization","name":"K\u00e4sipallon miesten Aktialiiga","url":"https:\/\/aktialiiga.fi\/miehet\/","logo":{"@type":"ImageObject","inLanguage":"fi","@id":"https:\/\/aktialiiga.fi\/miehet\/#\/schema\/logo\/image\/","url":"https:\/\/i0.wp.com\/aktialiiga.fi\/miehet\/wp-content\/uploads\/sites\/5\/2024\/09\/Aktialiiga-Yoast-512.png?fit=512%2C512&ssl=1","contentUrl":"https:\/\/i0.wp.com\/aktialiiga.fi\/miehet\/wp-content\/uploads\/sites\/5\/2024\/09\/Aktialiiga-Yoast-512.png?fit=512%2C512&ssl=1","width":512,"height":512,"caption":"K\u00e4sipallon miesten Aktialiiga"},"image":{"@id":"https:\/\/aktialiiga.fi\/miehet\/#\/schema\/logo\/image\/"},"sameAs":["https:\/\/www.facebook.com\/finnhandball","https:\/\/x.com\/finnhandball","https:\/\/www.instagram.com\/handballfinland\/"]},{"@type":"Person","@id":"https:\/\/aktialiiga.fi\/miehet\/#\/schema\/person\/c14bf42f47041db74603c45afcb18d87","name":"tbrmedia","image":{"@type":"ImageObject","inLanguage":"fi","@id":"https:\/\/secure.gravatar.com\/avatar\/ee975fa091fe581d12b60debb3439022686618368a7c142044c56724d4666b16?s=96&d=mm&r=g","url":"https:\/\/secure.gravatar.com\/avatar\/ee975fa091fe581d12b60debb3439022686618368a7c142044c56724d4666b16?s=96&d=mm&r=g","contentUrl":"https:\/\/secure.gravatar.com\/avatar\/ee975fa091fe581d12b60debb3439022686618368a7c142044c56724d4666b16?s=96&d=mm&r=g","caption":"tbrmedia"}}]}},"jetpack_featured_media_url":"https:\/\/i0.wp.com\/aktialiiga.fi\/miehet\/wp-content\/uploads\/sites\/5\/2024\/12\/A7308422-Forbattrat-BR-scaled.jpg?fit=2560%2C1707&ssl=1","jetpack_sharing_enabled":true,"jetpack_shortlink":"https:\/\/wp.me\/pfTxOr-gcO","_links":{"self":[{"href":"https:\/\/aktialiiga.fi\/miehet\/wp-json\/wp\/v2\/posts\/62298","targetHints":{"allow":["GET"]}}],"collection":[{"href":"https:\/\/aktialiiga.fi\/miehet\/wp-json\/wp\/v2\/posts"}],"about":[{"href":"https:\/\/aktialiiga.fi\/miehet\/wp-json\/wp\/v2\/types\/post"}],"author":[{"embeddable":true,"href":"https:\/\/aktialiiga.fi\/miehet\/wp-json\/wp\/v2\/users\/13"}],"replies":[{"embeddable":true,"href":"https:\/\/aktialiiga.fi\/miehet\/wp-json\/wp\/v2\/comments?post=62298"}],"version-history":[{"count":2,"href":"https:\/\/aktialiiga.fi\/miehet\/wp-json\/wp\/v2\/posts\/62298\/revisions"}],"predecessor-version":[{"id":62377,"href":"https:\/\/aktialiiga.fi\/miehet\/wp-json\/wp\/v2\/posts\/62298\/revisions\/62377"}],"wp:featuredmedia":[{"embeddable":true,"href":"https:\/\/aktialiiga.fi\/miehet\/wp-json\/wp\/v2\/media\/62299"}],"wp:attachment":[{"href":"https:\/\/aktialiiga.fi\/miehet\/wp-json\/wp\/v2\/media?parent=62298"}],"wp:term":[{"taxonomy":"category","embeddable":true,"href":"https:\/\/aktialiiga.fi\/miehet\/wp-json\/wp\/v2\/categories?post=62298"},{"taxonomy":"post_tag","embeddable":true,"href":"https:\/\/aktialiiga.fi\/miehet\/wp-json\/wp\/v2\/tags?post=62298"}],"curies":[{"name":"wp","href":"https:\/\/api.w.org\/{rel}","templated":true}]}}