{"id":62389,"date":"2024-12-11T21:01:54","date_gmt":"2024-12-11T19:01:54","guid":{"rendered":"https:\/\/aktialiiga.fi\/miehet\/?p=62389"},"modified":"2024-12-11T21:21:31","modified_gmt":"2024-12-11T19:21:31","slug":"grifk-haki-pisteet-siuntiosta-2","status":"publish","type":"post","link":"https:\/\/aktialiiga.fi\/miehet\/2024-2025\/ottelut-2024-25\/grifk-haki-pisteet-siuntiosta-2\/","title":{"rendered":"GrIFK haki pisteet Siuntiosta"},"content":{"rendered":"<p>GrIFK vankisti asemiaan sarjataulukon keskikastissa ottamalla kolmannen per\u00e4tt\u00e4isen voittonsa, kun SIF kaatui vieraskent\u00e4ll\u00e4 keskiviikkona.<\/p>\n<p>Ottelu eteni tasaisesti aina numeroihin 7-7 saakka. Sen j\u00e4lkeen vierailija GrIFK alkoi v\u00e4hitellen tekem\u00e4\u00e4n eroa is\u00e4ntiin ja taukoon menness\u00e4 vierasjohto oli venynyt jo viiteen maaliin.<\/p>\n<p>Tauon j\u00e4lkeen ero pysytteli samoilla lukemilla, eik\u00e4 SIF miss\u00e4\u00e4n vaiheessa p\u00e4\u00e4ssyt kolmea maalia l\u00e4hemm\u00e4s. Loppuminuuteilla maalit olivat tiukassa ja t\u00e4m\u00e4 sopi Granille, joka piti johtoasemastaan kiinni varmasti ottelun p\u00e4\u00e4t\u00f6kseen saakka.<\/p>\n<p>SIF:n p\u00e4\u00e4valmentaja Harry Wikstr\u00f6m antoi joukkueelleen kiitosta tappiosta huolimatta.<\/p>\n<p>&#8211; Taisteltiin t\u00e4n\u00e4\u00e4n ihan hyvin, mutta hy\u00f6kk\u00e4yspeliss\u00e4 liikuimme liikaa sivuttain, emmek\u00e4 p\u00e4\u00e4sseet tarpeeksi hyville maalipaikoille, Wikstr\u00f6m ruoti ottelun ratkaisua.<\/p>\n<p>GrIFK-valmentaja Anthony Hellakoski n\u00e4ki ratkaisun olleen ennen kaikkea hyv\u00e4ss\u00e4 puolustuksessa.<\/p>\n<p>&#8211; Meill\u00e4 oli t\u00e4n\u00e4\u00e4n todella hyv\u00e4 puolustuspeli ja ensimm\u00e4isell\u00e4 puoliajalla hy\u00f6kk\u00e4yspeli toimi hienosti. Toisella puoliajalla v\u00e4syimme hiukan, mik\u00e4 n\u00e4kyi puolustuksessa, mutta kaiken kaikkiaan hyv\u00e4 peli t\u00e4n\u00e4\u00e4n, Hellakoski summasi.<\/p>\n<p>Ottelun parhaan pelaajana palkittu Granin Carl Weurlander oli niin ik\u00e4\u00e4n tyytyv\u00e4inen esitykseen ja voittoon.<\/p>\n<p>&#8211; Kiva voittaa Siuntiossa. Toisella puoliajalla oli hetken v\u00e4h\u00e4n tiukempaa, mutta saimme onneksi tilanteen haltuun.<\/p>\n","protected":false},"excerpt":{"rendered":"<p>GrIFK vankisti asemiaan sarjataulukon keskikastissa ottamalla kolmannen per\u00e4tt\u00e4isen voittonsa, kun SIF kaatui vieraskent\u00e4ll\u00e4 keskiviikkona. Ottelu eteni tasaisesti aina numeroihin 7-7 saakka. Sen j\u00e4lkeen vierailija GrIFK alkoi v\u00e4hitellen tekem\u00e4\u00e4n eroa is\u00e4ntiin ja taukoon menness\u00e4 vierasjohto oli venynyt jo viiteen maaliin. Tauon j\u00e4lkeen ero pysytteli samoilla lukemilla, eik\u00e4 SIF miss\u00e4\u00e4n vaiheessa p\u00e4\u00e4ssyt kolmea maalia l\u00e4hemm\u00e4s. Loppuminuuteilla maalit [&hellip;]<\/p>\n","protected":false},"author":13,"featured_media":46437,"comment_status":"closed","ping_status":"closed","sticky":false,"template":"","format":"standard","meta":{"_acf_changed":false,"jetpack_post_was_ever_published":false,"_jetpack_newsletter_access":"","_jetpack_dont_email_post_to_subs":false,"_jetpack_newsletter_tier_id":0,"_jetpack_memberships_contains_paywalled_content":false,"_jetpack_memberships_contains_paid_content":false,"footnotes":""},"categories":[320],"tags":[64,111],"class_list":["post-62389","post","type-post","status-publish","format-standard","has-post-thumbnail","hentry","category-ottelut-2024-25","tag-grifk","tag-sif"],"acf":[],"yoast_head":"<!-- This site is optimized with the Yoast SEO plugin v27.4 - https:\/\/yoast.com\/product\/yoast-seo-wordpress\/ -->\n<title>GrIFK haki pisteet Siuntiosta | K\u00e4sipallon miesten Aktialiiga<\/title>\n<meta name=\"robots\" content=\"index, follow, max-snippet:-1, max-image-preview:large, max-video-preview:-1\" \/>\n<link rel=\"canonical\" href=\"https:\/\/aktialiiga.fi\/miehet\/2024-2025\/ottelut-2024-25\/grifk-haki-pisteet-siuntiosta-2\/\" \/>\n<meta property=\"og:locale\" content=\"fi_FI\" \/>\n<meta property=\"og:type\" content=\"article\" \/>\n<meta property=\"og:title\" content=\"GrIFK haki pisteet Siuntiosta | K\u00e4sipallon miesten Aktialiiga\" \/>\n<meta property=\"og:description\" content=\"GrIFK vankisti asemiaan sarjataulukon keskikastissa ottamalla kolmannen per\u00e4tt\u00e4isen voittonsa, kun SIF kaatui vieraskent\u00e4ll\u00e4 keskiviikkona. Ottelu eteni tasaisesti aina numeroihin 7-7 saakka. Sen j\u00e4lkeen vierailija GrIFK alkoi v\u00e4hitellen tekem\u00e4\u00e4n eroa is\u00e4ntiin ja taukoon menness\u00e4 vierasjohto oli venynyt jo viiteen maaliin. Tauon j\u00e4lkeen ero pysytteli samoilla lukemilla, eik\u00e4 SIF miss\u00e4\u00e4n vaiheessa p\u00e4\u00e4ssyt kolmea maalia l\u00e4hemm\u00e4s. Loppuminuuteilla maalit [&hellip;]\" \/>\n<meta property=\"og:url\" content=\"https:\/\/aktialiiga.fi\/miehet\/2024-2025\/ottelut-2024-25\/grifk-haki-pisteet-siuntiosta-2\/\" \/>\n<meta property=\"og:site_name\" content=\"K\u00e4sipallon miesten Aktialiiga\" \/>\n<meta property=\"article:publisher\" content=\"https:\/\/www.facebook.com\/finnhandball\" \/>\n<meta property=\"article:published_time\" content=\"2024-12-11T19:01:54+00:00\" \/>\n<meta property=\"article:modified_time\" content=\"2024-12-11T19:21:31+00:00\" \/>\n<meta property=\"og:image\" content=\"https:\/\/i0.wp.com\/aktialiiga.fi\/miehet\/wp-content\/uploads\/sites\/5\/2024\/01\/GrIFK_Weurlander_Carl_2324.jpg?fit=1031%2C461&ssl=1\" \/>\n\t<meta property=\"og:image:width\" content=\"1031\" \/>\n\t<meta property=\"og:image:height\" content=\"461\" \/>\n\t<meta property=\"og:image:type\" content=\"image\/jpeg\" \/>\n<meta name=\"author\" content=\"tbrmedia\" \/>\n<meta name=\"twitter:card\" content=\"summary_large_image\" \/>\n<meta name=\"twitter:creator\" content=\"@finnhandball\" \/>\n<meta name=\"twitter:site\" content=\"@finnhandball\" \/>\n<script type=\"application\/ld+json\" class=\"yoast-schema-graph\">{\"@context\":\"https:\\\/\\\/schema.org\",\"@graph\":[{\"@type\":\"Article\",\"@id\":\"https:\\\/\\\/aktialiiga.fi\\\/miehet\\\/2024-2025\\\/ottelut-2024-25\\\/grifk-haki-pisteet-siuntiosta-2\\\/#article\",\"isPartOf\":{\"@id\":\"https:\\\/\\\/aktialiiga.fi\\\/miehet\\\/2024-2025\\\/ottelut-2024-25\\\/grifk-haki-pisteet-siuntiosta-2\\\/\"},\"author\":{\"name\":\"tbrmedia\",\"@id\":\"https:\\\/\\\/aktialiiga.fi\\\/miehet\\\/#\\\/schema\\\/person\\\/c14bf42f47041db74603c45afcb18d87\"},\"headline\":\"GrIFK haki pisteet Siuntiosta\",\"datePublished\":\"2024-12-11T19:01:54+00:00\",\"dateModified\":\"2024-12-11T19:21:31+00:00\",\"mainEntityOfPage\":{\"@id\":\"https:\\\/\\\/aktialiiga.fi\\\/miehet\\\/2024-2025\\\/ottelut-2024-25\\\/grifk-haki-pisteet-siuntiosta-2\\\/\"},\"wordCount\":207,\"publisher\":{\"@id\":\"https:\\\/\\\/aktialiiga.fi\\\/miehet\\\/#organization\"},\"image\":{\"@id\":\"https:\\\/\\\/aktialiiga.fi\\\/miehet\\\/2024-2025\\\/ottelut-2024-25\\\/grifk-haki-pisteet-siuntiosta-2\\\/#primaryimage\"},\"thumbnailUrl\":\"https:\\\/\\\/i0.wp.com\\\/aktialiiga.fi\\\/miehet\\\/wp-content\\\/uploads\\\/sites\\\/5\\\/2024\\\/01\\\/GrIFK_Weurlander_Carl_2324.jpg?fit=1031%2C461&ssl=1\",\"keywords\":[\"GrIFK\",\"SIF\"],\"articleSection\":[\"Ottelut 2024-25\"],\"inLanguage\":\"fi\"},{\"@type\":\"WebPage\",\"@id\":\"https:\\\/\\\/aktialiiga.fi\\\/miehet\\\/2024-2025\\\/ottelut-2024-25\\\/grifk-haki-pisteet-siuntiosta-2\\\/\",\"url\":\"https:\\\/\\\/aktialiiga.fi\\\/miehet\\\/2024-2025\\\/ottelut-2024-25\\\/grifk-haki-pisteet-siuntiosta-2\\\/\",\"name\":\"GrIFK haki pisteet Siuntiosta | K\u00e4sipallon miesten Aktialiiga\",\"isPartOf\":{\"@id\":\"https:\\\/\\\/aktialiiga.fi\\\/miehet\\\/#website\"},\"primaryImageOfPage\":{\"@id\":\"https:\\\/\\\/aktialiiga.fi\\\/miehet\\\/2024-2025\\\/ottelut-2024-25\\\/grifk-haki-pisteet-siuntiosta-2\\\/#primaryimage\"},\"image\":{\"@id\":\"https:\\\/\\\/aktialiiga.fi\\\/miehet\\\/2024-2025\\\/ottelut-2024-25\\\/grifk-haki-pisteet-siuntiosta-2\\\/#primaryimage\"},\"thumbnailUrl\":\"https:\\\/\\\/i0.wp.com\\\/aktialiiga.fi\\\/miehet\\\/wp-content\\\/uploads\\\/sites\\\/5\\\/2024\\\/01\\\/GrIFK_Weurlander_Carl_2324.jpg?fit=1031%2C461&ssl=1\",\"datePublished\":\"2024-12-11T19:01:54+00:00\",\"dateModified\":\"2024-12-11T19:21:31+00:00\",\"breadcrumb\":{\"@id\":\"https:\\\/\\\/aktialiiga.fi\\\/miehet\\\/2024-2025\\\/ottelut-2024-25\\\/grifk-haki-pisteet-siuntiosta-2\\\/#breadcrumb\"},\"inLanguage\":\"fi\",\"potentialAction\":[{\"@type\":\"ReadAction\",\"target\":[\"https:\\\/\\\/aktialiiga.fi\\\/miehet\\\/2024-2025\\\/ottelut-2024-25\\\/grifk-haki-pisteet-siuntiosta-2\\\/\"]}]},{\"@type\":\"ImageObject\",\"inLanguage\":\"fi\",\"@id\":\"https:\\\/\\\/aktialiiga.fi\\\/miehet\\\/2024-2025\\\/ottelut-2024-25\\\/grifk-haki-pisteet-siuntiosta-2\\\/#primaryimage\",\"url\":\"https:\\\/\\\/i0.wp.com\\\/aktialiiga.fi\\\/miehet\\\/wp-content\\\/uploads\\\/sites\\\/5\\\/2024\\\/01\\\/GrIFK_Weurlander_Carl_2324.jpg?fit=1031%2C461&ssl=1\",\"contentUrl\":\"https:\\\/\\\/i0.wp.com\\\/aktialiiga.fi\\\/miehet\\\/wp-content\\\/uploads\\\/sites\\\/5\\\/2024\\\/01\\\/GrIFK_Weurlander_Carl_2324.jpg?fit=1031%2C461&ssl=1\",\"width\":1031,\"height\":461,\"caption\":\"Carl Weurlander, GrIFK K\u00e4sipallon SM-liiga GrIFK - SIF Kauniaisten palloiluhalli 19. lokakuuta 2023. (Kalle Parkkinen\\\/Newspix24)\"},{\"@type\":\"BreadcrumbList\",\"@id\":\"https:\\\/\\\/aktialiiga.fi\\\/miehet\\\/2024-2025\\\/ottelut-2024-25\\\/grifk-haki-pisteet-siuntiosta-2\\\/#breadcrumb\",\"itemListElement\":[{\"@type\":\"ListItem\",\"position\":1,\"name\":\"Etusivu\",\"item\":\"https:\\\/\\\/aktialiiga.fi\\\/miehet\\\/\"},{\"@type\":\"ListItem\",\"position\":2,\"name\":\"GrIFK haki pisteet Siuntiosta\"}]},{\"@type\":\"WebSite\",\"@id\":\"https:\\\/\\\/aktialiiga.fi\\\/miehet\\\/#website\",\"url\":\"https:\\\/\\\/aktialiiga.fi\\\/miehet\\\/\",\"name\":\"K\u00e4sipallon miesten Aktialiiga\",\"description\":\"Valtakunnan vauhdikkainta palloilua!\",\"publisher\":{\"@id\":\"https:\\\/\\\/aktialiiga.fi\\\/miehet\\\/#organization\"},\"potentialAction\":[{\"@type\":\"SearchAction\",\"target\":{\"@type\":\"EntryPoint\",\"urlTemplate\":\"https:\\\/\\\/aktialiiga.fi\\\/miehet\\\/?s={search_term_string}\"},\"query-input\":{\"@type\":\"PropertyValueSpecification\",\"valueRequired\":true,\"valueName\":\"search_term_string\"}}],\"inLanguage\":\"fi\"},{\"@type\":\"Organization\",\"@id\":\"https:\\\/\\\/aktialiiga.fi\\\/miehet\\\/#organization\",\"name\":\"K\u00e4sipallon miesten Aktialiiga\",\"url\":\"https:\\\/\\\/aktialiiga.fi\\\/miehet\\\/\",\"logo\":{\"@type\":\"ImageObject\",\"inLanguage\":\"fi\",\"@id\":\"https:\\\/\\\/aktialiiga.fi\\\/miehet\\\/#\\\/schema\\\/logo\\\/image\\\/\",\"url\":\"https:\\\/\\\/i0.wp.com\\\/aktialiiga.fi\\\/miehet\\\/wp-content\\\/uploads\\\/sites\\\/5\\\/2024\\\/09\\\/Aktialiiga-Yoast-512.png?fit=512%2C512&ssl=1\",\"contentUrl\":\"https:\\\/\\\/i0.wp.com\\\/aktialiiga.fi\\\/miehet\\\/wp-content\\\/uploads\\\/sites\\\/5\\\/2024\\\/09\\\/Aktialiiga-Yoast-512.png?fit=512%2C512&ssl=1\",\"width\":512,\"height\":512,\"caption\":\"K\u00e4sipallon miesten Aktialiiga\"},\"image\":{\"@id\":\"https:\\\/\\\/aktialiiga.fi\\\/miehet\\\/#\\\/schema\\\/logo\\\/image\\\/\"},\"sameAs\":[\"https:\\\/\\\/www.facebook.com\\\/finnhandball\",\"https:\\\/\\\/x.com\\\/finnhandball\",\"https:\\\/\\\/www.instagram.com\\\/handballfinland\\\/\"]},{\"@type\":\"Person\",\"@id\":\"https:\\\/\\\/aktialiiga.fi\\\/miehet\\\/#\\\/schema\\\/person\\\/c14bf42f47041db74603c45afcb18d87\",\"name\":\"tbrmedia\",\"image\":{\"@type\":\"ImageObject\",\"inLanguage\":\"fi\",\"@id\":\"https:\\\/\\\/secure.gravatar.com\\\/avatar\\\/ee975fa091fe581d12b60debb3439022686618368a7c142044c56724d4666b16?s=96&d=mm&r=g\",\"url\":\"https:\\\/\\\/secure.gravatar.com\\\/avatar\\\/ee975fa091fe581d12b60debb3439022686618368a7c142044c56724d4666b16?s=96&d=mm&r=g\",\"contentUrl\":\"https:\\\/\\\/secure.gravatar.com\\\/avatar\\\/ee975fa091fe581d12b60debb3439022686618368a7c142044c56724d4666b16?s=96&d=mm&r=g\",\"caption\":\"tbrmedia\"}}]}<\/script>\n<!-- \/ Yoast SEO plugin. -->","yoast_head_json":{"title":"GrIFK haki pisteet Siuntiosta | K\u00e4sipallon miesten Aktialiiga","robots":{"index":"index","follow":"follow","max-snippet":"max-snippet:-1","max-image-preview":"max-image-preview:large","max-video-preview":"max-video-preview:-1"},"canonical":"https:\/\/aktialiiga.fi\/miehet\/2024-2025\/ottelut-2024-25\/grifk-haki-pisteet-siuntiosta-2\/","og_locale":"fi_FI","og_type":"article","og_title":"GrIFK haki pisteet Siuntiosta | K\u00e4sipallon miesten Aktialiiga","og_description":"GrIFK vankisti asemiaan sarjataulukon keskikastissa ottamalla kolmannen per\u00e4tt\u00e4isen voittonsa, kun SIF kaatui vieraskent\u00e4ll\u00e4 keskiviikkona. Ottelu eteni tasaisesti aina numeroihin 7-7 saakka. Sen j\u00e4lkeen vierailija GrIFK alkoi v\u00e4hitellen tekem\u00e4\u00e4n eroa is\u00e4ntiin ja taukoon menness\u00e4 vierasjohto oli venynyt jo viiteen maaliin. Tauon j\u00e4lkeen ero pysytteli samoilla lukemilla, eik\u00e4 SIF miss\u00e4\u00e4n vaiheessa p\u00e4\u00e4ssyt kolmea maalia l\u00e4hemm\u00e4s. Loppuminuuteilla maalit [&hellip;]","og_url":"https:\/\/aktialiiga.fi\/miehet\/2024-2025\/ottelut-2024-25\/grifk-haki-pisteet-siuntiosta-2\/","og_site_name":"K\u00e4sipallon miesten Aktialiiga","article_publisher":"https:\/\/www.facebook.com\/finnhandball","article_published_time":"2024-12-11T19:01:54+00:00","article_modified_time":"2024-12-11T19:21:31+00:00","og_image":[{"width":1031,"height":461,"url":"https:\/\/i0.wp.com\/aktialiiga.fi\/miehet\/wp-content\/uploads\/sites\/5\/2024\/01\/GrIFK_Weurlander_Carl_2324.jpg?fit=1031%2C461&ssl=1","type":"image\/jpeg"}],"author":"tbrmedia","twitter_card":"summary_large_image","twitter_creator":"@finnhandball","twitter_site":"@finnhandball","schema":{"@context":"https:\/\/schema.org","@graph":[{"@type":"Article","@id":"https:\/\/aktialiiga.fi\/miehet\/2024-2025\/ottelut-2024-25\/grifk-haki-pisteet-siuntiosta-2\/#article","isPartOf":{"@id":"https:\/\/aktialiiga.fi\/miehet\/2024-2025\/ottelut-2024-25\/grifk-haki-pisteet-siuntiosta-2\/"},"author":{"name":"tbrmedia","@id":"https:\/\/aktialiiga.fi\/miehet\/#\/schema\/person\/c14bf42f47041db74603c45afcb18d87"},"headline":"GrIFK haki pisteet Siuntiosta","datePublished":"2024-12-11T19:01:54+00:00","dateModified":"2024-12-11T19:21:31+00:00","mainEntityOfPage":{"@id":"https:\/\/aktialiiga.fi\/miehet\/2024-2025\/ottelut-2024-25\/grifk-haki-pisteet-siuntiosta-2\/"},"wordCount":207,"publisher":{"@id":"https:\/\/aktialiiga.fi\/miehet\/#organization"},"image":{"@id":"https:\/\/aktialiiga.fi\/miehet\/2024-2025\/ottelut-2024-25\/grifk-haki-pisteet-siuntiosta-2\/#primaryimage"},"thumbnailUrl":"https:\/\/i0.wp.com\/aktialiiga.fi\/miehet\/wp-content\/uploads\/sites\/5\/2024\/01\/GrIFK_Weurlander_Carl_2324.jpg?fit=1031%2C461&ssl=1","keywords":["GrIFK","SIF"],"articleSection":["Ottelut 2024-25"],"inLanguage":"fi"},{"@type":"WebPage","@id":"https:\/\/aktialiiga.fi\/miehet\/2024-2025\/ottelut-2024-25\/grifk-haki-pisteet-siuntiosta-2\/","url":"https:\/\/aktialiiga.fi\/miehet\/2024-2025\/ottelut-2024-25\/grifk-haki-pisteet-siuntiosta-2\/","name":"GrIFK haki pisteet Siuntiosta | K\u00e4sipallon miesten Aktialiiga","isPartOf":{"@id":"https:\/\/aktialiiga.fi\/miehet\/#website"},"primaryImageOfPage":{"@id":"https:\/\/aktialiiga.fi\/miehet\/2024-2025\/ottelut-2024-25\/grifk-haki-pisteet-siuntiosta-2\/#primaryimage"},"image":{"@id":"https:\/\/aktialiiga.fi\/miehet\/2024-2025\/ottelut-2024-25\/grifk-haki-pisteet-siuntiosta-2\/#primaryimage"},"thumbnailUrl":"https:\/\/i0.wp.com\/aktialiiga.fi\/miehet\/wp-content\/uploads\/sites\/5\/2024\/01\/GrIFK_Weurlander_Carl_2324.jpg?fit=1031%2C461&ssl=1","datePublished":"2024-12-11T19:01:54+00:00","dateModified":"2024-12-11T19:21:31+00:00","breadcrumb":{"@id":"https:\/\/aktialiiga.fi\/miehet\/2024-2025\/ottelut-2024-25\/grifk-haki-pisteet-siuntiosta-2\/#breadcrumb"},"inLanguage":"fi","potentialAction":[{"@type":"ReadAction","target":["https:\/\/aktialiiga.fi\/miehet\/2024-2025\/ottelut-2024-25\/grifk-haki-pisteet-siuntiosta-2\/"]}]},{"@type":"ImageObject","inLanguage":"fi","@id":"https:\/\/aktialiiga.fi\/miehet\/2024-2025\/ottelut-2024-25\/grifk-haki-pisteet-siuntiosta-2\/#primaryimage","url":"https:\/\/i0.wp.com\/aktialiiga.fi\/miehet\/wp-content\/uploads\/sites\/5\/2024\/01\/GrIFK_Weurlander_Carl_2324.jpg?fit=1031%2C461&ssl=1","contentUrl":"https:\/\/i0.wp.com\/aktialiiga.fi\/miehet\/wp-content\/uploads\/sites\/5\/2024\/01\/GrIFK_Weurlander_Carl_2324.jpg?fit=1031%2C461&ssl=1","width":1031,"height":461,"caption":"Carl Weurlander, GrIFK K\u00e4sipallon SM-liiga GrIFK - SIF Kauniaisten palloiluhalli 19. lokakuuta 2023. (Kalle Parkkinen\/Newspix24)"},{"@type":"BreadcrumbList","@id":"https:\/\/aktialiiga.fi\/miehet\/2024-2025\/ottelut-2024-25\/grifk-haki-pisteet-siuntiosta-2\/#breadcrumb","itemListElement":[{"@type":"ListItem","position":1,"name":"Etusivu","item":"https:\/\/aktialiiga.fi\/miehet\/"},{"@type":"ListItem","position":2,"name":"GrIFK haki pisteet Siuntiosta"}]},{"@type":"WebSite","@id":"https:\/\/aktialiiga.fi\/miehet\/#website","url":"https:\/\/aktialiiga.fi\/miehet\/","name":"K\u00e4sipallon miesten Aktialiiga","description":"Valtakunnan vauhdikkainta palloilua!","publisher":{"@id":"https:\/\/aktialiiga.fi\/miehet\/#organization"},"potentialAction":[{"@type":"SearchAction","target":{"@type":"EntryPoint","urlTemplate":"https:\/\/aktialiiga.fi\/miehet\/?s={search_term_string}"},"query-input":{"@type":"PropertyValueSpecification","valueRequired":true,"valueName":"search_term_string"}}],"inLanguage":"fi"},{"@type":"Organization","@id":"https:\/\/aktialiiga.fi\/miehet\/#organization","name":"K\u00e4sipallon miesten Aktialiiga","url":"https:\/\/aktialiiga.fi\/miehet\/","logo":{"@type":"ImageObject","inLanguage":"fi","@id":"https:\/\/aktialiiga.fi\/miehet\/#\/schema\/logo\/image\/","url":"https:\/\/i0.wp.com\/aktialiiga.fi\/miehet\/wp-content\/uploads\/sites\/5\/2024\/09\/Aktialiiga-Yoast-512.png?fit=512%2C512&ssl=1","contentUrl":"https:\/\/i0.wp.com\/aktialiiga.fi\/miehet\/wp-content\/uploads\/sites\/5\/2024\/09\/Aktialiiga-Yoast-512.png?fit=512%2C512&ssl=1","width":512,"height":512,"caption":"K\u00e4sipallon miesten Aktialiiga"},"image":{"@id":"https:\/\/aktialiiga.fi\/miehet\/#\/schema\/logo\/image\/"},"sameAs":["https:\/\/www.facebook.com\/finnhandball","https:\/\/x.com\/finnhandball","https:\/\/www.instagram.com\/handballfinland\/"]},{"@type":"Person","@id":"https:\/\/aktialiiga.fi\/miehet\/#\/schema\/person\/c14bf42f47041db74603c45afcb18d87","name":"tbrmedia","image":{"@type":"ImageObject","inLanguage":"fi","@id":"https:\/\/secure.gravatar.com\/avatar\/ee975fa091fe581d12b60debb3439022686618368a7c142044c56724d4666b16?s=96&d=mm&r=g","url":"https:\/\/secure.gravatar.com\/avatar\/ee975fa091fe581d12b60debb3439022686618368a7c142044c56724d4666b16?s=96&d=mm&r=g","contentUrl":"https:\/\/secure.gravatar.com\/avatar\/ee975fa091fe581d12b60debb3439022686618368a7c142044c56724d4666b16?s=96&d=mm&r=g","caption":"tbrmedia"}}]}},"jetpack_featured_media_url":"https:\/\/i0.wp.com\/aktialiiga.fi\/miehet\/wp-content\/uploads\/sites\/5\/2024\/01\/GrIFK_Weurlander_Carl_2324.jpg?fit=1031%2C461&ssl=1","jetpack_sharing_enabled":true,"jetpack_shortlink":"https:\/\/wp.me\/pfTxOr-geh","_links":{"self":[{"href":"https:\/\/aktialiiga.fi\/miehet\/wp-json\/wp\/v2\/posts\/62389","targetHints":{"allow":["GET"]}}],"collection":[{"href":"https:\/\/aktialiiga.fi\/miehet\/wp-json\/wp\/v2\/posts"}],"about":[{"href":"https:\/\/aktialiiga.fi\/miehet\/wp-json\/wp\/v2\/types\/post"}],"author":[{"embeddable":true,"href":"https:\/\/aktialiiga.fi\/miehet\/wp-json\/wp\/v2\/users\/13"}],"replies":[{"embeddable":true,"href":"https:\/\/aktialiiga.fi\/miehet\/wp-json\/wp\/v2\/comments?post=62389"}],"version-history":[{"count":4,"href":"https:\/\/aktialiiga.fi\/miehet\/wp-json\/wp\/v2\/posts\/62389\/revisions"}],"predecessor-version":[{"id":62400,"href":"https:\/\/aktialiiga.fi\/miehet\/wp-json\/wp\/v2\/posts\/62389\/revisions\/62400"}],"wp:featuredmedia":[{"embeddable":true,"href":"https:\/\/aktialiiga.fi\/miehet\/wp-json\/wp\/v2\/media\/46437"}],"wp:attachment":[{"href":"https:\/\/aktialiiga.fi\/miehet\/wp-json\/wp\/v2\/media?parent=62389"}],"wp:term":[{"taxonomy":"category","embeddable":true,"href":"https:\/\/aktialiiga.fi\/miehet\/wp-json\/wp\/v2\/categories?post=62389"},{"taxonomy":"post_tag","embeddable":true,"href":"https:\/\/aktialiiga.fi\/miehet\/wp-json\/wp\/v2\/tags?post=62389"}],"curies":[{"name":"wp","href":"https:\/\/api.w.org\/{rel}","templated":true}]}}