{"id":62420,"date":"2024-12-13T20:38:40","date_gmt":"2024-12-13T18:38:40","guid":{"rendered":"https:\/\/aktialiiga.fi\/miehet\/?p=62420"},"modified":"2024-12-13T23:33:13","modified_gmt":"2024-12-13T21:33:13","slug":"grifk-aiheutti-bk-46lle-kauden-avaustappion","status":"publish","type":"post","link":"https:\/\/aktialiiga.fi\/miehet\/2024-2025\/ottelut-2024-25\/grifk-aiheutti-bk-46lle-kauden-avaustappion\/","title":{"rendered":"GrIFK aiheutti BK-46:lle kauden avaustappion"},"content":{"rendered":"<p>BK-46 koki kauden ensimm\u00e4isen tappionsa perjantaina, kun GrIFK nousi lopussa niukkaan voittoon karjaalaisista.<\/p>\n<p>Ottelun avausjakso oli ensi minuuteista saakka tasainen. BK:lla oli hienoinen ote p\u00e4\u00e4osan ensimm\u00e4isest\u00e4 30-minuuttisesta, mutta mit\u00e4\u00e4n isompaa eroa ei miss\u00e4\u00e4n vaiheessa syntynyt.<\/p>\n<p>Toinen jakso eteni samaa rataa. BK johti 2-3 maalilla, mutta ei saanut eroa suuremmaksi ja viimeisen kymmenminuuttisen alussa Grani oli puristanut tasoihin. Kotijoukkue k\u00e4\u00e4nsi viel\u00e4 johdon itselleen, mutta BK tuli viel\u00e4 tasoihin. Viimeinen sana oli kuitenkin Granilla, joka vei voiton maalin erolla.<\/p>\n<p>GrIFK:n p\u00e4\u00e4valmentaja H\u00e5kon Nerdrumilta olivat ylisanat loppua ottelua peratessa.<\/p>\n<p>&#8211; Uskomaton taistelu. Olen eritt\u00e4in ylpe\u00e4 kundeista, helvetti miten he taistelivat. Uskomatonta peli-iloa koko ottelun ajan ja he tekiv\u00e4t paljon t\u00f6it\u00e4 jatkuvasti. Ottelu k\u00e4\u00e4ntyi ja k\u00e4\u00e4ntyi, ja me tulimme mukaan taisteluun voitosta hyv\u00e4ll\u00e4 joukkuepelill\u00e4, Nerdrum tunnelmoi.<\/p>\n<p>&#8211; T\u00e4llaisia otteluita haluamme pelata \u2013 ja uskon, ett\u00e4 my\u00f6s BK-46 tykk\u00e4\u00e4 pelata kovia, tasaisia otteluita sen sijaan, ett\u00e4 voittaisivat 20 maalilla. Ja on tietenkin hauskaa, ett\u00e4 Roslander torjuu rangaistusheiton lopussa ja h\u00e4nest\u00e4 tulee ottelun sankari!<\/p>\n<p>BK-46:n p\u00e4\u00e4valmentaja Andreas R\u00f6nnberg harmitteli Nico R\u00f6nnbergin suoraa ottelusta sulkemista jo ennen avausjakson puoliv\u00e4li\u00e4.<\/p>\n<p>&#8211; Miehist\u00f6mme j\u00e4i ohueksi, kun Nico teki tuon idioottimaisen jutun pelin alussa. Mielest\u00e4ni meill\u00e4 oli mahdollisuus ratkaista ottelu aikaisemmassa vaiheessa, mutta Roslander on todella hyv\u00e4 toisella puoliajalla ja menet\u00e4mme monia hyvi\u00e4 paikkoja. GrIFK pelasi hyvin, tuli takaisin ja oli hieman viile\u00e4mpi, kun ottelu ratkaistiin.<\/p>\n<p>Molempien valmentajien esille nostama Granin maaalivahti Patrik Roslander palkittiin my\u00f6s ottelun parhaana pelaajana \u2013 j\u00e4lleen kerran.<br \/>\n\u2019<br \/>\n&#8211; Henkisesti uskon, ett\u00e4 pelin voittaminen oli t\u00e4rke\u00e4mp\u00e4\u00e4 kuin kaksi pistett\u00e4, jotka saimme kotiin. Hatunnosto \u00e4ijille siit\u00e4, ett\u00e4 he taistelivat hyvin koko ottelun 60 minuutin ajan, Roslander kiitteli.<\/p>\n<p>&#8211; Sitten t\u00e4ytyy toivoa, ettei William Nysten loukannut itse\u00e4\u00e4n vakavasti, koska meill\u00e4 ei ole varaa menett\u00e4\u00e4 pelaajia.<\/p>\n","protected":false},"excerpt":{"rendered":"<p>BK-46 koki kauden ensimm\u00e4isen tappionsa perjantaina, kun GrIFK nousi lopussa niukkaan voittoon karjaalaisista. Ottelun avausjakso oli ensi minuuteista saakka tasainen. BK:lla oli hienoinen ote p\u00e4\u00e4osan ensimm\u00e4isest\u00e4 30-minuuttisesta, mutta mit\u00e4\u00e4n isompaa eroa ei miss\u00e4\u00e4n vaiheessa syntynyt. Toinen jakso eteni samaa rataa. BK johti 2-3 maalilla, mutta ei saanut eroa suuremmaksi ja viimeisen kymmenminuuttisen alussa Grani oli [&hellip;]<\/p>\n","protected":false},"author":13,"featured_media":47349,"comment_status":"closed","ping_status":"closed","sticky":false,"template":"","format":"standard","meta":{"_acf_changed":false,"jetpack_post_was_ever_published":false,"_jetpack_newsletter_access":"","_jetpack_dont_email_post_to_subs":false,"_jetpack_newsletter_tier_id":0,"_jetpack_memberships_contains_paywalled_content":false,"_jetpack_memberships_contains_paid_content":false,"footnotes":""},"categories":[320],"tags":[56,64],"class_list":["post-62420","post","type-post","status-publish","format-standard","has-post-thumbnail","hentry","category-ottelut-2024-25","tag-bk-46","tag-grifk"],"acf":[],"yoast_head":"<!-- This site is optimized with the Yoast SEO plugin v27.5 - https:\/\/yoast.com\/product\/yoast-seo-wordpress\/ -->\n<title>GrIFK aiheutti BK-46:lle kauden avaustappion | K\u00e4sipallon miesten Aktialiiga<\/title>\n<meta name=\"robots\" content=\"index, follow, max-snippet:-1, max-image-preview:large, max-video-preview:-1\" \/>\n<link rel=\"canonical\" href=\"https:\/\/aktialiiga.fi\/miehet\/2024-2025\/ottelut-2024-25\/grifk-aiheutti-bk-46lle-kauden-avaustappion\/\" \/>\n<meta property=\"og:locale\" content=\"fi_FI\" \/>\n<meta property=\"og:type\" content=\"article\" \/>\n<meta property=\"og:title\" content=\"GrIFK aiheutti BK-46:lle kauden avaustappion | K\u00e4sipallon miesten Aktialiiga\" \/>\n<meta property=\"og:description\" content=\"BK-46 koki kauden ensimm\u00e4isen tappionsa perjantaina, kun GrIFK nousi lopussa niukkaan voittoon karjaalaisista. Ottelun avausjakso oli ensi minuuteista saakka tasainen. BK:lla oli hienoinen ote p\u00e4\u00e4osan ensimm\u00e4isest\u00e4 30-minuuttisesta, mutta mit\u00e4\u00e4n isompaa eroa ei miss\u00e4\u00e4n vaiheessa syntynyt. Toinen jakso eteni samaa rataa. BK johti 2-3 maalilla, mutta ei saanut eroa suuremmaksi ja viimeisen kymmenminuuttisen alussa Grani oli [&hellip;]\" \/>\n<meta property=\"og:url\" content=\"https:\/\/aktialiiga.fi\/miehet\/2024-2025\/ottelut-2024-25\/grifk-aiheutti-bk-46lle-kauden-avaustappion\/\" \/>\n<meta property=\"og:site_name\" content=\"K\u00e4sipallon miesten Aktialiiga\" \/>\n<meta property=\"article:publisher\" content=\"https:\/\/www.facebook.com\/finnhandball\" \/>\n<meta property=\"article:published_time\" content=\"2024-12-13T18:38:40+00:00\" \/>\n<meta property=\"article:modified_time\" content=\"2024-12-13T21:33:13+00:00\" \/>\n<meta property=\"og:image\" content=\"https:\/\/i0.wp.com\/aktialiiga.fi\/miehet\/wp-content\/uploads\/sites\/5\/2024\/03\/GrIFK_Roslander_Kankaanpaa_2324.jpg?fit=2104%2C993&ssl=1\" \/>\n\t<meta property=\"og:image:width\" content=\"2104\" \/>\n\t<meta property=\"og:image:height\" content=\"993\" \/>\n\t<meta property=\"og:image:type\" content=\"image\/jpeg\" \/>\n<meta name=\"author\" content=\"tbrmedia\" \/>\n<meta name=\"twitter:card\" content=\"summary_large_image\" \/>\n<meta name=\"twitter:creator\" content=\"@finnhandball\" \/>\n<meta name=\"twitter:site\" content=\"@finnhandball\" \/>\n<script type=\"application\/ld+json\" class=\"yoast-schema-graph\">{\"@context\":\"https:\\\/\\\/schema.org\",\"@graph\":[{\"@type\":\"Article\",\"@id\":\"https:\\\/\\\/aktialiiga.fi\\\/miehet\\\/2024-2025\\\/ottelut-2024-25\\\/grifk-aiheutti-bk-46lle-kauden-avaustappion\\\/#article\",\"isPartOf\":{\"@id\":\"https:\\\/\\\/aktialiiga.fi\\\/miehet\\\/2024-2025\\\/ottelut-2024-25\\\/grifk-aiheutti-bk-46lle-kauden-avaustappion\\\/\"},\"author\":{\"name\":\"tbrmedia\",\"@id\":\"https:\\\/\\\/aktialiiga.fi\\\/miehet\\\/#\\\/schema\\\/person\\\/c14bf42f47041db74603c45afcb18d87\"},\"headline\":\"GrIFK aiheutti BK-46:lle kauden avaustappion\",\"datePublished\":\"2024-12-13T18:38:40+00:00\",\"dateModified\":\"2024-12-13T21:33:13+00:00\",\"mainEntityOfPage\":{\"@id\":\"https:\\\/\\\/aktialiiga.fi\\\/miehet\\\/2024-2025\\\/ottelut-2024-25\\\/grifk-aiheutti-bk-46lle-kauden-avaustappion\\\/\"},\"wordCount\":314,\"publisher\":{\"@id\":\"https:\\\/\\\/aktialiiga.fi\\\/miehet\\\/#organization\"},\"image\":{\"@id\":\"https:\\\/\\\/aktialiiga.fi\\\/miehet\\\/2024-2025\\\/ottelut-2024-25\\\/grifk-aiheutti-bk-46lle-kauden-avaustappion\\\/#primaryimage\"},\"thumbnailUrl\":\"https:\\\/\\\/i0.wp.com\\\/aktialiiga.fi\\\/miehet\\\/wp-content\\\/uploads\\\/sites\\\/5\\\/2024\\\/03\\\/GrIFK_Roslander_Kankaanpaa_2324.jpg?fit=2104%2C993&ssl=1\",\"keywords\":[\"BK-46\",\"GrIFK\"],\"articleSection\":[\"Ottelut 2024-25\"],\"inLanguage\":\"fi\"},{\"@type\":\"WebPage\",\"@id\":\"https:\\\/\\\/aktialiiga.fi\\\/miehet\\\/2024-2025\\\/ottelut-2024-25\\\/grifk-aiheutti-bk-46lle-kauden-avaustappion\\\/\",\"url\":\"https:\\\/\\\/aktialiiga.fi\\\/miehet\\\/2024-2025\\\/ottelut-2024-25\\\/grifk-aiheutti-bk-46lle-kauden-avaustappion\\\/\",\"name\":\"GrIFK aiheutti BK-46:lle kauden avaustappion | K\u00e4sipallon miesten Aktialiiga\",\"isPartOf\":{\"@id\":\"https:\\\/\\\/aktialiiga.fi\\\/miehet\\\/#website\"},\"primaryImageOfPage\":{\"@id\":\"https:\\\/\\\/aktialiiga.fi\\\/miehet\\\/2024-2025\\\/ottelut-2024-25\\\/grifk-aiheutti-bk-46lle-kauden-avaustappion\\\/#primaryimage\"},\"image\":{\"@id\":\"https:\\\/\\\/aktialiiga.fi\\\/miehet\\\/2024-2025\\\/ottelut-2024-25\\\/grifk-aiheutti-bk-46lle-kauden-avaustappion\\\/#primaryimage\"},\"thumbnailUrl\":\"https:\\\/\\\/i0.wp.com\\\/aktialiiga.fi\\\/miehet\\\/wp-content\\\/uploads\\\/sites\\\/5\\\/2024\\\/03\\\/GrIFK_Roslander_Kankaanpaa_2324.jpg?fit=2104%2C993&ssl=1\",\"datePublished\":\"2024-12-13T18:38:40+00:00\",\"dateModified\":\"2024-12-13T21:33:13+00:00\",\"breadcrumb\":{\"@id\":\"https:\\\/\\\/aktialiiga.fi\\\/miehet\\\/2024-2025\\\/ottelut-2024-25\\\/grifk-aiheutti-bk-46lle-kauden-avaustappion\\\/#breadcrumb\"},\"inLanguage\":\"fi\",\"potentialAction\":[{\"@type\":\"ReadAction\",\"target\":[\"https:\\\/\\\/aktialiiga.fi\\\/miehet\\\/2024-2025\\\/ottelut-2024-25\\\/grifk-aiheutti-bk-46lle-kauden-avaustappion\\\/\"]}]},{\"@type\":\"ImageObject\",\"inLanguage\":\"fi\",\"@id\":\"https:\\\/\\\/aktialiiga.fi\\\/miehet\\\/2024-2025\\\/ottelut-2024-25\\\/grifk-aiheutti-bk-46lle-kauden-avaustappion\\\/#primaryimage\",\"url\":\"https:\\\/\\\/i0.wp.com\\\/aktialiiga.fi\\\/miehet\\\/wp-content\\\/uploads\\\/sites\\\/5\\\/2024\\\/03\\\/GrIFK_Roslander_Kankaanpaa_2324.jpg?fit=2104%2C993&ssl=1\",\"contentUrl\":\"https:\\\/\\\/i0.wp.com\\\/aktialiiga.fi\\\/miehet\\\/wp-content\\\/uploads\\\/sites\\\/5\\\/2024\\\/03\\\/GrIFK_Roslander_Kankaanpaa_2324.jpg?fit=2104%2C993&ssl=1\",\"width\":2104,\"height\":993,\"caption\":\"Patrik Roslander, GrIFK ja Kalle Kankaanpa\u0308a\u0308, GrIFK K\u00e4sipallon SM-liiga GrIFK - SIF Kauniaisten palloiluhalli 19. lokakuuta 2023. (Kalle Parkkinen\\\/Newspix24)\"},{\"@type\":\"BreadcrumbList\",\"@id\":\"https:\\\/\\\/aktialiiga.fi\\\/miehet\\\/2024-2025\\\/ottelut-2024-25\\\/grifk-aiheutti-bk-46lle-kauden-avaustappion\\\/#breadcrumb\",\"itemListElement\":[{\"@type\":\"ListItem\",\"position\":1,\"name\":\"Etusivu\",\"item\":\"https:\\\/\\\/aktialiiga.fi\\\/miehet\\\/\"},{\"@type\":\"ListItem\",\"position\":2,\"name\":\"GrIFK aiheutti BK-46:lle kauden avaustappion\"}]},{\"@type\":\"WebSite\",\"@id\":\"https:\\\/\\\/aktialiiga.fi\\\/miehet\\\/#website\",\"url\":\"https:\\\/\\\/aktialiiga.fi\\\/miehet\\\/\",\"name\":\"K\u00e4sipallon miesten Aktialiiga\",\"description\":\"Valtakunnan vauhdikkainta palloilua!\",\"publisher\":{\"@id\":\"https:\\\/\\\/aktialiiga.fi\\\/miehet\\\/#organization\"},\"potentialAction\":[{\"@type\":\"SearchAction\",\"target\":{\"@type\":\"EntryPoint\",\"urlTemplate\":\"https:\\\/\\\/aktialiiga.fi\\\/miehet\\\/?s={search_term_string}\"},\"query-input\":{\"@type\":\"PropertyValueSpecification\",\"valueRequired\":true,\"valueName\":\"search_term_string\"}}],\"inLanguage\":\"fi\"},{\"@type\":\"Organization\",\"@id\":\"https:\\\/\\\/aktialiiga.fi\\\/miehet\\\/#organization\",\"name\":\"K\u00e4sipallon miesten Aktialiiga\",\"url\":\"https:\\\/\\\/aktialiiga.fi\\\/miehet\\\/\",\"logo\":{\"@type\":\"ImageObject\",\"inLanguage\":\"fi\",\"@id\":\"https:\\\/\\\/aktialiiga.fi\\\/miehet\\\/#\\\/schema\\\/logo\\\/image\\\/\",\"url\":\"https:\\\/\\\/i0.wp.com\\\/aktialiiga.fi\\\/miehet\\\/wp-content\\\/uploads\\\/sites\\\/5\\\/2024\\\/09\\\/Aktialiiga-Yoast-512.png?fit=512%2C512&ssl=1\",\"contentUrl\":\"https:\\\/\\\/i0.wp.com\\\/aktialiiga.fi\\\/miehet\\\/wp-content\\\/uploads\\\/sites\\\/5\\\/2024\\\/09\\\/Aktialiiga-Yoast-512.png?fit=512%2C512&ssl=1\",\"width\":512,\"height\":512,\"caption\":\"K\u00e4sipallon miesten Aktialiiga\"},\"image\":{\"@id\":\"https:\\\/\\\/aktialiiga.fi\\\/miehet\\\/#\\\/schema\\\/logo\\\/image\\\/\"},\"sameAs\":[\"https:\\\/\\\/www.facebook.com\\\/finnhandball\",\"https:\\\/\\\/x.com\\\/finnhandball\",\"https:\\\/\\\/www.instagram.com\\\/handballfinland\\\/\"]},{\"@type\":\"Person\",\"@id\":\"https:\\\/\\\/aktialiiga.fi\\\/miehet\\\/#\\\/schema\\\/person\\\/c14bf42f47041db74603c45afcb18d87\",\"name\":\"tbrmedia\",\"image\":{\"@type\":\"ImageObject\",\"inLanguage\":\"fi\",\"@id\":\"https:\\\/\\\/secure.gravatar.com\\\/avatar\\\/ee975fa091fe581d12b60debb3439022686618368a7c142044c56724d4666b16?s=96&d=mm&r=g\",\"url\":\"https:\\\/\\\/secure.gravatar.com\\\/avatar\\\/ee975fa091fe581d12b60debb3439022686618368a7c142044c56724d4666b16?s=96&d=mm&r=g\",\"contentUrl\":\"https:\\\/\\\/secure.gravatar.com\\\/avatar\\\/ee975fa091fe581d12b60debb3439022686618368a7c142044c56724d4666b16?s=96&d=mm&r=g\",\"caption\":\"tbrmedia\"}}]}<\/script>\n<!-- \/ Yoast SEO plugin. -->","yoast_head_json":{"title":"GrIFK aiheutti BK-46:lle kauden avaustappion | K\u00e4sipallon miesten Aktialiiga","robots":{"index":"index","follow":"follow","max-snippet":"max-snippet:-1","max-image-preview":"max-image-preview:large","max-video-preview":"max-video-preview:-1"},"canonical":"https:\/\/aktialiiga.fi\/miehet\/2024-2025\/ottelut-2024-25\/grifk-aiheutti-bk-46lle-kauden-avaustappion\/","og_locale":"fi_FI","og_type":"article","og_title":"GrIFK aiheutti BK-46:lle kauden avaustappion | K\u00e4sipallon miesten Aktialiiga","og_description":"BK-46 koki kauden ensimm\u00e4isen tappionsa perjantaina, kun GrIFK nousi lopussa niukkaan voittoon karjaalaisista. Ottelun avausjakso oli ensi minuuteista saakka tasainen. BK:lla oli hienoinen ote p\u00e4\u00e4osan ensimm\u00e4isest\u00e4 30-minuuttisesta, mutta mit\u00e4\u00e4n isompaa eroa ei miss\u00e4\u00e4n vaiheessa syntynyt. Toinen jakso eteni samaa rataa. BK johti 2-3 maalilla, mutta ei saanut eroa suuremmaksi ja viimeisen kymmenminuuttisen alussa Grani oli [&hellip;]","og_url":"https:\/\/aktialiiga.fi\/miehet\/2024-2025\/ottelut-2024-25\/grifk-aiheutti-bk-46lle-kauden-avaustappion\/","og_site_name":"K\u00e4sipallon miesten Aktialiiga","article_publisher":"https:\/\/www.facebook.com\/finnhandball","article_published_time":"2024-12-13T18:38:40+00:00","article_modified_time":"2024-12-13T21:33:13+00:00","og_image":[{"width":2104,"height":993,"url":"https:\/\/i0.wp.com\/aktialiiga.fi\/miehet\/wp-content\/uploads\/sites\/5\/2024\/03\/GrIFK_Roslander_Kankaanpaa_2324.jpg?fit=2104%2C993&ssl=1","type":"image\/jpeg"}],"author":"tbrmedia","twitter_card":"summary_large_image","twitter_creator":"@finnhandball","twitter_site":"@finnhandball","schema":{"@context":"https:\/\/schema.org","@graph":[{"@type":"Article","@id":"https:\/\/aktialiiga.fi\/miehet\/2024-2025\/ottelut-2024-25\/grifk-aiheutti-bk-46lle-kauden-avaustappion\/#article","isPartOf":{"@id":"https:\/\/aktialiiga.fi\/miehet\/2024-2025\/ottelut-2024-25\/grifk-aiheutti-bk-46lle-kauden-avaustappion\/"},"author":{"name":"tbrmedia","@id":"https:\/\/aktialiiga.fi\/miehet\/#\/schema\/person\/c14bf42f47041db74603c45afcb18d87"},"headline":"GrIFK aiheutti BK-46:lle kauden avaustappion","datePublished":"2024-12-13T18:38:40+00:00","dateModified":"2024-12-13T21:33:13+00:00","mainEntityOfPage":{"@id":"https:\/\/aktialiiga.fi\/miehet\/2024-2025\/ottelut-2024-25\/grifk-aiheutti-bk-46lle-kauden-avaustappion\/"},"wordCount":314,"publisher":{"@id":"https:\/\/aktialiiga.fi\/miehet\/#organization"},"image":{"@id":"https:\/\/aktialiiga.fi\/miehet\/2024-2025\/ottelut-2024-25\/grifk-aiheutti-bk-46lle-kauden-avaustappion\/#primaryimage"},"thumbnailUrl":"https:\/\/i0.wp.com\/aktialiiga.fi\/miehet\/wp-content\/uploads\/sites\/5\/2024\/03\/GrIFK_Roslander_Kankaanpaa_2324.jpg?fit=2104%2C993&ssl=1","keywords":["BK-46","GrIFK"],"articleSection":["Ottelut 2024-25"],"inLanguage":"fi"},{"@type":"WebPage","@id":"https:\/\/aktialiiga.fi\/miehet\/2024-2025\/ottelut-2024-25\/grifk-aiheutti-bk-46lle-kauden-avaustappion\/","url":"https:\/\/aktialiiga.fi\/miehet\/2024-2025\/ottelut-2024-25\/grifk-aiheutti-bk-46lle-kauden-avaustappion\/","name":"GrIFK aiheutti BK-46:lle kauden avaustappion | K\u00e4sipallon miesten Aktialiiga","isPartOf":{"@id":"https:\/\/aktialiiga.fi\/miehet\/#website"},"primaryImageOfPage":{"@id":"https:\/\/aktialiiga.fi\/miehet\/2024-2025\/ottelut-2024-25\/grifk-aiheutti-bk-46lle-kauden-avaustappion\/#primaryimage"},"image":{"@id":"https:\/\/aktialiiga.fi\/miehet\/2024-2025\/ottelut-2024-25\/grifk-aiheutti-bk-46lle-kauden-avaustappion\/#primaryimage"},"thumbnailUrl":"https:\/\/i0.wp.com\/aktialiiga.fi\/miehet\/wp-content\/uploads\/sites\/5\/2024\/03\/GrIFK_Roslander_Kankaanpaa_2324.jpg?fit=2104%2C993&ssl=1","datePublished":"2024-12-13T18:38:40+00:00","dateModified":"2024-12-13T21:33:13+00:00","breadcrumb":{"@id":"https:\/\/aktialiiga.fi\/miehet\/2024-2025\/ottelut-2024-25\/grifk-aiheutti-bk-46lle-kauden-avaustappion\/#breadcrumb"},"inLanguage":"fi","potentialAction":[{"@type":"ReadAction","target":["https:\/\/aktialiiga.fi\/miehet\/2024-2025\/ottelut-2024-25\/grifk-aiheutti-bk-46lle-kauden-avaustappion\/"]}]},{"@type":"ImageObject","inLanguage":"fi","@id":"https:\/\/aktialiiga.fi\/miehet\/2024-2025\/ottelut-2024-25\/grifk-aiheutti-bk-46lle-kauden-avaustappion\/#primaryimage","url":"https:\/\/i0.wp.com\/aktialiiga.fi\/miehet\/wp-content\/uploads\/sites\/5\/2024\/03\/GrIFK_Roslander_Kankaanpaa_2324.jpg?fit=2104%2C993&ssl=1","contentUrl":"https:\/\/i0.wp.com\/aktialiiga.fi\/miehet\/wp-content\/uploads\/sites\/5\/2024\/03\/GrIFK_Roslander_Kankaanpaa_2324.jpg?fit=2104%2C993&ssl=1","width":2104,"height":993,"caption":"Patrik Roslander, GrIFK ja Kalle Kankaanpa\u0308a\u0308, GrIFK K\u00e4sipallon SM-liiga GrIFK - SIF Kauniaisten palloiluhalli 19. lokakuuta 2023. (Kalle Parkkinen\/Newspix24)"},{"@type":"BreadcrumbList","@id":"https:\/\/aktialiiga.fi\/miehet\/2024-2025\/ottelut-2024-25\/grifk-aiheutti-bk-46lle-kauden-avaustappion\/#breadcrumb","itemListElement":[{"@type":"ListItem","position":1,"name":"Etusivu","item":"https:\/\/aktialiiga.fi\/miehet\/"},{"@type":"ListItem","position":2,"name":"GrIFK aiheutti BK-46:lle kauden avaustappion"}]},{"@type":"WebSite","@id":"https:\/\/aktialiiga.fi\/miehet\/#website","url":"https:\/\/aktialiiga.fi\/miehet\/","name":"K\u00e4sipallon miesten Aktialiiga","description":"Valtakunnan vauhdikkainta palloilua!","publisher":{"@id":"https:\/\/aktialiiga.fi\/miehet\/#organization"},"potentialAction":[{"@type":"SearchAction","target":{"@type":"EntryPoint","urlTemplate":"https:\/\/aktialiiga.fi\/miehet\/?s={search_term_string}"},"query-input":{"@type":"PropertyValueSpecification","valueRequired":true,"valueName":"search_term_string"}}],"inLanguage":"fi"},{"@type":"Organization","@id":"https:\/\/aktialiiga.fi\/miehet\/#organization","name":"K\u00e4sipallon miesten Aktialiiga","url":"https:\/\/aktialiiga.fi\/miehet\/","logo":{"@type":"ImageObject","inLanguage":"fi","@id":"https:\/\/aktialiiga.fi\/miehet\/#\/schema\/logo\/image\/","url":"https:\/\/i0.wp.com\/aktialiiga.fi\/miehet\/wp-content\/uploads\/sites\/5\/2024\/09\/Aktialiiga-Yoast-512.png?fit=512%2C512&ssl=1","contentUrl":"https:\/\/i0.wp.com\/aktialiiga.fi\/miehet\/wp-content\/uploads\/sites\/5\/2024\/09\/Aktialiiga-Yoast-512.png?fit=512%2C512&ssl=1","width":512,"height":512,"caption":"K\u00e4sipallon miesten Aktialiiga"},"image":{"@id":"https:\/\/aktialiiga.fi\/miehet\/#\/schema\/logo\/image\/"},"sameAs":["https:\/\/www.facebook.com\/finnhandball","https:\/\/x.com\/finnhandball","https:\/\/www.instagram.com\/handballfinland\/"]},{"@type":"Person","@id":"https:\/\/aktialiiga.fi\/miehet\/#\/schema\/person\/c14bf42f47041db74603c45afcb18d87","name":"tbrmedia","image":{"@type":"ImageObject","inLanguage":"fi","@id":"https:\/\/secure.gravatar.com\/avatar\/ee975fa091fe581d12b60debb3439022686618368a7c142044c56724d4666b16?s=96&d=mm&r=g","url":"https:\/\/secure.gravatar.com\/avatar\/ee975fa091fe581d12b60debb3439022686618368a7c142044c56724d4666b16?s=96&d=mm&r=g","contentUrl":"https:\/\/secure.gravatar.com\/avatar\/ee975fa091fe581d12b60debb3439022686618368a7c142044c56724d4666b16?s=96&d=mm&r=g","caption":"tbrmedia"}}]}},"jetpack_featured_media_url":"https:\/\/i0.wp.com\/aktialiiga.fi\/miehet\/wp-content\/uploads\/sites\/5\/2024\/03\/GrIFK_Roslander_Kankaanpaa_2324.jpg?fit=2104%2C993&ssl=1","jetpack_sharing_enabled":true,"jetpack_shortlink":"https:\/\/wp.me\/pfTxOr-geM","_links":{"self":[{"href":"https:\/\/aktialiiga.fi\/miehet\/wp-json\/wp\/v2\/posts\/62420","targetHints":{"allow":["GET"]}}],"collection":[{"href":"https:\/\/aktialiiga.fi\/miehet\/wp-json\/wp\/v2\/posts"}],"about":[{"href":"https:\/\/aktialiiga.fi\/miehet\/wp-json\/wp\/v2\/types\/post"}],"author":[{"embeddable":true,"href":"https:\/\/aktialiiga.fi\/miehet\/wp-json\/wp\/v2\/users\/13"}],"replies":[{"embeddable":true,"href":"https:\/\/aktialiiga.fi\/miehet\/wp-json\/wp\/v2\/comments?post=62420"}],"version-history":[{"count":3,"href":"https:\/\/aktialiiga.fi\/miehet\/wp-json\/wp\/v2\/posts\/62420\/revisions"}],"predecessor-version":[{"id":62433,"href":"https:\/\/aktialiiga.fi\/miehet\/wp-json\/wp\/v2\/posts\/62420\/revisions\/62433"}],"wp:featuredmedia":[{"embeddable":true,"href":"https:\/\/aktialiiga.fi\/miehet\/wp-json\/wp\/v2\/media\/47349"}],"wp:attachment":[{"href":"https:\/\/aktialiiga.fi\/miehet\/wp-json\/wp\/v2\/media?parent=62420"}],"wp:term":[{"taxonomy":"category","embeddable":true,"href":"https:\/\/aktialiiga.fi\/miehet\/wp-json\/wp\/v2\/categories?post=62420"},{"taxonomy":"post_tag","embeddable":true,"href":"https:\/\/aktialiiga.fi\/miehet\/wp-json\/wp\/v2\/tags?post=62420"}],"curies":[{"name":"wp","href":"https:\/\/api.w.org\/{rel}","templated":true}]}}