{"id":63163,"date":"2025-02-21T20:45:35","date_gmt":"2025-02-21T18:45:35","guid":{"rendered":"https:\/\/aktialiiga.fi\/miehet\/?p=63163"},"modified":"2025-02-21T20:45:35","modified_gmt":"2025-02-21T18:45:35","slug":"bk-46lle-jai-kirittavaa-toiseen-osaotteluun","status":"publish","type":"post","link":"https:\/\/aktialiiga.fi\/miehet\/2024-2025\/ottelut-2024-25\/bk-46lle-jai-kirittavaa-toiseen-osaotteluun\/","title":{"rendered":"BK-46:lle j\u00e4i kiritt\u00e4v\u00e4\u00e4 toiseen osaotteluun"},"content":{"rendered":"<p>BK-46 oli pitk\u00e4\u00e4n kiinni voitossa EHF European Cupin 4. kierroksen ottelussa romanialaista CS Minaur Baia Marea vastaan, mutta taipui lopussa niukkaan tappioon.<\/p>\n<p>Ottelu alkoi eritt\u00e4in tasaisena ja liki vuorotahtia edettiin aina numeroihin 7-7 saakka. Ote alkoi sen j\u00e4lkeen kuitenkin siirty\u00e4 hienoisesti BK-46:lle ja eroa syntyi muutaman maalin verran. Tauolle ment\u00e4ess\u00e4 karjaalaisten johto oli nelj\u00e4 maalia.<\/p>\n<p>Toisen jakson puoliv\u00e4lin alla BK oli jo kuuden maalin johdossa, mutta sen j\u00e4lkeen romanialaiset puristivat nopeassa tahdissa rinnalle. Lukemat pysyiv\u00e4t tasaisina tovin, mutta lopussa Minaur p\u00e4\u00e4si puristamaan niukan etumatkan lauantain ratkaisevaan toiseen osaan.<\/p>\n<p>Joukkueet kohtaavat toistamiseen perjantain tapaan Karjaalla lauantaina kello 16.00 ja jatkoon menij\u00e4 ratkeaa yhteismaalein.<\/p>\n<p><em><strong>EHF European Cup, 4. kierros, 1. osa:<\/strong><\/em><br \/>\n<strong>CS Minaur Baia Mare \u2013 BK-46 33-30 (14-18)<\/strong><\/p>\n<p><strong>BK-46:n maalintekij\u00e4t<\/strong>: Nico R\u00f6nnberg 9, Miska Henriksson 8, Ihor Skyba 4, Jac Karlsson 3, Linus Sj\u00f6man 2, Sebastian S\u00e4kkinen 2, Robin Sj\u00f6man 1, Oliver Nordlund 1<\/p>\n<p><strong>2 min. ulosajot<\/strong>: CS Minaur 4 x 2 min., BK-46 3 x 2 min.<\/p>\n<p><em>Yleis\u00f6\u00e4<\/em>: 754<\/p>\n","protected":false},"excerpt":{"rendered":"<p>BK-46 oli pitk\u00e4\u00e4n kiinni voitossa EHF European Cupin 4. kierroksen ottelussa romanialaista CS Minaur Baia Marea vastaan, mutta taipui lopussa niukkaan tappioon. Ottelu alkoi eritt\u00e4in tasaisena ja liki vuorotahtia edettiin aina numeroihin 7-7 saakka. Ote alkoi sen j\u00e4lkeen kuitenkin siirty\u00e4 hienoisesti BK-46:lle ja eroa syntyi muutaman maalin verran. Tauolle ment\u00e4ess\u00e4 karjaalaisten johto oli nelj\u00e4 maalia. [&hellip;]<\/p>\n","protected":false},"author":13,"featured_media":62497,"comment_status":"closed","ping_status":"closed","sticky":false,"template":"","format":"standard","meta":{"_acf_changed":false,"jetpack_post_was_ever_published":false,"_jetpack_newsletter_access":"","_jetpack_dont_email_post_to_subs":false,"_jetpack_newsletter_tier_id":0,"_jetpack_memberships_contains_paywalled_content":false,"_jetpack_memberships_contains_paid_content":false,"footnotes":""},"categories":[320],"tags":[56,251],"class_list":["post-63163","post","type-post","status-publish","format-standard","has-post-thumbnail","hentry","category-ottelut-2024-25","tag-bk-46","tag-ehf-european-cup"],"acf":[],"yoast_head":"<!-- This site is optimized with the Yoast SEO plugin v27.5 - https:\/\/yoast.com\/product\/yoast-seo-wordpress\/ -->\n<title>BK-46:lle j\u00e4i kiritt\u00e4v\u00e4\u00e4 toiseen osaotteluun | K\u00e4sipallon miesten Aktialiiga<\/title>\n<meta name=\"robots\" content=\"index, follow, max-snippet:-1, max-image-preview:large, max-video-preview:-1\" \/>\n<link rel=\"canonical\" href=\"https:\/\/aktialiiga.fi\/miehet\/2024-2025\/ottelut-2024-25\/bk-46lle-jai-kirittavaa-toiseen-osaotteluun\/\" \/>\n<meta property=\"og:locale\" content=\"fi_FI\" \/>\n<meta property=\"og:type\" content=\"article\" \/>\n<meta property=\"og:title\" content=\"BK-46:lle j\u00e4i kiritt\u00e4v\u00e4\u00e4 toiseen osaotteluun | K\u00e4sipallon miesten Aktialiiga\" \/>\n<meta property=\"og:description\" content=\"BK-46 oli pitk\u00e4\u00e4n kiinni voitossa EHF European Cupin 4. kierroksen ottelussa romanialaista CS Minaur Baia Marea vastaan, mutta taipui lopussa niukkaan tappioon. Ottelu alkoi eritt\u00e4in tasaisena ja liki vuorotahtia edettiin aina numeroihin 7-7 saakka. Ote alkoi sen j\u00e4lkeen kuitenkin siirty\u00e4 hienoisesti BK-46:lle ja eroa syntyi muutaman maalin verran. Tauolle ment\u00e4ess\u00e4 karjaalaisten johto oli nelj\u00e4 maalia. [&hellip;]\" \/>\n<meta property=\"og:url\" content=\"https:\/\/aktialiiga.fi\/miehet\/2024-2025\/ottelut-2024-25\/bk-46lle-jai-kirittavaa-toiseen-osaotteluun\/\" \/>\n<meta property=\"og:site_name\" content=\"K\u00e4sipallon miesten Aktialiiga\" \/>\n<meta property=\"article:publisher\" content=\"https:\/\/www.facebook.com\/finnhandball\" \/>\n<meta property=\"article:published_time\" content=\"2025-02-21T18:45:35+00:00\" \/>\n<meta property=\"og:image\" content=\"https:\/\/i0.wp.com\/aktialiiga.fi\/miehet\/wp-content\/uploads\/sites\/5\/2024\/12\/A7305749-Forbattrat-BR-scaled.jpg?fit=1706%2C2560&ssl=1\" \/>\n\t<meta property=\"og:image:width\" content=\"1706\" \/>\n\t<meta property=\"og:image:height\" content=\"2560\" \/>\n\t<meta property=\"og:image:type\" content=\"image\/jpeg\" \/>\n<meta name=\"author\" content=\"tbrmedia\" \/>\n<meta name=\"twitter:card\" content=\"summary_large_image\" \/>\n<meta name=\"twitter:creator\" content=\"@finnhandball\" \/>\n<meta name=\"twitter:site\" content=\"@finnhandball\" \/>\n<script type=\"application\/ld+json\" class=\"yoast-schema-graph\">{\"@context\":\"https:\\\/\\\/schema.org\",\"@graph\":[{\"@type\":\"Article\",\"@id\":\"https:\\\/\\\/aktialiiga.fi\\\/miehet\\\/2024-2025\\\/ottelut-2024-25\\\/bk-46lle-jai-kirittavaa-toiseen-osaotteluun\\\/#article\",\"isPartOf\":{\"@id\":\"https:\\\/\\\/aktialiiga.fi\\\/miehet\\\/2024-2025\\\/ottelut-2024-25\\\/bk-46lle-jai-kirittavaa-toiseen-osaotteluun\\\/\"},\"author\":{\"name\":\"tbrmedia\",\"@id\":\"https:\\\/\\\/aktialiiga.fi\\\/miehet\\\/#\\\/schema\\\/person\\\/c14bf42f47041db74603c45afcb18d87\"},\"headline\":\"BK-46:lle j\u00e4i kiritt\u00e4v\u00e4\u00e4 toiseen osaotteluun\",\"datePublished\":\"2025-02-21T18:45:35+00:00\",\"mainEntityOfPage\":{\"@id\":\"https:\\\/\\\/aktialiiga.fi\\\/miehet\\\/2024-2025\\\/ottelut-2024-25\\\/bk-46lle-jai-kirittavaa-toiseen-osaotteluun\\\/\"},\"wordCount\":163,\"publisher\":{\"@id\":\"https:\\\/\\\/aktialiiga.fi\\\/miehet\\\/#organization\"},\"image\":{\"@id\":\"https:\\\/\\\/aktialiiga.fi\\\/miehet\\\/2024-2025\\\/ottelut-2024-25\\\/bk-46lle-jai-kirittavaa-toiseen-osaotteluun\\\/#primaryimage\"},\"thumbnailUrl\":\"https:\\\/\\\/i0.wp.com\\\/aktialiiga.fi\\\/miehet\\\/wp-content\\\/uploads\\\/sites\\\/5\\\/2024\\\/12\\\/A7305749-Forbattrat-BR-scaled.jpg?fit=1706%2C2560&ssl=1\",\"keywords\":[\"BK-46\",\"EHF European Cup\"],\"articleSection\":[\"Ottelut 2024-25\"],\"inLanguage\":\"fi\"},{\"@type\":\"WebPage\",\"@id\":\"https:\\\/\\\/aktialiiga.fi\\\/miehet\\\/2024-2025\\\/ottelut-2024-25\\\/bk-46lle-jai-kirittavaa-toiseen-osaotteluun\\\/\",\"url\":\"https:\\\/\\\/aktialiiga.fi\\\/miehet\\\/2024-2025\\\/ottelut-2024-25\\\/bk-46lle-jai-kirittavaa-toiseen-osaotteluun\\\/\",\"name\":\"BK-46:lle j\u00e4i kiritt\u00e4v\u00e4\u00e4 toiseen osaotteluun | K\u00e4sipallon miesten Aktialiiga\",\"isPartOf\":{\"@id\":\"https:\\\/\\\/aktialiiga.fi\\\/miehet\\\/#website\"},\"primaryImageOfPage\":{\"@id\":\"https:\\\/\\\/aktialiiga.fi\\\/miehet\\\/2024-2025\\\/ottelut-2024-25\\\/bk-46lle-jai-kirittavaa-toiseen-osaotteluun\\\/#primaryimage\"},\"image\":{\"@id\":\"https:\\\/\\\/aktialiiga.fi\\\/miehet\\\/2024-2025\\\/ottelut-2024-25\\\/bk-46lle-jai-kirittavaa-toiseen-osaotteluun\\\/#primaryimage\"},\"thumbnailUrl\":\"https:\\\/\\\/i0.wp.com\\\/aktialiiga.fi\\\/miehet\\\/wp-content\\\/uploads\\\/sites\\\/5\\\/2024\\\/12\\\/A7305749-Forbattrat-BR-scaled.jpg?fit=1706%2C2560&ssl=1\",\"datePublished\":\"2025-02-21T18:45:35+00:00\",\"breadcrumb\":{\"@id\":\"https:\\\/\\\/aktialiiga.fi\\\/miehet\\\/2024-2025\\\/ottelut-2024-25\\\/bk-46lle-jai-kirittavaa-toiseen-osaotteluun\\\/#breadcrumb\"},\"inLanguage\":\"fi\",\"potentialAction\":[{\"@type\":\"ReadAction\",\"target\":[\"https:\\\/\\\/aktialiiga.fi\\\/miehet\\\/2024-2025\\\/ottelut-2024-25\\\/bk-46lle-jai-kirittavaa-toiseen-osaotteluun\\\/\"]}]},{\"@type\":\"ImageObject\",\"inLanguage\":\"fi\",\"@id\":\"https:\\\/\\\/aktialiiga.fi\\\/miehet\\\/2024-2025\\\/ottelut-2024-25\\\/bk-46lle-jai-kirittavaa-toiseen-osaotteluun\\\/#primaryimage\",\"url\":\"https:\\\/\\\/i0.wp.com\\\/aktialiiga.fi\\\/miehet\\\/wp-content\\\/uploads\\\/sites\\\/5\\\/2024\\\/12\\\/A7305749-Forbattrat-BR-scaled.jpg?fit=1706%2C2560&ssl=1\",\"contentUrl\":\"https:\\\/\\\/i0.wp.com\\\/aktialiiga.fi\\\/miehet\\\/wp-content\\\/uploads\\\/sites\\\/5\\\/2024\\\/12\\\/A7305749-Forbattrat-BR-scaled.jpg?fit=1706%2C2560&ssl=1\",\"width\":1706,\"height\":2560},{\"@type\":\"BreadcrumbList\",\"@id\":\"https:\\\/\\\/aktialiiga.fi\\\/miehet\\\/2024-2025\\\/ottelut-2024-25\\\/bk-46lle-jai-kirittavaa-toiseen-osaotteluun\\\/#breadcrumb\",\"itemListElement\":[{\"@type\":\"ListItem\",\"position\":1,\"name\":\"Etusivu\",\"item\":\"https:\\\/\\\/aktialiiga.fi\\\/miehet\\\/\"},{\"@type\":\"ListItem\",\"position\":2,\"name\":\"BK-46:lle j\u00e4i kiritt\u00e4v\u00e4\u00e4 toiseen osaotteluun\"}]},{\"@type\":\"WebSite\",\"@id\":\"https:\\\/\\\/aktialiiga.fi\\\/miehet\\\/#website\",\"url\":\"https:\\\/\\\/aktialiiga.fi\\\/miehet\\\/\",\"name\":\"K\u00e4sipallon miesten Aktialiiga\",\"description\":\"Valtakunnan vauhdikkainta palloilua!\",\"publisher\":{\"@id\":\"https:\\\/\\\/aktialiiga.fi\\\/miehet\\\/#organization\"},\"potentialAction\":[{\"@type\":\"SearchAction\",\"target\":{\"@type\":\"EntryPoint\",\"urlTemplate\":\"https:\\\/\\\/aktialiiga.fi\\\/miehet\\\/?s={search_term_string}\"},\"query-input\":{\"@type\":\"PropertyValueSpecification\",\"valueRequired\":true,\"valueName\":\"search_term_string\"}}],\"inLanguage\":\"fi\"},{\"@type\":\"Organization\",\"@id\":\"https:\\\/\\\/aktialiiga.fi\\\/miehet\\\/#organization\",\"name\":\"K\u00e4sipallon miesten Aktialiiga\",\"url\":\"https:\\\/\\\/aktialiiga.fi\\\/miehet\\\/\",\"logo\":{\"@type\":\"ImageObject\",\"inLanguage\":\"fi\",\"@id\":\"https:\\\/\\\/aktialiiga.fi\\\/miehet\\\/#\\\/schema\\\/logo\\\/image\\\/\",\"url\":\"https:\\\/\\\/i0.wp.com\\\/aktialiiga.fi\\\/miehet\\\/wp-content\\\/uploads\\\/sites\\\/5\\\/2024\\\/09\\\/Aktialiiga-Yoast-512.png?fit=512%2C512&ssl=1\",\"contentUrl\":\"https:\\\/\\\/i0.wp.com\\\/aktialiiga.fi\\\/miehet\\\/wp-content\\\/uploads\\\/sites\\\/5\\\/2024\\\/09\\\/Aktialiiga-Yoast-512.png?fit=512%2C512&ssl=1\",\"width\":512,\"height\":512,\"caption\":\"K\u00e4sipallon miesten Aktialiiga\"},\"image\":{\"@id\":\"https:\\\/\\\/aktialiiga.fi\\\/miehet\\\/#\\\/schema\\\/logo\\\/image\\\/\"},\"sameAs\":[\"https:\\\/\\\/www.facebook.com\\\/finnhandball\",\"https:\\\/\\\/x.com\\\/finnhandball\",\"https:\\\/\\\/www.instagram.com\\\/handballfinland\\\/\"]},{\"@type\":\"Person\",\"@id\":\"https:\\\/\\\/aktialiiga.fi\\\/miehet\\\/#\\\/schema\\\/person\\\/c14bf42f47041db74603c45afcb18d87\",\"name\":\"tbrmedia\",\"image\":{\"@type\":\"ImageObject\",\"inLanguage\":\"fi\",\"@id\":\"https:\\\/\\\/secure.gravatar.com\\\/avatar\\\/ee975fa091fe581d12b60debb3439022686618368a7c142044c56724d4666b16?s=96&d=mm&r=g\",\"url\":\"https:\\\/\\\/secure.gravatar.com\\\/avatar\\\/ee975fa091fe581d12b60debb3439022686618368a7c142044c56724d4666b16?s=96&d=mm&r=g\",\"contentUrl\":\"https:\\\/\\\/secure.gravatar.com\\\/avatar\\\/ee975fa091fe581d12b60debb3439022686618368a7c142044c56724d4666b16?s=96&d=mm&r=g\",\"caption\":\"tbrmedia\"}}]}<\/script>\n<!-- \/ Yoast SEO plugin. -->","yoast_head_json":{"title":"BK-46:lle j\u00e4i kiritt\u00e4v\u00e4\u00e4 toiseen osaotteluun | K\u00e4sipallon miesten Aktialiiga","robots":{"index":"index","follow":"follow","max-snippet":"max-snippet:-1","max-image-preview":"max-image-preview:large","max-video-preview":"max-video-preview:-1"},"canonical":"https:\/\/aktialiiga.fi\/miehet\/2024-2025\/ottelut-2024-25\/bk-46lle-jai-kirittavaa-toiseen-osaotteluun\/","og_locale":"fi_FI","og_type":"article","og_title":"BK-46:lle j\u00e4i kiritt\u00e4v\u00e4\u00e4 toiseen osaotteluun | K\u00e4sipallon miesten Aktialiiga","og_description":"BK-46 oli pitk\u00e4\u00e4n kiinni voitossa EHF European Cupin 4. kierroksen ottelussa romanialaista CS Minaur Baia Marea vastaan, mutta taipui lopussa niukkaan tappioon. Ottelu alkoi eritt\u00e4in tasaisena ja liki vuorotahtia edettiin aina numeroihin 7-7 saakka. Ote alkoi sen j\u00e4lkeen kuitenkin siirty\u00e4 hienoisesti BK-46:lle ja eroa syntyi muutaman maalin verran. Tauolle ment\u00e4ess\u00e4 karjaalaisten johto oli nelj\u00e4 maalia. [&hellip;]","og_url":"https:\/\/aktialiiga.fi\/miehet\/2024-2025\/ottelut-2024-25\/bk-46lle-jai-kirittavaa-toiseen-osaotteluun\/","og_site_name":"K\u00e4sipallon miesten Aktialiiga","article_publisher":"https:\/\/www.facebook.com\/finnhandball","article_published_time":"2025-02-21T18:45:35+00:00","og_image":[{"width":1706,"height":2560,"url":"https:\/\/i0.wp.com\/aktialiiga.fi\/miehet\/wp-content\/uploads\/sites\/5\/2024\/12\/A7305749-Forbattrat-BR-scaled.jpg?fit=1706%2C2560&ssl=1","type":"image\/jpeg"}],"author":"tbrmedia","twitter_card":"summary_large_image","twitter_creator":"@finnhandball","twitter_site":"@finnhandball","schema":{"@context":"https:\/\/schema.org","@graph":[{"@type":"Article","@id":"https:\/\/aktialiiga.fi\/miehet\/2024-2025\/ottelut-2024-25\/bk-46lle-jai-kirittavaa-toiseen-osaotteluun\/#article","isPartOf":{"@id":"https:\/\/aktialiiga.fi\/miehet\/2024-2025\/ottelut-2024-25\/bk-46lle-jai-kirittavaa-toiseen-osaotteluun\/"},"author":{"name":"tbrmedia","@id":"https:\/\/aktialiiga.fi\/miehet\/#\/schema\/person\/c14bf42f47041db74603c45afcb18d87"},"headline":"BK-46:lle j\u00e4i kiritt\u00e4v\u00e4\u00e4 toiseen osaotteluun","datePublished":"2025-02-21T18:45:35+00:00","mainEntityOfPage":{"@id":"https:\/\/aktialiiga.fi\/miehet\/2024-2025\/ottelut-2024-25\/bk-46lle-jai-kirittavaa-toiseen-osaotteluun\/"},"wordCount":163,"publisher":{"@id":"https:\/\/aktialiiga.fi\/miehet\/#organization"},"image":{"@id":"https:\/\/aktialiiga.fi\/miehet\/2024-2025\/ottelut-2024-25\/bk-46lle-jai-kirittavaa-toiseen-osaotteluun\/#primaryimage"},"thumbnailUrl":"https:\/\/i0.wp.com\/aktialiiga.fi\/miehet\/wp-content\/uploads\/sites\/5\/2024\/12\/A7305749-Forbattrat-BR-scaled.jpg?fit=1706%2C2560&ssl=1","keywords":["BK-46","EHF European Cup"],"articleSection":["Ottelut 2024-25"],"inLanguage":"fi"},{"@type":"WebPage","@id":"https:\/\/aktialiiga.fi\/miehet\/2024-2025\/ottelut-2024-25\/bk-46lle-jai-kirittavaa-toiseen-osaotteluun\/","url":"https:\/\/aktialiiga.fi\/miehet\/2024-2025\/ottelut-2024-25\/bk-46lle-jai-kirittavaa-toiseen-osaotteluun\/","name":"BK-46:lle j\u00e4i kiritt\u00e4v\u00e4\u00e4 toiseen osaotteluun | K\u00e4sipallon miesten Aktialiiga","isPartOf":{"@id":"https:\/\/aktialiiga.fi\/miehet\/#website"},"primaryImageOfPage":{"@id":"https:\/\/aktialiiga.fi\/miehet\/2024-2025\/ottelut-2024-25\/bk-46lle-jai-kirittavaa-toiseen-osaotteluun\/#primaryimage"},"image":{"@id":"https:\/\/aktialiiga.fi\/miehet\/2024-2025\/ottelut-2024-25\/bk-46lle-jai-kirittavaa-toiseen-osaotteluun\/#primaryimage"},"thumbnailUrl":"https:\/\/i0.wp.com\/aktialiiga.fi\/miehet\/wp-content\/uploads\/sites\/5\/2024\/12\/A7305749-Forbattrat-BR-scaled.jpg?fit=1706%2C2560&ssl=1","datePublished":"2025-02-21T18:45:35+00:00","breadcrumb":{"@id":"https:\/\/aktialiiga.fi\/miehet\/2024-2025\/ottelut-2024-25\/bk-46lle-jai-kirittavaa-toiseen-osaotteluun\/#breadcrumb"},"inLanguage":"fi","potentialAction":[{"@type":"ReadAction","target":["https:\/\/aktialiiga.fi\/miehet\/2024-2025\/ottelut-2024-25\/bk-46lle-jai-kirittavaa-toiseen-osaotteluun\/"]}]},{"@type":"ImageObject","inLanguage":"fi","@id":"https:\/\/aktialiiga.fi\/miehet\/2024-2025\/ottelut-2024-25\/bk-46lle-jai-kirittavaa-toiseen-osaotteluun\/#primaryimage","url":"https:\/\/i0.wp.com\/aktialiiga.fi\/miehet\/wp-content\/uploads\/sites\/5\/2024\/12\/A7305749-Forbattrat-BR-scaled.jpg?fit=1706%2C2560&ssl=1","contentUrl":"https:\/\/i0.wp.com\/aktialiiga.fi\/miehet\/wp-content\/uploads\/sites\/5\/2024\/12\/A7305749-Forbattrat-BR-scaled.jpg?fit=1706%2C2560&ssl=1","width":1706,"height":2560},{"@type":"BreadcrumbList","@id":"https:\/\/aktialiiga.fi\/miehet\/2024-2025\/ottelut-2024-25\/bk-46lle-jai-kirittavaa-toiseen-osaotteluun\/#breadcrumb","itemListElement":[{"@type":"ListItem","position":1,"name":"Etusivu","item":"https:\/\/aktialiiga.fi\/miehet\/"},{"@type":"ListItem","position":2,"name":"BK-46:lle j\u00e4i kiritt\u00e4v\u00e4\u00e4 toiseen osaotteluun"}]},{"@type":"WebSite","@id":"https:\/\/aktialiiga.fi\/miehet\/#website","url":"https:\/\/aktialiiga.fi\/miehet\/","name":"K\u00e4sipallon miesten Aktialiiga","description":"Valtakunnan vauhdikkainta palloilua!","publisher":{"@id":"https:\/\/aktialiiga.fi\/miehet\/#organization"},"potentialAction":[{"@type":"SearchAction","target":{"@type":"EntryPoint","urlTemplate":"https:\/\/aktialiiga.fi\/miehet\/?s={search_term_string}"},"query-input":{"@type":"PropertyValueSpecification","valueRequired":true,"valueName":"search_term_string"}}],"inLanguage":"fi"},{"@type":"Organization","@id":"https:\/\/aktialiiga.fi\/miehet\/#organization","name":"K\u00e4sipallon miesten Aktialiiga","url":"https:\/\/aktialiiga.fi\/miehet\/","logo":{"@type":"ImageObject","inLanguage":"fi","@id":"https:\/\/aktialiiga.fi\/miehet\/#\/schema\/logo\/image\/","url":"https:\/\/i0.wp.com\/aktialiiga.fi\/miehet\/wp-content\/uploads\/sites\/5\/2024\/09\/Aktialiiga-Yoast-512.png?fit=512%2C512&ssl=1","contentUrl":"https:\/\/i0.wp.com\/aktialiiga.fi\/miehet\/wp-content\/uploads\/sites\/5\/2024\/09\/Aktialiiga-Yoast-512.png?fit=512%2C512&ssl=1","width":512,"height":512,"caption":"K\u00e4sipallon miesten Aktialiiga"},"image":{"@id":"https:\/\/aktialiiga.fi\/miehet\/#\/schema\/logo\/image\/"},"sameAs":["https:\/\/www.facebook.com\/finnhandball","https:\/\/x.com\/finnhandball","https:\/\/www.instagram.com\/handballfinland\/"]},{"@type":"Person","@id":"https:\/\/aktialiiga.fi\/miehet\/#\/schema\/person\/c14bf42f47041db74603c45afcb18d87","name":"tbrmedia","image":{"@type":"ImageObject","inLanguage":"fi","@id":"https:\/\/secure.gravatar.com\/avatar\/ee975fa091fe581d12b60debb3439022686618368a7c142044c56724d4666b16?s=96&d=mm&r=g","url":"https:\/\/secure.gravatar.com\/avatar\/ee975fa091fe581d12b60debb3439022686618368a7c142044c56724d4666b16?s=96&d=mm&r=g","contentUrl":"https:\/\/secure.gravatar.com\/avatar\/ee975fa091fe581d12b60debb3439022686618368a7c142044c56724d4666b16?s=96&d=mm&r=g","caption":"tbrmedia"}}]}},"jetpack_featured_media_url":"https:\/\/i0.wp.com\/aktialiiga.fi\/miehet\/wp-content\/uploads\/sites\/5\/2024\/12\/A7305749-Forbattrat-BR-scaled.jpg?fit=1706%2C2560&ssl=1","jetpack_sharing_enabled":true,"jetpack_shortlink":"https:\/\/wp.me\/pfTxOr-gqL","_links":{"self":[{"href":"https:\/\/aktialiiga.fi\/miehet\/wp-json\/wp\/v2\/posts\/63163","targetHints":{"allow":["GET"]}}],"collection":[{"href":"https:\/\/aktialiiga.fi\/miehet\/wp-json\/wp\/v2\/posts"}],"about":[{"href":"https:\/\/aktialiiga.fi\/miehet\/wp-json\/wp\/v2\/types\/post"}],"author":[{"embeddable":true,"href":"https:\/\/aktialiiga.fi\/miehet\/wp-json\/wp\/v2\/users\/13"}],"replies":[{"embeddable":true,"href":"https:\/\/aktialiiga.fi\/miehet\/wp-json\/wp\/v2\/comments?post=63163"}],"version-history":[{"count":2,"href":"https:\/\/aktialiiga.fi\/miehet\/wp-json\/wp\/v2\/posts\/63163\/revisions"}],"predecessor-version":[{"id":63172,"href":"https:\/\/aktialiiga.fi\/miehet\/wp-json\/wp\/v2\/posts\/63163\/revisions\/63172"}],"wp:featuredmedia":[{"embeddable":true,"href":"https:\/\/aktialiiga.fi\/miehet\/wp-json\/wp\/v2\/media\/62497"}],"wp:attachment":[{"href":"https:\/\/aktialiiga.fi\/miehet\/wp-json\/wp\/v2\/media?parent=63163"}],"wp:term":[{"taxonomy":"category","embeddable":true,"href":"https:\/\/aktialiiga.fi\/miehet\/wp-json\/wp\/v2\/categories?post=63163"},{"taxonomy":"post_tag","embeddable":true,"href":"https:\/\/aktialiiga.fi\/miehet\/wp-json\/wp\/v2\/tags?post=63163"}],"curies":[{"name":"wp","href":"https:\/\/api.w.org\/{rel}","templated":true}]}}