{"id":63979,"date":"2025-04-04T11:47:52","date_gmt":"2025-04-04T08:47:52","guid":{"rendered":"https:\/\/aktialiiga.fi\/miehet\/?p=63979"},"modified":"2026-02-06T13:47:44","modified_gmt":"2026-02-06T11:47:44","slug":"sebastian-sakkinen-maaliskuun-tahtipelaaja","status":"publish","type":"post","link":"https:\/\/aktialiiga.fi\/miehet\/ajankohtaista\/sebastian-sakkinen-maaliskuun-tahtipelaaja\/","title":{"rendered":"Sebastian S\u00e4kkinen maaliskuun t\u00e4htipelaaja"},"content":{"rendered":"<p>Aktialiigan hallitsevan mestarin BK-46:n kapteeni Sebastian S\u00e4kkinen on valittu maaliskuun t\u00e4htipelaajaksi. 30-vuotias vasuri saalisti nelj\u00e4st\u00e4 ottelusta kuusi t\u00e4hte\u00e4, eli yht\u00e4 paljon kuin t\u00e4htiraateja pitkin kautta hurmannut joukkuetoveri Miska Henriksson. Valinnan ratkaisi S\u00e4kkisen eduksi t\u00e4ll\u00e4 kertaa raatien sijainti, sill\u00e4 S\u00e4kkinen valittiin kent\u00e4n parhaaksi kahdessa vieraspeliss\u00e4.<\/p>\n<p><strong>Runkosarjan ykk\u00f6stila, hienot pelit EHF European Cupissa, Suomen Cupin mestaruus ja nyt finaalipaikka suoraan kolmessa ottelussa. Kausi tainnut menn\u00e4 ainakin t\u00e4h\u00e4n asti ihan hyvin ja suunnitelmien\u00a0mukaan?<\/strong><\/p>\n<p>&#8211; Niin, voi kai sanoa, ett\u00e4 ollaan siell\u00e4 parhaillaan miss\u00e4 me halutaan olla, S\u00e4kkinen my\u00f6nt\u00e4\u00e4.<\/p>\n<p>Omia ja joukkueen esityksi\u00e4 maaliskuun otteluissa S\u00e4kkinen arvioi jokseenkin alakanttiin, kuin j\u00e4tt\u00e4\u00e4kseen viel\u00e4 parantamisen varaa loppuotteluita silm\u00e4ll\u00e4 pit\u00e4en.<\/p>\n<p>&#8211; Omista peleist\u00e4 annetaan arvosanaksi seitsem\u00e4n ja puoli. Kev\u00e4tt\u00e4 kohti on pakko nostaa tasoa, niin pidet\u00e4\u00e4n arvosana alhaisena.\u00a0Joukkueen otteista sanoisin vahva kahdeksan. Ei ihan parasta BK:ta, mutta sopivan tasaista.<\/p>\n<p>S\u00e4kkisell\u00e4 on takanaan kohta t\u00e4ydet 14 kautta liigassa, niist\u00e4 kasvattajaseuran raitapaidoissa kuluva kausi on jo kymmenes. Kaudet 2014-2018 mies palloili Vantaan Atlaksen v\u00e4reiss\u00e4.<\/p>\n<p>&#8211; Peliaikaa ei tullut silloin BK:ssa ja halusin kehitty\u00e4, ja se tulee pelaamalla. Atlas oli kiinnostunut, niin pakkasin kamat ja l\u00e4hdin sinne. Oli kyll\u00e4 hauska matka hyv\u00e4n porukan kanssa. BK on kuitenkin aina ollut mun joukkue ihan pienest\u00e4 pit\u00e4en, joten se oli kyll\u00e4 selv\u00e4, ett\u00e4 palaan t\u00e4nne takaisin.<\/p>\n<p>Aktialiigan loppuottelut pelataan jo kolmantena per\u00e4kk\u00e4isen\u00e4 kev\u00e4\u00e4n\u00e4 BK-46:n ja Cocksin kesken. Finaalisarjasta S\u00e4kkinen odottaa tiukkaa ja tasaista, vaikka kauden keskin\u00e4isten pelien voitot ovatkin karjaalaisille musertavasti 5-0.<\/p>\n<p>&#8211; Runkosarjapelit k\u00e4\u00e4ntyi meille, mutta kaikki ottelut olivat aina tiukkaa v\u00e4\u00e4nt\u00f6\u00e4. Kev\u00e4\u00e4ll\u00e4 pelataan kuitenkin ihan eri pelit, niin 50\/50, S\u00e4kkinen arvioi finaalisarjaa.<\/p>\n<p>Aktialiigan t\u00e4m\u00e4n kauden 25 ottelussa S\u00e4kkinen on tehnyt 177 maalia, jolla h\u00e4n on maalip\u00f6rssiss\u00e4 toisena. Kaikkiaan S\u00e4kkisell\u00e4 on 378 liigapeliss\u00e4 maaleja kunnioitettavat 1789, jolla mies h\u00e4tyyttelee pian jo kaikkien aikojen k\u00e4rkikymmenikk\u00f6\u00e4.<\/p>\n<div class='flex_column_table av-l8skwxbd-e0b81ac14df0ae7f2672c91d42140374 sc-av_one_half av-equal-height-column-flextable'><div  class='flex_column av-l8skwxbd-e0b81ac14df0ae7f2672c91d42140374 av_one_half  avia-builder-el-0  el_before_av_one_half  avia-builder-el-first  first flex_column_table_cell av-equal-height-column av-align-top  '     ><section  class='av_textblock_section av-l8sk34v3-999538964b5557916f9b66fbdd7486ac '   itemscope=\"itemscope\" itemtype=\"https:\/\/schema.org\/BlogPosting\" itemprop=\"blogPost\" ><div class='avia_textblock'  itemprop=\"text\" ><h4 style=\"text-align: right;\">Sebastian S\u00e4kkinen<\/h4>\n<p style=\"text-align: right;\">Synt. 1994<br \/>\nCM \/ KG 186 \/ 85<br \/>\nPelipaikka: O6<\/p>\n<p style=\"text-align: right;\"><strong>Muut seurat<\/strong><br \/>\nAtlas<\/p>\n<\/div><\/section><br \/>\n<div  class='avia-button-wrap av-l8skze2l-4096a437149a3c76efc9ed33a0e9f59e-wrap avia-button-right  avia-builder-el-2  el_after_av_textblock  el_before_av_button '><a href='https:\/\/tulospalvelu.finnhandball.net\/taso\/pelaaja.php?pelaaja=49631'  class='avia-button av-l8skze2l-4096a437149a3c76efc9ed33a0e9f59e av-link-btn avia-icon_select-yes-left-icon avia-size-medium avia-position-right av-icon-on-hover avia-color-theme-color'  target=\"_blank\"  rel=\"noopener noreferrer\"  aria-label=\"Sebastian S\u00e4kkinen Tulospalvelussa\"><span class='avia_button_icon avia_button_icon_left avia-iconfont avia-font-flaticon-sports' data-av_icon='\uf15b' data-av_iconfont='flaticon-sports' ><\/span><span class='avia_iconbox_title' >Sebastian S\u00e4kkinen Tulospalvelussa<\/span><\/a><\/div><br \/>\n<div  class='avia-button-wrap av-l8suxnq7-c3afc0706e6e2bf471feafca00b53a21-wrap avia-button-right  avia-builder-el-3  el_after_av_button  el_before_av_codeblock '><a href='https:\/\/aktialiiga.fi\/miehet\/historia\/kuukauden-tahtipelaajat-kautta-aikojen\/'  class='avia-button av-l8suxnq7-c3afc0706e6e2bf471feafca00b53a21 av-link-btn avia-icon_select-no avia-size-medium avia-position-right avia-color-theme-color'   aria-label=\"Kuukauden t\u00e4htipelaajat kautta aikojen\"><span class='avia_iconbox_title' >Kuukauden t\u00e4htipelaajat kautta aikojen<\/span><\/a><\/div><br \/>\n<\/p><\/div>\n<div class='av-flex-placeholder'><\/div><div  class='flex_column av-toyg12-df7035cc7356591dbdab0e0f530904b1 av_one_half  avia-builder-el-5  el_after_av_one_half  el_before_av_textblock  flex_column_table_cell av-equal-height-column av-align-top  '     ><style type=\"text\/css\" data-created_by=\"avia_inline_auto\" id=\"style-css-av-l8sko9xf-978349dc2030603aff359006589102b6\">\n.avia-image-container.av-l8sko9xf-978349dc2030603aff359006589102b6 img.avia_image{\nbox-shadow:none;\n}\n.avia-image-container.av-l8sko9xf-978349dc2030603aff359006589102b6 .av-image-caption-overlay-center{\ncolor:#ffffff;\n}\n<\/style>\n<div  class='avia-image-container av-l8sko9xf-978349dc2030603aff359006589102b6 av-styling- av-img-linked avia-align-center  avia-builder-el-6  avia-builder-el-no-sibling '   itemprop=\"image\" itemscope=\"itemscope\" itemtype=\"https:\/\/schema.org\/ImageObject\" ><div class=\"avia-image-container-inner\"><div class=\"avia-image-overlay-wrap\"><a href=\"https:\/\/i0.wp.com\/aktialiiga.fi\/miehet\/wp-content\/uploads\/sites\/5\/2024\/11\/Sebastian-Sakkinen.jpg?fit=472%2C708&#038;ssl=1\" data-srcset=\"https:\/\/i0.wp.com\/aktialiiga.fi\/miehet\/wp-content\/uploads\/sites\/5\/2024\/11\/Sebastian-Sakkinen.jpg?w=472&amp;ssl=1 472w, https:\/\/i0.wp.com\/aktialiiga.fi\/miehet\/wp-content\/uploads\/sites\/5\/2024\/11\/Sebastian-Sakkinen.jpg?resize=200%2C300&amp;ssl=1 200w, https:\/\/i0.wp.com\/aktialiiga.fi\/miehet\/wp-content\/uploads\/sites\/5\/2024\/11\/Sebastian-Sakkinen.jpg?resize=470%2C705&amp;ssl=1 470w\" data-sizes=\"(max-width: 472px) 100vw, 472px\" class='avia_image '  aria-label='22 Sebastian S\u00e4kkinen'><img decoding=\"async\" fetchpriority=\"high\" class='wp-image-62109 avia-img-lazy-loading-not-62109 avia_image ' src=\"https:\/\/i0.wp.com\/aktialiiga.fi\/miehet\/wp-content\/uploads\/sites\/5\/2024\/11\/Sebastian-Sakkinen.jpg?fit=472%2C708&ssl=1\" alt='' title='22 Sebastian S\u00e4kkinen'  height=\"708\" width=\"472\"  itemprop=\"thumbnailUrl\" srcset=\"https:\/\/i0.wp.com\/aktialiiga.fi\/miehet\/wp-content\/uploads\/sites\/5\/2024\/11\/Sebastian-Sakkinen.jpg?w=472&amp;ssl=1 472w, https:\/\/i0.wp.com\/aktialiiga.fi\/miehet\/wp-content\/uploads\/sites\/5\/2024\/11\/Sebastian-Sakkinen.jpg?resize=200%2C300&amp;ssl=1 200w, https:\/\/i0.wp.com\/aktialiiga.fi\/miehet\/wp-content\/uploads\/sites\/5\/2024\/11\/Sebastian-Sakkinen.jpg?resize=470%2C705&amp;ssl=1 470w\" sizes=\"(max-width: 472px) 100vw, 472px\" \/><\/a><\/div><\/div><\/div><\/div><\/div><!--close column table wrapper. Autoclose: 1 --><section  class='av_textblock_section av-l8sl9cp5-457be605e8290f8823e0b366af107a8d '   itemscope=\"itemscope\" itemtype=\"https:\/\/schema.org\/BlogPosting\" itemprop=\"blogPost\" ><div class='av-desktop-hide av-medium-hide av-small-hide av-mini-hide avia_textblock'  itemprop=\"text\" ><p>Artikkelikuva: Jonas Tana<\/p>\n<\/div><\/section><\/p>\n","protected":false},"excerpt":{"rendered":"<p>Aktialiigan hallitsevan mestarin BK-46:n kapteeni Sebastian S\u00e4kkinen on valittu maaliskuun t\u00e4htipelaajaksi. 30-vuotias vasuri saalisti nelj\u00e4st\u00e4 ottelusta kuusi t\u00e4hte\u00e4, eli yht\u00e4 paljon kuin t\u00e4htiraateja pitkin kautta hurmannut joukkuetoveri Miska Henriksson. Valinnan ratkaisi S\u00e4kkisen eduksi t\u00e4ll\u00e4 kertaa raatien sijainti, sill\u00e4 S\u00e4kkinen valittiin kent\u00e4n parhaaksi kahdessa vieraspeliss\u00e4. Runkosarjan ykk\u00f6stila, hienot pelit EHF European Cupissa, Suomen Cupin mestaruus ja [&hellip;]<\/p>\n","protected":false},"author":3,"featured_media":63983,"comment_status":"closed","ping_status":"closed","sticky":false,"template":"","format":"standard","meta":{"_acf_changed":false,"jetpack_post_was_ever_published":false,"_jetpack_newsletter_access":"","_jetpack_dont_email_post_to_subs":false,"_jetpack_newsletter_tier_id":0,"_jetpack_memberships_contains_paywalled_content":false,"_jetpack_memberships_contains_paid_content":false,"footnotes":""},"categories":[2],"tags":[56,117],"class_list":["post-63979","post","type-post","status-publish","format-standard","has-post-thumbnail","hentry","category-ajankohtaista","tag-bk-46","tag-tahtipelaaja"],"acf":[],"yoast_head":"<!-- This site is optimized with the Yoast SEO plugin v27.5 - https:\/\/yoast.com\/product\/yoast-seo-wordpress\/ -->\n<title>Sebastian S\u00e4kkinen maaliskuun t\u00e4htipelaaja | K\u00e4sipallon miesten Aktialiiga<\/title>\n<meta name=\"robots\" content=\"index, follow, max-snippet:-1, max-image-preview:large, max-video-preview:-1\" \/>\n<link rel=\"canonical\" href=\"https:\/\/aktialiiga.fi\/miehet\/ajankohtaista\/sebastian-sakkinen-maaliskuun-tahtipelaaja\/\" \/>\n<meta property=\"og:locale\" content=\"fi_FI\" \/>\n<meta property=\"og:type\" content=\"article\" \/>\n<meta property=\"og:title\" content=\"Sebastian S\u00e4kkinen maaliskuun t\u00e4htipelaaja | K\u00e4sipallon miesten Aktialiiga\" \/>\n<meta property=\"og:description\" content=\"Aktialiigan hallitsevan mestarin BK-46:n kapteeni Sebastian S\u00e4kkinen on valittu maaliskuun t\u00e4htipelaajaksi. 30-vuotias vasuri saalisti nelj\u00e4st\u00e4 ottelusta kuusi t\u00e4hte\u00e4, eli yht\u00e4 paljon kuin t\u00e4htiraateja pitkin kautta hurmannut joukkuetoveri Miska Henriksson. Valinnan ratkaisi S\u00e4kkisen eduksi t\u00e4ll\u00e4 kertaa raatien sijainti, sill\u00e4 S\u00e4kkinen valittiin kent\u00e4n parhaaksi kahdessa vieraspeliss\u00e4. Runkosarjan ykk\u00f6stila, hienot pelit EHF European Cupissa, Suomen Cupin mestaruus ja [&hellip;]\" \/>\n<meta property=\"og:url\" content=\"https:\/\/aktialiiga.fi\/miehet\/ajankohtaista\/sebastian-sakkinen-maaliskuun-tahtipelaaja\/\" \/>\n<meta property=\"og:site_name\" content=\"K\u00e4sipallon miesten Aktialiiga\" \/>\n<meta property=\"article:publisher\" content=\"https:\/\/www.facebook.com\/finnhandball\" \/>\n<meta property=\"article:published_time\" content=\"2025-04-04T08:47:52+00:00\" \/>\n<meta property=\"article:modified_time\" content=\"2026-02-06T11:47:44+00:00\" \/>\n<meta property=\"og:image\" content=\"https:\/\/aktialiiga.fi\/miehet\/wp-content\/uploads\/sites\/5\/2025\/04\/A7305518-Forbattrat-BR-e1743708801366.jpg\" \/>\n\t<meta property=\"og:image:width\" content=\"1948\" \/>\n\t<meta property=\"og:image:height\" content=\"1098\" \/>\n\t<meta property=\"og:image:type\" content=\"image\/jpeg\" \/>\n<meta name=\"author\" content=\"jussi\" \/>\n<meta name=\"twitter:card\" content=\"summary_large_image\" \/>\n<meta name=\"twitter:creator\" content=\"@finnhandball\" \/>\n<meta name=\"twitter:site\" content=\"@finnhandball\" \/>\n<script type=\"application\/ld+json\" class=\"yoast-schema-graph\">{\"@context\":\"https:\\\/\\\/schema.org\",\"@graph\":[{\"@type\":\"Article\",\"@id\":\"https:\\\/\\\/aktialiiga.fi\\\/miehet\\\/ajankohtaista\\\/sebastian-sakkinen-maaliskuun-tahtipelaaja\\\/#article\",\"isPartOf\":{\"@id\":\"https:\\\/\\\/aktialiiga.fi\\\/miehet\\\/ajankohtaista\\\/sebastian-sakkinen-maaliskuun-tahtipelaaja\\\/\"},\"author\":{\"name\":\"jussi\",\"@id\":\"https:\\\/\\\/aktialiiga.fi\\\/miehet\\\/#\\\/schema\\\/person\\\/6ed7641d619c7f28481c53817a16b871\"},\"headline\":\"Sebastian S\u00e4kkinen maaliskuun t\u00e4htipelaaja\",\"datePublished\":\"2025-04-04T08:47:52+00:00\",\"dateModified\":\"2026-02-06T11:47:44+00:00\",\"mainEntityOfPage\":{\"@id\":\"https:\\\/\\\/aktialiiga.fi\\\/miehet\\\/ajankohtaista\\\/sebastian-sakkinen-maaliskuun-tahtipelaaja\\\/\"},\"wordCount\":1833,\"publisher\":{\"@id\":\"https:\\\/\\\/aktialiiga.fi\\\/miehet\\\/#organization\"},\"image\":{\"@id\":\"https:\\\/\\\/aktialiiga.fi\\\/miehet\\\/ajankohtaista\\\/sebastian-sakkinen-maaliskuun-tahtipelaaja\\\/#primaryimage\"},\"thumbnailUrl\":\"https:\\\/\\\/i0.wp.com\\\/aktialiiga.fi\\\/miehet\\\/wp-content\\\/uploads\\\/sites\\\/5\\\/2025\\\/04\\\/A7305518-Forbattrat-BR-e1743708801366.jpg?fit=1948%2C1098&ssl=1\",\"keywords\":[\"BK-46\",\"T\u00e4htipelaaja\"],\"articleSection\":[\"Ajankohtaista\"],\"inLanguage\":\"fi\"},{\"@type\":\"WebPage\",\"@id\":\"https:\\\/\\\/aktialiiga.fi\\\/miehet\\\/ajankohtaista\\\/sebastian-sakkinen-maaliskuun-tahtipelaaja\\\/\",\"url\":\"https:\\\/\\\/aktialiiga.fi\\\/miehet\\\/ajankohtaista\\\/sebastian-sakkinen-maaliskuun-tahtipelaaja\\\/\",\"name\":\"Sebastian S\u00e4kkinen maaliskuun t\u00e4htipelaaja | K\u00e4sipallon miesten Aktialiiga\",\"isPartOf\":{\"@id\":\"https:\\\/\\\/aktialiiga.fi\\\/miehet\\\/#website\"},\"primaryImageOfPage\":{\"@id\":\"https:\\\/\\\/aktialiiga.fi\\\/miehet\\\/ajankohtaista\\\/sebastian-sakkinen-maaliskuun-tahtipelaaja\\\/#primaryimage\"},\"image\":{\"@id\":\"https:\\\/\\\/aktialiiga.fi\\\/miehet\\\/ajankohtaista\\\/sebastian-sakkinen-maaliskuun-tahtipelaaja\\\/#primaryimage\"},\"thumbnailUrl\":\"https:\\\/\\\/i0.wp.com\\\/aktialiiga.fi\\\/miehet\\\/wp-content\\\/uploads\\\/sites\\\/5\\\/2025\\\/04\\\/A7305518-Forbattrat-BR-e1743708801366.jpg?fit=1948%2C1098&ssl=1\",\"datePublished\":\"2025-04-04T08:47:52+00:00\",\"dateModified\":\"2026-02-06T11:47:44+00:00\",\"breadcrumb\":{\"@id\":\"https:\\\/\\\/aktialiiga.fi\\\/miehet\\\/ajankohtaista\\\/sebastian-sakkinen-maaliskuun-tahtipelaaja\\\/#breadcrumb\"},\"inLanguage\":\"fi\",\"potentialAction\":[{\"@type\":\"ReadAction\",\"target\":[\"https:\\\/\\\/aktialiiga.fi\\\/miehet\\\/ajankohtaista\\\/sebastian-sakkinen-maaliskuun-tahtipelaaja\\\/\"]}]},{\"@type\":\"ImageObject\",\"inLanguage\":\"fi\",\"@id\":\"https:\\\/\\\/aktialiiga.fi\\\/miehet\\\/ajankohtaista\\\/sebastian-sakkinen-maaliskuun-tahtipelaaja\\\/#primaryimage\",\"url\":\"https:\\\/\\\/i0.wp.com\\\/aktialiiga.fi\\\/miehet\\\/wp-content\\\/uploads\\\/sites\\\/5\\\/2025\\\/04\\\/A7305518-Forbattrat-BR-e1743708801366.jpg?fit=1948%2C1098&ssl=1\",\"contentUrl\":\"https:\\\/\\\/i0.wp.com\\\/aktialiiga.fi\\\/miehet\\\/wp-content\\\/uploads\\\/sites\\\/5\\\/2025\\\/04\\\/A7305518-Forbattrat-BR-e1743708801366.jpg?fit=1948%2C1098&ssl=1\",\"width\":1948,\"height\":1098,\"caption\":\"Bk-46 - Cocks 13.09.2024\"},{\"@type\":\"BreadcrumbList\",\"@id\":\"https:\\\/\\\/aktialiiga.fi\\\/miehet\\\/ajankohtaista\\\/sebastian-sakkinen-maaliskuun-tahtipelaaja\\\/#breadcrumb\",\"itemListElement\":[{\"@type\":\"ListItem\",\"position\":1,\"name\":\"Etusivu\",\"item\":\"https:\\\/\\\/aktialiiga.fi\\\/miehet\\\/\"},{\"@type\":\"ListItem\",\"position\":2,\"name\":\"Sebastian S\u00e4kkinen maaliskuun t\u00e4htipelaaja\"}]},{\"@type\":\"WebSite\",\"@id\":\"https:\\\/\\\/aktialiiga.fi\\\/miehet\\\/#website\",\"url\":\"https:\\\/\\\/aktialiiga.fi\\\/miehet\\\/\",\"name\":\"K\u00e4sipallon miesten Aktialiiga\",\"description\":\"Valtakunnan vauhdikkainta palloilua!\",\"publisher\":{\"@id\":\"https:\\\/\\\/aktialiiga.fi\\\/miehet\\\/#organization\"},\"potentialAction\":[{\"@type\":\"SearchAction\",\"target\":{\"@type\":\"EntryPoint\",\"urlTemplate\":\"https:\\\/\\\/aktialiiga.fi\\\/miehet\\\/?s={search_term_string}\"},\"query-input\":{\"@type\":\"PropertyValueSpecification\",\"valueRequired\":true,\"valueName\":\"search_term_string\"}}],\"inLanguage\":\"fi\"},{\"@type\":\"Organization\",\"@id\":\"https:\\\/\\\/aktialiiga.fi\\\/miehet\\\/#organization\",\"name\":\"K\u00e4sipallon miesten Aktialiiga\",\"url\":\"https:\\\/\\\/aktialiiga.fi\\\/miehet\\\/\",\"logo\":{\"@type\":\"ImageObject\",\"inLanguage\":\"fi\",\"@id\":\"https:\\\/\\\/aktialiiga.fi\\\/miehet\\\/#\\\/schema\\\/logo\\\/image\\\/\",\"url\":\"https:\\\/\\\/i0.wp.com\\\/aktialiiga.fi\\\/miehet\\\/wp-content\\\/uploads\\\/sites\\\/5\\\/2024\\\/09\\\/Aktialiiga-Yoast-512.png?fit=512%2C512&ssl=1\",\"contentUrl\":\"https:\\\/\\\/i0.wp.com\\\/aktialiiga.fi\\\/miehet\\\/wp-content\\\/uploads\\\/sites\\\/5\\\/2024\\\/09\\\/Aktialiiga-Yoast-512.png?fit=512%2C512&ssl=1\",\"width\":512,\"height\":512,\"caption\":\"K\u00e4sipallon miesten Aktialiiga\"},\"image\":{\"@id\":\"https:\\\/\\\/aktialiiga.fi\\\/miehet\\\/#\\\/schema\\\/logo\\\/image\\\/\"},\"sameAs\":[\"https:\\\/\\\/www.facebook.com\\\/finnhandball\",\"https:\\\/\\\/x.com\\\/finnhandball\",\"https:\\\/\\\/www.instagram.com\\\/handballfinland\\\/\"]},{\"@type\":\"Person\",\"@id\":\"https:\\\/\\\/aktialiiga.fi\\\/miehet\\\/#\\\/schema\\\/person\\\/6ed7641d619c7f28481c53817a16b871\",\"name\":\"jussi\",\"image\":{\"@type\":\"ImageObject\",\"inLanguage\":\"fi\",\"@id\":\"https:\\\/\\\/secure.gravatar.com\\\/avatar\\\/034b8e6380fc659c320f13e17fe45bd9ab48a21e2debadd5f3179bde291949df?s=96&d=mm&r=g\",\"url\":\"https:\\\/\\\/secure.gravatar.com\\\/avatar\\\/034b8e6380fc659c320f13e17fe45bd9ab48a21e2debadd5f3179bde291949df?s=96&d=mm&r=g\",\"contentUrl\":\"https:\\\/\\\/secure.gravatar.com\\\/avatar\\\/034b8e6380fc659c320f13e17fe45bd9ab48a21e2debadd5f3179bde291949df?s=96&d=mm&r=g\",\"caption\":\"jussi\"}}]}<\/script>\n<!-- \/ Yoast SEO plugin. -->","yoast_head_json":{"title":"Sebastian S\u00e4kkinen maaliskuun t\u00e4htipelaaja | K\u00e4sipallon miesten Aktialiiga","robots":{"index":"index","follow":"follow","max-snippet":"max-snippet:-1","max-image-preview":"max-image-preview:large","max-video-preview":"max-video-preview:-1"},"canonical":"https:\/\/aktialiiga.fi\/miehet\/ajankohtaista\/sebastian-sakkinen-maaliskuun-tahtipelaaja\/","og_locale":"fi_FI","og_type":"article","og_title":"Sebastian S\u00e4kkinen maaliskuun t\u00e4htipelaaja | K\u00e4sipallon miesten Aktialiiga","og_description":"Aktialiigan hallitsevan mestarin BK-46:n kapteeni Sebastian S\u00e4kkinen on valittu maaliskuun t\u00e4htipelaajaksi. 30-vuotias vasuri saalisti nelj\u00e4st\u00e4 ottelusta kuusi t\u00e4hte\u00e4, eli yht\u00e4 paljon kuin t\u00e4htiraateja pitkin kautta hurmannut joukkuetoveri Miska Henriksson. Valinnan ratkaisi S\u00e4kkisen eduksi t\u00e4ll\u00e4 kertaa raatien sijainti, sill\u00e4 S\u00e4kkinen valittiin kent\u00e4n parhaaksi kahdessa vieraspeliss\u00e4. Runkosarjan ykk\u00f6stila, hienot pelit EHF European Cupissa, Suomen Cupin mestaruus ja [&hellip;]","og_url":"https:\/\/aktialiiga.fi\/miehet\/ajankohtaista\/sebastian-sakkinen-maaliskuun-tahtipelaaja\/","og_site_name":"K\u00e4sipallon miesten Aktialiiga","article_publisher":"https:\/\/www.facebook.com\/finnhandball","article_published_time":"2025-04-04T08:47:52+00:00","article_modified_time":"2026-02-06T11:47:44+00:00","og_image":[{"width":1948,"height":1098,"url":"https:\/\/aktialiiga.fi\/miehet\/wp-content\/uploads\/sites\/5\/2025\/04\/A7305518-Forbattrat-BR-e1743708801366.jpg","type":"image\/jpeg"}],"author":"jussi","twitter_card":"summary_large_image","twitter_creator":"@finnhandball","twitter_site":"@finnhandball","schema":{"@context":"https:\/\/schema.org","@graph":[{"@type":"Article","@id":"https:\/\/aktialiiga.fi\/miehet\/ajankohtaista\/sebastian-sakkinen-maaliskuun-tahtipelaaja\/#article","isPartOf":{"@id":"https:\/\/aktialiiga.fi\/miehet\/ajankohtaista\/sebastian-sakkinen-maaliskuun-tahtipelaaja\/"},"author":{"name":"jussi","@id":"https:\/\/aktialiiga.fi\/miehet\/#\/schema\/person\/6ed7641d619c7f28481c53817a16b871"},"headline":"Sebastian S\u00e4kkinen maaliskuun t\u00e4htipelaaja","datePublished":"2025-04-04T08:47:52+00:00","dateModified":"2026-02-06T11:47:44+00:00","mainEntityOfPage":{"@id":"https:\/\/aktialiiga.fi\/miehet\/ajankohtaista\/sebastian-sakkinen-maaliskuun-tahtipelaaja\/"},"wordCount":1833,"publisher":{"@id":"https:\/\/aktialiiga.fi\/miehet\/#organization"},"image":{"@id":"https:\/\/aktialiiga.fi\/miehet\/ajankohtaista\/sebastian-sakkinen-maaliskuun-tahtipelaaja\/#primaryimage"},"thumbnailUrl":"https:\/\/i0.wp.com\/aktialiiga.fi\/miehet\/wp-content\/uploads\/sites\/5\/2025\/04\/A7305518-Forbattrat-BR-e1743708801366.jpg?fit=1948%2C1098&ssl=1","keywords":["BK-46","T\u00e4htipelaaja"],"articleSection":["Ajankohtaista"],"inLanguage":"fi"},{"@type":"WebPage","@id":"https:\/\/aktialiiga.fi\/miehet\/ajankohtaista\/sebastian-sakkinen-maaliskuun-tahtipelaaja\/","url":"https:\/\/aktialiiga.fi\/miehet\/ajankohtaista\/sebastian-sakkinen-maaliskuun-tahtipelaaja\/","name":"Sebastian S\u00e4kkinen maaliskuun t\u00e4htipelaaja | K\u00e4sipallon miesten Aktialiiga","isPartOf":{"@id":"https:\/\/aktialiiga.fi\/miehet\/#website"},"primaryImageOfPage":{"@id":"https:\/\/aktialiiga.fi\/miehet\/ajankohtaista\/sebastian-sakkinen-maaliskuun-tahtipelaaja\/#primaryimage"},"image":{"@id":"https:\/\/aktialiiga.fi\/miehet\/ajankohtaista\/sebastian-sakkinen-maaliskuun-tahtipelaaja\/#primaryimage"},"thumbnailUrl":"https:\/\/i0.wp.com\/aktialiiga.fi\/miehet\/wp-content\/uploads\/sites\/5\/2025\/04\/A7305518-Forbattrat-BR-e1743708801366.jpg?fit=1948%2C1098&ssl=1","datePublished":"2025-04-04T08:47:52+00:00","dateModified":"2026-02-06T11:47:44+00:00","breadcrumb":{"@id":"https:\/\/aktialiiga.fi\/miehet\/ajankohtaista\/sebastian-sakkinen-maaliskuun-tahtipelaaja\/#breadcrumb"},"inLanguage":"fi","potentialAction":[{"@type":"ReadAction","target":["https:\/\/aktialiiga.fi\/miehet\/ajankohtaista\/sebastian-sakkinen-maaliskuun-tahtipelaaja\/"]}]},{"@type":"ImageObject","inLanguage":"fi","@id":"https:\/\/aktialiiga.fi\/miehet\/ajankohtaista\/sebastian-sakkinen-maaliskuun-tahtipelaaja\/#primaryimage","url":"https:\/\/i0.wp.com\/aktialiiga.fi\/miehet\/wp-content\/uploads\/sites\/5\/2025\/04\/A7305518-Forbattrat-BR-e1743708801366.jpg?fit=1948%2C1098&ssl=1","contentUrl":"https:\/\/i0.wp.com\/aktialiiga.fi\/miehet\/wp-content\/uploads\/sites\/5\/2025\/04\/A7305518-Forbattrat-BR-e1743708801366.jpg?fit=1948%2C1098&ssl=1","width":1948,"height":1098,"caption":"Bk-46 - Cocks 13.09.2024"},{"@type":"BreadcrumbList","@id":"https:\/\/aktialiiga.fi\/miehet\/ajankohtaista\/sebastian-sakkinen-maaliskuun-tahtipelaaja\/#breadcrumb","itemListElement":[{"@type":"ListItem","position":1,"name":"Etusivu","item":"https:\/\/aktialiiga.fi\/miehet\/"},{"@type":"ListItem","position":2,"name":"Sebastian S\u00e4kkinen maaliskuun t\u00e4htipelaaja"}]},{"@type":"WebSite","@id":"https:\/\/aktialiiga.fi\/miehet\/#website","url":"https:\/\/aktialiiga.fi\/miehet\/","name":"K\u00e4sipallon miesten Aktialiiga","description":"Valtakunnan vauhdikkainta palloilua!","publisher":{"@id":"https:\/\/aktialiiga.fi\/miehet\/#organization"},"potentialAction":[{"@type":"SearchAction","target":{"@type":"EntryPoint","urlTemplate":"https:\/\/aktialiiga.fi\/miehet\/?s={search_term_string}"},"query-input":{"@type":"PropertyValueSpecification","valueRequired":true,"valueName":"search_term_string"}}],"inLanguage":"fi"},{"@type":"Organization","@id":"https:\/\/aktialiiga.fi\/miehet\/#organization","name":"K\u00e4sipallon miesten Aktialiiga","url":"https:\/\/aktialiiga.fi\/miehet\/","logo":{"@type":"ImageObject","inLanguage":"fi","@id":"https:\/\/aktialiiga.fi\/miehet\/#\/schema\/logo\/image\/","url":"https:\/\/i0.wp.com\/aktialiiga.fi\/miehet\/wp-content\/uploads\/sites\/5\/2024\/09\/Aktialiiga-Yoast-512.png?fit=512%2C512&ssl=1","contentUrl":"https:\/\/i0.wp.com\/aktialiiga.fi\/miehet\/wp-content\/uploads\/sites\/5\/2024\/09\/Aktialiiga-Yoast-512.png?fit=512%2C512&ssl=1","width":512,"height":512,"caption":"K\u00e4sipallon miesten Aktialiiga"},"image":{"@id":"https:\/\/aktialiiga.fi\/miehet\/#\/schema\/logo\/image\/"},"sameAs":["https:\/\/www.facebook.com\/finnhandball","https:\/\/x.com\/finnhandball","https:\/\/www.instagram.com\/handballfinland\/"]},{"@type":"Person","@id":"https:\/\/aktialiiga.fi\/miehet\/#\/schema\/person\/6ed7641d619c7f28481c53817a16b871","name":"jussi","image":{"@type":"ImageObject","inLanguage":"fi","@id":"https:\/\/secure.gravatar.com\/avatar\/034b8e6380fc659c320f13e17fe45bd9ab48a21e2debadd5f3179bde291949df?s=96&d=mm&r=g","url":"https:\/\/secure.gravatar.com\/avatar\/034b8e6380fc659c320f13e17fe45bd9ab48a21e2debadd5f3179bde291949df?s=96&d=mm&r=g","contentUrl":"https:\/\/secure.gravatar.com\/avatar\/034b8e6380fc659c320f13e17fe45bd9ab48a21e2debadd5f3179bde291949df?s=96&d=mm&r=g","caption":"jussi"}}]}},"jetpack_featured_media_url":"https:\/\/i0.wp.com\/aktialiiga.fi\/miehet\/wp-content\/uploads\/sites\/5\/2025\/04\/A7305518-Forbattrat-BR-e1743708801366.jpg?fit=1948%2C1098&ssl=1","jetpack_sharing_enabled":true,"jetpack_shortlink":"https:\/\/wp.me\/pfTxOr-gDV","_links":{"self":[{"href":"https:\/\/aktialiiga.fi\/miehet\/wp-json\/wp\/v2\/posts\/63979","targetHints":{"allow":["GET"]}}],"collection":[{"href":"https:\/\/aktialiiga.fi\/miehet\/wp-json\/wp\/v2\/posts"}],"about":[{"href":"https:\/\/aktialiiga.fi\/miehet\/wp-json\/wp\/v2\/types\/post"}],"author":[{"embeddable":true,"href":"https:\/\/aktialiiga.fi\/miehet\/wp-json\/wp\/v2\/users\/3"}],"replies":[{"embeddable":true,"href":"https:\/\/aktialiiga.fi\/miehet\/wp-json\/wp\/v2\/comments?post=63979"}],"version-history":[{"count":8,"href":"https:\/\/aktialiiga.fi\/miehet\/wp-json\/wp\/v2\/posts\/63979\/revisions"}],"predecessor-version":[{"id":69004,"href":"https:\/\/aktialiiga.fi\/miehet\/wp-json\/wp\/v2\/posts\/63979\/revisions\/69004"}],"wp:featuredmedia":[{"embeddable":true,"href":"https:\/\/aktialiiga.fi\/miehet\/wp-json\/wp\/v2\/media\/63983"}],"wp:attachment":[{"href":"https:\/\/aktialiiga.fi\/miehet\/wp-json\/wp\/v2\/media?parent=63979"}],"wp:term":[{"taxonomy":"category","embeddable":true,"href":"https:\/\/aktialiiga.fi\/miehet\/wp-json\/wp\/v2\/categories?post=63979"},{"taxonomy":"post_tag","embeddable":true,"href":"https:\/\/aktialiiga.fi\/miehet\/wp-json\/wp\/v2\/tags?post=63979"}],"curies":[{"name":"wp","href":"https:\/\/api.w.org\/{rel}","templated":true}]}}