{"id":65153,"date":"2025-08-07T12:42:56","date_gmt":"2025-08-07T09:42:56","guid":{"rendered":"https:\/\/aktialiiga.fi\/miehet\/?p=65153"},"modified":"2025-08-07T12:42:56","modified_gmt":"2025-08-07T09:42:56","slug":"grifkn-joukkueeseen-muutoksia-paavalmentajaa-myoten","status":"publish","type":"post","link":"https:\/\/aktialiiga.fi\/miehet\/ajankohtaista\/grifkn-joukkueeseen-muutoksia-paavalmentajaa-myoten\/","title":{"rendered":"GrIFK:n joukkueeseen muutoksia p\u00e4\u00e4valmentajaa my\u00f6ten"},"content":{"rendered":"<p>GrIFK l\u00e4htee alkavaan Aktialiigan kauteen uudistuneella joukkueella ja uuden p\u00e4\u00e4valmentajan johdolla.<\/p>\n<p>Grania viime kaudella luotsannut H\u00e5kon Nerdrum j\u00e4tti teht\u00e4v\u00e4ns\u00e4 ja vastuuseen alkavalle kaudelle nousee Anthony Hellakoski, joka kuului valmennusryhm\u00e4\u00e4n jo menneell\u00e4 kaudella. Granin puheenjohtaja Kristoffer Aspelin avasi taustoja Yle Sportenille.<\/p>\n<p>&#8211; H\u00e4nen [Nerdrum] oli perhesyist\u00e4 pakko lopettaa viime kauden j\u00e4lkeen. Se oli p\u00e4\u00e4t\u00f6s, jonka teimme t\u00e4ydess\u00e4 yhteisymm\u00e4rryksess\u00e4, sill\u00e4 tietyt asiat ovat k\u00e4sipalloa t\u00e4rke\u00e4mpi, Aspelin sanoi.<\/p>\n<p>&#8211; Ajatuksena oli, ett\u00e4 Hellakoski ottaisi vastuun ensi kauden j\u00e4lkeen, mutta n\u00e4in k\u00e4y jo nyt.<\/p>\n<p>Pelaajapuolella l\u00e4htij\u00f6iden joukossa ovat Ruotsiin siirtynyt Kalle Kankaanp\u00e4\u00e4 sek\u00e4 juurilleen SIF:aan palanneet kokeneet Miro Koljonen. Lis\u00e4ksi jo viime kauden k\u00e4yt\u00e4nn\u00f6ss\u00e4 sivussa ollut Richard Sundberg joutuu p\u00e4\u00e4tt\u00e4m\u00e4\u00e4n uransa loukkaantumisten takia.<\/p>\n<p>Tulopuolella ovat paluumuuttajat Karim Mbembela ja v\u00e4livuoden pit\u00e4nyt Filip Churlevski. Lis\u00e4ksi viime kaudella hiukan puolitehoisesti riviss\u00e4 ollut Oscar Berglund on nyt sataprosenttisesti mukana. Grani on my\u00f6s nostanut ykk\u00f6sjoukkueen rinkiin kuusi omaa lupaustaan.<\/p>\n","protected":false},"excerpt":{"rendered":"<p>GrIFK l\u00e4htee alkavaan Aktialiigan kauteen uudistuneella joukkueella ja uuden p\u00e4\u00e4valmentajan johdolla. Grania viime kaudella luotsannut H\u00e5kon Nerdrum j\u00e4tti teht\u00e4v\u00e4ns\u00e4 ja vastuuseen alkavalle kaudelle nousee Anthony Hellakoski, joka kuului valmennusryhm\u00e4\u00e4n jo menneell\u00e4 kaudella. Granin puheenjohtaja Kristoffer Aspelin avasi taustoja Yle Sportenille. &#8211; H\u00e4nen [Nerdrum] oli perhesyist\u00e4 pakko lopettaa viime kauden j\u00e4lkeen. Se oli p\u00e4\u00e4t\u00f6s, jonka teimme [&hellip;]<\/p>\n","protected":false},"author":13,"featured_media":61957,"comment_status":"closed","ping_status":"closed","sticky":false,"template":"","format":"standard","meta":{"_acf_changed":false,"jetpack_post_was_ever_published":false,"_jetpack_newsletter_access":"","_jetpack_dont_email_post_to_subs":false,"_jetpack_newsletter_tier_id":0,"_jetpack_memberships_contains_paywalled_content":false,"_jetpack_memberships_contains_paid_content":false,"footnotes":""},"categories":[2],"tags":[64],"class_list":["post-65153","post","type-post","status-publish","format-standard","has-post-thumbnail","hentry","category-ajankohtaista","tag-grifk"],"acf":[],"yoast_head":"<!-- This site is optimized with the Yoast SEO plugin v27.4 - https:\/\/yoast.com\/product\/yoast-seo-wordpress\/ -->\n<title>GrIFK:n joukkueeseen muutoksia p\u00e4\u00e4valmentajaa my\u00f6ten | K\u00e4sipallon miesten Aktialiiga<\/title>\n<meta name=\"robots\" content=\"index, follow, max-snippet:-1, max-image-preview:large, max-video-preview:-1\" \/>\n<link rel=\"canonical\" href=\"https:\/\/aktialiiga.fi\/miehet\/ajankohtaista\/grifkn-joukkueeseen-muutoksia-paavalmentajaa-myoten\/\" \/>\n<meta property=\"og:locale\" content=\"fi_FI\" \/>\n<meta property=\"og:type\" content=\"article\" \/>\n<meta property=\"og:title\" content=\"GrIFK:n joukkueeseen muutoksia p\u00e4\u00e4valmentajaa my\u00f6ten | K\u00e4sipallon miesten Aktialiiga\" \/>\n<meta property=\"og:description\" content=\"GrIFK l\u00e4htee alkavaan Aktialiigan kauteen uudistuneella joukkueella ja uuden p\u00e4\u00e4valmentajan johdolla. Grania viime kaudella luotsannut H\u00e5kon Nerdrum j\u00e4tti teht\u00e4v\u00e4ns\u00e4 ja vastuuseen alkavalle kaudelle nousee Anthony Hellakoski, joka kuului valmennusryhm\u00e4\u00e4n jo menneell\u00e4 kaudella. Granin puheenjohtaja Kristoffer Aspelin avasi taustoja Yle Sportenille. &#8211; H\u00e4nen [Nerdrum] oli perhesyist\u00e4 pakko lopettaa viime kauden j\u00e4lkeen. Se oli p\u00e4\u00e4t\u00f6s, jonka teimme [&hellip;]\" \/>\n<meta property=\"og:url\" content=\"https:\/\/aktialiiga.fi\/miehet\/ajankohtaista\/grifkn-joukkueeseen-muutoksia-paavalmentajaa-myoten\/\" \/>\n<meta property=\"og:site_name\" content=\"K\u00e4sipallon miesten Aktialiiga\" \/>\n<meta property=\"article:publisher\" content=\"https:\/\/www.facebook.com\/finnhandball\" \/>\n<meta property=\"article:published_time\" content=\"2025-08-07T09:42:56+00:00\" \/>\n<meta property=\"og:image\" content=\"https:\/\/i0.wp.com\/aktialiiga.fi\/miehet\/wp-content\/uploads\/sites\/5\/2024\/10\/grifk_24-25b-scaled.jpg?fit=2560%2C1707&ssl=1\" \/>\n\t<meta property=\"og:image:width\" content=\"2560\" \/>\n\t<meta property=\"og:image:height\" content=\"1707\" \/>\n\t<meta property=\"og:image:type\" content=\"image\/jpeg\" \/>\n<meta name=\"author\" content=\"tbrmedia\" \/>\n<meta name=\"twitter:card\" content=\"summary_large_image\" \/>\n<meta name=\"twitter:creator\" content=\"@finnhandball\" \/>\n<meta name=\"twitter:site\" content=\"@finnhandball\" \/>\n<script type=\"application\/ld+json\" class=\"yoast-schema-graph\">{\"@context\":\"https:\\\/\\\/schema.org\",\"@graph\":[{\"@type\":\"Article\",\"@id\":\"https:\\\/\\\/aktialiiga.fi\\\/miehet\\\/ajankohtaista\\\/grifkn-joukkueeseen-muutoksia-paavalmentajaa-myoten\\\/#article\",\"isPartOf\":{\"@id\":\"https:\\\/\\\/aktialiiga.fi\\\/miehet\\\/ajankohtaista\\\/grifkn-joukkueeseen-muutoksia-paavalmentajaa-myoten\\\/\"},\"author\":{\"name\":\"tbrmedia\",\"@id\":\"https:\\\/\\\/aktialiiga.fi\\\/miehet\\\/#\\\/schema\\\/person\\\/c14bf42f47041db74603c45afcb18d87\"},\"headline\":\"GrIFK:n joukkueeseen muutoksia p\u00e4\u00e4valmentajaa my\u00f6ten\",\"datePublished\":\"2025-08-07T09:42:56+00:00\",\"mainEntityOfPage\":{\"@id\":\"https:\\\/\\\/aktialiiga.fi\\\/miehet\\\/ajankohtaista\\\/grifkn-joukkueeseen-muutoksia-paavalmentajaa-myoten\\\/\"},\"wordCount\":183,\"publisher\":{\"@id\":\"https:\\\/\\\/aktialiiga.fi\\\/miehet\\\/#organization\"},\"image\":{\"@id\":\"https:\\\/\\\/aktialiiga.fi\\\/miehet\\\/ajankohtaista\\\/grifkn-joukkueeseen-muutoksia-paavalmentajaa-myoten\\\/#primaryimage\"},\"thumbnailUrl\":\"https:\\\/\\\/i0.wp.com\\\/aktialiiga.fi\\\/miehet\\\/wp-content\\\/uploads\\\/sites\\\/5\\\/2024\\\/10\\\/grifk_24-25b-scaled.jpg?fit=2560%2C1707&ssl=1\",\"keywords\":[\"GrIFK\"],\"articleSection\":[\"Ajankohtaista\"],\"inLanguage\":\"fi\"},{\"@type\":\"WebPage\",\"@id\":\"https:\\\/\\\/aktialiiga.fi\\\/miehet\\\/ajankohtaista\\\/grifkn-joukkueeseen-muutoksia-paavalmentajaa-myoten\\\/\",\"url\":\"https:\\\/\\\/aktialiiga.fi\\\/miehet\\\/ajankohtaista\\\/grifkn-joukkueeseen-muutoksia-paavalmentajaa-myoten\\\/\",\"name\":\"GrIFK:n joukkueeseen muutoksia p\u00e4\u00e4valmentajaa my\u00f6ten | K\u00e4sipallon miesten Aktialiiga\",\"isPartOf\":{\"@id\":\"https:\\\/\\\/aktialiiga.fi\\\/miehet\\\/#website\"},\"primaryImageOfPage\":{\"@id\":\"https:\\\/\\\/aktialiiga.fi\\\/miehet\\\/ajankohtaista\\\/grifkn-joukkueeseen-muutoksia-paavalmentajaa-myoten\\\/#primaryimage\"},\"image\":{\"@id\":\"https:\\\/\\\/aktialiiga.fi\\\/miehet\\\/ajankohtaista\\\/grifkn-joukkueeseen-muutoksia-paavalmentajaa-myoten\\\/#primaryimage\"},\"thumbnailUrl\":\"https:\\\/\\\/i0.wp.com\\\/aktialiiga.fi\\\/miehet\\\/wp-content\\\/uploads\\\/sites\\\/5\\\/2024\\\/10\\\/grifk_24-25b-scaled.jpg?fit=2560%2C1707&ssl=1\",\"datePublished\":\"2025-08-07T09:42:56+00:00\",\"breadcrumb\":{\"@id\":\"https:\\\/\\\/aktialiiga.fi\\\/miehet\\\/ajankohtaista\\\/grifkn-joukkueeseen-muutoksia-paavalmentajaa-myoten\\\/#breadcrumb\"},\"inLanguage\":\"fi\",\"potentialAction\":[{\"@type\":\"ReadAction\",\"target\":[\"https:\\\/\\\/aktialiiga.fi\\\/miehet\\\/ajankohtaista\\\/grifkn-joukkueeseen-muutoksia-paavalmentajaa-myoten\\\/\"]}]},{\"@type\":\"ImageObject\",\"inLanguage\":\"fi\",\"@id\":\"https:\\\/\\\/aktialiiga.fi\\\/miehet\\\/ajankohtaista\\\/grifkn-joukkueeseen-muutoksia-paavalmentajaa-myoten\\\/#primaryimage\",\"url\":\"https:\\\/\\\/i0.wp.com\\\/aktialiiga.fi\\\/miehet\\\/wp-content\\\/uploads\\\/sites\\\/5\\\/2024\\\/10\\\/grifk_24-25b-scaled.jpg?fit=2560%2C1707&ssl=1\",\"contentUrl\":\"https:\\\/\\\/i0.wp.com\\\/aktialiiga.fi\\\/miehet\\\/wp-content\\\/uploads\\\/sites\\\/5\\\/2024\\\/10\\\/grifk_24-25b-scaled.jpg?fit=2560%2C1707&ssl=1\",\"width\":2560,\"height\":1707},{\"@type\":\"BreadcrumbList\",\"@id\":\"https:\\\/\\\/aktialiiga.fi\\\/miehet\\\/ajankohtaista\\\/grifkn-joukkueeseen-muutoksia-paavalmentajaa-myoten\\\/#breadcrumb\",\"itemListElement\":[{\"@type\":\"ListItem\",\"position\":1,\"name\":\"Etusivu\",\"item\":\"https:\\\/\\\/aktialiiga.fi\\\/miehet\\\/\"},{\"@type\":\"ListItem\",\"position\":2,\"name\":\"GrIFK:n joukkueeseen muutoksia p\u00e4\u00e4valmentajaa my\u00f6ten\"}]},{\"@type\":\"WebSite\",\"@id\":\"https:\\\/\\\/aktialiiga.fi\\\/miehet\\\/#website\",\"url\":\"https:\\\/\\\/aktialiiga.fi\\\/miehet\\\/\",\"name\":\"K\u00e4sipallon miesten Aktialiiga\",\"description\":\"Valtakunnan vauhdikkainta palloilua!\",\"publisher\":{\"@id\":\"https:\\\/\\\/aktialiiga.fi\\\/miehet\\\/#organization\"},\"potentialAction\":[{\"@type\":\"SearchAction\",\"target\":{\"@type\":\"EntryPoint\",\"urlTemplate\":\"https:\\\/\\\/aktialiiga.fi\\\/miehet\\\/?s={search_term_string}\"},\"query-input\":{\"@type\":\"PropertyValueSpecification\",\"valueRequired\":true,\"valueName\":\"search_term_string\"}}],\"inLanguage\":\"fi\"},{\"@type\":\"Organization\",\"@id\":\"https:\\\/\\\/aktialiiga.fi\\\/miehet\\\/#organization\",\"name\":\"K\u00e4sipallon miesten Aktialiiga\",\"url\":\"https:\\\/\\\/aktialiiga.fi\\\/miehet\\\/\",\"logo\":{\"@type\":\"ImageObject\",\"inLanguage\":\"fi\",\"@id\":\"https:\\\/\\\/aktialiiga.fi\\\/miehet\\\/#\\\/schema\\\/logo\\\/image\\\/\",\"url\":\"https:\\\/\\\/i0.wp.com\\\/aktialiiga.fi\\\/miehet\\\/wp-content\\\/uploads\\\/sites\\\/5\\\/2024\\\/09\\\/Aktialiiga-Yoast-512.png?fit=512%2C512&ssl=1\",\"contentUrl\":\"https:\\\/\\\/i0.wp.com\\\/aktialiiga.fi\\\/miehet\\\/wp-content\\\/uploads\\\/sites\\\/5\\\/2024\\\/09\\\/Aktialiiga-Yoast-512.png?fit=512%2C512&ssl=1\",\"width\":512,\"height\":512,\"caption\":\"K\u00e4sipallon miesten Aktialiiga\"},\"image\":{\"@id\":\"https:\\\/\\\/aktialiiga.fi\\\/miehet\\\/#\\\/schema\\\/logo\\\/image\\\/\"},\"sameAs\":[\"https:\\\/\\\/www.facebook.com\\\/finnhandball\",\"https:\\\/\\\/x.com\\\/finnhandball\",\"https:\\\/\\\/www.instagram.com\\\/handballfinland\\\/\"]},{\"@type\":\"Person\",\"@id\":\"https:\\\/\\\/aktialiiga.fi\\\/miehet\\\/#\\\/schema\\\/person\\\/c14bf42f47041db74603c45afcb18d87\",\"name\":\"tbrmedia\",\"image\":{\"@type\":\"ImageObject\",\"inLanguage\":\"fi\",\"@id\":\"https:\\\/\\\/secure.gravatar.com\\\/avatar\\\/ee975fa091fe581d12b60debb3439022686618368a7c142044c56724d4666b16?s=96&d=mm&r=g\",\"url\":\"https:\\\/\\\/secure.gravatar.com\\\/avatar\\\/ee975fa091fe581d12b60debb3439022686618368a7c142044c56724d4666b16?s=96&d=mm&r=g\",\"contentUrl\":\"https:\\\/\\\/secure.gravatar.com\\\/avatar\\\/ee975fa091fe581d12b60debb3439022686618368a7c142044c56724d4666b16?s=96&d=mm&r=g\",\"caption\":\"tbrmedia\"}}]}<\/script>\n<!-- \/ Yoast SEO plugin. -->","yoast_head_json":{"title":"GrIFK:n joukkueeseen muutoksia p\u00e4\u00e4valmentajaa my\u00f6ten | K\u00e4sipallon miesten Aktialiiga","robots":{"index":"index","follow":"follow","max-snippet":"max-snippet:-1","max-image-preview":"max-image-preview:large","max-video-preview":"max-video-preview:-1"},"canonical":"https:\/\/aktialiiga.fi\/miehet\/ajankohtaista\/grifkn-joukkueeseen-muutoksia-paavalmentajaa-myoten\/","og_locale":"fi_FI","og_type":"article","og_title":"GrIFK:n joukkueeseen muutoksia p\u00e4\u00e4valmentajaa my\u00f6ten | K\u00e4sipallon miesten Aktialiiga","og_description":"GrIFK l\u00e4htee alkavaan Aktialiigan kauteen uudistuneella joukkueella ja uuden p\u00e4\u00e4valmentajan johdolla. Grania viime kaudella luotsannut H\u00e5kon Nerdrum j\u00e4tti teht\u00e4v\u00e4ns\u00e4 ja vastuuseen alkavalle kaudelle nousee Anthony Hellakoski, joka kuului valmennusryhm\u00e4\u00e4n jo menneell\u00e4 kaudella. Granin puheenjohtaja Kristoffer Aspelin avasi taustoja Yle Sportenille. &#8211; H\u00e4nen [Nerdrum] oli perhesyist\u00e4 pakko lopettaa viime kauden j\u00e4lkeen. Se oli p\u00e4\u00e4t\u00f6s, jonka teimme [&hellip;]","og_url":"https:\/\/aktialiiga.fi\/miehet\/ajankohtaista\/grifkn-joukkueeseen-muutoksia-paavalmentajaa-myoten\/","og_site_name":"K\u00e4sipallon miesten Aktialiiga","article_publisher":"https:\/\/www.facebook.com\/finnhandball","article_published_time":"2025-08-07T09:42:56+00:00","og_image":[{"width":2560,"height":1707,"url":"https:\/\/i0.wp.com\/aktialiiga.fi\/miehet\/wp-content\/uploads\/sites\/5\/2024\/10\/grifk_24-25b-scaled.jpg?fit=2560%2C1707&ssl=1","type":"image\/jpeg"}],"author":"tbrmedia","twitter_card":"summary_large_image","twitter_creator":"@finnhandball","twitter_site":"@finnhandball","schema":{"@context":"https:\/\/schema.org","@graph":[{"@type":"Article","@id":"https:\/\/aktialiiga.fi\/miehet\/ajankohtaista\/grifkn-joukkueeseen-muutoksia-paavalmentajaa-myoten\/#article","isPartOf":{"@id":"https:\/\/aktialiiga.fi\/miehet\/ajankohtaista\/grifkn-joukkueeseen-muutoksia-paavalmentajaa-myoten\/"},"author":{"name":"tbrmedia","@id":"https:\/\/aktialiiga.fi\/miehet\/#\/schema\/person\/c14bf42f47041db74603c45afcb18d87"},"headline":"GrIFK:n joukkueeseen muutoksia p\u00e4\u00e4valmentajaa my\u00f6ten","datePublished":"2025-08-07T09:42:56+00:00","mainEntityOfPage":{"@id":"https:\/\/aktialiiga.fi\/miehet\/ajankohtaista\/grifkn-joukkueeseen-muutoksia-paavalmentajaa-myoten\/"},"wordCount":183,"publisher":{"@id":"https:\/\/aktialiiga.fi\/miehet\/#organization"},"image":{"@id":"https:\/\/aktialiiga.fi\/miehet\/ajankohtaista\/grifkn-joukkueeseen-muutoksia-paavalmentajaa-myoten\/#primaryimage"},"thumbnailUrl":"https:\/\/i0.wp.com\/aktialiiga.fi\/miehet\/wp-content\/uploads\/sites\/5\/2024\/10\/grifk_24-25b-scaled.jpg?fit=2560%2C1707&ssl=1","keywords":["GrIFK"],"articleSection":["Ajankohtaista"],"inLanguage":"fi"},{"@type":"WebPage","@id":"https:\/\/aktialiiga.fi\/miehet\/ajankohtaista\/grifkn-joukkueeseen-muutoksia-paavalmentajaa-myoten\/","url":"https:\/\/aktialiiga.fi\/miehet\/ajankohtaista\/grifkn-joukkueeseen-muutoksia-paavalmentajaa-myoten\/","name":"GrIFK:n joukkueeseen muutoksia p\u00e4\u00e4valmentajaa my\u00f6ten | K\u00e4sipallon miesten Aktialiiga","isPartOf":{"@id":"https:\/\/aktialiiga.fi\/miehet\/#website"},"primaryImageOfPage":{"@id":"https:\/\/aktialiiga.fi\/miehet\/ajankohtaista\/grifkn-joukkueeseen-muutoksia-paavalmentajaa-myoten\/#primaryimage"},"image":{"@id":"https:\/\/aktialiiga.fi\/miehet\/ajankohtaista\/grifkn-joukkueeseen-muutoksia-paavalmentajaa-myoten\/#primaryimage"},"thumbnailUrl":"https:\/\/i0.wp.com\/aktialiiga.fi\/miehet\/wp-content\/uploads\/sites\/5\/2024\/10\/grifk_24-25b-scaled.jpg?fit=2560%2C1707&ssl=1","datePublished":"2025-08-07T09:42:56+00:00","breadcrumb":{"@id":"https:\/\/aktialiiga.fi\/miehet\/ajankohtaista\/grifkn-joukkueeseen-muutoksia-paavalmentajaa-myoten\/#breadcrumb"},"inLanguage":"fi","potentialAction":[{"@type":"ReadAction","target":["https:\/\/aktialiiga.fi\/miehet\/ajankohtaista\/grifkn-joukkueeseen-muutoksia-paavalmentajaa-myoten\/"]}]},{"@type":"ImageObject","inLanguage":"fi","@id":"https:\/\/aktialiiga.fi\/miehet\/ajankohtaista\/grifkn-joukkueeseen-muutoksia-paavalmentajaa-myoten\/#primaryimage","url":"https:\/\/i0.wp.com\/aktialiiga.fi\/miehet\/wp-content\/uploads\/sites\/5\/2024\/10\/grifk_24-25b-scaled.jpg?fit=2560%2C1707&ssl=1","contentUrl":"https:\/\/i0.wp.com\/aktialiiga.fi\/miehet\/wp-content\/uploads\/sites\/5\/2024\/10\/grifk_24-25b-scaled.jpg?fit=2560%2C1707&ssl=1","width":2560,"height":1707},{"@type":"BreadcrumbList","@id":"https:\/\/aktialiiga.fi\/miehet\/ajankohtaista\/grifkn-joukkueeseen-muutoksia-paavalmentajaa-myoten\/#breadcrumb","itemListElement":[{"@type":"ListItem","position":1,"name":"Etusivu","item":"https:\/\/aktialiiga.fi\/miehet\/"},{"@type":"ListItem","position":2,"name":"GrIFK:n joukkueeseen muutoksia p\u00e4\u00e4valmentajaa my\u00f6ten"}]},{"@type":"WebSite","@id":"https:\/\/aktialiiga.fi\/miehet\/#website","url":"https:\/\/aktialiiga.fi\/miehet\/","name":"K\u00e4sipallon miesten Aktialiiga","description":"Valtakunnan vauhdikkainta palloilua!","publisher":{"@id":"https:\/\/aktialiiga.fi\/miehet\/#organization"},"potentialAction":[{"@type":"SearchAction","target":{"@type":"EntryPoint","urlTemplate":"https:\/\/aktialiiga.fi\/miehet\/?s={search_term_string}"},"query-input":{"@type":"PropertyValueSpecification","valueRequired":true,"valueName":"search_term_string"}}],"inLanguage":"fi"},{"@type":"Organization","@id":"https:\/\/aktialiiga.fi\/miehet\/#organization","name":"K\u00e4sipallon miesten Aktialiiga","url":"https:\/\/aktialiiga.fi\/miehet\/","logo":{"@type":"ImageObject","inLanguage":"fi","@id":"https:\/\/aktialiiga.fi\/miehet\/#\/schema\/logo\/image\/","url":"https:\/\/i0.wp.com\/aktialiiga.fi\/miehet\/wp-content\/uploads\/sites\/5\/2024\/09\/Aktialiiga-Yoast-512.png?fit=512%2C512&ssl=1","contentUrl":"https:\/\/i0.wp.com\/aktialiiga.fi\/miehet\/wp-content\/uploads\/sites\/5\/2024\/09\/Aktialiiga-Yoast-512.png?fit=512%2C512&ssl=1","width":512,"height":512,"caption":"K\u00e4sipallon miesten Aktialiiga"},"image":{"@id":"https:\/\/aktialiiga.fi\/miehet\/#\/schema\/logo\/image\/"},"sameAs":["https:\/\/www.facebook.com\/finnhandball","https:\/\/x.com\/finnhandball","https:\/\/www.instagram.com\/handballfinland\/"]},{"@type":"Person","@id":"https:\/\/aktialiiga.fi\/miehet\/#\/schema\/person\/c14bf42f47041db74603c45afcb18d87","name":"tbrmedia","image":{"@type":"ImageObject","inLanguage":"fi","@id":"https:\/\/secure.gravatar.com\/avatar\/ee975fa091fe581d12b60debb3439022686618368a7c142044c56724d4666b16?s=96&d=mm&r=g","url":"https:\/\/secure.gravatar.com\/avatar\/ee975fa091fe581d12b60debb3439022686618368a7c142044c56724d4666b16?s=96&d=mm&r=g","contentUrl":"https:\/\/secure.gravatar.com\/avatar\/ee975fa091fe581d12b60debb3439022686618368a7c142044c56724d4666b16?s=96&d=mm&r=g","caption":"tbrmedia"}}]}},"jetpack_featured_media_url":"https:\/\/i0.wp.com\/aktialiiga.fi\/miehet\/wp-content\/uploads\/sites\/5\/2024\/10\/grifk_24-25b-scaled.jpg?fit=2560%2C1707&ssl=1","jetpack_sharing_enabled":true,"jetpack_shortlink":"https:\/\/wp.me\/pfTxOr-gWR","_links":{"self":[{"href":"https:\/\/aktialiiga.fi\/miehet\/wp-json\/wp\/v2\/posts\/65153","targetHints":{"allow":["GET"]}}],"collection":[{"href":"https:\/\/aktialiiga.fi\/miehet\/wp-json\/wp\/v2\/posts"}],"about":[{"href":"https:\/\/aktialiiga.fi\/miehet\/wp-json\/wp\/v2\/types\/post"}],"author":[{"embeddable":true,"href":"https:\/\/aktialiiga.fi\/miehet\/wp-json\/wp\/v2\/users\/13"}],"replies":[{"embeddable":true,"href":"https:\/\/aktialiiga.fi\/miehet\/wp-json\/wp\/v2\/comments?post=65153"}],"version-history":[{"count":2,"href":"https:\/\/aktialiiga.fi\/miehet\/wp-json\/wp\/v2\/posts\/65153\/revisions"}],"predecessor-version":[{"id":65181,"href":"https:\/\/aktialiiga.fi\/miehet\/wp-json\/wp\/v2\/posts\/65153\/revisions\/65181"}],"wp:featuredmedia":[{"embeddable":true,"href":"https:\/\/aktialiiga.fi\/miehet\/wp-json\/wp\/v2\/media\/61957"}],"wp:attachment":[{"href":"https:\/\/aktialiiga.fi\/miehet\/wp-json\/wp\/v2\/media?parent=65153"}],"wp:term":[{"taxonomy":"category","embeddable":true,"href":"https:\/\/aktialiiga.fi\/miehet\/wp-json\/wp\/v2\/categories?post=65153"},{"taxonomy":"post_tag","embeddable":true,"href":"https:\/\/aktialiiga.fi\/miehet\/wp-json\/wp\/v2\/tags?post=65153"}],"curies":[{"name":"wp","href":"https:\/\/api.w.org\/{rel}","templated":true}]}}