{"id":65651,"date":"2025-09-04T19:24:56","date_gmt":"2025-09-04T16:24:56","guid":{"rendered":"https:\/\/aktialiiga.fi\/miehet\/?p=65651"},"modified":"2025-09-05T13:50:18","modified_gmt":"2025-09-05T10:50:18","slug":"aktialiigan-kausi-2025-26-kayntiin-viikonloppuna-avausottelu-turussa","status":"publish","type":"post","link":"https:\/\/aktialiiga.fi\/miehet\/2025-2026\/ennakot\/aktialiigan-kausi-2025-26-kayntiin-viikonloppuna-avausottelu-turussa\/","title":{"rendered":"Aktialiigan kausi 2025-26 k\u00e4yntiin viikonloppuna \u2013 avausottelu Turussa"},"content":{"rendered":"<p>Aktialiigan runkosarjakausi k\u00e4ynnistyy syyskuun ensimm\u00e4isen\u00e4 viikonloppuna t\u00e4ydell\u00e4 ottelukierroksella.<\/p>\n<p>Kauden avausottelu pelataan jo perjantai-iltana, kun \u00c5IFK saa vieraakseen hallitsevan mestarin Cocksin.<\/p>\n<p>&#8211; Kausi alkaa kovalla mittarilla, mutta kovempia ollaan mekin. Olemme keskittyneet puolustus- ja vastahy\u00f6kk\u00e4yspelaamiseen, koska pakistomme on viel\u00e4 liian ohut ja n\u00e4iss\u00e4 osa-alueissa haluamme n\u00e4hd\u00e4 selkeit\u00e4 sovittuja asioita, \u00c5IFK:n p\u00e4\u00e4valmentaja Aku Kuusisto kertoo seuran verkkosivuilla.<\/p>\n<p>&#8211; Cocksin peli n\u00e4ytt\u00e4\u00e4 valmiilta ja heill\u00e4 on allaan useampi kova kansainv\u00e4linen harkkapeli, jossa ovat ajaneet uusia vahvistuksiaan sis\u00e4\u00e4n. Kent\u00e4ll\u00e4 perjantaina n\u00e4hd\u00e4\u00e4n taisteleva ja peleist\u00e4 innokas \u00c5IFK, joka takuulla parantaa kauden edetess\u00e4<\/p>\n<p>Lauantaina kohtaavat viime kauden pronssi- ja hopeamitalistit GrIFK ja BK-46 sek\u00e4 sarjatulokas EIF ja HIFK.<\/p>\n<p>&#8211; Saamme siin\u00e4 mittarin. HIFK voi muuttaa taktiikkaansa paljon ottelun sis\u00e4ll\u00e4kin ja siin\u00e4 meid\u00e4n pit\u00e4\u00e4 olla hereill\u00e4, EIF-luotsi Kaj Hagman ennakoi V\u00e4stra Nylandissa.<\/p>\n<p>Kierros saadaan p\u00e4\u00e4t\u00f6kseen sunnuntaina SIF:n is\u00e4nn\u00f6idess\u00e4 Dickeni\u00e4.<\/p>\n<p>Asetelmia kauden alla lis\u00e4\u00e4 <a href=\"https:\/\/aktialiiga.fi\/miehet\/2025-2026\/kohti-kautta\/\">joukkuekohtaisissa ennakoissa<\/a>.<\/p>\n<p><strong>Aktialiigan kauden avauskierros:<\/strong><br \/>\nPe 5.9. klo 19.00 \u00c5IFK \u2013 Cocks<br \/>\nLa 6.9. klo 16.00 GrIFK \u2013 BK-46<br \/>\nLa 6.9. klo 17.15 EIF \u2013 HIFK<br \/>\nSu 7.9. klo 17.30 SIF \u2013 Dicken<\/p>\n<p>Aktialiigan kauden kaikki ottelut suorina l\u00e4hetyksin\u00e4 <strong><a href=\"https:\/\/aktialiiga.fi\/handistv\/\">HandisTV:ss\u00e4<\/a><\/strong>.<\/p>\n","protected":false},"excerpt":{"rendered":"<p>Aktialiigan runkosarjakausi k\u00e4ynnistyy syyskuun ensimm\u00e4isen\u00e4 viikonloppuna t\u00e4ydell\u00e4 ottelukierroksella. Kauden avausottelu pelataan jo perjantai-iltana, kun \u00c5IFK saa vieraakseen hallitsevan mestarin Cocksin. &#8211; Kausi alkaa kovalla mittarilla, mutta kovempia ollaan mekin. Olemme keskittyneet puolustus- ja vastahy\u00f6kk\u00e4yspelaamiseen, koska pakistomme on viel\u00e4 liian ohut ja n\u00e4iss\u00e4 osa-alueissa haluamme n\u00e4hd\u00e4 selkeit\u00e4 sovittuja asioita, \u00c5IFK:n p\u00e4\u00e4valmentaja Aku Kuusisto kertoo seuran verkkosivuilla. [&hellip;]<\/p>\n","protected":false},"author":13,"featured_media":45313,"comment_status":"closed","ping_status":"closed","sticky":false,"template":"","format":"standard","meta":{"_acf_changed":false,"jetpack_post_was_ever_published":false,"_jetpack_newsletter_access":"","_jetpack_dont_email_post_to_subs":false,"_jetpack_newsletter_tier_id":0,"_jetpack_memberships_contains_paywalled_content":false,"_jetpack_memberships_contains_paid_content":false,"footnotes":""},"categories":[358],"tags":[50,56,57,58,60,64,71,111],"class_list":["post-65651","post","type-post","status-publish","format-standard","has-post-thumbnail","hentry","category-ennakot","tag-aifk","tag-bk-46","tag-cocks","tag-dicken","tag-eif","tag-grifk","tag-hifk","tag-sif"],"acf":[],"yoast_head":"<!-- This site is optimized with the Yoast SEO plugin v27.5 - https:\/\/yoast.com\/product\/yoast-seo-wordpress\/ -->\n<title>Aktialiigan kausi 2025-26 k\u00e4yntiin viikonloppuna \u2013 avausottelu Turussa | K\u00e4sipallon miesten Aktialiiga<\/title>\n<meta name=\"robots\" content=\"index, follow, max-snippet:-1, max-image-preview:large, max-video-preview:-1\" \/>\n<link rel=\"canonical\" href=\"https:\/\/aktialiiga.fi\/miehet\/2025-2026\/ennakot\/aktialiigan-kausi-2025-26-kayntiin-viikonloppuna-avausottelu-turussa\/\" \/>\n<meta property=\"og:locale\" content=\"fi_FI\" \/>\n<meta property=\"og:type\" content=\"article\" \/>\n<meta property=\"og:title\" content=\"Aktialiigan kausi 2025-26 k\u00e4yntiin viikonloppuna \u2013 avausottelu Turussa | K\u00e4sipallon miesten Aktialiiga\" \/>\n<meta property=\"og:description\" content=\"Aktialiigan runkosarjakausi k\u00e4ynnistyy syyskuun ensimm\u00e4isen\u00e4 viikonloppuna t\u00e4ydell\u00e4 ottelukierroksella. Kauden avausottelu pelataan jo perjantai-iltana, kun \u00c5IFK saa vieraakseen hallitsevan mestarin Cocksin. &#8211; Kausi alkaa kovalla mittarilla, mutta kovempia ollaan mekin. Olemme keskittyneet puolustus- ja vastahy\u00f6kk\u00e4yspelaamiseen, koska pakistomme on viel\u00e4 liian ohut ja n\u00e4iss\u00e4 osa-alueissa haluamme n\u00e4hd\u00e4 selkeit\u00e4 sovittuja asioita, \u00c5IFK:n p\u00e4\u00e4valmentaja Aku Kuusisto kertoo seuran verkkosivuilla. [&hellip;]\" \/>\n<meta property=\"og:url\" content=\"https:\/\/aktialiiga.fi\/miehet\/2025-2026\/ennakot\/aktialiigan-kausi-2025-26-kayntiin-viikonloppuna-avausottelu-turussa\/\" \/>\n<meta property=\"og:site_name\" content=\"K\u00e4sipallon miesten Aktialiiga\" \/>\n<meta property=\"article:publisher\" content=\"https:\/\/www.facebook.com\/finnhandball\" \/>\n<meta property=\"article:published_time\" content=\"2025-09-04T16:24:56+00:00\" \/>\n<meta property=\"article:modified_time\" content=\"2025-09-05T10:50:18+00:00\" \/>\n<meta property=\"og:image\" content=\"https:\/\/i0.wp.com\/aktialiiga.fi\/miehet\/wp-content\/uploads\/sites\/5\/2023\/11\/AIFK_Kuusisto_Aku_2324_Robert_Lemberg-scaled.jpg?fit=2560%2C1134&ssl=1\" \/>\n\t<meta property=\"og:image:width\" content=\"2560\" \/>\n\t<meta property=\"og:image:height\" content=\"1134\" \/>\n\t<meta property=\"og:image:type\" content=\"image\/jpeg\" \/>\n<meta name=\"author\" content=\"tbrmedia\" \/>\n<meta name=\"twitter:card\" content=\"summary_large_image\" \/>\n<meta name=\"twitter:creator\" content=\"@finnhandball\" \/>\n<meta name=\"twitter:site\" content=\"@finnhandball\" \/>\n<script type=\"application\/ld+json\" class=\"yoast-schema-graph\">{\"@context\":\"https:\\\/\\\/schema.org\",\"@graph\":[{\"@type\":\"Article\",\"@id\":\"https:\\\/\\\/aktialiiga.fi\\\/miehet\\\/2025-2026\\\/ennakot\\\/aktialiigan-kausi-2025-26-kayntiin-viikonloppuna-avausottelu-turussa\\\/#article\",\"isPartOf\":{\"@id\":\"https:\\\/\\\/aktialiiga.fi\\\/miehet\\\/2025-2026\\\/ennakot\\\/aktialiigan-kausi-2025-26-kayntiin-viikonloppuna-avausottelu-turussa\\\/\"},\"author\":{\"name\":\"tbrmedia\",\"@id\":\"https:\\\/\\\/aktialiiga.fi\\\/miehet\\\/#\\\/schema\\\/person\\\/c14bf42f47041db74603c45afcb18d87\"},\"headline\":\"Aktialiigan kausi 2025-26 k\u00e4yntiin viikonloppuna \u2013 avausottelu Turussa\",\"datePublished\":\"2025-09-04T16:24:56+00:00\",\"dateModified\":\"2025-09-05T10:50:18+00:00\",\"mainEntityOfPage\":{\"@id\":\"https:\\\/\\\/aktialiiga.fi\\\/miehet\\\/2025-2026\\\/ennakot\\\/aktialiigan-kausi-2025-26-kayntiin-viikonloppuna-avausottelu-turussa\\\/\"},\"wordCount\":198,\"publisher\":{\"@id\":\"https:\\\/\\\/aktialiiga.fi\\\/miehet\\\/#organization\"},\"image\":{\"@id\":\"https:\\\/\\\/aktialiiga.fi\\\/miehet\\\/2025-2026\\\/ennakot\\\/aktialiigan-kausi-2025-26-kayntiin-viikonloppuna-avausottelu-turussa\\\/#primaryimage\"},\"thumbnailUrl\":\"https:\\\/\\\/i0.wp.com\\\/aktialiiga.fi\\\/miehet\\\/wp-content\\\/uploads\\\/sites\\\/5\\\/2023\\\/11\\\/AIFK_Kuusisto_Aku_2324_Robert_Lemberg-scaled.jpg?fit=2560%2C1134&ssl=1\",\"keywords\":[\"\u00c5IFK\",\"BK-46\",\"Cocks\",\"Dicken\",\"EIF\",\"GrIFK\",\"HIFK\",\"SIF\"],\"articleSection\":[\"Ennakot\"],\"inLanguage\":\"fi\"},{\"@type\":\"WebPage\",\"@id\":\"https:\\\/\\\/aktialiiga.fi\\\/miehet\\\/2025-2026\\\/ennakot\\\/aktialiigan-kausi-2025-26-kayntiin-viikonloppuna-avausottelu-turussa\\\/\",\"url\":\"https:\\\/\\\/aktialiiga.fi\\\/miehet\\\/2025-2026\\\/ennakot\\\/aktialiigan-kausi-2025-26-kayntiin-viikonloppuna-avausottelu-turussa\\\/\",\"name\":\"Aktialiigan kausi 2025-26 k\u00e4yntiin viikonloppuna \u2013 avausottelu Turussa | K\u00e4sipallon miesten Aktialiiga\",\"isPartOf\":{\"@id\":\"https:\\\/\\\/aktialiiga.fi\\\/miehet\\\/#website\"},\"primaryImageOfPage\":{\"@id\":\"https:\\\/\\\/aktialiiga.fi\\\/miehet\\\/2025-2026\\\/ennakot\\\/aktialiigan-kausi-2025-26-kayntiin-viikonloppuna-avausottelu-turussa\\\/#primaryimage\"},\"image\":{\"@id\":\"https:\\\/\\\/aktialiiga.fi\\\/miehet\\\/2025-2026\\\/ennakot\\\/aktialiigan-kausi-2025-26-kayntiin-viikonloppuna-avausottelu-turussa\\\/#primaryimage\"},\"thumbnailUrl\":\"https:\\\/\\\/i0.wp.com\\\/aktialiiga.fi\\\/miehet\\\/wp-content\\\/uploads\\\/sites\\\/5\\\/2023\\\/11\\\/AIFK_Kuusisto_Aku_2324_Robert_Lemberg-scaled.jpg?fit=2560%2C1134&ssl=1\",\"datePublished\":\"2025-09-04T16:24:56+00:00\",\"dateModified\":\"2025-09-05T10:50:18+00:00\",\"breadcrumb\":{\"@id\":\"https:\\\/\\\/aktialiiga.fi\\\/miehet\\\/2025-2026\\\/ennakot\\\/aktialiigan-kausi-2025-26-kayntiin-viikonloppuna-avausottelu-turussa\\\/#breadcrumb\"},\"inLanguage\":\"fi\",\"potentialAction\":[{\"@type\":\"ReadAction\",\"target\":[\"https:\\\/\\\/aktialiiga.fi\\\/miehet\\\/2025-2026\\\/ennakot\\\/aktialiigan-kausi-2025-26-kayntiin-viikonloppuna-avausottelu-turussa\\\/\"]}]},{\"@type\":\"ImageObject\",\"inLanguage\":\"fi\",\"@id\":\"https:\\\/\\\/aktialiiga.fi\\\/miehet\\\/2025-2026\\\/ennakot\\\/aktialiigan-kausi-2025-26-kayntiin-viikonloppuna-avausottelu-turussa\\\/#primaryimage\",\"url\":\"https:\\\/\\\/i0.wp.com\\\/aktialiiga.fi\\\/miehet\\\/wp-content\\\/uploads\\\/sites\\\/5\\\/2023\\\/11\\\/AIFK_Kuusisto_Aku_2324_Robert_Lemberg-scaled.jpg?fit=2560%2C1134&ssl=1\",\"contentUrl\":\"https:\\\/\\\/i0.wp.com\\\/aktialiiga.fi\\\/miehet\\\/wp-content\\\/uploads\\\/sites\\\/5\\\/2023\\\/11\\\/AIFK_Kuusisto_Aku_2324_Robert_Lemberg-scaled.jpg?fit=2560%2C1134&ssl=1\",\"width\":2560,\"height\":1134},{\"@type\":\"BreadcrumbList\",\"@id\":\"https:\\\/\\\/aktialiiga.fi\\\/miehet\\\/2025-2026\\\/ennakot\\\/aktialiigan-kausi-2025-26-kayntiin-viikonloppuna-avausottelu-turussa\\\/#breadcrumb\",\"itemListElement\":[{\"@type\":\"ListItem\",\"position\":1,\"name\":\"Etusivu\",\"item\":\"https:\\\/\\\/aktialiiga.fi\\\/miehet\\\/\"},{\"@type\":\"ListItem\",\"position\":2,\"name\":\"Aktialiigan kausi 2025-26 k\u00e4yntiin viikonloppuna \u2013 avausottelu Turussa\"}]},{\"@type\":\"WebSite\",\"@id\":\"https:\\\/\\\/aktialiiga.fi\\\/miehet\\\/#website\",\"url\":\"https:\\\/\\\/aktialiiga.fi\\\/miehet\\\/\",\"name\":\"K\u00e4sipallon miesten Aktialiiga\",\"description\":\"Valtakunnan vauhdikkainta palloilua!\",\"publisher\":{\"@id\":\"https:\\\/\\\/aktialiiga.fi\\\/miehet\\\/#organization\"},\"potentialAction\":[{\"@type\":\"SearchAction\",\"target\":{\"@type\":\"EntryPoint\",\"urlTemplate\":\"https:\\\/\\\/aktialiiga.fi\\\/miehet\\\/?s={search_term_string}\"},\"query-input\":{\"@type\":\"PropertyValueSpecification\",\"valueRequired\":true,\"valueName\":\"search_term_string\"}}],\"inLanguage\":\"fi\"},{\"@type\":\"Organization\",\"@id\":\"https:\\\/\\\/aktialiiga.fi\\\/miehet\\\/#organization\",\"name\":\"K\u00e4sipallon miesten Aktialiiga\",\"url\":\"https:\\\/\\\/aktialiiga.fi\\\/miehet\\\/\",\"logo\":{\"@type\":\"ImageObject\",\"inLanguage\":\"fi\",\"@id\":\"https:\\\/\\\/aktialiiga.fi\\\/miehet\\\/#\\\/schema\\\/logo\\\/image\\\/\",\"url\":\"https:\\\/\\\/i0.wp.com\\\/aktialiiga.fi\\\/miehet\\\/wp-content\\\/uploads\\\/sites\\\/5\\\/2024\\\/09\\\/Aktialiiga-Yoast-512.png?fit=512%2C512&ssl=1\",\"contentUrl\":\"https:\\\/\\\/i0.wp.com\\\/aktialiiga.fi\\\/miehet\\\/wp-content\\\/uploads\\\/sites\\\/5\\\/2024\\\/09\\\/Aktialiiga-Yoast-512.png?fit=512%2C512&ssl=1\",\"width\":512,\"height\":512,\"caption\":\"K\u00e4sipallon miesten Aktialiiga\"},\"image\":{\"@id\":\"https:\\\/\\\/aktialiiga.fi\\\/miehet\\\/#\\\/schema\\\/logo\\\/image\\\/\"},\"sameAs\":[\"https:\\\/\\\/www.facebook.com\\\/finnhandball\",\"https:\\\/\\\/x.com\\\/finnhandball\",\"https:\\\/\\\/www.instagram.com\\\/handballfinland\\\/\"]},{\"@type\":\"Person\",\"@id\":\"https:\\\/\\\/aktialiiga.fi\\\/miehet\\\/#\\\/schema\\\/person\\\/c14bf42f47041db74603c45afcb18d87\",\"name\":\"tbrmedia\",\"image\":{\"@type\":\"ImageObject\",\"inLanguage\":\"fi\",\"@id\":\"https:\\\/\\\/secure.gravatar.com\\\/avatar\\\/ee975fa091fe581d12b60debb3439022686618368a7c142044c56724d4666b16?s=96&d=mm&r=g\",\"url\":\"https:\\\/\\\/secure.gravatar.com\\\/avatar\\\/ee975fa091fe581d12b60debb3439022686618368a7c142044c56724d4666b16?s=96&d=mm&r=g\",\"contentUrl\":\"https:\\\/\\\/secure.gravatar.com\\\/avatar\\\/ee975fa091fe581d12b60debb3439022686618368a7c142044c56724d4666b16?s=96&d=mm&r=g\",\"caption\":\"tbrmedia\"}}]}<\/script>\n<!-- \/ Yoast SEO plugin. -->","yoast_head_json":{"title":"Aktialiigan kausi 2025-26 k\u00e4yntiin viikonloppuna \u2013 avausottelu Turussa | K\u00e4sipallon miesten Aktialiiga","robots":{"index":"index","follow":"follow","max-snippet":"max-snippet:-1","max-image-preview":"max-image-preview:large","max-video-preview":"max-video-preview:-1"},"canonical":"https:\/\/aktialiiga.fi\/miehet\/2025-2026\/ennakot\/aktialiigan-kausi-2025-26-kayntiin-viikonloppuna-avausottelu-turussa\/","og_locale":"fi_FI","og_type":"article","og_title":"Aktialiigan kausi 2025-26 k\u00e4yntiin viikonloppuna \u2013 avausottelu Turussa | K\u00e4sipallon miesten Aktialiiga","og_description":"Aktialiigan runkosarjakausi k\u00e4ynnistyy syyskuun ensimm\u00e4isen\u00e4 viikonloppuna t\u00e4ydell\u00e4 ottelukierroksella. Kauden avausottelu pelataan jo perjantai-iltana, kun \u00c5IFK saa vieraakseen hallitsevan mestarin Cocksin. &#8211; Kausi alkaa kovalla mittarilla, mutta kovempia ollaan mekin. Olemme keskittyneet puolustus- ja vastahy\u00f6kk\u00e4yspelaamiseen, koska pakistomme on viel\u00e4 liian ohut ja n\u00e4iss\u00e4 osa-alueissa haluamme n\u00e4hd\u00e4 selkeit\u00e4 sovittuja asioita, \u00c5IFK:n p\u00e4\u00e4valmentaja Aku Kuusisto kertoo seuran verkkosivuilla. [&hellip;]","og_url":"https:\/\/aktialiiga.fi\/miehet\/2025-2026\/ennakot\/aktialiigan-kausi-2025-26-kayntiin-viikonloppuna-avausottelu-turussa\/","og_site_name":"K\u00e4sipallon miesten Aktialiiga","article_publisher":"https:\/\/www.facebook.com\/finnhandball","article_published_time":"2025-09-04T16:24:56+00:00","article_modified_time":"2025-09-05T10:50:18+00:00","og_image":[{"width":2560,"height":1134,"url":"https:\/\/i0.wp.com\/aktialiiga.fi\/miehet\/wp-content\/uploads\/sites\/5\/2023\/11\/AIFK_Kuusisto_Aku_2324_Robert_Lemberg-scaled.jpg?fit=2560%2C1134&ssl=1","type":"image\/jpeg"}],"author":"tbrmedia","twitter_card":"summary_large_image","twitter_creator":"@finnhandball","twitter_site":"@finnhandball","schema":{"@context":"https:\/\/schema.org","@graph":[{"@type":"Article","@id":"https:\/\/aktialiiga.fi\/miehet\/2025-2026\/ennakot\/aktialiigan-kausi-2025-26-kayntiin-viikonloppuna-avausottelu-turussa\/#article","isPartOf":{"@id":"https:\/\/aktialiiga.fi\/miehet\/2025-2026\/ennakot\/aktialiigan-kausi-2025-26-kayntiin-viikonloppuna-avausottelu-turussa\/"},"author":{"name":"tbrmedia","@id":"https:\/\/aktialiiga.fi\/miehet\/#\/schema\/person\/c14bf42f47041db74603c45afcb18d87"},"headline":"Aktialiigan kausi 2025-26 k\u00e4yntiin viikonloppuna \u2013 avausottelu Turussa","datePublished":"2025-09-04T16:24:56+00:00","dateModified":"2025-09-05T10:50:18+00:00","mainEntityOfPage":{"@id":"https:\/\/aktialiiga.fi\/miehet\/2025-2026\/ennakot\/aktialiigan-kausi-2025-26-kayntiin-viikonloppuna-avausottelu-turussa\/"},"wordCount":198,"publisher":{"@id":"https:\/\/aktialiiga.fi\/miehet\/#organization"},"image":{"@id":"https:\/\/aktialiiga.fi\/miehet\/2025-2026\/ennakot\/aktialiigan-kausi-2025-26-kayntiin-viikonloppuna-avausottelu-turussa\/#primaryimage"},"thumbnailUrl":"https:\/\/i0.wp.com\/aktialiiga.fi\/miehet\/wp-content\/uploads\/sites\/5\/2023\/11\/AIFK_Kuusisto_Aku_2324_Robert_Lemberg-scaled.jpg?fit=2560%2C1134&ssl=1","keywords":["\u00c5IFK","BK-46","Cocks","Dicken","EIF","GrIFK","HIFK","SIF"],"articleSection":["Ennakot"],"inLanguage":"fi"},{"@type":"WebPage","@id":"https:\/\/aktialiiga.fi\/miehet\/2025-2026\/ennakot\/aktialiigan-kausi-2025-26-kayntiin-viikonloppuna-avausottelu-turussa\/","url":"https:\/\/aktialiiga.fi\/miehet\/2025-2026\/ennakot\/aktialiigan-kausi-2025-26-kayntiin-viikonloppuna-avausottelu-turussa\/","name":"Aktialiigan kausi 2025-26 k\u00e4yntiin viikonloppuna \u2013 avausottelu Turussa | K\u00e4sipallon miesten Aktialiiga","isPartOf":{"@id":"https:\/\/aktialiiga.fi\/miehet\/#website"},"primaryImageOfPage":{"@id":"https:\/\/aktialiiga.fi\/miehet\/2025-2026\/ennakot\/aktialiigan-kausi-2025-26-kayntiin-viikonloppuna-avausottelu-turussa\/#primaryimage"},"image":{"@id":"https:\/\/aktialiiga.fi\/miehet\/2025-2026\/ennakot\/aktialiigan-kausi-2025-26-kayntiin-viikonloppuna-avausottelu-turussa\/#primaryimage"},"thumbnailUrl":"https:\/\/i0.wp.com\/aktialiiga.fi\/miehet\/wp-content\/uploads\/sites\/5\/2023\/11\/AIFK_Kuusisto_Aku_2324_Robert_Lemberg-scaled.jpg?fit=2560%2C1134&ssl=1","datePublished":"2025-09-04T16:24:56+00:00","dateModified":"2025-09-05T10:50:18+00:00","breadcrumb":{"@id":"https:\/\/aktialiiga.fi\/miehet\/2025-2026\/ennakot\/aktialiigan-kausi-2025-26-kayntiin-viikonloppuna-avausottelu-turussa\/#breadcrumb"},"inLanguage":"fi","potentialAction":[{"@type":"ReadAction","target":["https:\/\/aktialiiga.fi\/miehet\/2025-2026\/ennakot\/aktialiigan-kausi-2025-26-kayntiin-viikonloppuna-avausottelu-turussa\/"]}]},{"@type":"ImageObject","inLanguage":"fi","@id":"https:\/\/aktialiiga.fi\/miehet\/2025-2026\/ennakot\/aktialiigan-kausi-2025-26-kayntiin-viikonloppuna-avausottelu-turussa\/#primaryimage","url":"https:\/\/i0.wp.com\/aktialiiga.fi\/miehet\/wp-content\/uploads\/sites\/5\/2023\/11\/AIFK_Kuusisto_Aku_2324_Robert_Lemberg-scaled.jpg?fit=2560%2C1134&ssl=1","contentUrl":"https:\/\/i0.wp.com\/aktialiiga.fi\/miehet\/wp-content\/uploads\/sites\/5\/2023\/11\/AIFK_Kuusisto_Aku_2324_Robert_Lemberg-scaled.jpg?fit=2560%2C1134&ssl=1","width":2560,"height":1134},{"@type":"BreadcrumbList","@id":"https:\/\/aktialiiga.fi\/miehet\/2025-2026\/ennakot\/aktialiigan-kausi-2025-26-kayntiin-viikonloppuna-avausottelu-turussa\/#breadcrumb","itemListElement":[{"@type":"ListItem","position":1,"name":"Etusivu","item":"https:\/\/aktialiiga.fi\/miehet\/"},{"@type":"ListItem","position":2,"name":"Aktialiigan kausi 2025-26 k\u00e4yntiin viikonloppuna \u2013 avausottelu Turussa"}]},{"@type":"WebSite","@id":"https:\/\/aktialiiga.fi\/miehet\/#website","url":"https:\/\/aktialiiga.fi\/miehet\/","name":"K\u00e4sipallon miesten Aktialiiga","description":"Valtakunnan vauhdikkainta palloilua!","publisher":{"@id":"https:\/\/aktialiiga.fi\/miehet\/#organization"},"potentialAction":[{"@type":"SearchAction","target":{"@type":"EntryPoint","urlTemplate":"https:\/\/aktialiiga.fi\/miehet\/?s={search_term_string}"},"query-input":{"@type":"PropertyValueSpecification","valueRequired":true,"valueName":"search_term_string"}}],"inLanguage":"fi"},{"@type":"Organization","@id":"https:\/\/aktialiiga.fi\/miehet\/#organization","name":"K\u00e4sipallon miesten Aktialiiga","url":"https:\/\/aktialiiga.fi\/miehet\/","logo":{"@type":"ImageObject","inLanguage":"fi","@id":"https:\/\/aktialiiga.fi\/miehet\/#\/schema\/logo\/image\/","url":"https:\/\/i0.wp.com\/aktialiiga.fi\/miehet\/wp-content\/uploads\/sites\/5\/2024\/09\/Aktialiiga-Yoast-512.png?fit=512%2C512&ssl=1","contentUrl":"https:\/\/i0.wp.com\/aktialiiga.fi\/miehet\/wp-content\/uploads\/sites\/5\/2024\/09\/Aktialiiga-Yoast-512.png?fit=512%2C512&ssl=1","width":512,"height":512,"caption":"K\u00e4sipallon miesten Aktialiiga"},"image":{"@id":"https:\/\/aktialiiga.fi\/miehet\/#\/schema\/logo\/image\/"},"sameAs":["https:\/\/www.facebook.com\/finnhandball","https:\/\/x.com\/finnhandball","https:\/\/www.instagram.com\/handballfinland\/"]},{"@type":"Person","@id":"https:\/\/aktialiiga.fi\/miehet\/#\/schema\/person\/c14bf42f47041db74603c45afcb18d87","name":"tbrmedia","image":{"@type":"ImageObject","inLanguage":"fi","@id":"https:\/\/secure.gravatar.com\/avatar\/ee975fa091fe581d12b60debb3439022686618368a7c142044c56724d4666b16?s=96&d=mm&r=g","url":"https:\/\/secure.gravatar.com\/avatar\/ee975fa091fe581d12b60debb3439022686618368a7c142044c56724d4666b16?s=96&d=mm&r=g","contentUrl":"https:\/\/secure.gravatar.com\/avatar\/ee975fa091fe581d12b60debb3439022686618368a7c142044c56724d4666b16?s=96&d=mm&r=g","caption":"tbrmedia"}}]}},"jetpack_featured_media_url":"https:\/\/i0.wp.com\/aktialiiga.fi\/miehet\/wp-content\/uploads\/sites\/5\/2023\/11\/AIFK_Kuusisto_Aku_2324_Robert_Lemberg-scaled.jpg?fit=2560%2C1134&ssl=1","jetpack_sharing_enabled":true,"jetpack_shortlink":"https:\/\/wp.me\/pfTxOr-h4T","_links":{"self":[{"href":"https:\/\/aktialiiga.fi\/miehet\/wp-json\/wp\/v2\/posts\/65651","targetHints":{"allow":["GET"]}}],"collection":[{"href":"https:\/\/aktialiiga.fi\/miehet\/wp-json\/wp\/v2\/posts"}],"about":[{"href":"https:\/\/aktialiiga.fi\/miehet\/wp-json\/wp\/v2\/types\/post"}],"author":[{"embeddable":true,"href":"https:\/\/aktialiiga.fi\/miehet\/wp-json\/wp\/v2\/users\/13"}],"replies":[{"embeddable":true,"href":"https:\/\/aktialiiga.fi\/miehet\/wp-json\/wp\/v2\/comments?post=65651"}],"version-history":[{"count":2,"href":"https:\/\/aktialiiga.fi\/miehet\/wp-json\/wp\/v2\/posts\/65651\/revisions"}],"predecessor-version":[{"id":65890,"href":"https:\/\/aktialiiga.fi\/miehet\/wp-json\/wp\/v2\/posts\/65651\/revisions\/65890"}],"wp:featuredmedia":[{"embeddable":true,"href":"https:\/\/aktialiiga.fi\/miehet\/wp-json\/wp\/v2\/media\/45313"}],"wp:attachment":[{"href":"https:\/\/aktialiiga.fi\/miehet\/wp-json\/wp\/v2\/media?parent=65651"}],"wp:term":[{"taxonomy":"category","embeddable":true,"href":"https:\/\/aktialiiga.fi\/miehet\/wp-json\/wp\/v2\/categories?post=65651"},{"taxonomy":"post_tag","embeddable":true,"href":"https:\/\/aktialiiga.fi\/miehet\/wp-json\/wp\/v2\/tags?post=65651"}],"curies":[{"name":"wp","href":"https:\/\/api.w.org\/{rel}","templated":true}]}}