{"id":65660,"date":"2025-09-05T17:43:08","date_gmt":"2025-09-05T14:43:08","guid":{"rendered":"https:\/\/aktialiiga.fi\/miehet\/?p=65660"},"modified":"2025-10-11T22:51:06","modified_gmt":"2025-10-11T19:51:06","slug":"kuka-voittaa-kuka-haastaa-asiantuntijat-arvioivat-alkavaa-liigakautta","status":"publish","type":"post","link":"https:\/\/aktialiiga.fi\/miehet\/2025-2026\/ennakot\/kuka-voittaa-kuka-haastaa-asiantuntijat-arvioivat-alkavaa-liigakautta\/","title":{"rendered":"Kuka voittaa? Kuka haastaa? Asiantuntijat arvioivat alkavaa liigakautta"},"content":{"rendered":"<p>Miesten k\u00e4sipallon Aktialiiga k\u00e4ynnistyy viikonloppuna, ja asiantuntijat ovat varsin yksimielisi\u00e4 yhdest\u00e4 asiasta: k\u00e4rkipaikoista v\u00e4\u00e4nt\u00e4v\u00e4t tutut nimet BK-46 ja Cocks, mutta haastajia heille l\u00f6ytyy t\u00e4ll\u00e4 kaudella useampikin.<\/p>\n<p>Pyysimme nelj\u00e4n pitk\u00e4n linjan k\u00e4sipalloasiantuntijaa vastaamaan kolmeen kysymykseen:<\/p>\n<ol>\n<li><strong>Kuka voittaa miesten Aktialiigan ja miksi?<\/strong><\/li>\n<li><strong>Mestarisuosikin kovimmat haastajat?<\/strong><\/li>\n<li><strong>Kenelle povaat isoimmat vaikeudet ja miksi?<\/strong><\/li>\n<\/ol>\n<p>Vastaamassa ovat entiset maajoukkuek\u00e4sipalloilijat ja liigavalmentajat Marcus Sj\u00f6stedt ja Markku Tuomi, k\u00e4sipalloselostaja Tomi Salminen ja Facebookissa suositun Streamade handis-matcher -kanavan perustaja ja yll\u00e4pit\u00e4j\u00e4 Robert \u00c5berg.<\/p>\n\n<style type=\"text\/css\" data-created_by=\"avia_inline_auto\" id=\"style-css-av-mf6xzu5f-664a7258b580c63d8891dfc8273258aa\">\n#top .hr.hr-invisible.av-mf6xzu5f-664a7258b580c63d8891dfc8273258aa{\nheight:20px;\n}\n<\/style>\n<div  class='hr av-mf6xzu5f-664a7258b580c63d8891dfc8273258aa hr-invisible  avia-builder-el-0  el_before_av_one_full  avia-builder-el-first '><span class='hr-inner '><span class=\"hr-inner-style\"><\/span><\/span><\/div>\n<div class='flex_column_table av-mf6w5z9a-544fa68d43d342e20d2a26965710ee2c sc-av_one_full av-equal-height-column-flextable'><div  class='flex_column av-mf6w5z9a-544fa68d43d342e20d2a26965710ee2c av_one_full  avia-builder-el-1  el_after_av_hr  el_before_av_hr  first flex_column_table_cell av-equal-height-column av-align-top  '     ><p>\n<style type=\"text\/css\" data-created_by=\"avia_inline_auto\" id=\"style-css-av-mf6w86rz-def6f61fcdedf1f11f2e1a3df7fd1452\">\n#top .av-special-heading.av-mf6w86rz-def6f61fcdedf1f11f2e1a3df7fd1452{\npadding-bottom:10px;\n}\nbody .av-special-heading.av-mf6w86rz-def6f61fcdedf1f11f2e1a3df7fd1452 .av-special-heading-tag .heading-char{\nfont-size:25px;\n}\n.av-special-heading.av-mf6w86rz-def6f61fcdedf1f11f2e1a3df7fd1452 .av-subheading{\nfont-size:15px;\n}\n<\/style>\n<div  class='av-special-heading av-mf6w86rz-def6f61fcdedf1f11f2e1a3df7fd1452 av-special-heading-h2  avia-builder-el-2  el_before_av_textblock  avia-builder-el-first '><h2 class='av-special-heading-tag '  itemprop=\"headline\"  >1. Kuka voittaa miesten Aktialiigan ja miksi?<\/h2><div class=\"special-heading-border\"><div class=\"special-heading-inner-border\"><\/div><\/div><\/div><br \/>\n<section  class='av_textblock_section av-mf6w67q7-084ffcebb3ec24eb5fc0e4b77e5fd2cf '   itemscope=\"itemscope\" itemtype=\"https:\/\/schema.org\/BlogPosting\" itemprop=\"blogPost\" ><div class='avia_textblock'  itemprop=\"text\" ><h3>Marcus Sj\u00f6stedt<\/h3>\n<p><strong>BK-46<\/strong><\/p>\n<ul>\n<li>Sarjan kaksi parasta puolustuspelaajaa (Ihor Skyba, Miska Henriksson).<\/li>\n<li>Hyv\u00e4n puolustuksen ja maalivahtipelin kautta tulevat nopeat vastahy\u00f6kk\u00e4ykset ovat ylivoimaisella tasolla muihin n\u00e4hden.<\/li>\n<li>Jos asemapeli t\u00f6kkii, niin BK:n 7v6 peli\u00e4 Jac Karlssonin johdolla on vaikea pys\u00e4ytt\u00e4\u00e4.<\/li>\n<\/ul>\n<\/div><\/section><br \/>\n<section  class='av_textblock_section av-mf6w6g7p-4e5da49b9952c59d9733c83c09854f53 '   itemscope=\"itemscope\" itemtype=\"https:\/\/schema.org\/BlogPosting\" itemprop=\"blogPost\" ><div class='avia_textblock'  itemprop=\"text\" ><h3>Robert \u00c5berg<\/h3>\n<p><strong>BK-46<\/strong><\/p>\n<ul>\n<li>Joukkueella on revanssihenki p\u00e4\u00e4ll\u00e4 koko kauden.<\/li>\n<li>Liuta t\u00e4rkeit\u00e4 pelaajia jatkaa ja nyt joukkue on varautunut siihen ett\u00e4 Nico R\u00f6nnberg on poissa koko kauden, ja pystyy valmistautumaan sen mukaan.<\/li>\n<\/ul>\n<\/div><\/section><br \/>\n<section  class='av_textblock_section av-mf6w6wad-84920643eb0be47d58de6dbc43dd65fb '   itemscope=\"itemscope\" itemtype=\"https:\/\/schema.org\/BlogPosting\" itemprop=\"blogPost\" ><div class='avia_textblock'  itemprop=\"text\" ><h3>Tomi Salminen<\/h3>\n<p><strong>BK-46<\/strong><\/p>\n<ul>\n<li>Viime kauden hopealle j\u00e4\u00e4minen varmasti her\u00e4tti ja kasvatti n\u00e4lk\u00e4\u00e4 oikealla tavalla.<\/li>\n<li>Joukkueella on nyt enemm\u00e4n aikaa totutella pelaamaan ilman Nico R\u00f6nnbergi\u00e4.<\/li>\n<li>Edelleen sarjan laajin materiaali, joskin takamieskaluston kapeus laittaa miettim\u00e4\u00e4n.<\/li>\n<\/ul>\n<\/div><\/section><br \/>\n<section  class='av_textblock_section av-mf6w77ul-c3e327964428ae2cd56ec46bbda59045 '   itemscope=\"itemscope\" itemtype=\"https:\/\/schema.org\/BlogPosting\" itemprop=\"blogPost\" ><div class='avia_textblock'  itemprop=\"text\" ><h3>Markku Tuomi<\/h3>\n<p><strong>Cocks<\/strong><\/p>\n<ul>\n<li>Vaikka Dickenin hy\u00f6kk\u00e4yspotentiaali on sarjan kovimpia (paluumuuttajat Gusten Montonen ja Max Granlund) ja BK-46:n tasaisuus on kiistatonta, Riihim\u00e4en Cocksin mestaruuskokemus, taktinen kypsyys ja vuosien saatossa hioutunut voittamisen kulttuuri antavat sille ratkaisevan edun.<\/li>\n<li>On tottunut menett\u00e4m\u00e4\u00e4n avainpelaajia ja silti l\u00f6yt\u00e4m\u00e4\u00e4n keinot voittaa.<\/li>\n<li>Cocksin pelisysteemi on rakennettu kest\u00e4m\u00e4\u00e4n painetta ja menestym\u00e4\u00e4n tiukoissa pudotuspelisarjoissa. Kun mestaruus ratkaistaan, Cocksin rutiini ja henkinen kantti nousevat arvoon arvaamattomaan, mik\u00e4 tekee siit\u00e4 edelleen todenn\u00e4k\u00f6isimm\u00e4n mestarin.<\/li>\n<\/ul>\n<\/div><\/section><\/p><\/div><\/div><!--close column table wrapper. Autoclose: 1 -->\n<style type=\"text\/css\" data-created_by=\"avia_inline_auto\" id=\"style-css-av-4sd5bng-717ccccba3b67dad3fa8aae8e5f863e0\">\n#top .hr.hr-invisible.av-4sd5bng-717ccccba3b67dad3fa8aae8e5f863e0{\nheight:20px;\n}\n<\/style>\n<div  class='hr av-4sd5bng-717ccccba3b67dad3fa8aae8e5f863e0 hr-invisible  avia-builder-el-7  el_after_av_one_full  el_before_av_one_full '><span class='hr-inner '><span class=\"hr-inner-style\"><\/span><\/span><\/div><\/p>\n<div class='flex_column_table av-mf6wam2c-b31070746cc45db7b4235b43838809a7 sc-av_one_full av-equal-height-column-flextable'><div  class='flex_column av-mf6wam2c-b31070746cc45db7b4235b43838809a7 av_one_full  avia-builder-el-8  el_after_av_hr  el_before_av_hr  first flex_column_table_cell av-equal-height-column av-align-top  '     ><p>\n<style type=\"text\/css\" data-created_by=\"avia_inline_auto\" id=\"style-css-av-mf6w9za5-b449db7f97252fe76c2fa4681760d796\">\n#top .av-special-heading.av-mf6w9za5-b449db7f97252fe76c2fa4681760d796{\npadding-bottom:10px;\n}\nbody .av-special-heading.av-mf6w9za5-b449db7f97252fe76c2fa4681760d796 .av-special-heading-tag .heading-char{\nfont-size:25px;\n}\n.av-special-heading.av-mf6w9za5-b449db7f97252fe76c2fa4681760d796 .av-subheading{\nfont-size:15px;\n}\n<\/style>\n<div  class='av-special-heading av-mf6w9za5-b449db7f97252fe76c2fa4681760d796 av-special-heading-h2  avia-builder-el-9  el_before_av_textblock  avia-builder-el-first '><h2 class='av-special-heading-tag '  itemprop=\"headline\"  >2. Mestarisuosikin kovimmat haastajat?<\/h2><div class=\"special-heading-border\"><div class=\"special-heading-inner-border\"><\/div><\/div><\/div><br \/>\n<section  class='av_textblock_section av-mf6wb17q-e1c350a9a41a05eaac1d390e86a3c44d '   itemscope=\"itemscope\" itemtype=\"https:\/\/schema.org\/BlogPosting\" itemprop=\"blogPost\" ><div class='avia_textblock'  itemprop=\"text\" ><h3>Markku Tuomi<\/h3>\n<p><strong>BK-46<\/strong><\/p>\n<ul>\n<li>BK-46:n vakaus vastaan Dickenin tulivoima. Mestaruustaistelun kaksi suurinta haastajaa edustavat kahta eri filosofiaa. BK-46 on tunnettu ja vakaa uhka. Sen tie mestaruuteen kulkee kurinalaisen puolustuksen ja vankkumattoman joukkuepelin kautta. Menneet kaudet ovat muovanneet eritt\u00e4in tiiviin ja kokeneen joukkueen, unohtamatta kovia Europelej\u00e4, jotka ovat tuoneet joukkueelle kovuutta ja kokemusta kovista paikoista.<\/li>\n<\/ul>\n<p><strong>Dicken<\/strong><\/p>\n<ul>\n<li>Dicken puolestaan on arvaamaton ja r\u00e4j\u00e4ht\u00e4v\u00e4 haastaja, jonka menestys perustuu uusien supert\u00e4htiens\u00e4 v\u00e4litt\u00f6m\u00e4\u00e4n onnistumiseen ja kykyyn murskata vastustajat hy\u00f6kk\u00e4ysvoimallaan. Molemmat ovat t\u00e4ysin mahdollisia mestariehdokkaita, mutta Dickenin puolustusp\u00e4\u00e4n kysymysmerkit tekev\u00e4t siit\u00e4 hieman riskialttiimman vedon kuin aina luotettavasta BK-46:sta.<\/li>\n<\/ul>\n<p><strong>SIF<\/strong><\/p>\n<ul>\n<li>Todenn\u00e4k\u00f6isesti SIF sekoittaa pakkaa napsimalla voittoja jopa k\u00e4rkijoukkueista, erityisesti kotihallissa.<\/li>\n<\/ul>\n<\/div><\/section><br \/>\n<section  class='av_textblock_section av-mf6waf81-22bd7cec1584ec454307185f10427af0 '   itemscope=\"itemscope\" itemtype=\"https:\/\/schema.org\/BlogPosting\" itemprop=\"blogPost\" ><div class='avia_textblock'  itemprop=\"text\" ><h3>Marcus Sj\u00f6stedt<\/h3>\n<p><strong>Cocks\u00a0<\/strong><\/p>\n<ul>\n<li>\u2060Cocks, kova avauskuusikko ja omat pojat taas vuoden kokeneimpia. Suomen mestari menee varmasti hyv\u00e4ll\u00e4 itseluottamuksella kauteen.<\/li>\n<\/ul>\n<p><strong>HIFK<\/strong><\/p>\n<ul>\n<li aria-level=\"1\">HIFK:lla on v\u00e4h\u00e4n samantapainen pelityyli kuin BK:lla, mik\u00e4 ei liene sattuma, kun joukkuetta johtaa Robin Karlsson. Heill\u00e4 on hyvin hitsautunut nuori joukkue, joka pelaa fiksua k\u00e4sipalloa.<\/li>\n<\/ul>\n<p><strong>SIF<\/strong><\/p>\n<ul>\n<li>Toivon ett\u00e4 oma seurani Sjunde\u00e5 IF.\u00a0Kokenut ryhm\u00e4 maustettuna parilla nuorella pelaajalla. Benjamin Peitsaron paluu \u201dkotiin\u201d tuo varmasti \u201dhelppoja\u201d maaleja. Uusia pelaajia on melko paljon, ja isoin kysymysmerkki onkin se, kuinka nopeasti palaset loksahtavat paikoilleen.<\/li>\n<\/ul>\n<\/div><\/section><br \/>\n<section  class='av_textblock_section av-mf6wbo3y-2e9891cdd3719d08b81772f23aaf6a81 '   itemscope=\"itemscope\" itemtype=\"https:\/\/schema.org\/BlogPosting\" itemprop=\"blogPost\" ><div class='avia_textblock'  itemprop=\"text\" ><h3>Robert \u00c5berg<\/h3>\n<p><strong>Cocks, SIF ja Dicken<\/strong><\/p>\n<ul>\n<li>T\u00e4ll\u00e4 kaudella n\u00e4en monta haastajaa:\u00a0Cocksilla on sopiva m\u00e4\u00e4r\u00e4 ulkomaalaisia sek\u00e4 oman kyl\u00e4n poikia,\u00a0SIF on saanut monta t\u00e4rke\u00e4\u00e4 pelimiest\u00e4 joukkueeseen ja\u00a0sitten tietenkin Dicken, joka sai Max Granlundin sek\u00e4 Gusten Montosen joukkueeseen.<\/li>\n<\/ul>\n<\/div><\/section><br \/>\n<section  class='av_textblock_section av-mf6wbd2q-101fbd3ccf67c9c6b36aa566b7d2e3cf '   itemscope=\"itemscope\" itemtype=\"https:\/\/schema.org\/BlogPosting\" itemprop=\"blogPost\" ><div class='avia_textblock'  itemprop=\"text\" ><h3>Tomi Salminen<\/h3>\n<p><strong>Cocks<\/strong><\/p>\n<ul>\n<li>Cocks ja vain Cocks &#8211; viime kausi hyv\u00e4 osoitus, ett\u00e4 my\u00f6s hieman &#8221;nimett\u00f6m\u00e4ll\u00e4kin&#8221; joukkueella voi kovalla ja hyv\u00e4ll\u00e4 ty\u00f6ll\u00e4 saavuttaa mestaruuden.<\/li>\n<li>Valmentaja Bojan Zupanjac todisti viimeist\u00e4\u00e4n valmentajataitonsa yhten\u00e4 sarjan huippuvalmentajista, enk\u00e4 usko, ett\u00e4 vaikka vaihtuvuus on ollut taas suurta, t\u00e4m\u00e4k\u00e4\u00e4n kausi tuo poikkeusta oikealle suunnalle.<\/li>\n<\/ul>\n<\/div><\/section><\/p><\/div><\/div><!--close column table wrapper. Autoclose: 1 -->\n<style type=\"text\/css\" data-created_by=\"avia_inline_auto\" id=\"style-css-av-31qpce4-8b20d2ccbb2fd199e05060a7d0d8e22c\">\n#top .hr.hr-invisible.av-31qpce4-8b20d2ccbb2fd199e05060a7d0d8e22c{\nheight:20px;\n}\n<\/style>\n<div  class='hr av-31qpce4-8b20d2ccbb2fd199e05060a7d0d8e22c hr-invisible  avia-builder-el-14  el_after_av_one_full  el_before_av_one_full '><span class='hr-inner '><span class=\"hr-inner-style\"><\/span><\/span><\/div><\/p>\n<div class='flex_column_table av-urbdj0-48227dbbd4553cba059c75087e0a4c4b sc-av_one_full av-equal-height-column-flextable'><div  class='flex_column av-urbdj0-48227dbbd4553cba059c75087e0a4c4b av_one_full  avia-builder-el-15  el_after_av_hr  el_before_av_hr  first flex_column_table_cell av-equal-height-column av-align-top  '     ><p>\n<style type=\"text\/css\" data-created_by=\"avia_inline_auto\" id=\"style-css-av-mf6wiaiw-792cefcc31931d6c08e746eb035eed60\">\n#top .av-special-heading.av-mf6wiaiw-792cefcc31931d6c08e746eb035eed60{\npadding-bottom:10px;\n}\nbody .av-special-heading.av-mf6wiaiw-792cefcc31931d6c08e746eb035eed60 .av-special-heading-tag .heading-char{\nfont-size:25px;\n}\n.av-special-heading.av-mf6wiaiw-792cefcc31931d6c08e746eb035eed60 .av-subheading{\nfont-size:15px;\n}\n<\/style>\n<div  class='av-special-heading av-mf6wiaiw-792cefcc31931d6c08e746eb035eed60 av-special-heading-h2  avia-builder-el-16  el_before_av_textblock  avia-builder-el-first '><h2 class='av-special-heading-tag '  itemprop=\"headline\"  >3. Kenelle povaat isoimmat vaikeudet, ja miksi?<\/h2><div class=\"special-heading-border\"><div class=\"special-heading-inner-border\"><\/div><\/div><\/div><br \/>\n<section  class='av_textblock_section av-mf6wjlvs-ab7acfa6e924844879635078bfe4939a '   itemscope=\"itemscope\" itemtype=\"https:\/\/schema.org\/BlogPosting\" itemprop=\"blogPost\" ><div class='avia_textblock'  itemprop=\"text\" ><h3>Markku Tuomi<\/h3>\n<p><strong>EIF<\/strong><\/p>\n<ul>\n<li>Sarjanousija EIF:n teht\u00e4v\u00e4 on vaikein, sill\u00e4 tasoero I-divisioonan ja Aktialiigan v\u00e4lill\u00e4 on huomattava. Joukkueen p\u00e4\u00e4fokus on joukkueen kehityksess\u00e4 ja luoda tuleville kausille pohjaa pelata liigaa.<\/li>\n<\/ul>\n<p><strong>\u00c5IFK<\/strong><\/p>\n<ul>\n<li>My\u00f6s \u00c5IFK:n kaudesta on ennustettavissa vaikea. Turusta l\u00e4htee ulkomaille nuoria lupaavia pelaajia ja se tekee kilpailukykyisen joukkueen yll\u00e4pit\u00e4misest\u00e4 eritt\u00e4in haastavaa (tosin paluumuuttajina he ovat sitten kovaa valuttaa).<\/li>\n<\/ul>\n<\/div><\/section><br \/>\n<section  class='av_textblock_section av-mf6wj2iv-bed6fb68c5464fae9f15b6b66a048ee1 '   itemscope=\"itemscope\" itemtype=\"https:\/\/schema.org\/BlogPosting\" itemprop=\"blogPost\" ><div class='avia_textblock'  itemprop=\"text\" ><h3>Robert \u00c5berg<\/h3>\n<p><strong>GrIFK<\/strong><\/p>\n<ul>\n<li>Valitettavasti Grani. Valmentaja l\u00e4hti ja my\u00f6s t\u00e4rke\u00e4t Kalle Kankaanp\u00e4\u00e4 sek\u00e4 Miro Koljonen ovat muualla. Hellakoskella ei ole helppoa saada jalkeille sellaista joukkuetta, joka olisi mitalikamppailussa mukana, vaikka Filip Churlevski, Topias Laine ja Patrik Roslander tuovatkin todella paljonkin rutiinia joukkueeseen.<\/li>\n<\/ul>\n<p><strong>EIF<\/strong><\/p>\n<ul>\n<li>Tietenkin Eken\u00e4s IF:ll\u00e4 on tiukka kausi edess\u00e4\u00e4n, kun ovat uutena joukkueena mukana, mutta heid\u00e4n kohdalla kaikki on enemm\u00e4n tai v\u00e4hemm\u00e4n positiivista. Ensimm\u00e4inen kausi kun kuitenkin sis\u00e4\u00e4najokausi.<\/li>\n<\/ul>\n<\/div><\/section><br \/>\n<section  class='av_textblock_section av-mf6wjcn0-18ae9219d52d401e5e8efb272f168a54 '   itemscope=\"itemscope\" itemtype=\"https:\/\/schema.org\/BlogPosting\" itemprop=\"blogPost\" ><div class='avia_textblock'  itemprop=\"text\" ><h3>Tomi Salminen<\/h3>\n<p><strong>EIF ja \u00c5IFK<\/strong><\/p>\n<ul>\n<li>En tied\u00e4 voiko puhua niink\u00e4\u00e4n vaikeuksista, mutta materiaaliltaan joukkueet eiv\u00e4t v\u00e4ltt\u00e4m\u00e4tt\u00e4 ole sijojen 7 ja 8 tasoa korkeammalla. Hyv\u00e4t mahdollisuudet kuitenkin nipist\u00e4\u00e4 pisteit\u00e4 varsinkin kotona sijoille 5-6 rankatuilta joukkueita.<\/li>\n<li>Tammisaarelaisten liigaan tulo joka tapauksessa odotettu ja mieluisa piristysruiske.<\/li>\n<li>Liigan varmasti symppaattisin joukkue (\u00c5IFK) ja v\u00e4rikk\u00e4in (EIF) valmennuksia my\u00f6ten.<\/li>\n<\/ul>\n<p><strong>GrIFK<\/strong><\/p>\n<ul>\n<li>Lis\u00e4ksi on pakko ottaa esiin GrIFK:n tilanne. Joukkue uusiutuu todella rajusti valmennusta my\u00f6ten ja varsinkin kokemusta h\u00e4ipyi todella paljon. Mielenkiintoisia nuoria omia lupauksia paljon, ja on eritt\u00e4in mielenkiintoista n\u00e4hd\u00e4 Anthony Hellakoski p\u00e4\u00e4valmentajana. Jos h\u00e4n saa n\u00e4kemyksens\u00e4 pelist\u00e4 iskostettua joukkueelle, heilt\u00e4 on lupa odottaa paljon. Ensi kauden &#8221;jokeri-kortti?&#8221;.<\/li>\n<\/ul>\n<\/div><\/section><br \/>\n<section  class='av_textblock_section av-mf6w4u8m-6e1416ada9f6f21d8806ea9a8684e884 '   itemscope=\"itemscope\" itemtype=\"https:\/\/schema.org\/BlogPosting\" itemprop=\"blogPost\" ><div class='avia_textblock'  itemprop=\"text\" ><h3>Marcus Sj\u00f6stedt<\/h3>\n<p><strong>EIF<\/strong><\/p>\n<ul>\n<li>Tulee parhaina hetkin\u00e4 varmasti olemaan vaarallinen joukkue kaikille, mutta kokematon ryhm\u00e4 joutuu totuttelemaan liigan tempoon pitk\u00e4ss\u00e4 juoksussa.<\/li>\n<\/ul>\n<\/div><\/section><\/p><\/div><\/div><!--close column table wrapper. Autoclose: 1 -->\n<style type=\"text\/css\" data-created_by=\"avia_inline_auto\" id=\"style-css-av-238kp0c-2368715cab322791f08a969f1f424f18\">\n#top .hr.hr-invisible.av-238kp0c-2368715cab322791f08a969f1f424f18{\nheight:20px;\n}\n<\/style>\n<div  class='hr av-238kp0c-2368715cab322791f08a969f1f424f18 hr-invisible  avia-builder-el-21  el_after_av_one_full  el_before_av_one_full '><span class='hr-inner '><span class=\"hr-inner-style\"><\/span><\/span><\/div><\/p>\n<div class='flex_column_table av-1kiyv6k-b33846f65e106e4535f700bf6db21272 sc-av_one_full av-equal-height-column-flextable'><div  class='flex_column av-1kiyv6k-b33846f65e106e4535f700bf6db21272 av_one_full  avia-builder-el-22  el_after_av_hr  el_before_av_hr  first flex_column_table_cell av-equal-height-column av-align-top  '     ><p>\n<style type=\"text\/css\" data-created_by=\"avia_inline_auto\" id=\"style-css-av-mf761bo4-66e700118e3e2bc8c077dd77dc033d74\">\n#top .av-special-heading.av-mf761bo4-66e700118e3e2bc8c077dd77dc033d74{\npadding-bottom:10px;\n}\nbody .av-special-heading.av-mf761bo4-66e700118e3e2bc8c077dd77dc033d74 .av-special-heading-tag .heading-char{\nfont-size:25px;\n}\n.av-special-heading.av-mf761bo4-66e700118e3e2bc8c077dd77dc033d74 .av-subheading{\nfont-size:15px;\n}\n<\/style>\n<div  class='av-special-heading av-mf761bo4-66e700118e3e2bc8c077dd77dc033d74 av-special-heading-h2  avia-builder-el-23  el_before_av_textblock  avia-builder-el-first '><h2 class='av-special-heading-tag '  itemprop=\"headline\"  >Yhteenveto<\/h2><div class=\"special-heading-border\"><div class=\"special-heading-inner-border\"><\/div><\/div><\/div><br \/>\n<section  class='av_textblock_section av-mf761nuq-f1a150a320a3def6f62a639358b6cfa0 '   itemscope=\"itemscope\" itemtype=\"https:\/\/schema.org\/BlogPosting\" itemprop=\"blogPost\" ><div class='avia_textblock'  itemprop=\"text\" ><ol>\n<li><strong> BK-46 (asiantuntijoiden mestarisuosikki numero yksi, perusteluina materiaali, puolustus ja vastahy\u00f6kk\u00e4ykset). Cocksin puolesta puhuu mestaruuskokemus, taktinen kypsyys ja pudotuspelien rutiini).<\/strong><\/li>\n<li><strong> Cocks (vahvin finalistiehdokas), SIF (paljon uusia pelaajia, kuinka nopeasti palaset loksahtavat paikoilleen) ja HIFK, jolla yll\u00e4tysvalmis nuori ja fiksusti pelaava joukkue.<\/strong><\/li>\n<li><strong> EIF (kokematon sarjanousija, suuri tasoero I-divisioonaan n\u00e4hden), \u00c5IFK (menett\u00e4nyt nuoria avainpelaajia ulkomaille, jolloin on haastavaa pysy\u00e4 kilpailukykyisen\u00e4, GrIFK (rajut muutokset valmennuksessa ja pelaajistossa tekee kaudesta vaikean, vaikka nuoria lupauksia l\u00f6ytyy).<\/strong><\/li>\n<\/ol>\n<\/div><\/section><\/p><\/div><\/div><!--close column table wrapper. Autoclose: 1 -->\n<style type=\"text\/css\" data-created_by=\"avia_inline_auto\" id=\"style-css-av-s9nhto-b47518de77491cfcbe6cf29796275137\">\n#top .hr.hr-invisible.av-s9nhto-b47518de77491cfcbe6cf29796275137{\nheight:20px;\n}\n<\/style>\n<div  class='hr av-s9nhto-b47518de77491cfcbe6cf29796275137 hr-invisible  avia-builder-el-25  el_after_av_one_full  avia-builder-el-last '><span class='hr-inner '><span class=\"hr-inner-style\"><\/span><\/span><\/div><\/p>\n","protected":false},"excerpt":{"rendered":"<p>Miesten k\u00e4sipallon Aktialiiga k\u00e4ynnistyy viikonloppuna, ja asiantuntijat ovat varsin yksimielisi\u00e4 yhdest\u00e4 asiasta: k\u00e4rkipaikoista v\u00e4\u00e4nt\u00e4v\u00e4t tutut nimet BK-46 ja Cocks, mutta haastajia heille l\u00f6ytyy t\u00e4ll\u00e4 kaudella useampikin. Pyysimme nelj\u00e4n pitk\u00e4n linjan k\u00e4sipalloasiantuntijaa vastaamaan kolmeen kysymykseen: Kuka voittaa miesten Aktialiigan ja miksi? Mestarisuosikin kovimmat haastajat? Kenelle povaat isoimmat vaikeudet ja miksi? Vastaamassa ovat entiset maajoukkuek\u00e4sipalloilijat ja liigavalmentajat [&hellip;]<\/p>\n","protected":false},"author":3,"featured_media":65679,"comment_status":"closed","ping_status":"closed","sticky":false,"template":"","format":"standard","meta":{"_acf_changed":false,"jetpack_post_was_ever_published":false,"_jetpack_newsletter_access":"","_jetpack_dont_email_post_to_subs":false,"_jetpack_newsletter_tier_id":0,"_jetpack_memberships_contains_paywalled_content":false,"_jetpack_memberships_contains_paid_content":false,"footnotes":""},"categories":[2,358,359],"tags":[50,341,56,57,58,60,64,71,111],"class_list":["post-65660","post","type-post","status-publish","format-standard","has-post-thumbnail","hentry","category-ajankohtaista","category-ennakot","category-kohti-kautta","tag-aifk","tag-aktialiiga","tag-bk-46","tag-cocks","tag-dicken","tag-eif","tag-grifk","tag-hifk","tag-sif"],"acf":[],"yoast_head":"<!-- This site is optimized with the Yoast SEO plugin v27.5 - https:\/\/yoast.com\/product\/yoast-seo-wordpress\/ -->\n<title>Kuka voittaa? Kuka haastaa? Asiantuntijat arvioivat alkavaa liigakautta | K\u00e4sipallon miesten Aktialiiga<\/title>\n<meta name=\"description\" content=\"Aktialiiga alkaa, ja asiantuntijat ovat varsin yksimielisi\u00e4 siit\u00e4, ett\u00e4 k\u00e4rkipaikoista v\u00e4\u00e4nt\u00e4v\u00e4t tutut nimet, mutta haastajia heille l\u00f6ytyy useampikin.\" \/>\n<meta name=\"robots\" content=\"index, follow, max-snippet:-1, max-image-preview:large, max-video-preview:-1\" \/>\n<link rel=\"canonical\" href=\"https:\/\/aktialiiga.fi\/miehet\/2025-2026\/ennakot\/kuka-voittaa-kuka-haastaa-asiantuntijat-arvioivat-alkavaa-liigakautta\/\" \/>\n<meta property=\"og:locale\" content=\"fi_FI\" \/>\n<meta property=\"og:type\" content=\"article\" \/>\n<meta property=\"og:title\" content=\"Kuka voittaa? Kuka haastaa? Asiantuntijat arvioivat alkavaa liigakautta | K\u00e4sipallon miesten Aktialiiga\" \/>\n<meta property=\"og:description\" content=\"Aktialiiga alkaa, ja asiantuntijat ovat varsin yksimielisi\u00e4 siit\u00e4, ett\u00e4 k\u00e4rkipaikoista v\u00e4\u00e4nt\u00e4v\u00e4t tutut nimet, mutta haastajia heille l\u00f6ytyy useampikin.\" \/>\n<meta property=\"og:url\" content=\"https:\/\/aktialiiga.fi\/miehet\/2025-2026\/ennakot\/kuka-voittaa-kuka-haastaa-asiantuntijat-arvioivat-alkavaa-liigakautta\/\" \/>\n<meta property=\"og:site_name\" content=\"K\u00e4sipallon miesten Aktialiiga\" \/>\n<meta property=\"article:publisher\" content=\"https:\/\/www.facebook.com\/finnhandball\" \/>\n<meta property=\"article:published_time\" content=\"2025-09-05T14:43:08+00:00\" \/>\n<meta property=\"article:modified_time\" content=\"2025-10-11T19:51:06+00:00\" \/>\n<meta property=\"og:image\" content=\"https:\/\/aktialiiga.fi\/miehet\/wp-content\/uploads\/sites\/5\/2025\/09\/2TH9063.jpg\" \/>\n\t<meta property=\"og:image:width\" content=\"2400\" \/>\n\t<meta property=\"og:image:height\" content=\"1600\" \/>\n\t<meta property=\"og:image:type\" content=\"image\/jpeg\" \/>\n<meta name=\"author\" content=\"jussi\" \/>\n<meta name=\"twitter:card\" content=\"summary_large_image\" \/>\n<meta name=\"twitter:creator\" content=\"@finnhandball\" \/>\n<meta name=\"twitter:site\" content=\"@finnhandball\" \/>\n<script type=\"application\/ld+json\" class=\"yoast-schema-graph\">{\"@context\":\"https:\\\/\\\/schema.org\",\"@graph\":[{\"@type\":\"Article\",\"@id\":\"https:\\\/\\\/aktialiiga.fi\\\/miehet\\\/2025-2026\\\/ennakot\\\/kuka-voittaa-kuka-haastaa-asiantuntijat-arvioivat-alkavaa-liigakautta\\\/#article\",\"isPartOf\":{\"@id\":\"https:\\\/\\\/aktialiiga.fi\\\/miehet\\\/2025-2026\\\/ennakot\\\/kuka-voittaa-kuka-haastaa-asiantuntijat-arvioivat-alkavaa-liigakautta\\\/\"},\"author\":{\"name\":\"jussi\",\"@id\":\"https:\\\/\\\/aktialiiga.fi\\\/miehet\\\/#\\\/schema\\\/person\\\/6ed7641d619c7f28481c53817a16b871\"},\"headline\":\"Kuka voittaa? Kuka haastaa? Asiantuntijat arvioivat alkavaa liigakautta\",\"datePublished\":\"2025-09-05T14:43:08+00:00\",\"dateModified\":\"2025-10-11T19:51:06+00:00\",\"mainEntityOfPage\":{\"@id\":\"https:\\\/\\\/aktialiiga.fi\\\/miehet\\\/2025-2026\\\/ennakot\\\/kuka-voittaa-kuka-haastaa-asiantuntijat-arvioivat-alkavaa-liigakautta\\\/\"},\"wordCount\":4664,\"publisher\":{\"@id\":\"https:\\\/\\\/aktialiiga.fi\\\/miehet\\\/#organization\"},\"image\":{\"@id\":\"https:\\\/\\\/aktialiiga.fi\\\/miehet\\\/2025-2026\\\/ennakot\\\/kuka-voittaa-kuka-haastaa-asiantuntijat-arvioivat-alkavaa-liigakautta\\\/#primaryimage\"},\"thumbnailUrl\":\"https:\\\/\\\/i0.wp.com\\\/aktialiiga.fi\\\/miehet\\\/wp-content\\\/uploads\\\/sites\\\/5\\\/2025\\\/09\\\/2TH9063-e1766661081154.jpg?fit=2400%2C1352&ssl=1\",\"keywords\":[\"\u00c5IFK\",\"Aktialiiga\",\"BK-46\",\"Cocks\",\"Dicken\",\"EIF\",\"GrIFK\",\"HIFK\",\"SIF\"],\"articleSection\":[\"Ajankohtaista\",\"Ennakot\",\"Kohti kautta 2025-26\"],\"inLanguage\":\"fi\"},{\"@type\":\"WebPage\",\"@id\":\"https:\\\/\\\/aktialiiga.fi\\\/miehet\\\/2025-2026\\\/ennakot\\\/kuka-voittaa-kuka-haastaa-asiantuntijat-arvioivat-alkavaa-liigakautta\\\/\",\"url\":\"https:\\\/\\\/aktialiiga.fi\\\/miehet\\\/2025-2026\\\/ennakot\\\/kuka-voittaa-kuka-haastaa-asiantuntijat-arvioivat-alkavaa-liigakautta\\\/\",\"name\":\"Kuka voittaa? Kuka haastaa? Asiantuntijat arvioivat alkavaa liigakautta | K\u00e4sipallon miesten Aktialiiga\",\"isPartOf\":{\"@id\":\"https:\\\/\\\/aktialiiga.fi\\\/miehet\\\/#website\"},\"primaryImageOfPage\":{\"@id\":\"https:\\\/\\\/aktialiiga.fi\\\/miehet\\\/2025-2026\\\/ennakot\\\/kuka-voittaa-kuka-haastaa-asiantuntijat-arvioivat-alkavaa-liigakautta\\\/#primaryimage\"},\"image\":{\"@id\":\"https:\\\/\\\/aktialiiga.fi\\\/miehet\\\/2025-2026\\\/ennakot\\\/kuka-voittaa-kuka-haastaa-asiantuntijat-arvioivat-alkavaa-liigakautta\\\/#primaryimage\"},\"thumbnailUrl\":\"https:\\\/\\\/i0.wp.com\\\/aktialiiga.fi\\\/miehet\\\/wp-content\\\/uploads\\\/sites\\\/5\\\/2025\\\/09\\\/2TH9063-e1766661081154.jpg?fit=2400%2C1352&ssl=1\",\"datePublished\":\"2025-09-05T14:43:08+00:00\",\"dateModified\":\"2025-10-11T19:51:06+00:00\",\"description\":\"Aktialiiga alkaa, ja asiantuntijat ovat varsin yksimielisi\u00e4 siit\u00e4, ett\u00e4 k\u00e4rkipaikoista v\u00e4\u00e4nt\u00e4v\u00e4t tutut nimet, mutta haastajia heille l\u00f6ytyy useampikin.\",\"breadcrumb\":{\"@id\":\"https:\\\/\\\/aktialiiga.fi\\\/miehet\\\/2025-2026\\\/ennakot\\\/kuka-voittaa-kuka-haastaa-asiantuntijat-arvioivat-alkavaa-liigakautta\\\/#breadcrumb\"},\"inLanguage\":\"fi\",\"potentialAction\":[{\"@type\":\"ReadAction\",\"target\":[\"https:\\\/\\\/aktialiiga.fi\\\/miehet\\\/2025-2026\\\/ennakot\\\/kuka-voittaa-kuka-haastaa-asiantuntijat-arvioivat-alkavaa-liigakautta\\\/\"]}]},{\"@type\":\"ImageObject\",\"inLanguage\":\"fi\",\"@id\":\"https:\\\/\\\/aktialiiga.fi\\\/miehet\\\/2025-2026\\\/ennakot\\\/kuka-voittaa-kuka-haastaa-asiantuntijat-arvioivat-alkavaa-liigakautta\\\/#primaryimage\",\"url\":\"https:\\\/\\\/i0.wp.com\\\/aktialiiga.fi\\\/miehet\\\/wp-content\\\/uploads\\\/sites\\\/5\\\/2025\\\/09\\\/2TH9063-e1766661081154.jpg?fit=2400%2C1352&ssl=1\",\"contentUrl\":\"https:\\\/\\\/i0.wp.com\\\/aktialiiga.fi\\\/miehet\\\/wp-content\\\/uploads\\\/sites\\\/5\\\/2025\\\/09\\\/2TH9063-e1766661081154.jpg?fit=2400%2C1352&ssl=1\",\"width\":2400,\"height\":1352},{\"@type\":\"BreadcrumbList\",\"@id\":\"https:\\\/\\\/aktialiiga.fi\\\/miehet\\\/2025-2026\\\/ennakot\\\/kuka-voittaa-kuka-haastaa-asiantuntijat-arvioivat-alkavaa-liigakautta\\\/#breadcrumb\",\"itemListElement\":[{\"@type\":\"ListItem\",\"position\":1,\"name\":\"Etusivu\",\"item\":\"https:\\\/\\\/aktialiiga.fi\\\/miehet\\\/\"},{\"@type\":\"ListItem\",\"position\":2,\"name\":\"Kuka voittaa? Kuka haastaa? Asiantuntijat arvioivat alkavaa liigakautta\"}]},{\"@type\":\"WebSite\",\"@id\":\"https:\\\/\\\/aktialiiga.fi\\\/miehet\\\/#website\",\"url\":\"https:\\\/\\\/aktialiiga.fi\\\/miehet\\\/\",\"name\":\"K\u00e4sipallon miesten Aktialiiga\",\"description\":\"Valtakunnan vauhdikkainta palloilua!\",\"publisher\":{\"@id\":\"https:\\\/\\\/aktialiiga.fi\\\/miehet\\\/#organization\"},\"potentialAction\":[{\"@type\":\"SearchAction\",\"target\":{\"@type\":\"EntryPoint\",\"urlTemplate\":\"https:\\\/\\\/aktialiiga.fi\\\/miehet\\\/?s={search_term_string}\"},\"query-input\":{\"@type\":\"PropertyValueSpecification\",\"valueRequired\":true,\"valueName\":\"search_term_string\"}}],\"inLanguage\":\"fi\"},{\"@type\":\"Organization\",\"@id\":\"https:\\\/\\\/aktialiiga.fi\\\/miehet\\\/#organization\",\"name\":\"K\u00e4sipallon miesten Aktialiiga\",\"url\":\"https:\\\/\\\/aktialiiga.fi\\\/miehet\\\/\",\"logo\":{\"@type\":\"ImageObject\",\"inLanguage\":\"fi\",\"@id\":\"https:\\\/\\\/aktialiiga.fi\\\/miehet\\\/#\\\/schema\\\/logo\\\/image\\\/\",\"url\":\"https:\\\/\\\/i0.wp.com\\\/aktialiiga.fi\\\/miehet\\\/wp-content\\\/uploads\\\/sites\\\/5\\\/2024\\\/09\\\/Aktialiiga-Yoast-512.png?fit=512%2C512&ssl=1\",\"contentUrl\":\"https:\\\/\\\/i0.wp.com\\\/aktialiiga.fi\\\/miehet\\\/wp-content\\\/uploads\\\/sites\\\/5\\\/2024\\\/09\\\/Aktialiiga-Yoast-512.png?fit=512%2C512&ssl=1\",\"width\":512,\"height\":512,\"caption\":\"K\u00e4sipallon miesten Aktialiiga\"},\"image\":{\"@id\":\"https:\\\/\\\/aktialiiga.fi\\\/miehet\\\/#\\\/schema\\\/logo\\\/image\\\/\"},\"sameAs\":[\"https:\\\/\\\/www.facebook.com\\\/finnhandball\",\"https:\\\/\\\/x.com\\\/finnhandball\",\"https:\\\/\\\/www.instagram.com\\\/handballfinland\\\/\"]},{\"@type\":\"Person\",\"@id\":\"https:\\\/\\\/aktialiiga.fi\\\/miehet\\\/#\\\/schema\\\/person\\\/6ed7641d619c7f28481c53817a16b871\",\"name\":\"jussi\",\"image\":{\"@type\":\"ImageObject\",\"inLanguage\":\"fi\",\"@id\":\"https:\\\/\\\/secure.gravatar.com\\\/avatar\\\/034b8e6380fc659c320f13e17fe45bd9ab48a21e2debadd5f3179bde291949df?s=96&d=mm&r=g\",\"url\":\"https:\\\/\\\/secure.gravatar.com\\\/avatar\\\/034b8e6380fc659c320f13e17fe45bd9ab48a21e2debadd5f3179bde291949df?s=96&d=mm&r=g\",\"contentUrl\":\"https:\\\/\\\/secure.gravatar.com\\\/avatar\\\/034b8e6380fc659c320f13e17fe45bd9ab48a21e2debadd5f3179bde291949df?s=96&d=mm&r=g\",\"caption\":\"jussi\"}}]}<\/script>\n<!-- \/ Yoast SEO plugin. -->","yoast_head_json":{"title":"Kuka voittaa? Kuka haastaa? Asiantuntijat arvioivat alkavaa liigakautta | K\u00e4sipallon miesten Aktialiiga","description":"Aktialiiga alkaa, ja asiantuntijat ovat varsin yksimielisi\u00e4 siit\u00e4, ett\u00e4 k\u00e4rkipaikoista v\u00e4\u00e4nt\u00e4v\u00e4t tutut nimet, mutta haastajia heille l\u00f6ytyy useampikin.","robots":{"index":"index","follow":"follow","max-snippet":"max-snippet:-1","max-image-preview":"max-image-preview:large","max-video-preview":"max-video-preview:-1"},"canonical":"https:\/\/aktialiiga.fi\/miehet\/2025-2026\/ennakot\/kuka-voittaa-kuka-haastaa-asiantuntijat-arvioivat-alkavaa-liigakautta\/","og_locale":"fi_FI","og_type":"article","og_title":"Kuka voittaa? Kuka haastaa? Asiantuntijat arvioivat alkavaa liigakautta | K\u00e4sipallon miesten Aktialiiga","og_description":"Aktialiiga alkaa, ja asiantuntijat ovat varsin yksimielisi\u00e4 siit\u00e4, ett\u00e4 k\u00e4rkipaikoista v\u00e4\u00e4nt\u00e4v\u00e4t tutut nimet, mutta haastajia heille l\u00f6ytyy useampikin.","og_url":"https:\/\/aktialiiga.fi\/miehet\/2025-2026\/ennakot\/kuka-voittaa-kuka-haastaa-asiantuntijat-arvioivat-alkavaa-liigakautta\/","og_site_name":"K\u00e4sipallon miesten Aktialiiga","article_publisher":"https:\/\/www.facebook.com\/finnhandball","article_published_time":"2025-09-05T14:43:08+00:00","article_modified_time":"2025-10-11T19:51:06+00:00","og_image":[{"width":2400,"height":1600,"url":"https:\/\/aktialiiga.fi\/miehet\/wp-content\/uploads\/sites\/5\/2025\/09\/2TH9063.jpg","type":"image\/jpeg"}],"author":"jussi","twitter_card":"summary_large_image","twitter_creator":"@finnhandball","twitter_site":"@finnhandball","schema":{"@context":"https:\/\/schema.org","@graph":[{"@type":"Article","@id":"https:\/\/aktialiiga.fi\/miehet\/2025-2026\/ennakot\/kuka-voittaa-kuka-haastaa-asiantuntijat-arvioivat-alkavaa-liigakautta\/#article","isPartOf":{"@id":"https:\/\/aktialiiga.fi\/miehet\/2025-2026\/ennakot\/kuka-voittaa-kuka-haastaa-asiantuntijat-arvioivat-alkavaa-liigakautta\/"},"author":{"name":"jussi","@id":"https:\/\/aktialiiga.fi\/miehet\/#\/schema\/person\/6ed7641d619c7f28481c53817a16b871"},"headline":"Kuka voittaa? Kuka haastaa? Asiantuntijat arvioivat alkavaa liigakautta","datePublished":"2025-09-05T14:43:08+00:00","dateModified":"2025-10-11T19:51:06+00:00","mainEntityOfPage":{"@id":"https:\/\/aktialiiga.fi\/miehet\/2025-2026\/ennakot\/kuka-voittaa-kuka-haastaa-asiantuntijat-arvioivat-alkavaa-liigakautta\/"},"wordCount":4664,"publisher":{"@id":"https:\/\/aktialiiga.fi\/miehet\/#organization"},"image":{"@id":"https:\/\/aktialiiga.fi\/miehet\/2025-2026\/ennakot\/kuka-voittaa-kuka-haastaa-asiantuntijat-arvioivat-alkavaa-liigakautta\/#primaryimage"},"thumbnailUrl":"https:\/\/i0.wp.com\/aktialiiga.fi\/miehet\/wp-content\/uploads\/sites\/5\/2025\/09\/2TH9063-e1766661081154.jpg?fit=2400%2C1352&ssl=1","keywords":["\u00c5IFK","Aktialiiga","BK-46","Cocks","Dicken","EIF","GrIFK","HIFK","SIF"],"articleSection":["Ajankohtaista","Ennakot","Kohti kautta 2025-26"],"inLanguage":"fi"},{"@type":"WebPage","@id":"https:\/\/aktialiiga.fi\/miehet\/2025-2026\/ennakot\/kuka-voittaa-kuka-haastaa-asiantuntijat-arvioivat-alkavaa-liigakautta\/","url":"https:\/\/aktialiiga.fi\/miehet\/2025-2026\/ennakot\/kuka-voittaa-kuka-haastaa-asiantuntijat-arvioivat-alkavaa-liigakautta\/","name":"Kuka voittaa? Kuka haastaa? Asiantuntijat arvioivat alkavaa liigakautta | K\u00e4sipallon miesten Aktialiiga","isPartOf":{"@id":"https:\/\/aktialiiga.fi\/miehet\/#website"},"primaryImageOfPage":{"@id":"https:\/\/aktialiiga.fi\/miehet\/2025-2026\/ennakot\/kuka-voittaa-kuka-haastaa-asiantuntijat-arvioivat-alkavaa-liigakautta\/#primaryimage"},"image":{"@id":"https:\/\/aktialiiga.fi\/miehet\/2025-2026\/ennakot\/kuka-voittaa-kuka-haastaa-asiantuntijat-arvioivat-alkavaa-liigakautta\/#primaryimage"},"thumbnailUrl":"https:\/\/i0.wp.com\/aktialiiga.fi\/miehet\/wp-content\/uploads\/sites\/5\/2025\/09\/2TH9063-e1766661081154.jpg?fit=2400%2C1352&ssl=1","datePublished":"2025-09-05T14:43:08+00:00","dateModified":"2025-10-11T19:51:06+00:00","description":"Aktialiiga alkaa, ja asiantuntijat ovat varsin yksimielisi\u00e4 siit\u00e4, ett\u00e4 k\u00e4rkipaikoista v\u00e4\u00e4nt\u00e4v\u00e4t tutut nimet, mutta haastajia heille l\u00f6ytyy useampikin.","breadcrumb":{"@id":"https:\/\/aktialiiga.fi\/miehet\/2025-2026\/ennakot\/kuka-voittaa-kuka-haastaa-asiantuntijat-arvioivat-alkavaa-liigakautta\/#breadcrumb"},"inLanguage":"fi","potentialAction":[{"@type":"ReadAction","target":["https:\/\/aktialiiga.fi\/miehet\/2025-2026\/ennakot\/kuka-voittaa-kuka-haastaa-asiantuntijat-arvioivat-alkavaa-liigakautta\/"]}]},{"@type":"ImageObject","inLanguage":"fi","@id":"https:\/\/aktialiiga.fi\/miehet\/2025-2026\/ennakot\/kuka-voittaa-kuka-haastaa-asiantuntijat-arvioivat-alkavaa-liigakautta\/#primaryimage","url":"https:\/\/i0.wp.com\/aktialiiga.fi\/miehet\/wp-content\/uploads\/sites\/5\/2025\/09\/2TH9063-e1766661081154.jpg?fit=2400%2C1352&ssl=1","contentUrl":"https:\/\/i0.wp.com\/aktialiiga.fi\/miehet\/wp-content\/uploads\/sites\/5\/2025\/09\/2TH9063-e1766661081154.jpg?fit=2400%2C1352&ssl=1","width":2400,"height":1352},{"@type":"BreadcrumbList","@id":"https:\/\/aktialiiga.fi\/miehet\/2025-2026\/ennakot\/kuka-voittaa-kuka-haastaa-asiantuntijat-arvioivat-alkavaa-liigakautta\/#breadcrumb","itemListElement":[{"@type":"ListItem","position":1,"name":"Etusivu","item":"https:\/\/aktialiiga.fi\/miehet\/"},{"@type":"ListItem","position":2,"name":"Kuka voittaa? Kuka haastaa? Asiantuntijat arvioivat alkavaa liigakautta"}]},{"@type":"WebSite","@id":"https:\/\/aktialiiga.fi\/miehet\/#website","url":"https:\/\/aktialiiga.fi\/miehet\/","name":"K\u00e4sipallon miesten Aktialiiga","description":"Valtakunnan vauhdikkainta palloilua!","publisher":{"@id":"https:\/\/aktialiiga.fi\/miehet\/#organization"},"potentialAction":[{"@type":"SearchAction","target":{"@type":"EntryPoint","urlTemplate":"https:\/\/aktialiiga.fi\/miehet\/?s={search_term_string}"},"query-input":{"@type":"PropertyValueSpecification","valueRequired":true,"valueName":"search_term_string"}}],"inLanguage":"fi"},{"@type":"Organization","@id":"https:\/\/aktialiiga.fi\/miehet\/#organization","name":"K\u00e4sipallon miesten Aktialiiga","url":"https:\/\/aktialiiga.fi\/miehet\/","logo":{"@type":"ImageObject","inLanguage":"fi","@id":"https:\/\/aktialiiga.fi\/miehet\/#\/schema\/logo\/image\/","url":"https:\/\/i0.wp.com\/aktialiiga.fi\/miehet\/wp-content\/uploads\/sites\/5\/2024\/09\/Aktialiiga-Yoast-512.png?fit=512%2C512&ssl=1","contentUrl":"https:\/\/i0.wp.com\/aktialiiga.fi\/miehet\/wp-content\/uploads\/sites\/5\/2024\/09\/Aktialiiga-Yoast-512.png?fit=512%2C512&ssl=1","width":512,"height":512,"caption":"K\u00e4sipallon miesten Aktialiiga"},"image":{"@id":"https:\/\/aktialiiga.fi\/miehet\/#\/schema\/logo\/image\/"},"sameAs":["https:\/\/www.facebook.com\/finnhandball","https:\/\/x.com\/finnhandball","https:\/\/www.instagram.com\/handballfinland\/"]},{"@type":"Person","@id":"https:\/\/aktialiiga.fi\/miehet\/#\/schema\/person\/6ed7641d619c7f28481c53817a16b871","name":"jussi","image":{"@type":"ImageObject","inLanguage":"fi","@id":"https:\/\/secure.gravatar.com\/avatar\/034b8e6380fc659c320f13e17fe45bd9ab48a21e2debadd5f3179bde291949df?s=96&d=mm&r=g","url":"https:\/\/secure.gravatar.com\/avatar\/034b8e6380fc659c320f13e17fe45bd9ab48a21e2debadd5f3179bde291949df?s=96&d=mm&r=g","contentUrl":"https:\/\/secure.gravatar.com\/avatar\/034b8e6380fc659c320f13e17fe45bd9ab48a21e2debadd5f3179bde291949df?s=96&d=mm&r=g","caption":"jussi"}}]}},"jetpack_featured_media_url":"https:\/\/i0.wp.com\/aktialiiga.fi\/miehet\/wp-content\/uploads\/sites\/5\/2025\/09\/2TH9063-e1766661081154.jpg?fit=2400%2C1352&ssl=1","jetpack_sharing_enabled":true,"jetpack_shortlink":"https:\/\/wp.me\/pfTxOr-h52","_links":{"self":[{"href":"https:\/\/aktialiiga.fi\/miehet\/wp-json\/wp\/v2\/posts\/65660","targetHints":{"allow":["GET"]}}],"collection":[{"href":"https:\/\/aktialiiga.fi\/miehet\/wp-json\/wp\/v2\/posts"}],"about":[{"href":"https:\/\/aktialiiga.fi\/miehet\/wp-json\/wp\/v2\/types\/post"}],"author":[{"embeddable":true,"href":"https:\/\/aktialiiga.fi\/miehet\/wp-json\/wp\/v2\/users\/3"}],"replies":[{"embeddable":true,"href":"https:\/\/aktialiiga.fi\/miehet\/wp-json\/wp\/v2\/comments?post=65660"}],"version-history":[{"count":25,"href":"https:\/\/aktialiiga.fi\/miehet\/wp-json\/wp\/v2\/posts\/65660\/revisions"}],"predecessor-version":[{"id":67263,"href":"https:\/\/aktialiiga.fi\/miehet\/wp-json\/wp\/v2\/posts\/65660\/revisions\/67263"}],"wp:featuredmedia":[{"embeddable":true,"href":"https:\/\/aktialiiga.fi\/miehet\/wp-json\/wp\/v2\/media\/65679"}],"wp:attachment":[{"href":"https:\/\/aktialiiga.fi\/miehet\/wp-json\/wp\/v2\/media?parent=65660"}],"wp:term":[{"taxonomy":"category","embeddable":true,"href":"https:\/\/aktialiiga.fi\/miehet\/wp-json\/wp\/v2\/categories?post=65660"},{"taxonomy":"post_tag","embeddable":true,"href":"https:\/\/aktialiiga.fi\/miehet\/wp-json\/wp\/v2\/tags?post=65660"}],"curies":[{"name":"wp","href":"https:\/\/api.w.org\/{rel}","templated":true}]}}