{"id":65870,"date":"2025-09-09T16:12:02","date_gmt":"2025-09-09T13:12:02","guid":{"rendered":"https:\/\/aktialiiga.fi\/miehet\/?p=65870"},"modified":"2025-09-10T10:21:39","modified_gmt":"2025-09-10T07:21:39","slug":"nelja-ottelua-suomen-cupia-keskiviikkona","status":"publish","type":"post","link":"https:\/\/aktialiiga.fi\/miehet\/2025-2026\/ennakot\/nelja-ottelua-suomen-cupia-keskiviikkona\/","title":{"rendered":"Nelj\u00e4 ottelua Suomen Cupia keskiviikkona"},"content":{"rendered":"<p>Suomen Cupin lohkovaihe jatkuu keskiviikkona 10.9. nelj\u00e4ll\u00e4 ottelulla eli joka lohkossa on ohjelmassa yksi ottelu.<\/p>\n<p>Syyskuun ensimm\u00e4isell\u00e4 viikolla pelattujen cupin lohkovaiheen avausotteluiden tapaan tulessa on nelj\u00e4 Aktialiigajoukkuetta \u2013 eli ne jotka eiv\u00e4t viime viikolla pelanneet \u2013 ja cupin s\u00e4\u00e4nt\u00f6jen mukaan kaikki vieraskent\u00e4ll\u00e4.<\/p>\n<p>\u201dVieraskentt\u00e4\u201d ei tosin koske varsinaisesti Dickeni\u00e4, joka kohtaa j\u00e4sentenv\u00e4lisess\u00e4 Dicken Akademin. \u00c5IFK puolestaan matkaa Vantaalle, SIF Paraisille ja EIF Turkuun.<\/p>\n<p>Cupin lohkovaiheen viimeiset ottelut pelataan lokakuun ensimm\u00e4isell\u00e4 t\u00e4ydell\u00e4 viikolla ja t\u00e4ll\u00f6in jokaisessa lohkossa vastakkain ovat Aktialiigan joukkueet. Jokaisesta nelj\u00e4st\u00e4 lohkosta voittaja etenee v\u00e4lieriin.<\/p>\n<p><strong>Suomen Cupin lohkovaiheen ottelut keskiviikkona 10.9.:<\/strong><br \/>\nKlo 18.45 Atlas \u2013 \u00c5IFK (lohko A)<br \/>\nKlo 19.15 Dicken Akademi \u2013 Dicken (lohko B)<br \/>\nKlo 19.30 \u00c5IFK II \u2013 EIF (lohko C) &#8211; <a href=\"https:\/\/handis.tv\/hf-abo-a\/games\/g\/oihnghxv\">HandisTV<\/a><br \/>\nKlo 19.30 PIF \u2013 SIF (lohko D) &#8211; <a href=\"https:\/\/handis.tv\/pifhandball\/games\/g\/93pqumjz\">HandisTV<\/a><\/p>\n","protected":false},"excerpt":{"rendered":"<p>Suomen Cupin lohkovaihe jatkuu keskiviikkona 10.9. nelj\u00e4ll\u00e4 ottelulla eli joka lohkossa on ohjelmassa yksi ottelu. Syyskuun ensimm\u00e4isell\u00e4 viikolla pelattujen cupin lohkovaiheen avausotteluiden tapaan tulessa on nelj\u00e4 Aktialiigajoukkuetta \u2013 eli ne jotka eiv\u00e4t viime viikolla pelanneet \u2013 ja cupin s\u00e4\u00e4nt\u00f6jen mukaan kaikki vieraskent\u00e4ll\u00e4. \u201dVieraskentt\u00e4\u201d ei tosin koske varsinaisesti Dickeni\u00e4, joka kohtaa j\u00e4sentenv\u00e4lisess\u00e4 Dicken Akademin. \u00c5IFK puolestaan [&hellip;]<\/p>\n","protected":false},"author":13,"featured_media":31393,"comment_status":"closed","ping_status":"closed","sticky":false,"template":"","format":"standard","meta":{"_acf_changed":false,"jetpack_post_was_ever_published":false,"_jetpack_newsletter_access":"","_jetpack_dont_email_post_to_subs":false,"_jetpack_newsletter_tier_id":0,"_jetpack_memberships_contains_paywalled_content":false,"_jetpack_memberships_contains_paid_content":false,"footnotes":""},"categories":[358],"tags":[50,58,60,111,116],"class_list":["post-65870","post","type-post","status-publish","format-standard","has-post-thumbnail","hentry","category-ennakot","tag-aifk","tag-dicken","tag-eif","tag-sif","tag-suomen-cup"],"acf":[],"yoast_head":"<!-- This site is optimized with the Yoast SEO plugin v27.5 - https:\/\/yoast.com\/product\/yoast-seo-wordpress\/ -->\n<title>Nelj\u00e4 ottelua Suomen Cupia keskiviikkona | K\u00e4sipallon miesten Aktialiiga<\/title>\n<meta name=\"robots\" content=\"index, follow, max-snippet:-1, max-image-preview:large, max-video-preview:-1\" \/>\n<link rel=\"canonical\" href=\"https:\/\/aktialiiga.fi\/miehet\/2025-2026\/ennakot\/nelja-ottelua-suomen-cupia-keskiviikkona\/\" \/>\n<meta property=\"og:locale\" content=\"fi_FI\" \/>\n<meta property=\"og:type\" content=\"article\" \/>\n<meta property=\"og:title\" content=\"Nelj\u00e4 ottelua Suomen Cupia keskiviikkona | K\u00e4sipallon miesten Aktialiiga\" \/>\n<meta property=\"og:description\" content=\"Suomen Cupin lohkovaihe jatkuu keskiviikkona 10.9. nelj\u00e4ll\u00e4 ottelulla eli joka lohkossa on ohjelmassa yksi ottelu. Syyskuun ensimm\u00e4isell\u00e4 viikolla pelattujen cupin lohkovaiheen avausotteluiden tapaan tulessa on nelj\u00e4 Aktialiigajoukkuetta \u2013 eli ne jotka eiv\u00e4t viime viikolla pelanneet \u2013 ja cupin s\u00e4\u00e4nt\u00f6jen mukaan kaikki vieraskent\u00e4ll\u00e4. \u201dVieraskentt\u00e4\u201d ei tosin koske varsinaisesti Dickeni\u00e4, joka kohtaa j\u00e4sentenv\u00e4lisess\u00e4 Dicken Akademin. \u00c5IFK puolestaan [&hellip;]\" \/>\n<meta property=\"og:url\" content=\"https:\/\/aktialiiga.fi\/miehet\/2025-2026\/ennakot\/nelja-ottelua-suomen-cupia-keskiviikkona\/\" \/>\n<meta property=\"og:site_name\" content=\"K\u00e4sipallon miesten Aktialiiga\" \/>\n<meta property=\"article:publisher\" content=\"https:\/\/www.facebook.com\/finnhandball\" \/>\n<meta property=\"article:published_time\" content=\"2025-09-09T13:12:02+00:00\" \/>\n<meta property=\"article:modified_time\" content=\"2025-09-10T07:21:39+00:00\" \/>\n<meta property=\"og:image\" content=\"https:\/\/i0.wp.com\/aktialiiga.fi\/miehet\/wp-content\/uploads\/sites\/5\/2021\/12\/Suomen_Cup_palkinnot.jpg?fit=1165%2C455&ssl=1\" \/>\n\t<meta property=\"og:image:width\" content=\"1165\" \/>\n\t<meta property=\"og:image:height\" content=\"455\" \/>\n\t<meta property=\"og:image:type\" content=\"image\/jpeg\" \/>\n<meta name=\"author\" content=\"tbrmedia\" \/>\n<meta name=\"twitter:card\" content=\"summary_large_image\" \/>\n<meta name=\"twitter:creator\" content=\"@finnhandball\" \/>\n<meta name=\"twitter:site\" content=\"@finnhandball\" \/>\n<script type=\"application\/ld+json\" class=\"yoast-schema-graph\">{\"@context\":\"https:\\\/\\\/schema.org\",\"@graph\":[{\"@type\":\"Article\",\"@id\":\"https:\\\/\\\/aktialiiga.fi\\\/miehet\\\/2025-2026\\\/ennakot\\\/nelja-ottelua-suomen-cupia-keskiviikkona\\\/#article\",\"isPartOf\":{\"@id\":\"https:\\\/\\\/aktialiiga.fi\\\/miehet\\\/2025-2026\\\/ennakot\\\/nelja-ottelua-suomen-cupia-keskiviikkona\\\/\"},\"author\":{\"name\":\"tbrmedia\",\"@id\":\"https:\\\/\\\/aktialiiga.fi\\\/miehet\\\/#\\\/schema\\\/person\\\/c14bf42f47041db74603c45afcb18d87\"},\"headline\":\"Nelj\u00e4 ottelua Suomen Cupia keskiviikkona\",\"datePublished\":\"2025-09-09T13:12:02+00:00\",\"dateModified\":\"2025-09-10T07:21:39+00:00\",\"mainEntityOfPage\":{\"@id\":\"https:\\\/\\\/aktialiiga.fi\\\/miehet\\\/2025-2026\\\/ennakot\\\/nelja-ottelua-suomen-cupia-keskiviikkona\\\/\"},\"wordCount\":132,\"publisher\":{\"@id\":\"https:\\\/\\\/aktialiiga.fi\\\/miehet\\\/#organization\"},\"image\":{\"@id\":\"https:\\\/\\\/aktialiiga.fi\\\/miehet\\\/2025-2026\\\/ennakot\\\/nelja-ottelua-suomen-cupia-keskiviikkona\\\/#primaryimage\"},\"thumbnailUrl\":\"https:\\\/\\\/i0.wp.com\\\/aktialiiga.fi\\\/miehet\\\/wp-content\\\/uploads\\\/sites\\\/5\\\/2021\\\/12\\\/Suomen_Cup_palkinnot.jpg?fit=1165%2C455&ssl=1\",\"keywords\":[\"\u00c5IFK\",\"Dicken\",\"EIF\",\"SIF\",\"Suomen Cup\"],\"articleSection\":[\"Ennakot\"],\"inLanguage\":\"fi\"},{\"@type\":\"WebPage\",\"@id\":\"https:\\\/\\\/aktialiiga.fi\\\/miehet\\\/2025-2026\\\/ennakot\\\/nelja-ottelua-suomen-cupia-keskiviikkona\\\/\",\"url\":\"https:\\\/\\\/aktialiiga.fi\\\/miehet\\\/2025-2026\\\/ennakot\\\/nelja-ottelua-suomen-cupia-keskiviikkona\\\/\",\"name\":\"Nelj\u00e4 ottelua Suomen Cupia keskiviikkona | K\u00e4sipallon miesten Aktialiiga\",\"isPartOf\":{\"@id\":\"https:\\\/\\\/aktialiiga.fi\\\/miehet\\\/#website\"},\"primaryImageOfPage\":{\"@id\":\"https:\\\/\\\/aktialiiga.fi\\\/miehet\\\/2025-2026\\\/ennakot\\\/nelja-ottelua-suomen-cupia-keskiviikkona\\\/#primaryimage\"},\"image\":{\"@id\":\"https:\\\/\\\/aktialiiga.fi\\\/miehet\\\/2025-2026\\\/ennakot\\\/nelja-ottelua-suomen-cupia-keskiviikkona\\\/#primaryimage\"},\"thumbnailUrl\":\"https:\\\/\\\/i0.wp.com\\\/aktialiiga.fi\\\/miehet\\\/wp-content\\\/uploads\\\/sites\\\/5\\\/2021\\\/12\\\/Suomen_Cup_palkinnot.jpg?fit=1165%2C455&ssl=1\",\"datePublished\":\"2025-09-09T13:12:02+00:00\",\"dateModified\":\"2025-09-10T07:21:39+00:00\",\"breadcrumb\":{\"@id\":\"https:\\\/\\\/aktialiiga.fi\\\/miehet\\\/2025-2026\\\/ennakot\\\/nelja-ottelua-suomen-cupia-keskiviikkona\\\/#breadcrumb\"},\"inLanguage\":\"fi\",\"potentialAction\":[{\"@type\":\"ReadAction\",\"target\":[\"https:\\\/\\\/aktialiiga.fi\\\/miehet\\\/2025-2026\\\/ennakot\\\/nelja-ottelua-suomen-cupia-keskiviikkona\\\/\"]}]},{\"@type\":\"ImageObject\",\"inLanguage\":\"fi\",\"@id\":\"https:\\\/\\\/aktialiiga.fi\\\/miehet\\\/2025-2026\\\/ennakot\\\/nelja-ottelua-suomen-cupia-keskiviikkona\\\/#primaryimage\",\"url\":\"https:\\\/\\\/i0.wp.com\\\/aktialiiga.fi\\\/miehet\\\/wp-content\\\/uploads\\\/sites\\\/5\\\/2021\\\/12\\\/Suomen_Cup_palkinnot.jpg?fit=1165%2C455&ssl=1\",\"contentUrl\":\"https:\\\/\\\/i0.wp.com\\\/aktialiiga.fi\\\/miehet\\\/wp-content\\\/uploads\\\/sites\\\/5\\\/2021\\\/12\\\/Suomen_Cup_palkinnot.jpg?fit=1165%2C455&ssl=1\",\"width\":1165,\"height\":455,\"caption\":\"Pokaalit k\u00e4sipallon miesten Suomen cupin loppuottelussa BK-46 vs. Dicken, Karjaan urheiluhalli 6.2.2021, klo 18.14.59. (Tomi H\u00e4nninen\\\/Newspix24)\"},{\"@type\":\"BreadcrumbList\",\"@id\":\"https:\\\/\\\/aktialiiga.fi\\\/miehet\\\/2025-2026\\\/ennakot\\\/nelja-ottelua-suomen-cupia-keskiviikkona\\\/#breadcrumb\",\"itemListElement\":[{\"@type\":\"ListItem\",\"position\":1,\"name\":\"Etusivu\",\"item\":\"https:\\\/\\\/aktialiiga.fi\\\/miehet\\\/\"},{\"@type\":\"ListItem\",\"position\":2,\"name\":\"Nelj\u00e4 ottelua Suomen Cupia keskiviikkona\"}]},{\"@type\":\"WebSite\",\"@id\":\"https:\\\/\\\/aktialiiga.fi\\\/miehet\\\/#website\",\"url\":\"https:\\\/\\\/aktialiiga.fi\\\/miehet\\\/\",\"name\":\"K\u00e4sipallon miesten Aktialiiga\",\"description\":\"Valtakunnan vauhdikkainta palloilua!\",\"publisher\":{\"@id\":\"https:\\\/\\\/aktialiiga.fi\\\/miehet\\\/#organization\"},\"potentialAction\":[{\"@type\":\"SearchAction\",\"target\":{\"@type\":\"EntryPoint\",\"urlTemplate\":\"https:\\\/\\\/aktialiiga.fi\\\/miehet\\\/?s={search_term_string}\"},\"query-input\":{\"@type\":\"PropertyValueSpecification\",\"valueRequired\":true,\"valueName\":\"search_term_string\"}}],\"inLanguage\":\"fi\"},{\"@type\":\"Organization\",\"@id\":\"https:\\\/\\\/aktialiiga.fi\\\/miehet\\\/#organization\",\"name\":\"K\u00e4sipallon miesten Aktialiiga\",\"url\":\"https:\\\/\\\/aktialiiga.fi\\\/miehet\\\/\",\"logo\":{\"@type\":\"ImageObject\",\"inLanguage\":\"fi\",\"@id\":\"https:\\\/\\\/aktialiiga.fi\\\/miehet\\\/#\\\/schema\\\/logo\\\/image\\\/\",\"url\":\"https:\\\/\\\/i0.wp.com\\\/aktialiiga.fi\\\/miehet\\\/wp-content\\\/uploads\\\/sites\\\/5\\\/2024\\\/09\\\/Aktialiiga-Yoast-512.png?fit=512%2C512&ssl=1\",\"contentUrl\":\"https:\\\/\\\/i0.wp.com\\\/aktialiiga.fi\\\/miehet\\\/wp-content\\\/uploads\\\/sites\\\/5\\\/2024\\\/09\\\/Aktialiiga-Yoast-512.png?fit=512%2C512&ssl=1\",\"width\":512,\"height\":512,\"caption\":\"K\u00e4sipallon miesten Aktialiiga\"},\"image\":{\"@id\":\"https:\\\/\\\/aktialiiga.fi\\\/miehet\\\/#\\\/schema\\\/logo\\\/image\\\/\"},\"sameAs\":[\"https:\\\/\\\/www.facebook.com\\\/finnhandball\",\"https:\\\/\\\/x.com\\\/finnhandball\",\"https:\\\/\\\/www.instagram.com\\\/handballfinland\\\/\"]},{\"@type\":\"Person\",\"@id\":\"https:\\\/\\\/aktialiiga.fi\\\/miehet\\\/#\\\/schema\\\/person\\\/c14bf42f47041db74603c45afcb18d87\",\"name\":\"tbrmedia\",\"image\":{\"@type\":\"ImageObject\",\"inLanguage\":\"fi\",\"@id\":\"https:\\\/\\\/secure.gravatar.com\\\/avatar\\\/ee975fa091fe581d12b60debb3439022686618368a7c142044c56724d4666b16?s=96&d=mm&r=g\",\"url\":\"https:\\\/\\\/secure.gravatar.com\\\/avatar\\\/ee975fa091fe581d12b60debb3439022686618368a7c142044c56724d4666b16?s=96&d=mm&r=g\",\"contentUrl\":\"https:\\\/\\\/secure.gravatar.com\\\/avatar\\\/ee975fa091fe581d12b60debb3439022686618368a7c142044c56724d4666b16?s=96&d=mm&r=g\",\"caption\":\"tbrmedia\"}}]}<\/script>\n<!-- \/ Yoast SEO plugin. -->","yoast_head_json":{"title":"Nelj\u00e4 ottelua Suomen Cupia keskiviikkona | K\u00e4sipallon miesten Aktialiiga","robots":{"index":"index","follow":"follow","max-snippet":"max-snippet:-1","max-image-preview":"max-image-preview:large","max-video-preview":"max-video-preview:-1"},"canonical":"https:\/\/aktialiiga.fi\/miehet\/2025-2026\/ennakot\/nelja-ottelua-suomen-cupia-keskiviikkona\/","og_locale":"fi_FI","og_type":"article","og_title":"Nelj\u00e4 ottelua Suomen Cupia keskiviikkona | K\u00e4sipallon miesten Aktialiiga","og_description":"Suomen Cupin lohkovaihe jatkuu keskiviikkona 10.9. nelj\u00e4ll\u00e4 ottelulla eli joka lohkossa on ohjelmassa yksi ottelu. Syyskuun ensimm\u00e4isell\u00e4 viikolla pelattujen cupin lohkovaiheen avausotteluiden tapaan tulessa on nelj\u00e4 Aktialiigajoukkuetta \u2013 eli ne jotka eiv\u00e4t viime viikolla pelanneet \u2013 ja cupin s\u00e4\u00e4nt\u00f6jen mukaan kaikki vieraskent\u00e4ll\u00e4. \u201dVieraskentt\u00e4\u201d ei tosin koske varsinaisesti Dickeni\u00e4, joka kohtaa j\u00e4sentenv\u00e4lisess\u00e4 Dicken Akademin. \u00c5IFK puolestaan [&hellip;]","og_url":"https:\/\/aktialiiga.fi\/miehet\/2025-2026\/ennakot\/nelja-ottelua-suomen-cupia-keskiviikkona\/","og_site_name":"K\u00e4sipallon miesten Aktialiiga","article_publisher":"https:\/\/www.facebook.com\/finnhandball","article_published_time":"2025-09-09T13:12:02+00:00","article_modified_time":"2025-09-10T07:21:39+00:00","og_image":[{"width":1165,"height":455,"url":"https:\/\/i0.wp.com\/aktialiiga.fi\/miehet\/wp-content\/uploads\/sites\/5\/2021\/12\/Suomen_Cup_palkinnot.jpg?fit=1165%2C455&ssl=1","type":"image\/jpeg"}],"author":"tbrmedia","twitter_card":"summary_large_image","twitter_creator":"@finnhandball","twitter_site":"@finnhandball","schema":{"@context":"https:\/\/schema.org","@graph":[{"@type":"Article","@id":"https:\/\/aktialiiga.fi\/miehet\/2025-2026\/ennakot\/nelja-ottelua-suomen-cupia-keskiviikkona\/#article","isPartOf":{"@id":"https:\/\/aktialiiga.fi\/miehet\/2025-2026\/ennakot\/nelja-ottelua-suomen-cupia-keskiviikkona\/"},"author":{"name":"tbrmedia","@id":"https:\/\/aktialiiga.fi\/miehet\/#\/schema\/person\/c14bf42f47041db74603c45afcb18d87"},"headline":"Nelj\u00e4 ottelua Suomen Cupia keskiviikkona","datePublished":"2025-09-09T13:12:02+00:00","dateModified":"2025-09-10T07:21:39+00:00","mainEntityOfPage":{"@id":"https:\/\/aktialiiga.fi\/miehet\/2025-2026\/ennakot\/nelja-ottelua-suomen-cupia-keskiviikkona\/"},"wordCount":132,"publisher":{"@id":"https:\/\/aktialiiga.fi\/miehet\/#organization"},"image":{"@id":"https:\/\/aktialiiga.fi\/miehet\/2025-2026\/ennakot\/nelja-ottelua-suomen-cupia-keskiviikkona\/#primaryimage"},"thumbnailUrl":"https:\/\/i0.wp.com\/aktialiiga.fi\/miehet\/wp-content\/uploads\/sites\/5\/2021\/12\/Suomen_Cup_palkinnot.jpg?fit=1165%2C455&ssl=1","keywords":["\u00c5IFK","Dicken","EIF","SIF","Suomen Cup"],"articleSection":["Ennakot"],"inLanguage":"fi"},{"@type":"WebPage","@id":"https:\/\/aktialiiga.fi\/miehet\/2025-2026\/ennakot\/nelja-ottelua-suomen-cupia-keskiviikkona\/","url":"https:\/\/aktialiiga.fi\/miehet\/2025-2026\/ennakot\/nelja-ottelua-suomen-cupia-keskiviikkona\/","name":"Nelj\u00e4 ottelua Suomen Cupia keskiviikkona | K\u00e4sipallon miesten Aktialiiga","isPartOf":{"@id":"https:\/\/aktialiiga.fi\/miehet\/#website"},"primaryImageOfPage":{"@id":"https:\/\/aktialiiga.fi\/miehet\/2025-2026\/ennakot\/nelja-ottelua-suomen-cupia-keskiviikkona\/#primaryimage"},"image":{"@id":"https:\/\/aktialiiga.fi\/miehet\/2025-2026\/ennakot\/nelja-ottelua-suomen-cupia-keskiviikkona\/#primaryimage"},"thumbnailUrl":"https:\/\/i0.wp.com\/aktialiiga.fi\/miehet\/wp-content\/uploads\/sites\/5\/2021\/12\/Suomen_Cup_palkinnot.jpg?fit=1165%2C455&ssl=1","datePublished":"2025-09-09T13:12:02+00:00","dateModified":"2025-09-10T07:21:39+00:00","breadcrumb":{"@id":"https:\/\/aktialiiga.fi\/miehet\/2025-2026\/ennakot\/nelja-ottelua-suomen-cupia-keskiviikkona\/#breadcrumb"},"inLanguage":"fi","potentialAction":[{"@type":"ReadAction","target":["https:\/\/aktialiiga.fi\/miehet\/2025-2026\/ennakot\/nelja-ottelua-suomen-cupia-keskiviikkona\/"]}]},{"@type":"ImageObject","inLanguage":"fi","@id":"https:\/\/aktialiiga.fi\/miehet\/2025-2026\/ennakot\/nelja-ottelua-suomen-cupia-keskiviikkona\/#primaryimage","url":"https:\/\/i0.wp.com\/aktialiiga.fi\/miehet\/wp-content\/uploads\/sites\/5\/2021\/12\/Suomen_Cup_palkinnot.jpg?fit=1165%2C455&ssl=1","contentUrl":"https:\/\/i0.wp.com\/aktialiiga.fi\/miehet\/wp-content\/uploads\/sites\/5\/2021\/12\/Suomen_Cup_palkinnot.jpg?fit=1165%2C455&ssl=1","width":1165,"height":455,"caption":"Pokaalit k\u00e4sipallon miesten Suomen cupin loppuottelussa BK-46 vs. Dicken, Karjaan urheiluhalli 6.2.2021, klo 18.14.59. (Tomi H\u00e4nninen\/Newspix24)"},{"@type":"BreadcrumbList","@id":"https:\/\/aktialiiga.fi\/miehet\/2025-2026\/ennakot\/nelja-ottelua-suomen-cupia-keskiviikkona\/#breadcrumb","itemListElement":[{"@type":"ListItem","position":1,"name":"Etusivu","item":"https:\/\/aktialiiga.fi\/miehet\/"},{"@type":"ListItem","position":2,"name":"Nelj\u00e4 ottelua Suomen Cupia keskiviikkona"}]},{"@type":"WebSite","@id":"https:\/\/aktialiiga.fi\/miehet\/#website","url":"https:\/\/aktialiiga.fi\/miehet\/","name":"K\u00e4sipallon miesten Aktialiiga","description":"Valtakunnan vauhdikkainta palloilua!","publisher":{"@id":"https:\/\/aktialiiga.fi\/miehet\/#organization"},"potentialAction":[{"@type":"SearchAction","target":{"@type":"EntryPoint","urlTemplate":"https:\/\/aktialiiga.fi\/miehet\/?s={search_term_string}"},"query-input":{"@type":"PropertyValueSpecification","valueRequired":true,"valueName":"search_term_string"}}],"inLanguage":"fi"},{"@type":"Organization","@id":"https:\/\/aktialiiga.fi\/miehet\/#organization","name":"K\u00e4sipallon miesten Aktialiiga","url":"https:\/\/aktialiiga.fi\/miehet\/","logo":{"@type":"ImageObject","inLanguage":"fi","@id":"https:\/\/aktialiiga.fi\/miehet\/#\/schema\/logo\/image\/","url":"https:\/\/i0.wp.com\/aktialiiga.fi\/miehet\/wp-content\/uploads\/sites\/5\/2024\/09\/Aktialiiga-Yoast-512.png?fit=512%2C512&ssl=1","contentUrl":"https:\/\/i0.wp.com\/aktialiiga.fi\/miehet\/wp-content\/uploads\/sites\/5\/2024\/09\/Aktialiiga-Yoast-512.png?fit=512%2C512&ssl=1","width":512,"height":512,"caption":"K\u00e4sipallon miesten Aktialiiga"},"image":{"@id":"https:\/\/aktialiiga.fi\/miehet\/#\/schema\/logo\/image\/"},"sameAs":["https:\/\/www.facebook.com\/finnhandball","https:\/\/x.com\/finnhandball","https:\/\/www.instagram.com\/handballfinland\/"]},{"@type":"Person","@id":"https:\/\/aktialiiga.fi\/miehet\/#\/schema\/person\/c14bf42f47041db74603c45afcb18d87","name":"tbrmedia","image":{"@type":"ImageObject","inLanguage":"fi","@id":"https:\/\/secure.gravatar.com\/avatar\/ee975fa091fe581d12b60debb3439022686618368a7c142044c56724d4666b16?s=96&d=mm&r=g","url":"https:\/\/secure.gravatar.com\/avatar\/ee975fa091fe581d12b60debb3439022686618368a7c142044c56724d4666b16?s=96&d=mm&r=g","contentUrl":"https:\/\/secure.gravatar.com\/avatar\/ee975fa091fe581d12b60debb3439022686618368a7c142044c56724d4666b16?s=96&d=mm&r=g","caption":"tbrmedia"}}]}},"jetpack_featured_media_url":"https:\/\/i0.wp.com\/aktialiiga.fi\/miehet\/wp-content\/uploads\/sites\/5\/2021\/12\/Suomen_Cup_palkinnot.jpg?fit=1165%2C455&ssl=1","jetpack_sharing_enabled":true,"jetpack_shortlink":"https:\/\/wp.me\/pfTxOr-h8q","_links":{"self":[{"href":"https:\/\/aktialiiga.fi\/miehet\/wp-json\/wp\/v2\/posts\/65870","targetHints":{"allow":["GET"]}}],"collection":[{"href":"https:\/\/aktialiiga.fi\/miehet\/wp-json\/wp\/v2\/posts"}],"about":[{"href":"https:\/\/aktialiiga.fi\/miehet\/wp-json\/wp\/v2\/types\/post"}],"author":[{"embeddable":true,"href":"https:\/\/aktialiiga.fi\/miehet\/wp-json\/wp\/v2\/users\/13"}],"replies":[{"embeddable":true,"href":"https:\/\/aktialiiga.fi\/miehet\/wp-json\/wp\/v2\/comments?post=65870"}],"version-history":[{"count":2,"href":"https:\/\/aktialiiga.fi\/miehet\/wp-json\/wp\/v2\/posts\/65870\/revisions"}],"predecessor-version":[{"id":65877,"href":"https:\/\/aktialiiga.fi\/miehet\/wp-json\/wp\/v2\/posts\/65870\/revisions\/65877"}],"wp:featuredmedia":[{"embeddable":true,"href":"https:\/\/aktialiiga.fi\/miehet\/wp-json\/wp\/v2\/media\/31393"}],"wp:attachment":[{"href":"https:\/\/aktialiiga.fi\/miehet\/wp-json\/wp\/v2\/media?parent=65870"}],"wp:term":[{"taxonomy":"category","embeddable":true,"href":"https:\/\/aktialiiga.fi\/miehet\/wp-json\/wp\/v2\/categories?post=65870"},{"taxonomy":"post_tag","embeddable":true,"href":"https:\/\/aktialiiga.fi\/miehet\/wp-json\/wp\/v2\/tags?post=65870"}],"curies":[{"name":"wp","href":"https:\/\/api.w.org\/{rel}","templated":true}]}}