{"id":65888,"date":"2025-09-12T12:06:30","date_gmt":"2025-09-12T09:06:30","guid":{"rendered":"https:\/\/aktialiiga.fi\/miehet\/?p=65888"},"modified":"2025-09-11T21:07:01","modified_gmt":"2025-09-11T18:07:01","slug":"tiukka-lauantai-edessa-aktialiigassa","status":"publish","type":"post","link":"https:\/\/aktialiiga.fi\/miehet\/2025-2026\/ennakot\/tiukka-lauantai-edessa-aktialiigassa\/","title":{"rendered":"Tiukka lauantai edess\u00e4 Aktialiigassa"},"content":{"rendered":"<p>Aktialiigan viikonloppu tiivistyy lauantain loppuiltap\u00e4iv\u00e4\u00e4n, jolloin tunnin sis\u00e4ll\u00e4 k\u00e4ynnistyy kolme kovaa koitosta.<\/p>\n<p>Kello 16 alkavissa otteluissa hallitseva mestari Cocks saa vastaansa sarjatulokas EIF:n ja Karjaalla kohtaavat V\u00e4stnylandsderbyss\u00e4 voitokkaasti kautensa avanneet BK-46 ja SIF.<\/p>\n<p>&#8211; On hauska p\u00e4\u00e4st\u00e4 pelaamaan kotona ja viel\u00e4 derbyss\u00e4 SIF:aa vastaan. He ovat panostaneet ja tehneet hankintoja, joten edess\u00e4 voi todellakin olla tosi hyv\u00e4 ottelu, BK-luotsi Andreas R\u00f6nnberg ennakoi V\u00e4straa Nylandille.<\/p>\n<p>Cocksin ja EIF:n kohtaaminen kallistuu ennakkoon vahvasti kotijoukkueelle, joka haki avausottelussa voiton \u00c5IFK:sta EIF:n p\u00e4\u00e4sarjapaluun k\u00e4\u00e4nnytty\u00e4 selke\u00e4ksi tappioksi HIFK:lle.<\/p>\n<p>&#8211; Alku oli meille kova, mutta antakaa meille hiukan aikaa. Kuukauden p\u00e4\u00e4st\u00e4 pelimme voi n\u00e4ytt\u00e4\u00e4 ihan toisen n\u00e4k\u00f6iselt\u00e4. Edess\u00e4 on viel\u00e4 paljon otteluita, muistuttaa EIF:n georgialaisvahvistus Goga Urmelidze, joka heitti avausottelussa komeat yhdeks\u00e4n maalia.<\/p>\n<p>Tuntia edellisotteluita my\u00f6hemmin k\u00e4ynnistyy Kamratderby HIFK \u2013 GrIFK Helsingin Urheilutalolla. Ottelusta odotetaan intensiivist\u00e4 ja tunteikasta \u2013 joukkueet tuntevat toisensa hyvin, ja kohtaamiset ovat perinteisesti olleet tasaisia ja vauhdikkaita. Viime kauden lopuksi Grani sai pronssiset mitalit itselleen pienimm\u00e4ll\u00e4 mahdollisella marginaalilla, kun HIFK kaatui maalin erolla ratkaisevassa ottelussa.<\/p>\n<p><strong>Aktialiiga lauantaina 13.9.:<\/strong><br \/>\n16.00 Cocks \u2013 EIF<br \/>\n16.00 BK-46 \u2013 SIF<br \/>\n17.00 HIFK \u2013 GrIFK<\/p>\n<p>Aktialiigan kauden kaikki ottelut suorina l\u00e4hetyksin\u00e4 <strong><a href=\"https:\/\/aktialiiga.fi\/handistv\/\">HandisTV:ss\u00e4<\/a><\/strong>.<\/p>\n","protected":false},"excerpt":{"rendered":"<p>Aktialiigan viikonloppu tiivistyy lauantain loppuiltap\u00e4iv\u00e4\u00e4n, jolloin tunnin sis\u00e4ll\u00e4 k\u00e4ynnistyy kolme kovaa koitosta. Kello 16 alkavissa otteluissa hallitseva mestari Cocks saa vastaansa sarjatulokas EIF:n ja Karjaalla kohtaavat V\u00e4stnylandsderbyss\u00e4 voitokkaasti kautensa avanneet BK-46 ja SIF. &#8211; On hauska p\u00e4\u00e4st\u00e4 pelaamaan kotona ja viel\u00e4 derbyss\u00e4 SIF:aa vastaan. He ovat panostaneet ja tehneet hankintoja, joten edess\u00e4 voi todellakin olla [&hellip;]<\/p>\n","protected":false},"author":13,"featured_media":61225,"comment_status":"closed","ping_status":"closed","sticky":false,"template":"","format":"standard","meta":{"_acf_changed":false,"jetpack_post_was_ever_published":false,"_jetpack_newsletter_access":"","_jetpack_dont_email_post_to_subs":false,"_jetpack_newsletter_tier_id":0,"_jetpack_memberships_contains_paywalled_content":false,"_jetpack_memberships_contains_paid_content":false,"footnotes":""},"categories":[358],"tags":[56,57,60,64,71,111],"class_list":["post-65888","post","type-post","status-publish","format-standard","has-post-thumbnail","hentry","category-ennakot","tag-bk-46","tag-cocks","tag-eif","tag-grifk","tag-hifk","tag-sif"],"acf":[],"yoast_head":"<!-- This site is optimized with the Yoast SEO plugin v27.5 - https:\/\/yoast.com\/product\/yoast-seo-wordpress\/ -->\n<title>Tiukka lauantai edess\u00e4 Aktialiigassa | K\u00e4sipallon miesten Aktialiiga<\/title>\n<meta name=\"robots\" content=\"index, follow, max-snippet:-1, max-image-preview:large, max-video-preview:-1\" \/>\n<link rel=\"canonical\" href=\"https:\/\/aktialiiga.fi\/miehet\/2025-2026\/ennakot\/tiukka-lauantai-edessa-aktialiigassa\/\" \/>\n<meta property=\"og:locale\" content=\"fi_FI\" \/>\n<meta property=\"og:type\" content=\"article\" \/>\n<meta property=\"og:title\" content=\"Tiukka lauantai edess\u00e4 Aktialiigassa | K\u00e4sipallon miesten Aktialiiga\" \/>\n<meta property=\"og:description\" content=\"Aktialiigan viikonloppu tiivistyy lauantain loppuiltap\u00e4iv\u00e4\u00e4n, jolloin tunnin sis\u00e4ll\u00e4 k\u00e4ynnistyy kolme kovaa koitosta. Kello 16 alkavissa otteluissa hallitseva mestari Cocks saa vastaansa sarjatulokas EIF:n ja Karjaalla kohtaavat V\u00e4stnylandsderbyss\u00e4 voitokkaasti kautensa avanneet BK-46 ja SIF. &#8211; On hauska p\u00e4\u00e4st\u00e4 pelaamaan kotona ja viel\u00e4 derbyss\u00e4 SIF:aa vastaan. He ovat panostaneet ja tehneet hankintoja, joten edess\u00e4 voi todellakin olla [&hellip;]\" \/>\n<meta property=\"og:url\" content=\"https:\/\/aktialiiga.fi\/miehet\/2025-2026\/ennakot\/tiukka-lauantai-edessa-aktialiigassa\/\" \/>\n<meta property=\"og:site_name\" content=\"K\u00e4sipallon miesten Aktialiiga\" \/>\n<meta property=\"article:publisher\" content=\"https:\/\/www.facebook.com\/finnhandball\" \/>\n<meta property=\"article:published_time\" content=\"2025-09-12T09:06:30+00:00\" \/>\n<meta property=\"og:image\" content=\"https:\/\/i0.wp.com\/aktialiiga.fi\/miehet\/wp-content\/uploads\/sites\/5\/2024\/09\/BK46_Ronnberg_Andreas_2425.jpg?fit=1988%2C1179&ssl=1\" \/>\n\t<meta property=\"og:image:width\" content=\"1988\" \/>\n\t<meta property=\"og:image:height\" content=\"1179\" \/>\n\t<meta property=\"og:image:type\" content=\"image\/jpeg\" \/>\n<meta name=\"author\" content=\"tbrmedia\" \/>\n<meta name=\"twitter:card\" content=\"summary_large_image\" \/>\n<meta name=\"twitter:creator\" content=\"@finnhandball\" \/>\n<meta name=\"twitter:site\" content=\"@finnhandball\" \/>\n<script type=\"application\/ld+json\" class=\"yoast-schema-graph\">{\"@context\":\"https:\\\/\\\/schema.org\",\"@graph\":[{\"@type\":\"Article\",\"@id\":\"https:\\\/\\\/aktialiiga.fi\\\/miehet\\\/2025-2026\\\/ennakot\\\/tiukka-lauantai-edessa-aktialiigassa\\\/#article\",\"isPartOf\":{\"@id\":\"https:\\\/\\\/aktialiiga.fi\\\/miehet\\\/2025-2026\\\/ennakot\\\/tiukka-lauantai-edessa-aktialiigassa\\\/\"},\"author\":{\"name\":\"tbrmedia\",\"@id\":\"https:\\\/\\\/aktialiiga.fi\\\/miehet\\\/#\\\/schema\\\/person\\\/c14bf42f47041db74603c45afcb18d87\"},\"headline\":\"Tiukka lauantai edess\u00e4 Aktialiigassa\",\"datePublished\":\"2025-09-12T09:06:30+00:00\",\"mainEntityOfPage\":{\"@id\":\"https:\\\/\\\/aktialiiga.fi\\\/miehet\\\/2025-2026\\\/ennakot\\\/tiukka-lauantai-edessa-aktialiigassa\\\/\"},\"wordCount\":207,\"publisher\":{\"@id\":\"https:\\\/\\\/aktialiiga.fi\\\/miehet\\\/#organization\"},\"image\":{\"@id\":\"https:\\\/\\\/aktialiiga.fi\\\/miehet\\\/2025-2026\\\/ennakot\\\/tiukka-lauantai-edessa-aktialiigassa\\\/#primaryimage\"},\"thumbnailUrl\":\"https:\\\/\\\/i0.wp.com\\\/aktialiiga.fi\\\/miehet\\\/wp-content\\\/uploads\\\/sites\\\/5\\\/2024\\\/09\\\/BK46_Ronnberg_Andreas_2425.jpg?fit=1988%2C1179&ssl=1\",\"keywords\":[\"BK-46\",\"Cocks\",\"EIF\",\"GrIFK\",\"HIFK\",\"SIF\"],\"articleSection\":[\"Ennakot\"],\"inLanguage\":\"fi\"},{\"@type\":\"WebPage\",\"@id\":\"https:\\\/\\\/aktialiiga.fi\\\/miehet\\\/2025-2026\\\/ennakot\\\/tiukka-lauantai-edessa-aktialiigassa\\\/\",\"url\":\"https:\\\/\\\/aktialiiga.fi\\\/miehet\\\/2025-2026\\\/ennakot\\\/tiukka-lauantai-edessa-aktialiigassa\\\/\",\"name\":\"Tiukka lauantai edess\u00e4 Aktialiigassa | K\u00e4sipallon miesten Aktialiiga\",\"isPartOf\":{\"@id\":\"https:\\\/\\\/aktialiiga.fi\\\/miehet\\\/#website\"},\"primaryImageOfPage\":{\"@id\":\"https:\\\/\\\/aktialiiga.fi\\\/miehet\\\/2025-2026\\\/ennakot\\\/tiukka-lauantai-edessa-aktialiigassa\\\/#primaryimage\"},\"image\":{\"@id\":\"https:\\\/\\\/aktialiiga.fi\\\/miehet\\\/2025-2026\\\/ennakot\\\/tiukka-lauantai-edessa-aktialiigassa\\\/#primaryimage\"},\"thumbnailUrl\":\"https:\\\/\\\/i0.wp.com\\\/aktialiiga.fi\\\/miehet\\\/wp-content\\\/uploads\\\/sites\\\/5\\\/2024\\\/09\\\/BK46_Ronnberg_Andreas_2425.jpg?fit=1988%2C1179&ssl=1\",\"datePublished\":\"2025-09-12T09:06:30+00:00\",\"breadcrumb\":{\"@id\":\"https:\\\/\\\/aktialiiga.fi\\\/miehet\\\/2025-2026\\\/ennakot\\\/tiukka-lauantai-edessa-aktialiigassa\\\/#breadcrumb\"},\"inLanguage\":\"fi\",\"potentialAction\":[{\"@type\":\"ReadAction\",\"target\":[\"https:\\\/\\\/aktialiiga.fi\\\/miehet\\\/2025-2026\\\/ennakot\\\/tiukka-lauantai-edessa-aktialiigassa\\\/\"]}]},{\"@type\":\"ImageObject\",\"inLanguage\":\"fi\",\"@id\":\"https:\\\/\\\/aktialiiga.fi\\\/miehet\\\/2025-2026\\\/ennakot\\\/tiukka-lauantai-edessa-aktialiigassa\\\/#primaryimage\",\"url\":\"https:\\\/\\\/i0.wp.com\\\/aktialiiga.fi\\\/miehet\\\/wp-content\\\/uploads\\\/sites\\\/5\\\/2024\\\/09\\\/BK46_Ronnberg_Andreas_2425.jpg?fit=1988%2C1179&ssl=1\",\"contentUrl\":\"https:\\\/\\\/i0.wp.com\\\/aktialiiga.fi\\\/miehet\\\/wp-content\\\/uploads\\\/sites\\\/5\\\/2024\\\/09\\\/BK46_Ronnberg_Andreas_2425.jpg?fit=1988%2C1179&ssl=1\",\"width\":1988,\"height\":1179,\"caption\":\"BK46_R\u00f6nnberg_Andreas\"},{\"@type\":\"BreadcrumbList\",\"@id\":\"https:\\\/\\\/aktialiiga.fi\\\/miehet\\\/2025-2026\\\/ennakot\\\/tiukka-lauantai-edessa-aktialiigassa\\\/#breadcrumb\",\"itemListElement\":[{\"@type\":\"ListItem\",\"position\":1,\"name\":\"Etusivu\",\"item\":\"https:\\\/\\\/aktialiiga.fi\\\/miehet\\\/\"},{\"@type\":\"ListItem\",\"position\":2,\"name\":\"Tiukka lauantai edess\u00e4 Aktialiigassa\"}]},{\"@type\":\"WebSite\",\"@id\":\"https:\\\/\\\/aktialiiga.fi\\\/miehet\\\/#website\",\"url\":\"https:\\\/\\\/aktialiiga.fi\\\/miehet\\\/\",\"name\":\"K\u00e4sipallon miesten Aktialiiga\",\"description\":\"Valtakunnan vauhdikkainta palloilua!\",\"publisher\":{\"@id\":\"https:\\\/\\\/aktialiiga.fi\\\/miehet\\\/#organization\"},\"potentialAction\":[{\"@type\":\"SearchAction\",\"target\":{\"@type\":\"EntryPoint\",\"urlTemplate\":\"https:\\\/\\\/aktialiiga.fi\\\/miehet\\\/?s={search_term_string}\"},\"query-input\":{\"@type\":\"PropertyValueSpecification\",\"valueRequired\":true,\"valueName\":\"search_term_string\"}}],\"inLanguage\":\"fi\"},{\"@type\":\"Organization\",\"@id\":\"https:\\\/\\\/aktialiiga.fi\\\/miehet\\\/#organization\",\"name\":\"K\u00e4sipallon miesten Aktialiiga\",\"url\":\"https:\\\/\\\/aktialiiga.fi\\\/miehet\\\/\",\"logo\":{\"@type\":\"ImageObject\",\"inLanguage\":\"fi\",\"@id\":\"https:\\\/\\\/aktialiiga.fi\\\/miehet\\\/#\\\/schema\\\/logo\\\/image\\\/\",\"url\":\"https:\\\/\\\/i0.wp.com\\\/aktialiiga.fi\\\/miehet\\\/wp-content\\\/uploads\\\/sites\\\/5\\\/2024\\\/09\\\/Aktialiiga-Yoast-512.png?fit=512%2C512&ssl=1\",\"contentUrl\":\"https:\\\/\\\/i0.wp.com\\\/aktialiiga.fi\\\/miehet\\\/wp-content\\\/uploads\\\/sites\\\/5\\\/2024\\\/09\\\/Aktialiiga-Yoast-512.png?fit=512%2C512&ssl=1\",\"width\":512,\"height\":512,\"caption\":\"K\u00e4sipallon miesten Aktialiiga\"},\"image\":{\"@id\":\"https:\\\/\\\/aktialiiga.fi\\\/miehet\\\/#\\\/schema\\\/logo\\\/image\\\/\"},\"sameAs\":[\"https:\\\/\\\/www.facebook.com\\\/finnhandball\",\"https:\\\/\\\/x.com\\\/finnhandball\",\"https:\\\/\\\/www.instagram.com\\\/handballfinland\\\/\"]},{\"@type\":\"Person\",\"@id\":\"https:\\\/\\\/aktialiiga.fi\\\/miehet\\\/#\\\/schema\\\/person\\\/c14bf42f47041db74603c45afcb18d87\",\"name\":\"tbrmedia\",\"image\":{\"@type\":\"ImageObject\",\"inLanguage\":\"fi\",\"@id\":\"https:\\\/\\\/secure.gravatar.com\\\/avatar\\\/ee975fa091fe581d12b60debb3439022686618368a7c142044c56724d4666b16?s=96&d=mm&r=g\",\"url\":\"https:\\\/\\\/secure.gravatar.com\\\/avatar\\\/ee975fa091fe581d12b60debb3439022686618368a7c142044c56724d4666b16?s=96&d=mm&r=g\",\"contentUrl\":\"https:\\\/\\\/secure.gravatar.com\\\/avatar\\\/ee975fa091fe581d12b60debb3439022686618368a7c142044c56724d4666b16?s=96&d=mm&r=g\",\"caption\":\"tbrmedia\"}}]}<\/script>\n<!-- \/ Yoast SEO plugin. -->","yoast_head_json":{"title":"Tiukka lauantai edess\u00e4 Aktialiigassa | K\u00e4sipallon miesten Aktialiiga","robots":{"index":"index","follow":"follow","max-snippet":"max-snippet:-1","max-image-preview":"max-image-preview:large","max-video-preview":"max-video-preview:-1"},"canonical":"https:\/\/aktialiiga.fi\/miehet\/2025-2026\/ennakot\/tiukka-lauantai-edessa-aktialiigassa\/","og_locale":"fi_FI","og_type":"article","og_title":"Tiukka lauantai edess\u00e4 Aktialiigassa | K\u00e4sipallon miesten Aktialiiga","og_description":"Aktialiigan viikonloppu tiivistyy lauantain loppuiltap\u00e4iv\u00e4\u00e4n, jolloin tunnin sis\u00e4ll\u00e4 k\u00e4ynnistyy kolme kovaa koitosta. Kello 16 alkavissa otteluissa hallitseva mestari Cocks saa vastaansa sarjatulokas EIF:n ja Karjaalla kohtaavat V\u00e4stnylandsderbyss\u00e4 voitokkaasti kautensa avanneet BK-46 ja SIF. &#8211; On hauska p\u00e4\u00e4st\u00e4 pelaamaan kotona ja viel\u00e4 derbyss\u00e4 SIF:aa vastaan. He ovat panostaneet ja tehneet hankintoja, joten edess\u00e4 voi todellakin olla [&hellip;]","og_url":"https:\/\/aktialiiga.fi\/miehet\/2025-2026\/ennakot\/tiukka-lauantai-edessa-aktialiigassa\/","og_site_name":"K\u00e4sipallon miesten Aktialiiga","article_publisher":"https:\/\/www.facebook.com\/finnhandball","article_published_time":"2025-09-12T09:06:30+00:00","og_image":[{"width":1988,"height":1179,"url":"https:\/\/i0.wp.com\/aktialiiga.fi\/miehet\/wp-content\/uploads\/sites\/5\/2024\/09\/BK46_Ronnberg_Andreas_2425.jpg?fit=1988%2C1179&ssl=1","type":"image\/jpeg"}],"author":"tbrmedia","twitter_card":"summary_large_image","twitter_creator":"@finnhandball","twitter_site":"@finnhandball","schema":{"@context":"https:\/\/schema.org","@graph":[{"@type":"Article","@id":"https:\/\/aktialiiga.fi\/miehet\/2025-2026\/ennakot\/tiukka-lauantai-edessa-aktialiigassa\/#article","isPartOf":{"@id":"https:\/\/aktialiiga.fi\/miehet\/2025-2026\/ennakot\/tiukka-lauantai-edessa-aktialiigassa\/"},"author":{"name":"tbrmedia","@id":"https:\/\/aktialiiga.fi\/miehet\/#\/schema\/person\/c14bf42f47041db74603c45afcb18d87"},"headline":"Tiukka lauantai edess\u00e4 Aktialiigassa","datePublished":"2025-09-12T09:06:30+00:00","mainEntityOfPage":{"@id":"https:\/\/aktialiiga.fi\/miehet\/2025-2026\/ennakot\/tiukka-lauantai-edessa-aktialiigassa\/"},"wordCount":207,"publisher":{"@id":"https:\/\/aktialiiga.fi\/miehet\/#organization"},"image":{"@id":"https:\/\/aktialiiga.fi\/miehet\/2025-2026\/ennakot\/tiukka-lauantai-edessa-aktialiigassa\/#primaryimage"},"thumbnailUrl":"https:\/\/i0.wp.com\/aktialiiga.fi\/miehet\/wp-content\/uploads\/sites\/5\/2024\/09\/BK46_Ronnberg_Andreas_2425.jpg?fit=1988%2C1179&ssl=1","keywords":["BK-46","Cocks","EIF","GrIFK","HIFK","SIF"],"articleSection":["Ennakot"],"inLanguage":"fi"},{"@type":"WebPage","@id":"https:\/\/aktialiiga.fi\/miehet\/2025-2026\/ennakot\/tiukka-lauantai-edessa-aktialiigassa\/","url":"https:\/\/aktialiiga.fi\/miehet\/2025-2026\/ennakot\/tiukka-lauantai-edessa-aktialiigassa\/","name":"Tiukka lauantai edess\u00e4 Aktialiigassa | K\u00e4sipallon miesten Aktialiiga","isPartOf":{"@id":"https:\/\/aktialiiga.fi\/miehet\/#website"},"primaryImageOfPage":{"@id":"https:\/\/aktialiiga.fi\/miehet\/2025-2026\/ennakot\/tiukka-lauantai-edessa-aktialiigassa\/#primaryimage"},"image":{"@id":"https:\/\/aktialiiga.fi\/miehet\/2025-2026\/ennakot\/tiukka-lauantai-edessa-aktialiigassa\/#primaryimage"},"thumbnailUrl":"https:\/\/i0.wp.com\/aktialiiga.fi\/miehet\/wp-content\/uploads\/sites\/5\/2024\/09\/BK46_Ronnberg_Andreas_2425.jpg?fit=1988%2C1179&ssl=1","datePublished":"2025-09-12T09:06:30+00:00","breadcrumb":{"@id":"https:\/\/aktialiiga.fi\/miehet\/2025-2026\/ennakot\/tiukka-lauantai-edessa-aktialiigassa\/#breadcrumb"},"inLanguage":"fi","potentialAction":[{"@type":"ReadAction","target":["https:\/\/aktialiiga.fi\/miehet\/2025-2026\/ennakot\/tiukka-lauantai-edessa-aktialiigassa\/"]}]},{"@type":"ImageObject","inLanguage":"fi","@id":"https:\/\/aktialiiga.fi\/miehet\/2025-2026\/ennakot\/tiukka-lauantai-edessa-aktialiigassa\/#primaryimage","url":"https:\/\/i0.wp.com\/aktialiiga.fi\/miehet\/wp-content\/uploads\/sites\/5\/2024\/09\/BK46_Ronnberg_Andreas_2425.jpg?fit=1988%2C1179&ssl=1","contentUrl":"https:\/\/i0.wp.com\/aktialiiga.fi\/miehet\/wp-content\/uploads\/sites\/5\/2024\/09\/BK46_Ronnberg_Andreas_2425.jpg?fit=1988%2C1179&ssl=1","width":1988,"height":1179,"caption":"BK46_R\u00f6nnberg_Andreas"},{"@type":"BreadcrumbList","@id":"https:\/\/aktialiiga.fi\/miehet\/2025-2026\/ennakot\/tiukka-lauantai-edessa-aktialiigassa\/#breadcrumb","itemListElement":[{"@type":"ListItem","position":1,"name":"Etusivu","item":"https:\/\/aktialiiga.fi\/miehet\/"},{"@type":"ListItem","position":2,"name":"Tiukka lauantai edess\u00e4 Aktialiigassa"}]},{"@type":"WebSite","@id":"https:\/\/aktialiiga.fi\/miehet\/#website","url":"https:\/\/aktialiiga.fi\/miehet\/","name":"K\u00e4sipallon miesten Aktialiiga","description":"Valtakunnan vauhdikkainta palloilua!","publisher":{"@id":"https:\/\/aktialiiga.fi\/miehet\/#organization"},"potentialAction":[{"@type":"SearchAction","target":{"@type":"EntryPoint","urlTemplate":"https:\/\/aktialiiga.fi\/miehet\/?s={search_term_string}"},"query-input":{"@type":"PropertyValueSpecification","valueRequired":true,"valueName":"search_term_string"}}],"inLanguage":"fi"},{"@type":"Organization","@id":"https:\/\/aktialiiga.fi\/miehet\/#organization","name":"K\u00e4sipallon miesten Aktialiiga","url":"https:\/\/aktialiiga.fi\/miehet\/","logo":{"@type":"ImageObject","inLanguage":"fi","@id":"https:\/\/aktialiiga.fi\/miehet\/#\/schema\/logo\/image\/","url":"https:\/\/i0.wp.com\/aktialiiga.fi\/miehet\/wp-content\/uploads\/sites\/5\/2024\/09\/Aktialiiga-Yoast-512.png?fit=512%2C512&ssl=1","contentUrl":"https:\/\/i0.wp.com\/aktialiiga.fi\/miehet\/wp-content\/uploads\/sites\/5\/2024\/09\/Aktialiiga-Yoast-512.png?fit=512%2C512&ssl=1","width":512,"height":512,"caption":"K\u00e4sipallon miesten Aktialiiga"},"image":{"@id":"https:\/\/aktialiiga.fi\/miehet\/#\/schema\/logo\/image\/"},"sameAs":["https:\/\/www.facebook.com\/finnhandball","https:\/\/x.com\/finnhandball","https:\/\/www.instagram.com\/handballfinland\/"]},{"@type":"Person","@id":"https:\/\/aktialiiga.fi\/miehet\/#\/schema\/person\/c14bf42f47041db74603c45afcb18d87","name":"tbrmedia","image":{"@type":"ImageObject","inLanguage":"fi","@id":"https:\/\/secure.gravatar.com\/avatar\/ee975fa091fe581d12b60debb3439022686618368a7c142044c56724d4666b16?s=96&d=mm&r=g","url":"https:\/\/secure.gravatar.com\/avatar\/ee975fa091fe581d12b60debb3439022686618368a7c142044c56724d4666b16?s=96&d=mm&r=g","contentUrl":"https:\/\/secure.gravatar.com\/avatar\/ee975fa091fe581d12b60debb3439022686618368a7c142044c56724d4666b16?s=96&d=mm&r=g","caption":"tbrmedia"}}]}},"jetpack_featured_media_url":"https:\/\/i0.wp.com\/aktialiiga.fi\/miehet\/wp-content\/uploads\/sites\/5\/2024\/09\/BK46_Ronnberg_Andreas_2425.jpg?fit=1988%2C1179&ssl=1","jetpack_sharing_enabled":true,"jetpack_shortlink":"https:\/\/wp.me\/pfTxOr-h8I","_links":{"self":[{"href":"https:\/\/aktialiiga.fi\/miehet\/wp-json\/wp\/v2\/posts\/65888","targetHints":{"allow":["GET"]}}],"collection":[{"href":"https:\/\/aktialiiga.fi\/miehet\/wp-json\/wp\/v2\/posts"}],"about":[{"href":"https:\/\/aktialiiga.fi\/miehet\/wp-json\/wp\/v2\/types\/post"}],"author":[{"embeddable":true,"href":"https:\/\/aktialiiga.fi\/miehet\/wp-json\/wp\/v2\/users\/13"}],"replies":[{"embeddable":true,"href":"https:\/\/aktialiiga.fi\/miehet\/wp-json\/wp\/v2\/comments?post=65888"}],"version-history":[{"count":3,"href":"https:\/\/aktialiiga.fi\/miehet\/wp-json\/wp\/v2\/posts\/65888\/revisions"}],"predecessor-version":[{"id":65939,"href":"https:\/\/aktialiiga.fi\/miehet\/wp-json\/wp\/v2\/posts\/65888\/revisions\/65939"}],"wp:featuredmedia":[{"embeddable":true,"href":"https:\/\/aktialiiga.fi\/miehet\/wp-json\/wp\/v2\/media\/61225"}],"wp:attachment":[{"href":"https:\/\/aktialiiga.fi\/miehet\/wp-json\/wp\/v2\/media?parent=65888"}],"wp:term":[{"taxonomy":"category","embeddable":true,"href":"https:\/\/aktialiiga.fi\/miehet\/wp-json\/wp\/v2\/categories?post=65888"},{"taxonomy":"post_tag","embeddable":true,"href":"https:\/\/aktialiiga.fi\/miehet\/wp-json\/wp\/v2\/tags?post=65888"}],"curies":[{"name":"wp","href":"https:\/\/api.w.org\/{rel}","templated":true}]}}