{"id":65917,"date":"2025-09-13T18:29:17","date_gmt":"2025-09-13T15:29:17","guid":{"rendered":"https:\/\/aktialiiga.fi\/miehet\/?p=65917"},"modified":"2025-09-13T18:56:50","modified_gmt":"2025-09-13T15:56:50","slug":"hifk-vei-kamratderbyn-selkein-numeroin","status":"publish","type":"post","link":"https:\/\/aktialiiga.fi\/miehet\/2025-2026\/ottelut\/hifk-vei-kamratderbyn-selkein-numeroin\/","title":{"rendered":"HIFK vei kamratderbyn selkein numeroin"},"content":{"rendered":"<p>HIFK:n hyv\u00e4 alku kaudelle sai jatkoa, kun GrIFK kukistui lauantaisessa kamratderbyss\u00e4 vakuuttavasti.<\/p>\n<p>HIFK otti alkuminuuttien j\u00e4lkeen otteen haltuunsa ja nyk\u00e4isi nopeassa tahdissa viiden maalin johdon. Grani pyrki viel\u00e4 nousemaan peliin mukaan, mutta ero kasvoi taukoon menness\u00e4 kahdeksaan osumaan.<\/p>\n<p>Toisen jakson alku oli tasainen, mutta v\u00e4hitellen HIFK alkoi repi\u00e4 lis\u00e4\u00e4 eroa vieraisiinsa ja johto kasvoi toiselle kymmenelle. HIFK hallitsi ottelua loppuun saakka ja otti kauden toisessa ottelussaan toisen suurinumeroisen voiton.<\/p>\n<p>HIFK:n p\u00e4\u00e4valmentaja Robin Karlsson oli esitykseen kokonaisuudessaan arvattavan tyytyv\u00e4inen.<\/p>\n<p>&#8211; Kotiavauksesta saatiin kaksi pistett\u00e4 kuten suunniteltiin, ja olen oikein tyytyv\u00e4inen tapaan mill\u00e4 ty\u00f6t t\u00e4n\u00e4\u00e4n hoidettiin. Koko jengi juoksi hyvin matsin loppuun asti, mik\u00e4 oli tavoitteenakin.<\/p>\n<p>&#8211; Muutama tekninen virhe viel\u00e4 pois omasta tekemisest\u00e4 niin peli n\u00e4ytt\u00e4isi koutsinkin silmiin oikein hyv\u00e4lt\u00e4, Karlsson heitti.<\/p>\n<p>GrIFK:n p\u00e4\u00e4valmentaja Anthony Hellakosken mietteet olivat sen sijaan huomattavasti synkempi\u00e4.<\/p>\n<p>&#8211; T\u00e4n\u00e4\u00e4n puolustuspelimme oli l\u00e4hell\u00e4 katastrofia. Sovittuja asioita ei saatu toteutettua, eik\u00e4 omia hy\u00f6kk\u00e4yksi\u00e4 saatu vauhtiin, kun pallo oli melkein joka kerta omassa h\u00e4kiss\u00e4, Hellakoski manasi.<\/p>\n<p>&#8211; K\u00e4yt\u00e4nn\u00f6ss\u00e4 kaikki 25 maalia tehtiin pitkist\u00e4 asemahy\u00f6kk\u00e4yksist\u00e4, mik\u00e4 oli tyydytt\u00e4v\u00e4 tulos, mutta nopeita vastaiskuja olisi tarvittu paljon enemm\u00e4n.<\/p>\n<p>Ottelun parhaana pelaajana palkittiin kauden todella vahvasti avannut HIFK:n Jooa Knaapinen.<\/p>\n<p>&#8211; Tuloksena oli vahingossa v\u00e4h\u00e4n suurempikin voitto mit\u00e4 oltiin asetettu tavoitteeksi. Basaricin punainen kortti toisen jakson alussa avasi Granin puolustuksen, ja saimme entist\u00e4 paremmin tilaa maalintekoon. Joukkueen hyv\u00e4 latautuminen n\u00e4kyi t\u00e4n\u00e4\u00e4n hyv\u00e4n\u00e4 suorituksenakin, Knaapinen kertasi.<\/p>\n","protected":false},"excerpt":{"rendered":"<p>HIFK:n hyv\u00e4 alku kaudelle sai jatkoa, kun GrIFK kukistui lauantaisessa kamratderbyss\u00e4 vakuuttavasti. HIFK otti alkuminuuttien j\u00e4lkeen otteen haltuunsa ja nyk\u00e4isi nopeassa tahdissa viiden maalin johdon. Grani pyrki viel\u00e4 nousemaan peliin mukaan, mutta ero kasvoi taukoon menness\u00e4 kahdeksaan osumaan. Toisen jakson alku oli tasainen, mutta v\u00e4hitellen HIFK alkoi repi\u00e4 lis\u00e4\u00e4 eroa vieraisiinsa ja johto kasvoi toiselle [&hellip;]<\/p>\n","protected":false},"author":13,"featured_media":61891,"comment_status":"closed","ping_status":"closed","sticky":false,"template":"","format":"standard","meta":{"_acf_changed":false,"jetpack_post_was_ever_published":false,"_jetpack_newsletter_access":"","_jetpack_dont_email_post_to_subs":false,"_jetpack_newsletter_tier_id":0,"_jetpack_memberships_contains_paywalled_content":false,"_jetpack_memberships_contains_paid_content":false,"footnotes":""},"categories":[361],"tags":[64,71],"class_list":["post-65917","post","type-post","status-publish","format-standard","has-post-thumbnail","hentry","category-ottelut","tag-grifk","tag-hifk"],"acf":[],"yoast_head":"<!-- This site is optimized with the Yoast SEO plugin v27.5 - https:\/\/yoast.com\/product\/yoast-seo-wordpress\/ -->\n<title>HIFK vei kamratderbyn selkein numeroin | K\u00e4sipallon miesten Aktialiiga<\/title>\n<meta name=\"robots\" content=\"index, follow, max-snippet:-1, max-image-preview:large, max-video-preview:-1\" \/>\n<link rel=\"canonical\" href=\"https:\/\/aktialiiga.fi\/miehet\/2025-2026\/ottelut\/hifk-vei-kamratderbyn-selkein-numeroin\/\" \/>\n<meta property=\"og:locale\" content=\"fi_FI\" \/>\n<meta property=\"og:type\" content=\"article\" \/>\n<meta property=\"og:title\" content=\"HIFK vei kamratderbyn selkein numeroin | K\u00e4sipallon miesten Aktialiiga\" \/>\n<meta property=\"og:description\" content=\"HIFK:n hyv\u00e4 alku kaudelle sai jatkoa, kun GrIFK kukistui lauantaisessa kamratderbyss\u00e4 vakuuttavasti. HIFK otti alkuminuuttien j\u00e4lkeen otteen haltuunsa ja nyk\u00e4isi nopeassa tahdissa viiden maalin johdon. Grani pyrki viel\u00e4 nousemaan peliin mukaan, mutta ero kasvoi taukoon menness\u00e4 kahdeksaan osumaan. Toisen jakson alku oli tasainen, mutta v\u00e4hitellen HIFK alkoi repi\u00e4 lis\u00e4\u00e4 eroa vieraisiinsa ja johto kasvoi toiselle [&hellip;]\" \/>\n<meta property=\"og:url\" content=\"https:\/\/aktialiiga.fi\/miehet\/2025-2026\/ottelut\/hifk-vei-kamratderbyn-selkein-numeroin\/\" \/>\n<meta property=\"og:site_name\" content=\"K\u00e4sipallon miesten Aktialiiga\" \/>\n<meta property=\"article:publisher\" content=\"https:\/\/www.facebook.com\/finnhandball\" \/>\n<meta property=\"article:published_time\" content=\"2025-09-13T15:29:17+00:00\" \/>\n<meta property=\"article:modified_time\" content=\"2025-09-13T15:56:50+00:00\" \/>\n<meta property=\"og:image\" content=\"https:\/\/i0.wp.com\/aktialiiga.fi\/miehet\/wp-content\/uploads\/sites\/5\/2024\/10\/A7306294-Forbattrat-BR-1-scaled.jpg?fit=2560%2C1707&ssl=1\" \/>\n\t<meta property=\"og:image:width\" content=\"2560\" \/>\n\t<meta property=\"og:image:height\" content=\"1707\" \/>\n\t<meta property=\"og:image:type\" content=\"image\/jpeg\" \/>\n<meta name=\"author\" content=\"tbrmedia\" \/>\n<meta name=\"twitter:card\" content=\"summary_large_image\" \/>\n<meta name=\"twitter:creator\" content=\"@finnhandball\" \/>\n<meta name=\"twitter:site\" content=\"@finnhandball\" \/>\n<script type=\"application\/ld+json\" class=\"yoast-schema-graph\">{\"@context\":\"https:\\\/\\\/schema.org\",\"@graph\":[{\"@type\":\"Article\",\"@id\":\"https:\\\/\\\/aktialiiga.fi\\\/miehet\\\/2025-2026\\\/ottelut\\\/hifk-vei-kamratderbyn-selkein-numeroin\\\/#article\",\"isPartOf\":{\"@id\":\"https:\\\/\\\/aktialiiga.fi\\\/miehet\\\/2025-2026\\\/ottelut\\\/hifk-vei-kamratderbyn-selkein-numeroin\\\/\"},\"author\":{\"name\":\"tbrmedia\",\"@id\":\"https:\\\/\\\/aktialiiga.fi\\\/miehet\\\/#\\\/schema\\\/person\\\/c14bf42f47041db74603c45afcb18d87\"},\"headline\":\"HIFK vei kamratderbyn selkein numeroin\",\"datePublished\":\"2025-09-13T15:29:17+00:00\",\"dateModified\":\"2025-09-13T15:56:50+00:00\",\"mainEntityOfPage\":{\"@id\":\"https:\\\/\\\/aktialiiga.fi\\\/miehet\\\/2025-2026\\\/ottelut\\\/hifk-vei-kamratderbyn-selkein-numeroin\\\/\"},\"wordCount\":262,\"publisher\":{\"@id\":\"https:\\\/\\\/aktialiiga.fi\\\/miehet\\\/#organization\"},\"image\":{\"@id\":\"https:\\\/\\\/aktialiiga.fi\\\/miehet\\\/2025-2026\\\/ottelut\\\/hifk-vei-kamratderbyn-selkein-numeroin\\\/#primaryimage\"},\"thumbnailUrl\":\"https:\\\/\\\/i0.wp.com\\\/aktialiiga.fi\\\/miehet\\\/wp-content\\\/uploads\\\/sites\\\/5\\\/2024\\\/10\\\/A7306294-Forbattrat-BR-1-scaled.jpg?fit=2560%2C1707&ssl=1\",\"keywords\":[\"GrIFK\",\"HIFK\"],\"articleSection\":[\"Ottelut 2025-26\"],\"inLanguage\":\"fi\"},{\"@type\":\"WebPage\",\"@id\":\"https:\\\/\\\/aktialiiga.fi\\\/miehet\\\/2025-2026\\\/ottelut\\\/hifk-vei-kamratderbyn-selkein-numeroin\\\/\",\"url\":\"https:\\\/\\\/aktialiiga.fi\\\/miehet\\\/2025-2026\\\/ottelut\\\/hifk-vei-kamratderbyn-selkein-numeroin\\\/\",\"name\":\"HIFK vei kamratderbyn selkein numeroin | K\u00e4sipallon miesten Aktialiiga\",\"isPartOf\":{\"@id\":\"https:\\\/\\\/aktialiiga.fi\\\/miehet\\\/#website\"},\"primaryImageOfPage\":{\"@id\":\"https:\\\/\\\/aktialiiga.fi\\\/miehet\\\/2025-2026\\\/ottelut\\\/hifk-vei-kamratderbyn-selkein-numeroin\\\/#primaryimage\"},\"image\":{\"@id\":\"https:\\\/\\\/aktialiiga.fi\\\/miehet\\\/2025-2026\\\/ottelut\\\/hifk-vei-kamratderbyn-selkein-numeroin\\\/#primaryimage\"},\"thumbnailUrl\":\"https:\\\/\\\/i0.wp.com\\\/aktialiiga.fi\\\/miehet\\\/wp-content\\\/uploads\\\/sites\\\/5\\\/2024\\\/10\\\/A7306294-Forbattrat-BR-1-scaled.jpg?fit=2560%2C1707&ssl=1\",\"datePublished\":\"2025-09-13T15:29:17+00:00\",\"dateModified\":\"2025-09-13T15:56:50+00:00\",\"breadcrumb\":{\"@id\":\"https:\\\/\\\/aktialiiga.fi\\\/miehet\\\/2025-2026\\\/ottelut\\\/hifk-vei-kamratderbyn-selkein-numeroin\\\/#breadcrumb\"},\"inLanguage\":\"fi\",\"potentialAction\":[{\"@type\":\"ReadAction\",\"target\":[\"https:\\\/\\\/aktialiiga.fi\\\/miehet\\\/2025-2026\\\/ottelut\\\/hifk-vei-kamratderbyn-selkein-numeroin\\\/\"]}]},{\"@type\":\"ImageObject\",\"inLanguage\":\"fi\",\"@id\":\"https:\\\/\\\/aktialiiga.fi\\\/miehet\\\/2025-2026\\\/ottelut\\\/hifk-vei-kamratderbyn-selkein-numeroin\\\/#primaryimage\",\"url\":\"https:\\\/\\\/i0.wp.com\\\/aktialiiga.fi\\\/miehet\\\/wp-content\\\/uploads\\\/sites\\\/5\\\/2024\\\/10\\\/A7306294-Forbattrat-BR-1-scaled.jpg?fit=2560%2C1707&ssl=1\",\"contentUrl\":\"https:\\\/\\\/i0.wp.com\\\/aktialiiga.fi\\\/miehet\\\/wp-content\\\/uploads\\\/sites\\\/5\\\/2024\\\/10\\\/A7306294-Forbattrat-BR-1-scaled.jpg?fit=2560%2C1707&ssl=1\",\"width\":2560,\"height\":1707,\"caption\":\"Jooa Knaapinen, HIFK\"},{\"@type\":\"BreadcrumbList\",\"@id\":\"https:\\\/\\\/aktialiiga.fi\\\/miehet\\\/2025-2026\\\/ottelut\\\/hifk-vei-kamratderbyn-selkein-numeroin\\\/#breadcrumb\",\"itemListElement\":[{\"@type\":\"ListItem\",\"position\":1,\"name\":\"Etusivu\",\"item\":\"https:\\\/\\\/aktialiiga.fi\\\/miehet\\\/\"},{\"@type\":\"ListItem\",\"position\":2,\"name\":\"HIFK vei kamratderbyn selkein numeroin\"}]},{\"@type\":\"WebSite\",\"@id\":\"https:\\\/\\\/aktialiiga.fi\\\/miehet\\\/#website\",\"url\":\"https:\\\/\\\/aktialiiga.fi\\\/miehet\\\/\",\"name\":\"K\u00e4sipallon miesten Aktialiiga\",\"description\":\"Valtakunnan vauhdikkainta palloilua!\",\"publisher\":{\"@id\":\"https:\\\/\\\/aktialiiga.fi\\\/miehet\\\/#organization\"},\"potentialAction\":[{\"@type\":\"SearchAction\",\"target\":{\"@type\":\"EntryPoint\",\"urlTemplate\":\"https:\\\/\\\/aktialiiga.fi\\\/miehet\\\/?s={search_term_string}\"},\"query-input\":{\"@type\":\"PropertyValueSpecification\",\"valueRequired\":true,\"valueName\":\"search_term_string\"}}],\"inLanguage\":\"fi\"},{\"@type\":\"Organization\",\"@id\":\"https:\\\/\\\/aktialiiga.fi\\\/miehet\\\/#organization\",\"name\":\"K\u00e4sipallon miesten Aktialiiga\",\"url\":\"https:\\\/\\\/aktialiiga.fi\\\/miehet\\\/\",\"logo\":{\"@type\":\"ImageObject\",\"inLanguage\":\"fi\",\"@id\":\"https:\\\/\\\/aktialiiga.fi\\\/miehet\\\/#\\\/schema\\\/logo\\\/image\\\/\",\"url\":\"https:\\\/\\\/i0.wp.com\\\/aktialiiga.fi\\\/miehet\\\/wp-content\\\/uploads\\\/sites\\\/5\\\/2024\\\/09\\\/Aktialiiga-Yoast-512.png?fit=512%2C512&ssl=1\",\"contentUrl\":\"https:\\\/\\\/i0.wp.com\\\/aktialiiga.fi\\\/miehet\\\/wp-content\\\/uploads\\\/sites\\\/5\\\/2024\\\/09\\\/Aktialiiga-Yoast-512.png?fit=512%2C512&ssl=1\",\"width\":512,\"height\":512,\"caption\":\"K\u00e4sipallon miesten Aktialiiga\"},\"image\":{\"@id\":\"https:\\\/\\\/aktialiiga.fi\\\/miehet\\\/#\\\/schema\\\/logo\\\/image\\\/\"},\"sameAs\":[\"https:\\\/\\\/www.facebook.com\\\/finnhandball\",\"https:\\\/\\\/x.com\\\/finnhandball\",\"https:\\\/\\\/www.instagram.com\\\/handballfinland\\\/\"]},{\"@type\":\"Person\",\"@id\":\"https:\\\/\\\/aktialiiga.fi\\\/miehet\\\/#\\\/schema\\\/person\\\/c14bf42f47041db74603c45afcb18d87\",\"name\":\"tbrmedia\",\"image\":{\"@type\":\"ImageObject\",\"inLanguage\":\"fi\",\"@id\":\"https:\\\/\\\/secure.gravatar.com\\\/avatar\\\/ee975fa091fe581d12b60debb3439022686618368a7c142044c56724d4666b16?s=96&d=mm&r=g\",\"url\":\"https:\\\/\\\/secure.gravatar.com\\\/avatar\\\/ee975fa091fe581d12b60debb3439022686618368a7c142044c56724d4666b16?s=96&d=mm&r=g\",\"contentUrl\":\"https:\\\/\\\/secure.gravatar.com\\\/avatar\\\/ee975fa091fe581d12b60debb3439022686618368a7c142044c56724d4666b16?s=96&d=mm&r=g\",\"caption\":\"tbrmedia\"}}]}<\/script>\n<!-- \/ Yoast SEO plugin. -->","yoast_head_json":{"title":"HIFK vei kamratderbyn selkein numeroin | K\u00e4sipallon miesten Aktialiiga","robots":{"index":"index","follow":"follow","max-snippet":"max-snippet:-1","max-image-preview":"max-image-preview:large","max-video-preview":"max-video-preview:-1"},"canonical":"https:\/\/aktialiiga.fi\/miehet\/2025-2026\/ottelut\/hifk-vei-kamratderbyn-selkein-numeroin\/","og_locale":"fi_FI","og_type":"article","og_title":"HIFK vei kamratderbyn selkein numeroin | K\u00e4sipallon miesten Aktialiiga","og_description":"HIFK:n hyv\u00e4 alku kaudelle sai jatkoa, kun GrIFK kukistui lauantaisessa kamratderbyss\u00e4 vakuuttavasti. HIFK otti alkuminuuttien j\u00e4lkeen otteen haltuunsa ja nyk\u00e4isi nopeassa tahdissa viiden maalin johdon. Grani pyrki viel\u00e4 nousemaan peliin mukaan, mutta ero kasvoi taukoon menness\u00e4 kahdeksaan osumaan. Toisen jakson alku oli tasainen, mutta v\u00e4hitellen HIFK alkoi repi\u00e4 lis\u00e4\u00e4 eroa vieraisiinsa ja johto kasvoi toiselle [&hellip;]","og_url":"https:\/\/aktialiiga.fi\/miehet\/2025-2026\/ottelut\/hifk-vei-kamratderbyn-selkein-numeroin\/","og_site_name":"K\u00e4sipallon miesten Aktialiiga","article_publisher":"https:\/\/www.facebook.com\/finnhandball","article_published_time":"2025-09-13T15:29:17+00:00","article_modified_time":"2025-09-13T15:56:50+00:00","og_image":[{"width":2560,"height":1707,"url":"https:\/\/i0.wp.com\/aktialiiga.fi\/miehet\/wp-content\/uploads\/sites\/5\/2024\/10\/A7306294-Forbattrat-BR-1-scaled.jpg?fit=2560%2C1707&ssl=1","type":"image\/jpeg"}],"author":"tbrmedia","twitter_card":"summary_large_image","twitter_creator":"@finnhandball","twitter_site":"@finnhandball","schema":{"@context":"https:\/\/schema.org","@graph":[{"@type":"Article","@id":"https:\/\/aktialiiga.fi\/miehet\/2025-2026\/ottelut\/hifk-vei-kamratderbyn-selkein-numeroin\/#article","isPartOf":{"@id":"https:\/\/aktialiiga.fi\/miehet\/2025-2026\/ottelut\/hifk-vei-kamratderbyn-selkein-numeroin\/"},"author":{"name":"tbrmedia","@id":"https:\/\/aktialiiga.fi\/miehet\/#\/schema\/person\/c14bf42f47041db74603c45afcb18d87"},"headline":"HIFK vei kamratderbyn selkein numeroin","datePublished":"2025-09-13T15:29:17+00:00","dateModified":"2025-09-13T15:56:50+00:00","mainEntityOfPage":{"@id":"https:\/\/aktialiiga.fi\/miehet\/2025-2026\/ottelut\/hifk-vei-kamratderbyn-selkein-numeroin\/"},"wordCount":262,"publisher":{"@id":"https:\/\/aktialiiga.fi\/miehet\/#organization"},"image":{"@id":"https:\/\/aktialiiga.fi\/miehet\/2025-2026\/ottelut\/hifk-vei-kamratderbyn-selkein-numeroin\/#primaryimage"},"thumbnailUrl":"https:\/\/i0.wp.com\/aktialiiga.fi\/miehet\/wp-content\/uploads\/sites\/5\/2024\/10\/A7306294-Forbattrat-BR-1-scaled.jpg?fit=2560%2C1707&ssl=1","keywords":["GrIFK","HIFK"],"articleSection":["Ottelut 2025-26"],"inLanguage":"fi"},{"@type":"WebPage","@id":"https:\/\/aktialiiga.fi\/miehet\/2025-2026\/ottelut\/hifk-vei-kamratderbyn-selkein-numeroin\/","url":"https:\/\/aktialiiga.fi\/miehet\/2025-2026\/ottelut\/hifk-vei-kamratderbyn-selkein-numeroin\/","name":"HIFK vei kamratderbyn selkein numeroin | K\u00e4sipallon miesten Aktialiiga","isPartOf":{"@id":"https:\/\/aktialiiga.fi\/miehet\/#website"},"primaryImageOfPage":{"@id":"https:\/\/aktialiiga.fi\/miehet\/2025-2026\/ottelut\/hifk-vei-kamratderbyn-selkein-numeroin\/#primaryimage"},"image":{"@id":"https:\/\/aktialiiga.fi\/miehet\/2025-2026\/ottelut\/hifk-vei-kamratderbyn-selkein-numeroin\/#primaryimage"},"thumbnailUrl":"https:\/\/i0.wp.com\/aktialiiga.fi\/miehet\/wp-content\/uploads\/sites\/5\/2024\/10\/A7306294-Forbattrat-BR-1-scaled.jpg?fit=2560%2C1707&ssl=1","datePublished":"2025-09-13T15:29:17+00:00","dateModified":"2025-09-13T15:56:50+00:00","breadcrumb":{"@id":"https:\/\/aktialiiga.fi\/miehet\/2025-2026\/ottelut\/hifk-vei-kamratderbyn-selkein-numeroin\/#breadcrumb"},"inLanguage":"fi","potentialAction":[{"@type":"ReadAction","target":["https:\/\/aktialiiga.fi\/miehet\/2025-2026\/ottelut\/hifk-vei-kamratderbyn-selkein-numeroin\/"]}]},{"@type":"ImageObject","inLanguage":"fi","@id":"https:\/\/aktialiiga.fi\/miehet\/2025-2026\/ottelut\/hifk-vei-kamratderbyn-selkein-numeroin\/#primaryimage","url":"https:\/\/i0.wp.com\/aktialiiga.fi\/miehet\/wp-content\/uploads\/sites\/5\/2024\/10\/A7306294-Forbattrat-BR-1-scaled.jpg?fit=2560%2C1707&ssl=1","contentUrl":"https:\/\/i0.wp.com\/aktialiiga.fi\/miehet\/wp-content\/uploads\/sites\/5\/2024\/10\/A7306294-Forbattrat-BR-1-scaled.jpg?fit=2560%2C1707&ssl=1","width":2560,"height":1707,"caption":"Jooa Knaapinen, HIFK"},{"@type":"BreadcrumbList","@id":"https:\/\/aktialiiga.fi\/miehet\/2025-2026\/ottelut\/hifk-vei-kamratderbyn-selkein-numeroin\/#breadcrumb","itemListElement":[{"@type":"ListItem","position":1,"name":"Etusivu","item":"https:\/\/aktialiiga.fi\/miehet\/"},{"@type":"ListItem","position":2,"name":"HIFK vei kamratderbyn selkein numeroin"}]},{"@type":"WebSite","@id":"https:\/\/aktialiiga.fi\/miehet\/#website","url":"https:\/\/aktialiiga.fi\/miehet\/","name":"K\u00e4sipallon miesten Aktialiiga","description":"Valtakunnan vauhdikkainta palloilua!","publisher":{"@id":"https:\/\/aktialiiga.fi\/miehet\/#organization"},"potentialAction":[{"@type":"SearchAction","target":{"@type":"EntryPoint","urlTemplate":"https:\/\/aktialiiga.fi\/miehet\/?s={search_term_string}"},"query-input":{"@type":"PropertyValueSpecification","valueRequired":true,"valueName":"search_term_string"}}],"inLanguage":"fi"},{"@type":"Organization","@id":"https:\/\/aktialiiga.fi\/miehet\/#organization","name":"K\u00e4sipallon miesten Aktialiiga","url":"https:\/\/aktialiiga.fi\/miehet\/","logo":{"@type":"ImageObject","inLanguage":"fi","@id":"https:\/\/aktialiiga.fi\/miehet\/#\/schema\/logo\/image\/","url":"https:\/\/i0.wp.com\/aktialiiga.fi\/miehet\/wp-content\/uploads\/sites\/5\/2024\/09\/Aktialiiga-Yoast-512.png?fit=512%2C512&ssl=1","contentUrl":"https:\/\/i0.wp.com\/aktialiiga.fi\/miehet\/wp-content\/uploads\/sites\/5\/2024\/09\/Aktialiiga-Yoast-512.png?fit=512%2C512&ssl=1","width":512,"height":512,"caption":"K\u00e4sipallon miesten Aktialiiga"},"image":{"@id":"https:\/\/aktialiiga.fi\/miehet\/#\/schema\/logo\/image\/"},"sameAs":["https:\/\/www.facebook.com\/finnhandball","https:\/\/x.com\/finnhandball","https:\/\/www.instagram.com\/handballfinland\/"]},{"@type":"Person","@id":"https:\/\/aktialiiga.fi\/miehet\/#\/schema\/person\/c14bf42f47041db74603c45afcb18d87","name":"tbrmedia","image":{"@type":"ImageObject","inLanguage":"fi","@id":"https:\/\/secure.gravatar.com\/avatar\/ee975fa091fe581d12b60debb3439022686618368a7c142044c56724d4666b16?s=96&d=mm&r=g","url":"https:\/\/secure.gravatar.com\/avatar\/ee975fa091fe581d12b60debb3439022686618368a7c142044c56724d4666b16?s=96&d=mm&r=g","contentUrl":"https:\/\/secure.gravatar.com\/avatar\/ee975fa091fe581d12b60debb3439022686618368a7c142044c56724d4666b16?s=96&d=mm&r=g","caption":"tbrmedia"}}]}},"jetpack_featured_media_url":"https:\/\/i0.wp.com\/aktialiiga.fi\/miehet\/wp-content\/uploads\/sites\/5\/2024\/10\/A7306294-Forbattrat-BR-1-scaled.jpg?fit=2560%2C1707&ssl=1","jetpack_sharing_enabled":true,"jetpack_shortlink":"https:\/\/wp.me\/pfTxOr-h9b","_links":{"self":[{"href":"https:\/\/aktialiiga.fi\/miehet\/wp-json\/wp\/v2\/posts\/65917","targetHints":{"allow":["GET"]}}],"collection":[{"href":"https:\/\/aktialiiga.fi\/miehet\/wp-json\/wp\/v2\/posts"}],"about":[{"href":"https:\/\/aktialiiga.fi\/miehet\/wp-json\/wp\/v2\/types\/post"}],"author":[{"embeddable":true,"href":"https:\/\/aktialiiga.fi\/miehet\/wp-json\/wp\/v2\/users\/13"}],"replies":[{"embeddable":true,"href":"https:\/\/aktialiiga.fi\/miehet\/wp-json\/wp\/v2\/comments?post=65917"}],"version-history":[{"count":3,"href":"https:\/\/aktialiiga.fi\/miehet\/wp-json\/wp\/v2\/posts\/65917\/revisions"}],"predecessor-version":[{"id":65922,"href":"https:\/\/aktialiiga.fi\/miehet\/wp-json\/wp\/v2\/posts\/65917\/revisions\/65922"}],"wp:featuredmedia":[{"embeddable":true,"href":"https:\/\/aktialiiga.fi\/miehet\/wp-json\/wp\/v2\/media\/61891"}],"wp:attachment":[{"href":"https:\/\/aktialiiga.fi\/miehet\/wp-json\/wp\/v2\/media?parent=65917"}],"wp:term":[{"taxonomy":"category","embeddable":true,"href":"https:\/\/aktialiiga.fi\/miehet\/wp-json\/wp\/v2\/categories?post=65917"},{"taxonomy":"post_tag","embeddable":true,"href":"https:\/\/aktialiiga.fi\/miehet\/wp-json\/wp\/v2\/tags?post=65917"}],"curies":[{"name":"wp","href":"https:\/\/api.w.org\/{rel}","templated":true}]}}