{"id":6603,"date":"2014-02-08T16:28:04","date_gmt":"2014-02-08T14:28:04","guid":{"rendered":"http:\/\/www.handisliiga.fi\/?p=6603"},"modified":"2018-04-20T12:54:13","modified_gmt":"2018-04-20T09:54:13","slug":"west-karkasi-aifklta-tauon-jalkeen","status":"publish","type":"post","link":"https:\/\/aktialiiga.fi\/miehet\/2013-2014\/ottelut-2013-2014\/west-karkasi-aifklta-tauon-jalkeen\/","title":{"rendered":"West karkasi \u00c5IFK:lta tauon j\u00e4lkeen"},"content":{"rendered":"<p>HC West ratkaisi lauantaisen SM-liigan ottelun \u00c5IFK:n vieraana edukseen tauon j\u00e4lkeen. Viel\u00e4 avauspuoliskolla is\u00e4nn\u00e4t pysyiv\u00e4t jollain lailla kauniaislaisten tahdissa, mutta toisella 30-minuuttisella West repi selv\u00e4n eron ja loppulukemat kirjattiin 23-35.<!--more--><\/p>\n<p>Alkuun n\u00e4ytti, ett\u00e4 West karkaa omille teilleen heti, sill\u00e4 tilanne kymmenen peliminuutin j\u00e4lkeen oli 2-7. Pidemm\u00e4lle karkumatkalle vieraat eiv\u00e4t kuitenkaan p\u00e4\u00e4sseet ja 23. minuutilla ero oli en\u00e4\u00e4 kaksi maalia. T\u00e4st\u00e4 West venytti kuitenkin taukolukemiksi 10-15.<\/p>\n<div id=\"attachment_6604\" style=\"width: 310px\" class=\"wp-caption alignleft\"><a href=\"https:\/\/i0.wp.com\/aktialiiga.fi\/wp-content\/uploads\/sites\/5\/2014\/02\/Sundberg_Richard_West1314.jpg?ssl=1\"><img data-recalc-dims=\"1\" decoding=\"async\" aria-describedby=\"caption-attachment-6604\" class=\"size-full wp-image-6604 \" alt=\"Kuva: Juha Tamminen\" src=\"https:\/\/i0.wp.com\/aktialiiga.fi\/wp-content\/uploads\/sites\/5\/2014\/02\/Sundberg_Richard_West1314.jpg?resize=300%2C300&#038;ssl=1\" width=\"300\" height=\"300\" srcset=\"https:\/\/i0.wp.com\/aktialiiga.fi\/miehet\/wp-content\/uploads\/sites\/5\/2014\/02\/Sundberg_Richard_West1314.jpg?w=300&amp;ssl=1 300w, https:\/\/i0.wp.com\/aktialiiga.fi\/miehet\/wp-content\/uploads\/sites\/5\/2014\/02\/Sundberg_Richard_West1314.jpg?resize=150%2C150&amp;ssl=1 150w\" sizes=\"(max-width: 300px) 100vw, 300px\" \/><\/a><p id=\"caption-attachment-6604\" class=\"wp-caption-text\">Richard Sundberg palkittiin yhdell\u00e4 t\u00e4hdell\u00e4. Kuva: Juha Tamminen<\/p><\/div>\n<p>Ratkaisu syntyi heti tauon j\u00e4lkeen, kun West vei er\u00e4n alun nimiins\u00e4 7-0. T\u00e4m\u00e4n j\u00e4lkeen ero ei en\u00e4\u00e4 alle kymmeness\u00e4 maalissa k\u00e4ynytk\u00e4\u00e4n ja West lasketteli lopulta varmaan voittoon.<\/p>\n<p>Ottelun vakuuttavimman pelaajan tittelin vei ensimm\u00e4ist\u00e4 otteluaan Westin riveiss\u00e4 pelannut Sergiy Shevchenko, joka jatkoi Akilleksesta tuttua maalitahtiaan takomalla kahdeksan osumaa.<\/p>\n<p>&#8211; Vaikea alku, pelasimme liian hitaasti. Teimme joitain muutoksia toiselle puoliajalle ja pelimme parani, Shevchenko analysoi.<\/p>\n<p>Westin p\u00e4\u00e4valmentaja Mikael K\u00e4llman n\u00e4ki pienten taktisten muutosten toimineen.<\/p>\n<p>&#8211; Olen ihan tyytyv\u00e4inen. Meill\u00e4 oli uusi koostumus niin hy\u00f6kk\u00e4yksess\u00e4 kuin puolustuksessa, mutta se toimi kuitenkin varsin hyvin. Tosin 35 maalista huolimatta meille tulee edelleen liikaa teknisi\u00e4 virheit\u00e4.<\/p>\n<p>\u00c5IFK:n p\u00e4\u00e4valmentaja Ulf Andersson ei l\u00e4htenyt tappiota selittelem\u00e4\u00e4n.<\/p>\n<p>&#8211; Pelimme muuttui, emmek\u00e4 pelanneet kuten oli sovittu. Fyysisesti meid\u00e4n ja Westin v\u00e4lill\u00e4 on iso ero &#8211; me olemme poikia, kun westil\u00e4iset ovat miehi\u00e4, Andersson vertasi.<\/p>\n<p><strong>\u00c5IFK-HC West 23-35 (10-15)<\/strong><\/p>\n<p><em>Yleis\u00f6m\u00e4\u00e4r\u00e4<\/em>: 102<\/p>\n<p><strong>Maalintekij\u00e4t<\/strong>:<br \/>\n\u00c5IFK: Christoffer Nystr\u00f6m 5, Christoffer Sj\u00f6blom 4, Frans Lindholm 4, Andreas Nystr\u00f6m 3, Olli Tamminen 2, Valton Kuusisto 2, Arttu Tamminen 1, Albert Lindholm 1, Brieuc Deloire 1<br \/>\nHC West: Sergiy Shevchenko 8, Richard Sundberg 6, Jani Tuominen 6, Joona Raerinne 4, Sten Toomla 3, Fredrik Forss 3, Benjamin Nyman 2, Anthon Nystr\u00f6m 1, Andreas Genberg 1<\/p>\n<p><strong>Ulosajot<\/strong>:<br \/>\n\u00c5IFK: Olli Tamminen, Valto Kuusisto, Christoffer Nystr\u00f6m<br \/>\nHC West: Anthon Nystr\u00f6m (2), Fredrik Forss (2), Richard Sundberg, Joona Raerinne<\/p>\n<p><strong>L\u00e4hivakuutus-t\u00e4htipelaajat<\/strong>:<br \/>\n* Richard Sundberg<br \/>\n** Jani Tuominen<br \/>\n*** Sergiy Shevchenko<\/p>\n","protected":false},"excerpt":{"rendered":"<p>HC West ratkaisi lauantaisen SM-liigan ottelun \u00c5IFK:n vieraana edukseen tauon j\u00e4lkeen. Viel\u00e4 avauspuoliskolla is\u00e4nn\u00e4t pysyiv\u00e4t jollain lailla kauniaislaisten tahdissa, mutta toisella 30-minuuttisella West repi selv\u00e4n eron ja loppulukemat kirjattiin 23-35.<\/p>\n","protected":false},"author":13,"featured_media":6604,"comment_status":"closed","ping_status":"closed","sticky":false,"template":"","format":"standard","meta":{"_acf_changed":false,"jetpack_post_was_ever_published":false,"_jetpack_newsletter_access":"","_jetpack_dont_email_post_to_subs":false,"_jetpack_newsletter_tier_id":0,"_jetpack_memberships_contains_paywalled_content":false,"_jetpack_memberships_contains_paid_content":false,"footnotes":""},"categories":[21],"tags":[50,68],"class_list":["post-6603","post","type-post","status-publish","format-standard","has-post-thumbnail","hentry","category-ottelut-2013-2014","tag-aifk","tag-hc-west"],"acf":[],"yoast_head":"<!-- This site is optimized with the Yoast SEO plugin v27.5 - https:\/\/yoast.com\/product\/yoast-seo-wordpress\/ -->\n<title>West karkasi \u00c5IFK:lta tauon j\u00e4lkeen | K\u00e4sipallon miesten Aktialiiga<\/title>\n<meta name=\"robots\" content=\"index, follow, max-snippet:-1, max-image-preview:large, max-video-preview:-1\" \/>\n<link rel=\"canonical\" href=\"https:\/\/aktialiiga.fi\/miehet\/2013-2014\/ottelut-2013-2014\/west-karkasi-aifklta-tauon-jalkeen\/\" \/>\n<meta property=\"og:locale\" content=\"fi_FI\" \/>\n<meta property=\"og:type\" content=\"article\" \/>\n<meta property=\"og:title\" content=\"West karkasi \u00c5IFK:lta tauon j\u00e4lkeen | K\u00e4sipallon miesten Aktialiiga\" \/>\n<meta property=\"og:description\" content=\"HC West ratkaisi lauantaisen SM-liigan ottelun \u00c5IFK:n vieraana edukseen tauon j\u00e4lkeen. Viel\u00e4 avauspuoliskolla is\u00e4nn\u00e4t pysyiv\u00e4t jollain lailla kauniaislaisten tahdissa, mutta toisella 30-minuuttisella West repi selv\u00e4n eron ja loppulukemat kirjattiin 23-35.\" \/>\n<meta property=\"og:url\" content=\"https:\/\/aktialiiga.fi\/miehet\/2013-2014\/ottelut-2013-2014\/west-karkasi-aifklta-tauon-jalkeen\/\" \/>\n<meta property=\"og:site_name\" content=\"K\u00e4sipallon miesten Aktialiiga\" \/>\n<meta property=\"article:publisher\" content=\"https:\/\/www.facebook.com\/finnhandball\" \/>\n<meta property=\"article:published_time\" content=\"2014-02-08T14:28:04+00:00\" \/>\n<meta property=\"article:modified_time\" content=\"2018-04-20T09:54:13+00:00\" \/>\n<meta property=\"og:image\" content=\"https:\/\/i0.wp.com\/aktialiiga.fi\/miehet\/wp-content\/uploads\/sites\/5\/2014\/02\/Sundberg_Richard_West1314.jpg?fit=300%2C300&ssl=1\" \/>\n\t<meta property=\"og:image:width\" content=\"300\" \/>\n\t<meta property=\"og:image:height\" content=\"300\" \/>\n\t<meta property=\"og:image:type\" content=\"image\/jpeg\" \/>\n<meta name=\"author\" content=\"tbrmedia\" \/>\n<meta name=\"twitter:card\" content=\"summary_large_image\" \/>\n<meta name=\"twitter:creator\" content=\"@finnhandball\" \/>\n<meta name=\"twitter:site\" content=\"@finnhandball\" \/>\n<script type=\"application\/ld+json\" class=\"yoast-schema-graph\">{\"@context\":\"https:\\\/\\\/schema.org\",\"@graph\":[{\"@type\":\"Article\",\"@id\":\"https:\\\/\\\/aktialiiga.fi\\\/miehet\\\/2013-2014\\\/ottelut-2013-2014\\\/west-karkasi-aifklta-tauon-jalkeen\\\/#article\",\"isPartOf\":{\"@id\":\"https:\\\/\\\/aktialiiga.fi\\\/miehet\\\/2013-2014\\\/ottelut-2013-2014\\\/west-karkasi-aifklta-tauon-jalkeen\\\/\"},\"author\":{\"name\":\"tbrmedia\",\"@id\":\"https:\\\/\\\/aktialiiga.fi\\\/miehet\\\/#\\\/schema\\\/person\\\/c14bf42f47041db74603c45afcb18d87\"},\"headline\":\"West karkasi \u00c5IFK:lta tauon j\u00e4lkeen\",\"datePublished\":\"2014-02-08T14:28:04+00:00\",\"dateModified\":\"2018-04-20T09:54:13+00:00\",\"mainEntityOfPage\":{\"@id\":\"https:\\\/\\\/aktialiiga.fi\\\/miehet\\\/2013-2014\\\/ottelut-2013-2014\\\/west-karkasi-aifklta-tauon-jalkeen\\\/\"},\"wordCount\":334,\"publisher\":{\"@id\":\"https:\\\/\\\/aktialiiga.fi\\\/miehet\\\/#organization\"},\"image\":{\"@id\":\"https:\\\/\\\/aktialiiga.fi\\\/miehet\\\/2013-2014\\\/ottelut-2013-2014\\\/west-karkasi-aifklta-tauon-jalkeen\\\/#primaryimage\"},\"thumbnailUrl\":\"https:\\\/\\\/i0.wp.com\\\/aktialiiga.fi\\\/miehet\\\/wp-content\\\/uploads\\\/sites\\\/5\\\/2014\\\/02\\\/Sundberg_Richard_West1314.jpg?fit=300%2C300&ssl=1\",\"keywords\":[\"\u00c5IFK\",\"HC West\"],\"articleSection\":[\"Ottelut\"],\"inLanguage\":\"fi\"},{\"@type\":\"WebPage\",\"@id\":\"https:\\\/\\\/aktialiiga.fi\\\/miehet\\\/2013-2014\\\/ottelut-2013-2014\\\/west-karkasi-aifklta-tauon-jalkeen\\\/\",\"url\":\"https:\\\/\\\/aktialiiga.fi\\\/miehet\\\/2013-2014\\\/ottelut-2013-2014\\\/west-karkasi-aifklta-tauon-jalkeen\\\/\",\"name\":\"West karkasi \u00c5IFK:lta tauon j\u00e4lkeen | K\u00e4sipallon miesten Aktialiiga\",\"isPartOf\":{\"@id\":\"https:\\\/\\\/aktialiiga.fi\\\/miehet\\\/#website\"},\"primaryImageOfPage\":{\"@id\":\"https:\\\/\\\/aktialiiga.fi\\\/miehet\\\/2013-2014\\\/ottelut-2013-2014\\\/west-karkasi-aifklta-tauon-jalkeen\\\/#primaryimage\"},\"image\":{\"@id\":\"https:\\\/\\\/aktialiiga.fi\\\/miehet\\\/2013-2014\\\/ottelut-2013-2014\\\/west-karkasi-aifklta-tauon-jalkeen\\\/#primaryimage\"},\"thumbnailUrl\":\"https:\\\/\\\/i0.wp.com\\\/aktialiiga.fi\\\/miehet\\\/wp-content\\\/uploads\\\/sites\\\/5\\\/2014\\\/02\\\/Sundberg_Richard_West1314.jpg?fit=300%2C300&ssl=1\",\"datePublished\":\"2014-02-08T14:28:04+00:00\",\"dateModified\":\"2018-04-20T09:54:13+00:00\",\"breadcrumb\":{\"@id\":\"https:\\\/\\\/aktialiiga.fi\\\/miehet\\\/2013-2014\\\/ottelut-2013-2014\\\/west-karkasi-aifklta-tauon-jalkeen\\\/#breadcrumb\"},\"inLanguage\":\"fi\",\"potentialAction\":[{\"@type\":\"ReadAction\",\"target\":[\"https:\\\/\\\/aktialiiga.fi\\\/miehet\\\/2013-2014\\\/ottelut-2013-2014\\\/west-karkasi-aifklta-tauon-jalkeen\\\/\"]}]},{\"@type\":\"ImageObject\",\"inLanguage\":\"fi\",\"@id\":\"https:\\\/\\\/aktialiiga.fi\\\/miehet\\\/2013-2014\\\/ottelut-2013-2014\\\/west-karkasi-aifklta-tauon-jalkeen\\\/#primaryimage\",\"url\":\"https:\\\/\\\/i0.wp.com\\\/aktialiiga.fi\\\/miehet\\\/wp-content\\\/uploads\\\/sites\\\/5\\\/2014\\\/02\\\/Sundberg_Richard_West1314.jpg?fit=300%2C300&ssl=1\",\"contentUrl\":\"https:\\\/\\\/i0.wp.com\\\/aktialiiga.fi\\\/miehet\\\/wp-content\\\/uploads\\\/sites\\\/5\\\/2014\\\/02\\\/Sundberg_Richard_West1314.jpg?fit=300%2C300&ssl=1\",\"width\":300,\"height\":300,\"caption\":\"Kuva: Juha Tamminen\"},{\"@type\":\"BreadcrumbList\",\"@id\":\"https:\\\/\\\/aktialiiga.fi\\\/miehet\\\/2013-2014\\\/ottelut-2013-2014\\\/west-karkasi-aifklta-tauon-jalkeen\\\/#breadcrumb\",\"itemListElement\":[{\"@type\":\"ListItem\",\"position\":1,\"name\":\"Etusivu\",\"item\":\"https:\\\/\\\/aktialiiga.fi\\\/miehet\\\/\"},{\"@type\":\"ListItem\",\"position\":2,\"name\":\"West karkasi \u00c5IFK:lta tauon j\u00e4lkeen\"}]},{\"@type\":\"WebSite\",\"@id\":\"https:\\\/\\\/aktialiiga.fi\\\/miehet\\\/#website\",\"url\":\"https:\\\/\\\/aktialiiga.fi\\\/miehet\\\/\",\"name\":\"K\u00e4sipallon miesten Aktialiiga\",\"description\":\"Valtakunnan vauhdikkainta palloilua!\",\"publisher\":{\"@id\":\"https:\\\/\\\/aktialiiga.fi\\\/miehet\\\/#organization\"},\"potentialAction\":[{\"@type\":\"SearchAction\",\"target\":{\"@type\":\"EntryPoint\",\"urlTemplate\":\"https:\\\/\\\/aktialiiga.fi\\\/miehet\\\/?s={search_term_string}\"},\"query-input\":{\"@type\":\"PropertyValueSpecification\",\"valueRequired\":true,\"valueName\":\"search_term_string\"}}],\"inLanguage\":\"fi\"},{\"@type\":\"Organization\",\"@id\":\"https:\\\/\\\/aktialiiga.fi\\\/miehet\\\/#organization\",\"name\":\"K\u00e4sipallon miesten Aktialiiga\",\"url\":\"https:\\\/\\\/aktialiiga.fi\\\/miehet\\\/\",\"logo\":{\"@type\":\"ImageObject\",\"inLanguage\":\"fi\",\"@id\":\"https:\\\/\\\/aktialiiga.fi\\\/miehet\\\/#\\\/schema\\\/logo\\\/image\\\/\",\"url\":\"https:\\\/\\\/i0.wp.com\\\/aktialiiga.fi\\\/miehet\\\/wp-content\\\/uploads\\\/sites\\\/5\\\/2024\\\/09\\\/Aktialiiga-Yoast-512.png?fit=512%2C512&ssl=1\",\"contentUrl\":\"https:\\\/\\\/i0.wp.com\\\/aktialiiga.fi\\\/miehet\\\/wp-content\\\/uploads\\\/sites\\\/5\\\/2024\\\/09\\\/Aktialiiga-Yoast-512.png?fit=512%2C512&ssl=1\",\"width\":512,\"height\":512,\"caption\":\"K\u00e4sipallon miesten Aktialiiga\"},\"image\":{\"@id\":\"https:\\\/\\\/aktialiiga.fi\\\/miehet\\\/#\\\/schema\\\/logo\\\/image\\\/\"},\"sameAs\":[\"https:\\\/\\\/www.facebook.com\\\/finnhandball\",\"https:\\\/\\\/x.com\\\/finnhandball\",\"https:\\\/\\\/www.instagram.com\\\/handballfinland\\\/\"]},{\"@type\":\"Person\",\"@id\":\"https:\\\/\\\/aktialiiga.fi\\\/miehet\\\/#\\\/schema\\\/person\\\/c14bf42f47041db74603c45afcb18d87\",\"name\":\"tbrmedia\",\"image\":{\"@type\":\"ImageObject\",\"inLanguage\":\"fi\",\"@id\":\"https:\\\/\\\/secure.gravatar.com\\\/avatar\\\/ee975fa091fe581d12b60debb3439022686618368a7c142044c56724d4666b16?s=96&d=mm&r=g\",\"url\":\"https:\\\/\\\/secure.gravatar.com\\\/avatar\\\/ee975fa091fe581d12b60debb3439022686618368a7c142044c56724d4666b16?s=96&d=mm&r=g\",\"contentUrl\":\"https:\\\/\\\/secure.gravatar.com\\\/avatar\\\/ee975fa091fe581d12b60debb3439022686618368a7c142044c56724d4666b16?s=96&d=mm&r=g\",\"caption\":\"tbrmedia\"}}]}<\/script>\n<!-- \/ Yoast SEO plugin. -->","yoast_head_json":{"title":"West karkasi \u00c5IFK:lta tauon j\u00e4lkeen | K\u00e4sipallon miesten Aktialiiga","robots":{"index":"index","follow":"follow","max-snippet":"max-snippet:-1","max-image-preview":"max-image-preview:large","max-video-preview":"max-video-preview:-1"},"canonical":"https:\/\/aktialiiga.fi\/miehet\/2013-2014\/ottelut-2013-2014\/west-karkasi-aifklta-tauon-jalkeen\/","og_locale":"fi_FI","og_type":"article","og_title":"West karkasi \u00c5IFK:lta tauon j\u00e4lkeen | K\u00e4sipallon miesten Aktialiiga","og_description":"HC West ratkaisi lauantaisen SM-liigan ottelun \u00c5IFK:n vieraana edukseen tauon j\u00e4lkeen. Viel\u00e4 avauspuoliskolla is\u00e4nn\u00e4t pysyiv\u00e4t jollain lailla kauniaislaisten tahdissa, mutta toisella 30-minuuttisella West repi selv\u00e4n eron ja loppulukemat kirjattiin 23-35.","og_url":"https:\/\/aktialiiga.fi\/miehet\/2013-2014\/ottelut-2013-2014\/west-karkasi-aifklta-tauon-jalkeen\/","og_site_name":"K\u00e4sipallon miesten Aktialiiga","article_publisher":"https:\/\/www.facebook.com\/finnhandball","article_published_time":"2014-02-08T14:28:04+00:00","article_modified_time":"2018-04-20T09:54:13+00:00","og_image":[{"width":300,"height":300,"url":"https:\/\/i0.wp.com\/aktialiiga.fi\/miehet\/wp-content\/uploads\/sites\/5\/2014\/02\/Sundberg_Richard_West1314.jpg?fit=300%2C300&ssl=1","type":"image\/jpeg"}],"author":"tbrmedia","twitter_card":"summary_large_image","twitter_creator":"@finnhandball","twitter_site":"@finnhandball","schema":{"@context":"https:\/\/schema.org","@graph":[{"@type":"Article","@id":"https:\/\/aktialiiga.fi\/miehet\/2013-2014\/ottelut-2013-2014\/west-karkasi-aifklta-tauon-jalkeen\/#article","isPartOf":{"@id":"https:\/\/aktialiiga.fi\/miehet\/2013-2014\/ottelut-2013-2014\/west-karkasi-aifklta-tauon-jalkeen\/"},"author":{"name":"tbrmedia","@id":"https:\/\/aktialiiga.fi\/miehet\/#\/schema\/person\/c14bf42f47041db74603c45afcb18d87"},"headline":"West karkasi \u00c5IFK:lta tauon j\u00e4lkeen","datePublished":"2014-02-08T14:28:04+00:00","dateModified":"2018-04-20T09:54:13+00:00","mainEntityOfPage":{"@id":"https:\/\/aktialiiga.fi\/miehet\/2013-2014\/ottelut-2013-2014\/west-karkasi-aifklta-tauon-jalkeen\/"},"wordCount":334,"publisher":{"@id":"https:\/\/aktialiiga.fi\/miehet\/#organization"},"image":{"@id":"https:\/\/aktialiiga.fi\/miehet\/2013-2014\/ottelut-2013-2014\/west-karkasi-aifklta-tauon-jalkeen\/#primaryimage"},"thumbnailUrl":"https:\/\/i0.wp.com\/aktialiiga.fi\/miehet\/wp-content\/uploads\/sites\/5\/2014\/02\/Sundberg_Richard_West1314.jpg?fit=300%2C300&ssl=1","keywords":["\u00c5IFK","HC West"],"articleSection":["Ottelut"],"inLanguage":"fi"},{"@type":"WebPage","@id":"https:\/\/aktialiiga.fi\/miehet\/2013-2014\/ottelut-2013-2014\/west-karkasi-aifklta-tauon-jalkeen\/","url":"https:\/\/aktialiiga.fi\/miehet\/2013-2014\/ottelut-2013-2014\/west-karkasi-aifklta-tauon-jalkeen\/","name":"West karkasi \u00c5IFK:lta tauon j\u00e4lkeen | K\u00e4sipallon miesten Aktialiiga","isPartOf":{"@id":"https:\/\/aktialiiga.fi\/miehet\/#website"},"primaryImageOfPage":{"@id":"https:\/\/aktialiiga.fi\/miehet\/2013-2014\/ottelut-2013-2014\/west-karkasi-aifklta-tauon-jalkeen\/#primaryimage"},"image":{"@id":"https:\/\/aktialiiga.fi\/miehet\/2013-2014\/ottelut-2013-2014\/west-karkasi-aifklta-tauon-jalkeen\/#primaryimage"},"thumbnailUrl":"https:\/\/i0.wp.com\/aktialiiga.fi\/miehet\/wp-content\/uploads\/sites\/5\/2014\/02\/Sundberg_Richard_West1314.jpg?fit=300%2C300&ssl=1","datePublished":"2014-02-08T14:28:04+00:00","dateModified":"2018-04-20T09:54:13+00:00","breadcrumb":{"@id":"https:\/\/aktialiiga.fi\/miehet\/2013-2014\/ottelut-2013-2014\/west-karkasi-aifklta-tauon-jalkeen\/#breadcrumb"},"inLanguage":"fi","potentialAction":[{"@type":"ReadAction","target":["https:\/\/aktialiiga.fi\/miehet\/2013-2014\/ottelut-2013-2014\/west-karkasi-aifklta-tauon-jalkeen\/"]}]},{"@type":"ImageObject","inLanguage":"fi","@id":"https:\/\/aktialiiga.fi\/miehet\/2013-2014\/ottelut-2013-2014\/west-karkasi-aifklta-tauon-jalkeen\/#primaryimage","url":"https:\/\/i0.wp.com\/aktialiiga.fi\/miehet\/wp-content\/uploads\/sites\/5\/2014\/02\/Sundberg_Richard_West1314.jpg?fit=300%2C300&ssl=1","contentUrl":"https:\/\/i0.wp.com\/aktialiiga.fi\/miehet\/wp-content\/uploads\/sites\/5\/2014\/02\/Sundberg_Richard_West1314.jpg?fit=300%2C300&ssl=1","width":300,"height":300,"caption":"Kuva: Juha Tamminen"},{"@type":"BreadcrumbList","@id":"https:\/\/aktialiiga.fi\/miehet\/2013-2014\/ottelut-2013-2014\/west-karkasi-aifklta-tauon-jalkeen\/#breadcrumb","itemListElement":[{"@type":"ListItem","position":1,"name":"Etusivu","item":"https:\/\/aktialiiga.fi\/miehet\/"},{"@type":"ListItem","position":2,"name":"West karkasi \u00c5IFK:lta tauon j\u00e4lkeen"}]},{"@type":"WebSite","@id":"https:\/\/aktialiiga.fi\/miehet\/#website","url":"https:\/\/aktialiiga.fi\/miehet\/","name":"K\u00e4sipallon miesten Aktialiiga","description":"Valtakunnan vauhdikkainta palloilua!","publisher":{"@id":"https:\/\/aktialiiga.fi\/miehet\/#organization"},"potentialAction":[{"@type":"SearchAction","target":{"@type":"EntryPoint","urlTemplate":"https:\/\/aktialiiga.fi\/miehet\/?s={search_term_string}"},"query-input":{"@type":"PropertyValueSpecification","valueRequired":true,"valueName":"search_term_string"}}],"inLanguage":"fi"},{"@type":"Organization","@id":"https:\/\/aktialiiga.fi\/miehet\/#organization","name":"K\u00e4sipallon miesten Aktialiiga","url":"https:\/\/aktialiiga.fi\/miehet\/","logo":{"@type":"ImageObject","inLanguage":"fi","@id":"https:\/\/aktialiiga.fi\/miehet\/#\/schema\/logo\/image\/","url":"https:\/\/i0.wp.com\/aktialiiga.fi\/miehet\/wp-content\/uploads\/sites\/5\/2024\/09\/Aktialiiga-Yoast-512.png?fit=512%2C512&ssl=1","contentUrl":"https:\/\/i0.wp.com\/aktialiiga.fi\/miehet\/wp-content\/uploads\/sites\/5\/2024\/09\/Aktialiiga-Yoast-512.png?fit=512%2C512&ssl=1","width":512,"height":512,"caption":"K\u00e4sipallon miesten Aktialiiga"},"image":{"@id":"https:\/\/aktialiiga.fi\/miehet\/#\/schema\/logo\/image\/"},"sameAs":["https:\/\/www.facebook.com\/finnhandball","https:\/\/x.com\/finnhandball","https:\/\/www.instagram.com\/handballfinland\/"]},{"@type":"Person","@id":"https:\/\/aktialiiga.fi\/miehet\/#\/schema\/person\/c14bf42f47041db74603c45afcb18d87","name":"tbrmedia","image":{"@type":"ImageObject","inLanguage":"fi","@id":"https:\/\/secure.gravatar.com\/avatar\/ee975fa091fe581d12b60debb3439022686618368a7c142044c56724d4666b16?s=96&d=mm&r=g","url":"https:\/\/secure.gravatar.com\/avatar\/ee975fa091fe581d12b60debb3439022686618368a7c142044c56724d4666b16?s=96&d=mm&r=g","contentUrl":"https:\/\/secure.gravatar.com\/avatar\/ee975fa091fe581d12b60debb3439022686618368a7c142044c56724d4666b16?s=96&d=mm&r=g","caption":"tbrmedia"}}]}},"jetpack_featured_media_url":"https:\/\/i0.wp.com\/aktialiiga.fi\/miehet\/wp-content\/uploads\/sites\/5\/2014\/02\/Sundberg_Richard_West1314.jpg?fit=300%2C300&ssl=1","jetpack_sharing_enabled":true,"jetpack_shortlink":"https:\/\/wp.me\/pfTxOr-1Iv","_links":{"self":[{"href":"https:\/\/aktialiiga.fi\/miehet\/wp-json\/wp\/v2\/posts\/6603","targetHints":{"allow":["GET"]}}],"collection":[{"href":"https:\/\/aktialiiga.fi\/miehet\/wp-json\/wp\/v2\/posts"}],"about":[{"href":"https:\/\/aktialiiga.fi\/miehet\/wp-json\/wp\/v2\/types\/post"}],"author":[{"embeddable":true,"href":"https:\/\/aktialiiga.fi\/miehet\/wp-json\/wp\/v2\/users\/13"}],"replies":[{"embeddable":true,"href":"https:\/\/aktialiiga.fi\/miehet\/wp-json\/wp\/v2\/comments?post=6603"}],"version-history":[{"count":0,"href":"https:\/\/aktialiiga.fi\/miehet\/wp-json\/wp\/v2\/posts\/6603\/revisions"}],"wp:featuredmedia":[{"embeddable":true,"href":"https:\/\/aktialiiga.fi\/miehet\/wp-json\/wp\/v2\/media\/6604"}],"wp:attachment":[{"href":"https:\/\/aktialiiga.fi\/miehet\/wp-json\/wp\/v2\/media?parent=6603"}],"wp:term":[{"taxonomy":"category","embeddable":true,"href":"https:\/\/aktialiiga.fi\/miehet\/wp-json\/wp\/v2\/categories?post=6603"},{"taxonomy":"post_tag","embeddable":true,"href":"https:\/\/aktialiiga.fi\/miehet\/wp-json\/wp\/v2\/tags?post=6603"}],"curies":[{"name":"wp","href":"https:\/\/api.w.org\/{rel}","templated":true}]}}