{"id":66062,"date":"2025-09-20T15:32:12","date_gmt":"2025-09-20T12:32:12","guid":{"rendered":"https:\/\/aktialiiga.fi\/miehet\/?p=66062"},"modified":"2025-09-20T17:15:22","modified_gmt":"2025-09-20T14:15:22","slug":"grifk-puristi-kauden-avauspisteet","status":"publish","type":"post","link":"https:\/\/aktialiiga.fi\/miehet\/2025-2026\/ottelut\/grifk-puristi-kauden-avauspisteet\/","title":{"rendered":"GrIFK puristi kauden avauspisteet"},"content":{"rendered":"<p>GrIFK avasi kauden pistetilins\u00e4, kun SIF kaatui lauantaina Kauniaisissa niukalla yhden maalin erolla.<\/p>\n<p>Ottelun alussa maalit olivat tiukassa puolin ja toisin. Tasaisesti edettiin kaikkineen ensimm\u00e4iset 20 minuuttia, mutta tauon alla Grani sai nyk\u00e4isty\u00e4 muutaman maalin johdon.<\/p>\n<p>Toisen jakson alussa kotijohto kasvoi jo seitsem\u00e4\u00e4n maaliin, mutta SIF ei antanut periksi. Ero kuroutui maali maalilta pienemm\u00e4ksi, mutta rinnalle saakka siuntiolaiset eiv\u00e4t p\u00e4\u00e4sseet. Loppu oli viel\u00e4 tiukkaa, mutta Grani piti johdostaan kiinni loppuun saakka.<\/p>\n<p>GrIFK:n p\u00e4\u00e4valmentaja Anthony Hellakoski oli t\u00e4yteen pistepottiin eritt\u00e4in tyytyv\u00e4inen.<\/p>\n<p>&#8211; Tosi mukavaa saada voitto n\u00e4in edellisen IFK-matsin j\u00e4lkeen. Kundit tekiv\u00e4t paremmin t\u00f6it\u00e4 t\u00e4n\u00e4\u00e4n ja pysyttiin hyvin ottelusuunnitelmassa, Hellakoski kiitteli omiaan.<\/p>\n<p>SIF:n p\u00e4\u00e4valmentaja Harry Wikstr\u00f6m ei tappiota l\u00e4htenyt enempi\u00e4 selittelem\u00e4\u00e4n.<\/p>\n<p>&#8211; Vaikea ensimm\u00e4inen puolisko. P\u00e4\u00e4stiin paikkoihin, mutta ei saatu maaleja. Hyvin noustiin toisella puoliajalla, mutta t\u00e4n\u00e4\u00e4n Grani ansaitsi voiton, Wikstr\u00f6m my\u00f6nsi.<\/p>\n<p>Ottelun parhaana pelaajana palkittiin Granin maalivahti Patrik Roslander.<\/p>\n<p>&#8211; Kiitos Siuntiolle erinomaisesta vastuksesta! Oli hienoa saada pistetili auki kahden vaikeamman ottelun j\u00e4lkeen, jotka eiv\u00e4t menneet ihan suunnitelmien mukaan.<\/p>\n","protected":false},"excerpt":{"rendered":"<p>GrIFK avasi kauden pistetilins\u00e4, kun SIF kaatui lauantaina Kauniaisissa niukalla yhden maalin erolla. Ottelun alussa maalit olivat tiukassa puolin ja toisin. Tasaisesti edettiin kaikkineen ensimm\u00e4iset 20 minuuttia, mutta tauon alla Grani sai nyk\u00e4isty\u00e4 muutaman maalin johdon. Toisen jakson alussa kotijohto kasvoi jo seitsem\u00e4\u00e4n maaliin, mutta SIF ei antanut periksi. Ero kuroutui maali maalilta pienemm\u00e4ksi, mutta [&hellip;]<\/p>\n","protected":false},"author":13,"featured_media":47514,"comment_status":"closed","ping_status":"closed","sticky":false,"template":"","format":"standard","meta":{"_acf_changed":false,"jetpack_post_was_ever_published":false,"_jetpack_newsletter_access":"","_jetpack_dont_email_post_to_subs":false,"_jetpack_newsletter_tier_id":0,"_jetpack_memberships_contains_paywalled_content":false,"_jetpack_memberships_contains_paid_content":false,"footnotes":""},"categories":[361],"tags":[64,111],"class_list":["post-66062","post","type-post","status-publish","format-standard","has-post-thumbnail","hentry","category-ottelut","tag-grifk","tag-sif"],"acf":[],"yoast_head":"<!-- This site is optimized with the Yoast SEO plugin v27.5 - https:\/\/yoast.com\/product\/yoast-seo-wordpress\/ -->\n<title>GrIFK puristi kauden avauspisteet | K\u00e4sipallon miesten Aktialiiga<\/title>\n<meta name=\"robots\" content=\"index, follow, max-snippet:-1, max-image-preview:large, max-video-preview:-1\" \/>\n<link rel=\"canonical\" href=\"https:\/\/aktialiiga.fi\/miehet\/2025-2026\/ottelut\/grifk-puristi-kauden-avauspisteet\/\" \/>\n<meta property=\"og:locale\" content=\"fi_FI\" \/>\n<meta property=\"og:type\" content=\"article\" \/>\n<meta property=\"og:title\" content=\"GrIFK puristi kauden avauspisteet | K\u00e4sipallon miesten Aktialiiga\" \/>\n<meta property=\"og:description\" content=\"GrIFK avasi kauden pistetilins\u00e4, kun SIF kaatui lauantaina Kauniaisissa niukalla yhden maalin erolla. Ottelun alussa maalit olivat tiukassa puolin ja toisin. Tasaisesti edettiin kaikkineen ensimm\u00e4iset 20 minuuttia, mutta tauon alla Grani sai nyk\u00e4isty\u00e4 muutaman maalin johdon. Toisen jakson alussa kotijohto kasvoi jo seitsem\u00e4\u00e4n maaliin, mutta SIF ei antanut periksi. Ero kuroutui maali maalilta pienemm\u00e4ksi, mutta [&hellip;]\" \/>\n<meta property=\"og:url\" content=\"https:\/\/aktialiiga.fi\/miehet\/2025-2026\/ottelut\/grifk-puristi-kauden-avauspisteet\/\" \/>\n<meta property=\"og:site_name\" content=\"K\u00e4sipallon miesten Aktialiiga\" \/>\n<meta property=\"article:publisher\" content=\"https:\/\/www.facebook.com\/finnhandball\" \/>\n<meta property=\"article:published_time\" content=\"2025-09-20T12:32:12+00:00\" \/>\n<meta property=\"article:modified_time\" content=\"2025-09-20T14:15:22+00:00\" \/>\n<meta property=\"og:image\" content=\"https:\/\/i0.wp.com\/aktialiiga.fi\/miehet\/wp-content\/uploads\/sites\/5\/2024\/03\/B7A63611-e1711459916995.jpg?fit=1448%2C934&ssl=1\" \/>\n\t<meta property=\"og:image:width\" content=\"1448\" \/>\n\t<meta property=\"og:image:height\" content=\"934\" \/>\n\t<meta property=\"og:image:type\" content=\"image\/jpeg\" \/>\n<meta name=\"author\" content=\"tbrmedia\" \/>\n<meta name=\"twitter:card\" content=\"summary_large_image\" \/>\n<meta name=\"twitter:creator\" content=\"@finnhandball\" \/>\n<meta name=\"twitter:site\" content=\"@finnhandball\" \/>\n<script type=\"application\/ld+json\" class=\"yoast-schema-graph\">{\"@context\":\"https:\\\/\\\/schema.org\",\"@graph\":[{\"@type\":\"Article\",\"@id\":\"https:\\\/\\\/aktialiiga.fi\\\/miehet\\\/2025-2026\\\/ottelut\\\/grifk-puristi-kauden-avauspisteet\\\/#article\",\"isPartOf\":{\"@id\":\"https:\\\/\\\/aktialiiga.fi\\\/miehet\\\/2025-2026\\\/ottelut\\\/grifk-puristi-kauden-avauspisteet\\\/\"},\"author\":{\"name\":\"tbrmedia\",\"@id\":\"https:\\\/\\\/aktialiiga.fi\\\/miehet\\\/#\\\/schema\\\/person\\\/c14bf42f47041db74603c45afcb18d87\"},\"headline\":\"GrIFK puristi kauden avauspisteet\",\"datePublished\":\"2025-09-20T12:32:12+00:00\",\"dateModified\":\"2025-09-20T14:15:22+00:00\",\"mainEntityOfPage\":{\"@id\":\"https:\\\/\\\/aktialiiga.fi\\\/miehet\\\/2025-2026\\\/ottelut\\\/grifk-puristi-kauden-avauspisteet\\\/\"},\"wordCount\":192,\"publisher\":{\"@id\":\"https:\\\/\\\/aktialiiga.fi\\\/miehet\\\/#organization\"},\"image\":{\"@id\":\"https:\\\/\\\/aktialiiga.fi\\\/miehet\\\/2025-2026\\\/ottelut\\\/grifk-puristi-kauden-avauspisteet\\\/#primaryimage\"},\"thumbnailUrl\":\"https:\\\/\\\/i0.wp.com\\\/aktialiiga.fi\\\/miehet\\\/wp-content\\\/uploads\\\/sites\\\/5\\\/2024\\\/03\\\/B7A63611-e1711459916995.jpg?fit=1448%2C934&ssl=1\",\"keywords\":[\"GrIFK\",\"SIF\"],\"articleSection\":[\"Ottelut 2025-26\"],\"inLanguage\":\"fi\"},{\"@type\":\"WebPage\",\"@id\":\"https:\\\/\\\/aktialiiga.fi\\\/miehet\\\/2025-2026\\\/ottelut\\\/grifk-puristi-kauden-avauspisteet\\\/\",\"url\":\"https:\\\/\\\/aktialiiga.fi\\\/miehet\\\/2025-2026\\\/ottelut\\\/grifk-puristi-kauden-avauspisteet\\\/\",\"name\":\"GrIFK puristi kauden avauspisteet | K\u00e4sipallon miesten Aktialiiga\",\"isPartOf\":{\"@id\":\"https:\\\/\\\/aktialiiga.fi\\\/miehet\\\/#website\"},\"primaryImageOfPage\":{\"@id\":\"https:\\\/\\\/aktialiiga.fi\\\/miehet\\\/2025-2026\\\/ottelut\\\/grifk-puristi-kauden-avauspisteet\\\/#primaryimage\"},\"image\":{\"@id\":\"https:\\\/\\\/aktialiiga.fi\\\/miehet\\\/2025-2026\\\/ottelut\\\/grifk-puristi-kauden-avauspisteet\\\/#primaryimage\"},\"thumbnailUrl\":\"https:\\\/\\\/i0.wp.com\\\/aktialiiga.fi\\\/miehet\\\/wp-content\\\/uploads\\\/sites\\\/5\\\/2024\\\/03\\\/B7A63611-e1711459916995.jpg?fit=1448%2C934&ssl=1\",\"datePublished\":\"2025-09-20T12:32:12+00:00\",\"dateModified\":\"2025-09-20T14:15:22+00:00\",\"breadcrumb\":{\"@id\":\"https:\\\/\\\/aktialiiga.fi\\\/miehet\\\/2025-2026\\\/ottelut\\\/grifk-puristi-kauden-avauspisteet\\\/#breadcrumb\"},\"inLanguage\":\"fi\",\"potentialAction\":[{\"@type\":\"ReadAction\",\"target\":[\"https:\\\/\\\/aktialiiga.fi\\\/miehet\\\/2025-2026\\\/ottelut\\\/grifk-puristi-kauden-avauspisteet\\\/\"]}]},{\"@type\":\"ImageObject\",\"inLanguage\":\"fi\",\"@id\":\"https:\\\/\\\/aktialiiga.fi\\\/miehet\\\/2025-2026\\\/ottelut\\\/grifk-puristi-kauden-avauspisteet\\\/#primaryimage\",\"url\":\"https:\\\/\\\/i0.wp.com\\\/aktialiiga.fi\\\/miehet\\\/wp-content\\\/uploads\\\/sites\\\/5\\\/2024\\\/03\\\/B7A63611-e1711459916995.jpg?fit=1448%2C934&ssl=1\",\"contentUrl\":\"https:\\\/\\\/i0.wp.com\\\/aktialiiga.fi\\\/miehet\\\/wp-content\\\/uploads\\\/sites\\\/5\\\/2024\\\/03\\\/B7A63611-e1711459916995.jpg?fit=1448%2C934&ssl=1\",\"width\":1448,\"height\":934,\"caption\":\"Patrik Roslander - Kuva: Aki Ylivarvi\"},{\"@type\":\"BreadcrumbList\",\"@id\":\"https:\\\/\\\/aktialiiga.fi\\\/miehet\\\/2025-2026\\\/ottelut\\\/grifk-puristi-kauden-avauspisteet\\\/#breadcrumb\",\"itemListElement\":[{\"@type\":\"ListItem\",\"position\":1,\"name\":\"Etusivu\",\"item\":\"https:\\\/\\\/aktialiiga.fi\\\/miehet\\\/\"},{\"@type\":\"ListItem\",\"position\":2,\"name\":\"GrIFK puristi kauden avauspisteet\"}]},{\"@type\":\"WebSite\",\"@id\":\"https:\\\/\\\/aktialiiga.fi\\\/miehet\\\/#website\",\"url\":\"https:\\\/\\\/aktialiiga.fi\\\/miehet\\\/\",\"name\":\"K\u00e4sipallon miesten Aktialiiga\",\"description\":\"Valtakunnan vauhdikkainta palloilua!\",\"publisher\":{\"@id\":\"https:\\\/\\\/aktialiiga.fi\\\/miehet\\\/#organization\"},\"potentialAction\":[{\"@type\":\"SearchAction\",\"target\":{\"@type\":\"EntryPoint\",\"urlTemplate\":\"https:\\\/\\\/aktialiiga.fi\\\/miehet\\\/?s={search_term_string}\"},\"query-input\":{\"@type\":\"PropertyValueSpecification\",\"valueRequired\":true,\"valueName\":\"search_term_string\"}}],\"inLanguage\":\"fi\"},{\"@type\":\"Organization\",\"@id\":\"https:\\\/\\\/aktialiiga.fi\\\/miehet\\\/#organization\",\"name\":\"K\u00e4sipallon miesten Aktialiiga\",\"url\":\"https:\\\/\\\/aktialiiga.fi\\\/miehet\\\/\",\"logo\":{\"@type\":\"ImageObject\",\"inLanguage\":\"fi\",\"@id\":\"https:\\\/\\\/aktialiiga.fi\\\/miehet\\\/#\\\/schema\\\/logo\\\/image\\\/\",\"url\":\"https:\\\/\\\/i0.wp.com\\\/aktialiiga.fi\\\/miehet\\\/wp-content\\\/uploads\\\/sites\\\/5\\\/2024\\\/09\\\/Aktialiiga-Yoast-512.png?fit=512%2C512&ssl=1\",\"contentUrl\":\"https:\\\/\\\/i0.wp.com\\\/aktialiiga.fi\\\/miehet\\\/wp-content\\\/uploads\\\/sites\\\/5\\\/2024\\\/09\\\/Aktialiiga-Yoast-512.png?fit=512%2C512&ssl=1\",\"width\":512,\"height\":512,\"caption\":\"K\u00e4sipallon miesten Aktialiiga\"},\"image\":{\"@id\":\"https:\\\/\\\/aktialiiga.fi\\\/miehet\\\/#\\\/schema\\\/logo\\\/image\\\/\"},\"sameAs\":[\"https:\\\/\\\/www.facebook.com\\\/finnhandball\",\"https:\\\/\\\/x.com\\\/finnhandball\",\"https:\\\/\\\/www.instagram.com\\\/handballfinland\\\/\"]},{\"@type\":\"Person\",\"@id\":\"https:\\\/\\\/aktialiiga.fi\\\/miehet\\\/#\\\/schema\\\/person\\\/c14bf42f47041db74603c45afcb18d87\",\"name\":\"tbrmedia\",\"image\":{\"@type\":\"ImageObject\",\"inLanguage\":\"fi\",\"@id\":\"https:\\\/\\\/secure.gravatar.com\\\/avatar\\\/ee975fa091fe581d12b60debb3439022686618368a7c142044c56724d4666b16?s=96&d=mm&r=g\",\"url\":\"https:\\\/\\\/secure.gravatar.com\\\/avatar\\\/ee975fa091fe581d12b60debb3439022686618368a7c142044c56724d4666b16?s=96&d=mm&r=g\",\"contentUrl\":\"https:\\\/\\\/secure.gravatar.com\\\/avatar\\\/ee975fa091fe581d12b60debb3439022686618368a7c142044c56724d4666b16?s=96&d=mm&r=g\",\"caption\":\"tbrmedia\"}}]}<\/script>\n<!-- \/ Yoast SEO plugin. -->","yoast_head_json":{"title":"GrIFK puristi kauden avauspisteet | K\u00e4sipallon miesten Aktialiiga","robots":{"index":"index","follow":"follow","max-snippet":"max-snippet:-1","max-image-preview":"max-image-preview:large","max-video-preview":"max-video-preview:-1"},"canonical":"https:\/\/aktialiiga.fi\/miehet\/2025-2026\/ottelut\/grifk-puristi-kauden-avauspisteet\/","og_locale":"fi_FI","og_type":"article","og_title":"GrIFK puristi kauden avauspisteet | K\u00e4sipallon miesten Aktialiiga","og_description":"GrIFK avasi kauden pistetilins\u00e4, kun SIF kaatui lauantaina Kauniaisissa niukalla yhden maalin erolla. Ottelun alussa maalit olivat tiukassa puolin ja toisin. Tasaisesti edettiin kaikkineen ensimm\u00e4iset 20 minuuttia, mutta tauon alla Grani sai nyk\u00e4isty\u00e4 muutaman maalin johdon. Toisen jakson alussa kotijohto kasvoi jo seitsem\u00e4\u00e4n maaliin, mutta SIF ei antanut periksi. Ero kuroutui maali maalilta pienemm\u00e4ksi, mutta [&hellip;]","og_url":"https:\/\/aktialiiga.fi\/miehet\/2025-2026\/ottelut\/grifk-puristi-kauden-avauspisteet\/","og_site_name":"K\u00e4sipallon miesten Aktialiiga","article_publisher":"https:\/\/www.facebook.com\/finnhandball","article_published_time":"2025-09-20T12:32:12+00:00","article_modified_time":"2025-09-20T14:15:22+00:00","og_image":[{"width":1448,"height":934,"url":"https:\/\/i0.wp.com\/aktialiiga.fi\/miehet\/wp-content\/uploads\/sites\/5\/2024\/03\/B7A63611-e1711459916995.jpg?fit=1448%2C934&ssl=1","type":"image\/jpeg"}],"author":"tbrmedia","twitter_card":"summary_large_image","twitter_creator":"@finnhandball","twitter_site":"@finnhandball","schema":{"@context":"https:\/\/schema.org","@graph":[{"@type":"Article","@id":"https:\/\/aktialiiga.fi\/miehet\/2025-2026\/ottelut\/grifk-puristi-kauden-avauspisteet\/#article","isPartOf":{"@id":"https:\/\/aktialiiga.fi\/miehet\/2025-2026\/ottelut\/grifk-puristi-kauden-avauspisteet\/"},"author":{"name":"tbrmedia","@id":"https:\/\/aktialiiga.fi\/miehet\/#\/schema\/person\/c14bf42f47041db74603c45afcb18d87"},"headline":"GrIFK puristi kauden avauspisteet","datePublished":"2025-09-20T12:32:12+00:00","dateModified":"2025-09-20T14:15:22+00:00","mainEntityOfPage":{"@id":"https:\/\/aktialiiga.fi\/miehet\/2025-2026\/ottelut\/grifk-puristi-kauden-avauspisteet\/"},"wordCount":192,"publisher":{"@id":"https:\/\/aktialiiga.fi\/miehet\/#organization"},"image":{"@id":"https:\/\/aktialiiga.fi\/miehet\/2025-2026\/ottelut\/grifk-puristi-kauden-avauspisteet\/#primaryimage"},"thumbnailUrl":"https:\/\/i0.wp.com\/aktialiiga.fi\/miehet\/wp-content\/uploads\/sites\/5\/2024\/03\/B7A63611-e1711459916995.jpg?fit=1448%2C934&ssl=1","keywords":["GrIFK","SIF"],"articleSection":["Ottelut 2025-26"],"inLanguage":"fi"},{"@type":"WebPage","@id":"https:\/\/aktialiiga.fi\/miehet\/2025-2026\/ottelut\/grifk-puristi-kauden-avauspisteet\/","url":"https:\/\/aktialiiga.fi\/miehet\/2025-2026\/ottelut\/grifk-puristi-kauden-avauspisteet\/","name":"GrIFK puristi kauden avauspisteet | K\u00e4sipallon miesten Aktialiiga","isPartOf":{"@id":"https:\/\/aktialiiga.fi\/miehet\/#website"},"primaryImageOfPage":{"@id":"https:\/\/aktialiiga.fi\/miehet\/2025-2026\/ottelut\/grifk-puristi-kauden-avauspisteet\/#primaryimage"},"image":{"@id":"https:\/\/aktialiiga.fi\/miehet\/2025-2026\/ottelut\/grifk-puristi-kauden-avauspisteet\/#primaryimage"},"thumbnailUrl":"https:\/\/i0.wp.com\/aktialiiga.fi\/miehet\/wp-content\/uploads\/sites\/5\/2024\/03\/B7A63611-e1711459916995.jpg?fit=1448%2C934&ssl=1","datePublished":"2025-09-20T12:32:12+00:00","dateModified":"2025-09-20T14:15:22+00:00","breadcrumb":{"@id":"https:\/\/aktialiiga.fi\/miehet\/2025-2026\/ottelut\/grifk-puristi-kauden-avauspisteet\/#breadcrumb"},"inLanguage":"fi","potentialAction":[{"@type":"ReadAction","target":["https:\/\/aktialiiga.fi\/miehet\/2025-2026\/ottelut\/grifk-puristi-kauden-avauspisteet\/"]}]},{"@type":"ImageObject","inLanguage":"fi","@id":"https:\/\/aktialiiga.fi\/miehet\/2025-2026\/ottelut\/grifk-puristi-kauden-avauspisteet\/#primaryimage","url":"https:\/\/i0.wp.com\/aktialiiga.fi\/miehet\/wp-content\/uploads\/sites\/5\/2024\/03\/B7A63611-e1711459916995.jpg?fit=1448%2C934&ssl=1","contentUrl":"https:\/\/i0.wp.com\/aktialiiga.fi\/miehet\/wp-content\/uploads\/sites\/5\/2024\/03\/B7A63611-e1711459916995.jpg?fit=1448%2C934&ssl=1","width":1448,"height":934,"caption":"Patrik Roslander - Kuva: Aki Ylivarvi"},{"@type":"BreadcrumbList","@id":"https:\/\/aktialiiga.fi\/miehet\/2025-2026\/ottelut\/grifk-puristi-kauden-avauspisteet\/#breadcrumb","itemListElement":[{"@type":"ListItem","position":1,"name":"Etusivu","item":"https:\/\/aktialiiga.fi\/miehet\/"},{"@type":"ListItem","position":2,"name":"GrIFK puristi kauden avauspisteet"}]},{"@type":"WebSite","@id":"https:\/\/aktialiiga.fi\/miehet\/#website","url":"https:\/\/aktialiiga.fi\/miehet\/","name":"K\u00e4sipallon miesten Aktialiiga","description":"Valtakunnan vauhdikkainta palloilua!","publisher":{"@id":"https:\/\/aktialiiga.fi\/miehet\/#organization"},"potentialAction":[{"@type":"SearchAction","target":{"@type":"EntryPoint","urlTemplate":"https:\/\/aktialiiga.fi\/miehet\/?s={search_term_string}"},"query-input":{"@type":"PropertyValueSpecification","valueRequired":true,"valueName":"search_term_string"}}],"inLanguage":"fi"},{"@type":"Organization","@id":"https:\/\/aktialiiga.fi\/miehet\/#organization","name":"K\u00e4sipallon miesten Aktialiiga","url":"https:\/\/aktialiiga.fi\/miehet\/","logo":{"@type":"ImageObject","inLanguage":"fi","@id":"https:\/\/aktialiiga.fi\/miehet\/#\/schema\/logo\/image\/","url":"https:\/\/i0.wp.com\/aktialiiga.fi\/miehet\/wp-content\/uploads\/sites\/5\/2024\/09\/Aktialiiga-Yoast-512.png?fit=512%2C512&ssl=1","contentUrl":"https:\/\/i0.wp.com\/aktialiiga.fi\/miehet\/wp-content\/uploads\/sites\/5\/2024\/09\/Aktialiiga-Yoast-512.png?fit=512%2C512&ssl=1","width":512,"height":512,"caption":"K\u00e4sipallon miesten Aktialiiga"},"image":{"@id":"https:\/\/aktialiiga.fi\/miehet\/#\/schema\/logo\/image\/"},"sameAs":["https:\/\/www.facebook.com\/finnhandball","https:\/\/x.com\/finnhandball","https:\/\/www.instagram.com\/handballfinland\/"]},{"@type":"Person","@id":"https:\/\/aktialiiga.fi\/miehet\/#\/schema\/person\/c14bf42f47041db74603c45afcb18d87","name":"tbrmedia","image":{"@type":"ImageObject","inLanguage":"fi","@id":"https:\/\/secure.gravatar.com\/avatar\/ee975fa091fe581d12b60debb3439022686618368a7c142044c56724d4666b16?s=96&d=mm&r=g","url":"https:\/\/secure.gravatar.com\/avatar\/ee975fa091fe581d12b60debb3439022686618368a7c142044c56724d4666b16?s=96&d=mm&r=g","contentUrl":"https:\/\/secure.gravatar.com\/avatar\/ee975fa091fe581d12b60debb3439022686618368a7c142044c56724d4666b16?s=96&d=mm&r=g","caption":"tbrmedia"}}]}},"jetpack_featured_media_url":"https:\/\/i0.wp.com\/aktialiiga.fi\/miehet\/wp-content\/uploads\/sites\/5\/2024\/03\/B7A63611-e1711459916995.jpg?fit=1448%2C934&ssl=1","jetpack_sharing_enabled":true,"jetpack_shortlink":"https:\/\/wp.me\/pfTxOr-hbw","_links":{"self":[{"href":"https:\/\/aktialiiga.fi\/miehet\/wp-json\/wp\/v2\/posts\/66062","targetHints":{"allow":["GET"]}}],"collection":[{"href":"https:\/\/aktialiiga.fi\/miehet\/wp-json\/wp\/v2\/posts"}],"about":[{"href":"https:\/\/aktialiiga.fi\/miehet\/wp-json\/wp\/v2\/types\/post"}],"author":[{"embeddable":true,"href":"https:\/\/aktialiiga.fi\/miehet\/wp-json\/wp\/v2\/users\/13"}],"replies":[{"embeddable":true,"href":"https:\/\/aktialiiga.fi\/miehet\/wp-json\/wp\/v2\/comments?post=66062"}],"version-history":[{"count":3,"href":"https:\/\/aktialiiga.fi\/miehet\/wp-json\/wp\/v2\/posts\/66062\/revisions"}],"predecessor-version":[{"id":66072,"href":"https:\/\/aktialiiga.fi\/miehet\/wp-json\/wp\/v2\/posts\/66062\/revisions\/66072"}],"wp:featuredmedia":[{"embeddable":true,"href":"https:\/\/aktialiiga.fi\/miehet\/wp-json\/wp\/v2\/media\/47514"}],"wp:attachment":[{"href":"https:\/\/aktialiiga.fi\/miehet\/wp-json\/wp\/v2\/media?parent=66062"}],"wp:term":[{"taxonomy":"category","embeddable":true,"href":"https:\/\/aktialiiga.fi\/miehet\/wp-json\/wp\/v2\/categories?post=66062"},{"taxonomy":"post_tag","embeddable":true,"href":"https:\/\/aktialiiga.fi\/miehet\/wp-json\/wp\/v2\/tags?post=66062"}],"curies":[{"name":"wp","href":"https:\/\/api.w.org\/{rel}","templated":true}]}}