{"id":66075,"date":"2025-09-20T17:24:21","date_gmt":"2025-09-20T14:24:21","guid":{"rendered":"https:\/\/aktialiiga.fi\/miehet\/?p=66075"},"modified":"2025-09-20T17:43:24","modified_gmt":"2025-09-20T14:43:24","slug":"dicken-kaatoi-eifn-selkein-lukemin","status":"publish","type":"post","link":"https:\/\/aktialiiga.fi\/miehet\/2025-2026\/ottelut\/dicken-kaatoi-eifn-selkein-lukemin\/","title":{"rendered":"Dicken kaatoi EIF:n selkein lukemin"},"content":{"rendered":"<p>Dicken otti kauden avausvoittonsa Aktialiigassa kaatamalla lauantaina kotonaan EIF:n selkein numeroin.<\/p>\n<p>Dicken karkasi alussa nopeasti nelj\u00e4n maalin johtoon, mutta EIF p\u00e4\u00e4si pian peliin mukaan ja avausjakson loppu edettiin suhteellisen tasaisesti Dickenin pit\u00e4ess\u00e4 kuitenkin johtoa hallussaan.<\/p>\n<p>Tauon j\u00e4lkeen Dicken alkoi v\u00e4hitellen kasvattaa etumatkaansa ja kun ottelu alkoi olla ratkennut, Dicken latoi viel\u00e4 lis\u00e4\u00e4 osumia kasvattaen voittomarginaalinsa komeille lukemille.<\/p>\n<p>Dickenin p\u00e4\u00e4valmentaja Ken Sirenius oli tyytyv\u00e4inen siihen, ett\u00e4 pelisuunnitelma toimi kent\u00e4ll\u00e4.<\/p>\n<p>&#8211; Hienoa n\u00e4hd\u00e4, ett\u00e4 sitouduttiin tiistain ottelun j\u00e4lkeen tiettyihin asioihin. Toteutettiin sovittuja asioita ainakin 48 minuuttia. Jatkossa meid\u00e4n tulee vaatia itselt\u00e4mme 60 minuutin sitoutumista ja pelata loppuun asti. Olen kuitenkin tyytyv\u00e4inen j\u00e4tkien asenteeseen ja peliin, Sirenius kehaisi.<\/p>\n<p>EIF:n p\u00e4\u00e4valmentaja Kaj Hagman harmitteli vastustajan karkaamista jo alussa.<\/p>\n<p>&#8211; Dicken tuli rymin\u00e4ll\u00e4 peliin eik\u00e4 oikein saatu pelist\u00e4 kiinni. Dicken pelasi hyv\u00e4n pelin ja me ollaan viel\u00e4 kuitenkin alussa meid\u00e4n reissulla. Huomaan viel\u00e4 paljon asioita, joita meid\u00e4n pit\u00e4\u00e4 parantaa. T\u00e4n\u00e4\u00e4n oli joitain hyvi\u00e4 juttuja, mutta ei olla viel\u00e4 saatu ehj\u00e4\u00e4 60 minuuttista, Hagman sanoi.<\/p>\n<p>&#8211; Otetaan tyhmi\u00e4 j\u00e4\u00e4hyj\u00e4, joihin meill\u00e4 ei ole varaa, mutta tsempattiin sent\u00e4\u00e4n loppuun saakka, vaikka lukemat olivat v\u00e4h\u00e4 rumat. Meill\u00e4 on ollut paljon poissaolijoita, joten jouduttiin kierr\u00e4tt\u00e4m\u00e4\u00e4n paljon pelaajia. Toivottavasti saadaan n\u00e4m\u00e4 pelaajat pysym\u00e4\u00e4n kunnossa, niin p\u00e4\u00e4st\u00e4\u00e4n tekem\u00e4\u00e4n t\u00f6it\u00e4 heid\u00e4n kanssaan.<\/p>\n<p>Parhaan pelaajan tittelin ottelussa vei nimiins\u00e4 Dickenin Max Granlund.<\/p>\n<p>&#8211; Meill\u00e4 oli aika tiivis puolustus t\u00e4n\u00e4\u00e4n, vaikka p\u00e4\u00e4stettiin muutamia helppoja my\u00f6s. Toisella puoliajalla juostiin hyvin, mutta jatkossa pit\u00e4isi saada viel\u00e4 teknisi\u00e4 virheit\u00e4 enemm\u00e4n pois, Granlund analysoi.<\/p>\n","protected":false},"excerpt":{"rendered":"<p>Dicken otti kauden avausvoittonsa Aktialiigassa kaatamalla lauantaina kotonaan EIF:n selkein numeroin. Dicken karkasi alussa nopeasti nelj\u00e4n maalin johtoon, mutta EIF p\u00e4\u00e4si pian peliin mukaan ja avausjakson loppu edettiin suhteellisen tasaisesti Dickenin pit\u00e4ess\u00e4 kuitenkin johtoa hallussaan. Tauon j\u00e4lkeen Dicken alkoi v\u00e4hitellen kasvattaa etumatkaansa ja kun ottelu alkoi olla ratkennut, Dicken latoi viel\u00e4 lis\u00e4\u00e4 osumia kasvattaen voittomarginaalinsa [&hellip;]<\/p>\n","protected":false},"author":13,"featured_media":30945,"comment_status":"closed","ping_status":"closed","sticky":false,"template":"","format":"standard","meta":{"_acf_changed":false,"jetpack_post_was_ever_published":false,"_jetpack_newsletter_access":"","_jetpack_dont_email_post_to_subs":false,"_jetpack_newsletter_tier_id":0,"_jetpack_memberships_contains_paywalled_content":false,"_jetpack_memberships_contains_paid_content":false,"footnotes":""},"categories":[361],"tags":[58,60],"class_list":["post-66075","post","type-post","status-publish","format-standard","has-post-thumbnail","hentry","category-ottelut","tag-dicken","tag-eif"],"acf":[],"yoast_head":"<!-- This site is optimized with the Yoast SEO plugin v27.5 - https:\/\/yoast.com\/product\/yoast-seo-wordpress\/ -->\n<title>Dicken kaatoi EIF:n selkein lukemin | K\u00e4sipallon miesten Aktialiiga<\/title>\n<meta name=\"robots\" content=\"index, follow, max-snippet:-1, max-image-preview:large, max-video-preview:-1\" \/>\n<link rel=\"canonical\" href=\"https:\/\/aktialiiga.fi\/miehet\/2025-2026\/ottelut\/dicken-kaatoi-eifn-selkein-lukemin\/\" \/>\n<meta property=\"og:locale\" content=\"fi_FI\" \/>\n<meta property=\"og:type\" content=\"article\" \/>\n<meta property=\"og:title\" content=\"Dicken kaatoi EIF:n selkein lukemin | K\u00e4sipallon miesten Aktialiiga\" \/>\n<meta property=\"og:description\" content=\"Dicken otti kauden avausvoittonsa Aktialiigassa kaatamalla lauantaina kotonaan EIF:n selkein numeroin. Dicken karkasi alussa nopeasti nelj\u00e4n maalin johtoon, mutta EIF p\u00e4\u00e4si pian peliin mukaan ja avausjakson loppu edettiin suhteellisen tasaisesti Dickenin pit\u00e4ess\u00e4 kuitenkin johtoa hallussaan. Tauon j\u00e4lkeen Dicken alkoi v\u00e4hitellen kasvattaa etumatkaansa ja kun ottelu alkoi olla ratkennut, Dicken latoi viel\u00e4 lis\u00e4\u00e4 osumia kasvattaen voittomarginaalinsa [&hellip;]\" \/>\n<meta property=\"og:url\" content=\"https:\/\/aktialiiga.fi\/miehet\/2025-2026\/ottelut\/dicken-kaatoi-eifn-selkein-lukemin\/\" \/>\n<meta property=\"og:site_name\" content=\"K\u00e4sipallon miesten Aktialiiga\" \/>\n<meta property=\"article:publisher\" content=\"https:\/\/www.facebook.com\/finnhandball\" \/>\n<meta property=\"article:published_time\" content=\"2025-09-20T14:24:21+00:00\" \/>\n<meta property=\"article:modified_time\" content=\"2025-09-20T14:43:24+00:00\" \/>\n<meta property=\"og:image\" content=\"https:\/\/i0.wp.com\/aktialiiga.fi\/miehet\/wp-content\/uploads\/sites\/5\/2021\/12\/Max-Granlund-2021-22.jpg?fit=953%2C426&ssl=1\" \/>\n\t<meta property=\"og:image:width\" content=\"953\" \/>\n\t<meta property=\"og:image:height\" content=\"426\" \/>\n\t<meta property=\"og:image:type\" content=\"image\/jpeg\" \/>\n<meta name=\"author\" content=\"tbrmedia\" \/>\n<meta name=\"twitter:card\" content=\"summary_large_image\" \/>\n<meta name=\"twitter:creator\" content=\"@finnhandball\" \/>\n<meta name=\"twitter:site\" content=\"@finnhandball\" \/>\n<script type=\"application\/ld+json\" class=\"yoast-schema-graph\">{\"@context\":\"https:\\\/\\\/schema.org\",\"@graph\":[{\"@type\":\"Article\",\"@id\":\"https:\\\/\\\/aktialiiga.fi\\\/miehet\\\/2025-2026\\\/ottelut\\\/dicken-kaatoi-eifn-selkein-lukemin\\\/#article\",\"isPartOf\":{\"@id\":\"https:\\\/\\\/aktialiiga.fi\\\/miehet\\\/2025-2026\\\/ottelut\\\/dicken-kaatoi-eifn-selkein-lukemin\\\/\"},\"author\":{\"name\":\"tbrmedia\",\"@id\":\"https:\\\/\\\/aktialiiga.fi\\\/miehet\\\/#\\\/schema\\\/person\\\/c14bf42f47041db74603c45afcb18d87\"},\"headline\":\"Dicken kaatoi EIF:n selkein lukemin\",\"datePublished\":\"2025-09-20T14:24:21+00:00\",\"dateModified\":\"2025-09-20T14:43:24+00:00\",\"mainEntityOfPage\":{\"@id\":\"https:\\\/\\\/aktialiiga.fi\\\/miehet\\\/2025-2026\\\/ottelut\\\/dicken-kaatoi-eifn-selkein-lukemin\\\/\"},\"wordCount\":281,\"publisher\":{\"@id\":\"https:\\\/\\\/aktialiiga.fi\\\/miehet\\\/#organization\"},\"image\":{\"@id\":\"https:\\\/\\\/aktialiiga.fi\\\/miehet\\\/2025-2026\\\/ottelut\\\/dicken-kaatoi-eifn-selkein-lukemin\\\/#primaryimage\"},\"thumbnailUrl\":\"https:\\\/\\\/i0.wp.com\\\/aktialiiga.fi\\\/miehet\\\/wp-content\\\/uploads\\\/sites\\\/5\\\/2021\\\/12\\\/Max-Granlund-2021-22.jpg?fit=953%2C426&ssl=1\",\"keywords\":[\"Dicken\",\"EIF\"],\"articleSection\":[\"Ottelut 2025-26\"],\"inLanguage\":\"fi\"},{\"@type\":\"WebPage\",\"@id\":\"https:\\\/\\\/aktialiiga.fi\\\/miehet\\\/2025-2026\\\/ottelut\\\/dicken-kaatoi-eifn-selkein-lukemin\\\/\",\"url\":\"https:\\\/\\\/aktialiiga.fi\\\/miehet\\\/2025-2026\\\/ottelut\\\/dicken-kaatoi-eifn-selkein-lukemin\\\/\",\"name\":\"Dicken kaatoi EIF:n selkein lukemin | K\u00e4sipallon miesten Aktialiiga\",\"isPartOf\":{\"@id\":\"https:\\\/\\\/aktialiiga.fi\\\/miehet\\\/#website\"},\"primaryImageOfPage\":{\"@id\":\"https:\\\/\\\/aktialiiga.fi\\\/miehet\\\/2025-2026\\\/ottelut\\\/dicken-kaatoi-eifn-selkein-lukemin\\\/#primaryimage\"},\"image\":{\"@id\":\"https:\\\/\\\/aktialiiga.fi\\\/miehet\\\/2025-2026\\\/ottelut\\\/dicken-kaatoi-eifn-selkein-lukemin\\\/#primaryimage\"},\"thumbnailUrl\":\"https:\\\/\\\/i0.wp.com\\\/aktialiiga.fi\\\/miehet\\\/wp-content\\\/uploads\\\/sites\\\/5\\\/2021\\\/12\\\/Max-Granlund-2021-22.jpg?fit=953%2C426&ssl=1\",\"datePublished\":\"2025-09-20T14:24:21+00:00\",\"dateModified\":\"2025-09-20T14:43:24+00:00\",\"breadcrumb\":{\"@id\":\"https:\\\/\\\/aktialiiga.fi\\\/miehet\\\/2025-2026\\\/ottelut\\\/dicken-kaatoi-eifn-selkein-lukemin\\\/#breadcrumb\"},\"inLanguage\":\"fi\",\"potentialAction\":[{\"@type\":\"ReadAction\",\"target\":[\"https:\\\/\\\/aktialiiga.fi\\\/miehet\\\/2025-2026\\\/ottelut\\\/dicken-kaatoi-eifn-selkein-lukemin\\\/\"]}]},{\"@type\":\"ImageObject\",\"inLanguage\":\"fi\",\"@id\":\"https:\\\/\\\/aktialiiga.fi\\\/miehet\\\/2025-2026\\\/ottelut\\\/dicken-kaatoi-eifn-selkein-lukemin\\\/#primaryimage\",\"url\":\"https:\\\/\\\/i0.wp.com\\\/aktialiiga.fi\\\/miehet\\\/wp-content\\\/uploads\\\/sites\\\/5\\\/2021\\\/12\\\/Max-Granlund-2021-22.jpg?fit=953%2C426&ssl=1\",\"contentUrl\":\"https:\\\/\\\/i0.wp.com\\\/aktialiiga.fi\\\/miehet\\\/wp-content\\\/uploads\\\/sites\\\/5\\\/2021\\\/12\\\/Max-Granlund-2021-22.jpg?fit=953%2C426&ssl=1\",\"width\":953,\"height\":426,\"caption\":\"Max Granlund #31, Dicken K\u00e4sipallon miesten SM-liigan ottelussa Dicken - Hifk Pirkkolan palloiluhallissa 11. syyskuuta 2021. (Kalle Parkkinen\\\/Newspix24)\"},{\"@type\":\"BreadcrumbList\",\"@id\":\"https:\\\/\\\/aktialiiga.fi\\\/miehet\\\/2025-2026\\\/ottelut\\\/dicken-kaatoi-eifn-selkein-lukemin\\\/#breadcrumb\",\"itemListElement\":[{\"@type\":\"ListItem\",\"position\":1,\"name\":\"Etusivu\",\"item\":\"https:\\\/\\\/aktialiiga.fi\\\/miehet\\\/\"},{\"@type\":\"ListItem\",\"position\":2,\"name\":\"Dicken kaatoi EIF:n selkein lukemin\"}]},{\"@type\":\"WebSite\",\"@id\":\"https:\\\/\\\/aktialiiga.fi\\\/miehet\\\/#website\",\"url\":\"https:\\\/\\\/aktialiiga.fi\\\/miehet\\\/\",\"name\":\"K\u00e4sipallon miesten Aktialiiga\",\"description\":\"Valtakunnan vauhdikkainta palloilua!\",\"publisher\":{\"@id\":\"https:\\\/\\\/aktialiiga.fi\\\/miehet\\\/#organization\"},\"potentialAction\":[{\"@type\":\"SearchAction\",\"target\":{\"@type\":\"EntryPoint\",\"urlTemplate\":\"https:\\\/\\\/aktialiiga.fi\\\/miehet\\\/?s={search_term_string}\"},\"query-input\":{\"@type\":\"PropertyValueSpecification\",\"valueRequired\":true,\"valueName\":\"search_term_string\"}}],\"inLanguage\":\"fi\"},{\"@type\":\"Organization\",\"@id\":\"https:\\\/\\\/aktialiiga.fi\\\/miehet\\\/#organization\",\"name\":\"K\u00e4sipallon miesten Aktialiiga\",\"url\":\"https:\\\/\\\/aktialiiga.fi\\\/miehet\\\/\",\"logo\":{\"@type\":\"ImageObject\",\"inLanguage\":\"fi\",\"@id\":\"https:\\\/\\\/aktialiiga.fi\\\/miehet\\\/#\\\/schema\\\/logo\\\/image\\\/\",\"url\":\"https:\\\/\\\/i0.wp.com\\\/aktialiiga.fi\\\/miehet\\\/wp-content\\\/uploads\\\/sites\\\/5\\\/2024\\\/09\\\/Aktialiiga-Yoast-512.png?fit=512%2C512&ssl=1\",\"contentUrl\":\"https:\\\/\\\/i0.wp.com\\\/aktialiiga.fi\\\/miehet\\\/wp-content\\\/uploads\\\/sites\\\/5\\\/2024\\\/09\\\/Aktialiiga-Yoast-512.png?fit=512%2C512&ssl=1\",\"width\":512,\"height\":512,\"caption\":\"K\u00e4sipallon miesten Aktialiiga\"},\"image\":{\"@id\":\"https:\\\/\\\/aktialiiga.fi\\\/miehet\\\/#\\\/schema\\\/logo\\\/image\\\/\"},\"sameAs\":[\"https:\\\/\\\/www.facebook.com\\\/finnhandball\",\"https:\\\/\\\/x.com\\\/finnhandball\",\"https:\\\/\\\/www.instagram.com\\\/handballfinland\\\/\"]},{\"@type\":\"Person\",\"@id\":\"https:\\\/\\\/aktialiiga.fi\\\/miehet\\\/#\\\/schema\\\/person\\\/c14bf42f47041db74603c45afcb18d87\",\"name\":\"tbrmedia\",\"image\":{\"@type\":\"ImageObject\",\"inLanguage\":\"fi\",\"@id\":\"https:\\\/\\\/secure.gravatar.com\\\/avatar\\\/ee975fa091fe581d12b60debb3439022686618368a7c142044c56724d4666b16?s=96&d=mm&r=g\",\"url\":\"https:\\\/\\\/secure.gravatar.com\\\/avatar\\\/ee975fa091fe581d12b60debb3439022686618368a7c142044c56724d4666b16?s=96&d=mm&r=g\",\"contentUrl\":\"https:\\\/\\\/secure.gravatar.com\\\/avatar\\\/ee975fa091fe581d12b60debb3439022686618368a7c142044c56724d4666b16?s=96&d=mm&r=g\",\"caption\":\"tbrmedia\"}}]}<\/script>\n<!-- \/ Yoast SEO plugin. -->","yoast_head_json":{"title":"Dicken kaatoi EIF:n selkein lukemin | K\u00e4sipallon miesten Aktialiiga","robots":{"index":"index","follow":"follow","max-snippet":"max-snippet:-1","max-image-preview":"max-image-preview:large","max-video-preview":"max-video-preview:-1"},"canonical":"https:\/\/aktialiiga.fi\/miehet\/2025-2026\/ottelut\/dicken-kaatoi-eifn-selkein-lukemin\/","og_locale":"fi_FI","og_type":"article","og_title":"Dicken kaatoi EIF:n selkein lukemin | K\u00e4sipallon miesten Aktialiiga","og_description":"Dicken otti kauden avausvoittonsa Aktialiigassa kaatamalla lauantaina kotonaan EIF:n selkein numeroin. Dicken karkasi alussa nopeasti nelj\u00e4n maalin johtoon, mutta EIF p\u00e4\u00e4si pian peliin mukaan ja avausjakson loppu edettiin suhteellisen tasaisesti Dickenin pit\u00e4ess\u00e4 kuitenkin johtoa hallussaan. Tauon j\u00e4lkeen Dicken alkoi v\u00e4hitellen kasvattaa etumatkaansa ja kun ottelu alkoi olla ratkennut, Dicken latoi viel\u00e4 lis\u00e4\u00e4 osumia kasvattaen voittomarginaalinsa [&hellip;]","og_url":"https:\/\/aktialiiga.fi\/miehet\/2025-2026\/ottelut\/dicken-kaatoi-eifn-selkein-lukemin\/","og_site_name":"K\u00e4sipallon miesten Aktialiiga","article_publisher":"https:\/\/www.facebook.com\/finnhandball","article_published_time":"2025-09-20T14:24:21+00:00","article_modified_time":"2025-09-20T14:43:24+00:00","og_image":[{"width":953,"height":426,"url":"https:\/\/i0.wp.com\/aktialiiga.fi\/miehet\/wp-content\/uploads\/sites\/5\/2021\/12\/Max-Granlund-2021-22.jpg?fit=953%2C426&ssl=1","type":"image\/jpeg"}],"author":"tbrmedia","twitter_card":"summary_large_image","twitter_creator":"@finnhandball","twitter_site":"@finnhandball","schema":{"@context":"https:\/\/schema.org","@graph":[{"@type":"Article","@id":"https:\/\/aktialiiga.fi\/miehet\/2025-2026\/ottelut\/dicken-kaatoi-eifn-selkein-lukemin\/#article","isPartOf":{"@id":"https:\/\/aktialiiga.fi\/miehet\/2025-2026\/ottelut\/dicken-kaatoi-eifn-selkein-lukemin\/"},"author":{"name":"tbrmedia","@id":"https:\/\/aktialiiga.fi\/miehet\/#\/schema\/person\/c14bf42f47041db74603c45afcb18d87"},"headline":"Dicken kaatoi EIF:n selkein lukemin","datePublished":"2025-09-20T14:24:21+00:00","dateModified":"2025-09-20T14:43:24+00:00","mainEntityOfPage":{"@id":"https:\/\/aktialiiga.fi\/miehet\/2025-2026\/ottelut\/dicken-kaatoi-eifn-selkein-lukemin\/"},"wordCount":281,"publisher":{"@id":"https:\/\/aktialiiga.fi\/miehet\/#organization"},"image":{"@id":"https:\/\/aktialiiga.fi\/miehet\/2025-2026\/ottelut\/dicken-kaatoi-eifn-selkein-lukemin\/#primaryimage"},"thumbnailUrl":"https:\/\/i0.wp.com\/aktialiiga.fi\/miehet\/wp-content\/uploads\/sites\/5\/2021\/12\/Max-Granlund-2021-22.jpg?fit=953%2C426&ssl=1","keywords":["Dicken","EIF"],"articleSection":["Ottelut 2025-26"],"inLanguage":"fi"},{"@type":"WebPage","@id":"https:\/\/aktialiiga.fi\/miehet\/2025-2026\/ottelut\/dicken-kaatoi-eifn-selkein-lukemin\/","url":"https:\/\/aktialiiga.fi\/miehet\/2025-2026\/ottelut\/dicken-kaatoi-eifn-selkein-lukemin\/","name":"Dicken kaatoi EIF:n selkein lukemin | K\u00e4sipallon miesten Aktialiiga","isPartOf":{"@id":"https:\/\/aktialiiga.fi\/miehet\/#website"},"primaryImageOfPage":{"@id":"https:\/\/aktialiiga.fi\/miehet\/2025-2026\/ottelut\/dicken-kaatoi-eifn-selkein-lukemin\/#primaryimage"},"image":{"@id":"https:\/\/aktialiiga.fi\/miehet\/2025-2026\/ottelut\/dicken-kaatoi-eifn-selkein-lukemin\/#primaryimage"},"thumbnailUrl":"https:\/\/i0.wp.com\/aktialiiga.fi\/miehet\/wp-content\/uploads\/sites\/5\/2021\/12\/Max-Granlund-2021-22.jpg?fit=953%2C426&ssl=1","datePublished":"2025-09-20T14:24:21+00:00","dateModified":"2025-09-20T14:43:24+00:00","breadcrumb":{"@id":"https:\/\/aktialiiga.fi\/miehet\/2025-2026\/ottelut\/dicken-kaatoi-eifn-selkein-lukemin\/#breadcrumb"},"inLanguage":"fi","potentialAction":[{"@type":"ReadAction","target":["https:\/\/aktialiiga.fi\/miehet\/2025-2026\/ottelut\/dicken-kaatoi-eifn-selkein-lukemin\/"]}]},{"@type":"ImageObject","inLanguage":"fi","@id":"https:\/\/aktialiiga.fi\/miehet\/2025-2026\/ottelut\/dicken-kaatoi-eifn-selkein-lukemin\/#primaryimage","url":"https:\/\/i0.wp.com\/aktialiiga.fi\/miehet\/wp-content\/uploads\/sites\/5\/2021\/12\/Max-Granlund-2021-22.jpg?fit=953%2C426&ssl=1","contentUrl":"https:\/\/i0.wp.com\/aktialiiga.fi\/miehet\/wp-content\/uploads\/sites\/5\/2021\/12\/Max-Granlund-2021-22.jpg?fit=953%2C426&ssl=1","width":953,"height":426,"caption":"Max Granlund #31, Dicken K\u00e4sipallon miesten SM-liigan ottelussa Dicken - Hifk Pirkkolan palloiluhallissa 11. syyskuuta 2021. (Kalle Parkkinen\/Newspix24)"},{"@type":"BreadcrumbList","@id":"https:\/\/aktialiiga.fi\/miehet\/2025-2026\/ottelut\/dicken-kaatoi-eifn-selkein-lukemin\/#breadcrumb","itemListElement":[{"@type":"ListItem","position":1,"name":"Etusivu","item":"https:\/\/aktialiiga.fi\/miehet\/"},{"@type":"ListItem","position":2,"name":"Dicken kaatoi EIF:n selkein lukemin"}]},{"@type":"WebSite","@id":"https:\/\/aktialiiga.fi\/miehet\/#website","url":"https:\/\/aktialiiga.fi\/miehet\/","name":"K\u00e4sipallon miesten Aktialiiga","description":"Valtakunnan vauhdikkainta palloilua!","publisher":{"@id":"https:\/\/aktialiiga.fi\/miehet\/#organization"},"potentialAction":[{"@type":"SearchAction","target":{"@type":"EntryPoint","urlTemplate":"https:\/\/aktialiiga.fi\/miehet\/?s={search_term_string}"},"query-input":{"@type":"PropertyValueSpecification","valueRequired":true,"valueName":"search_term_string"}}],"inLanguage":"fi"},{"@type":"Organization","@id":"https:\/\/aktialiiga.fi\/miehet\/#organization","name":"K\u00e4sipallon miesten Aktialiiga","url":"https:\/\/aktialiiga.fi\/miehet\/","logo":{"@type":"ImageObject","inLanguage":"fi","@id":"https:\/\/aktialiiga.fi\/miehet\/#\/schema\/logo\/image\/","url":"https:\/\/i0.wp.com\/aktialiiga.fi\/miehet\/wp-content\/uploads\/sites\/5\/2024\/09\/Aktialiiga-Yoast-512.png?fit=512%2C512&ssl=1","contentUrl":"https:\/\/i0.wp.com\/aktialiiga.fi\/miehet\/wp-content\/uploads\/sites\/5\/2024\/09\/Aktialiiga-Yoast-512.png?fit=512%2C512&ssl=1","width":512,"height":512,"caption":"K\u00e4sipallon miesten Aktialiiga"},"image":{"@id":"https:\/\/aktialiiga.fi\/miehet\/#\/schema\/logo\/image\/"},"sameAs":["https:\/\/www.facebook.com\/finnhandball","https:\/\/x.com\/finnhandball","https:\/\/www.instagram.com\/handballfinland\/"]},{"@type":"Person","@id":"https:\/\/aktialiiga.fi\/miehet\/#\/schema\/person\/c14bf42f47041db74603c45afcb18d87","name":"tbrmedia","image":{"@type":"ImageObject","inLanguage":"fi","@id":"https:\/\/secure.gravatar.com\/avatar\/ee975fa091fe581d12b60debb3439022686618368a7c142044c56724d4666b16?s=96&d=mm&r=g","url":"https:\/\/secure.gravatar.com\/avatar\/ee975fa091fe581d12b60debb3439022686618368a7c142044c56724d4666b16?s=96&d=mm&r=g","contentUrl":"https:\/\/secure.gravatar.com\/avatar\/ee975fa091fe581d12b60debb3439022686618368a7c142044c56724d4666b16?s=96&d=mm&r=g","caption":"tbrmedia"}}]}},"jetpack_featured_media_url":"https:\/\/i0.wp.com\/aktialiiga.fi\/miehet\/wp-content\/uploads\/sites\/5\/2021\/12\/Max-Granlund-2021-22.jpg?fit=953%2C426&ssl=1","jetpack_sharing_enabled":true,"jetpack_shortlink":"https:\/\/wp.me\/pfTxOr-hbJ","_links":{"self":[{"href":"https:\/\/aktialiiga.fi\/miehet\/wp-json\/wp\/v2\/posts\/66075","targetHints":{"allow":["GET"]}}],"collection":[{"href":"https:\/\/aktialiiga.fi\/miehet\/wp-json\/wp\/v2\/posts"}],"about":[{"href":"https:\/\/aktialiiga.fi\/miehet\/wp-json\/wp\/v2\/types\/post"}],"author":[{"embeddable":true,"href":"https:\/\/aktialiiga.fi\/miehet\/wp-json\/wp\/v2\/users\/13"}],"replies":[{"embeddable":true,"href":"https:\/\/aktialiiga.fi\/miehet\/wp-json\/wp\/v2\/comments?post=66075"}],"version-history":[{"count":3,"href":"https:\/\/aktialiiga.fi\/miehet\/wp-json\/wp\/v2\/posts\/66075\/revisions"}],"predecessor-version":[{"id":66080,"href":"https:\/\/aktialiiga.fi\/miehet\/wp-json\/wp\/v2\/posts\/66075\/revisions\/66080"}],"wp:featuredmedia":[{"embeddable":true,"href":"https:\/\/aktialiiga.fi\/miehet\/wp-json\/wp\/v2\/media\/30945"}],"wp:attachment":[{"href":"https:\/\/aktialiiga.fi\/miehet\/wp-json\/wp\/v2\/media?parent=66075"}],"wp:term":[{"taxonomy":"category","embeddable":true,"href":"https:\/\/aktialiiga.fi\/miehet\/wp-json\/wp\/v2\/categories?post=66075"},{"taxonomy":"post_tag","embeddable":true,"href":"https:\/\/aktialiiga.fi\/miehet\/wp-json\/wp\/v2\/tags?post=66075"}],"curies":[{"name":"wp","href":"https:\/\/api.w.org\/{rel}","templated":true}]}}