{"id":67414,"date":"2025-10-20T14:30:49","date_gmt":"2025-10-20T11:30:49","guid":{"rendered":"https:\/\/aktialiiga.fi\/miehet\/?p=67414"},"modified":"2025-10-20T14:30:49","modified_gmt":"2025-10-20T11:30:49","slug":"viikko-kayntiin-vauhdilla-tiistain-kahden-ottelun-myota","status":"publish","type":"post","link":"https:\/\/aktialiiga.fi\/miehet\/2025-2026\/ennakot\/viikko-kayntiin-vauhdilla-tiistain-kahden-ottelun-myota\/","title":{"rendered":"Viikko k\u00e4yntiin vauhdilla tiistain kahden ottelun my\u00f6t\u00e4"},"content":{"rendered":"<p><!--StartFragment --><\/p>\n<p><span class=\"cf0\">Aktialiiga<\/span><span class=\"cf0\"> jatkuu heti alkuviikosta, kun jo tiistaina pelataan Helsingiss\u00e4 ja Tammisaaressa.<\/span><\/p>\n<p><span class=\"cf0\">Dicken saa vieraakseen edelleen pistemenetyksitt\u00e4 olevan BK-46:n. <\/span><span class=\"cf0\">BK:lla<\/span><span class=\"cf0\"> on alla avausottelut eurokentill\u00e4, mutta ne tuskin painavat karjaalaisia en\u00e4\u00e4 tiistai-iltana Pirkkolassa. Dicken on pelannut pirte\u00e4sti alkukauden, mutta nyt edess\u00e4 on iso haaste. BK on alkukauden otteluissaan venytt\u00e4nyt kaikissa voittomarginaalinsa yli kymmeneen maaliin.<\/span><\/p>\n<p><span class=\"cf0\">Tiistain toisessa ottelussa EIF is\u00e4nn\u00f6i hallitsevaa mestaria <\/span><span class=\"cf0\">Cocksia<\/span><span class=\"cf0\">, joka hakee edelleen oikeaa uomaa peliins\u00e4. <\/span><span class=\"cf0\">Cocks<\/span><span class=\"cf0\"> on h\u00e4vinnyt pelaamistaan kuudesta ottelustaan per\u00e4ti nelj\u00e4 ja pyrkii nyt l\u00f6yt\u00e4m\u00e4\u00e4n voittovireen.<\/span><\/p>\n<p><span class=\"cf0\">EIF on sarjatulokas, mutta ehtinyt jo osoittaa pystyv\u00e4ns\u00e4 puristamaan vastustajat ahtaalle etenkin kotihallissaan.<\/span><\/p>\n<p><span class=\"cf0\">&#8211; Olemme osoittaneet ett\u00e4 kuulumme t\u00e4h\u00e4n sarjaan, mutta meid\u00e4n pit\u00e4\u00e4 jatkaa t\u00f6it\u00e4, <\/span><span class=\"cf0\">EIF:n<\/span> <span class=\"cf0\">Noah<\/span><span class=\"cf0\"> Hagman totesi V\u00e4stra <\/span><span class=\"cf0\">Nylandille<\/span><span class=\"cf0\"> edellisottelussa SIF:lle k\u00e4rsityn niukan tappion j\u00e4lkeen.<\/span><\/p>\n<p><strong><span class=\"cf0\">Aktialiiga<\/span><\/strong><span class=\"cf0\"><strong> tiistaina 21.10.:<\/strong><br \/>\n<\/span><span class=\"cf0\">Klo 19.00 Dicken <\/span><span class=\"cf1\">\u2013 BK-46<br \/>\n<\/span><span class=\"cf1\">Klo 19.30 EIF \u2013 <\/span><span class=\"cf1\">Cocks<\/span><\/p>\n<p><!--EndFragment --><\/p>\n<p>Aktialiigan kauden kaikki ottelut suorina l\u00e4hetyksin\u00e4 <strong><a href=\"https:\/\/aktialiiga.fi\/handistv\/\">HandisTV:ss\u00e4<\/a><\/strong>.<\/p>\n","protected":false},"excerpt":{"rendered":"<p>Aktialiiga jatkuu heti alkuviikosta, kun jo tiistaina pelataan Helsingiss\u00e4 ja Tammisaaressa. Dicken saa vieraakseen edelleen pistemenetyksitt\u00e4 olevan BK-46:n. BK:lla on alla avausottelut eurokentill\u00e4, mutta ne tuskin painavat karjaalaisia en\u00e4\u00e4 tiistai-iltana Pirkkolassa. Dicken on pelannut pirte\u00e4sti alkukauden, mutta nyt edess\u00e4 on iso haaste. BK on alkukauden otteluissaan venytt\u00e4nyt kaikissa voittomarginaalinsa yli kymmeneen maaliin. Tiistain toisessa ottelussa [&hellip;]<\/p>\n","protected":false},"author":13,"featured_media":66937,"comment_status":"closed","ping_status":"closed","sticky":false,"template":"","format":"standard","meta":{"_acf_changed":false,"jetpack_post_was_ever_published":false,"_jetpack_newsletter_access":"","_jetpack_dont_email_post_to_subs":false,"_jetpack_newsletter_tier_id":0,"_jetpack_memberships_contains_paywalled_content":false,"_jetpack_memberships_contains_paid_content":false,"footnotes":""},"categories":[358],"tags":[56,57,58,60],"class_list":["post-67414","post","type-post","status-publish","format-standard","has-post-thumbnail","hentry","category-ennakot","tag-bk-46","tag-cocks","tag-dicken","tag-eif"],"acf":[],"yoast_head":"<!-- This site is optimized with the Yoast SEO plugin v27.5 - https:\/\/yoast.com\/product\/yoast-seo-wordpress\/ -->\n<title>Viikko k\u00e4yntiin vauhdilla tiistain kahden ottelun my\u00f6t\u00e4 | K\u00e4sipallon miesten Aktialiiga<\/title>\n<meta name=\"robots\" content=\"index, follow, max-snippet:-1, max-image-preview:large, max-video-preview:-1\" \/>\n<link rel=\"canonical\" href=\"https:\/\/aktialiiga.fi\/miehet\/2025-2026\/ennakot\/viikko-kayntiin-vauhdilla-tiistain-kahden-ottelun-myota\/\" \/>\n<meta property=\"og:locale\" content=\"fi_FI\" \/>\n<meta property=\"og:type\" content=\"article\" \/>\n<meta property=\"og:title\" content=\"Viikko k\u00e4yntiin vauhdilla tiistain kahden ottelun my\u00f6t\u00e4 | K\u00e4sipallon miesten Aktialiiga\" \/>\n<meta property=\"og:description\" content=\"Aktialiiga jatkuu heti alkuviikosta, kun jo tiistaina pelataan Helsingiss\u00e4 ja Tammisaaressa. Dicken saa vieraakseen edelleen pistemenetyksitt\u00e4 olevan BK-46:n. BK:lla on alla avausottelut eurokentill\u00e4, mutta ne tuskin painavat karjaalaisia en\u00e4\u00e4 tiistai-iltana Pirkkolassa. Dicken on pelannut pirte\u00e4sti alkukauden, mutta nyt edess\u00e4 on iso haaste. BK on alkukauden otteluissaan venytt\u00e4nyt kaikissa voittomarginaalinsa yli kymmeneen maaliin. Tiistain toisessa ottelussa [&hellip;]\" \/>\n<meta property=\"og:url\" content=\"https:\/\/aktialiiga.fi\/miehet\/2025-2026\/ennakot\/viikko-kayntiin-vauhdilla-tiistain-kahden-ottelun-myota\/\" \/>\n<meta property=\"og:site_name\" content=\"K\u00e4sipallon miesten Aktialiiga\" \/>\n<meta property=\"article:publisher\" content=\"https:\/\/www.facebook.com\/finnhandball\" \/>\n<meta property=\"article:published_time\" content=\"2025-10-20T11:30:49+00:00\" \/>\n<meta property=\"og:image\" content=\"https:\/\/aktialiiga.fi\/miehet\/wp-content\/uploads\/sites\/5\/2025\/10\/A7302496-1030x687.jpg\" \/>\n\t<meta property=\"og:image:width\" content=\"1030\" \/>\n\t<meta property=\"og:image:height\" content=\"687\" \/>\n\t<meta property=\"og:image:type\" content=\"image\/jpeg\" \/>\n<meta name=\"author\" content=\"tbrmedia\" \/>\n<meta name=\"twitter:card\" content=\"summary_large_image\" \/>\n<meta name=\"twitter:creator\" content=\"@finnhandball\" \/>\n<meta name=\"twitter:site\" content=\"@finnhandball\" \/>\n<script type=\"application\/ld+json\" class=\"yoast-schema-graph\">{\"@context\":\"https:\\\/\\\/schema.org\",\"@graph\":[{\"@type\":\"Article\",\"@id\":\"https:\\\/\\\/aktialiiga.fi\\\/miehet\\\/2025-2026\\\/ennakot\\\/viikko-kayntiin-vauhdilla-tiistain-kahden-ottelun-myota\\\/#article\",\"isPartOf\":{\"@id\":\"https:\\\/\\\/aktialiiga.fi\\\/miehet\\\/2025-2026\\\/ennakot\\\/viikko-kayntiin-vauhdilla-tiistain-kahden-ottelun-myota\\\/\"},\"author\":{\"name\":\"tbrmedia\",\"@id\":\"https:\\\/\\\/aktialiiga.fi\\\/miehet\\\/#\\\/schema\\\/person\\\/c14bf42f47041db74603c45afcb18d87\"},\"headline\":\"Viikko k\u00e4yntiin vauhdilla tiistain kahden ottelun my\u00f6t\u00e4\",\"datePublished\":\"2025-10-20T11:30:49+00:00\",\"mainEntityOfPage\":{\"@id\":\"https:\\\/\\\/aktialiiga.fi\\\/miehet\\\/2025-2026\\\/ennakot\\\/viikko-kayntiin-vauhdilla-tiistain-kahden-ottelun-myota\\\/\"},\"wordCount\":163,\"publisher\":{\"@id\":\"https:\\\/\\\/aktialiiga.fi\\\/miehet\\\/#organization\"},\"image\":{\"@id\":\"https:\\\/\\\/aktialiiga.fi\\\/miehet\\\/2025-2026\\\/ennakot\\\/viikko-kayntiin-vauhdilla-tiistain-kahden-ottelun-myota\\\/#primaryimage\"},\"thumbnailUrl\":\"https:\\\/\\\/i0.wp.com\\\/aktialiiga.fi\\\/miehet\\\/wp-content\\\/uploads\\\/sites\\\/5\\\/2025\\\/10\\\/A7302496.jpg?fit=5220%2C3480&ssl=1\",\"keywords\":[\"BK-46\",\"Cocks\",\"Dicken\",\"EIF\"],\"articleSection\":[\"Ennakot\"],\"inLanguage\":\"fi\"},{\"@type\":\"WebPage\",\"@id\":\"https:\\\/\\\/aktialiiga.fi\\\/miehet\\\/2025-2026\\\/ennakot\\\/viikko-kayntiin-vauhdilla-tiistain-kahden-ottelun-myota\\\/\",\"url\":\"https:\\\/\\\/aktialiiga.fi\\\/miehet\\\/2025-2026\\\/ennakot\\\/viikko-kayntiin-vauhdilla-tiistain-kahden-ottelun-myota\\\/\",\"name\":\"Viikko k\u00e4yntiin vauhdilla tiistain kahden ottelun my\u00f6t\u00e4 | K\u00e4sipallon miesten Aktialiiga\",\"isPartOf\":{\"@id\":\"https:\\\/\\\/aktialiiga.fi\\\/miehet\\\/#website\"},\"primaryImageOfPage\":{\"@id\":\"https:\\\/\\\/aktialiiga.fi\\\/miehet\\\/2025-2026\\\/ennakot\\\/viikko-kayntiin-vauhdilla-tiistain-kahden-ottelun-myota\\\/#primaryimage\"},\"image\":{\"@id\":\"https:\\\/\\\/aktialiiga.fi\\\/miehet\\\/2025-2026\\\/ennakot\\\/viikko-kayntiin-vauhdilla-tiistain-kahden-ottelun-myota\\\/#primaryimage\"},\"thumbnailUrl\":\"https:\\\/\\\/i0.wp.com\\\/aktialiiga.fi\\\/miehet\\\/wp-content\\\/uploads\\\/sites\\\/5\\\/2025\\\/10\\\/A7302496.jpg?fit=5220%2C3480&ssl=1\",\"datePublished\":\"2025-10-20T11:30:49+00:00\",\"breadcrumb\":{\"@id\":\"https:\\\/\\\/aktialiiga.fi\\\/miehet\\\/2025-2026\\\/ennakot\\\/viikko-kayntiin-vauhdilla-tiistain-kahden-ottelun-myota\\\/#breadcrumb\"},\"inLanguage\":\"fi\",\"potentialAction\":[{\"@type\":\"ReadAction\",\"target\":[\"https:\\\/\\\/aktialiiga.fi\\\/miehet\\\/2025-2026\\\/ennakot\\\/viikko-kayntiin-vauhdilla-tiistain-kahden-ottelun-myota\\\/\"]}]},{\"@type\":\"ImageObject\",\"inLanguage\":\"fi\",\"@id\":\"https:\\\/\\\/aktialiiga.fi\\\/miehet\\\/2025-2026\\\/ennakot\\\/viikko-kayntiin-vauhdilla-tiistain-kahden-ottelun-myota\\\/#primaryimage\",\"url\":\"https:\\\/\\\/i0.wp.com\\\/aktialiiga.fi\\\/miehet\\\/wp-content\\\/uploads\\\/sites\\\/5\\\/2025\\\/10\\\/A7302496.jpg?fit=5220%2C3480&ssl=1\",\"contentUrl\":\"https:\\\/\\\/i0.wp.com\\\/aktialiiga.fi\\\/miehet\\\/wp-content\\\/uploads\\\/sites\\\/5\\\/2025\\\/10\\\/A7302496.jpg?fit=5220%2C3480&ssl=1\",\"width\":5220,\"height\":3480},{\"@type\":\"BreadcrumbList\",\"@id\":\"https:\\\/\\\/aktialiiga.fi\\\/miehet\\\/2025-2026\\\/ennakot\\\/viikko-kayntiin-vauhdilla-tiistain-kahden-ottelun-myota\\\/#breadcrumb\",\"itemListElement\":[{\"@type\":\"ListItem\",\"position\":1,\"name\":\"Etusivu\",\"item\":\"https:\\\/\\\/aktialiiga.fi\\\/miehet\\\/\"},{\"@type\":\"ListItem\",\"position\":2,\"name\":\"Viikko k\u00e4yntiin vauhdilla tiistain kahden ottelun my\u00f6t\u00e4\"}]},{\"@type\":\"WebSite\",\"@id\":\"https:\\\/\\\/aktialiiga.fi\\\/miehet\\\/#website\",\"url\":\"https:\\\/\\\/aktialiiga.fi\\\/miehet\\\/\",\"name\":\"K\u00e4sipallon miesten Aktialiiga\",\"description\":\"Valtakunnan vauhdikkainta palloilua!\",\"publisher\":{\"@id\":\"https:\\\/\\\/aktialiiga.fi\\\/miehet\\\/#organization\"},\"potentialAction\":[{\"@type\":\"SearchAction\",\"target\":{\"@type\":\"EntryPoint\",\"urlTemplate\":\"https:\\\/\\\/aktialiiga.fi\\\/miehet\\\/?s={search_term_string}\"},\"query-input\":{\"@type\":\"PropertyValueSpecification\",\"valueRequired\":true,\"valueName\":\"search_term_string\"}}],\"inLanguage\":\"fi\"},{\"@type\":\"Organization\",\"@id\":\"https:\\\/\\\/aktialiiga.fi\\\/miehet\\\/#organization\",\"name\":\"K\u00e4sipallon miesten Aktialiiga\",\"url\":\"https:\\\/\\\/aktialiiga.fi\\\/miehet\\\/\",\"logo\":{\"@type\":\"ImageObject\",\"inLanguage\":\"fi\",\"@id\":\"https:\\\/\\\/aktialiiga.fi\\\/miehet\\\/#\\\/schema\\\/logo\\\/image\\\/\",\"url\":\"https:\\\/\\\/i0.wp.com\\\/aktialiiga.fi\\\/miehet\\\/wp-content\\\/uploads\\\/sites\\\/5\\\/2024\\\/09\\\/Aktialiiga-Yoast-512.png?fit=512%2C512&ssl=1\",\"contentUrl\":\"https:\\\/\\\/i0.wp.com\\\/aktialiiga.fi\\\/miehet\\\/wp-content\\\/uploads\\\/sites\\\/5\\\/2024\\\/09\\\/Aktialiiga-Yoast-512.png?fit=512%2C512&ssl=1\",\"width\":512,\"height\":512,\"caption\":\"K\u00e4sipallon miesten Aktialiiga\"},\"image\":{\"@id\":\"https:\\\/\\\/aktialiiga.fi\\\/miehet\\\/#\\\/schema\\\/logo\\\/image\\\/\"},\"sameAs\":[\"https:\\\/\\\/www.facebook.com\\\/finnhandball\",\"https:\\\/\\\/x.com\\\/finnhandball\",\"https:\\\/\\\/www.instagram.com\\\/handballfinland\\\/\"]},{\"@type\":\"Person\",\"@id\":\"https:\\\/\\\/aktialiiga.fi\\\/miehet\\\/#\\\/schema\\\/person\\\/c14bf42f47041db74603c45afcb18d87\",\"name\":\"tbrmedia\",\"image\":{\"@type\":\"ImageObject\",\"inLanguage\":\"fi\",\"@id\":\"https:\\\/\\\/secure.gravatar.com\\\/avatar\\\/ee975fa091fe581d12b60debb3439022686618368a7c142044c56724d4666b16?s=96&d=mm&r=g\",\"url\":\"https:\\\/\\\/secure.gravatar.com\\\/avatar\\\/ee975fa091fe581d12b60debb3439022686618368a7c142044c56724d4666b16?s=96&d=mm&r=g\",\"contentUrl\":\"https:\\\/\\\/secure.gravatar.com\\\/avatar\\\/ee975fa091fe581d12b60debb3439022686618368a7c142044c56724d4666b16?s=96&d=mm&r=g\",\"caption\":\"tbrmedia\"}}]}<\/script>\n<!-- \/ Yoast SEO plugin. -->","yoast_head_json":{"title":"Viikko k\u00e4yntiin vauhdilla tiistain kahden ottelun my\u00f6t\u00e4 | K\u00e4sipallon miesten Aktialiiga","robots":{"index":"index","follow":"follow","max-snippet":"max-snippet:-1","max-image-preview":"max-image-preview:large","max-video-preview":"max-video-preview:-1"},"canonical":"https:\/\/aktialiiga.fi\/miehet\/2025-2026\/ennakot\/viikko-kayntiin-vauhdilla-tiistain-kahden-ottelun-myota\/","og_locale":"fi_FI","og_type":"article","og_title":"Viikko k\u00e4yntiin vauhdilla tiistain kahden ottelun my\u00f6t\u00e4 | K\u00e4sipallon miesten Aktialiiga","og_description":"Aktialiiga jatkuu heti alkuviikosta, kun jo tiistaina pelataan Helsingiss\u00e4 ja Tammisaaressa. Dicken saa vieraakseen edelleen pistemenetyksitt\u00e4 olevan BK-46:n. BK:lla on alla avausottelut eurokentill\u00e4, mutta ne tuskin painavat karjaalaisia en\u00e4\u00e4 tiistai-iltana Pirkkolassa. Dicken on pelannut pirte\u00e4sti alkukauden, mutta nyt edess\u00e4 on iso haaste. BK on alkukauden otteluissaan venytt\u00e4nyt kaikissa voittomarginaalinsa yli kymmeneen maaliin. Tiistain toisessa ottelussa [&hellip;]","og_url":"https:\/\/aktialiiga.fi\/miehet\/2025-2026\/ennakot\/viikko-kayntiin-vauhdilla-tiistain-kahden-ottelun-myota\/","og_site_name":"K\u00e4sipallon miesten Aktialiiga","article_publisher":"https:\/\/www.facebook.com\/finnhandball","article_published_time":"2025-10-20T11:30:49+00:00","og_image":[{"width":1030,"height":687,"url":"https:\/\/aktialiiga.fi\/miehet\/wp-content\/uploads\/sites\/5\/2025\/10\/A7302496-1030x687.jpg","type":"image\/jpeg"}],"author":"tbrmedia","twitter_card":"summary_large_image","twitter_creator":"@finnhandball","twitter_site":"@finnhandball","schema":{"@context":"https:\/\/schema.org","@graph":[{"@type":"Article","@id":"https:\/\/aktialiiga.fi\/miehet\/2025-2026\/ennakot\/viikko-kayntiin-vauhdilla-tiistain-kahden-ottelun-myota\/#article","isPartOf":{"@id":"https:\/\/aktialiiga.fi\/miehet\/2025-2026\/ennakot\/viikko-kayntiin-vauhdilla-tiistain-kahden-ottelun-myota\/"},"author":{"name":"tbrmedia","@id":"https:\/\/aktialiiga.fi\/miehet\/#\/schema\/person\/c14bf42f47041db74603c45afcb18d87"},"headline":"Viikko k\u00e4yntiin vauhdilla tiistain kahden ottelun my\u00f6t\u00e4","datePublished":"2025-10-20T11:30:49+00:00","mainEntityOfPage":{"@id":"https:\/\/aktialiiga.fi\/miehet\/2025-2026\/ennakot\/viikko-kayntiin-vauhdilla-tiistain-kahden-ottelun-myota\/"},"wordCount":163,"publisher":{"@id":"https:\/\/aktialiiga.fi\/miehet\/#organization"},"image":{"@id":"https:\/\/aktialiiga.fi\/miehet\/2025-2026\/ennakot\/viikko-kayntiin-vauhdilla-tiistain-kahden-ottelun-myota\/#primaryimage"},"thumbnailUrl":"https:\/\/i0.wp.com\/aktialiiga.fi\/miehet\/wp-content\/uploads\/sites\/5\/2025\/10\/A7302496.jpg?fit=5220%2C3480&ssl=1","keywords":["BK-46","Cocks","Dicken","EIF"],"articleSection":["Ennakot"],"inLanguage":"fi"},{"@type":"WebPage","@id":"https:\/\/aktialiiga.fi\/miehet\/2025-2026\/ennakot\/viikko-kayntiin-vauhdilla-tiistain-kahden-ottelun-myota\/","url":"https:\/\/aktialiiga.fi\/miehet\/2025-2026\/ennakot\/viikko-kayntiin-vauhdilla-tiistain-kahden-ottelun-myota\/","name":"Viikko k\u00e4yntiin vauhdilla tiistain kahden ottelun my\u00f6t\u00e4 | K\u00e4sipallon miesten Aktialiiga","isPartOf":{"@id":"https:\/\/aktialiiga.fi\/miehet\/#website"},"primaryImageOfPage":{"@id":"https:\/\/aktialiiga.fi\/miehet\/2025-2026\/ennakot\/viikko-kayntiin-vauhdilla-tiistain-kahden-ottelun-myota\/#primaryimage"},"image":{"@id":"https:\/\/aktialiiga.fi\/miehet\/2025-2026\/ennakot\/viikko-kayntiin-vauhdilla-tiistain-kahden-ottelun-myota\/#primaryimage"},"thumbnailUrl":"https:\/\/i0.wp.com\/aktialiiga.fi\/miehet\/wp-content\/uploads\/sites\/5\/2025\/10\/A7302496.jpg?fit=5220%2C3480&ssl=1","datePublished":"2025-10-20T11:30:49+00:00","breadcrumb":{"@id":"https:\/\/aktialiiga.fi\/miehet\/2025-2026\/ennakot\/viikko-kayntiin-vauhdilla-tiistain-kahden-ottelun-myota\/#breadcrumb"},"inLanguage":"fi","potentialAction":[{"@type":"ReadAction","target":["https:\/\/aktialiiga.fi\/miehet\/2025-2026\/ennakot\/viikko-kayntiin-vauhdilla-tiistain-kahden-ottelun-myota\/"]}]},{"@type":"ImageObject","inLanguage":"fi","@id":"https:\/\/aktialiiga.fi\/miehet\/2025-2026\/ennakot\/viikko-kayntiin-vauhdilla-tiistain-kahden-ottelun-myota\/#primaryimage","url":"https:\/\/i0.wp.com\/aktialiiga.fi\/miehet\/wp-content\/uploads\/sites\/5\/2025\/10\/A7302496.jpg?fit=5220%2C3480&ssl=1","contentUrl":"https:\/\/i0.wp.com\/aktialiiga.fi\/miehet\/wp-content\/uploads\/sites\/5\/2025\/10\/A7302496.jpg?fit=5220%2C3480&ssl=1","width":5220,"height":3480},{"@type":"BreadcrumbList","@id":"https:\/\/aktialiiga.fi\/miehet\/2025-2026\/ennakot\/viikko-kayntiin-vauhdilla-tiistain-kahden-ottelun-myota\/#breadcrumb","itemListElement":[{"@type":"ListItem","position":1,"name":"Etusivu","item":"https:\/\/aktialiiga.fi\/miehet\/"},{"@type":"ListItem","position":2,"name":"Viikko k\u00e4yntiin vauhdilla tiistain kahden ottelun my\u00f6t\u00e4"}]},{"@type":"WebSite","@id":"https:\/\/aktialiiga.fi\/miehet\/#website","url":"https:\/\/aktialiiga.fi\/miehet\/","name":"K\u00e4sipallon miesten Aktialiiga","description":"Valtakunnan vauhdikkainta palloilua!","publisher":{"@id":"https:\/\/aktialiiga.fi\/miehet\/#organization"},"potentialAction":[{"@type":"SearchAction","target":{"@type":"EntryPoint","urlTemplate":"https:\/\/aktialiiga.fi\/miehet\/?s={search_term_string}"},"query-input":{"@type":"PropertyValueSpecification","valueRequired":true,"valueName":"search_term_string"}}],"inLanguage":"fi"},{"@type":"Organization","@id":"https:\/\/aktialiiga.fi\/miehet\/#organization","name":"K\u00e4sipallon miesten Aktialiiga","url":"https:\/\/aktialiiga.fi\/miehet\/","logo":{"@type":"ImageObject","inLanguage":"fi","@id":"https:\/\/aktialiiga.fi\/miehet\/#\/schema\/logo\/image\/","url":"https:\/\/i0.wp.com\/aktialiiga.fi\/miehet\/wp-content\/uploads\/sites\/5\/2024\/09\/Aktialiiga-Yoast-512.png?fit=512%2C512&ssl=1","contentUrl":"https:\/\/i0.wp.com\/aktialiiga.fi\/miehet\/wp-content\/uploads\/sites\/5\/2024\/09\/Aktialiiga-Yoast-512.png?fit=512%2C512&ssl=1","width":512,"height":512,"caption":"K\u00e4sipallon miesten Aktialiiga"},"image":{"@id":"https:\/\/aktialiiga.fi\/miehet\/#\/schema\/logo\/image\/"},"sameAs":["https:\/\/www.facebook.com\/finnhandball","https:\/\/x.com\/finnhandball","https:\/\/www.instagram.com\/handballfinland\/"]},{"@type":"Person","@id":"https:\/\/aktialiiga.fi\/miehet\/#\/schema\/person\/c14bf42f47041db74603c45afcb18d87","name":"tbrmedia","image":{"@type":"ImageObject","inLanguage":"fi","@id":"https:\/\/secure.gravatar.com\/avatar\/ee975fa091fe581d12b60debb3439022686618368a7c142044c56724d4666b16?s=96&d=mm&r=g","url":"https:\/\/secure.gravatar.com\/avatar\/ee975fa091fe581d12b60debb3439022686618368a7c142044c56724d4666b16?s=96&d=mm&r=g","contentUrl":"https:\/\/secure.gravatar.com\/avatar\/ee975fa091fe581d12b60debb3439022686618368a7c142044c56724d4666b16?s=96&d=mm&r=g","caption":"tbrmedia"}}]}},"jetpack_featured_media_url":"https:\/\/i0.wp.com\/aktialiiga.fi\/miehet\/wp-content\/uploads\/sites\/5\/2025\/10\/A7302496.jpg?fit=5220%2C3480&ssl=1","jetpack_sharing_enabled":true,"jetpack_shortlink":"https:\/\/wp.me\/pfTxOr-hxk","_links":{"self":[{"href":"https:\/\/aktialiiga.fi\/miehet\/wp-json\/wp\/v2\/posts\/67414","targetHints":{"allow":["GET"]}}],"collection":[{"href":"https:\/\/aktialiiga.fi\/miehet\/wp-json\/wp\/v2\/posts"}],"about":[{"href":"https:\/\/aktialiiga.fi\/miehet\/wp-json\/wp\/v2\/types\/post"}],"author":[{"embeddable":true,"href":"https:\/\/aktialiiga.fi\/miehet\/wp-json\/wp\/v2\/users\/13"}],"replies":[{"embeddable":true,"href":"https:\/\/aktialiiga.fi\/miehet\/wp-json\/wp\/v2\/comments?post=67414"}],"version-history":[{"count":2,"href":"https:\/\/aktialiiga.fi\/miehet\/wp-json\/wp\/v2\/posts\/67414\/revisions"}],"predecessor-version":[{"id":67528,"href":"https:\/\/aktialiiga.fi\/miehet\/wp-json\/wp\/v2\/posts\/67414\/revisions\/67528"}],"wp:featuredmedia":[{"embeddable":true,"href":"https:\/\/aktialiiga.fi\/miehet\/wp-json\/wp\/v2\/media\/66937"}],"wp:attachment":[{"href":"https:\/\/aktialiiga.fi\/miehet\/wp-json\/wp\/v2\/media?parent=67414"}],"wp:term":[{"taxonomy":"category","embeddable":true,"href":"https:\/\/aktialiiga.fi\/miehet\/wp-json\/wp\/v2\/categories?post=67414"},{"taxonomy":"post_tag","embeddable":true,"href":"https:\/\/aktialiiga.fi\/miehet\/wp-json\/wp\/v2\/tags?post=67414"}],"curies":[{"name":"wp","href":"https:\/\/api.w.org\/{rel}","templated":true}]}}