{"id":67423,"date":"2025-10-21T20:28:00","date_gmt":"2025-10-21T17:28:00","guid":{"rendered":"https:\/\/aktialiiga.fi\/miehet\/?p=67423"},"modified":"2025-10-21T21:06:03","modified_gmt":"2025-10-21T18:06:03","slug":"dicken-piti-bk-46tta-ahtaalla","status":"publish","type":"post","link":"https:\/\/aktialiiga.fi\/miehet\/2025-2026\/ottelut\/dicken-piti-bk-46tta-ahtaalla\/","title":{"rendered":"Dicken piti BK-46:tta ahtaalla"},"content":{"rendered":"<p>BK-46 jatkaa puhtaalla pelill\u00e4 haettuaan tiistaina voiton Dickenist\u00e4, mutta sai tehd\u00e4 tosissaan t\u00f6it\u00e4 voittonsa eteen.<\/p>\n<p>BK otti alkuminuuttien j\u00e4lkeen otteen pelist\u00e4, mutta ei pystynyt isompaa eroa is\u00e4ntiins\u00e4 rep\u00e4isem\u00e4\u00e4n. Jakson puoliv\u00e4liss\u00e4 BK oli jo hiukan karkaamassa, mutta Dicken nousi uudestaan tuntumaan. Tauolle mentiin kolmen maalin vierasjohdossa.<\/p>\n<p>Toisen jakson alussa Dicken nousi j\u00e4lleen vain maalin p\u00e4\u00e4h\u00e4n, mutta BK piti kuitenkin johtoasemastaan kiinni. Viel\u00e4 toisen jakson puoliv\u00e4liss\u00e4 eroa oli yksi maali, mutta t\u00e4st\u00e4 alkoi BK:n loppuveto, joka ratkaisi ottelun.<\/p>\n<p><!--StartFragment --><\/p>\n<p><span class=\"cf0\">Dickenin p\u00e4\u00e4valmentaja Ken Sirenius n\u00e4ki esityksess\u00e4 paljon hyv\u00e4\u00e4 huolimatta <\/span><span class=\"cf0\">BK:n<\/span><span class=\"cf0\"> karkaamisesta lopussa.<\/span><\/p>\n<p><span class=\"cf0\">&#8211; Toteutimme sovittuja asioita hyv\u00e4ll\u00e4 tavalla ja annoimme oikeanlaisen reaktion suhteessa edelliseen otteluun. T\u00e4st\u00e4 olen tyytyv\u00e4inen, Sirenius sanaili.<\/span><\/p>\n<p><span class=\"cf0\">&#8211; Pienet asiat ratkaisivat t\u00e4n\u00e4\u00e4n. Meill\u00e4 oli toisella puoliajalla kymmenen minuutin jakso, jonka aika meill\u00e4 oli nelj\u00e4 tai viisi tolppaa ja n\u00e4ist\u00e4 BK sai revitty\u00e4 ratkaisevan eron. Taisteluilme oli kuitenkin hyv\u00e4 ja t\u00e4st\u00e4 menn\u00e4\u00e4n eteenp\u00e4in kohti lauantain Grani-peli\u00e4<\/span><\/p>\n<p><span class=\"cf0\">BK-46:n p\u00e4\u00e4valmentaja Andreas <\/span><span class=\"cf0\">R\u00f6nnberg<\/span><span class=\"cf0\"> osasi odottaa vaikeaa ottelua.<\/span><\/p>\n<p><span class=\"cf0\">&#8211; Tiesin ett\u00e4 olisimme v\u00e4h\u00e4n zombeja t\u00e4n\u00e4\u00e4n. Meill\u00e4 oli viikonloppuna kaksi kovaa ottelua ja j\u00e4tki\u00e4 oli poissa jonkin verran. Tiesin ett\u00e4 t\u00e4n\u00e4\u00e4n ei tule n\u00e4ytt\u00e4m\u00e4\u00e4n hyv\u00e4lt\u00e4. Lopulta kuitenkin onnistuimme k\u00e4\u00e4nt\u00e4m\u00e4\u00e4n ottelun ja voittamaan ihan ok esityksell\u00e4, <\/span><span class=\"cf0\">R\u00f6nnberg<\/span><span class=\"cf0\"> ynn\u00e4ili.<\/span><\/p>\n<p><span class=\"cf0\">Ottelun parhaan pelaajan tittelin nimiins\u00e4 vienyt BK:n Sebastian S\u00e4kkinen oli samoilla linjoilla.<\/span><\/p>\n<p><span class=\"cf0\">&#8211; Aika takkuista oli. Huomasi ett\u00e4 puuttui pari pelaajaa ja viikonlopun europelit painoivat v\u00e4h\u00e4n avauskokoonpanon pelaajien jaloissa. Kuitenkin vaatimustason pit\u00e4isi olla korkeampi kuin t\u00e4n\u00e4\u00e4n. Saatiin kuitenkin kaksi pistett\u00e4, joten pit\u00e4\u00e4 olla tyytyv\u00e4inen.<\/span><\/p>\n<p>&nbsp;<\/p>\n<p><!--EndFragment --><\/p>\n","protected":false},"excerpt":{"rendered":"<p>BK-46 jatkaa puhtaalla pelill\u00e4 haettuaan tiistaina voiton Dickenist\u00e4, mutta sai tehd\u00e4 tosissaan t\u00f6it\u00e4 voittonsa eteen. BK otti alkuminuuttien j\u00e4lkeen otteen pelist\u00e4, mutta ei pystynyt isompaa eroa is\u00e4ntiins\u00e4 rep\u00e4isem\u00e4\u00e4n. Jakson puoliv\u00e4liss\u00e4 BK oli jo hiukan karkaamassa, mutta Dicken nousi uudestaan tuntumaan. Tauolle mentiin kolmen maalin vierasjohdossa. Toisen jakson alussa Dicken nousi j\u00e4lleen vain maalin p\u00e4\u00e4h\u00e4n, mutta [&hellip;]<\/p>\n","protected":false},"author":13,"featured_media":61169,"comment_status":"closed","ping_status":"closed","sticky":false,"template":"","format":"standard","meta":{"_acf_changed":false,"jetpack_post_was_ever_published":false,"_jetpack_newsletter_access":"","_jetpack_dont_email_post_to_subs":false,"_jetpack_newsletter_tier_id":0,"_jetpack_memberships_contains_paywalled_content":false,"_jetpack_memberships_contains_paid_content":false,"footnotes":""},"categories":[361],"tags":[56,58],"class_list":["post-67423","post","type-post","status-publish","format-standard","has-post-thumbnail","hentry","category-ottelut","tag-bk-46","tag-dicken"],"acf":[],"yoast_head":"<!-- This site is optimized with the Yoast SEO plugin v27.5 - https:\/\/yoast.com\/product\/yoast-seo-wordpress\/ -->\n<title>Dicken piti BK-46:tta ahtaalla | K\u00e4sipallon miesten Aktialiiga<\/title>\n<meta name=\"robots\" content=\"index, follow, max-snippet:-1, max-image-preview:large, max-video-preview:-1\" \/>\n<link rel=\"canonical\" href=\"https:\/\/aktialiiga.fi\/miehet\/2025-2026\/ottelut\/dicken-piti-bk-46tta-ahtaalla\/\" \/>\n<meta property=\"og:locale\" content=\"fi_FI\" \/>\n<meta property=\"og:type\" content=\"article\" \/>\n<meta property=\"og:title\" content=\"Dicken piti BK-46:tta ahtaalla | K\u00e4sipallon miesten Aktialiiga\" \/>\n<meta property=\"og:description\" content=\"BK-46 jatkaa puhtaalla pelill\u00e4 haettuaan tiistaina voiton Dickenist\u00e4, mutta sai tehd\u00e4 tosissaan t\u00f6it\u00e4 voittonsa eteen. BK otti alkuminuuttien j\u00e4lkeen otteen pelist\u00e4, mutta ei pystynyt isompaa eroa is\u00e4ntiins\u00e4 rep\u00e4isem\u00e4\u00e4n. Jakson puoliv\u00e4liss\u00e4 BK oli jo hiukan karkaamassa, mutta Dicken nousi uudestaan tuntumaan. Tauolle mentiin kolmen maalin vierasjohdossa. Toisen jakson alussa Dicken nousi j\u00e4lleen vain maalin p\u00e4\u00e4h\u00e4n, mutta [&hellip;]\" \/>\n<meta property=\"og:url\" content=\"https:\/\/aktialiiga.fi\/miehet\/2025-2026\/ottelut\/dicken-piti-bk-46tta-ahtaalla\/\" \/>\n<meta property=\"og:site_name\" content=\"K\u00e4sipallon miesten Aktialiiga\" \/>\n<meta property=\"article:publisher\" content=\"https:\/\/www.facebook.com\/finnhandball\" \/>\n<meta property=\"article:published_time\" content=\"2025-10-21T17:28:00+00:00\" \/>\n<meta property=\"article:modified_time\" content=\"2025-10-21T18:06:03+00:00\" \/>\n<meta property=\"og:image\" content=\"https:\/\/aktialiiga.fi\/miehet\/wp-content\/uploads\/sites\/5\/2024\/09\/Sakkinen-Sebastian-BK-46-2409-scaled.jpg\" \/>\n\t<meta property=\"og:image:width\" content=\"2560\" \/>\n\t<meta property=\"og:image:height\" content=\"1706\" \/>\n\t<meta property=\"og:image:type\" content=\"image\/jpeg\" \/>\n<meta name=\"author\" content=\"tbrmedia\" \/>\n<meta name=\"twitter:card\" content=\"summary_large_image\" \/>\n<meta name=\"twitter:creator\" content=\"@finnhandball\" \/>\n<meta name=\"twitter:site\" content=\"@finnhandball\" \/>\n<script type=\"application\/ld+json\" class=\"yoast-schema-graph\">{\"@context\":\"https:\\\/\\\/schema.org\",\"@graph\":[{\"@type\":\"Article\",\"@id\":\"https:\\\/\\\/aktialiiga.fi\\\/miehet\\\/2025-2026\\\/ottelut\\\/dicken-piti-bk-46tta-ahtaalla\\\/#article\",\"isPartOf\":{\"@id\":\"https:\\\/\\\/aktialiiga.fi\\\/miehet\\\/2025-2026\\\/ottelut\\\/dicken-piti-bk-46tta-ahtaalla\\\/\"},\"author\":{\"name\":\"tbrmedia\",\"@id\":\"https:\\\/\\\/aktialiiga.fi\\\/miehet\\\/#\\\/schema\\\/person\\\/c14bf42f47041db74603c45afcb18d87\"},\"headline\":\"Dicken piti BK-46:tta ahtaalla\",\"datePublished\":\"2025-10-21T17:28:00+00:00\",\"dateModified\":\"2025-10-21T18:06:03+00:00\",\"mainEntityOfPage\":{\"@id\":\"https:\\\/\\\/aktialiiga.fi\\\/miehet\\\/2025-2026\\\/ottelut\\\/dicken-piti-bk-46tta-ahtaalla\\\/\"},\"wordCount\":291,\"publisher\":{\"@id\":\"https:\\\/\\\/aktialiiga.fi\\\/miehet\\\/#organization\"},\"image\":{\"@id\":\"https:\\\/\\\/aktialiiga.fi\\\/miehet\\\/2025-2026\\\/ottelut\\\/dicken-piti-bk-46tta-ahtaalla\\\/#primaryimage\"},\"thumbnailUrl\":\"https:\\\/\\\/i0.wp.com\\\/aktialiiga.fi\\\/miehet\\\/wp-content\\\/uploads\\\/sites\\\/5\\\/2024\\\/09\\\/Sakkinen-Sebastian-BK-46-2409-scaled.jpg?fit=2560%2C1706&ssl=1\",\"keywords\":[\"BK-46\",\"Dicken\"],\"articleSection\":[\"Ottelut 2025-26\"],\"inLanguage\":\"fi\"},{\"@type\":\"WebPage\",\"@id\":\"https:\\\/\\\/aktialiiga.fi\\\/miehet\\\/2025-2026\\\/ottelut\\\/dicken-piti-bk-46tta-ahtaalla\\\/\",\"url\":\"https:\\\/\\\/aktialiiga.fi\\\/miehet\\\/2025-2026\\\/ottelut\\\/dicken-piti-bk-46tta-ahtaalla\\\/\",\"name\":\"Dicken piti BK-46:tta ahtaalla | K\u00e4sipallon miesten Aktialiiga\",\"isPartOf\":{\"@id\":\"https:\\\/\\\/aktialiiga.fi\\\/miehet\\\/#website\"},\"primaryImageOfPage\":{\"@id\":\"https:\\\/\\\/aktialiiga.fi\\\/miehet\\\/2025-2026\\\/ottelut\\\/dicken-piti-bk-46tta-ahtaalla\\\/#primaryimage\"},\"image\":{\"@id\":\"https:\\\/\\\/aktialiiga.fi\\\/miehet\\\/2025-2026\\\/ottelut\\\/dicken-piti-bk-46tta-ahtaalla\\\/#primaryimage\"},\"thumbnailUrl\":\"https:\\\/\\\/i0.wp.com\\\/aktialiiga.fi\\\/miehet\\\/wp-content\\\/uploads\\\/sites\\\/5\\\/2024\\\/09\\\/Sakkinen-Sebastian-BK-46-2409-scaled.jpg?fit=2560%2C1706&ssl=1\",\"datePublished\":\"2025-10-21T17:28:00+00:00\",\"dateModified\":\"2025-10-21T18:06:03+00:00\",\"breadcrumb\":{\"@id\":\"https:\\\/\\\/aktialiiga.fi\\\/miehet\\\/2025-2026\\\/ottelut\\\/dicken-piti-bk-46tta-ahtaalla\\\/#breadcrumb\"},\"inLanguage\":\"fi\",\"potentialAction\":[{\"@type\":\"ReadAction\",\"target\":[\"https:\\\/\\\/aktialiiga.fi\\\/miehet\\\/2025-2026\\\/ottelut\\\/dicken-piti-bk-46tta-ahtaalla\\\/\"]}]},{\"@type\":\"ImageObject\",\"inLanguage\":\"fi\",\"@id\":\"https:\\\/\\\/aktialiiga.fi\\\/miehet\\\/2025-2026\\\/ottelut\\\/dicken-piti-bk-46tta-ahtaalla\\\/#primaryimage\",\"url\":\"https:\\\/\\\/i0.wp.com\\\/aktialiiga.fi\\\/miehet\\\/wp-content\\\/uploads\\\/sites\\\/5\\\/2024\\\/09\\\/Sakkinen-Sebastian-BK-46-2409-scaled.jpg?fit=2560%2C1706&ssl=1\",\"contentUrl\":\"https:\\\/\\\/i0.wp.com\\\/aktialiiga.fi\\\/miehet\\\/wp-content\\\/uploads\\\/sites\\\/5\\\/2024\\\/09\\\/Sakkinen-Sebastian-BK-46-2409-scaled.jpg?fit=2560%2C1706&ssl=1\",\"width\":2560,\"height\":1706,\"caption\":\"S\u00e4kkinen Sebastian BK-46\"},{\"@type\":\"BreadcrumbList\",\"@id\":\"https:\\\/\\\/aktialiiga.fi\\\/miehet\\\/2025-2026\\\/ottelut\\\/dicken-piti-bk-46tta-ahtaalla\\\/#breadcrumb\",\"itemListElement\":[{\"@type\":\"ListItem\",\"position\":1,\"name\":\"Etusivu\",\"item\":\"https:\\\/\\\/aktialiiga.fi\\\/miehet\\\/\"},{\"@type\":\"ListItem\",\"position\":2,\"name\":\"Dicken piti BK-46:tta ahtaalla\"}]},{\"@type\":\"WebSite\",\"@id\":\"https:\\\/\\\/aktialiiga.fi\\\/miehet\\\/#website\",\"url\":\"https:\\\/\\\/aktialiiga.fi\\\/miehet\\\/\",\"name\":\"K\u00e4sipallon miesten Aktialiiga\",\"description\":\"Valtakunnan vauhdikkainta palloilua!\",\"publisher\":{\"@id\":\"https:\\\/\\\/aktialiiga.fi\\\/miehet\\\/#organization\"},\"potentialAction\":[{\"@type\":\"SearchAction\",\"target\":{\"@type\":\"EntryPoint\",\"urlTemplate\":\"https:\\\/\\\/aktialiiga.fi\\\/miehet\\\/?s={search_term_string}\"},\"query-input\":{\"@type\":\"PropertyValueSpecification\",\"valueRequired\":true,\"valueName\":\"search_term_string\"}}],\"inLanguage\":\"fi\"},{\"@type\":\"Organization\",\"@id\":\"https:\\\/\\\/aktialiiga.fi\\\/miehet\\\/#organization\",\"name\":\"K\u00e4sipallon miesten Aktialiiga\",\"url\":\"https:\\\/\\\/aktialiiga.fi\\\/miehet\\\/\",\"logo\":{\"@type\":\"ImageObject\",\"inLanguage\":\"fi\",\"@id\":\"https:\\\/\\\/aktialiiga.fi\\\/miehet\\\/#\\\/schema\\\/logo\\\/image\\\/\",\"url\":\"https:\\\/\\\/i0.wp.com\\\/aktialiiga.fi\\\/miehet\\\/wp-content\\\/uploads\\\/sites\\\/5\\\/2024\\\/09\\\/Aktialiiga-Yoast-512.png?fit=512%2C512&ssl=1\",\"contentUrl\":\"https:\\\/\\\/i0.wp.com\\\/aktialiiga.fi\\\/miehet\\\/wp-content\\\/uploads\\\/sites\\\/5\\\/2024\\\/09\\\/Aktialiiga-Yoast-512.png?fit=512%2C512&ssl=1\",\"width\":512,\"height\":512,\"caption\":\"K\u00e4sipallon miesten Aktialiiga\"},\"image\":{\"@id\":\"https:\\\/\\\/aktialiiga.fi\\\/miehet\\\/#\\\/schema\\\/logo\\\/image\\\/\"},\"sameAs\":[\"https:\\\/\\\/www.facebook.com\\\/finnhandball\",\"https:\\\/\\\/x.com\\\/finnhandball\",\"https:\\\/\\\/www.instagram.com\\\/handballfinland\\\/\"]},{\"@type\":\"Person\",\"@id\":\"https:\\\/\\\/aktialiiga.fi\\\/miehet\\\/#\\\/schema\\\/person\\\/c14bf42f47041db74603c45afcb18d87\",\"name\":\"tbrmedia\",\"image\":{\"@type\":\"ImageObject\",\"inLanguage\":\"fi\",\"@id\":\"https:\\\/\\\/secure.gravatar.com\\\/avatar\\\/ee975fa091fe581d12b60debb3439022686618368a7c142044c56724d4666b16?s=96&d=mm&r=g\",\"url\":\"https:\\\/\\\/secure.gravatar.com\\\/avatar\\\/ee975fa091fe581d12b60debb3439022686618368a7c142044c56724d4666b16?s=96&d=mm&r=g\",\"contentUrl\":\"https:\\\/\\\/secure.gravatar.com\\\/avatar\\\/ee975fa091fe581d12b60debb3439022686618368a7c142044c56724d4666b16?s=96&d=mm&r=g\",\"caption\":\"tbrmedia\"}}]}<\/script>\n<!-- \/ Yoast SEO plugin. -->","yoast_head_json":{"title":"Dicken piti BK-46:tta ahtaalla | K\u00e4sipallon miesten Aktialiiga","robots":{"index":"index","follow":"follow","max-snippet":"max-snippet:-1","max-image-preview":"max-image-preview:large","max-video-preview":"max-video-preview:-1"},"canonical":"https:\/\/aktialiiga.fi\/miehet\/2025-2026\/ottelut\/dicken-piti-bk-46tta-ahtaalla\/","og_locale":"fi_FI","og_type":"article","og_title":"Dicken piti BK-46:tta ahtaalla | K\u00e4sipallon miesten Aktialiiga","og_description":"BK-46 jatkaa puhtaalla pelill\u00e4 haettuaan tiistaina voiton Dickenist\u00e4, mutta sai tehd\u00e4 tosissaan t\u00f6it\u00e4 voittonsa eteen. BK otti alkuminuuttien j\u00e4lkeen otteen pelist\u00e4, mutta ei pystynyt isompaa eroa is\u00e4ntiins\u00e4 rep\u00e4isem\u00e4\u00e4n. Jakson puoliv\u00e4liss\u00e4 BK oli jo hiukan karkaamassa, mutta Dicken nousi uudestaan tuntumaan. Tauolle mentiin kolmen maalin vierasjohdossa. Toisen jakson alussa Dicken nousi j\u00e4lleen vain maalin p\u00e4\u00e4h\u00e4n, mutta [&hellip;]","og_url":"https:\/\/aktialiiga.fi\/miehet\/2025-2026\/ottelut\/dicken-piti-bk-46tta-ahtaalla\/","og_site_name":"K\u00e4sipallon miesten Aktialiiga","article_publisher":"https:\/\/www.facebook.com\/finnhandball","article_published_time":"2025-10-21T17:28:00+00:00","article_modified_time":"2025-10-21T18:06:03+00:00","og_image":[{"width":2560,"height":1706,"url":"https:\/\/aktialiiga.fi\/miehet\/wp-content\/uploads\/sites\/5\/2024\/09\/Sakkinen-Sebastian-BK-46-2409-scaled.jpg","type":"image\/jpeg"}],"author":"tbrmedia","twitter_card":"summary_large_image","twitter_creator":"@finnhandball","twitter_site":"@finnhandball","schema":{"@context":"https:\/\/schema.org","@graph":[{"@type":"Article","@id":"https:\/\/aktialiiga.fi\/miehet\/2025-2026\/ottelut\/dicken-piti-bk-46tta-ahtaalla\/#article","isPartOf":{"@id":"https:\/\/aktialiiga.fi\/miehet\/2025-2026\/ottelut\/dicken-piti-bk-46tta-ahtaalla\/"},"author":{"name":"tbrmedia","@id":"https:\/\/aktialiiga.fi\/miehet\/#\/schema\/person\/c14bf42f47041db74603c45afcb18d87"},"headline":"Dicken piti BK-46:tta ahtaalla","datePublished":"2025-10-21T17:28:00+00:00","dateModified":"2025-10-21T18:06:03+00:00","mainEntityOfPage":{"@id":"https:\/\/aktialiiga.fi\/miehet\/2025-2026\/ottelut\/dicken-piti-bk-46tta-ahtaalla\/"},"wordCount":291,"publisher":{"@id":"https:\/\/aktialiiga.fi\/miehet\/#organization"},"image":{"@id":"https:\/\/aktialiiga.fi\/miehet\/2025-2026\/ottelut\/dicken-piti-bk-46tta-ahtaalla\/#primaryimage"},"thumbnailUrl":"https:\/\/i0.wp.com\/aktialiiga.fi\/miehet\/wp-content\/uploads\/sites\/5\/2024\/09\/Sakkinen-Sebastian-BK-46-2409-scaled.jpg?fit=2560%2C1706&ssl=1","keywords":["BK-46","Dicken"],"articleSection":["Ottelut 2025-26"],"inLanguage":"fi"},{"@type":"WebPage","@id":"https:\/\/aktialiiga.fi\/miehet\/2025-2026\/ottelut\/dicken-piti-bk-46tta-ahtaalla\/","url":"https:\/\/aktialiiga.fi\/miehet\/2025-2026\/ottelut\/dicken-piti-bk-46tta-ahtaalla\/","name":"Dicken piti BK-46:tta ahtaalla | K\u00e4sipallon miesten Aktialiiga","isPartOf":{"@id":"https:\/\/aktialiiga.fi\/miehet\/#website"},"primaryImageOfPage":{"@id":"https:\/\/aktialiiga.fi\/miehet\/2025-2026\/ottelut\/dicken-piti-bk-46tta-ahtaalla\/#primaryimage"},"image":{"@id":"https:\/\/aktialiiga.fi\/miehet\/2025-2026\/ottelut\/dicken-piti-bk-46tta-ahtaalla\/#primaryimage"},"thumbnailUrl":"https:\/\/i0.wp.com\/aktialiiga.fi\/miehet\/wp-content\/uploads\/sites\/5\/2024\/09\/Sakkinen-Sebastian-BK-46-2409-scaled.jpg?fit=2560%2C1706&ssl=1","datePublished":"2025-10-21T17:28:00+00:00","dateModified":"2025-10-21T18:06:03+00:00","breadcrumb":{"@id":"https:\/\/aktialiiga.fi\/miehet\/2025-2026\/ottelut\/dicken-piti-bk-46tta-ahtaalla\/#breadcrumb"},"inLanguage":"fi","potentialAction":[{"@type":"ReadAction","target":["https:\/\/aktialiiga.fi\/miehet\/2025-2026\/ottelut\/dicken-piti-bk-46tta-ahtaalla\/"]}]},{"@type":"ImageObject","inLanguage":"fi","@id":"https:\/\/aktialiiga.fi\/miehet\/2025-2026\/ottelut\/dicken-piti-bk-46tta-ahtaalla\/#primaryimage","url":"https:\/\/i0.wp.com\/aktialiiga.fi\/miehet\/wp-content\/uploads\/sites\/5\/2024\/09\/Sakkinen-Sebastian-BK-46-2409-scaled.jpg?fit=2560%2C1706&ssl=1","contentUrl":"https:\/\/i0.wp.com\/aktialiiga.fi\/miehet\/wp-content\/uploads\/sites\/5\/2024\/09\/Sakkinen-Sebastian-BK-46-2409-scaled.jpg?fit=2560%2C1706&ssl=1","width":2560,"height":1706,"caption":"S\u00e4kkinen Sebastian BK-46"},{"@type":"BreadcrumbList","@id":"https:\/\/aktialiiga.fi\/miehet\/2025-2026\/ottelut\/dicken-piti-bk-46tta-ahtaalla\/#breadcrumb","itemListElement":[{"@type":"ListItem","position":1,"name":"Etusivu","item":"https:\/\/aktialiiga.fi\/miehet\/"},{"@type":"ListItem","position":2,"name":"Dicken piti BK-46:tta ahtaalla"}]},{"@type":"WebSite","@id":"https:\/\/aktialiiga.fi\/miehet\/#website","url":"https:\/\/aktialiiga.fi\/miehet\/","name":"K\u00e4sipallon miesten Aktialiiga","description":"Valtakunnan vauhdikkainta palloilua!","publisher":{"@id":"https:\/\/aktialiiga.fi\/miehet\/#organization"},"potentialAction":[{"@type":"SearchAction","target":{"@type":"EntryPoint","urlTemplate":"https:\/\/aktialiiga.fi\/miehet\/?s={search_term_string}"},"query-input":{"@type":"PropertyValueSpecification","valueRequired":true,"valueName":"search_term_string"}}],"inLanguage":"fi"},{"@type":"Organization","@id":"https:\/\/aktialiiga.fi\/miehet\/#organization","name":"K\u00e4sipallon miesten Aktialiiga","url":"https:\/\/aktialiiga.fi\/miehet\/","logo":{"@type":"ImageObject","inLanguage":"fi","@id":"https:\/\/aktialiiga.fi\/miehet\/#\/schema\/logo\/image\/","url":"https:\/\/i0.wp.com\/aktialiiga.fi\/miehet\/wp-content\/uploads\/sites\/5\/2024\/09\/Aktialiiga-Yoast-512.png?fit=512%2C512&ssl=1","contentUrl":"https:\/\/i0.wp.com\/aktialiiga.fi\/miehet\/wp-content\/uploads\/sites\/5\/2024\/09\/Aktialiiga-Yoast-512.png?fit=512%2C512&ssl=1","width":512,"height":512,"caption":"K\u00e4sipallon miesten Aktialiiga"},"image":{"@id":"https:\/\/aktialiiga.fi\/miehet\/#\/schema\/logo\/image\/"},"sameAs":["https:\/\/www.facebook.com\/finnhandball","https:\/\/x.com\/finnhandball","https:\/\/www.instagram.com\/handballfinland\/"]},{"@type":"Person","@id":"https:\/\/aktialiiga.fi\/miehet\/#\/schema\/person\/c14bf42f47041db74603c45afcb18d87","name":"tbrmedia","image":{"@type":"ImageObject","inLanguage":"fi","@id":"https:\/\/secure.gravatar.com\/avatar\/ee975fa091fe581d12b60debb3439022686618368a7c142044c56724d4666b16?s=96&d=mm&r=g","url":"https:\/\/secure.gravatar.com\/avatar\/ee975fa091fe581d12b60debb3439022686618368a7c142044c56724d4666b16?s=96&d=mm&r=g","contentUrl":"https:\/\/secure.gravatar.com\/avatar\/ee975fa091fe581d12b60debb3439022686618368a7c142044c56724d4666b16?s=96&d=mm&r=g","caption":"tbrmedia"}}]}},"jetpack_featured_media_url":"https:\/\/i0.wp.com\/aktialiiga.fi\/miehet\/wp-content\/uploads\/sites\/5\/2024\/09\/Sakkinen-Sebastian-BK-46-2409-scaled.jpg?fit=2560%2C1706&ssl=1","jetpack_sharing_enabled":true,"jetpack_shortlink":"https:\/\/wp.me\/pfTxOr-hxt","_links":{"self":[{"href":"https:\/\/aktialiiga.fi\/miehet\/wp-json\/wp\/v2\/posts\/67423","targetHints":{"allow":["GET"]}}],"collection":[{"href":"https:\/\/aktialiiga.fi\/miehet\/wp-json\/wp\/v2\/posts"}],"about":[{"href":"https:\/\/aktialiiga.fi\/miehet\/wp-json\/wp\/v2\/types\/post"}],"author":[{"embeddable":true,"href":"https:\/\/aktialiiga.fi\/miehet\/wp-json\/wp\/v2\/users\/13"}],"replies":[{"embeddable":true,"href":"https:\/\/aktialiiga.fi\/miehet\/wp-json\/wp\/v2\/comments?post=67423"}],"version-history":[{"count":4,"href":"https:\/\/aktialiiga.fi\/miehet\/wp-json\/wp\/v2\/posts\/67423\/revisions"}],"predecessor-version":[{"id":67432,"href":"https:\/\/aktialiiga.fi\/miehet\/wp-json\/wp\/v2\/posts\/67423\/revisions\/67432"}],"wp:featuredmedia":[{"embeddable":true,"href":"https:\/\/aktialiiga.fi\/miehet\/wp-json\/wp\/v2\/media\/61169"}],"wp:attachment":[{"href":"https:\/\/aktialiiga.fi\/miehet\/wp-json\/wp\/v2\/media?parent=67423"}],"wp:term":[{"taxonomy":"category","embeddable":true,"href":"https:\/\/aktialiiga.fi\/miehet\/wp-json\/wp\/v2\/categories?post=67423"},{"taxonomy":"post_tag","embeddable":true,"href":"https:\/\/aktialiiga.fi\/miehet\/wp-json\/wp\/v2\/tags?post=67423"}],"curies":[{"name":"wp","href":"https:\/\/api.w.org\/{rel}","templated":true}]}}