{"id":67443,"date":"2025-10-23T22:10:45","date_gmt":"2025-10-23T19:10:45","guid":{"rendered":"https:\/\/aktialiiga.fi\/miehet\/?p=67443"},"modified":"2025-11-10T13:36:11","modified_gmt":"2025-11-10T11:36:11","slug":"viikon-helmi-tappiottomien-taisto-karjaalla-hifk-haastaa-bk-46n-sarjafinaalissa","status":"publish","type":"post","link":"https:\/\/aktialiiga.fi\/miehet\/2025-2026\/ennakot\/viikon-helmi-tappiottomien-taisto-karjaalla-hifk-haastaa-bk-46n-sarjafinaalissa\/","title":{"rendered":"VIIKON HELMI: Tappiottomien taisto Karjaalla &#8211; HIFK haastaa BK-46:n sarjafinaalissa"},"content":{"rendered":"<div  id=\"striimi\"  class='flex_column av-mfgnpbfs-0bf61075f7c22cbfafcdcd6b2f001f02 av_one_full  avia-builder-el-0  el_before_av_one_fourth  avia-builder-el-first  first flex_column_div  '     ><\/div>\n<div class='flex_column_table av-mf560t2t-6052fd97c20003b8771e9bfeac7e06c8 sc-av_one_fourth av-equal-height-column-flextable'><div  class='flex_column av-mf560t2t-6052fd97c20003b8771e9bfeac7e06c8 av_one_fourth  avia-builder-el-2  el_after_av_one_full  el_before_av_three_fourth  first flex_column_table_cell av-equal-height-column av-align-middle  column-top-margin'     ><style type=\"text\/css\" data-created_by=\"avia_inline_auto\" id=\"style-css-av-mf560kz6-aab26529b55552c5e4c7c282c8292839\">\n.avia-image-container.av-mf560kz6-aab26529b55552c5e4c7c282c8292839 img.avia_image{\nbox-shadow:none;\n}\n.avia-image-container.av-mf560kz6-aab26529b55552c5e4c7c282c8292839 .av-image-caption-overlay-center{\ncolor:#ffffff;\n}\n<\/style>\n<div  class='avia-image-container av-mf560kz6-aab26529b55552c5e4c7c282c8292839 av-styling- av-img-linked avia-align-center  avia-builder-el-3  avia-builder-el-no-sibling '   itemprop=\"image\" itemscope=\"itemscope\" itemtype=\"https:\/\/schema.org\/ImageObject\" ><div class=\"avia-image-container-inner\"><div class=\"avia-image-overlay-wrap\"><a href=\"https:\/\/aktialiiga.fi\/handistv\/\" class='avia_image '  aria-label='HandisTV'><img decoding=\"async\" fetchpriority=\"high\" class='wp-image-43724 avia-img-lazy-loading-not-43724 avia_image ' src=\"https:\/\/i0.wp.com\/aktialiiga.fi\/miehet\/wp-content\/uploads\/sites\/5\/2023\/09\/HandisTV-logo-sininen-003.png?fit=300%2C125&ssl=1\" alt='' title='HandisTV'  height=\"125\" width=\"300\"  itemprop=\"thumbnailUrl\" srcset=\"https:\/\/i0.wp.com\/aktialiiga.fi\/miehet\/wp-content\/uploads\/sites\/5\/2023\/09\/HandisTV-logo-sininen-003.png?w=1920&amp;ssl=1 1920w, https:\/\/i0.wp.com\/aktialiiga.fi\/miehet\/wp-content\/uploads\/sites\/5\/2023\/09\/HandisTV-logo-sininen-003.png?resize=300%2C125&amp;ssl=1 300w, https:\/\/i0.wp.com\/aktialiiga.fi\/miehet\/wp-content\/uploads\/sites\/5\/2023\/09\/HandisTV-logo-sininen-003.png?resize=1030%2C429&amp;ssl=1 1030w, https:\/\/i0.wp.com\/aktialiiga.fi\/miehet\/wp-content\/uploads\/sites\/5\/2023\/09\/HandisTV-logo-sininen-003.png?resize=768%2C320&amp;ssl=1 768w, https:\/\/i0.wp.com\/aktialiiga.fi\/miehet\/wp-content\/uploads\/sites\/5\/2023\/09\/HandisTV-logo-sininen-003.png?resize=1536%2C640&amp;ssl=1 1536w, https:\/\/i0.wp.com\/aktialiiga.fi\/miehet\/wp-content\/uploads\/sites\/5\/2023\/09\/HandisTV-logo-sininen-003.png?resize=1200%2C500&amp;ssl=1 1200w, https:\/\/i0.wp.com\/aktialiiga.fi\/miehet\/wp-content\/uploads\/sites\/5\/2023\/09\/HandisTV-logo-sininen-003.png?resize=1500%2C625&amp;ssl=1 1500w, https:\/\/i0.wp.com\/aktialiiga.fi\/miehet\/wp-content\/uploads\/sites\/5\/2023\/09\/HandisTV-logo-sininen-003.png?resize=705%2C294&amp;ssl=1 705w\" sizes=\"(max-width: 300px) 100vw, 300px\" \/><\/a><\/div><\/div><\/div><\/div>\n<div class='av-flex-placeholder'><\/div><div  class='flex_column av-1picrjl-acc8abc0e8e884f0d05e9244cede6d83 av_three_fourth  avia-builder-el-4  el_after_av_one_fourth  el_before_av_hr  flex_column_table_cell av-equal-height-column av-align-middle  column-top-margin'     ><div  class='avia-button-wrap avia-button-center  avia-builder-el-5  avia-builder-el-no-sibling '>\n<style type=\"text\/css\" data-created_by=\"avia_inline_auto\" id=\"style-css-av-1b7j8r5-e8e5b0f6016b8efcaedd8c7f3f02032d\">\n#top #wrap_all .avia-button.av-1b7j8r5-e8e5b0f6016b8efcaedd8c7f3f02032d:hover{\ncolor:white;\ntransition:all 0.4s ease-in-out;\n}\n#top #wrap_all .avia-button.av-1b7j8r5-e8e5b0f6016b8efcaedd8c7f3f02032d:hover .avia-svg-icon svg:first-child{\nfill:white;\nstroke:white;\n}\n<\/style>\n<a href='https:\/\/handis.tv\/bk-46-handboll\/games\/g\/9pf5aqr4' class='avia-color-theme-color avia-font-color-theme-color avia-button avia-button-fullwidth av-1b7j8r5-e8e5b0f6016b8efcaedd8c7f3f02032d avia-icon_select-no avia-color-theme-color'  target=\"_blank\"  rel=\"noopener noreferrer\"  aria-label=\"Katso ottelu HandisTV:ss\u00e4\"><span class='avia_iconbox_title' >Katso ottelu HandisTV:ss\u00e4<\/span><span class='avia_button_background avia-button avia-button-fullwidth avia-color-theme-color-highlight'><\/span><\/a><\/div><\/div><\/div><!--close column table wrapper. Autoclose: 1 -->\n\n<style type=\"text\/css\" data-created_by=\"avia_inline_auto\" id=\"style-css-av-ncy19t-268f4dc50f82404318c5ac0b3acd0620\">\n#top .hr.hr-invisible.av-ncy19t-268f4dc50f82404318c5ac0b3acd0620{\nheight:10px;\n}\n<\/style>\n<div  class='hr av-ncy19t-268f4dc50f82404318c5ac0b3acd0620 hr-invisible  avia-builder-el-6  el_after_av_three_fourth  el_before_av_heading '><span class='hr-inner '><span class=\"hr-inner-style\"><\/span><\/span><\/div>\n\n<style type=\"text\/css\" data-created_by=\"avia_inline_auto\" id=\"style-css-av-mf3vn3xr-a764e63437af40efbe8a59f84d6bd160\">\n#top .av-special-heading.av-mf3vn3xr-a764e63437af40efbe8a59f84d6bd160{\npadding-bottom:10px;\n}\nbody .av-special-heading.av-mf3vn3xr-a764e63437af40efbe8a59f84d6bd160 .av-special-heading-tag .heading-char{\nfont-size:25px;\n}\n.av-special-heading.av-mf3vn3xr-a764e63437af40efbe8a59f84d6bd160 .av-subheading{\nfont-size:15px;\n}\n<\/style>\n<div  class='av-special-heading av-mf3vn3xr-a764e63437af40efbe8a59f84d6bd160 av-special-heading-h1 blockquote modern-quote  avia-builder-el-7  el_after_av_hr  el_before_av_three_fifth '><h1 class='av-special-heading-tag '  itemprop=\"headline\"  >VIIKON HELMI: Tappiottomien taisto Karjaalla &#8211; HIFK haastaa BK-46:n sarjafinaalissa<\/h1><div class=\"special-heading-border\"><div class=\"special-heading-inner-border\"><\/div><\/div><\/div>\n<div class='flex_column_table av-11ngu9d-27bf49a7f29346725af072585d8a9b9a sc-av_three_fifth av-equal-height-column-flextable'><div  class='flex_column av-11ngu9d-27bf49a7f29346725af072585d8a9b9a av_three_fifth  avia-builder-el-8  el_after_av_heading  el_before_av_two_fifth  first flex_column_table_cell av-equal-height-column av-align-middle  '     ><section  class='av_textblock_section av-mf3r5gxg-9fa5fc53b4c3b48f5f9f8f71ad7daace '   itemscope=\"itemscope\" itemtype=\"https:\/\/schema.org\/BlogPosting\" itemprop=\"blogPost\" ><div class='avia_textblock'  itemprop=\"text\" ><p><strong>Miesten Aktialiiga l\u00e4hestyy vauhdilla kohti ensimm\u00e4isen sarjanelj\u00e4nneksen p\u00e4\u00e4t\u00f6sotteluita, ja lauantaina n\u00e4hd\u00e4\u00e4n pienimuotoinen sarjafinaali, kun tappiottomat BK-46 ja HIFK kokoontuvat Karjaalle. Ennen ottelua HIFK jyll\u00e4\u00e4 sarjak\u00e4rjess\u00e4 kuudella voitolla, BK:n hengitt\u00e4ess\u00e4 niskaan yht\u00e4 ottelua v\u00e4hemm\u00e4n pelanneena.\u00a0<\/strong><\/p>\n<p><strong>Viikon helmi -ottelu alkaa kello 16:00. <\/strong><strong>P\u00e4iv\u00e4n muissa kahinoissa kuudentena oleva Dicken saa vieraakseen kolmantena majailevan GrIFK:n ja nelonen Cocks <a href=\"https:\/\/aktialiiga.fi\/miehet\/ajankohtaista\/sif-vaihtaa-paavalmentajaa-gintaras-savukynas-palaa-suomeen\/\">juuri valmentajansa vaihtaneen viitosen, SIF:n<\/a>. Tammisaaressa t\u00e4rkeist\u00e4 sarjapisteist\u00e4 taistelevat pudotuspeliviivan alapuolella oleva kaksikko EIF ja \u00c5IFK.<\/strong><\/p>\n<\/div><\/section><\/div>\n<div class='av-flex-placeholder'><\/div>\n<style type=\"text\/css\" data-created_by=\"avia_inline_auto\" id=\"style-css-av-mf552js6-951d4fd8759aec35c29c93c0d832d4ef\">\n.flex_column.av-mf552js6-951d4fd8759aec35c29c93c0d832d4ef{\nborder-width:1px;\nborder-color:#000000;\nborder-style:solid;\npadding:10px 0px 0px 10px;\nbackground-color:#f1f1f1;\n}\n<\/style>\n<div  class='flex_column av-mf552js6-951d4fd8759aec35c29c93c0d832d4ef av_two_fifth  avia-builder-el-10  el_after_av_three_fifth  el_before_av_hr  flex_column_table_cell av-equal-height-column av-align-middle  '     ><\/div><\/div><!--close column table wrapper. Autoclose: 1 -->\n\n<style type=\"text\/css\" data-created_by=\"avia_inline_auto\" id=\"style-css-av-vh1anl-e6e4da802057f78beddcdb82bd7182e4\">\n#top .hr.hr-invisible.av-vh1anl-e6e4da802057f78beddcdb82bd7182e4{\nheight:10px;\n}\n<\/style>\n<div  class='hr av-vh1anl-e6e4da802057f78beddcdb82bd7182e4 hr-invisible  avia-builder-el-12  el_after_av_two_fifth  el_before_av_one_full '><span class='hr-inner '><span class=\"hr-inner-style\"><\/span><\/span><\/div>\n<div  class='flex_column av-2tqhe8h-3f6047c84c0289b045b42a74b7089447 av_one_full  avia-builder-el-13  el_after_av_hr  el_before_av_one_full  first flex_column_div  '     ><section  class='av_textblock_section av-mf3vxg2s-e7e0fb0e625425821cf3ebe5daba68b5 '   itemscope=\"itemscope\" itemtype=\"https:\/\/schema.org\/BlogPosting\" itemprop=\"blogPost\" ><div class='avia_textblock'  itemprop=\"text\" ><p>Siin\u00e4 ett\u00e4 24-kertainen Suomen mestari BK-46 keikkuu runkosarjan k\u00e4rkipaikoilla ei ole mit\u00e4\u00e4n ihmeellist\u00e4, mutta HIFK:n kauden aloitus on ollut se alkukauden suurin huutomerkki. Kuudesta pelaamastaan ottelusta viidess\u00e4 vastustaja on n\u00f6yrtynyt yli 10 maalin erolla. Stadin t\u00e4htirintojen maaliero on per\u00e4ti 92 maalia plussalla.<\/p>\n<p>Jo viime kaudella HIFK oli l\u00e4hell\u00e4 katkaista 36 vuotta pitk\u00e4n mitalittoman putkensa, mutta marginaalit olivat kev\u00e4\u00e4ll\u00e4 GrIFK:n puolella. Nyt joukkue on saanut Aktialiigaan lent\u00e4v\u00e4n l\u00e4hd\u00f6n. T\u00e4sm\u00e4hankinnat ovat olleet nappiosumia, ja erityisesti Ruotsista hankittu Christian Cosmo on osoittautunut arvokkaaksi pelaajaksi. 27-vuotias Kristianstadista kotoisin oleva takapelaaja kertoo Aktialiigan tason olleen juuri sellainen kuin h\u00e4n odottikin.<\/p>\n<p>&#8211; On joukkueita, jotka rakentavat tulevaisuutta varten, joukkueita, joissa on hieman kokeneempia pelaajia, ja sitten niit\u00e4, jotka t\u00e4ht\u00e4\u00e4v\u00e4t sarjan k\u00e4rkisijoille.<\/p>\n<h3>Samanlainen pelitapa<\/h3>\n<p>HIFK on ollut alkukauden todella vahva, siihen Cosmo n\u00e4kee syyksi jatkumon viime kaudella luodun perustan p\u00e4\u00e4lle.<\/p>\n<p>&#8211; HIFK oli jo viime vuonna hyv\u00e4 tekem\u00e4\u00e4n paljon maaleja, mutta t\u00e4n\u00e4 vuonna olemme tiivist\u00e4neet puolustusta, joten meid\u00e4n ei tarvitse tehd\u00e4 yli 40 maalia voittaaksemme. Lis\u00e4ksi nuoret pelaajamme ovat vuoden vanhempia, ja se n\u00e4kyy heid\u00e4n otteissaan.<\/p>\n<p>Lauantain vastustaja n\u00e4hd\u00e4\u00e4n HIFK:ssa samantyylisen\u00e4 joukkueena mit\u00e4 se itsekin on. Cosmo odottaa vauhdikasta ja fyysist\u00e4 ottelua, jossa on paljon taistelua.<\/p>\n<p>&#8211; On todella hienoa p\u00e4\u00e4st\u00e4 pelaamaan yht\u00e4 Suomen viime vuosien parhaista \u2013 ellei parasta \u2013 joukkuetta vastaan. BK:lla on hyvin samanlainen pelitapa kuin meill\u00e4. He haluavat olla vahvoja puolustuksessa ja iske\u00e4 vastaan, kun vastustaja tekee virheit\u00e4 tai menett\u00e4\u00e4 pallon, ja he ovat siin\u00e4 eritt\u00e4in tehokkaita. Lis\u00e4ksi heill\u00e4 on yksitt\u00e4isi\u00e4 huippupelaajia, jotka voivat ratkaista otteluita tarpeen vaatiessa vaikka yksin\u00e4\u00e4n.<\/p>\n<\/div><\/section><\/div>\n<div  class='flex_column av-2dmnc6p-2bd0dd290a3c47771b81d759d0e6b398 av_one_full  avia-builder-el-15  el_after_av_one_full  el_before_av_one_full  first flex_column_div  column-top-margin'     ><p>\n<style type=\"text\/css\" data-created_by=\"avia_inline_auto\" id=\"style-css-av-mf3vlo9b-a4adaceca4f63c82b588aaddff4a249a\">\n.avia-image-container.av-mf3vlo9b-a4adaceca4f63c82b588aaddff4a249a img.avia_image{\nbox-shadow:none;\n}\n.avia-image-container.av-mf3vlo9b-a4adaceca4f63c82b588aaddff4a249a .av-image-caption-overlay-center{\ncolor:#ffffff;\n}\n<\/style>\n<div  class='avia-image-container av-mf3vlo9b-a4adaceca4f63c82b588aaddff4a249a av-styling- avia-align-center  avia-builder-el-16  el_before_av_textblock  avia-builder-el-first  av-has-copyright av-copyright-icon-reveal'   itemprop=\"image\" itemscope=\"itemscope\" itemtype=\"https:\/\/schema.org\/ImageObject\" ><div class=\"avia-image-container-inner\"><div class=\"avia-image-overlay-wrap\"><img decoding=\"async\" fetchpriority=\"high\" class='wp-image-67002 avia-img-lazy-loading-not-67002 avia_image ' src=\"https:\/\/i0.wp.com\/aktialiiga.fi\/miehet\/wp-content\/uploads\/sites\/5\/2025\/10\/A7301698-e1761158895213.jpg?fit=1597%2C1040&ssl=1\" alt='' title='Christian Cosmo, HIFK'  height=\"1040\" width=\"1597\"  itemprop=\"thumbnailUrl\" srcset=\"https:\/\/i0.wp.com\/aktialiiga.fi\/miehet\/wp-content\/uploads\/sites\/5\/2025\/10\/A7301698-e1761158895213.jpg?w=1597&amp;ssl=1 1597w, https:\/\/i0.wp.com\/aktialiiga.fi\/miehet\/wp-content\/uploads\/sites\/5\/2025\/10\/A7301698-e1761158895213.jpg?resize=300%2C195&amp;ssl=1 300w, https:\/\/i0.wp.com\/aktialiiga.fi\/miehet\/wp-content\/uploads\/sites\/5\/2025\/10\/A7301698-e1761158895213.jpg?resize=1030%2C671&amp;ssl=1 1030w, https:\/\/i0.wp.com\/aktialiiga.fi\/miehet\/wp-content\/uploads\/sites\/5\/2025\/10\/A7301698-e1761158895213.jpg?resize=768%2C500&amp;ssl=1 768w, https:\/\/i0.wp.com\/aktialiiga.fi\/miehet\/wp-content\/uploads\/sites\/5\/2025\/10\/A7301698-e1761158895213.jpg?resize=1536%2C1000&amp;ssl=1 1536w, https:\/\/i0.wp.com\/aktialiiga.fi\/miehet\/wp-content\/uploads\/sites\/5\/2025\/10\/A7301698-e1761158895213.jpg?resize=1500%2C977&amp;ssl=1 1500w, https:\/\/i0.wp.com\/aktialiiga.fi\/miehet\/wp-content\/uploads\/sites\/5\/2025\/10\/A7301698-e1761158895213.jpg?resize=705%2C459&amp;ssl=1 705w\" sizes=\"(max-width: 1500px) 100vw, 1500px\" \/><\/div><small class=\"avia-copyright\">&copy; Robert Lemberg<span class='avia-svg-icon avia-font-svg_entypo-fontello' data-av_svg_icon='info' data-av_iconset='svg_entypo-fontello'><svg version=\"1.1\" xmlns=\"http:\/\/www.w3.org\/2000\/svg\" width=\"15\" height=\"32\" viewBox=\"0 0 15 32\" preserveAspectRatio=\"xMidYMid meet\" aria-labelledby='av-svg-title-2' aria-describedby='av-svg-desc-2' role=\"graphics-symbol\">\n<title id='av-svg-title-2'>Info<\/title>\n<desc id='av-svg-desc-2'>Info<\/desc>\n<path d=\"M11.264 0q1.536 0 2.368 0.864t0.832 2.208q0 1.6-1.248 2.816t-3.040 1.216q-1.536 0-2.368-0.832t-0.768-2.304q0-1.472 1.12-2.72t3.104-1.248zM4.672 32q-3.2 0-1.728-5.696l1.92-8.128q0.448-1.792 0-1.792-0.384 0-1.728 0.576t-2.304 1.216l-0.832-1.408q2.88-2.496 6.048-4.032t4.832-1.536q2.496 0 1.152 5.184l-2.24 8.512q-0.512 2.048 0.192 2.048 1.408 0 3.776-1.92l0.96 1.28q-2.688 2.752-5.6 4.224t-4.448 1.472z\"><\/path>\n<\/svg><\/span><\/small><\/div><\/div><br \/>\n<section  class='av_textblock_section av-mf3x701d-2954bab5094d7b86e6e4c9cfc2a1051d '   itemscope=\"itemscope\" itemtype=\"https:\/\/schema.org\/BlogPosting\" itemprop=\"blogPost\" ><div class='avia_textblock'  itemprop=\"text\" ><section class=\"av_textblock_section av-mf3vwk4v-a740c0cdac9ec6555e1b5ffffcab0f7a \">\n<div class=\"avia_textblock\">\n<blockquote>\n<p>Christian Cosmo (52) on osoittautunut kelpo vahvistukseksi HIFK:lle. My\u00f6s Vili Lepp\u00e4nen (60) on ollut alkukauden otteluissa tehokas. Kuva: Robert Lemberg.<\/p>\n<\/blockquote>\n<\/div>\n<\/section>\n<\/div><\/section><br \/>\n\n<style type=\"text\/css\" data-created_by=\"avia_inline_auto\" id=\"style-css-av-1nomicx-47e757df41a7fb3f3dd330a9ad5c0a94\">\n#top .hr.hr-invisible.av-1nomicx-47e757df41a7fb3f3dd330a9ad5c0a94{\nheight:10px;\n}\n<\/style>\n<div  class='hr av-1nomicx-47e757df41a7fb3f3dd330a9ad5c0a94 hr-invisible  avia-builder-el-18  el_after_av_textblock  el_before_av_textblock '><span class='hr-inner '><span class=\"hr-inner-style\"><\/span><\/span><\/div><br \/>\n<section  class='av_textblock_section av-mh3rkxxu-7a28dd322126f6bda435e290c9a9f90e '   itemscope=\"itemscope\" itemtype=\"https:\/\/schema.org\/BlogPosting\" itemprop=\"blogPost\" ><div class='avia_textblock'  itemprop=\"text\" ><p>Vierasjoukkueen edellisest\u00e4 ottelusta on vier\u00e4ht\u00e4nyt jo reilu viikko, kun taas karjaalaiset ovat ahkeroineet t\u00e4ysin eri tahtiin. Vaikka BK:lla pelituntumasta ei ole puutetta, Cosmo ei usko HIFK:n saavan siit\u00e4 merkitt\u00e4v\u00e4\u00e4 etua.<\/p>\n<p>&#8211; On aina rankkaa pelata monta ottelua lyhyess\u00e4 ajassa, mutta he ovat kierr\u00e4tt\u00e4neet pelaajiaan eri peleiss\u00e4. En ep\u00e4ile, etteiv\u00e4tk\u00f6 he olisi hyv\u00e4ss\u00e4 kunnossa ja t\u00e4ydell\u00e4 miehist\u00f6ll\u00e4 meit\u00e4 vastaan.<\/p>\n<p><strong>Mik\u00e4 sitten ratkaisee ottelun?<\/strong><\/p>\n<p>&#8211; Maalivahtien peli, se kumpi pystyy paremmin hy\u00f6dynt\u00e4m\u00e4\u00e4n vastustajan virheet ja se, kumpi on vahvempi viimeiset 15 minuuttia.<\/p>\n<\/div><\/section><\/p><\/div>\n<div  class='flex_column av-nt51dg-c5c30586acde96ce5ecf4afc2ad6c9d5 av_one_full  avia-builder-el-20  el_after_av_one_full  el_before_av_two_third  first flex_column_div  column-top-margin'     ><section  class='av_textblock_section av-mfo7eyro-9825dfbd416e90b96e177e8b0183cf55 '   itemscope=\"itemscope\" itemtype=\"https:\/\/schema.org\/BlogPosting\" itemprop=\"blogPost\" ><div class='avia_textblock'  itemprop=\"text\" ><h3>&#8221;Otteluruuhkasta hy\u00f6ty\u00e4 kev\u00e4\u00e4ll\u00e4&#8221;<\/h3>\n<p>BK-46 on siis keskell\u00e4 otteluruuhkaa, kun edess\u00e4 on jo nelj\u00e4s ottelu yhdeks\u00e4\u00e4n p\u00e4iv\u00e4\u00e4n. EHF European Cupissa BK otti jatkopaikan bosnialaisvastustajansa RK Vogoscan kustannuksella yhteismaalein 69-62. Tiistaina karjaalaiset k\u00e4viv\u00e4t parin luottopelaajansa poissaolosta huolimatta hakemassa sarjapisteet Dickenilt\u00e4 Pirkkolasta. Valmentaja Andreas R\u00f6nnberg tiesi odottaa vaikeaa ottelua, ja sellainen siit\u00e4 tulikin, vaikka voitto lopulta irtosikin lukemin 31-24.<\/p>\n<p>&#8211; <span class=\"cf0\">Meill\u00e4 oli viikonloppuna kaksi kovaa ottelua ja j\u00e4tki\u00e4 oli poissa jonkin verran. Tiesin, ett\u00e4 t\u00e4n\u00e4\u00e4n ei tule n\u00e4ytt\u00e4m\u00e4\u00e4n hyv\u00e4lt\u00e4. Lopulta kuitenkin onnistuimme k\u00e4\u00e4nt\u00e4m\u00e4\u00e4n ottelun ja voittamaan ihan ok-esityksell\u00e4<\/span><span class=\"cf0\">.<\/span><\/p>\n<p>Rasitus europeleiss\u00e4 oli siin\u00e4 m\u00e4\u00e4rin kovaa, ett\u00e4 Pirkkolaan joukkue matkusti vain 12 pelaajan kokoonpanolla. Rotaatiota normikokoonpanoon oli teht\u00e4v\u00e4, sill\u00e4 riveist\u00e4 puuttui mm. Mikael Heinonen, jonka mukaan BK:n fokus on syksyisin enemm\u00e4n juuri europeleiss\u00e4.<\/p>\n<p>&#8211; Kyll\u00e4h\u00e4n ne sy\u00f6 voimia, mutta\u00a0toisaalta kovemmat pelit antavat meille paljon etua korkeammasta tasosta, kuin kotiliigan joukkueet. N\u00e4en hy\u00f6dyn enemm\u00e4n jo siell\u00e4 kev\u00e4\u00e4ss\u00e4 kuin t\u00e4ss\u00e4 hetkess\u00e4, europelien osalta.<\/p>\n<\/div><\/section><\/div>\n<div class='flex_column_table av-1x3mq7l-3e45d4308799efd256f3bb642e2dae66 sc-av_two_third av-equal-height-column-flextable'><div  class='flex_column av-1x3mq7l-3e45d4308799efd256f3bb642e2dae66 av_two_third  avia-builder-el-22  el_after_av_one_full  el_before_av_one_third  first flex_column_table_cell av-equal-height-column av-align-top  column-top-margin'     ><section  class='av_textblock_section av-mf3u9rc6-fafb641e8aaa2256dddd644c1548c5b6 '   itemscope=\"itemscope\" itemtype=\"https:\/\/schema.org\/BlogPosting\" itemprop=\"blogPost\" ><div class='avia_textblock'  itemprop=\"text\" ><p>EHF arpoi BK-46:lle kolmannella kierroksella vastaan Viron ykk\u00f6sjoukkueen HC P\u00f6lvan. Heinonen uskoo ett\u00e4 vastustaja on heille hyv\u00e4 vastus, vaikka ei arvonnassa ykk\u00f6ssuosikki ollutkaan.<\/p>\n<p>&#8211; P\u00f6lva sopii meid\u00e4n pelityyliimme, mutta pakko sanoa ett\u00e4 j\u00e4i pikkaisen tyls\u00e4 fiilis. Olisi ollut kiva pelata kokonaan uutta joukkuetta vastaan, jostain l\u00e4mp\u00f6isest\u00e4 maasta.<\/p>\n<p>Lauantain ottelua Vogosca-tuplan j\u00e4lkeen Espanjassa piipahtanut Heinonen sanoo odottavansa innolla.<\/p>\n<p>&#8211; Molemmilla on puhtaalla pelill\u00e4 pelattu sarja, niin varmasti tiukka ja mielenkiintoinen peli tulossa. HIFK on selv\u00e4sti ottanut kehitysaskeleita viime kaudesta ja olisi t\u00e4rke\u00e4\u00e4 saada n\u00e4m\u00e4 pelit voitettua jo t\u00e4ss\u00e4 kohtaa, niin saadaan kev\u00e4\u00e4seen asetelmia.<\/p>\n<p>Heinosta HIFK:n alkukauden menestys ja tulos ei ole isommin yll\u00e4tt\u00e4nyt. Ottelusta h\u00e4n povaa kovavauhtista.<\/p>\n<p>&#8211; Robin Karlssonin sormenj\u00e4ljet alkavat n\u00e4ky\u00e4 peliss\u00e4, niin en ole yll\u00e4ttynyt. HIFK:n rosteri vaikuttaa tasaiselta, jokaiselta pelipaikalta l\u00f6ytyy vaarallinen pelaaja. He ovat saaneet puolustukseen kokoa, mik\u00e4 on antanut laidoille mahdollisuuden p\u00e4\u00e4st\u00e4 kontraamaan.<\/p>\n<p>&#8211; Odotan ett\u00e4 molemmat joukkueet pit\u00e4v\u00e4t kovaa tempoa yll\u00e4 ja menn\u00e4\u00e4n p\u00e4\u00e4st\u00e4 p\u00e4\u00e4h\u00e4n vauhdilla ja uskon ett\u00e4 se, kumpi saa puolustusp\u00e4\u00e4n pit\u00e4m\u00e4\u00e4n ja juostua enemm\u00e4n, tulee t\u00e4m\u00e4n pelin voittamaan. Yleis\u00f6yst\u00e4v\u00e4llinen peli luvassa!<\/p>\n<\/div><\/section><\/div>\n<div class='av-flex-placeholder'><\/div><div  class='flex_column av-1ol92b5-b2556bbbc3d72a738ab9a7641c6d374a av_one_third  avia-builder-el-24  el_after_av_two_third  el_before_av_one_half  flex_column_table_cell av-equal-height-column av-align-top  column-top-margin'     ><p>\n<style type=\"text\/css\" data-created_by=\"avia_inline_auto\" id=\"style-css-av-mf3x7mas-f6d8ea906282f36bb287582664b42718\">\n.avia-image-container.av-mf3x7mas-f6d8ea906282f36bb287582664b42718 img.avia_image{\nbox-shadow:none;\n}\n.avia-image-container.av-mf3x7mas-f6d8ea906282f36bb287582664b42718 .av-image-caption-overlay-center{\ncolor:#ffffff;\n}\n<\/style>\n<div  class='avia-image-container av-mf3x7mas-f6d8ea906282f36bb287582664b42718 av-styling- avia-align-center  avia-builder-el-25  el_before_av_textblock  avia-builder-el-first '   itemprop=\"image\" itemscope=\"itemscope\" itemtype=\"https:\/\/schema.org\/ImageObject\" ><div class=\"avia-image-container-inner\"><div class=\"avia-image-overlay-wrap\"><img decoding=\"async\" fetchpriority=\"high\" class='wp-image-66710 avia-img-lazy-loading-not-66710 avia_image ' src=\"https:\/\/i0.wp.com\/aktialiiga.fi\/miehet\/wp-content\/uploads\/sites\/5\/2025\/10\/1-Mikael-Heinonen.jpg?fit=472%2C708&ssl=1\" alt='' title='1 Mikael Heinonen'  height=\"708\" width=\"472\"  itemprop=\"thumbnailUrl\" srcset=\"https:\/\/i0.wp.com\/aktialiiga.fi\/miehet\/wp-content\/uploads\/sites\/5\/2025\/10\/1-Mikael-Heinonen.jpg?w=472&amp;ssl=1 472w, https:\/\/i0.wp.com\/aktialiiga.fi\/miehet\/wp-content\/uploads\/sites\/5\/2025\/10\/1-Mikael-Heinonen.jpg?resize=200%2C300&amp;ssl=1 200w, https:\/\/i0.wp.com\/aktialiiga.fi\/miehet\/wp-content\/uploads\/sites\/5\/2025\/10\/1-Mikael-Heinonen.jpg?resize=470%2C705&amp;ssl=1 470w\" sizes=\"(max-width: 472px) 100vw, 472px\" \/><\/div><\/div><\/div><br \/>\n<section  class='av_textblock_section av-mh3cfrrw-479f7539e2f5eb5724b49d71f462237b '   itemscope=\"itemscope\" itemtype=\"https:\/\/schema.org\/BlogPosting\" itemprop=\"blogPost\" ><div class='avia_textblock'  itemprop=\"text\" ><section class=\"av_textblock_section av-mf3vwk4v-a740c0cdac9ec6555e1b5ffffcab0f7a \">\n<div class=\"avia_textblock\">\n<blockquote>\n<p>Molemmilla on puhtaalla pelill\u00e4 pelattu sarja, niin varmasti tiukka ja mielenkiintoinen peli tulossa.<\/p>\n<\/blockquote>\n<p style=\"text-align: right;\"><em><strong>\u2013 Mikael Heinonen, BK-46:n #1<\/strong><\/em><\/p>\n<\/div>\n<\/section>\n<\/div><\/section><\/p><\/div><\/div><!--close column table wrapper. Autoclose: 1 -->\n<div class='flex_column_table av-mf3uru94-8c3fd37b1495c5bd65937a9f67cf429d sc-av_one_half av-equal-height-column-flextable'>\n<style type=\"text\/css\" data-created_by=\"avia_inline_auto\" id=\"style-css-av-mf3uru94-8c3fd37b1495c5bd65937a9f67cf429d\">\n.flex_column.av-mf3uru94-8c3fd37b1495c5bd65937a9f67cf429d{\nborder-width:1px;\nborder-color:#e30412;\nborder-style:solid;\nborder-radius:1em 1em 1em 1em;\npadding:2em 1em 0em 1em;\nbackground-color:#f1f1f1;\n}\n<\/style>\n<div  class='flex_column av-mf3uru94-8c3fd37b1495c5bd65937a9f67cf429d av_one_half  avia-builder-el-27  el_after_av_one_third  el_before_av_one_half  first flex_column_table_cell av-equal-height-column av-align-top  column-top-margin'     ><p>\n<style type=\"text\/css\" data-created_by=\"avia_inline_auto\" id=\"style-css-av-10oa5zn-827723b78af157b2380ca0e39b9e85a4\">\n#top .av-special-heading.av-10oa5zn-827723b78af157b2380ca0e39b9e85a4{\npadding-bottom:10px;\n}\nbody .av-special-heading.av-10oa5zn-827723b78af157b2380ca0e39b9e85a4 .av-special-heading-tag .heading-char{\nfont-size:25px;\n}\n.av-special-heading.av-10oa5zn-827723b78af157b2380ca0e39b9e85a4 .av-subheading{\nfont-size:15px;\n}\n<\/style>\n<div  class='av-special-heading av-10oa5zn-827723b78af157b2380ca0e39b9e85a4 av-special-heading-h2 blockquote modern-quote modern-centered  avia-builder-el-28  el_before_av_image  avia-builder-el-first '><h2 class='av-special-heading-tag '  itemprop=\"headline\"  >BK-46, Karjaa<\/h2><div class=\"special-heading-border\"><div class=\"special-heading-inner-border\"><\/div><\/div><\/div><br \/>\n\n<style type=\"text\/css\" data-created_by=\"avia_inline_auto\" id=\"style-css-av-mf3uoarn-2ff937d82f4b9ddf503c9d10fcb8c08d\">\n.avia-image-container.av-mf3uoarn-2ff937d82f4b9ddf503c9d10fcb8c08d img.avia_image{\nbox-shadow:none;\n}\n.avia-image-container.av-mf3uoarn-2ff937d82f4b9ddf503c9d10fcb8c08d .av-image-caption-overlay-center{\ncolor:#ffffff;\n}\n<\/style>\n<div  class='avia-image-container av-mf3uoarn-2ff937d82f4b9ddf503c9d10fcb8c08d av-styling- avia-align-center  avia-builder-el-29  el_after_av_heading  el_before_av_codeblock '   itemprop=\"image\" itemscope=\"itemscope\" itemtype=\"https:\/\/schema.org\/ImageObject\" ><div class=\"avia-image-container-inner\"><div class=\"avia-image-overlay-wrap\"><img decoding=\"async\" fetchpriority=\"high\" class='wp-image-47392 avia-img-lazy-loading-not-47392 avia_image ' src=\"https:\/\/i0.wp.com\/aktialiiga.fi\/miehet\/wp-content\/uploads\/sites\/5\/2024\/03\/etu-90315p-MSM-BK-46-koti.png?fit=175%2C276&ssl=1\" alt='' title='BK-46'  height=\"276\" width=\"175\"  itemprop=\"thumbnailUrl\"  \/><\/div><\/div><\/div><br \/>\n<br \/>\n\n<style type=\"text\/css\" data-created_by=\"avia_inline_auto\" id=\"style-css-av-mh1yvprt-cb34ea308912efad117d036f99bb8cd8\">\n#top .hr.hr-invisible.av-mh1yvprt-cb34ea308912efad117d036f99bb8cd8{\nheight:60px;\n}\n<\/style>\n<div  class='hr av-mh1yvprt-cb34ea308912efad117d036f99bb8cd8 hr-invisible  avia-builder-el-31  el_after_av_codeblock  el_before_av_textblock  av-small-hide av-mini-hide'><span class='hr-inner '><span class=\"hr-inner-style\"><\/span><\/span><\/div><br \/>\n<section  class='av_textblock_section av-mf3uuxhi-bf465736f6f6f392bbf559ae2da02c1f '   itemscope=\"itemscope\" itemtype=\"https:\/\/schema.org\/BlogPosting\" itemprop=\"blogPost\" ><div class='avia_textblock'  itemprop=\"text\" ><ul>\n<li aria-level=\"1\">Viidest\u00e4 Aktialiigan ottelusta viisi voittoa, selvisi Suomen Cupin v\u00e4lieriin tappioitta ja eteni EHF European Cupissa 32 parhaan joukkoon.<\/li>\n<li aria-level=\"1\">Edellinen tappio runkosarjassa perjantaina 13.12.2024 Kauniaisissa (29-30).<\/li>\n<li aria-level=\"1\">Ensiesiintyminen p\u00e4\u00e4sarjassa kaudella 1957\/58, nyt mukana yht\u00e4jaksoisesti kaudesta 1976\/77 alkaen.<\/li>\n<li aria-level=\"1\">Nousi maratontaulukon ykk\u00f6seksi HIFK:n ohi kaudella 1992\/93.<\/li>\n<li aria-level=\"1\">Enn\u00e4tykselliset 23 Suomen mestaruutta. BK-46 pelasi 17 per\u00e4kk\u00e4ist\u00e4 finaalisarjaa vuosina 1983-99, jolloin se voitti 14 kultaa, joista seitsem\u00e4n per\u00e4kk\u00e4ist\u00e4 vuosina 1983-89.<\/li>\n<li aria-level=\"1\">Hallitsi Aktialiigaa viime kaudella l\u00e4hes suvereeniin tyyliin aina finaaleihin saakka, joissa loukkaantumiset veiv\u00e4t parhaan ter\u00e4n.<\/li>\n<\/ul>\n<\/div><\/section><br \/>\n<section  class='av_textblock_section av-mh1ykrci-b10891e24cfc72093ef6afb02bc88808 '   itemscope=\"itemscope\" itemtype=\"https:\/\/schema.org\/BlogPosting\" itemprop=\"blogPost\" ><div class='avia_textblock'  itemprop=\"text\" ><h4>Seuraa heit\u00e4:<\/h4>\n<ul>\n<li>Miska Henriksson, Sebastian S\u00e4kkinen, Oliver Nordlund, Ihor Skyba, Jac Karlsson, Ivan Roos.<\/li>\n<\/ul>\n<\/div><\/section><\/p><\/div>\n<div class='av-flex-placeholder'><\/div>\n<style type=\"text\/css\" data-created_by=\"avia_inline_auto\" id=\"style-css-av-16q8wz5-6ac087b4a5761307b71671a6f2dcc2bb\">\n.flex_column.av-16q8wz5-6ac087b4a5761307b71671a6f2dcc2bb{\nborder-width:1px;\nborder-color:#293450;\nborder-style:solid;\nborder-radius:1em 1em 1em 1em;\npadding:2em 1em 0em 1em;\nbackground-color:#f1f1f1;\n}\n<\/style>\n<div  class='flex_column av-16q8wz5-6ac087b4a5761307b71671a6f2dcc2bb av_one_half  avia-builder-el-34  el_after_av_one_half  el_before_av_one_half  flex_column_table_cell av-equal-height-column av-align-top  column-top-margin'     ><p>\n<style type=\"text\/css\" data-created_by=\"avia_inline_auto\" id=\"style-css-av-mh1ymoik-6c7b4ab7d200ed4403056774f9fa9231\">\n#top .av-special-heading.av-mh1ymoik-6c7b4ab7d200ed4403056774f9fa9231{\npadding-bottom:10px;\n}\nbody .av-special-heading.av-mh1ymoik-6c7b4ab7d200ed4403056774f9fa9231 .av-special-heading-tag .heading-char{\nfont-size:25px;\n}\n.av-special-heading.av-mh1ymoik-6c7b4ab7d200ed4403056774f9fa9231 .av-subheading{\nfont-size:15px;\n}\n<\/style>\n<div  class='av-special-heading av-mh1ymoik-6c7b4ab7d200ed4403056774f9fa9231 av-special-heading-h2 blockquote modern-quote modern-centered  avia-builder-el-35  el_before_av_image  avia-builder-el-first '><h2 class='av-special-heading-tag '  itemprop=\"headline\"  >HIFK, Helsinki<\/h2><div class=\"special-heading-border\"><div class=\"special-heading-inner-border\"><\/div><\/div><\/div><br \/>\n\n<style type=\"text\/css\" data-created_by=\"avia_inline_auto\" id=\"style-css-av-mf3umkkw-d75b3b7346ed66af47172f533d69aa0f\">\n.avia-image-container.av-mf3umkkw-d75b3b7346ed66af47172f533d69aa0f img.avia_image{\nbox-shadow:none;\n}\n.avia-image-container.av-mf3umkkw-d75b3b7346ed66af47172f533d69aa0f .av-image-caption-overlay-center{\ncolor:#ffffff;\n}\n<\/style>\n<div  class='avia-image-container av-mf3umkkw-d75b3b7346ed66af47172f533d69aa0f av-styling- avia-align-center  avia-builder-el-36  el_after_av_heading  el_before_av_codeblock '   itemprop=\"image\" itemscope=\"itemscope\" itemtype=\"https:\/\/schema.org\/ImageObject\" ><div class=\"avia-image-container-inner\"><div class=\"avia-image-overlay-wrap\"><img decoding=\"async\" fetchpriority=\"high\" class='wp-image-47405 avia-img-lazy-loading-not-47405 avia_image ' src=\"https:\/\/i0.wp.com\/aktialiiga.fi\/miehet\/wp-content\/uploads\/sites\/5\/2024\/03\/etu2-90319p-MSM-HIFK-vieras.png?fit=175%2C276&ssl=1\" alt='' title='HIFK vieras'  height=\"276\" width=\"175\"  itemprop=\"thumbnailUrl\"  \/><\/div><\/div><\/div><br \/>\n<br \/>\n\n<style type=\"text\/css\" data-created_by=\"avia_inline_auto\" id=\"style-css-av-mf56449v-4ef023bea08158a65a07f2a33c8aef89\">\n#top .hr.hr-invisible.av-mf56449v-4ef023bea08158a65a07f2a33c8aef89{\nheight:30px;\n}\n<\/style>\n<div  class='hr av-mf56449v-4ef023bea08158a65a07f2a33c8aef89 hr-invisible  avia-builder-el-38  el_after_av_codeblock  el_before_av_textblock  av-small-hide av-mini-hide'><span class='hr-inner '><span class=\"hr-inner-style\"><\/span><\/span><\/div><br \/>\n<section  class='av_textblock_section av-mf3u7sb3-1677cce64776ae2496548fc946e25104 '   itemscope=\"itemscope\" itemtype=\"https:\/\/schema.org\/BlogPosting\" itemprop=\"blogPost\" ><div class='avia_textblock'  itemprop=\"text\" ><ul>\n<li>Pelannut koko syyskauden tappioitta: Aktialiigassa kuusi voittoa ja Suomen Cupissa v\u00e4lier\u00e4paikka puhtaalla pelill\u00e4.<\/li>\n<li>Seitsem\u00e4n Suomen mestaruuden HIFK:lla alkamassa jo seurahistorian 75. liigakausi.<\/li>\n<li>Maratontaulukossa kolmantena. Ensi kev\u00e4\u00e4n\u00e4 tulee kuluneeksi 37 vuotta viimeisimm\u00e4st\u00e4 mitalisijasta. Saavutti hopeaa kaudella 1988\/89, jolloin se h\u00e4visi finaalisarjan kolmannen kerran putkeen BK-46:lle.<\/li>\n<li>Viime kaudella nelj\u00e4s, mik\u00e4 on seuran paras sijoitus sitten 2018\/19.<\/li>\n<li>Kahdessa viimeisess\u00e4 pronssikamppailussa j\u00e4\u00e4nyt lyhyempi tikku k\u00e4teen \u00e4\u00e4rimm\u00e4isen miukalla marginaalilla (2018\/19 pronssit vierasmaalis\u00e4\u00e4nn\u00f6n perusteella SIF:lle ja 2024\/25 yliajan rankkarilla GrIFK:lle).<\/li>\n<\/ul>\n<\/div><\/section><br \/>\n<section  class='av_textblock_section av-mh1ykv3t-3d5b056e6ba0cbfbcfeeeaa4cb8614b4 '   itemscope=\"itemscope\" itemtype=\"https:\/\/schema.org\/BlogPosting\" itemprop=\"blogPost\" ><div class='avia_textblock'  itemprop=\"text\" ><h4>Seuraa heit\u00e4:<\/h4>\n<ul>\n<li>Jooa Knaapinen, Christian Cosmo, Vili Lepp\u00e4nen, Bogdan Klepa, Nikolas Reenp\u00e4\u00e4.<\/li>\n<\/ul>\n<\/div><\/section><\/p><\/div><\/div><!--close column table wrapper. Autoclose: 1 --><div  class='flex_column av-2yvl27l-fa8f1c35aad35ca0df06487d7384f9fa av_one_half  avia-builder-el-41  el_after_av_one_half  el_before_av_one_half  first flex_column_div  column-top-margin'     ><div  class='avia-buttonrow-wrap av-2tavu6p-54a643169fce1c3ee5d19a4ab92d8f09 avia-buttonrow-center  avia-builder-el-42  avia-builder-el-no-sibling '>\n\n<style type=\"text\/css\" data-created_by=\"avia_inline_auto\" id=\"style-css-av-2ccze35-ca9f4bc2b66b80cd44b664354e8abdb5\">\n#top #wrap_all .avia-button.av-2ccze35-ca9f4bc2b66b80cd44b664354e8abdb5{\nbackground-color:#e30412;\nborder-color:#e30412;\ntransition:all 0.4s ease-in-out;\nmargin-bottom:5px;\nmargin-right:3px;\nmargin-left:3px;\n}\n#top #wrap_all .avia-button.av-2ccze35-ca9f4bc2b66b80cd44b664354e8abdb5:hover{\ncolor:white;\ntransition:all 0.4s ease-in-out;\n}\n#top #wrap_all .avia-button.av-2ccze35-ca9f4bc2b66b80cd44b664354e8abdb5:hover .avia-svg-icon svg:first-child{\nfill:white;\nstroke:white;\n}\n<\/style>\n<a href='https:\/\/aktialiiga.fi\/miehet\/joukkueet-2025-26\/bk-46-karjaa\/'  class='avia-button av-2ccze35-ca9f4bc2b66b80cd44b664354e8abdb5 avia-icon_select-no avia-size-large avia-font-color-theme-color'   aria-label=\"Joukkuesivu\"><span class='avia_iconbox_title' >Joukkuesivu<\/span><span class='avia_button_background avia-button avia-color-theme-color-highlight' ><\/span><\/a>\n\n<style type=\"text\/css\" data-created_by=\"avia_inline_auto\" id=\"style-css-av-1zjg5xt-fc882a9e87efa3cac1281e789b23a49a\">\n#top #wrap_all .avia-button.av-1zjg5xt-fc882a9e87efa3cac1281e789b23a49a{\nbackground-color:#e30412;\nborder-color:#e30412;\ntransition:all 0.4s ease-in-out;\nmargin-bottom:5px;\nmargin-right:3px;\nmargin-left:3px;\n}\n#top #wrap_all .avia-button.av-1zjg5xt-fc882a9e87efa3cac1281e789b23a49a:hover{\ncolor:white;\ntransition:all 0.4s ease-in-out;\n}\n#top #wrap_all .avia-button.av-1zjg5xt-fc882a9e87efa3cac1281e789b23a49a:hover .avia-svg-icon svg:first-child{\nfill:white;\nstroke:white;\n}\n<\/style>\n<a href='https:\/\/aktialiiga.fi\/miehet\/2025-2026\/kohti-kautta\/kohti-kautta-bk-46-10\/'  class='avia-button av-1zjg5xt-fc882a9e87efa3cac1281e789b23a49a avia-icon_select-no avia-size-large avia-font-color-theme-color'   aria-label=\"Kohti kautta\"><span class='avia_iconbox_title' >Kohti kautta<\/span><span class='avia_button_background avia-button avia-color-theme-color-highlight' ><\/span><\/a>\n<\/div><\/div><\/p>\n<div  class='flex_column av-1qs754h-acb6a132a5ae1038d58ce8061d226dd7 av_one_half  avia-builder-el-43  el_after_av_one_half  el_before_av_hr  flex_column_div  column-top-margin'     ><div  class='avia-buttonrow-wrap av-mf4ca57j-daa602fe3331c3b28afac252d06a9447 avia-buttonrow-center  avia-builder-el-44  avia-builder-el-no-sibling '>\n\n<style type=\"text\/css\" data-created_by=\"avia_inline_auto\" id=\"style-css-av-pzo3m9-027917ec825cbd15ccf34394a8deeba4\">\n#top #wrap_all .avia-button.av-pzo3m9-027917ec825cbd15ccf34394a8deeba4{\nbackground-color:#ffffff;\nborder-color:#e50815;\ncolor:#e50815;\nborder-style:solid;\nborder-width:1px 1px 1px 1px;\ntransition:all 0.4s ease-in-out;\nmargin-bottom:5px;\nmargin-right:3px;\nmargin-left:3px;\n}\n#top #wrap_all .avia-button.av-pzo3m9-027917ec825cbd15ccf34394a8deeba4:hover{\ncolor:#e50815;\ntransition:all 0.4s ease-in-out;\n}\n#top #wrap_all .avia-button.av-pzo3m9-027917ec825cbd15ccf34394a8deeba4 .avia-svg-icon svg:first-child{\nfill:#e50815;\nstroke:#e50815;\n}\n#top #wrap_all .avia-button.av-pzo3m9-027917ec825cbd15ccf34394a8deeba4:hover .avia-svg-icon svg:first-child{\nfill:#e50815;\nstroke:#e50815;\n}\n<\/style>\n<a href='https:\/\/aktialiiga.fi\/miehet\/joukkueet-2025-26\/hifk-helsinki\/'  class='avia-button av-pzo3m9-027917ec825cbd15ccf34394a8deeba4 avia-icon_select-no avia-size-large'   aria-label=\"Joukkuesivu\"><span class='avia_iconbox_title' >Joukkuesivu<\/span><span class='avia_button_background avia-button avia-color-theme-color-highlight' ><\/span><\/a>\n\n<style type=\"text\/css\" data-created_by=\"avia_inline_auto\" id=\"style-css-av-19mdmoh-8563ff1d177af149686018dc994c8c77\">\n#top #wrap_all .avia-button.av-19mdmoh-8563ff1d177af149686018dc994c8c77{\nbackground-color:#ffffff;\nborder-color:#e50815;\ncolor:#e50815;\nborder-style:solid;\nborder-width:1px 1px 1px 1px;\ntransition:all 0.4s ease-in-out;\nmargin-bottom:5px;\nmargin-right:3px;\nmargin-left:3px;\n}\n#top #wrap_all .avia-button.av-19mdmoh-8563ff1d177af149686018dc994c8c77:hover{\ncolor:#e50815;\ntransition:all 0.4s ease-in-out;\n}\n#top #wrap_all .avia-button.av-19mdmoh-8563ff1d177af149686018dc994c8c77 .avia-svg-icon svg:first-child{\nfill:#e50815;\nstroke:#e50815;\n}\n#top #wrap_all .avia-button.av-19mdmoh-8563ff1d177af149686018dc994c8c77:hover .avia-svg-icon svg:first-child{\nfill:#e50815;\nstroke:#e50815;\n}\n<\/style>\n<a href='https:\/\/aktialiiga.fi\/naiset\/2025-2026\/kohti-kautta-2025-2026\/kohti-kautta-hifk-11\/'  class='avia-button av-19mdmoh-8563ff1d177af149686018dc994c8c77 avia-icon_select-no avia-size-large'   aria-label=\"Kohti kautta\"><span class='avia_iconbox_title' >Kohti kautta<\/span><span class='avia_button_background avia-button avia-color-theme-color-highlight' ><\/span><\/a>\n<\/div><\/div>\n\n<style type=\"text\/css\" data-created_by=\"avia_inline_auto\" id=\"style-css-av-kc1wb7-ff71b60329be257a11a7423d2397bede\">\n#top .hr.hr-invisible.av-kc1wb7-ff71b60329be257a11a7423d2397bede{\nheight:30px;\n}\n<\/style>\n<div  class='hr av-kc1wb7-ff71b60329be257a11a7423d2397bede hr-invisible  avia-builder-el-45  el_after_av_one_half  avia-builder-el-last '><span class='hr-inner '><span class=\"hr-inner-style\"><\/span><\/span><\/div>\n","protected":false},"excerpt":{"rendered":"","protected":false},"author":3,"featured_media":66135,"comment_status":"closed","ping_status":"closed","sticky":false,"template":"","format":"standard","meta":{"_acf_changed":false,"jetpack_post_was_ever_published":false,"_jetpack_newsletter_access":"","_jetpack_dont_email_post_to_subs":false,"_jetpack_newsletter_tier_id":0,"_jetpack_memberships_contains_paywalled_content":false,"_jetpack_memberships_contains_paid_content":false,"footnotes":""},"categories":[358],"tags":[341,56,375,71,374,200,363],"class_list":["post-67443","post","type-post","status-publish","format-standard","has-post-thumbnail","hentry","category-ennakot","tag-aktialiiga","tag-bk-46","tag-christian-cosmo","tag-hifk","tag-mikael-heinonen","tag-runkosarja","tag-viikon-helmi"],"acf":[],"yoast_head":"<!-- This site is optimized with the Yoast SEO plugin v27.5 - https:\/\/yoast.com\/product\/yoast-seo-wordpress\/ -->\n<title>VIIKON HELMI: Tappiottomien taisto Karjaalla - HIFK haastaa BK-46:n sarjafinaalissa | K\u00e4sipallon miesten Aktialiiga<\/title>\n<meta name=\"robots\" content=\"index, follow, max-snippet:-1, max-image-preview:large, max-video-preview:-1\" \/>\n<link rel=\"canonical\" href=\"https:\/\/aktialiiga.fi\/miehet\/2025-2026\/ennakot\/viikon-helmi-tappiottomien-taisto-karjaalla-hifk-haastaa-bk-46n-sarjafinaalissa\/\" \/>\n<meta property=\"og:locale\" content=\"fi_FI\" \/>\n<meta property=\"og:type\" content=\"article\" \/>\n<meta property=\"og:title\" content=\"VIIKON HELMI: Tappiottomien taisto Karjaalla - HIFK haastaa BK-46:n sarjafinaalissa | K\u00e4sipallon miesten Aktialiiga\" \/>\n<meta property=\"og:url\" content=\"https:\/\/aktialiiga.fi\/miehet\/2025-2026\/ennakot\/viikon-helmi-tappiottomien-taisto-karjaalla-hifk-haastaa-bk-46n-sarjafinaalissa\/\" \/>\n<meta property=\"og:site_name\" content=\"K\u00e4sipallon miesten Aktialiiga\" \/>\n<meta property=\"article:publisher\" content=\"https:\/\/www.facebook.com\/finnhandball\" \/>\n<meta property=\"article:published_time\" content=\"2025-10-23T19:10:45+00:00\" \/>\n<meta property=\"article:modified_time\" content=\"2025-11-10T11:36:11+00:00\" \/>\n<meta property=\"og:image\" content=\"https:\/\/aktialiiga.fi\/miehet\/wp-content\/uploads\/sites\/5\/2025\/09\/A7308717-e1761219697794.jpg\" \/>\n\t<meta property=\"og:image:width\" content=\"1920\" \/>\n\t<meta property=\"og:image:height\" content=\"1280\" \/>\n\t<meta property=\"og:image:type\" content=\"image\/jpeg\" \/>\n<meta name=\"author\" content=\"jussi\" \/>\n<meta name=\"twitter:card\" content=\"summary_large_image\" \/>\n<meta name=\"twitter:creator\" content=\"@finnhandball\" \/>\n<meta name=\"twitter:site\" content=\"@finnhandball\" \/>\n<script type=\"application\/ld+json\" class=\"yoast-schema-graph\">{\"@context\":\"https:\\\/\\\/schema.org\",\"@graph\":[{\"@type\":\"Article\",\"@id\":\"https:\\\/\\\/aktialiiga.fi\\\/miehet\\\/2025-2026\\\/ennakot\\\/viikon-helmi-tappiottomien-taisto-karjaalla-hifk-haastaa-bk-46n-sarjafinaalissa\\\/#article\",\"isPartOf\":{\"@id\":\"https:\\\/\\\/aktialiiga.fi\\\/miehet\\\/2025-2026\\\/ennakot\\\/viikon-helmi-tappiottomien-taisto-karjaalla-hifk-haastaa-bk-46n-sarjafinaalissa\\\/\"},\"author\":{\"name\":\"jussi\",\"@id\":\"https:\\\/\\\/aktialiiga.fi\\\/miehet\\\/#\\\/schema\\\/person\\\/6ed7641d619c7f28481c53817a16b871\"},\"headline\":\"VIIKON HELMI: Tappiottomien taisto Karjaalla &#8211; HIFK haastaa BK-46:n sarjafinaalissa\",\"datePublished\":\"2025-10-23T19:10:45+00:00\",\"dateModified\":\"2025-11-10T11:36:11+00:00\",\"mainEntityOfPage\":{\"@id\":\"https:\\\/\\\/aktialiiga.fi\\\/miehet\\\/2025-2026\\\/ennakot\\\/viikon-helmi-tappiottomien-taisto-karjaalla-hifk-haastaa-bk-46n-sarjafinaalissa\\\/\"},\"wordCount\":10182,\"publisher\":{\"@id\":\"https:\\\/\\\/aktialiiga.fi\\\/miehet\\\/#organization\"},\"image\":{\"@id\":\"https:\\\/\\\/aktialiiga.fi\\\/miehet\\\/2025-2026\\\/ennakot\\\/viikon-helmi-tappiottomien-taisto-karjaalla-hifk-haastaa-bk-46n-sarjafinaalissa\\\/#primaryimage\"},\"thumbnailUrl\":\"https:\\\/\\\/i0.wp.com\\\/aktialiiga.fi\\\/miehet\\\/wp-content\\\/uploads\\\/sites\\\/5\\\/2025\\\/09\\\/A7308717-e1761219697794.jpg?fit=1920%2C1280&ssl=1\",\"keywords\":[\"Aktialiiga\",\"BK-46\",\"Christian Cosmo\",\"HIFK\",\"Mikael Heinonen\",\"runkosarja\",\"Viikon helmi\"],\"articleSection\":[\"Ennakot\"],\"inLanguage\":\"fi\"},{\"@type\":\"WebPage\",\"@id\":\"https:\\\/\\\/aktialiiga.fi\\\/miehet\\\/2025-2026\\\/ennakot\\\/viikon-helmi-tappiottomien-taisto-karjaalla-hifk-haastaa-bk-46n-sarjafinaalissa\\\/\",\"url\":\"https:\\\/\\\/aktialiiga.fi\\\/miehet\\\/2025-2026\\\/ennakot\\\/viikon-helmi-tappiottomien-taisto-karjaalla-hifk-haastaa-bk-46n-sarjafinaalissa\\\/\",\"name\":\"VIIKON HELMI: Tappiottomien taisto Karjaalla - HIFK haastaa BK-46:n sarjafinaalissa | K\u00e4sipallon miesten Aktialiiga\",\"isPartOf\":{\"@id\":\"https:\\\/\\\/aktialiiga.fi\\\/miehet\\\/#website\"},\"primaryImageOfPage\":{\"@id\":\"https:\\\/\\\/aktialiiga.fi\\\/miehet\\\/2025-2026\\\/ennakot\\\/viikon-helmi-tappiottomien-taisto-karjaalla-hifk-haastaa-bk-46n-sarjafinaalissa\\\/#primaryimage\"},\"image\":{\"@id\":\"https:\\\/\\\/aktialiiga.fi\\\/miehet\\\/2025-2026\\\/ennakot\\\/viikon-helmi-tappiottomien-taisto-karjaalla-hifk-haastaa-bk-46n-sarjafinaalissa\\\/#primaryimage\"},\"thumbnailUrl\":\"https:\\\/\\\/i0.wp.com\\\/aktialiiga.fi\\\/miehet\\\/wp-content\\\/uploads\\\/sites\\\/5\\\/2025\\\/09\\\/A7308717-e1761219697794.jpg?fit=1920%2C1280&ssl=1\",\"datePublished\":\"2025-10-23T19:10:45+00:00\",\"dateModified\":\"2025-11-10T11:36:11+00:00\",\"breadcrumb\":{\"@id\":\"https:\\\/\\\/aktialiiga.fi\\\/miehet\\\/2025-2026\\\/ennakot\\\/viikon-helmi-tappiottomien-taisto-karjaalla-hifk-haastaa-bk-46n-sarjafinaalissa\\\/#breadcrumb\"},\"inLanguage\":\"fi\",\"potentialAction\":[{\"@type\":\"ReadAction\",\"target\":[\"https:\\\/\\\/aktialiiga.fi\\\/miehet\\\/2025-2026\\\/ennakot\\\/viikon-helmi-tappiottomien-taisto-karjaalla-hifk-haastaa-bk-46n-sarjafinaalissa\\\/\"]}]},{\"@type\":\"ImageObject\",\"inLanguage\":\"fi\",\"@id\":\"https:\\\/\\\/aktialiiga.fi\\\/miehet\\\/2025-2026\\\/ennakot\\\/viikon-helmi-tappiottomien-taisto-karjaalla-hifk-haastaa-bk-46n-sarjafinaalissa\\\/#primaryimage\",\"url\":\"https:\\\/\\\/i0.wp.com\\\/aktialiiga.fi\\\/miehet\\\/wp-content\\\/uploads\\\/sites\\\/5\\\/2025\\\/09\\\/A7308717-e1761219697794.jpg?fit=1920%2C1280&ssl=1\",\"contentUrl\":\"https:\\\/\\\/i0.wp.com\\\/aktialiiga.fi\\\/miehet\\\/wp-content\\\/uploads\\\/sites\\\/5\\\/2025\\\/09\\\/A7308717-e1761219697794.jpg?fit=1920%2C1280&ssl=1\",\"width\":1920,\"height\":1280},{\"@type\":\"BreadcrumbList\",\"@id\":\"https:\\\/\\\/aktialiiga.fi\\\/miehet\\\/2025-2026\\\/ennakot\\\/viikon-helmi-tappiottomien-taisto-karjaalla-hifk-haastaa-bk-46n-sarjafinaalissa\\\/#breadcrumb\",\"itemListElement\":[{\"@type\":\"ListItem\",\"position\":1,\"name\":\"Etusivu\",\"item\":\"https:\\\/\\\/aktialiiga.fi\\\/miehet\\\/\"},{\"@type\":\"ListItem\",\"position\":2,\"name\":\"VIIKON HELMI: Tappiottomien taisto Karjaalla &#8211; HIFK haastaa BK-46:n sarjafinaalissa\"}]},{\"@type\":\"WebSite\",\"@id\":\"https:\\\/\\\/aktialiiga.fi\\\/miehet\\\/#website\",\"url\":\"https:\\\/\\\/aktialiiga.fi\\\/miehet\\\/\",\"name\":\"K\u00e4sipallon miesten Aktialiiga\",\"description\":\"Valtakunnan vauhdikkainta palloilua!\",\"publisher\":{\"@id\":\"https:\\\/\\\/aktialiiga.fi\\\/miehet\\\/#organization\"},\"potentialAction\":[{\"@type\":\"SearchAction\",\"target\":{\"@type\":\"EntryPoint\",\"urlTemplate\":\"https:\\\/\\\/aktialiiga.fi\\\/miehet\\\/?s={search_term_string}\"},\"query-input\":{\"@type\":\"PropertyValueSpecification\",\"valueRequired\":true,\"valueName\":\"search_term_string\"}}],\"inLanguage\":\"fi\"},{\"@type\":\"Organization\",\"@id\":\"https:\\\/\\\/aktialiiga.fi\\\/miehet\\\/#organization\",\"name\":\"K\u00e4sipallon miesten Aktialiiga\",\"url\":\"https:\\\/\\\/aktialiiga.fi\\\/miehet\\\/\",\"logo\":{\"@type\":\"ImageObject\",\"inLanguage\":\"fi\",\"@id\":\"https:\\\/\\\/aktialiiga.fi\\\/miehet\\\/#\\\/schema\\\/logo\\\/image\\\/\",\"url\":\"https:\\\/\\\/i0.wp.com\\\/aktialiiga.fi\\\/miehet\\\/wp-content\\\/uploads\\\/sites\\\/5\\\/2024\\\/09\\\/Aktialiiga-Yoast-512.png?fit=512%2C512&ssl=1\",\"contentUrl\":\"https:\\\/\\\/i0.wp.com\\\/aktialiiga.fi\\\/miehet\\\/wp-content\\\/uploads\\\/sites\\\/5\\\/2024\\\/09\\\/Aktialiiga-Yoast-512.png?fit=512%2C512&ssl=1\",\"width\":512,\"height\":512,\"caption\":\"K\u00e4sipallon miesten Aktialiiga\"},\"image\":{\"@id\":\"https:\\\/\\\/aktialiiga.fi\\\/miehet\\\/#\\\/schema\\\/logo\\\/image\\\/\"},\"sameAs\":[\"https:\\\/\\\/www.facebook.com\\\/finnhandball\",\"https:\\\/\\\/x.com\\\/finnhandball\",\"https:\\\/\\\/www.instagram.com\\\/handballfinland\\\/\"]},{\"@type\":\"Person\",\"@id\":\"https:\\\/\\\/aktialiiga.fi\\\/miehet\\\/#\\\/schema\\\/person\\\/6ed7641d619c7f28481c53817a16b871\",\"name\":\"jussi\",\"image\":{\"@type\":\"ImageObject\",\"inLanguage\":\"fi\",\"@id\":\"https:\\\/\\\/secure.gravatar.com\\\/avatar\\\/034b8e6380fc659c320f13e17fe45bd9ab48a21e2debadd5f3179bde291949df?s=96&d=mm&r=g\",\"url\":\"https:\\\/\\\/secure.gravatar.com\\\/avatar\\\/034b8e6380fc659c320f13e17fe45bd9ab48a21e2debadd5f3179bde291949df?s=96&d=mm&r=g\",\"contentUrl\":\"https:\\\/\\\/secure.gravatar.com\\\/avatar\\\/034b8e6380fc659c320f13e17fe45bd9ab48a21e2debadd5f3179bde291949df?s=96&d=mm&r=g\",\"caption\":\"jussi\"}}]}<\/script>\n<!-- \/ Yoast SEO plugin. -->","yoast_head_json":{"title":"VIIKON HELMI: Tappiottomien taisto Karjaalla - HIFK haastaa BK-46:n sarjafinaalissa | K\u00e4sipallon miesten Aktialiiga","robots":{"index":"index","follow":"follow","max-snippet":"max-snippet:-1","max-image-preview":"max-image-preview:large","max-video-preview":"max-video-preview:-1"},"canonical":"https:\/\/aktialiiga.fi\/miehet\/2025-2026\/ennakot\/viikon-helmi-tappiottomien-taisto-karjaalla-hifk-haastaa-bk-46n-sarjafinaalissa\/","og_locale":"fi_FI","og_type":"article","og_title":"VIIKON HELMI: Tappiottomien taisto Karjaalla - HIFK haastaa BK-46:n sarjafinaalissa | K\u00e4sipallon miesten Aktialiiga","og_url":"https:\/\/aktialiiga.fi\/miehet\/2025-2026\/ennakot\/viikon-helmi-tappiottomien-taisto-karjaalla-hifk-haastaa-bk-46n-sarjafinaalissa\/","og_site_name":"K\u00e4sipallon miesten Aktialiiga","article_publisher":"https:\/\/www.facebook.com\/finnhandball","article_published_time":"2025-10-23T19:10:45+00:00","article_modified_time":"2025-11-10T11:36:11+00:00","og_image":[{"width":1920,"height":1280,"url":"https:\/\/aktialiiga.fi\/miehet\/wp-content\/uploads\/sites\/5\/2025\/09\/A7308717-e1761219697794.jpg","type":"image\/jpeg"}],"author":"jussi","twitter_card":"summary_large_image","twitter_creator":"@finnhandball","twitter_site":"@finnhandball","schema":{"@context":"https:\/\/schema.org","@graph":[{"@type":"Article","@id":"https:\/\/aktialiiga.fi\/miehet\/2025-2026\/ennakot\/viikon-helmi-tappiottomien-taisto-karjaalla-hifk-haastaa-bk-46n-sarjafinaalissa\/#article","isPartOf":{"@id":"https:\/\/aktialiiga.fi\/miehet\/2025-2026\/ennakot\/viikon-helmi-tappiottomien-taisto-karjaalla-hifk-haastaa-bk-46n-sarjafinaalissa\/"},"author":{"name":"jussi","@id":"https:\/\/aktialiiga.fi\/miehet\/#\/schema\/person\/6ed7641d619c7f28481c53817a16b871"},"headline":"VIIKON HELMI: Tappiottomien taisto Karjaalla &#8211; HIFK haastaa BK-46:n sarjafinaalissa","datePublished":"2025-10-23T19:10:45+00:00","dateModified":"2025-11-10T11:36:11+00:00","mainEntityOfPage":{"@id":"https:\/\/aktialiiga.fi\/miehet\/2025-2026\/ennakot\/viikon-helmi-tappiottomien-taisto-karjaalla-hifk-haastaa-bk-46n-sarjafinaalissa\/"},"wordCount":10182,"publisher":{"@id":"https:\/\/aktialiiga.fi\/miehet\/#organization"},"image":{"@id":"https:\/\/aktialiiga.fi\/miehet\/2025-2026\/ennakot\/viikon-helmi-tappiottomien-taisto-karjaalla-hifk-haastaa-bk-46n-sarjafinaalissa\/#primaryimage"},"thumbnailUrl":"https:\/\/i0.wp.com\/aktialiiga.fi\/miehet\/wp-content\/uploads\/sites\/5\/2025\/09\/A7308717-e1761219697794.jpg?fit=1920%2C1280&ssl=1","keywords":["Aktialiiga","BK-46","Christian Cosmo","HIFK","Mikael Heinonen","runkosarja","Viikon helmi"],"articleSection":["Ennakot"],"inLanguage":"fi"},{"@type":"WebPage","@id":"https:\/\/aktialiiga.fi\/miehet\/2025-2026\/ennakot\/viikon-helmi-tappiottomien-taisto-karjaalla-hifk-haastaa-bk-46n-sarjafinaalissa\/","url":"https:\/\/aktialiiga.fi\/miehet\/2025-2026\/ennakot\/viikon-helmi-tappiottomien-taisto-karjaalla-hifk-haastaa-bk-46n-sarjafinaalissa\/","name":"VIIKON HELMI: Tappiottomien taisto Karjaalla - HIFK haastaa BK-46:n sarjafinaalissa | K\u00e4sipallon miesten Aktialiiga","isPartOf":{"@id":"https:\/\/aktialiiga.fi\/miehet\/#website"},"primaryImageOfPage":{"@id":"https:\/\/aktialiiga.fi\/miehet\/2025-2026\/ennakot\/viikon-helmi-tappiottomien-taisto-karjaalla-hifk-haastaa-bk-46n-sarjafinaalissa\/#primaryimage"},"image":{"@id":"https:\/\/aktialiiga.fi\/miehet\/2025-2026\/ennakot\/viikon-helmi-tappiottomien-taisto-karjaalla-hifk-haastaa-bk-46n-sarjafinaalissa\/#primaryimage"},"thumbnailUrl":"https:\/\/i0.wp.com\/aktialiiga.fi\/miehet\/wp-content\/uploads\/sites\/5\/2025\/09\/A7308717-e1761219697794.jpg?fit=1920%2C1280&ssl=1","datePublished":"2025-10-23T19:10:45+00:00","dateModified":"2025-11-10T11:36:11+00:00","breadcrumb":{"@id":"https:\/\/aktialiiga.fi\/miehet\/2025-2026\/ennakot\/viikon-helmi-tappiottomien-taisto-karjaalla-hifk-haastaa-bk-46n-sarjafinaalissa\/#breadcrumb"},"inLanguage":"fi","potentialAction":[{"@type":"ReadAction","target":["https:\/\/aktialiiga.fi\/miehet\/2025-2026\/ennakot\/viikon-helmi-tappiottomien-taisto-karjaalla-hifk-haastaa-bk-46n-sarjafinaalissa\/"]}]},{"@type":"ImageObject","inLanguage":"fi","@id":"https:\/\/aktialiiga.fi\/miehet\/2025-2026\/ennakot\/viikon-helmi-tappiottomien-taisto-karjaalla-hifk-haastaa-bk-46n-sarjafinaalissa\/#primaryimage","url":"https:\/\/i0.wp.com\/aktialiiga.fi\/miehet\/wp-content\/uploads\/sites\/5\/2025\/09\/A7308717-e1761219697794.jpg?fit=1920%2C1280&ssl=1","contentUrl":"https:\/\/i0.wp.com\/aktialiiga.fi\/miehet\/wp-content\/uploads\/sites\/5\/2025\/09\/A7308717-e1761219697794.jpg?fit=1920%2C1280&ssl=1","width":1920,"height":1280},{"@type":"BreadcrumbList","@id":"https:\/\/aktialiiga.fi\/miehet\/2025-2026\/ennakot\/viikon-helmi-tappiottomien-taisto-karjaalla-hifk-haastaa-bk-46n-sarjafinaalissa\/#breadcrumb","itemListElement":[{"@type":"ListItem","position":1,"name":"Etusivu","item":"https:\/\/aktialiiga.fi\/miehet\/"},{"@type":"ListItem","position":2,"name":"VIIKON HELMI: Tappiottomien taisto Karjaalla &#8211; HIFK haastaa BK-46:n sarjafinaalissa"}]},{"@type":"WebSite","@id":"https:\/\/aktialiiga.fi\/miehet\/#website","url":"https:\/\/aktialiiga.fi\/miehet\/","name":"K\u00e4sipallon miesten Aktialiiga","description":"Valtakunnan vauhdikkainta palloilua!","publisher":{"@id":"https:\/\/aktialiiga.fi\/miehet\/#organization"},"potentialAction":[{"@type":"SearchAction","target":{"@type":"EntryPoint","urlTemplate":"https:\/\/aktialiiga.fi\/miehet\/?s={search_term_string}"},"query-input":{"@type":"PropertyValueSpecification","valueRequired":true,"valueName":"search_term_string"}}],"inLanguage":"fi"},{"@type":"Organization","@id":"https:\/\/aktialiiga.fi\/miehet\/#organization","name":"K\u00e4sipallon miesten Aktialiiga","url":"https:\/\/aktialiiga.fi\/miehet\/","logo":{"@type":"ImageObject","inLanguage":"fi","@id":"https:\/\/aktialiiga.fi\/miehet\/#\/schema\/logo\/image\/","url":"https:\/\/i0.wp.com\/aktialiiga.fi\/miehet\/wp-content\/uploads\/sites\/5\/2024\/09\/Aktialiiga-Yoast-512.png?fit=512%2C512&ssl=1","contentUrl":"https:\/\/i0.wp.com\/aktialiiga.fi\/miehet\/wp-content\/uploads\/sites\/5\/2024\/09\/Aktialiiga-Yoast-512.png?fit=512%2C512&ssl=1","width":512,"height":512,"caption":"K\u00e4sipallon miesten Aktialiiga"},"image":{"@id":"https:\/\/aktialiiga.fi\/miehet\/#\/schema\/logo\/image\/"},"sameAs":["https:\/\/www.facebook.com\/finnhandball","https:\/\/x.com\/finnhandball","https:\/\/www.instagram.com\/handballfinland\/"]},{"@type":"Person","@id":"https:\/\/aktialiiga.fi\/miehet\/#\/schema\/person\/6ed7641d619c7f28481c53817a16b871","name":"jussi","image":{"@type":"ImageObject","inLanguage":"fi","@id":"https:\/\/secure.gravatar.com\/avatar\/034b8e6380fc659c320f13e17fe45bd9ab48a21e2debadd5f3179bde291949df?s=96&d=mm&r=g","url":"https:\/\/secure.gravatar.com\/avatar\/034b8e6380fc659c320f13e17fe45bd9ab48a21e2debadd5f3179bde291949df?s=96&d=mm&r=g","contentUrl":"https:\/\/secure.gravatar.com\/avatar\/034b8e6380fc659c320f13e17fe45bd9ab48a21e2debadd5f3179bde291949df?s=96&d=mm&r=g","caption":"jussi"}}]}},"jetpack_featured_media_url":"https:\/\/i0.wp.com\/aktialiiga.fi\/miehet\/wp-content\/uploads\/sites\/5\/2025\/09\/A7308717-e1761219697794.jpg?fit=1920%2C1280&ssl=1","jetpack_sharing_enabled":true,"jetpack_shortlink":"https:\/\/wp.me\/pfTxOr-hxN","_links":{"self":[{"href":"https:\/\/aktialiiga.fi\/miehet\/wp-json\/wp\/v2\/posts\/67443","targetHints":{"allow":["GET"]}}],"collection":[{"href":"https:\/\/aktialiiga.fi\/miehet\/wp-json\/wp\/v2\/posts"}],"about":[{"href":"https:\/\/aktialiiga.fi\/miehet\/wp-json\/wp\/v2\/types\/post"}],"author":[{"embeddable":true,"href":"https:\/\/aktialiiga.fi\/miehet\/wp-json\/wp\/v2\/users\/3"}],"replies":[{"embeddable":true,"href":"https:\/\/aktialiiga.fi\/miehet\/wp-json\/wp\/v2\/comments?post=67443"}],"version-history":[{"count":58,"href":"https:\/\/aktialiiga.fi\/miehet\/wp-json\/wp\/v2\/posts\/67443\/revisions"}],"predecessor-version":[{"id":68854,"href":"https:\/\/aktialiiga.fi\/miehet\/wp-json\/wp\/v2\/posts\/67443\/revisions\/68854"}],"wp:featuredmedia":[{"embeddable":true,"href":"https:\/\/aktialiiga.fi\/miehet\/wp-json\/wp\/v2\/media\/66135"}],"wp:attachment":[{"href":"https:\/\/aktialiiga.fi\/miehet\/wp-json\/wp\/v2\/media?parent=67443"}],"wp:term":[{"taxonomy":"category","embeddable":true,"href":"https:\/\/aktialiiga.fi\/miehet\/wp-json\/wp\/v2\/categories?post=67443"},{"taxonomy":"post_tag","embeddable":true,"href":"https:\/\/aktialiiga.fi\/miehet\/wp-json\/wp\/v2\/tags?post=67443"}],"curies":[{"name":"wp","href":"https:\/\/api.w.org\/{rel}","templated":true}]}}