{"id":67504,"date":"2025-10-23T18:58:57","date_gmt":"2025-10-23T15:58:57","guid":{"rendered":"https:\/\/aktialiiga.fi\/miehet\/?p=67504"},"modified":"2025-10-24T10:12:45","modified_gmt":"2025-10-24T07:12:45","slug":"sif-vaihtaa-paavalmentajaa-gintaras-savukynas-palaa-suomeen","status":"publish","type":"post","link":"https:\/\/aktialiiga.fi\/miehet\/ajankohtaista\/sif-vaihtaa-paavalmentajaa-gintaras-savukynas-palaa-suomeen\/","title":{"rendered":"SIF vaihtaa p\u00e4\u00e4valmentajaa \u2013 Gintaras Savukynas palaa Suomeen"},"content":{"rendered":"<p><!--StartFragment --><\/p>\n<p><span class=\"cf1\">SIF on p<\/span><span class=\"cf0\">\u00e4\u00e4tynyt vaihtamaan p\u00e4\u00e4valmentajaa vain kuuden pelatun <\/span><span class=\"cf0\">Aktialiigan<\/span><span class=\"cf0\"> kierroksen j\u00e4lkeen.<\/span><\/p>\n<p><span class=\"cf0\">Harry Wikstr\u00f6m vapautetaan teht\u00e4v\u00e4st\u00e4\u00e4n <\/span><span class=\"cf0\">SIF;ssa<\/span><span class=\"cf0\"> ja h\u00e4nen paikkansa ottaa <\/span><span class=\"cf0\">Cocksin<\/span><span class=\"cf0\"> p\u00e4\u00e4valmentajana menestyksekk\u00e4\u00e4sti takavuosina toiminut liettualainen <\/span><span class=\"cf0\">Gintaras<\/span> <span class=\"cf0\">Savukynas<\/span><span class=\"cf0\">.<\/span><\/p>\n<p><span class=\"cf0\">&#8211; Olemme saaneet useita uusia pelaajia, mutta kent\u00e4ll\u00e4 ei ole oikein toiminut ja se on n\u00e4kynyt. Uskomme, ett\u00e4 <\/span><span class=\"cf0\">Gintaras<\/span><span class=\"cf0\"> pystyy t\u00e4m\u00e4n k\u00e4\u00e4nt\u00e4m\u00e4\u00e4n, SIF-manageri Susanne Ekstr\u00f6m taustoitti ratkaisua <a href=\"https:\/\/www.vastranyland.fi\/2025-10-23\/tranarbyte-i-sif\/\">V\u00e4stra <\/a><\/span><span class=\"cf0\">Nylandille<\/span><span class=\"cf0\">.<\/span><\/p>\n<p><span class=\"cf0\">&#8211; Samalla haluamme kiitt\u00e4\u00e4 Harrya siit\u00e4 hienosta ty\u00f6st\u00e4, jota h\u00e4n on tehnyt t\u00e4m\u00e4n seuran eteen niin pitk\u00e4n ajan.<\/span><\/p>\n<p><span class=\"cf0\">Savykynasin<\/span><span class=\"cf0\"> sopimus kattaa kuluvan kauden, H\u00e4n toimii samalla my\u00f6s Liettuan maajoukkueen p\u00e4\u00e4valmentajana.<\/span><\/p>\n<p>&nbsp;<\/p>\n<p><!--EndFragment --><\/p>\n","protected":false},"excerpt":{"rendered":"<p>SIF on p\u00e4\u00e4tynyt vaihtamaan p\u00e4\u00e4valmentajaa vain kuuden pelatun Aktialiigan kierroksen j\u00e4lkeen. Harry Wikstr\u00f6m vapautetaan teht\u00e4v\u00e4st\u00e4\u00e4n SIF;ssa ja h\u00e4nen paikkansa ottaa Cocksin p\u00e4\u00e4valmentajana menestyksekk\u00e4\u00e4sti takavuosina toiminut liettualainen Gintaras Savukynas. &#8211; Olemme saaneet useita uusia pelaajia, mutta kent\u00e4ll\u00e4 ei ole oikein toiminut ja se on n\u00e4kynyt. Uskomme, ett\u00e4 Gintaras pystyy t\u00e4m\u00e4n k\u00e4\u00e4nt\u00e4m\u00e4\u00e4n, SIF-manageri Susanne Ekstr\u00f6m taustoitti ratkaisua [&hellip;]<\/p>\n","protected":false},"author":13,"featured_media":21134,"comment_status":"closed","ping_status":"closed","sticky":false,"template":"","format":"standard","meta":{"_acf_changed":false,"jetpack_post_was_ever_published":false,"_jetpack_newsletter_access":"","_jetpack_dont_email_post_to_subs":false,"_jetpack_newsletter_tier_id":0,"_jetpack_memberships_contains_paywalled_content":false,"_jetpack_memberships_contains_paid_content":false,"footnotes":""},"categories":[2],"tags":[111],"class_list":["post-67504","post","type-post","status-publish","format-standard","has-post-thumbnail","hentry","category-ajankohtaista","tag-sif"],"acf":[],"yoast_head":"<!-- This site is optimized with the Yoast SEO plugin v27.5 - https:\/\/yoast.com\/product\/yoast-seo-wordpress\/ -->\n<title>SIF vaihtaa p\u00e4\u00e4valmentajaa \u2013 Gintaras Savukynas palaa Suomeen | K\u00e4sipallon miesten Aktialiiga<\/title>\n<meta name=\"robots\" content=\"index, follow, max-snippet:-1, max-image-preview:large, max-video-preview:-1\" \/>\n<link rel=\"canonical\" href=\"https:\/\/aktialiiga.fi\/miehet\/ajankohtaista\/sif-vaihtaa-paavalmentajaa-gintaras-savukynas-palaa-suomeen\/\" \/>\n<meta property=\"og:locale\" content=\"fi_FI\" \/>\n<meta property=\"og:type\" content=\"article\" \/>\n<meta property=\"og:title\" content=\"SIF vaihtaa p\u00e4\u00e4valmentajaa \u2013 Gintaras Savukynas palaa Suomeen | K\u00e4sipallon miesten Aktialiiga\" \/>\n<meta property=\"og:description\" content=\"SIF on p\u00e4\u00e4tynyt vaihtamaan p\u00e4\u00e4valmentajaa vain kuuden pelatun Aktialiigan kierroksen j\u00e4lkeen. Harry Wikstr\u00f6m vapautetaan teht\u00e4v\u00e4st\u00e4\u00e4n SIF;ssa ja h\u00e4nen paikkansa ottaa Cocksin p\u00e4\u00e4valmentajana menestyksekk\u00e4\u00e4sti takavuosina toiminut liettualainen Gintaras Savukynas. &#8211; Olemme saaneet useita uusia pelaajia, mutta kent\u00e4ll\u00e4 ei ole oikein toiminut ja se on n\u00e4kynyt. Uskomme, ett\u00e4 Gintaras pystyy t\u00e4m\u00e4n k\u00e4\u00e4nt\u00e4m\u00e4\u00e4n, SIF-manageri Susanne Ekstr\u00f6m taustoitti ratkaisua [&hellip;]\" \/>\n<meta property=\"og:url\" content=\"https:\/\/aktialiiga.fi\/miehet\/ajankohtaista\/sif-vaihtaa-paavalmentajaa-gintaras-savukynas-palaa-suomeen\/\" \/>\n<meta property=\"og:site_name\" content=\"K\u00e4sipallon miesten Aktialiiga\" \/>\n<meta property=\"article:publisher\" content=\"https:\/\/www.facebook.com\/finnhandball\" \/>\n<meta property=\"article:published_time\" content=\"2025-10-23T15:58:57+00:00\" \/>\n<meta property=\"article:modified_time\" content=\"2025-10-24T07:12:45+00:00\" \/>\n<meta property=\"og:image\" content=\"https:\/\/aktialiiga.fi\/miehet\/wp-content\/uploads\/sites\/5\/2018\/09\/Cocks_Savukynas_Gintaras_18.gif\" \/>\n\t<meta property=\"og:image:width\" content=\"711\" \/>\n\t<meta property=\"og:image:height\" content=\"325\" \/>\n\t<meta property=\"og:image:type\" content=\"image\/gif\" \/>\n<meta name=\"author\" content=\"tbrmedia\" \/>\n<meta name=\"twitter:card\" content=\"summary_large_image\" \/>\n<meta name=\"twitter:creator\" content=\"@finnhandball\" \/>\n<meta name=\"twitter:site\" content=\"@finnhandball\" \/>\n<script type=\"application\/ld+json\" class=\"yoast-schema-graph\">{\"@context\":\"https:\\\/\\\/schema.org\",\"@graph\":[{\"@type\":\"Article\",\"@id\":\"https:\\\/\\\/aktialiiga.fi\\\/miehet\\\/ajankohtaista\\\/sif-vaihtaa-paavalmentajaa-gintaras-savukynas-palaa-suomeen\\\/#article\",\"isPartOf\":{\"@id\":\"https:\\\/\\\/aktialiiga.fi\\\/miehet\\\/ajankohtaista\\\/sif-vaihtaa-paavalmentajaa-gintaras-savukynas-palaa-suomeen\\\/\"},\"author\":{\"name\":\"tbrmedia\",\"@id\":\"https:\\\/\\\/aktialiiga.fi\\\/miehet\\\/#\\\/schema\\\/person\\\/c14bf42f47041db74603c45afcb18d87\"},\"headline\":\"SIF vaihtaa p\u00e4\u00e4valmentajaa \u2013 Gintaras Savukynas palaa Suomeen\",\"datePublished\":\"2025-10-23T15:58:57+00:00\",\"dateModified\":\"2025-10-24T07:12:45+00:00\",\"mainEntityOfPage\":{\"@id\":\"https:\\\/\\\/aktialiiga.fi\\\/miehet\\\/ajankohtaista\\\/sif-vaihtaa-paavalmentajaa-gintaras-savukynas-palaa-suomeen\\\/\"},\"wordCount\":124,\"publisher\":{\"@id\":\"https:\\\/\\\/aktialiiga.fi\\\/miehet\\\/#organization\"},\"image\":{\"@id\":\"https:\\\/\\\/aktialiiga.fi\\\/miehet\\\/ajankohtaista\\\/sif-vaihtaa-paavalmentajaa-gintaras-savukynas-palaa-suomeen\\\/#primaryimage\"},\"thumbnailUrl\":\"https:\\\/\\\/i0.wp.com\\\/aktialiiga.fi\\\/miehet\\\/wp-content\\\/uploads\\\/sites\\\/5\\\/2018\\\/09\\\/Cocks_Savukynas_Gintaras_18.gif?fit=711%2C325&ssl=1\",\"keywords\":[\"SIF\"],\"articleSection\":[\"Ajankohtaista\"],\"inLanguage\":\"fi\"},{\"@type\":\"WebPage\",\"@id\":\"https:\\\/\\\/aktialiiga.fi\\\/miehet\\\/ajankohtaista\\\/sif-vaihtaa-paavalmentajaa-gintaras-savukynas-palaa-suomeen\\\/\",\"url\":\"https:\\\/\\\/aktialiiga.fi\\\/miehet\\\/ajankohtaista\\\/sif-vaihtaa-paavalmentajaa-gintaras-savukynas-palaa-suomeen\\\/\",\"name\":\"SIF vaihtaa p\u00e4\u00e4valmentajaa \u2013 Gintaras Savukynas palaa Suomeen | K\u00e4sipallon miesten Aktialiiga\",\"isPartOf\":{\"@id\":\"https:\\\/\\\/aktialiiga.fi\\\/miehet\\\/#website\"},\"primaryImageOfPage\":{\"@id\":\"https:\\\/\\\/aktialiiga.fi\\\/miehet\\\/ajankohtaista\\\/sif-vaihtaa-paavalmentajaa-gintaras-savukynas-palaa-suomeen\\\/#primaryimage\"},\"image\":{\"@id\":\"https:\\\/\\\/aktialiiga.fi\\\/miehet\\\/ajankohtaista\\\/sif-vaihtaa-paavalmentajaa-gintaras-savukynas-palaa-suomeen\\\/#primaryimage\"},\"thumbnailUrl\":\"https:\\\/\\\/i0.wp.com\\\/aktialiiga.fi\\\/miehet\\\/wp-content\\\/uploads\\\/sites\\\/5\\\/2018\\\/09\\\/Cocks_Savukynas_Gintaras_18.gif?fit=711%2C325&ssl=1\",\"datePublished\":\"2025-10-23T15:58:57+00:00\",\"dateModified\":\"2025-10-24T07:12:45+00:00\",\"breadcrumb\":{\"@id\":\"https:\\\/\\\/aktialiiga.fi\\\/miehet\\\/ajankohtaista\\\/sif-vaihtaa-paavalmentajaa-gintaras-savukynas-palaa-suomeen\\\/#breadcrumb\"},\"inLanguage\":\"fi\",\"potentialAction\":[{\"@type\":\"ReadAction\",\"target\":[\"https:\\\/\\\/aktialiiga.fi\\\/miehet\\\/ajankohtaista\\\/sif-vaihtaa-paavalmentajaa-gintaras-savukynas-palaa-suomeen\\\/\"]}]},{\"@type\":\"ImageObject\",\"inLanguage\":\"fi\",\"@id\":\"https:\\\/\\\/aktialiiga.fi\\\/miehet\\\/ajankohtaista\\\/sif-vaihtaa-paavalmentajaa-gintaras-savukynas-palaa-suomeen\\\/#primaryimage\",\"url\":\"https:\\\/\\\/i0.wp.com\\\/aktialiiga.fi\\\/miehet\\\/wp-content\\\/uploads\\\/sites\\\/5\\\/2018\\\/09\\\/Cocks_Savukynas_Gintaras_18.gif?fit=711%2C325&ssl=1\",\"contentUrl\":\"https:\\\/\\\/i0.wp.com\\\/aktialiiga.fi\\\/miehet\\\/wp-content\\\/uploads\\\/sites\\\/5\\\/2018\\\/09\\\/Cocks_Savukynas_Gintaras_18.gif?fit=711%2C325&ssl=1\",\"width\":711,\"height\":325},{\"@type\":\"BreadcrumbList\",\"@id\":\"https:\\\/\\\/aktialiiga.fi\\\/miehet\\\/ajankohtaista\\\/sif-vaihtaa-paavalmentajaa-gintaras-savukynas-palaa-suomeen\\\/#breadcrumb\",\"itemListElement\":[{\"@type\":\"ListItem\",\"position\":1,\"name\":\"Etusivu\",\"item\":\"https:\\\/\\\/aktialiiga.fi\\\/miehet\\\/\"},{\"@type\":\"ListItem\",\"position\":2,\"name\":\"SIF vaihtaa p\u00e4\u00e4valmentajaa \u2013 Gintaras Savukynas palaa Suomeen\"}]},{\"@type\":\"WebSite\",\"@id\":\"https:\\\/\\\/aktialiiga.fi\\\/miehet\\\/#website\",\"url\":\"https:\\\/\\\/aktialiiga.fi\\\/miehet\\\/\",\"name\":\"K\u00e4sipallon miesten Aktialiiga\",\"description\":\"Valtakunnan vauhdikkainta palloilua!\",\"publisher\":{\"@id\":\"https:\\\/\\\/aktialiiga.fi\\\/miehet\\\/#organization\"},\"potentialAction\":[{\"@type\":\"SearchAction\",\"target\":{\"@type\":\"EntryPoint\",\"urlTemplate\":\"https:\\\/\\\/aktialiiga.fi\\\/miehet\\\/?s={search_term_string}\"},\"query-input\":{\"@type\":\"PropertyValueSpecification\",\"valueRequired\":true,\"valueName\":\"search_term_string\"}}],\"inLanguage\":\"fi\"},{\"@type\":\"Organization\",\"@id\":\"https:\\\/\\\/aktialiiga.fi\\\/miehet\\\/#organization\",\"name\":\"K\u00e4sipallon miesten Aktialiiga\",\"url\":\"https:\\\/\\\/aktialiiga.fi\\\/miehet\\\/\",\"logo\":{\"@type\":\"ImageObject\",\"inLanguage\":\"fi\",\"@id\":\"https:\\\/\\\/aktialiiga.fi\\\/miehet\\\/#\\\/schema\\\/logo\\\/image\\\/\",\"url\":\"https:\\\/\\\/i0.wp.com\\\/aktialiiga.fi\\\/miehet\\\/wp-content\\\/uploads\\\/sites\\\/5\\\/2024\\\/09\\\/Aktialiiga-Yoast-512.png?fit=512%2C512&ssl=1\",\"contentUrl\":\"https:\\\/\\\/i0.wp.com\\\/aktialiiga.fi\\\/miehet\\\/wp-content\\\/uploads\\\/sites\\\/5\\\/2024\\\/09\\\/Aktialiiga-Yoast-512.png?fit=512%2C512&ssl=1\",\"width\":512,\"height\":512,\"caption\":\"K\u00e4sipallon miesten Aktialiiga\"},\"image\":{\"@id\":\"https:\\\/\\\/aktialiiga.fi\\\/miehet\\\/#\\\/schema\\\/logo\\\/image\\\/\"},\"sameAs\":[\"https:\\\/\\\/www.facebook.com\\\/finnhandball\",\"https:\\\/\\\/x.com\\\/finnhandball\",\"https:\\\/\\\/www.instagram.com\\\/handballfinland\\\/\"]},{\"@type\":\"Person\",\"@id\":\"https:\\\/\\\/aktialiiga.fi\\\/miehet\\\/#\\\/schema\\\/person\\\/c14bf42f47041db74603c45afcb18d87\",\"name\":\"tbrmedia\",\"image\":{\"@type\":\"ImageObject\",\"inLanguage\":\"fi\",\"@id\":\"https:\\\/\\\/secure.gravatar.com\\\/avatar\\\/ee975fa091fe581d12b60debb3439022686618368a7c142044c56724d4666b16?s=96&d=mm&r=g\",\"url\":\"https:\\\/\\\/secure.gravatar.com\\\/avatar\\\/ee975fa091fe581d12b60debb3439022686618368a7c142044c56724d4666b16?s=96&d=mm&r=g\",\"contentUrl\":\"https:\\\/\\\/secure.gravatar.com\\\/avatar\\\/ee975fa091fe581d12b60debb3439022686618368a7c142044c56724d4666b16?s=96&d=mm&r=g\",\"caption\":\"tbrmedia\"}}]}<\/script>\n<!-- \/ Yoast SEO plugin. -->","yoast_head_json":{"title":"SIF vaihtaa p\u00e4\u00e4valmentajaa \u2013 Gintaras Savukynas palaa Suomeen | K\u00e4sipallon miesten Aktialiiga","robots":{"index":"index","follow":"follow","max-snippet":"max-snippet:-1","max-image-preview":"max-image-preview:large","max-video-preview":"max-video-preview:-1"},"canonical":"https:\/\/aktialiiga.fi\/miehet\/ajankohtaista\/sif-vaihtaa-paavalmentajaa-gintaras-savukynas-palaa-suomeen\/","og_locale":"fi_FI","og_type":"article","og_title":"SIF vaihtaa p\u00e4\u00e4valmentajaa \u2013 Gintaras Savukynas palaa Suomeen | K\u00e4sipallon miesten Aktialiiga","og_description":"SIF on p\u00e4\u00e4tynyt vaihtamaan p\u00e4\u00e4valmentajaa vain kuuden pelatun Aktialiigan kierroksen j\u00e4lkeen. Harry Wikstr\u00f6m vapautetaan teht\u00e4v\u00e4st\u00e4\u00e4n SIF;ssa ja h\u00e4nen paikkansa ottaa Cocksin p\u00e4\u00e4valmentajana menestyksekk\u00e4\u00e4sti takavuosina toiminut liettualainen Gintaras Savukynas. &#8211; Olemme saaneet useita uusia pelaajia, mutta kent\u00e4ll\u00e4 ei ole oikein toiminut ja se on n\u00e4kynyt. Uskomme, ett\u00e4 Gintaras pystyy t\u00e4m\u00e4n k\u00e4\u00e4nt\u00e4m\u00e4\u00e4n, SIF-manageri Susanne Ekstr\u00f6m taustoitti ratkaisua [&hellip;]","og_url":"https:\/\/aktialiiga.fi\/miehet\/ajankohtaista\/sif-vaihtaa-paavalmentajaa-gintaras-savukynas-palaa-suomeen\/","og_site_name":"K\u00e4sipallon miesten Aktialiiga","article_publisher":"https:\/\/www.facebook.com\/finnhandball","article_published_time":"2025-10-23T15:58:57+00:00","article_modified_time":"2025-10-24T07:12:45+00:00","og_image":[{"width":711,"height":325,"url":"https:\/\/aktialiiga.fi\/miehet\/wp-content\/uploads\/sites\/5\/2018\/09\/Cocks_Savukynas_Gintaras_18.gif","type":"image\/gif"}],"author":"tbrmedia","twitter_card":"summary_large_image","twitter_creator":"@finnhandball","twitter_site":"@finnhandball","schema":{"@context":"https:\/\/schema.org","@graph":[{"@type":"Article","@id":"https:\/\/aktialiiga.fi\/miehet\/ajankohtaista\/sif-vaihtaa-paavalmentajaa-gintaras-savukynas-palaa-suomeen\/#article","isPartOf":{"@id":"https:\/\/aktialiiga.fi\/miehet\/ajankohtaista\/sif-vaihtaa-paavalmentajaa-gintaras-savukynas-palaa-suomeen\/"},"author":{"name":"tbrmedia","@id":"https:\/\/aktialiiga.fi\/miehet\/#\/schema\/person\/c14bf42f47041db74603c45afcb18d87"},"headline":"SIF vaihtaa p\u00e4\u00e4valmentajaa \u2013 Gintaras Savukynas palaa Suomeen","datePublished":"2025-10-23T15:58:57+00:00","dateModified":"2025-10-24T07:12:45+00:00","mainEntityOfPage":{"@id":"https:\/\/aktialiiga.fi\/miehet\/ajankohtaista\/sif-vaihtaa-paavalmentajaa-gintaras-savukynas-palaa-suomeen\/"},"wordCount":124,"publisher":{"@id":"https:\/\/aktialiiga.fi\/miehet\/#organization"},"image":{"@id":"https:\/\/aktialiiga.fi\/miehet\/ajankohtaista\/sif-vaihtaa-paavalmentajaa-gintaras-savukynas-palaa-suomeen\/#primaryimage"},"thumbnailUrl":"https:\/\/i0.wp.com\/aktialiiga.fi\/miehet\/wp-content\/uploads\/sites\/5\/2018\/09\/Cocks_Savukynas_Gintaras_18.gif?fit=711%2C325&ssl=1","keywords":["SIF"],"articleSection":["Ajankohtaista"],"inLanguage":"fi"},{"@type":"WebPage","@id":"https:\/\/aktialiiga.fi\/miehet\/ajankohtaista\/sif-vaihtaa-paavalmentajaa-gintaras-savukynas-palaa-suomeen\/","url":"https:\/\/aktialiiga.fi\/miehet\/ajankohtaista\/sif-vaihtaa-paavalmentajaa-gintaras-savukynas-palaa-suomeen\/","name":"SIF vaihtaa p\u00e4\u00e4valmentajaa \u2013 Gintaras Savukynas palaa Suomeen | K\u00e4sipallon miesten Aktialiiga","isPartOf":{"@id":"https:\/\/aktialiiga.fi\/miehet\/#website"},"primaryImageOfPage":{"@id":"https:\/\/aktialiiga.fi\/miehet\/ajankohtaista\/sif-vaihtaa-paavalmentajaa-gintaras-savukynas-palaa-suomeen\/#primaryimage"},"image":{"@id":"https:\/\/aktialiiga.fi\/miehet\/ajankohtaista\/sif-vaihtaa-paavalmentajaa-gintaras-savukynas-palaa-suomeen\/#primaryimage"},"thumbnailUrl":"https:\/\/i0.wp.com\/aktialiiga.fi\/miehet\/wp-content\/uploads\/sites\/5\/2018\/09\/Cocks_Savukynas_Gintaras_18.gif?fit=711%2C325&ssl=1","datePublished":"2025-10-23T15:58:57+00:00","dateModified":"2025-10-24T07:12:45+00:00","breadcrumb":{"@id":"https:\/\/aktialiiga.fi\/miehet\/ajankohtaista\/sif-vaihtaa-paavalmentajaa-gintaras-savukynas-palaa-suomeen\/#breadcrumb"},"inLanguage":"fi","potentialAction":[{"@type":"ReadAction","target":["https:\/\/aktialiiga.fi\/miehet\/ajankohtaista\/sif-vaihtaa-paavalmentajaa-gintaras-savukynas-palaa-suomeen\/"]}]},{"@type":"ImageObject","inLanguage":"fi","@id":"https:\/\/aktialiiga.fi\/miehet\/ajankohtaista\/sif-vaihtaa-paavalmentajaa-gintaras-savukynas-palaa-suomeen\/#primaryimage","url":"https:\/\/i0.wp.com\/aktialiiga.fi\/miehet\/wp-content\/uploads\/sites\/5\/2018\/09\/Cocks_Savukynas_Gintaras_18.gif?fit=711%2C325&ssl=1","contentUrl":"https:\/\/i0.wp.com\/aktialiiga.fi\/miehet\/wp-content\/uploads\/sites\/5\/2018\/09\/Cocks_Savukynas_Gintaras_18.gif?fit=711%2C325&ssl=1","width":711,"height":325},{"@type":"BreadcrumbList","@id":"https:\/\/aktialiiga.fi\/miehet\/ajankohtaista\/sif-vaihtaa-paavalmentajaa-gintaras-savukynas-palaa-suomeen\/#breadcrumb","itemListElement":[{"@type":"ListItem","position":1,"name":"Etusivu","item":"https:\/\/aktialiiga.fi\/miehet\/"},{"@type":"ListItem","position":2,"name":"SIF vaihtaa p\u00e4\u00e4valmentajaa \u2013 Gintaras Savukynas palaa Suomeen"}]},{"@type":"WebSite","@id":"https:\/\/aktialiiga.fi\/miehet\/#website","url":"https:\/\/aktialiiga.fi\/miehet\/","name":"K\u00e4sipallon miesten Aktialiiga","description":"Valtakunnan vauhdikkainta palloilua!","publisher":{"@id":"https:\/\/aktialiiga.fi\/miehet\/#organization"},"potentialAction":[{"@type":"SearchAction","target":{"@type":"EntryPoint","urlTemplate":"https:\/\/aktialiiga.fi\/miehet\/?s={search_term_string}"},"query-input":{"@type":"PropertyValueSpecification","valueRequired":true,"valueName":"search_term_string"}}],"inLanguage":"fi"},{"@type":"Organization","@id":"https:\/\/aktialiiga.fi\/miehet\/#organization","name":"K\u00e4sipallon miesten Aktialiiga","url":"https:\/\/aktialiiga.fi\/miehet\/","logo":{"@type":"ImageObject","inLanguage":"fi","@id":"https:\/\/aktialiiga.fi\/miehet\/#\/schema\/logo\/image\/","url":"https:\/\/i0.wp.com\/aktialiiga.fi\/miehet\/wp-content\/uploads\/sites\/5\/2024\/09\/Aktialiiga-Yoast-512.png?fit=512%2C512&ssl=1","contentUrl":"https:\/\/i0.wp.com\/aktialiiga.fi\/miehet\/wp-content\/uploads\/sites\/5\/2024\/09\/Aktialiiga-Yoast-512.png?fit=512%2C512&ssl=1","width":512,"height":512,"caption":"K\u00e4sipallon miesten Aktialiiga"},"image":{"@id":"https:\/\/aktialiiga.fi\/miehet\/#\/schema\/logo\/image\/"},"sameAs":["https:\/\/www.facebook.com\/finnhandball","https:\/\/x.com\/finnhandball","https:\/\/www.instagram.com\/handballfinland\/"]},{"@type":"Person","@id":"https:\/\/aktialiiga.fi\/miehet\/#\/schema\/person\/c14bf42f47041db74603c45afcb18d87","name":"tbrmedia","image":{"@type":"ImageObject","inLanguage":"fi","@id":"https:\/\/secure.gravatar.com\/avatar\/ee975fa091fe581d12b60debb3439022686618368a7c142044c56724d4666b16?s=96&d=mm&r=g","url":"https:\/\/secure.gravatar.com\/avatar\/ee975fa091fe581d12b60debb3439022686618368a7c142044c56724d4666b16?s=96&d=mm&r=g","contentUrl":"https:\/\/secure.gravatar.com\/avatar\/ee975fa091fe581d12b60debb3439022686618368a7c142044c56724d4666b16?s=96&d=mm&r=g","caption":"tbrmedia"}}]}},"jetpack_featured_media_url":"https:\/\/i0.wp.com\/aktialiiga.fi\/miehet\/wp-content\/uploads\/sites\/5\/2018\/09\/Cocks_Savukynas_Gintaras_18.gif?fit=711%2C325&ssl=1","jetpack_sharing_enabled":true,"jetpack_shortlink":"https:\/\/wp.me\/pfTxOr-hyM","_links":{"self":[{"href":"https:\/\/aktialiiga.fi\/miehet\/wp-json\/wp\/v2\/posts\/67504","targetHints":{"allow":["GET"]}}],"collection":[{"href":"https:\/\/aktialiiga.fi\/miehet\/wp-json\/wp\/v2\/posts"}],"about":[{"href":"https:\/\/aktialiiga.fi\/miehet\/wp-json\/wp\/v2\/types\/post"}],"author":[{"embeddable":true,"href":"https:\/\/aktialiiga.fi\/miehet\/wp-json\/wp\/v2\/users\/13"}],"replies":[{"embeddable":true,"href":"https:\/\/aktialiiga.fi\/miehet\/wp-json\/wp\/v2\/comments?post=67504"}],"version-history":[{"count":3,"href":"https:\/\/aktialiiga.fi\/miehet\/wp-json\/wp\/v2\/posts\/67504\/revisions"}],"predecessor-version":[{"id":67523,"href":"https:\/\/aktialiiga.fi\/miehet\/wp-json\/wp\/v2\/posts\/67504\/revisions\/67523"}],"wp:featuredmedia":[{"embeddable":true,"href":"https:\/\/aktialiiga.fi\/miehet\/wp-json\/wp\/v2\/media\/21134"}],"wp:attachment":[{"href":"https:\/\/aktialiiga.fi\/miehet\/wp-json\/wp\/v2\/media?parent=67504"}],"wp:term":[{"taxonomy":"category","embeddable":true,"href":"https:\/\/aktialiiga.fi\/miehet\/wp-json\/wp\/v2\/categories?post=67504"},{"taxonomy":"post_tag","embeddable":true,"href":"https:\/\/aktialiiga.fi\/miehet\/wp-json\/wp\/v2\/tags?post=67504"}],"curies":[{"name":"wp","href":"https:\/\/api.w.org\/{rel}","templated":true}]}}