{"id":67529,"date":"2025-10-24T14:12:46","date_gmt":"2025-10-24T11:12:46","guid":{"rendered":"https:\/\/aktialiiga.fi\/miehet\/?p=67529"},"modified":"2025-10-24T14:12:46","modified_gmt":"2025-10-24T11:12:46","slug":"superlauantai-edessa-aktialiigassa","status":"publish","type":"post","link":"https:\/\/aktialiiga.fi\/miehet\/2025-2026\/ennakot\/superlauantai-edessa-aktialiigassa\/","title":{"rendered":"Superlauantai edess\u00e4 Aktialiigassa"},"content":{"rendered":"<p><!--StartFragment --><\/p>\n<p><span class=\"cf0\">Aktialiigassa<\/span><span class=\"cf0\"> pelataan todellinen superlauantai, kun ohjelmassa on t\u00e4ysi ottelukierros ja kaikki ottelut pelataan l\u00e4hes samanaikaisesti.<\/span><\/p>\n<p><span class=\"cf0\">Pieni varasl\u00e4ht\u00f6 lauantaihin otetaan Pirkkolassa, kun ottelu Dicken <\/span><span class=\"cf1\">\u2013 <\/span><span class=\"cf1\">GrIFK<\/span><span class=\"cf1\"> alkaa 15 minuuttia ennen p<\/span><span class=\"cf0\">\u00e4iv\u00e4n kolmea muuta ottelua. Molemmat joukkueet taistelevat sijoituksista ylemm\u00e4ss\u00e4 keskikastissa, ja pisteet ovat arvokkaita, kun runkosarja etenee. <\/span><span class=\"cf0\">GrIFK:lle<\/span><span class=\"cf0\"> voitto merkitsisi vahvistusta asemalleen kolmen sarjan kolmantena, kun taas Dickenill\u00e4 on mahdollisuus nousta ohi ja ottaa kiinni k\u00e4rkijoukkueita.<\/span><\/p>\n<p><span class=\"cf0\">Riihim\u00e4ell\u00e4 on edess\u00e4 mielenkiintoinen j\u00e4lleenn\u00e4keminen, kun viikolla SIF:n p\u00e4\u00e4valmentajaksi nimitetty <\/span><span class=\"cf0\">Gintaras<\/span> <span class=\"cf0\">Savukynas<\/span><span class=\"cf0\"> saapuu vanhaan kotihalliinsa vanhaa joukkuettaan <\/span><span class=\"cf0\">Cocks<\/span><span class=\"cf0\"> vastaan. J\u00e4nnitteen ottelussa takaa sekin, ett\u00e4 joukkueet l\u00e4htev\u00e4t kamppailuun tasapisteist\u00e4.<\/span><\/p>\n<p><span class=\"cf0\">Karjaalla puolestaan pelataan todellinen k\u00e4rkikamppailu, kun alkukauden pistemenetyksitt\u00e4 pelanneet BK-46 ja HIFK iskev\u00e4t yhteen.<\/span><\/p>\n<p><span class=\"cf0\">&#8211; HIFK on pelannut hyvin. He ovat voittaneet kaikki ottelunsa ja me omamme, mutta on tietysti vaikea sanoa, onko sill\u00e4 jotain merkityst\u00e4. Vastakkain ovat kuitenkin ykk\u00f6nen ja kakkonen ja HIFK pelaa vastaavaa vastahy\u00f6kk\u00e4yspeli\u00e4 kuin mekin. Ottelussa on varmasti v\u00e4h\u00e4n enemm\u00e4n vauhtia kuin muissa liigaotteluissa, <\/span><span class=\"cf0\">BK:n<\/span><span class=\"cf0\"> p\u00e4\u00e4valmentaja Andreas <\/span><span class=\"cf0\">R\u00f6nnberg<\/span><span class=\"cf0\"> ennakoi V\u00e4stra <\/span><span class=\"cf0\">Nylandissa<\/span><span class=\"cf0\">.<\/span><\/p>\n<p>Lue lis\u00e4\u00e4 k\u00e4rkikamppailusta <strong><a href=\"https:\/\/aktialiiga.fi\/miehet\/2025-2026\/ennakot\/viikon-helmi-tappiottomien-taisto-karjaalla-hifk-haastaa-bk-46n-sarjafinaalissa\/\">Viikon helmest\u00e4<\/a><\/strong>.<\/p>\n<p><span class=\"cf0\">Tammisaaressa kohtaavat puolestaan sarjataulukon toisen p\u00e4\u00e4n joukkueet. EIF ja \u00c5IFK hamuavat kumpikin lis\u00e4pisteit\u00e4 pysy\u00e4kseen mukana taistelussa pudotuspelipaikoista.<\/span><\/p>\n<p><span class=\"cf0\">&#8211; Pelasimme hyvin 22 minuuttia, mutta sen j\u00e4lkeen kaikki meni <\/span><span class=\"cf0\">Cocksin<\/span><span class=\"cf0\"> eduksi. Nyt meid\u00e4n pit\u00e4\u00e4 keskitty\u00e4 <\/span><span class=\"cf0\">\u00c5IFK:n<\/span><span class=\"cf0\"> kohtaamiseen, EIF-luotsi Kaj Hagman totesi edellisottelun j\u00e4lkeen.<\/span><\/p>\n<p><strong><span class=\"cf0\">Aktialiiga<\/span><\/strong><span class=\"cf0\"><strong> lauantaina 25.10.:<\/strong><br \/>\n<\/span><span class=\"cf0\">Klo 15.45 Dicken <\/span><span class=\"cf1\">\u2013 <\/span><span class=\"cf1\">GrIFK<br \/>\n<\/span><span class=\"cf1\">Klo 16.00 <\/span><span class=\"cf1\">Cocks<\/span><span class=\"cf1\"> \u2013 SIF<br \/>\n<\/span><span class=\"cf1\">Klo 16.00 BK-46 \u2013 HIFK<br \/>\n<\/span><span class=\"cf1\">Klo 16.00 EIF \u2013 <\/span><span class=\"cf0\">\u00c5IFK <\/span><\/p>\n<p><!--EndFragment --><\/p>\n<p>Aktialiigan kauden kaikki ottelut suorina l\u00e4hetyksin\u00e4 <strong><a href=\"https:\/\/aktialiiga.fi\/handistv\/\">HandisTV:ss\u00e4<\/a><\/strong>.<\/p>\n","protected":false},"excerpt":{"rendered":"<p>Aktialiigassa pelataan todellinen superlauantai, kun ohjelmassa on t\u00e4ysi ottelukierros ja kaikki ottelut pelataan l\u00e4hes samanaikaisesti. Pieni varasl\u00e4ht\u00f6 lauantaihin otetaan Pirkkolassa, kun ottelu Dicken \u2013 GrIFK alkaa 15 minuuttia ennen p\u00e4iv\u00e4n kolmea muuta ottelua. Molemmat joukkueet taistelevat sijoituksista ylemm\u00e4ss\u00e4 keskikastissa, ja pisteet ovat arvokkaita, kun runkosarja etenee. GrIFK:lle voitto merkitsisi vahvistusta asemalleen kolmen sarjan kolmantena, kun [&hellip;]<\/p>\n","protected":false},"author":13,"featured_media":66993,"comment_status":"closed","ping_status":"closed","sticky":false,"template":"","format":"standard","meta":{"_acf_changed":false,"jetpack_post_was_ever_published":false,"_jetpack_newsletter_access":"","_jetpack_dont_email_post_to_subs":false,"_jetpack_newsletter_tier_id":0,"_jetpack_memberships_contains_paywalled_content":false,"_jetpack_memberships_contains_paid_content":false,"footnotes":""},"categories":[358],"tags":[50,56,57,58,60,64,71,111],"class_list":["post-67529","post","type-post","status-publish","format-standard","has-post-thumbnail","hentry","category-ennakot","tag-aifk","tag-bk-46","tag-cocks","tag-dicken","tag-eif","tag-grifk","tag-hifk","tag-sif"],"acf":[],"yoast_head":"<!-- This site is optimized with the Yoast SEO plugin v27.5 - https:\/\/yoast.com\/product\/yoast-seo-wordpress\/ -->\n<title>Superlauantai edess\u00e4 Aktialiigassa | K\u00e4sipallon miesten Aktialiiga<\/title>\n<meta name=\"robots\" content=\"index, follow, max-snippet:-1, max-image-preview:large, max-video-preview:-1\" \/>\n<link rel=\"canonical\" href=\"https:\/\/aktialiiga.fi\/miehet\/2025-2026\/ennakot\/superlauantai-edessa-aktialiigassa\/\" \/>\n<meta property=\"og:locale\" content=\"fi_FI\" \/>\n<meta property=\"og:type\" content=\"article\" \/>\n<meta property=\"og:title\" content=\"Superlauantai edess\u00e4 Aktialiigassa | K\u00e4sipallon miesten Aktialiiga\" \/>\n<meta property=\"og:description\" content=\"Aktialiigassa pelataan todellinen superlauantai, kun ohjelmassa on t\u00e4ysi ottelukierros ja kaikki ottelut pelataan l\u00e4hes samanaikaisesti. Pieni varasl\u00e4ht\u00f6 lauantaihin otetaan Pirkkolassa, kun ottelu Dicken \u2013 GrIFK alkaa 15 minuuttia ennen p\u00e4iv\u00e4n kolmea muuta ottelua. Molemmat joukkueet taistelevat sijoituksista ylemm\u00e4ss\u00e4 keskikastissa, ja pisteet ovat arvokkaita, kun runkosarja etenee. GrIFK:lle voitto merkitsisi vahvistusta asemalleen kolmen sarjan kolmantena, kun [&hellip;]\" \/>\n<meta property=\"og:url\" content=\"https:\/\/aktialiiga.fi\/miehet\/2025-2026\/ennakot\/superlauantai-edessa-aktialiigassa\/\" \/>\n<meta property=\"og:site_name\" content=\"K\u00e4sipallon miesten Aktialiiga\" \/>\n<meta property=\"article:publisher\" content=\"https:\/\/www.facebook.com\/finnhandball\" \/>\n<meta property=\"article:published_time\" content=\"2025-10-24T11:12:46+00:00\" \/>\n<meta property=\"og:image\" content=\"https:\/\/aktialiiga.fi\/miehet\/wp-content\/uploads\/sites\/5\/2025\/10\/A7301766-1030x687.jpg\" \/>\n\t<meta property=\"og:image:width\" content=\"1030\" \/>\n\t<meta property=\"og:image:height\" content=\"687\" \/>\n\t<meta property=\"og:image:type\" content=\"image\/jpeg\" \/>\n<meta name=\"author\" content=\"tbrmedia\" \/>\n<meta name=\"twitter:card\" content=\"summary_large_image\" \/>\n<meta name=\"twitter:creator\" content=\"@finnhandball\" \/>\n<meta name=\"twitter:site\" content=\"@finnhandball\" \/>\n<script type=\"application\/ld+json\" class=\"yoast-schema-graph\">{\"@context\":\"https:\\\/\\\/schema.org\",\"@graph\":[{\"@type\":\"Article\",\"@id\":\"https:\\\/\\\/aktialiiga.fi\\\/miehet\\\/2025-2026\\\/ennakot\\\/superlauantai-edessa-aktialiigassa\\\/#article\",\"isPartOf\":{\"@id\":\"https:\\\/\\\/aktialiiga.fi\\\/miehet\\\/2025-2026\\\/ennakot\\\/superlauantai-edessa-aktialiigassa\\\/\"},\"author\":{\"name\":\"tbrmedia\",\"@id\":\"https:\\\/\\\/aktialiiga.fi\\\/miehet\\\/#\\\/schema\\\/person\\\/c14bf42f47041db74603c45afcb18d87\"},\"headline\":\"Superlauantai edess\u00e4 Aktialiigassa\",\"datePublished\":\"2025-10-24T11:12:46+00:00\",\"mainEntityOfPage\":{\"@id\":\"https:\\\/\\\/aktialiiga.fi\\\/miehet\\\/2025-2026\\\/ennakot\\\/superlauantai-edessa-aktialiigassa\\\/\"},\"wordCount\":263,\"publisher\":{\"@id\":\"https:\\\/\\\/aktialiiga.fi\\\/miehet\\\/#organization\"},\"image\":{\"@id\":\"https:\\\/\\\/aktialiiga.fi\\\/miehet\\\/2025-2026\\\/ennakot\\\/superlauantai-edessa-aktialiigassa\\\/#primaryimage\"},\"thumbnailUrl\":\"https:\\\/\\\/i0.wp.com\\\/aktialiiga.fi\\\/miehet\\\/wp-content\\\/uploads\\\/sites\\\/5\\\/2025\\\/10\\\/A7301766.jpg?fit=4839%2C3226&ssl=1\",\"keywords\":[\"\u00c5IFK\",\"BK-46\",\"Cocks\",\"Dicken\",\"EIF\",\"GrIFK\",\"HIFK\",\"SIF\"],\"articleSection\":[\"Ennakot\"],\"inLanguage\":\"fi\"},{\"@type\":\"WebPage\",\"@id\":\"https:\\\/\\\/aktialiiga.fi\\\/miehet\\\/2025-2026\\\/ennakot\\\/superlauantai-edessa-aktialiigassa\\\/\",\"url\":\"https:\\\/\\\/aktialiiga.fi\\\/miehet\\\/2025-2026\\\/ennakot\\\/superlauantai-edessa-aktialiigassa\\\/\",\"name\":\"Superlauantai edess\u00e4 Aktialiigassa | K\u00e4sipallon miesten Aktialiiga\",\"isPartOf\":{\"@id\":\"https:\\\/\\\/aktialiiga.fi\\\/miehet\\\/#website\"},\"primaryImageOfPage\":{\"@id\":\"https:\\\/\\\/aktialiiga.fi\\\/miehet\\\/2025-2026\\\/ennakot\\\/superlauantai-edessa-aktialiigassa\\\/#primaryimage\"},\"image\":{\"@id\":\"https:\\\/\\\/aktialiiga.fi\\\/miehet\\\/2025-2026\\\/ennakot\\\/superlauantai-edessa-aktialiigassa\\\/#primaryimage\"},\"thumbnailUrl\":\"https:\\\/\\\/i0.wp.com\\\/aktialiiga.fi\\\/miehet\\\/wp-content\\\/uploads\\\/sites\\\/5\\\/2025\\\/10\\\/A7301766.jpg?fit=4839%2C3226&ssl=1\",\"datePublished\":\"2025-10-24T11:12:46+00:00\",\"breadcrumb\":{\"@id\":\"https:\\\/\\\/aktialiiga.fi\\\/miehet\\\/2025-2026\\\/ennakot\\\/superlauantai-edessa-aktialiigassa\\\/#breadcrumb\"},\"inLanguage\":\"fi\",\"potentialAction\":[{\"@type\":\"ReadAction\",\"target\":[\"https:\\\/\\\/aktialiiga.fi\\\/miehet\\\/2025-2026\\\/ennakot\\\/superlauantai-edessa-aktialiigassa\\\/\"]}]},{\"@type\":\"ImageObject\",\"inLanguage\":\"fi\",\"@id\":\"https:\\\/\\\/aktialiiga.fi\\\/miehet\\\/2025-2026\\\/ennakot\\\/superlauantai-edessa-aktialiigassa\\\/#primaryimage\",\"url\":\"https:\\\/\\\/i0.wp.com\\\/aktialiiga.fi\\\/miehet\\\/wp-content\\\/uploads\\\/sites\\\/5\\\/2025\\\/10\\\/A7301766.jpg?fit=4839%2C3226&ssl=1\",\"contentUrl\":\"https:\\\/\\\/i0.wp.com\\\/aktialiiga.fi\\\/miehet\\\/wp-content\\\/uploads\\\/sites\\\/5\\\/2025\\\/10\\\/A7301766.jpg?fit=4839%2C3226&ssl=1\",\"width\":4839,\"height\":3226},{\"@type\":\"BreadcrumbList\",\"@id\":\"https:\\\/\\\/aktialiiga.fi\\\/miehet\\\/2025-2026\\\/ennakot\\\/superlauantai-edessa-aktialiigassa\\\/#breadcrumb\",\"itemListElement\":[{\"@type\":\"ListItem\",\"position\":1,\"name\":\"Etusivu\",\"item\":\"https:\\\/\\\/aktialiiga.fi\\\/miehet\\\/\"},{\"@type\":\"ListItem\",\"position\":2,\"name\":\"Superlauantai edess\u00e4 Aktialiigassa\"}]},{\"@type\":\"WebSite\",\"@id\":\"https:\\\/\\\/aktialiiga.fi\\\/miehet\\\/#website\",\"url\":\"https:\\\/\\\/aktialiiga.fi\\\/miehet\\\/\",\"name\":\"K\u00e4sipallon miesten Aktialiiga\",\"description\":\"Valtakunnan vauhdikkainta palloilua!\",\"publisher\":{\"@id\":\"https:\\\/\\\/aktialiiga.fi\\\/miehet\\\/#organization\"},\"potentialAction\":[{\"@type\":\"SearchAction\",\"target\":{\"@type\":\"EntryPoint\",\"urlTemplate\":\"https:\\\/\\\/aktialiiga.fi\\\/miehet\\\/?s={search_term_string}\"},\"query-input\":{\"@type\":\"PropertyValueSpecification\",\"valueRequired\":true,\"valueName\":\"search_term_string\"}}],\"inLanguage\":\"fi\"},{\"@type\":\"Organization\",\"@id\":\"https:\\\/\\\/aktialiiga.fi\\\/miehet\\\/#organization\",\"name\":\"K\u00e4sipallon miesten Aktialiiga\",\"url\":\"https:\\\/\\\/aktialiiga.fi\\\/miehet\\\/\",\"logo\":{\"@type\":\"ImageObject\",\"inLanguage\":\"fi\",\"@id\":\"https:\\\/\\\/aktialiiga.fi\\\/miehet\\\/#\\\/schema\\\/logo\\\/image\\\/\",\"url\":\"https:\\\/\\\/i0.wp.com\\\/aktialiiga.fi\\\/miehet\\\/wp-content\\\/uploads\\\/sites\\\/5\\\/2024\\\/09\\\/Aktialiiga-Yoast-512.png?fit=512%2C512&ssl=1\",\"contentUrl\":\"https:\\\/\\\/i0.wp.com\\\/aktialiiga.fi\\\/miehet\\\/wp-content\\\/uploads\\\/sites\\\/5\\\/2024\\\/09\\\/Aktialiiga-Yoast-512.png?fit=512%2C512&ssl=1\",\"width\":512,\"height\":512,\"caption\":\"K\u00e4sipallon miesten Aktialiiga\"},\"image\":{\"@id\":\"https:\\\/\\\/aktialiiga.fi\\\/miehet\\\/#\\\/schema\\\/logo\\\/image\\\/\"},\"sameAs\":[\"https:\\\/\\\/www.facebook.com\\\/finnhandball\",\"https:\\\/\\\/x.com\\\/finnhandball\",\"https:\\\/\\\/www.instagram.com\\\/handballfinland\\\/\"]},{\"@type\":\"Person\",\"@id\":\"https:\\\/\\\/aktialiiga.fi\\\/miehet\\\/#\\\/schema\\\/person\\\/c14bf42f47041db74603c45afcb18d87\",\"name\":\"tbrmedia\",\"image\":{\"@type\":\"ImageObject\",\"inLanguage\":\"fi\",\"@id\":\"https:\\\/\\\/secure.gravatar.com\\\/avatar\\\/ee975fa091fe581d12b60debb3439022686618368a7c142044c56724d4666b16?s=96&d=mm&r=g\",\"url\":\"https:\\\/\\\/secure.gravatar.com\\\/avatar\\\/ee975fa091fe581d12b60debb3439022686618368a7c142044c56724d4666b16?s=96&d=mm&r=g\",\"contentUrl\":\"https:\\\/\\\/secure.gravatar.com\\\/avatar\\\/ee975fa091fe581d12b60debb3439022686618368a7c142044c56724d4666b16?s=96&d=mm&r=g\",\"caption\":\"tbrmedia\"}}]}<\/script>\n<!-- \/ Yoast SEO plugin. -->","yoast_head_json":{"title":"Superlauantai edess\u00e4 Aktialiigassa | K\u00e4sipallon miesten Aktialiiga","robots":{"index":"index","follow":"follow","max-snippet":"max-snippet:-1","max-image-preview":"max-image-preview:large","max-video-preview":"max-video-preview:-1"},"canonical":"https:\/\/aktialiiga.fi\/miehet\/2025-2026\/ennakot\/superlauantai-edessa-aktialiigassa\/","og_locale":"fi_FI","og_type":"article","og_title":"Superlauantai edess\u00e4 Aktialiigassa | K\u00e4sipallon miesten Aktialiiga","og_description":"Aktialiigassa pelataan todellinen superlauantai, kun ohjelmassa on t\u00e4ysi ottelukierros ja kaikki ottelut pelataan l\u00e4hes samanaikaisesti. Pieni varasl\u00e4ht\u00f6 lauantaihin otetaan Pirkkolassa, kun ottelu Dicken \u2013 GrIFK alkaa 15 minuuttia ennen p\u00e4iv\u00e4n kolmea muuta ottelua. Molemmat joukkueet taistelevat sijoituksista ylemm\u00e4ss\u00e4 keskikastissa, ja pisteet ovat arvokkaita, kun runkosarja etenee. GrIFK:lle voitto merkitsisi vahvistusta asemalleen kolmen sarjan kolmantena, kun [&hellip;]","og_url":"https:\/\/aktialiiga.fi\/miehet\/2025-2026\/ennakot\/superlauantai-edessa-aktialiigassa\/","og_site_name":"K\u00e4sipallon miesten Aktialiiga","article_publisher":"https:\/\/www.facebook.com\/finnhandball","article_published_time":"2025-10-24T11:12:46+00:00","og_image":[{"width":1030,"height":687,"url":"https:\/\/aktialiiga.fi\/miehet\/wp-content\/uploads\/sites\/5\/2025\/10\/A7301766-1030x687.jpg","type":"image\/jpeg"}],"author":"tbrmedia","twitter_card":"summary_large_image","twitter_creator":"@finnhandball","twitter_site":"@finnhandball","schema":{"@context":"https:\/\/schema.org","@graph":[{"@type":"Article","@id":"https:\/\/aktialiiga.fi\/miehet\/2025-2026\/ennakot\/superlauantai-edessa-aktialiigassa\/#article","isPartOf":{"@id":"https:\/\/aktialiiga.fi\/miehet\/2025-2026\/ennakot\/superlauantai-edessa-aktialiigassa\/"},"author":{"name":"tbrmedia","@id":"https:\/\/aktialiiga.fi\/miehet\/#\/schema\/person\/c14bf42f47041db74603c45afcb18d87"},"headline":"Superlauantai edess\u00e4 Aktialiigassa","datePublished":"2025-10-24T11:12:46+00:00","mainEntityOfPage":{"@id":"https:\/\/aktialiiga.fi\/miehet\/2025-2026\/ennakot\/superlauantai-edessa-aktialiigassa\/"},"wordCount":263,"publisher":{"@id":"https:\/\/aktialiiga.fi\/miehet\/#organization"},"image":{"@id":"https:\/\/aktialiiga.fi\/miehet\/2025-2026\/ennakot\/superlauantai-edessa-aktialiigassa\/#primaryimage"},"thumbnailUrl":"https:\/\/i0.wp.com\/aktialiiga.fi\/miehet\/wp-content\/uploads\/sites\/5\/2025\/10\/A7301766.jpg?fit=4839%2C3226&ssl=1","keywords":["\u00c5IFK","BK-46","Cocks","Dicken","EIF","GrIFK","HIFK","SIF"],"articleSection":["Ennakot"],"inLanguage":"fi"},{"@type":"WebPage","@id":"https:\/\/aktialiiga.fi\/miehet\/2025-2026\/ennakot\/superlauantai-edessa-aktialiigassa\/","url":"https:\/\/aktialiiga.fi\/miehet\/2025-2026\/ennakot\/superlauantai-edessa-aktialiigassa\/","name":"Superlauantai edess\u00e4 Aktialiigassa | K\u00e4sipallon miesten Aktialiiga","isPartOf":{"@id":"https:\/\/aktialiiga.fi\/miehet\/#website"},"primaryImageOfPage":{"@id":"https:\/\/aktialiiga.fi\/miehet\/2025-2026\/ennakot\/superlauantai-edessa-aktialiigassa\/#primaryimage"},"image":{"@id":"https:\/\/aktialiiga.fi\/miehet\/2025-2026\/ennakot\/superlauantai-edessa-aktialiigassa\/#primaryimage"},"thumbnailUrl":"https:\/\/i0.wp.com\/aktialiiga.fi\/miehet\/wp-content\/uploads\/sites\/5\/2025\/10\/A7301766.jpg?fit=4839%2C3226&ssl=1","datePublished":"2025-10-24T11:12:46+00:00","breadcrumb":{"@id":"https:\/\/aktialiiga.fi\/miehet\/2025-2026\/ennakot\/superlauantai-edessa-aktialiigassa\/#breadcrumb"},"inLanguage":"fi","potentialAction":[{"@type":"ReadAction","target":["https:\/\/aktialiiga.fi\/miehet\/2025-2026\/ennakot\/superlauantai-edessa-aktialiigassa\/"]}]},{"@type":"ImageObject","inLanguage":"fi","@id":"https:\/\/aktialiiga.fi\/miehet\/2025-2026\/ennakot\/superlauantai-edessa-aktialiigassa\/#primaryimage","url":"https:\/\/i0.wp.com\/aktialiiga.fi\/miehet\/wp-content\/uploads\/sites\/5\/2025\/10\/A7301766.jpg?fit=4839%2C3226&ssl=1","contentUrl":"https:\/\/i0.wp.com\/aktialiiga.fi\/miehet\/wp-content\/uploads\/sites\/5\/2025\/10\/A7301766.jpg?fit=4839%2C3226&ssl=1","width":4839,"height":3226},{"@type":"BreadcrumbList","@id":"https:\/\/aktialiiga.fi\/miehet\/2025-2026\/ennakot\/superlauantai-edessa-aktialiigassa\/#breadcrumb","itemListElement":[{"@type":"ListItem","position":1,"name":"Etusivu","item":"https:\/\/aktialiiga.fi\/miehet\/"},{"@type":"ListItem","position":2,"name":"Superlauantai edess\u00e4 Aktialiigassa"}]},{"@type":"WebSite","@id":"https:\/\/aktialiiga.fi\/miehet\/#website","url":"https:\/\/aktialiiga.fi\/miehet\/","name":"K\u00e4sipallon miesten Aktialiiga","description":"Valtakunnan vauhdikkainta palloilua!","publisher":{"@id":"https:\/\/aktialiiga.fi\/miehet\/#organization"},"potentialAction":[{"@type":"SearchAction","target":{"@type":"EntryPoint","urlTemplate":"https:\/\/aktialiiga.fi\/miehet\/?s={search_term_string}"},"query-input":{"@type":"PropertyValueSpecification","valueRequired":true,"valueName":"search_term_string"}}],"inLanguage":"fi"},{"@type":"Organization","@id":"https:\/\/aktialiiga.fi\/miehet\/#organization","name":"K\u00e4sipallon miesten Aktialiiga","url":"https:\/\/aktialiiga.fi\/miehet\/","logo":{"@type":"ImageObject","inLanguage":"fi","@id":"https:\/\/aktialiiga.fi\/miehet\/#\/schema\/logo\/image\/","url":"https:\/\/i0.wp.com\/aktialiiga.fi\/miehet\/wp-content\/uploads\/sites\/5\/2024\/09\/Aktialiiga-Yoast-512.png?fit=512%2C512&ssl=1","contentUrl":"https:\/\/i0.wp.com\/aktialiiga.fi\/miehet\/wp-content\/uploads\/sites\/5\/2024\/09\/Aktialiiga-Yoast-512.png?fit=512%2C512&ssl=1","width":512,"height":512,"caption":"K\u00e4sipallon miesten Aktialiiga"},"image":{"@id":"https:\/\/aktialiiga.fi\/miehet\/#\/schema\/logo\/image\/"},"sameAs":["https:\/\/www.facebook.com\/finnhandball","https:\/\/x.com\/finnhandball","https:\/\/www.instagram.com\/handballfinland\/"]},{"@type":"Person","@id":"https:\/\/aktialiiga.fi\/miehet\/#\/schema\/person\/c14bf42f47041db74603c45afcb18d87","name":"tbrmedia","image":{"@type":"ImageObject","inLanguage":"fi","@id":"https:\/\/secure.gravatar.com\/avatar\/ee975fa091fe581d12b60debb3439022686618368a7c142044c56724d4666b16?s=96&d=mm&r=g","url":"https:\/\/secure.gravatar.com\/avatar\/ee975fa091fe581d12b60debb3439022686618368a7c142044c56724d4666b16?s=96&d=mm&r=g","contentUrl":"https:\/\/secure.gravatar.com\/avatar\/ee975fa091fe581d12b60debb3439022686618368a7c142044c56724d4666b16?s=96&d=mm&r=g","caption":"tbrmedia"}}]}},"jetpack_featured_media_url":"https:\/\/i0.wp.com\/aktialiiga.fi\/miehet\/wp-content\/uploads\/sites\/5\/2025\/10\/A7301766.jpg?fit=4839%2C3226&ssl=1","jetpack_sharing_enabled":true,"jetpack_shortlink":"https:\/\/wp.me\/pfTxOr-hzb","_links":{"self":[{"href":"https:\/\/aktialiiga.fi\/miehet\/wp-json\/wp\/v2\/posts\/67529","targetHints":{"allow":["GET"]}}],"collection":[{"href":"https:\/\/aktialiiga.fi\/miehet\/wp-json\/wp\/v2\/posts"}],"about":[{"href":"https:\/\/aktialiiga.fi\/miehet\/wp-json\/wp\/v2\/types\/post"}],"author":[{"embeddable":true,"href":"https:\/\/aktialiiga.fi\/miehet\/wp-json\/wp\/v2\/users\/13"}],"replies":[{"embeddable":true,"href":"https:\/\/aktialiiga.fi\/miehet\/wp-json\/wp\/v2\/comments?post=67529"}],"version-history":[{"count":2,"href":"https:\/\/aktialiiga.fi\/miehet\/wp-json\/wp\/v2\/posts\/67529\/revisions"}],"predecessor-version":[{"id":67734,"href":"https:\/\/aktialiiga.fi\/miehet\/wp-json\/wp\/v2\/posts\/67529\/revisions\/67734"}],"wp:featuredmedia":[{"embeddable":true,"href":"https:\/\/aktialiiga.fi\/miehet\/wp-json\/wp\/v2\/media\/66993"}],"wp:attachment":[{"href":"https:\/\/aktialiiga.fi\/miehet\/wp-json\/wp\/v2\/media?parent=67529"}],"wp:term":[{"taxonomy":"category","embeddable":true,"href":"https:\/\/aktialiiga.fi\/miehet\/wp-json\/wp\/v2\/categories?post=67529"},{"taxonomy":"post_tag","embeddable":true,"href":"https:\/\/aktialiiga.fi\/miehet\/wp-json\/wp\/v2\/tags?post=67529"}],"curies":[{"name":"wp","href":"https:\/\/api.w.org\/{rel}","templated":true}]}}