{"id":67540,"date":"2025-10-25T17:38:12","date_gmt":"2025-10-25T14:38:12","guid":{"rendered":"https:\/\/aktialiiga.fi\/miehet\/?p=67540"},"modified":"2025-10-25T18:05:31","modified_gmt":"2025-10-25T15:05:31","slug":"eif-ja-aifk-pistejakoon","status":"publish","type":"post","link":"https:\/\/aktialiiga.fi\/miehet\/2025-2026\/ottelut\/eif-ja-aifk-pistejakoon\/","title":{"rendered":"EIF ja \u00c5IFK pistejakoon"},"content":{"rendered":"<p>EIF ja \u00c5IFK pelasivat lauantaina kauttaaltaan todella tasaisen ottelun, joka p\u00e4\u00e4ttyi my\u00f6s tapahtumiin n\u00e4hden sopivasti tasapeliin.<\/p>\n<p>\u00c5IFK aloitti ottelun ter\u00e4v\u00e4sti ja otti nopeasti nelj\u00e4n maalin johdon. Turkulaisjohdossa edettiin ensimm\u00e4iset 20 minuuttia, mutta tauon alla EIF tuli vahvasti ja nousi takaa kolmen maalin johtoasemaan.<\/p>\n<p>Toisella jaksolla \u00c5IFK puristi j\u00e4lleen tasoihin ja tasatahtia edettiin aina viimeiselle kymmenminuuttiselle saakka. Turkulaiset olivat jo hieman niskan p\u00e4\u00e4ll\u00e4, mutta EIF nousi tasoihin ja p\u00e4\u00e4si viel\u00e4 hakemaan loppusekunneilla voittomaalia, mutta ilman tulosta.<\/p>\n<p>EIF:n p\u00e4\u00e4valmentaja Kaj Hagman oli v\u00e4hint\u00e4\u00e4n puoliksi tyytyv\u00e4inen pistejakoonkin.<\/p>\n<p>&#8211; Hieno tunnelma hallissa t\u00e4n\u00e4\u00e4n! Meill\u00e4 oli heikko alku ja muutama ratkaisu ottelun lopussa johti siihen, ett\u00e4 voittoa ei t\u00e4n\u00e4\u00e4n tullut. Onneksi saatiin piste kotiin!<\/p>\n<p>Samoilla linjoilla oli my\u00f6s \u00c5IFK-luotsi Aku Kuusisto<\/p>\n<p>&#8211; T\u00e4n\u00e4\u00e4n oli hieno tunnelma hallissa ja siit\u00e4 pit\u00e4\u00e4 kiitt\u00e4\u00e4 yleis\u00f6\u00e4. Pelillisess\u00e4 en haluaisi muuttaa mit\u00e4\u00e4n meid\u00e4n hy\u00f6kiss\u00e4, defussa tai kontrassa &#8211; mutta pit\u00e4\u00e4 laitta pallo maaliin ja se paranee treenaamalla, Kuusisto mietti.<\/p>\n<p>&#8211; Todella ylpe\u00e4 pojista ja ehk\u00e4 lopulta molemmille ansaittu piste, joten onnittelut EIF:llekin siit\u00e4.<\/p>\n<p>My\u00f6s ottelun parhaana pelaajana palkittu \u00c5IFK:n Aaron Kronberg n\u00e4ki joukkueen otteissa paljon hyv\u00e4\u00e4.<\/p>\n<p>&#8211; T\u00e4n\u00e4\u00e4n seurattiin ottelusuunnitelmaa &#8211; sek\u00e4 hy\u00f6kk\u00e4yksess\u00e4 ett\u00e4 puolustuksessa. Valitettavasti hukattiin liikaa vapaita paikkoja ja siksi emme pystyneet voittamaan t\u00e4n\u00e4\u00e4n. Hallissa oli hieno tunnelma, ja silloin on hauska pelata!<\/p>\n<p>&nbsp;<\/p>\n","protected":false},"excerpt":{"rendered":"<p>EIF ja \u00c5IFK pelasivat lauantaina kauttaaltaan todella tasaisen ottelun, joka p\u00e4\u00e4ttyi my\u00f6s tapahtumiin n\u00e4hden sopivasti tasapeliin. \u00c5IFK aloitti ottelun ter\u00e4v\u00e4sti ja otti nopeasti nelj\u00e4n maalin johdon. Turkulaisjohdossa edettiin ensimm\u00e4iset 20 minuuttia, mutta tauon alla EIF tuli vahvasti ja nousi takaa kolmen maalin johtoasemaan. Toisella jaksolla \u00c5IFK puristi j\u00e4lleen tasoihin ja tasatahtia edettiin aina viimeiselle kymmenminuuttiselle [&hellip;]<\/p>\n","protected":false},"author":13,"featured_media":67541,"comment_status":"closed","ping_status":"closed","sticky":false,"template":"","format":"standard","meta":{"_acf_changed":false,"jetpack_post_was_ever_published":false,"_jetpack_newsletter_access":"","_jetpack_dont_email_post_to_subs":false,"_jetpack_newsletter_tier_id":0,"_jetpack_memberships_contains_paywalled_content":false,"_jetpack_memberships_contains_paid_content":false,"footnotes":""},"categories":[361],"tags":[50,60],"class_list":["post-67540","post","type-post","status-publish","format-standard","has-post-thumbnail","hentry","category-ottelut","tag-aifk","tag-eif"],"acf":[],"yoast_head":"<!-- This site is optimized with the Yoast SEO plugin v27.5 - https:\/\/yoast.com\/product\/yoast-seo-wordpress\/ -->\n<title>EIF ja \u00c5IFK pistejakoon | K\u00e4sipallon miesten Aktialiiga<\/title>\n<meta name=\"robots\" content=\"index, follow, max-snippet:-1, max-image-preview:large, max-video-preview:-1\" \/>\n<link rel=\"canonical\" href=\"https:\/\/aktialiiga.fi\/miehet\/2025-2026\/ottelut\/eif-ja-aifk-pistejakoon\/\" \/>\n<meta property=\"og:locale\" content=\"fi_FI\" \/>\n<meta property=\"og:type\" content=\"article\" \/>\n<meta property=\"og:title\" content=\"EIF ja \u00c5IFK pistejakoon | K\u00e4sipallon miesten Aktialiiga\" \/>\n<meta property=\"og:description\" content=\"EIF ja \u00c5IFK pelasivat lauantaina kauttaaltaan todella tasaisen ottelun, joka p\u00e4\u00e4ttyi my\u00f6s tapahtumiin n\u00e4hden sopivasti tasapeliin. \u00c5IFK aloitti ottelun ter\u00e4v\u00e4sti ja otti nopeasti nelj\u00e4n maalin johdon. Turkulaisjohdossa edettiin ensimm\u00e4iset 20 minuuttia, mutta tauon alla EIF tuli vahvasti ja nousi takaa kolmen maalin johtoasemaan. Toisella jaksolla \u00c5IFK puristi j\u00e4lleen tasoihin ja tasatahtia edettiin aina viimeiselle kymmenminuuttiselle [&hellip;]\" \/>\n<meta property=\"og:url\" content=\"https:\/\/aktialiiga.fi\/miehet\/2025-2026\/ottelut\/eif-ja-aifk-pistejakoon\/\" \/>\n<meta property=\"og:site_name\" content=\"K\u00e4sipallon miesten Aktialiiga\" \/>\n<meta property=\"article:publisher\" content=\"https:\/\/www.facebook.com\/finnhandball\" \/>\n<meta property=\"article:published_time\" content=\"2025-10-25T14:38:12+00:00\" \/>\n<meta property=\"article:modified_time\" content=\"2025-10-25T15:05:31+00:00\" \/>\n<meta property=\"og:image\" content=\"https:\/\/aktialiiga.fi\/miehet\/wp-content\/uploads\/sites\/5\/2025\/10\/A7303537-1-1030x687.jpg\" \/>\n\t<meta property=\"og:image:width\" content=\"1030\" \/>\n\t<meta property=\"og:image:height\" content=\"687\" \/>\n\t<meta property=\"og:image:type\" content=\"image\/jpeg\" \/>\n<meta name=\"author\" content=\"tbrmedia\" \/>\n<meta name=\"twitter:card\" content=\"summary_large_image\" \/>\n<meta name=\"twitter:creator\" content=\"@finnhandball\" \/>\n<meta name=\"twitter:site\" content=\"@finnhandball\" \/>\n<script type=\"application\/ld+json\" class=\"yoast-schema-graph\">{\"@context\":\"https:\\\/\\\/schema.org\",\"@graph\":[{\"@type\":\"Article\",\"@id\":\"https:\\\/\\\/aktialiiga.fi\\\/miehet\\\/2025-2026\\\/ottelut\\\/eif-ja-aifk-pistejakoon\\\/#article\",\"isPartOf\":{\"@id\":\"https:\\\/\\\/aktialiiga.fi\\\/miehet\\\/2025-2026\\\/ottelut\\\/eif-ja-aifk-pistejakoon\\\/\"},\"author\":{\"name\":\"tbrmedia\",\"@id\":\"https:\\\/\\\/aktialiiga.fi\\\/miehet\\\/#\\\/schema\\\/person\\\/c14bf42f47041db74603c45afcb18d87\"},\"headline\":\"EIF ja \u00c5IFK pistejakoon\",\"datePublished\":\"2025-10-25T14:38:12+00:00\",\"dateModified\":\"2025-10-25T15:05:31+00:00\",\"mainEntityOfPage\":{\"@id\":\"https:\\\/\\\/aktialiiga.fi\\\/miehet\\\/2025-2026\\\/ottelut\\\/eif-ja-aifk-pistejakoon\\\/\"},\"wordCount\":244,\"publisher\":{\"@id\":\"https:\\\/\\\/aktialiiga.fi\\\/miehet\\\/#organization\"},\"image\":{\"@id\":\"https:\\\/\\\/aktialiiga.fi\\\/miehet\\\/2025-2026\\\/ottelut\\\/eif-ja-aifk-pistejakoon\\\/#primaryimage\"},\"thumbnailUrl\":\"https:\\\/\\\/i0.wp.com\\\/aktialiiga.fi\\\/miehet\\\/wp-content\\\/uploads\\\/sites\\\/5\\\/2025\\\/10\\\/A7303537-1.jpg?fit=5327%2C3551&ssl=1\",\"keywords\":[\"\u00c5IFK\",\"EIF\"],\"articleSection\":[\"Ottelut 2025-26\"],\"inLanguage\":\"fi\"},{\"@type\":\"WebPage\",\"@id\":\"https:\\\/\\\/aktialiiga.fi\\\/miehet\\\/2025-2026\\\/ottelut\\\/eif-ja-aifk-pistejakoon\\\/\",\"url\":\"https:\\\/\\\/aktialiiga.fi\\\/miehet\\\/2025-2026\\\/ottelut\\\/eif-ja-aifk-pistejakoon\\\/\",\"name\":\"EIF ja \u00c5IFK pistejakoon | K\u00e4sipallon miesten Aktialiiga\",\"isPartOf\":{\"@id\":\"https:\\\/\\\/aktialiiga.fi\\\/miehet\\\/#website\"},\"primaryImageOfPage\":{\"@id\":\"https:\\\/\\\/aktialiiga.fi\\\/miehet\\\/2025-2026\\\/ottelut\\\/eif-ja-aifk-pistejakoon\\\/#primaryimage\"},\"image\":{\"@id\":\"https:\\\/\\\/aktialiiga.fi\\\/miehet\\\/2025-2026\\\/ottelut\\\/eif-ja-aifk-pistejakoon\\\/#primaryimage\"},\"thumbnailUrl\":\"https:\\\/\\\/i0.wp.com\\\/aktialiiga.fi\\\/miehet\\\/wp-content\\\/uploads\\\/sites\\\/5\\\/2025\\\/10\\\/A7303537-1.jpg?fit=5327%2C3551&ssl=1\",\"datePublished\":\"2025-10-25T14:38:12+00:00\",\"dateModified\":\"2025-10-25T15:05:31+00:00\",\"breadcrumb\":{\"@id\":\"https:\\\/\\\/aktialiiga.fi\\\/miehet\\\/2025-2026\\\/ottelut\\\/eif-ja-aifk-pistejakoon\\\/#breadcrumb\"},\"inLanguage\":\"fi\",\"potentialAction\":[{\"@type\":\"ReadAction\",\"target\":[\"https:\\\/\\\/aktialiiga.fi\\\/miehet\\\/2025-2026\\\/ottelut\\\/eif-ja-aifk-pistejakoon\\\/\"]}]},{\"@type\":\"ImageObject\",\"inLanguage\":\"fi\",\"@id\":\"https:\\\/\\\/aktialiiga.fi\\\/miehet\\\/2025-2026\\\/ottelut\\\/eif-ja-aifk-pistejakoon\\\/#primaryimage\",\"url\":\"https:\\\/\\\/i0.wp.com\\\/aktialiiga.fi\\\/miehet\\\/wp-content\\\/uploads\\\/sites\\\/5\\\/2025\\\/10\\\/A7303537-1.jpg?fit=5327%2C3551&ssl=1\",\"contentUrl\":\"https:\\\/\\\/i0.wp.com\\\/aktialiiga.fi\\\/miehet\\\/wp-content\\\/uploads\\\/sites\\\/5\\\/2025\\\/10\\\/A7303537-1.jpg?fit=5327%2C3551&ssl=1\",\"width\":5327,\"height\":3551},{\"@type\":\"BreadcrumbList\",\"@id\":\"https:\\\/\\\/aktialiiga.fi\\\/miehet\\\/2025-2026\\\/ottelut\\\/eif-ja-aifk-pistejakoon\\\/#breadcrumb\",\"itemListElement\":[{\"@type\":\"ListItem\",\"position\":1,\"name\":\"Etusivu\",\"item\":\"https:\\\/\\\/aktialiiga.fi\\\/miehet\\\/\"},{\"@type\":\"ListItem\",\"position\":2,\"name\":\"EIF ja \u00c5IFK pistejakoon\"}]},{\"@type\":\"WebSite\",\"@id\":\"https:\\\/\\\/aktialiiga.fi\\\/miehet\\\/#website\",\"url\":\"https:\\\/\\\/aktialiiga.fi\\\/miehet\\\/\",\"name\":\"K\u00e4sipallon miesten Aktialiiga\",\"description\":\"Valtakunnan vauhdikkainta palloilua!\",\"publisher\":{\"@id\":\"https:\\\/\\\/aktialiiga.fi\\\/miehet\\\/#organization\"},\"potentialAction\":[{\"@type\":\"SearchAction\",\"target\":{\"@type\":\"EntryPoint\",\"urlTemplate\":\"https:\\\/\\\/aktialiiga.fi\\\/miehet\\\/?s={search_term_string}\"},\"query-input\":{\"@type\":\"PropertyValueSpecification\",\"valueRequired\":true,\"valueName\":\"search_term_string\"}}],\"inLanguage\":\"fi\"},{\"@type\":\"Organization\",\"@id\":\"https:\\\/\\\/aktialiiga.fi\\\/miehet\\\/#organization\",\"name\":\"K\u00e4sipallon miesten Aktialiiga\",\"url\":\"https:\\\/\\\/aktialiiga.fi\\\/miehet\\\/\",\"logo\":{\"@type\":\"ImageObject\",\"inLanguage\":\"fi\",\"@id\":\"https:\\\/\\\/aktialiiga.fi\\\/miehet\\\/#\\\/schema\\\/logo\\\/image\\\/\",\"url\":\"https:\\\/\\\/i0.wp.com\\\/aktialiiga.fi\\\/miehet\\\/wp-content\\\/uploads\\\/sites\\\/5\\\/2024\\\/09\\\/Aktialiiga-Yoast-512.png?fit=512%2C512&ssl=1\",\"contentUrl\":\"https:\\\/\\\/i0.wp.com\\\/aktialiiga.fi\\\/miehet\\\/wp-content\\\/uploads\\\/sites\\\/5\\\/2024\\\/09\\\/Aktialiiga-Yoast-512.png?fit=512%2C512&ssl=1\",\"width\":512,\"height\":512,\"caption\":\"K\u00e4sipallon miesten Aktialiiga\"},\"image\":{\"@id\":\"https:\\\/\\\/aktialiiga.fi\\\/miehet\\\/#\\\/schema\\\/logo\\\/image\\\/\"},\"sameAs\":[\"https:\\\/\\\/www.facebook.com\\\/finnhandball\",\"https:\\\/\\\/x.com\\\/finnhandball\",\"https:\\\/\\\/www.instagram.com\\\/handballfinland\\\/\"]},{\"@type\":\"Person\",\"@id\":\"https:\\\/\\\/aktialiiga.fi\\\/miehet\\\/#\\\/schema\\\/person\\\/c14bf42f47041db74603c45afcb18d87\",\"name\":\"tbrmedia\",\"image\":{\"@type\":\"ImageObject\",\"inLanguage\":\"fi\",\"@id\":\"https:\\\/\\\/secure.gravatar.com\\\/avatar\\\/ee975fa091fe581d12b60debb3439022686618368a7c142044c56724d4666b16?s=96&d=mm&r=g\",\"url\":\"https:\\\/\\\/secure.gravatar.com\\\/avatar\\\/ee975fa091fe581d12b60debb3439022686618368a7c142044c56724d4666b16?s=96&d=mm&r=g\",\"contentUrl\":\"https:\\\/\\\/secure.gravatar.com\\\/avatar\\\/ee975fa091fe581d12b60debb3439022686618368a7c142044c56724d4666b16?s=96&d=mm&r=g\",\"caption\":\"tbrmedia\"}}]}<\/script>\n<!-- \/ Yoast SEO plugin. -->","yoast_head_json":{"title":"EIF ja \u00c5IFK pistejakoon | K\u00e4sipallon miesten Aktialiiga","robots":{"index":"index","follow":"follow","max-snippet":"max-snippet:-1","max-image-preview":"max-image-preview:large","max-video-preview":"max-video-preview:-1"},"canonical":"https:\/\/aktialiiga.fi\/miehet\/2025-2026\/ottelut\/eif-ja-aifk-pistejakoon\/","og_locale":"fi_FI","og_type":"article","og_title":"EIF ja \u00c5IFK pistejakoon | K\u00e4sipallon miesten Aktialiiga","og_description":"EIF ja \u00c5IFK pelasivat lauantaina kauttaaltaan todella tasaisen ottelun, joka p\u00e4\u00e4ttyi my\u00f6s tapahtumiin n\u00e4hden sopivasti tasapeliin. \u00c5IFK aloitti ottelun ter\u00e4v\u00e4sti ja otti nopeasti nelj\u00e4n maalin johdon. Turkulaisjohdossa edettiin ensimm\u00e4iset 20 minuuttia, mutta tauon alla EIF tuli vahvasti ja nousi takaa kolmen maalin johtoasemaan. Toisella jaksolla \u00c5IFK puristi j\u00e4lleen tasoihin ja tasatahtia edettiin aina viimeiselle kymmenminuuttiselle [&hellip;]","og_url":"https:\/\/aktialiiga.fi\/miehet\/2025-2026\/ottelut\/eif-ja-aifk-pistejakoon\/","og_site_name":"K\u00e4sipallon miesten Aktialiiga","article_publisher":"https:\/\/www.facebook.com\/finnhandball","article_published_time":"2025-10-25T14:38:12+00:00","article_modified_time":"2025-10-25T15:05:31+00:00","og_image":[{"width":1030,"height":687,"url":"https:\/\/aktialiiga.fi\/miehet\/wp-content\/uploads\/sites\/5\/2025\/10\/A7303537-1-1030x687.jpg","type":"image\/jpeg"}],"author":"tbrmedia","twitter_card":"summary_large_image","twitter_creator":"@finnhandball","twitter_site":"@finnhandball","schema":{"@context":"https:\/\/schema.org","@graph":[{"@type":"Article","@id":"https:\/\/aktialiiga.fi\/miehet\/2025-2026\/ottelut\/eif-ja-aifk-pistejakoon\/#article","isPartOf":{"@id":"https:\/\/aktialiiga.fi\/miehet\/2025-2026\/ottelut\/eif-ja-aifk-pistejakoon\/"},"author":{"name":"tbrmedia","@id":"https:\/\/aktialiiga.fi\/miehet\/#\/schema\/person\/c14bf42f47041db74603c45afcb18d87"},"headline":"EIF ja \u00c5IFK pistejakoon","datePublished":"2025-10-25T14:38:12+00:00","dateModified":"2025-10-25T15:05:31+00:00","mainEntityOfPage":{"@id":"https:\/\/aktialiiga.fi\/miehet\/2025-2026\/ottelut\/eif-ja-aifk-pistejakoon\/"},"wordCount":244,"publisher":{"@id":"https:\/\/aktialiiga.fi\/miehet\/#organization"},"image":{"@id":"https:\/\/aktialiiga.fi\/miehet\/2025-2026\/ottelut\/eif-ja-aifk-pistejakoon\/#primaryimage"},"thumbnailUrl":"https:\/\/i0.wp.com\/aktialiiga.fi\/miehet\/wp-content\/uploads\/sites\/5\/2025\/10\/A7303537-1.jpg?fit=5327%2C3551&ssl=1","keywords":["\u00c5IFK","EIF"],"articleSection":["Ottelut 2025-26"],"inLanguage":"fi"},{"@type":"WebPage","@id":"https:\/\/aktialiiga.fi\/miehet\/2025-2026\/ottelut\/eif-ja-aifk-pistejakoon\/","url":"https:\/\/aktialiiga.fi\/miehet\/2025-2026\/ottelut\/eif-ja-aifk-pistejakoon\/","name":"EIF ja \u00c5IFK pistejakoon | K\u00e4sipallon miesten Aktialiiga","isPartOf":{"@id":"https:\/\/aktialiiga.fi\/miehet\/#website"},"primaryImageOfPage":{"@id":"https:\/\/aktialiiga.fi\/miehet\/2025-2026\/ottelut\/eif-ja-aifk-pistejakoon\/#primaryimage"},"image":{"@id":"https:\/\/aktialiiga.fi\/miehet\/2025-2026\/ottelut\/eif-ja-aifk-pistejakoon\/#primaryimage"},"thumbnailUrl":"https:\/\/i0.wp.com\/aktialiiga.fi\/miehet\/wp-content\/uploads\/sites\/5\/2025\/10\/A7303537-1.jpg?fit=5327%2C3551&ssl=1","datePublished":"2025-10-25T14:38:12+00:00","dateModified":"2025-10-25T15:05:31+00:00","breadcrumb":{"@id":"https:\/\/aktialiiga.fi\/miehet\/2025-2026\/ottelut\/eif-ja-aifk-pistejakoon\/#breadcrumb"},"inLanguage":"fi","potentialAction":[{"@type":"ReadAction","target":["https:\/\/aktialiiga.fi\/miehet\/2025-2026\/ottelut\/eif-ja-aifk-pistejakoon\/"]}]},{"@type":"ImageObject","inLanguage":"fi","@id":"https:\/\/aktialiiga.fi\/miehet\/2025-2026\/ottelut\/eif-ja-aifk-pistejakoon\/#primaryimage","url":"https:\/\/i0.wp.com\/aktialiiga.fi\/miehet\/wp-content\/uploads\/sites\/5\/2025\/10\/A7303537-1.jpg?fit=5327%2C3551&ssl=1","contentUrl":"https:\/\/i0.wp.com\/aktialiiga.fi\/miehet\/wp-content\/uploads\/sites\/5\/2025\/10\/A7303537-1.jpg?fit=5327%2C3551&ssl=1","width":5327,"height":3551},{"@type":"BreadcrumbList","@id":"https:\/\/aktialiiga.fi\/miehet\/2025-2026\/ottelut\/eif-ja-aifk-pistejakoon\/#breadcrumb","itemListElement":[{"@type":"ListItem","position":1,"name":"Etusivu","item":"https:\/\/aktialiiga.fi\/miehet\/"},{"@type":"ListItem","position":2,"name":"EIF ja \u00c5IFK pistejakoon"}]},{"@type":"WebSite","@id":"https:\/\/aktialiiga.fi\/miehet\/#website","url":"https:\/\/aktialiiga.fi\/miehet\/","name":"K\u00e4sipallon miesten Aktialiiga","description":"Valtakunnan vauhdikkainta palloilua!","publisher":{"@id":"https:\/\/aktialiiga.fi\/miehet\/#organization"},"potentialAction":[{"@type":"SearchAction","target":{"@type":"EntryPoint","urlTemplate":"https:\/\/aktialiiga.fi\/miehet\/?s={search_term_string}"},"query-input":{"@type":"PropertyValueSpecification","valueRequired":true,"valueName":"search_term_string"}}],"inLanguage":"fi"},{"@type":"Organization","@id":"https:\/\/aktialiiga.fi\/miehet\/#organization","name":"K\u00e4sipallon miesten Aktialiiga","url":"https:\/\/aktialiiga.fi\/miehet\/","logo":{"@type":"ImageObject","inLanguage":"fi","@id":"https:\/\/aktialiiga.fi\/miehet\/#\/schema\/logo\/image\/","url":"https:\/\/i0.wp.com\/aktialiiga.fi\/miehet\/wp-content\/uploads\/sites\/5\/2024\/09\/Aktialiiga-Yoast-512.png?fit=512%2C512&ssl=1","contentUrl":"https:\/\/i0.wp.com\/aktialiiga.fi\/miehet\/wp-content\/uploads\/sites\/5\/2024\/09\/Aktialiiga-Yoast-512.png?fit=512%2C512&ssl=1","width":512,"height":512,"caption":"K\u00e4sipallon miesten Aktialiiga"},"image":{"@id":"https:\/\/aktialiiga.fi\/miehet\/#\/schema\/logo\/image\/"},"sameAs":["https:\/\/www.facebook.com\/finnhandball","https:\/\/x.com\/finnhandball","https:\/\/www.instagram.com\/handballfinland\/"]},{"@type":"Person","@id":"https:\/\/aktialiiga.fi\/miehet\/#\/schema\/person\/c14bf42f47041db74603c45afcb18d87","name":"tbrmedia","image":{"@type":"ImageObject","inLanguage":"fi","@id":"https:\/\/secure.gravatar.com\/avatar\/ee975fa091fe581d12b60debb3439022686618368a7c142044c56724d4666b16?s=96&d=mm&r=g","url":"https:\/\/secure.gravatar.com\/avatar\/ee975fa091fe581d12b60debb3439022686618368a7c142044c56724d4666b16?s=96&d=mm&r=g","contentUrl":"https:\/\/secure.gravatar.com\/avatar\/ee975fa091fe581d12b60debb3439022686618368a7c142044c56724d4666b16?s=96&d=mm&r=g","caption":"tbrmedia"}}]}},"jetpack_featured_media_url":"https:\/\/i0.wp.com\/aktialiiga.fi\/miehet\/wp-content\/uploads\/sites\/5\/2025\/10\/A7303537-1.jpg?fit=5327%2C3551&ssl=1","jetpack_sharing_enabled":true,"jetpack_shortlink":"https:\/\/wp.me\/pfTxOr-hzm","_links":{"self":[{"href":"https:\/\/aktialiiga.fi\/miehet\/wp-json\/wp\/v2\/posts\/67540","targetHints":{"allow":["GET"]}}],"collection":[{"href":"https:\/\/aktialiiga.fi\/miehet\/wp-json\/wp\/v2\/posts"}],"about":[{"href":"https:\/\/aktialiiga.fi\/miehet\/wp-json\/wp\/v2\/types\/post"}],"author":[{"embeddable":true,"href":"https:\/\/aktialiiga.fi\/miehet\/wp-json\/wp\/v2\/users\/13"}],"replies":[{"embeddable":true,"href":"https:\/\/aktialiiga.fi\/miehet\/wp-json\/wp\/v2\/comments?post=67540"}],"version-history":[{"count":2,"href":"https:\/\/aktialiiga.fi\/miehet\/wp-json\/wp\/v2\/posts\/67540\/revisions"}],"predecessor-version":[{"id":67559,"href":"https:\/\/aktialiiga.fi\/miehet\/wp-json\/wp\/v2\/posts\/67540\/revisions\/67559"}],"wp:featuredmedia":[{"embeddable":true,"href":"https:\/\/aktialiiga.fi\/miehet\/wp-json\/wp\/v2\/media\/67541"}],"wp:attachment":[{"href":"https:\/\/aktialiiga.fi\/miehet\/wp-json\/wp\/v2\/media?parent=67540"}],"wp:term":[{"taxonomy":"category","embeddable":true,"href":"https:\/\/aktialiiga.fi\/miehet\/wp-json\/wp\/v2\/categories?post=67540"},{"taxonomy":"post_tag","embeddable":true,"href":"https:\/\/aktialiiga.fi\/miehet\/wp-json\/wp\/v2\/tags?post=67540"}],"curies":[{"name":"wp","href":"https:\/\/api.w.org\/{rel}","templated":true}]}}