{"id":67569,"date":"2025-10-31T17:02:41","date_gmt":"2025-10-31T15:02:41","guid":{"rendered":"https:\/\/aktialiiga.fi\/miehet\/?p=67569"},"modified":"2025-10-31T19:37:52","modified_gmt":"2025-10-31T17:37:52","slug":"viktor-gronmark-lokakuun-tahtipelaaja","status":"publish","type":"post","link":"https:\/\/aktialiiga.fi\/miehet\/ajankohtaista\/viktor-gronmark-lokakuun-tahtipelaaja\/","title":{"rendered":"Viktor Gr\u00f6nmark lokakuun t\u00e4htipelaaja"},"content":{"rendered":"<p>Miesten Aktialiigan lokakuun t\u00e4htipelaajaksi on valittu kolmesta ottelusta viisi t\u00e4hte\u00e4 ker\u00e4nnyt SIF:n viivapelaaja Viktor Gr\u00f6nmark. Kuukauden t\u00e4htipelaajan arvonimi on 22-vuotiaan Gr\u00f6nmarkin uran ensimm\u00e4inen, samalla h\u00e4nest\u00e4 tuli ensimm\u00e4inen SIF:n pelaaja sitten Rony Levenin valinnan marraskuussa 2019.<\/p>\n<p>Valinta osui Gr\u00f6nmarkiin \u00e4\u00e4rimm\u00e4isen niukasti, sill\u00e4 my\u00f6s Dickenin Fredrik Parvinen pokkasi kolmella pelatulla sarjakierroksella viisi t\u00e4hte\u00e4. Vaakakuppi k\u00e4\u00e4ntyi Gr\u00f6nmarkin eduksi vierasotteluissa my\u00f6nnettyjen t\u00e4htien perusteella.<\/p>\n<p>Gr\u00f6nmark on esiintynyt jokaisessa seitsem\u00e4ss\u00e4 SIF:n runkosarjapeliss\u00e4 ja on tehnyt niiss\u00e4 37 maalia, jolla h\u00e4n on joukkueensa toiseksi paras maalintekij\u00e4, yhden per\u00e4ss\u00e4 Benjamin Peitsaroa.<\/p>\n<p>&#8211; Olen pelannut tasaisesti ja hyv\u00e4ll\u00e4 itseluottamuksella t\u00e4h\u00e4n asti, mik\u00e4 yleens\u00e4 tarkoittaa ett\u00e4 tulee onnistumisia, monipuolisuuden, pelik\u00e4sityksen ja heittotekniikan omiksi vahvuuksikseen listaava Gr\u00f6nmark kertoo omasta alkukaudestaan.<\/p>\n<p>Liigadebyyttins\u00e4 kaudella 2019\/20 tehnyt sentteri vaihtoi kuuden HIFK-kauden j\u00e4lkeen t\u00e4ksi kaudeksi SIF:iin, jonka alkukausi on sujunut takkuisesti.<\/p>\n<p>&#8211; Osasin odottaa, ett\u00e4 alkukausi tulee olemaan v\u00e4h\u00e4n hakemista, kun joukkueessa on paljon uusia pelaajia, jotka eiv\u00e4t aikaisemmin ole pelanneet yhdess\u00e4, mutta pelimme on ollut todella ailahtelevaa. Joskus voi menn\u00e4 todella hyvin 10 minuuttia ja sitten seuraavat 10 minuuttia ihan eri tasoa.<\/p>\n<p>SIF l\u00e4hti pelikauteen suurilla satsauksilla kun per\u00e4ti seitsem\u00e4n uuden pelaajan piti l\u00f6yt\u00e4\u00e4 paikkansa pukukopista. Gr\u00f6nmark kertoo olevansa tyytyv\u00e4inen siirtoon, jonka taustalla oli halu kokeilla miten voi kehitty\u00e4 pelaajana uudessa ymp\u00e4rist\u00f6ss\u00e4.<\/p>\n<p>&#8211; Hieman oudoltahan se tuntuu, kun en en\u00e4\u00e4 pelaa samojen tuttujen pelaajien kanssa joiden kanssa olen pelannut pitk\u00e4\u00e4n, mutta vaihtelu virkist\u00e4\u00e4. Lis\u00e4ksi m\u00f6kille on lyhyempi matka Siuntiosta, niin p\u00e4\u00e4sen nopeammin kalaan, h\u00e4n naurahtaa.<\/p>\n<p>Seurajohto p\u00e4\u00e4tti hakea uutta virett\u00e4 pari viikkoa sitten tapahtuneella valmentajanvaihdoksella, kun kokenut liettualainen <a href=\"https:\/\/aktialiiga.fi\/miehet\/ajankohtaista\/sif-vaihtaa-paavalmentajaa-gintaras-savukynas-palaa-suomeen\/\">Gintaras Savukynas palkattiin Harry Wikstr\u00f6min tilalle<\/a>.<\/p>\n<p>&#8211; Olemme k\u00e4ytt\u00e4neet paljon aikaa ihan perusasioihin. Meill\u00e4 on ollut todella paljon teknisi\u00e4 virheit\u00e4 peleiss\u00e4, ja niist\u00e4 pit\u00e4\u00e4 p\u00e4\u00e4st\u00e4 eroon. Keskitymme my\u00f6s ajoituksiin sek\u00e4 puolustuksessa ett\u00e4 hy\u00f6kk\u00e4yksess\u00e4. Yhteispelimme tulee kyll\u00e4 paranemaan kauden mittaan ja uskon, ett\u00e4 kev\u00e4\u00e4ll\u00e4 olemme vahvoilla.<\/p>\n<p>Mini-ik\u00e4isen\u00e4 k\u00e4sipallon aloittaneen, nyt 156 liigaottelua ja 19 maaottelua pelanneen miehen koko perhe on pelannut k\u00e4sipalloa. Vanhemmat eiv\u00e4t kuitenkaan lajivalintaan vaikuttaneet, vaan h\u00e4n p\u00e4\u00e4tyi lajin pariin muuta kautta,<\/p>\n<p>&#8211; Kaverit pelasi ja pyysiv\u00e4t mukaan, my\u00f6s jalkapalloa ja koripalloa pelannut kookas j\u00e4ssikk\u00e4 kertoo.<\/p>\n<p>Alkanut liigakausi on l\u00e4htenyt k\u00e4yntiin vauhdikkaasti ja ristiinpelaamista on n\u00e4hty jo t\u00e4ss\u00e4 vaiheessa kautta enemm\u00e4n kuin vuosiin. Gr\u00f6nmarkista yll\u00e4tysten kasvu on ollut hienoa.<\/p>\n<p><strong>&#8211; <\/strong>Kiva kun on tasaisempaa. Tuntuu ett\u00e4 pelit voivat menn\u00e4 aika ristiin, paitsi ehk\u00e4 BK:lla ja HIFK:lla.<\/p>\n<div class='flex_column_table av-l8skwxbd-394fd8bbb2e55999953794b704186d20 sc-av_one_half av-equal-height-column-flextable'><div  class='flex_column av-l8skwxbd-394fd8bbb2e55999953794b704186d20 av_one_half  avia-builder-el-0  el_before_av_one_half  avia-builder-el-first  first flex_column_table_cell av-equal-height-column av-align-middle  '     ><section  class='av_textblock_section av-l8sk34v3-a23cc32a75609115f17d7f8f3dd51e35 '   itemscope=\"itemscope\" itemtype=\"https:\/\/schema.org\/BlogPosting\" itemprop=\"blogPost\" ><div class='avia_textblock'  itemprop=\"text\" ><h4 style=\"text-align: right;\">Viktor Gr\u00f6nmark<\/h4>\n<p style=\"text-align: right;\">Synt. 2003<br \/>\nCM \/ KG 196 \/ 113<br \/>\nPelipaikka: K6<\/p>\n<p style=\"text-align: right;\"><strong>Aiemmat seurat:<\/strong><\/p>\n<p style=\"text-align: right;\">HIFK<\/p>\n<\/div><\/section><br \/>\n<div  class='avia-button-wrap av-l8skze2l-0e83c3710a0a0868d7a6836c2e254830-wrap avia-button-right  avia-builder-el-2  el_after_av_textblock  el_before_av_button '><a href='https:\/\/tulospalvelu.finnhandball.net\/taso\/pelaaja.php?pelaaja=49395'  class='avia-button av-l8skze2l-0e83c3710a0a0868d7a6836c2e254830 av-link-btn avia-icon_select-yes-left-icon avia-size-medium avia-position-right av-icon-on-hover avia-color-theme-color'  target=\"_blank\"  rel=\"noopener noreferrer\"  aria-label=\"Viktor Gr\u00f6nmark Tulospalvelussa\"><span class='avia_button_icon avia_button_icon_left avia-iconfont avia-font-flaticon-sports' data-av_icon='\uf15b' data-av_iconfont='flaticon-sports' ><\/span><span class='avia_iconbox_title' >Viktor Gr\u00f6nmark Tulospalvelussa<\/span><\/a><\/div><br \/>\n<div  class='avia-button-wrap av-l8suxnq7-c3afc0706e6e2bf471feafca00b53a21-wrap avia-button-right  avia-builder-el-3  el_after_av_button  avia-builder-el-last '><a href='https:\/\/aktialiiga.fi\/miehet\/historia\/kuukauden-tahtipelaajat-kautta-aikojen\/'  class='avia-button av-l8suxnq7-c3afc0706e6e2bf471feafca00b53a21 av-link-btn avia-icon_select-no avia-size-medium avia-position-right avia-color-theme-color'   aria-label=\"Kuukauden t\u00e4htipelaajat kautta aikojen\"><span class='avia_iconbox_title' >Kuukauden t\u00e4htipelaajat kautta aikojen<\/span><\/a><\/div><\/p><\/div>\n<div class='av-flex-placeholder'><\/div><div  class='flex_column av-toyg12-df7035cc7356591dbdab0e0f530904b1 av_one_half  avia-builder-el-4  el_after_av_one_half  avia-builder-el-last  flex_column_table_cell av-equal-height-column av-align-middle  '     ><style type=\"text\/css\" data-created_by=\"avia_inline_auto\" id=\"style-css-av-l8sko9xf-f6511da3cda49dc019d917de678d8708\">\n.avia-image-container.av-l8sko9xf-f6511da3cda49dc019d917de678d8708 img.avia_image{\nbox-shadow:none;\n}\n.avia-image-container.av-l8sko9xf-f6511da3cda49dc019d917de678d8708 .av-image-caption-overlay-center{\ncolor:#ffffff;\n}\n<\/style>\n<div  class='avia-image-container av-l8sko9xf-f6511da3cda49dc019d917de678d8708 av-styling- av-img-linked avia-align-center  avia-builder-el-5  avia-builder-el-no-sibling '   itemprop=\"image\" itemscope=\"itemscope\" itemtype=\"https:\/\/schema.org\/ImageObject\" ><div class=\"avia-image-container-inner\"><div class=\"avia-image-overlay-wrap\"><a href=\"https:\/\/i0.wp.com\/aktialiiga.fi\/miehet\/wp-content\/uploads\/sites\/5\/2025\/10\/Viktor-Gronmark-e1761841036673.jpeg?fit=733%2C1030&#038;ssl=1\" data-srcset=\"https:\/\/i0.wp.com\/aktialiiga.fi\/miehet\/wp-content\/uploads\/sites\/5\/2025\/10\/Viktor-Gronmark-e1761841036673.jpeg?w=790&amp;ssl=1 790w, https:\/\/i0.wp.com\/aktialiiga.fi\/miehet\/wp-content\/uploads\/sites\/5\/2025\/10\/Viktor-Gronmark-e1761841036673.jpeg?resize=214%2C300&amp;ssl=1 214w, https:\/\/i0.wp.com\/aktialiiga.fi\/miehet\/wp-content\/uploads\/sites\/5\/2025\/10\/Viktor-Gronmark-e1761841036673.jpeg?resize=733%2C1030&amp;ssl=1 733w, https:\/\/i0.wp.com\/aktialiiga.fi\/miehet\/wp-content\/uploads\/sites\/5\/2025\/10\/Viktor-Gronmark-e1761841036673.jpeg?resize=768%2C1079&amp;ssl=1 768w, https:\/\/i0.wp.com\/aktialiiga.fi\/miehet\/wp-content\/uploads\/sites\/5\/2025\/10\/Viktor-Gronmark-e1761841036673.jpeg?resize=502%2C705&amp;ssl=1 502w\" data-sizes=\"(max-width: 733px) 100vw, 733px\" class='avia_image '  aria-label='Viktor Gr\u00f6nmark'><img decoding=\"async\" fetchpriority=\"high\" class='wp-image-67574 avia-img-lazy-loading-not-67574 avia_image ' src=\"https:\/\/i0.wp.com\/aktialiiga.fi\/miehet\/wp-content\/uploads\/sites\/5\/2025\/10\/Viktor-Gronmark-e1761841036673.jpeg?fit=733%2C1030&ssl=1\" alt='' title='Viktor Gr\u00f6nmark'  height=\"1030\" width=\"733\"  itemprop=\"thumbnailUrl\" srcset=\"https:\/\/i0.wp.com\/aktialiiga.fi\/miehet\/wp-content\/uploads\/sites\/5\/2025\/10\/Viktor-Gronmark-e1761841036673.jpeg?w=790&amp;ssl=1 790w, https:\/\/i0.wp.com\/aktialiiga.fi\/miehet\/wp-content\/uploads\/sites\/5\/2025\/10\/Viktor-Gronmark-e1761841036673.jpeg?resize=214%2C300&amp;ssl=1 214w, https:\/\/i0.wp.com\/aktialiiga.fi\/miehet\/wp-content\/uploads\/sites\/5\/2025\/10\/Viktor-Gronmark-e1761841036673.jpeg?resize=733%2C1030&amp;ssl=1 733w, https:\/\/i0.wp.com\/aktialiiga.fi\/miehet\/wp-content\/uploads\/sites\/5\/2025\/10\/Viktor-Gronmark-e1761841036673.jpeg?resize=768%2C1079&amp;ssl=1 768w, https:\/\/i0.wp.com\/aktialiiga.fi\/miehet\/wp-content\/uploads\/sites\/5\/2025\/10\/Viktor-Gronmark-e1761841036673.jpeg?resize=502%2C705&amp;ssl=1 502w\" sizes=\"(max-width: 733px) 100vw, 733px\" \/><\/a><\/div><\/div><\/div><\/div><\/div><!--close column table wrapper. Autoclose: 1 -->\n","protected":false},"excerpt":{"rendered":"<p>Miesten Aktialiigan lokakuun t\u00e4htipelaajaksi on valittu kolmesta ottelusta viisi t\u00e4hte\u00e4 ker\u00e4nnyt SIF:n viivapelaaja Viktor Gr\u00f6nmark. Kuukauden t\u00e4htipelaajan arvonimi on 22-vuotiaan Gr\u00f6nmarkin uran ensimm\u00e4inen, samalla h\u00e4nest\u00e4 tuli ensimm\u00e4inen SIF:n pelaaja sitten Rony Levenin valinnan marraskuussa 2019. Valinta osui Gr\u00f6nmarkiin \u00e4\u00e4rimm\u00e4isen niukasti, sill\u00e4 my\u00f6s Dickenin Fredrik Parvinen pokkasi kolmella pelatulla sarjakierroksella viisi t\u00e4hte\u00e4. Vaakakuppi k\u00e4\u00e4ntyi Gr\u00f6nmarkin eduksi [&hellip;]<\/p>\n","protected":false},"author":3,"featured_media":66960,"comment_status":"closed","ping_status":"closed","sticky":false,"template":"","format":"standard","meta":{"_acf_changed":false,"jetpack_post_was_ever_published":false,"_jetpack_newsletter_access":"","_jetpack_dont_email_post_to_subs":false,"_jetpack_newsletter_tier_id":0,"_jetpack_memberships_contains_paywalled_content":false,"_jetpack_memberships_contains_paid_content":false,"footnotes":""},"categories":[2],"tags":[111,117],"class_list":["post-67569","post","type-post","status-publish","format-standard","has-post-thumbnail","hentry","category-ajankohtaista","tag-sif","tag-tahtipelaaja"],"acf":[],"yoast_head":"<!-- This site is optimized with the Yoast SEO plugin v27.5 - https:\/\/yoast.com\/product\/yoast-seo-wordpress\/ -->\n<title>Viktor Gr\u00f6nmark lokakuun t\u00e4htipelaaja | K\u00e4sipallon miesten Aktialiiga<\/title>\n<meta name=\"robots\" content=\"index, follow, max-snippet:-1, max-image-preview:large, max-video-preview:-1\" \/>\n<link rel=\"canonical\" href=\"https:\/\/aktialiiga.fi\/miehet\/ajankohtaista\/viktor-gronmark-lokakuun-tahtipelaaja\/\" \/>\n<meta property=\"og:locale\" content=\"fi_FI\" \/>\n<meta property=\"og:type\" content=\"article\" \/>\n<meta property=\"og:title\" content=\"Viktor Gr\u00f6nmark lokakuun t\u00e4htipelaaja | K\u00e4sipallon miesten Aktialiiga\" \/>\n<meta property=\"og:description\" content=\"Miesten Aktialiigan lokakuun t\u00e4htipelaajaksi on valittu kolmesta ottelusta viisi t\u00e4hte\u00e4 ker\u00e4nnyt SIF:n viivapelaaja Viktor Gr\u00f6nmark. Kuukauden t\u00e4htipelaajan arvonimi on 22-vuotiaan Gr\u00f6nmarkin uran ensimm\u00e4inen, samalla h\u00e4nest\u00e4 tuli ensimm\u00e4inen SIF:n pelaaja sitten Rony Levenin valinnan marraskuussa 2019. Valinta osui Gr\u00f6nmarkiin \u00e4\u00e4rimm\u00e4isen niukasti, sill\u00e4 my\u00f6s Dickenin Fredrik Parvinen pokkasi kolmella pelatulla sarjakierroksella viisi t\u00e4hte\u00e4. Vaakakuppi k\u00e4\u00e4ntyi Gr\u00f6nmarkin eduksi [&hellip;]\" \/>\n<meta property=\"og:url\" content=\"https:\/\/aktialiiga.fi\/miehet\/ajankohtaista\/viktor-gronmark-lokakuun-tahtipelaaja\/\" \/>\n<meta property=\"og:site_name\" content=\"K\u00e4sipallon miesten Aktialiiga\" \/>\n<meta property=\"article:publisher\" content=\"https:\/\/www.facebook.com\/finnhandball\" \/>\n<meta property=\"article:published_time\" content=\"2025-10-31T15:02:41+00:00\" \/>\n<meta property=\"article:modified_time\" content=\"2025-10-31T17:37:52+00:00\" \/>\n<meta property=\"og:image\" content=\"https:\/\/aktialiiga.fi\/miehet\/wp-content\/uploads\/sites\/5\/2025\/10\/A7302179-e1761649836699-1030x665.jpg\" \/>\n\t<meta property=\"og:image:width\" content=\"1030\" \/>\n\t<meta property=\"og:image:height\" content=\"665\" \/>\n\t<meta property=\"og:image:type\" content=\"image\/jpeg\" \/>\n<meta name=\"author\" content=\"jussi\" \/>\n<meta name=\"twitter:card\" content=\"summary_large_image\" \/>\n<meta name=\"twitter:creator\" content=\"@finnhandball\" \/>\n<meta name=\"twitter:site\" content=\"@finnhandball\" \/>\n<script type=\"application\/ld+json\" class=\"yoast-schema-graph\">{\"@context\":\"https:\\\/\\\/schema.org\",\"@graph\":[{\"@type\":\"Article\",\"@id\":\"https:\\\/\\\/aktialiiga.fi\\\/miehet\\\/ajankohtaista\\\/viktor-gronmark-lokakuun-tahtipelaaja\\\/#article\",\"isPartOf\":{\"@id\":\"https:\\\/\\\/aktialiiga.fi\\\/miehet\\\/ajankohtaista\\\/viktor-gronmark-lokakuun-tahtipelaaja\\\/\"},\"author\":{\"name\":\"jussi\",\"@id\":\"https:\\\/\\\/aktialiiga.fi\\\/miehet\\\/#\\\/schema\\\/person\\\/6ed7641d619c7f28481c53817a16b871\"},\"headline\":\"Viktor Gr\u00f6nmark lokakuun t\u00e4htipelaaja\",\"datePublished\":\"2025-10-31T15:02:41+00:00\",\"dateModified\":\"2025-10-31T17:37:52+00:00\",\"mainEntityOfPage\":{\"@id\":\"https:\\\/\\\/aktialiiga.fi\\\/miehet\\\/ajankohtaista\\\/viktor-gronmark-lokakuun-tahtipelaaja\\\/\"},\"wordCount\":1967,\"publisher\":{\"@id\":\"https:\\\/\\\/aktialiiga.fi\\\/miehet\\\/#organization\"},\"image\":{\"@id\":\"https:\\\/\\\/aktialiiga.fi\\\/miehet\\\/ajankohtaista\\\/viktor-gronmark-lokakuun-tahtipelaaja\\\/#primaryimage\"},\"thumbnailUrl\":\"https:\\\/\\\/i0.wp.com\\\/aktialiiga.fi\\\/miehet\\\/wp-content\\\/uploads\\\/sites\\\/5\\\/2025\\\/10\\\/A7302179-e1761649836699.jpg?fit=3745%2C2417&ssl=1\",\"keywords\":[\"SIF\",\"T\u00e4htipelaaja\"],\"articleSection\":[\"Ajankohtaista\"],\"inLanguage\":\"fi\"},{\"@type\":\"WebPage\",\"@id\":\"https:\\\/\\\/aktialiiga.fi\\\/miehet\\\/ajankohtaista\\\/viktor-gronmark-lokakuun-tahtipelaaja\\\/\",\"url\":\"https:\\\/\\\/aktialiiga.fi\\\/miehet\\\/ajankohtaista\\\/viktor-gronmark-lokakuun-tahtipelaaja\\\/\",\"name\":\"Viktor Gr\u00f6nmark lokakuun t\u00e4htipelaaja | K\u00e4sipallon miesten Aktialiiga\",\"isPartOf\":{\"@id\":\"https:\\\/\\\/aktialiiga.fi\\\/miehet\\\/#website\"},\"primaryImageOfPage\":{\"@id\":\"https:\\\/\\\/aktialiiga.fi\\\/miehet\\\/ajankohtaista\\\/viktor-gronmark-lokakuun-tahtipelaaja\\\/#primaryimage\"},\"image\":{\"@id\":\"https:\\\/\\\/aktialiiga.fi\\\/miehet\\\/ajankohtaista\\\/viktor-gronmark-lokakuun-tahtipelaaja\\\/#primaryimage\"},\"thumbnailUrl\":\"https:\\\/\\\/i0.wp.com\\\/aktialiiga.fi\\\/miehet\\\/wp-content\\\/uploads\\\/sites\\\/5\\\/2025\\\/10\\\/A7302179-e1761649836699.jpg?fit=3745%2C2417&ssl=1\",\"datePublished\":\"2025-10-31T15:02:41+00:00\",\"dateModified\":\"2025-10-31T17:37:52+00:00\",\"breadcrumb\":{\"@id\":\"https:\\\/\\\/aktialiiga.fi\\\/miehet\\\/ajankohtaista\\\/viktor-gronmark-lokakuun-tahtipelaaja\\\/#breadcrumb\"},\"inLanguage\":\"fi\",\"potentialAction\":[{\"@type\":\"ReadAction\",\"target\":[\"https:\\\/\\\/aktialiiga.fi\\\/miehet\\\/ajankohtaista\\\/viktor-gronmark-lokakuun-tahtipelaaja\\\/\"]}]},{\"@type\":\"ImageObject\",\"inLanguage\":\"fi\",\"@id\":\"https:\\\/\\\/aktialiiga.fi\\\/miehet\\\/ajankohtaista\\\/viktor-gronmark-lokakuun-tahtipelaaja\\\/#primaryimage\",\"url\":\"https:\\\/\\\/i0.wp.com\\\/aktialiiga.fi\\\/miehet\\\/wp-content\\\/uploads\\\/sites\\\/5\\\/2025\\\/10\\\/A7302179-e1761649836699.jpg?fit=3745%2C2417&ssl=1\",\"contentUrl\":\"https:\\\/\\\/i0.wp.com\\\/aktialiiga.fi\\\/miehet\\\/wp-content\\\/uploads\\\/sites\\\/5\\\/2025\\\/10\\\/A7302179-e1761649836699.jpg?fit=3745%2C2417&ssl=1\",\"width\":3745,\"height\":2417},{\"@type\":\"BreadcrumbList\",\"@id\":\"https:\\\/\\\/aktialiiga.fi\\\/miehet\\\/ajankohtaista\\\/viktor-gronmark-lokakuun-tahtipelaaja\\\/#breadcrumb\",\"itemListElement\":[{\"@type\":\"ListItem\",\"position\":1,\"name\":\"Etusivu\",\"item\":\"https:\\\/\\\/aktialiiga.fi\\\/miehet\\\/\"},{\"@type\":\"ListItem\",\"position\":2,\"name\":\"Viktor Gr\u00f6nmark lokakuun t\u00e4htipelaaja\"}]},{\"@type\":\"WebSite\",\"@id\":\"https:\\\/\\\/aktialiiga.fi\\\/miehet\\\/#website\",\"url\":\"https:\\\/\\\/aktialiiga.fi\\\/miehet\\\/\",\"name\":\"K\u00e4sipallon miesten Aktialiiga\",\"description\":\"Valtakunnan vauhdikkainta palloilua!\",\"publisher\":{\"@id\":\"https:\\\/\\\/aktialiiga.fi\\\/miehet\\\/#organization\"},\"potentialAction\":[{\"@type\":\"SearchAction\",\"target\":{\"@type\":\"EntryPoint\",\"urlTemplate\":\"https:\\\/\\\/aktialiiga.fi\\\/miehet\\\/?s={search_term_string}\"},\"query-input\":{\"@type\":\"PropertyValueSpecification\",\"valueRequired\":true,\"valueName\":\"search_term_string\"}}],\"inLanguage\":\"fi\"},{\"@type\":\"Organization\",\"@id\":\"https:\\\/\\\/aktialiiga.fi\\\/miehet\\\/#organization\",\"name\":\"K\u00e4sipallon miesten Aktialiiga\",\"url\":\"https:\\\/\\\/aktialiiga.fi\\\/miehet\\\/\",\"logo\":{\"@type\":\"ImageObject\",\"inLanguage\":\"fi\",\"@id\":\"https:\\\/\\\/aktialiiga.fi\\\/miehet\\\/#\\\/schema\\\/logo\\\/image\\\/\",\"url\":\"https:\\\/\\\/i0.wp.com\\\/aktialiiga.fi\\\/miehet\\\/wp-content\\\/uploads\\\/sites\\\/5\\\/2024\\\/09\\\/Aktialiiga-Yoast-512.png?fit=512%2C512&ssl=1\",\"contentUrl\":\"https:\\\/\\\/i0.wp.com\\\/aktialiiga.fi\\\/miehet\\\/wp-content\\\/uploads\\\/sites\\\/5\\\/2024\\\/09\\\/Aktialiiga-Yoast-512.png?fit=512%2C512&ssl=1\",\"width\":512,\"height\":512,\"caption\":\"K\u00e4sipallon miesten Aktialiiga\"},\"image\":{\"@id\":\"https:\\\/\\\/aktialiiga.fi\\\/miehet\\\/#\\\/schema\\\/logo\\\/image\\\/\"},\"sameAs\":[\"https:\\\/\\\/www.facebook.com\\\/finnhandball\",\"https:\\\/\\\/x.com\\\/finnhandball\",\"https:\\\/\\\/www.instagram.com\\\/handballfinland\\\/\"]},{\"@type\":\"Person\",\"@id\":\"https:\\\/\\\/aktialiiga.fi\\\/miehet\\\/#\\\/schema\\\/person\\\/6ed7641d619c7f28481c53817a16b871\",\"name\":\"jussi\",\"image\":{\"@type\":\"ImageObject\",\"inLanguage\":\"fi\",\"@id\":\"https:\\\/\\\/secure.gravatar.com\\\/avatar\\\/034b8e6380fc659c320f13e17fe45bd9ab48a21e2debadd5f3179bde291949df?s=96&d=mm&r=g\",\"url\":\"https:\\\/\\\/secure.gravatar.com\\\/avatar\\\/034b8e6380fc659c320f13e17fe45bd9ab48a21e2debadd5f3179bde291949df?s=96&d=mm&r=g\",\"contentUrl\":\"https:\\\/\\\/secure.gravatar.com\\\/avatar\\\/034b8e6380fc659c320f13e17fe45bd9ab48a21e2debadd5f3179bde291949df?s=96&d=mm&r=g\",\"caption\":\"jussi\"}}]}<\/script>\n<!-- \/ Yoast SEO plugin. -->","yoast_head_json":{"title":"Viktor Gr\u00f6nmark lokakuun t\u00e4htipelaaja | K\u00e4sipallon miesten Aktialiiga","robots":{"index":"index","follow":"follow","max-snippet":"max-snippet:-1","max-image-preview":"max-image-preview:large","max-video-preview":"max-video-preview:-1"},"canonical":"https:\/\/aktialiiga.fi\/miehet\/ajankohtaista\/viktor-gronmark-lokakuun-tahtipelaaja\/","og_locale":"fi_FI","og_type":"article","og_title":"Viktor Gr\u00f6nmark lokakuun t\u00e4htipelaaja | K\u00e4sipallon miesten Aktialiiga","og_description":"Miesten Aktialiigan lokakuun t\u00e4htipelaajaksi on valittu kolmesta ottelusta viisi t\u00e4hte\u00e4 ker\u00e4nnyt SIF:n viivapelaaja Viktor Gr\u00f6nmark. Kuukauden t\u00e4htipelaajan arvonimi on 22-vuotiaan Gr\u00f6nmarkin uran ensimm\u00e4inen, samalla h\u00e4nest\u00e4 tuli ensimm\u00e4inen SIF:n pelaaja sitten Rony Levenin valinnan marraskuussa 2019. Valinta osui Gr\u00f6nmarkiin \u00e4\u00e4rimm\u00e4isen niukasti, sill\u00e4 my\u00f6s Dickenin Fredrik Parvinen pokkasi kolmella pelatulla sarjakierroksella viisi t\u00e4hte\u00e4. Vaakakuppi k\u00e4\u00e4ntyi Gr\u00f6nmarkin eduksi [&hellip;]","og_url":"https:\/\/aktialiiga.fi\/miehet\/ajankohtaista\/viktor-gronmark-lokakuun-tahtipelaaja\/","og_site_name":"K\u00e4sipallon miesten Aktialiiga","article_publisher":"https:\/\/www.facebook.com\/finnhandball","article_published_time":"2025-10-31T15:02:41+00:00","article_modified_time":"2025-10-31T17:37:52+00:00","og_image":[{"width":1030,"height":665,"url":"https:\/\/aktialiiga.fi\/miehet\/wp-content\/uploads\/sites\/5\/2025\/10\/A7302179-e1761649836699-1030x665.jpg","type":"image\/jpeg"}],"author":"jussi","twitter_card":"summary_large_image","twitter_creator":"@finnhandball","twitter_site":"@finnhandball","schema":{"@context":"https:\/\/schema.org","@graph":[{"@type":"Article","@id":"https:\/\/aktialiiga.fi\/miehet\/ajankohtaista\/viktor-gronmark-lokakuun-tahtipelaaja\/#article","isPartOf":{"@id":"https:\/\/aktialiiga.fi\/miehet\/ajankohtaista\/viktor-gronmark-lokakuun-tahtipelaaja\/"},"author":{"name":"jussi","@id":"https:\/\/aktialiiga.fi\/miehet\/#\/schema\/person\/6ed7641d619c7f28481c53817a16b871"},"headline":"Viktor Gr\u00f6nmark lokakuun t\u00e4htipelaaja","datePublished":"2025-10-31T15:02:41+00:00","dateModified":"2025-10-31T17:37:52+00:00","mainEntityOfPage":{"@id":"https:\/\/aktialiiga.fi\/miehet\/ajankohtaista\/viktor-gronmark-lokakuun-tahtipelaaja\/"},"wordCount":1967,"publisher":{"@id":"https:\/\/aktialiiga.fi\/miehet\/#organization"},"image":{"@id":"https:\/\/aktialiiga.fi\/miehet\/ajankohtaista\/viktor-gronmark-lokakuun-tahtipelaaja\/#primaryimage"},"thumbnailUrl":"https:\/\/i0.wp.com\/aktialiiga.fi\/miehet\/wp-content\/uploads\/sites\/5\/2025\/10\/A7302179-e1761649836699.jpg?fit=3745%2C2417&ssl=1","keywords":["SIF","T\u00e4htipelaaja"],"articleSection":["Ajankohtaista"],"inLanguage":"fi"},{"@type":"WebPage","@id":"https:\/\/aktialiiga.fi\/miehet\/ajankohtaista\/viktor-gronmark-lokakuun-tahtipelaaja\/","url":"https:\/\/aktialiiga.fi\/miehet\/ajankohtaista\/viktor-gronmark-lokakuun-tahtipelaaja\/","name":"Viktor Gr\u00f6nmark lokakuun t\u00e4htipelaaja | K\u00e4sipallon miesten Aktialiiga","isPartOf":{"@id":"https:\/\/aktialiiga.fi\/miehet\/#website"},"primaryImageOfPage":{"@id":"https:\/\/aktialiiga.fi\/miehet\/ajankohtaista\/viktor-gronmark-lokakuun-tahtipelaaja\/#primaryimage"},"image":{"@id":"https:\/\/aktialiiga.fi\/miehet\/ajankohtaista\/viktor-gronmark-lokakuun-tahtipelaaja\/#primaryimage"},"thumbnailUrl":"https:\/\/i0.wp.com\/aktialiiga.fi\/miehet\/wp-content\/uploads\/sites\/5\/2025\/10\/A7302179-e1761649836699.jpg?fit=3745%2C2417&ssl=1","datePublished":"2025-10-31T15:02:41+00:00","dateModified":"2025-10-31T17:37:52+00:00","breadcrumb":{"@id":"https:\/\/aktialiiga.fi\/miehet\/ajankohtaista\/viktor-gronmark-lokakuun-tahtipelaaja\/#breadcrumb"},"inLanguage":"fi","potentialAction":[{"@type":"ReadAction","target":["https:\/\/aktialiiga.fi\/miehet\/ajankohtaista\/viktor-gronmark-lokakuun-tahtipelaaja\/"]}]},{"@type":"ImageObject","inLanguage":"fi","@id":"https:\/\/aktialiiga.fi\/miehet\/ajankohtaista\/viktor-gronmark-lokakuun-tahtipelaaja\/#primaryimage","url":"https:\/\/i0.wp.com\/aktialiiga.fi\/miehet\/wp-content\/uploads\/sites\/5\/2025\/10\/A7302179-e1761649836699.jpg?fit=3745%2C2417&ssl=1","contentUrl":"https:\/\/i0.wp.com\/aktialiiga.fi\/miehet\/wp-content\/uploads\/sites\/5\/2025\/10\/A7302179-e1761649836699.jpg?fit=3745%2C2417&ssl=1","width":3745,"height":2417},{"@type":"BreadcrumbList","@id":"https:\/\/aktialiiga.fi\/miehet\/ajankohtaista\/viktor-gronmark-lokakuun-tahtipelaaja\/#breadcrumb","itemListElement":[{"@type":"ListItem","position":1,"name":"Etusivu","item":"https:\/\/aktialiiga.fi\/miehet\/"},{"@type":"ListItem","position":2,"name":"Viktor Gr\u00f6nmark lokakuun t\u00e4htipelaaja"}]},{"@type":"WebSite","@id":"https:\/\/aktialiiga.fi\/miehet\/#website","url":"https:\/\/aktialiiga.fi\/miehet\/","name":"K\u00e4sipallon miesten Aktialiiga","description":"Valtakunnan vauhdikkainta palloilua!","publisher":{"@id":"https:\/\/aktialiiga.fi\/miehet\/#organization"},"potentialAction":[{"@type":"SearchAction","target":{"@type":"EntryPoint","urlTemplate":"https:\/\/aktialiiga.fi\/miehet\/?s={search_term_string}"},"query-input":{"@type":"PropertyValueSpecification","valueRequired":true,"valueName":"search_term_string"}}],"inLanguage":"fi"},{"@type":"Organization","@id":"https:\/\/aktialiiga.fi\/miehet\/#organization","name":"K\u00e4sipallon miesten Aktialiiga","url":"https:\/\/aktialiiga.fi\/miehet\/","logo":{"@type":"ImageObject","inLanguage":"fi","@id":"https:\/\/aktialiiga.fi\/miehet\/#\/schema\/logo\/image\/","url":"https:\/\/i0.wp.com\/aktialiiga.fi\/miehet\/wp-content\/uploads\/sites\/5\/2024\/09\/Aktialiiga-Yoast-512.png?fit=512%2C512&ssl=1","contentUrl":"https:\/\/i0.wp.com\/aktialiiga.fi\/miehet\/wp-content\/uploads\/sites\/5\/2024\/09\/Aktialiiga-Yoast-512.png?fit=512%2C512&ssl=1","width":512,"height":512,"caption":"K\u00e4sipallon miesten Aktialiiga"},"image":{"@id":"https:\/\/aktialiiga.fi\/miehet\/#\/schema\/logo\/image\/"},"sameAs":["https:\/\/www.facebook.com\/finnhandball","https:\/\/x.com\/finnhandball","https:\/\/www.instagram.com\/handballfinland\/"]},{"@type":"Person","@id":"https:\/\/aktialiiga.fi\/miehet\/#\/schema\/person\/6ed7641d619c7f28481c53817a16b871","name":"jussi","image":{"@type":"ImageObject","inLanguage":"fi","@id":"https:\/\/secure.gravatar.com\/avatar\/034b8e6380fc659c320f13e17fe45bd9ab48a21e2debadd5f3179bde291949df?s=96&d=mm&r=g","url":"https:\/\/secure.gravatar.com\/avatar\/034b8e6380fc659c320f13e17fe45bd9ab48a21e2debadd5f3179bde291949df?s=96&d=mm&r=g","contentUrl":"https:\/\/secure.gravatar.com\/avatar\/034b8e6380fc659c320f13e17fe45bd9ab48a21e2debadd5f3179bde291949df?s=96&d=mm&r=g","caption":"jussi"}}]}},"jetpack_featured_media_url":"https:\/\/i0.wp.com\/aktialiiga.fi\/miehet\/wp-content\/uploads\/sites\/5\/2025\/10\/A7302179-e1761649836699.jpg?fit=3745%2C2417&ssl=1","jetpack_sharing_enabled":true,"jetpack_shortlink":"https:\/\/wp.me\/pfTxOr-hzP","_links":{"self":[{"href":"https:\/\/aktialiiga.fi\/miehet\/wp-json\/wp\/v2\/posts\/67569","targetHints":{"allow":["GET"]}}],"collection":[{"href":"https:\/\/aktialiiga.fi\/miehet\/wp-json\/wp\/v2\/posts"}],"about":[{"href":"https:\/\/aktialiiga.fi\/miehet\/wp-json\/wp\/v2\/types\/post"}],"author":[{"embeddable":true,"href":"https:\/\/aktialiiga.fi\/miehet\/wp-json\/wp\/v2\/users\/3"}],"replies":[{"embeddable":true,"href":"https:\/\/aktialiiga.fi\/miehet\/wp-json\/wp\/v2\/comments?post=67569"}],"version-history":[{"count":21,"href":"https:\/\/aktialiiga.fi\/miehet\/wp-json\/wp\/v2\/posts\/67569\/revisions"}],"predecessor-version":[{"id":67685,"href":"https:\/\/aktialiiga.fi\/miehet\/wp-json\/wp\/v2\/posts\/67569\/revisions\/67685"}],"wp:featuredmedia":[{"embeddable":true,"href":"https:\/\/aktialiiga.fi\/miehet\/wp-json\/wp\/v2\/media\/66960"}],"wp:attachment":[{"href":"https:\/\/aktialiiga.fi\/miehet\/wp-json\/wp\/v2\/media?parent=67569"}],"wp:term":[{"taxonomy":"category","embeddable":true,"href":"https:\/\/aktialiiga.fi\/miehet\/wp-json\/wp\/v2\/categories?post=67569"},{"taxonomy":"post_tag","embeddable":true,"href":"https:\/\/aktialiiga.fi\/miehet\/wp-json\/wp\/v2\/tags?post=67569"}],"curies":[{"name":"wp","href":"https:\/\/api.w.org\/{rel}","templated":true}]}}