{"id":6783,"date":"2014-03-08T18:15:54","date_gmt":"2014-03-08T16:15:54","guid":{"rendered":"http:\/\/www.handisliiga.fi\/?p=6783"},"modified":"2018-04-20T12:54:01","modified_gmt":"2018-04-20T09:54:01","slug":"dicken-pudotti-bk-46n-kyydista-tauon-jalkeen","status":"publish","type":"post","link":"https:\/\/aktialiiga.fi\/miehet\/2013-2014\/ottelut-2013-2014\/dicken-pudotti-bk-46n-kyydista-tauon-jalkeen\/","title":{"rendered":"Dicken pudotti BK-46:n kyydist\u00e4 tauon j\u00e4lkeen"},"content":{"rendered":"<p>Dicken taistelee tiukasti edelleen runkosarjan kakkossijasta. Lauttasaarelaiset vierailivat lauantaina Karjaan Sisu Arenalla ja karkasivat tasaisen avausjakson j\u00e4lkeen lopulta selv\u00e4\u00e4n voittoon BK-46:sta. Loppunumerot kirjattiin lukemin 27-36.<!--more--><\/p>\n<p>Ottelun ensimm\u00e4inen 30-minuuttinen edettiin tasaisissa merkeiss\u00e4, eik\u00e4 kumpikaan joukkue p\u00e4\u00e4ssyt miss\u00e4\u00e4n vaiheessa tekem\u00e4\u00e4n kahta maalia suurempaa eroa vastustajaan. Taukoa Karjaalla vietettiin kotijoukkueen niukassa 16-15-johdossa.<\/p>\n<p>Toinen er\u00e4 jatkui samoissa merkeiss\u00e4 aina 13. minuutille ja tilanteeseen 22-23 saakka. T\u00e4m\u00e4n j\u00e4lkeen Dicken vei nopeassa tahdissa jakson maalein 4-0 ja ratkaisun makua alkoi olla ilmassa. BK ei pystynyt en\u00e4\u00e4 nousemaan mukaan taisteluun voitosta ja ero venyi v\u00e4hitellen l\u00e4helle kymment\u00e4 maalia, miss\u00e4 se pysyi loppuun saakka.<\/p>\n<p>BK-46:n p\u00e4\u00e4valmentaja Christer Lundqvist n\u00e4ki ratkaisun tapahtuneen pian tauon j\u00e4lkeen, kuten numerotkin kertoivat<\/p>\n<p>&#8211; Ensimm\u00e4inen jakso oli meilt\u00e4 hyv\u00e4. Tehtiin t\u00f6it\u00e4 ja p\u00e4\u00e4stiin paikkoihin. Toisella jaksolla j\u00e4\u00e4tiin paikoillemme, varsinkin kun saimme kolme ulosajoa heti jakson alussa. Itseluottamus laski ja hukattiin koko ottelu, Lundqvist totesi.<\/p>\n<p>Dickenin Thomas Lindstr\u00f6m n\u00e4ki ottelun kulun varsin samansuuntaisesti. BK piti Dickeni\u00e4 pihdeiss\u00e4 alkuun, mutta lopussa Dicken sai pelins\u00e4 toimimaan halutusti.<\/p>\n<p>&#8211; Tiedettiin ett\u00e4 BK pelaa korkealla puolustuksella. Kuitenkin ensimm\u00e4isell\u00e4 jaksolla olimme hermostuneita. Toisella jaksolla pelattiin rauhallisesti ja j\u00e4rkev\u00e4sti varsinkin hy\u00f6kk\u00e4yspeliss\u00e4. T\u00e4m\u00e4 johti siihen ett\u00e4 BK ei p\u00e4\u00e4ssyt kontraamaan.<\/p>\n<p>Ottelun vakuuttavimman pelaajan tittelin vei joukkueensa tehomiehiin kuulunut Dickenin Anton Remy.<\/p>\n<p>&#8211;\u00a0 Kaiken kaikkiaan t\u00e4m\u00e4 oli tiukka peli. Lopussa meill\u00e4 oli enemm\u00e4n malttia niin puolustuksessa kuin hy\u00f6kk\u00e4yksess\u00e4kin. Pelattiin joukkueena, Remy kiitteli.<\/p>\n<p><strong>BK-46 \u2013 Dicken 27\u201336 (16 15)<\/strong><\/p>\n<p><em>Yleis\u00f6m\u00e4\u00e4r\u00e4<\/em>: 215<\/p>\n<p><strong>Maalintekij\u00e4t<\/strong>:<br \/>\nBK-46: Olli-Pekka Korpim\u00e4ki 3, Robin Karlsson 4, Robin Mattsson 1, Janis Selge 6, Mario Karuse 2, Victor Westerlund 5, Sebastian S\u00e4kkinen 4, Oliver Helander 2<br \/>\nDicken: Benny Broman 5, Joona Hertola 6, Timmy Thor 8, Joacim Broman 6, Anton Remy 8, Valdar Noodla 3.<\/p>\n<p><strong>Ottelun L\u00e4hiTapiola-t\u00e4hdet:<\/strong><br \/>\n3 Anton Remy (Dicken)<br \/>\n2 Victor Westerlund (BK-46)<br \/>\n1 Joona Hertola (Dicken)<\/p>\n","protected":false},"excerpt":{"rendered":"<p>Dicken taistelee tiukasti edelleen runkosarjan kakkossijasta. Lauttasaarelaiset vierailivat lauantaina Karjaan Sisu Arenalla ja karkasivat tasaisen avausjakson j\u00e4lkeen lopulta selv\u00e4\u00e4n voittoon BK-46:sta. Loppunumerot kirjattiin lukemin 27-36.<\/p>\n","protected":false},"author":13,"featured_media":6547,"comment_status":"closed","ping_status":"closed","sticky":false,"template":"","format":"standard","meta":{"_acf_changed":false,"jetpack_post_was_ever_published":false,"_jetpack_newsletter_access":"","_jetpack_dont_email_post_to_subs":false,"_jetpack_newsletter_tier_id":0,"_jetpack_memberships_contains_paywalled_content":false,"_jetpack_memberships_contains_paid_content":false,"footnotes":""},"categories":[21],"tags":[56,58],"class_list":["post-6783","post","type-post","status-publish","format-standard","has-post-thumbnail","hentry","category-ottelut-2013-2014","tag-bk-46","tag-dicken"],"acf":[],"yoast_head":"<!-- This site is optimized with the Yoast SEO plugin v27.5 - https:\/\/yoast.com\/product\/yoast-seo-wordpress\/ -->\n<title>Dicken pudotti BK-46:n kyydist\u00e4 tauon j\u00e4lkeen | K\u00e4sipallon miesten Aktialiiga<\/title>\n<meta name=\"robots\" content=\"index, follow, max-snippet:-1, max-image-preview:large, max-video-preview:-1\" \/>\n<link rel=\"canonical\" href=\"https:\/\/aktialiiga.fi\/miehet\/2013-2014\/ottelut-2013-2014\/dicken-pudotti-bk-46n-kyydista-tauon-jalkeen\/\" \/>\n<meta property=\"og:locale\" content=\"fi_FI\" \/>\n<meta property=\"og:type\" content=\"article\" \/>\n<meta property=\"og:title\" content=\"Dicken pudotti BK-46:n kyydist\u00e4 tauon j\u00e4lkeen | K\u00e4sipallon miesten Aktialiiga\" \/>\n<meta property=\"og:description\" content=\"Dicken taistelee tiukasti edelleen runkosarjan kakkossijasta. Lauttasaarelaiset vierailivat lauantaina Karjaan Sisu Arenalla ja karkasivat tasaisen avausjakson j\u00e4lkeen lopulta selv\u00e4\u00e4n voittoon BK-46:sta. Loppunumerot kirjattiin lukemin 27-36.\" \/>\n<meta property=\"og:url\" content=\"https:\/\/aktialiiga.fi\/miehet\/2013-2014\/ottelut-2013-2014\/dicken-pudotti-bk-46n-kyydista-tauon-jalkeen\/\" \/>\n<meta property=\"og:site_name\" content=\"K\u00e4sipallon miesten Aktialiiga\" \/>\n<meta property=\"article:publisher\" content=\"https:\/\/www.facebook.com\/finnhandball\" \/>\n<meta property=\"article:published_time\" content=\"2014-03-08T16:15:54+00:00\" \/>\n<meta property=\"article:modified_time\" content=\"2018-04-20T09:54:01+00:00\" \/>\n<meta property=\"og:image\" content=\"https:\/\/i0.wp.com\/aktialiiga.fi\/miehet\/wp-content\/uploads\/sites\/5\/2014\/01\/Kuvitus_pallomaalissa2.jpg?fit=300%2C300&ssl=1\" \/>\n\t<meta property=\"og:image:width\" content=\"300\" \/>\n\t<meta property=\"og:image:height\" content=\"300\" \/>\n\t<meta property=\"og:image:type\" content=\"image\/jpeg\" \/>\n<meta name=\"author\" content=\"tbrmedia\" \/>\n<meta name=\"twitter:card\" content=\"summary_large_image\" \/>\n<meta name=\"twitter:creator\" content=\"@finnhandball\" \/>\n<meta name=\"twitter:site\" content=\"@finnhandball\" \/>\n<script type=\"application\/ld+json\" class=\"yoast-schema-graph\">{\"@context\":\"https:\\\/\\\/schema.org\",\"@graph\":[{\"@type\":\"Article\",\"@id\":\"https:\\\/\\\/aktialiiga.fi\\\/miehet\\\/2013-2014\\\/ottelut-2013-2014\\\/dicken-pudotti-bk-46n-kyydista-tauon-jalkeen\\\/#article\",\"isPartOf\":{\"@id\":\"https:\\\/\\\/aktialiiga.fi\\\/miehet\\\/2013-2014\\\/ottelut-2013-2014\\\/dicken-pudotti-bk-46n-kyydista-tauon-jalkeen\\\/\"},\"author\":{\"name\":\"tbrmedia\",\"@id\":\"https:\\\/\\\/aktialiiga.fi\\\/miehet\\\/#\\\/schema\\\/person\\\/c14bf42f47041db74603c45afcb18d87\"},\"headline\":\"Dicken pudotti BK-46:n kyydist\u00e4 tauon j\u00e4lkeen\",\"datePublished\":\"2014-03-08T16:15:54+00:00\",\"dateModified\":\"2018-04-20T09:54:01+00:00\",\"mainEntityOfPage\":{\"@id\":\"https:\\\/\\\/aktialiiga.fi\\\/miehet\\\/2013-2014\\\/ottelut-2013-2014\\\/dicken-pudotti-bk-46n-kyydista-tauon-jalkeen\\\/\"},\"wordCount\":313,\"publisher\":{\"@id\":\"https:\\\/\\\/aktialiiga.fi\\\/miehet\\\/#organization\"},\"image\":{\"@id\":\"https:\\\/\\\/aktialiiga.fi\\\/miehet\\\/2013-2014\\\/ottelut-2013-2014\\\/dicken-pudotti-bk-46n-kyydista-tauon-jalkeen\\\/#primaryimage\"},\"thumbnailUrl\":\"https:\\\/\\\/i0.wp.com\\\/aktialiiga.fi\\\/miehet\\\/wp-content\\\/uploads\\\/sites\\\/5\\\/2014\\\/01\\\/Kuvitus_pallomaalissa2.jpg?fit=300%2C300&ssl=1\",\"keywords\":[\"BK-46\",\"Dicken\"],\"articleSection\":[\"Ottelut\"],\"inLanguage\":\"fi\"},{\"@type\":\"WebPage\",\"@id\":\"https:\\\/\\\/aktialiiga.fi\\\/miehet\\\/2013-2014\\\/ottelut-2013-2014\\\/dicken-pudotti-bk-46n-kyydista-tauon-jalkeen\\\/\",\"url\":\"https:\\\/\\\/aktialiiga.fi\\\/miehet\\\/2013-2014\\\/ottelut-2013-2014\\\/dicken-pudotti-bk-46n-kyydista-tauon-jalkeen\\\/\",\"name\":\"Dicken pudotti BK-46:n kyydist\u00e4 tauon j\u00e4lkeen | K\u00e4sipallon miesten Aktialiiga\",\"isPartOf\":{\"@id\":\"https:\\\/\\\/aktialiiga.fi\\\/miehet\\\/#website\"},\"primaryImageOfPage\":{\"@id\":\"https:\\\/\\\/aktialiiga.fi\\\/miehet\\\/2013-2014\\\/ottelut-2013-2014\\\/dicken-pudotti-bk-46n-kyydista-tauon-jalkeen\\\/#primaryimage\"},\"image\":{\"@id\":\"https:\\\/\\\/aktialiiga.fi\\\/miehet\\\/2013-2014\\\/ottelut-2013-2014\\\/dicken-pudotti-bk-46n-kyydista-tauon-jalkeen\\\/#primaryimage\"},\"thumbnailUrl\":\"https:\\\/\\\/i0.wp.com\\\/aktialiiga.fi\\\/miehet\\\/wp-content\\\/uploads\\\/sites\\\/5\\\/2014\\\/01\\\/Kuvitus_pallomaalissa2.jpg?fit=300%2C300&ssl=1\",\"datePublished\":\"2014-03-08T16:15:54+00:00\",\"dateModified\":\"2018-04-20T09:54:01+00:00\",\"breadcrumb\":{\"@id\":\"https:\\\/\\\/aktialiiga.fi\\\/miehet\\\/2013-2014\\\/ottelut-2013-2014\\\/dicken-pudotti-bk-46n-kyydista-tauon-jalkeen\\\/#breadcrumb\"},\"inLanguage\":\"fi\",\"potentialAction\":[{\"@type\":\"ReadAction\",\"target\":[\"https:\\\/\\\/aktialiiga.fi\\\/miehet\\\/2013-2014\\\/ottelut-2013-2014\\\/dicken-pudotti-bk-46n-kyydista-tauon-jalkeen\\\/\"]}]},{\"@type\":\"ImageObject\",\"inLanguage\":\"fi\",\"@id\":\"https:\\\/\\\/aktialiiga.fi\\\/miehet\\\/2013-2014\\\/ottelut-2013-2014\\\/dicken-pudotti-bk-46n-kyydista-tauon-jalkeen\\\/#primaryimage\",\"url\":\"https:\\\/\\\/i0.wp.com\\\/aktialiiga.fi\\\/miehet\\\/wp-content\\\/uploads\\\/sites\\\/5\\\/2014\\\/01\\\/Kuvitus_pallomaalissa2.jpg?fit=300%2C300&ssl=1\",\"contentUrl\":\"https:\\\/\\\/i0.wp.com\\\/aktialiiga.fi\\\/miehet\\\/wp-content\\\/uploads\\\/sites\\\/5\\\/2014\\\/01\\\/Kuvitus_pallomaalissa2.jpg?fit=300%2C300&ssl=1\",\"width\":300,\"height\":300,\"caption\":\"kuva: Juha Tamminen\"},{\"@type\":\"BreadcrumbList\",\"@id\":\"https:\\\/\\\/aktialiiga.fi\\\/miehet\\\/2013-2014\\\/ottelut-2013-2014\\\/dicken-pudotti-bk-46n-kyydista-tauon-jalkeen\\\/#breadcrumb\",\"itemListElement\":[{\"@type\":\"ListItem\",\"position\":1,\"name\":\"Etusivu\",\"item\":\"https:\\\/\\\/aktialiiga.fi\\\/miehet\\\/\"},{\"@type\":\"ListItem\",\"position\":2,\"name\":\"Dicken pudotti BK-46:n kyydist\u00e4 tauon j\u00e4lkeen\"}]},{\"@type\":\"WebSite\",\"@id\":\"https:\\\/\\\/aktialiiga.fi\\\/miehet\\\/#website\",\"url\":\"https:\\\/\\\/aktialiiga.fi\\\/miehet\\\/\",\"name\":\"K\u00e4sipallon miesten Aktialiiga\",\"description\":\"Valtakunnan vauhdikkainta palloilua!\",\"publisher\":{\"@id\":\"https:\\\/\\\/aktialiiga.fi\\\/miehet\\\/#organization\"},\"potentialAction\":[{\"@type\":\"SearchAction\",\"target\":{\"@type\":\"EntryPoint\",\"urlTemplate\":\"https:\\\/\\\/aktialiiga.fi\\\/miehet\\\/?s={search_term_string}\"},\"query-input\":{\"@type\":\"PropertyValueSpecification\",\"valueRequired\":true,\"valueName\":\"search_term_string\"}}],\"inLanguage\":\"fi\"},{\"@type\":\"Organization\",\"@id\":\"https:\\\/\\\/aktialiiga.fi\\\/miehet\\\/#organization\",\"name\":\"K\u00e4sipallon miesten Aktialiiga\",\"url\":\"https:\\\/\\\/aktialiiga.fi\\\/miehet\\\/\",\"logo\":{\"@type\":\"ImageObject\",\"inLanguage\":\"fi\",\"@id\":\"https:\\\/\\\/aktialiiga.fi\\\/miehet\\\/#\\\/schema\\\/logo\\\/image\\\/\",\"url\":\"https:\\\/\\\/i0.wp.com\\\/aktialiiga.fi\\\/miehet\\\/wp-content\\\/uploads\\\/sites\\\/5\\\/2024\\\/09\\\/Aktialiiga-Yoast-512.png?fit=512%2C512&ssl=1\",\"contentUrl\":\"https:\\\/\\\/i0.wp.com\\\/aktialiiga.fi\\\/miehet\\\/wp-content\\\/uploads\\\/sites\\\/5\\\/2024\\\/09\\\/Aktialiiga-Yoast-512.png?fit=512%2C512&ssl=1\",\"width\":512,\"height\":512,\"caption\":\"K\u00e4sipallon miesten Aktialiiga\"},\"image\":{\"@id\":\"https:\\\/\\\/aktialiiga.fi\\\/miehet\\\/#\\\/schema\\\/logo\\\/image\\\/\"},\"sameAs\":[\"https:\\\/\\\/www.facebook.com\\\/finnhandball\",\"https:\\\/\\\/x.com\\\/finnhandball\",\"https:\\\/\\\/www.instagram.com\\\/handballfinland\\\/\"]},{\"@type\":\"Person\",\"@id\":\"https:\\\/\\\/aktialiiga.fi\\\/miehet\\\/#\\\/schema\\\/person\\\/c14bf42f47041db74603c45afcb18d87\",\"name\":\"tbrmedia\",\"image\":{\"@type\":\"ImageObject\",\"inLanguage\":\"fi\",\"@id\":\"https:\\\/\\\/secure.gravatar.com\\\/avatar\\\/ee975fa091fe581d12b60debb3439022686618368a7c142044c56724d4666b16?s=96&d=mm&r=g\",\"url\":\"https:\\\/\\\/secure.gravatar.com\\\/avatar\\\/ee975fa091fe581d12b60debb3439022686618368a7c142044c56724d4666b16?s=96&d=mm&r=g\",\"contentUrl\":\"https:\\\/\\\/secure.gravatar.com\\\/avatar\\\/ee975fa091fe581d12b60debb3439022686618368a7c142044c56724d4666b16?s=96&d=mm&r=g\",\"caption\":\"tbrmedia\"}}]}<\/script>\n<!-- \/ Yoast SEO plugin. -->","yoast_head_json":{"title":"Dicken pudotti BK-46:n kyydist\u00e4 tauon j\u00e4lkeen | K\u00e4sipallon miesten Aktialiiga","robots":{"index":"index","follow":"follow","max-snippet":"max-snippet:-1","max-image-preview":"max-image-preview:large","max-video-preview":"max-video-preview:-1"},"canonical":"https:\/\/aktialiiga.fi\/miehet\/2013-2014\/ottelut-2013-2014\/dicken-pudotti-bk-46n-kyydista-tauon-jalkeen\/","og_locale":"fi_FI","og_type":"article","og_title":"Dicken pudotti BK-46:n kyydist\u00e4 tauon j\u00e4lkeen | K\u00e4sipallon miesten Aktialiiga","og_description":"Dicken taistelee tiukasti edelleen runkosarjan kakkossijasta. Lauttasaarelaiset vierailivat lauantaina Karjaan Sisu Arenalla ja karkasivat tasaisen avausjakson j\u00e4lkeen lopulta selv\u00e4\u00e4n voittoon BK-46:sta. Loppunumerot kirjattiin lukemin 27-36.","og_url":"https:\/\/aktialiiga.fi\/miehet\/2013-2014\/ottelut-2013-2014\/dicken-pudotti-bk-46n-kyydista-tauon-jalkeen\/","og_site_name":"K\u00e4sipallon miesten Aktialiiga","article_publisher":"https:\/\/www.facebook.com\/finnhandball","article_published_time":"2014-03-08T16:15:54+00:00","article_modified_time":"2018-04-20T09:54:01+00:00","og_image":[{"width":300,"height":300,"url":"https:\/\/i0.wp.com\/aktialiiga.fi\/miehet\/wp-content\/uploads\/sites\/5\/2014\/01\/Kuvitus_pallomaalissa2.jpg?fit=300%2C300&ssl=1","type":"image\/jpeg"}],"author":"tbrmedia","twitter_card":"summary_large_image","twitter_creator":"@finnhandball","twitter_site":"@finnhandball","schema":{"@context":"https:\/\/schema.org","@graph":[{"@type":"Article","@id":"https:\/\/aktialiiga.fi\/miehet\/2013-2014\/ottelut-2013-2014\/dicken-pudotti-bk-46n-kyydista-tauon-jalkeen\/#article","isPartOf":{"@id":"https:\/\/aktialiiga.fi\/miehet\/2013-2014\/ottelut-2013-2014\/dicken-pudotti-bk-46n-kyydista-tauon-jalkeen\/"},"author":{"name":"tbrmedia","@id":"https:\/\/aktialiiga.fi\/miehet\/#\/schema\/person\/c14bf42f47041db74603c45afcb18d87"},"headline":"Dicken pudotti BK-46:n kyydist\u00e4 tauon j\u00e4lkeen","datePublished":"2014-03-08T16:15:54+00:00","dateModified":"2018-04-20T09:54:01+00:00","mainEntityOfPage":{"@id":"https:\/\/aktialiiga.fi\/miehet\/2013-2014\/ottelut-2013-2014\/dicken-pudotti-bk-46n-kyydista-tauon-jalkeen\/"},"wordCount":313,"publisher":{"@id":"https:\/\/aktialiiga.fi\/miehet\/#organization"},"image":{"@id":"https:\/\/aktialiiga.fi\/miehet\/2013-2014\/ottelut-2013-2014\/dicken-pudotti-bk-46n-kyydista-tauon-jalkeen\/#primaryimage"},"thumbnailUrl":"https:\/\/i0.wp.com\/aktialiiga.fi\/miehet\/wp-content\/uploads\/sites\/5\/2014\/01\/Kuvitus_pallomaalissa2.jpg?fit=300%2C300&ssl=1","keywords":["BK-46","Dicken"],"articleSection":["Ottelut"],"inLanguage":"fi"},{"@type":"WebPage","@id":"https:\/\/aktialiiga.fi\/miehet\/2013-2014\/ottelut-2013-2014\/dicken-pudotti-bk-46n-kyydista-tauon-jalkeen\/","url":"https:\/\/aktialiiga.fi\/miehet\/2013-2014\/ottelut-2013-2014\/dicken-pudotti-bk-46n-kyydista-tauon-jalkeen\/","name":"Dicken pudotti BK-46:n kyydist\u00e4 tauon j\u00e4lkeen | K\u00e4sipallon miesten Aktialiiga","isPartOf":{"@id":"https:\/\/aktialiiga.fi\/miehet\/#website"},"primaryImageOfPage":{"@id":"https:\/\/aktialiiga.fi\/miehet\/2013-2014\/ottelut-2013-2014\/dicken-pudotti-bk-46n-kyydista-tauon-jalkeen\/#primaryimage"},"image":{"@id":"https:\/\/aktialiiga.fi\/miehet\/2013-2014\/ottelut-2013-2014\/dicken-pudotti-bk-46n-kyydista-tauon-jalkeen\/#primaryimage"},"thumbnailUrl":"https:\/\/i0.wp.com\/aktialiiga.fi\/miehet\/wp-content\/uploads\/sites\/5\/2014\/01\/Kuvitus_pallomaalissa2.jpg?fit=300%2C300&ssl=1","datePublished":"2014-03-08T16:15:54+00:00","dateModified":"2018-04-20T09:54:01+00:00","breadcrumb":{"@id":"https:\/\/aktialiiga.fi\/miehet\/2013-2014\/ottelut-2013-2014\/dicken-pudotti-bk-46n-kyydista-tauon-jalkeen\/#breadcrumb"},"inLanguage":"fi","potentialAction":[{"@type":"ReadAction","target":["https:\/\/aktialiiga.fi\/miehet\/2013-2014\/ottelut-2013-2014\/dicken-pudotti-bk-46n-kyydista-tauon-jalkeen\/"]}]},{"@type":"ImageObject","inLanguage":"fi","@id":"https:\/\/aktialiiga.fi\/miehet\/2013-2014\/ottelut-2013-2014\/dicken-pudotti-bk-46n-kyydista-tauon-jalkeen\/#primaryimage","url":"https:\/\/i0.wp.com\/aktialiiga.fi\/miehet\/wp-content\/uploads\/sites\/5\/2014\/01\/Kuvitus_pallomaalissa2.jpg?fit=300%2C300&ssl=1","contentUrl":"https:\/\/i0.wp.com\/aktialiiga.fi\/miehet\/wp-content\/uploads\/sites\/5\/2014\/01\/Kuvitus_pallomaalissa2.jpg?fit=300%2C300&ssl=1","width":300,"height":300,"caption":"kuva: Juha Tamminen"},{"@type":"BreadcrumbList","@id":"https:\/\/aktialiiga.fi\/miehet\/2013-2014\/ottelut-2013-2014\/dicken-pudotti-bk-46n-kyydista-tauon-jalkeen\/#breadcrumb","itemListElement":[{"@type":"ListItem","position":1,"name":"Etusivu","item":"https:\/\/aktialiiga.fi\/miehet\/"},{"@type":"ListItem","position":2,"name":"Dicken pudotti BK-46:n kyydist\u00e4 tauon j\u00e4lkeen"}]},{"@type":"WebSite","@id":"https:\/\/aktialiiga.fi\/miehet\/#website","url":"https:\/\/aktialiiga.fi\/miehet\/","name":"K\u00e4sipallon miesten Aktialiiga","description":"Valtakunnan vauhdikkainta palloilua!","publisher":{"@id":"https:\/\/aktialiiga.fi\/miehet\/#organization"},"potentialAction":[{"@type":"SearchAction","target":{"@type":"EntryPoint","urlTemplate":"https:\/\/aktialiiga.fi\/miehet\/?s={search_term_string}"},"query-input":{"@type":"PropertyValueSpecification","valueRequired":true,"valueName":"search_term_string"}}],"inLanguage":"fi"},{"@type":"Organization","@id":"https:\/\/aktialiiga.fi\/miehet\/#organization","name":"K\u00e4sipallon miesten Aktialiiga","url":"https:\/\/aktialiiga.fi\/miehet\/","logo":{"@type":"ImageObject","inLanguage":"fi","@id":"https:\/\/aktialiiga.fi\/miehet\/#\/schema\/logo\/image\/","url":"https:\/\/i0.wp.com\/aktialiiga.fi\/miehet\/wp-content\/uploads\/sites\/5\/2024\/09\/Aktialiiga-Yoast-512.png?fit=512%2C512&ssl=1","contentUrl":"https:\/\/i0.wp.com\/aktialiiga.fi\/miehet\/wp-content\/uploads\/sites\/5\/2024\/09\/Aktialiiga-Yoast-512.png?fit=512%2C512&ssl=1","width":512,"height":512,"caption":"K\u00e4sipallon miesten Aktialiiga"},"image":{"@id":"https:\/\/aktialiiga.fi\/miehet\/#\/schema\/logo\/image\/"},"sameAs":["https:\/\/www.facebook.com\/finnhandball","https:\/\/x.com\/finnhandball","https:\/\/www.instagram.com\/handballfinland\/"]},{"@type":"Person","@id":"https:\/\/aktialiiga.fi\/miehet\/#\/schema\/person\/c14bf42f47041db74603c45afcb18d87","name":"tbrmedia","image":{"@type":"ImageObject","inLanguage":"fi","@id":"https:\/\/secure.gravatar.com\/avatar\/ee975fa091fe581d12b60debb3439022686618368a7c142044c56724d4666b16?s=96&d=mm&r=g","url":"https:\/\/secure.gravatar.com\/avatar\/ee975fa091fe581d12b60debb3439022686618368a7c142044c56724d4666b16?s=96&d=mm&r=g","contentUrl":"https:\/\/secure.gravatar.com\/avatar\/ee975fa091fe581d12b60debb3439022686618368a7c142044c56724d4666b16?s=96&d=mm&r=g","caption":"tbrmedia"}}]}},"jetpack_featured_media_url":"https:\/\/i0.wp.com\/aktialiiga.fi\/miehet\/wp-content\/uploads\/sites\/5\/2014\/01\/Kuvitus_pallomaalissa2.jpg?fit=300%2C300&ssl=1","jetpack_sharing_enabled":true,"jetpack_shortlink":"https:\/\/wp.me\/pfTxOr-1Lp","_links":{"self":[{"href":"https:\/\/aktialiiga.fi\/miehet\/wp-json\/wp\/v2\/posts\/6783","targetHints":{"allow":["GET"]}}],"collection":[{"href":"https:\/\/aktialiiga.fi\/miehet\/wp-json\/wp\/v2\/posts"}],"about":[{"href":"https:\/\/aktialiiga.fi\/miehet\/wp-json\/wp\/v2\/types\/post"}],"author":[{"embeddable":true,"href":"https:\/\/aktialiiga.fi\/miehet\/wp-json\/wp\/v2\/users\/13"}],"replies":[{"embeddable":true,"href":"https:\/\/aktialiiga.fi\/miehet\/wp-json\/wp\/v2\/comments?post=6783"}],"version-history":[{"count":0,"href":"https:\/\/aktialiiga.fi\/miehet\/wp-json\/wp\/v2\/posts\/6783\/revisions"}],"wp:featuredmedia":[{"embeddable":true,"href":"https:\/\/aktialiiga.fi\/miehet\/wp-json\/wp\/v2\/media\/6547"}],"wp:attachment":[{"href":"https:\/\/aktialiiga.fi\/miehet\/wp-json\/wp\/v2\/media?parent=6783"}],"wp:term":[{"taxonomy":"category","embeddable":true,"href":"https:\/\/aktialiiga.fi\/miehet\/wp-json\/wp\/v2\/categories?post=6783"},{"taxonomy":"post_tag","embeddable":true,"href":"https:\/\/aktialiiga.fi\/miehet\/wp-json\/wp\/v2\/tags?post=6783"}],"curies":[{"name":"wp","href":"https:\/\/api.w.org\/{rel}","templated":true}]}}