{"id":68249,"date":"2025-12-05T20:06:53","date_gmt":"2025-12-05T18:06:53","guid":{"rendered":"https:\/\/aktialiiga.fi\/miehet\/?p=68249"},"modified":"2025-12-05T21:05:13","modified_gmt":"2025-12-05T19:05:13","slug":"bk-46-ei-antanut-mahdollisuuksia-eiflle","status":"publish","type":"post","link":"https:\/\/aktialiiga.fi\/miehet\/2025-2026\/ottelut\/bk-46-ei-antanut-mahdollisuuksia-eiflle\/","title":{"rendered":"BK-46 ei antanut mahdollisuuksia EIF:lle"},"content":{"rendered":"<p><!--StartFragment --><\/p>\n<p><span class=\"cf0\">EIF:n<\/span><span class=\"cf0\"> ja BK-46:n perjantainen kohtaaminen ratkesi k\u00e4yt\u00e4nn\u00f6ss\u00e4 jo avausjaksolla sarjak\u00e4rki <\/span><span class=\"cf0\">BK:n<\/span><span class=\"cf0\"> eduksi.<\/span><\/p>\n<p><span class=\"cf0\">Ottelu kulki alusta saakka vieraiden hallinnassa. EIF roikkui tuntumassa avausjakson puoliv\u00e4lin alle, mutta sen j\u00e4lkeen BK alkoi repi\u00e4 eroa kunnolla ja tauolle ment\u00e4ess\u00e4 vierasjohto oli ven\u00e4ht\u00e4nyt jo 14 maaliin.<\/span><\/p>\n<p><span class=\"cf0\">Isoa muutosta ottelun kuvaan ei toisellakaan jaksolla tullut. BK piti kiinni selke\u00e4st\u00e4 johtoasemastaan ja v\u00e4hitellen my\u00f6s kasvatti eroa. Pisteet matkasivat Tammisaaresta lyhyen matkaan Karjaalle lopulta yli 20 maalin erolla <\/span><span class=\"cf0\">BK:n<\/span><span class=\"cf0\"> tarvitsematta toisella jaksolla en\u00e4\u00e4 parastaan panna peliin.<\/span><\/p>\n<p>EIF:n p\u00e4\u00e4valmentaja Kaj Hagman totesi suoraan vastustajan olleen numeroa liian kova.<\/p>\n<p>&#8211; 20 minuuttia jaksoimme taistella vastaan. Paino ja leveys vastaan nuorta ja ohutta. Hauska kun halli on t\u00e4ynn\u00e4. Ty\u00f6 jatkuu, Hagman tiivisti.<\/p>\n<p>BK-46:n virkaveli Andreas R\u00f6nnberg otti voiton vastaan tyynesti.<\/p>\n<p>&#8211; Tyytyv\u00e4inen voittoon. Kaikki saivat paljon peliaikaa. Nyt on vihdoinkin viikko seuraavaan otteluun eli nyt saavat pojat hieman lev\u00e4t\u00e4, R\u00f6nnberg viittasi tiiviiseen ottelutahtiin viime viikkoina.<\/p>\n<p>Ottelun parhaan pelaajan tittelin napannut BK:n Oliver Nordlund tiivisti R\u00f6nnbergin sanoman viel\u00e4 lyhyemmin.<\/p>\n<p>&#8211; Nyt saunomaan, Nordlund kuittasi.<\/p>\n<p>&nbsp;<\/p>\n<p><!--EndFragment --><\/p>\n","protected":false},"excerpt":{"rendered":"<p>EIF:n ja BK-46:n perjantainen kohtaaminen ratkesi k\u00e4yt\u00e4nn\u00f6ss\u00e4 jo avausjaksolla sarjak\u00e4rki BK:n eduksi. Ottelu kulki alusta saakka vieraiden hallinnassa. EIF roikkui tuntumassa avausjakson puoliv\u00e4lin alle, mutta sen j\u00e4lkeen BK alkoi repi\u00e4 eroa kunnolla ja tauolle ment\u00e4ess\u00e4 vierasjohto oli ven\u00e4ht\u00e4nyt jo 14 maaliin. Isoa muutosta ottelun kuvaan ei toisellakaan jaksolla tullut. BK piti kiinni selke\u00e4st\u00e4 johtoasemastaan ja [&hellip;]<\/p>\n","protected":false},"author":13,"featured_media":65995,"comment_status":"closed","ping_status":"closed","sticky":false,"template":"","format":"standard","meta":{"_acf_changed":false,"jetpack_post_was_ever_published":false,"_jetpack_newsletter_access":"","_jetpack_dont_email_post_to_subs":false,"_jetpack_newsletter_tier_id":0,"_jetpack_memberships_contains_paywalled_content":false,"_jetpack_memberships_contains_paid_content":false,"footnotes":""},"categories":[361],"tags":[56,60],"class_list":["post-68249","post","type-post","status-publish","format-standard","has-post-thumbnail","hentry","category-ottelut","tag-bk-46","tag-eif"],"acf":[],"yoast_head":"<!-- This site is optimized with the Yoast SEO plugin v27.5 - https:\/\/yoast.com\/product\/yoast-seo-wordpress\/ -->\n<title>BK-46 ei antanut mahdollisuuksia EIF:lle | K\u00e4sipallon miesten Aktialiiga<\/title>\n<meta name=\"robots\" content=\"index, follow, max-snippet:-1, max-image-preview:large, max-video-preview:-1\" \/>\n<link rel=\"canonical\" href=\"https:\/\/aktialiiga.fi\/miehet\/2025-2026\/ottelut\/bk-46-ei-antanut-mahdollisuuksia-eiflle\/\" \/>\n<meta property=\"og:locale\" content=\"fi_FI\" \/>\n<meta property=\"og:type\" content=\"article\" \/>\n<meta property=\"og:title\" content=\"BK-46 ei antanut mahdollisuuksia EIF:lle | K\u00e4sipallon miesten Aktialiiga\" \/>\n<meta property=\"og:description\" content=\"EIF:n ja BK-46:n perjantainen kohtaaminen ratkesi k\u00e4yt\u00e4nn\u00f6ss\u00e4 jo avausjaksolla sarjak\u00e4rki BK:n eduksi. Ottelu kulki alusta saakka vieraiden hallinnassa. EIF roikkui tuntumassa avausjakson puoliv\u00e4lin alle, mutta sen j\u00e4lkeen BK alkoi repi\u00e4 eroa kunnolla ja tauolle ment\u00e4ess\u00e4 vierasjohto oli ven\u00e4ht\u00e4nyt jo 14 maaliin. Isoa muutosta ottelun kuvaan ei toisellakaan jaksolla tullut. BK piti kiinni selke\u00e4st\u00e4 johtoasemastaan ja [&hellip;]\" \/>\n<meta property=\"og:url\" content=\"https:\/\/aktialiiga.fi\/miehet\/2025-2026\/ottelut\/bk-46-ei-antanut-mahdollisuuksia-eiflle\/\" \/>\n<meta property=\"og:site_name\" content=\"K\u00e4sipallon miesten Aktialiiga\" \/>\n<meta property=\"article:publisher\" content=\"https:\/\/www.facebook.com\/finnhandball\" \/>\n<meta property=\"article:published_time\" content=\"2025-12-05T18:06:53+00:00\" \/>\n<meta property=\"article:modified_time\" content=\"2025-12-05T19:05:13+00:00\" \/>\n<meta property=\"og:image\" content=\"https:\/\/aktialiiga.fi\/miehet\/wp-content\/uploads\/sites\/5\/2025\/09\/A7303496-Forbattrat-BR-e1758127794339-1030x621.jpg\" \/>\n\t<meta property=\"og:image:width\" content=\"1030\" \/>\n\t<meta property=\"og:image:height\" content=\"621\" \/>\n\t<meta property=\"og:image:type\" content=\"image\/jpeg\" \/>\n<meta name=\"author\" content=\"tbrmedia\" \/>\n<meta name=\"twitter:card\" content=\"summary_large_image\" \/>\n<meta name=\"twitter:creator\" content=\"@finnhandball\" \/>\n<meta name=\"twitter:site\" content=\"@finnhandball\" \/>\n<script type=\"application\/ld+json\" class=\"yoast-schema-graph\">{\"@context\":\"https:\\\/\\\/schema.org\",\"@graph\":[{\"@type\":\"Article\",\"@id\":\"https:\\\/\\\/aktialiiga.fi\\\/miehet\\\/2025-2026\\\/ottelut\\\/bk-46-ei-antanut-mahdollisuuksia-eiflle\\\/#article\",\"isPartOf\":{\"@id\":\"https:\\\/\\\/aktialiiga.fi\\\/miehet\\\/2025-2026\\\/ottelut\\\/bk-46-ei-antanut-mahdollisuuksia-eiflle\\\/\"},\"author\":{\"name\":\"tbrmedia\",\"@id\":\"https:\\\/\\\/aktialiiga.fi\\\/miehet\\\/#\\\/schema\\\/person\\\/c14bf42f47041db74603c45afcb18d87\"},\"headline\":\"BK-46 ei antanut mahdollisuuksia EIF:lle\",\"datePublished\":\"2025-12-05T18:06:53+00:00\",\"dateModified\":\"2025-12-05T19:05:13+00:00\",\"mainEntityOfPage\":{\"@id\":\"https:\\\/\\\/aktialiiga.fi\\\/miehet\\\/2025-2026\\\/ottelut\\\/bk-46-ei-antanut-mahdollisuuksia-eiflle\\\/\"},\"wordCount\":192,\"publisher\":{\"@id\":\"https:\\\/\\\/aktialiiga.fi\\\/miehet\\\/#organization\"},\"image\":{\"@id\":\"https:\\\/\\\/aktialiiga.fi\\\/miehet\\\/2025-2026\\\/ottelut\\\/bk-46-ei-antanut-mahdollisuuksia-eiflle\\\/#primaryimage\"},\"thumbnailUrl\":\"https:\\\/\\\/i0.wp.com\\\/aktialiiga.fi\\\/miehet\\\/wp-content\\\/uploads\\\/sites\\\/5\\\/2025\\\/09\\\/A7303496-Forbattrat-BR-e1758127794339.jpg?fit=3747%2C2260&ssl=1\",\"keywords\":[\"BK-46\",\"EIF\"],\"articleSection\":[\"Ottelut 2025-26\"],\"inLanguage\":\"fi\"},{\"@type\":\"WebPage\",\"@id\":\"https:\\\/\\\/aktialiiga.fi\\\/miehet\\\/2025-2026\\\/ottelut\\\/bk-46-ei-antanut-mahdollisuuksia-eiflle\\\/\",\"url\":\"https:\\\/\\\/aktialiiga.fi\\\/miehet\\\/2025-2026\\\/ottelut\\\/bk-46-ei-antanut-mahdollisuuksia-eiflle\\\/\",\"name\":\"BK-46 ei antanut mahdollisuuksia EIF:lle | K\u00e4sipallon miesten Aktialiiga\",\"isPartOf\":{\"@id\":\"https:\\\/\\\/aktialiiga.fi\\\/miehet\\\/#website\"},\"primaryImageOfPage\":{\"@id\":\"https:\\\/\\\/aktialiiga.fi\\\/miehet\\\/2025-2026\\\/ottelut\\\/bk-46-ei-antanut-mahdollisuuksia-eiflle\\\/#primaryimage\"},\"image\":{\"@id\":\"https:\\\/\\\/aktialiiga.fi\\\/miehet\\\/2025-2026\\\/ottelut\\\/bk-46-ei-antanut-mahdollisuuksia-eiflle\\\/#primaryimage\"},\"thumbnailUrl\":\"https:\\\/\\\/i0.wp.com\\\/aktialiiga.fi\\\/miehet\\\/wp-content\\\/uploads\\\/sites\\\/5\\\/2025\\\/09\\\/A7303496-Forbattrat-BR-e1758127794339.jpg?fit=3747%2C2260&ssl=1\",\"datePublished\":\"2025-12-05T18:06:53+00:00\",\"dateModified\":\"2025-12-05T19:05:13+00:00\",\"breadcrumb\":{\"@id\":\"https:\\\/\\\/aktialiiga.fi\\\/miehet\\\/2025-2026\\\/ottelut\\\/bk-46-ei-antanut-mahdollisuuksia-eiflle\\\/#breadcrumb\"},\"inLanguage\":\"fi\",\"potentialAction\":[{\"@type\":\"ReadAction\",\"target\":[\"https:\\\/\\\/aktialiiga.fi\\\/miehet\\\/2025-2026\\\/ottelut\\\/bk-46-ei-antanut-mahdollisuuksia-eiflle\\\/\"]}]},{\"@type\":\"ImageObject\",\"inLanguage\":\"fi\",\"@id\":\"https:\\\/\\\/aktialiiga.fi\\\/miehet\\\/2025-2026\\\/ottelut\\\/bk-46-ei-antanut-mahdollisuuksia-eiflle\\\/#primaryimage\",\"url\":\"https:\\\/\\\/i0.wp.com\\\/aktialiiga.fi\\\/miehet\\\/wp-content\\\/uploads\\\/sites\\\/5\\\/2025\\\/09\\\/A7303496-Forbattrat-BR-e1758127794339.jpg?fit=3747%2C2260&ssl=1\",\"contentUrl\":\"https:\\\/\\\/i0.wp.com\\\/aktialiiga.fi\\\/miehet\\\/wp-content\\\/uploads\\\/sites\\\/5\\\/2025\\\/09\\\/A7303496-Forbattrat-BR-e1758127794339.jpg?fit=3747%2C2260&ssl=1\",\"width\":3747,\"height\":2260},{\"@type\":\"BreadcrumbList\",\"@id\":\"https:\\\/\\\/aktialiiga.fi\\\/miehet\\\/2025-2026\\\/ottelut\\\/bk-46-ei-antanut-mahdollisuuksia-eiflle\\\/#breadcrumb\",\"itemListElement\":[{\"@type\":\"ListItem\",\"position\":1,\"name\":\"Etusivu\",\"item\":\"https:\\\/\\\/aktialiiga.fi\\\/miehet\\\/\"},{\"@type\":\"ListItem\",\"position\":2,\"name\":\"BK-46 ei antanut mahdollisuuksia EIF:lle\"}]},{\"@type\":\"WebSite\",\"@id\":\"https:\\\/\\\/aktialiiga.fi\\\/miehet\\\/#website\",\"url\":\"https:\\\/\\\/aktialiiga.fi\\\/miehet\\\/\",\"name\":\"K\u00e4sipallon miesten Aktialiiga\",\"description\":\"Valtakunnan vauhdikkainta palloilua!\",\"publisher\":{\"@id\":\"https:\\\/\\\/aktialiiga.fi\\\/miehet\\\/#organization\"},\"potentialAction\":[{\"@type\":\"SearchAction\",\"target\":{\"@type\":\"EntryPoint\",\"urlTemplate\":\"https:\\\/\\\/aktialiiga.fi\\\/miehet\\\/?s={search_term_string}\"},\"query-input\":{\"@type\":\"PropertyValueSpecification\",\"valueRequired\":true,\"valueName\":\"search_term_string\"}}],\"inLanguage\":\"fi\"},{\"@type\":\"Organization\",\"@id\":\"https:\\\/\\\/aktialiiga.fi\\\/miehet\\\/#organization\",\"name\":\"K\u00e4sipallon miesten Aktialiiga\",\"url\":\"https:\\\/\\\/aktialiiga.fi\\\/miehet\\\/\",\"logo\":{\"@type\":\"ImageObject\",\"inLanguage\":\"fi\",\"@id\":\"https:\\\/\\\/aktialiiga.fi\\\/miehet\\\/#\\\/schema\\\/logo\\\/image\\\/\",\"url\":\"https:\\\/\\\/i0.wp.com\\\/aktialiiga.fi\\\/miehet\\\/wp-content\\\/uploads\\\/sites\\\/5\\\/2024\\\/09\\\/Aktialiiga-Yoast-512.png?fit=512%2C512&ssl=1\",\"contentUrl\":\"https:\\\/\\\/i0.wp.com\\\/aktialiiga.fi\\\/miehet\\\/wp-content\\\/uploads\\\/sites\\\/5\\\/2024\\\/09\\\/Aktialiiga-Yoast-512.png?fit=512%2C512&ssl=1\",\"width\":512,\"height\":512,\"caption\":\"K\u00e4sipallon miesten Aktialiiga\"},\"image\":{\"@id\":\"https:\\\/\\\/aktialiiga.fi\\\/miehet\\\/#\\\/schema\\\/logo\\\/image\\\/\"},\"sameAs\":[\"https:\\\/\\\/www.facebook.com\\\/finnhandball\",\"https:\\\/\\\/x.com\\\/finnhandball\",\"https:\\\/\\\/www.instagram.com\\\/handballfinland\\\/\"]},{\"@type\":\"Person\",\"@id\":\"https:\\\/\\\/aktialiiga.fi\\\/miehet\\\/#\\\/schema\\\/person\\\/c14bf42f47041db74603c45afcb18d87\",\"name\":\"tbrmedia\",\"image\":{\"@type\":\"ImageObject\",\"inLanguage\":\"fi\",\"@id\":\"https:\\\/\\\/secure.gravatar.com\\\/avatar\\\/ee975fa091fe581d12b60debb3439022686618368a7c142044c56724d4666b16?s=96&d=mm&r=g\",\"url\":\"https:\\\/\\\/secure.gravatar.com\\\/avatar\\\/ee975fa091fe581d12b60debb3439022686618368a7c142044c56724d4666b16?s=96&d=mm&r=g\",\"contentUrl\":\"https:\\\/\\\/secure.gravatar.com\\\/avatar\\\/ee975fa091fe581d12b60debb3439022686618368a7c142044c56724d4666b16?s=96&d=mm&r=g\",\"caption\":\"tbrmedia\"}}]}<\/script>\n<!-- \/ Yoast SEO plugin. -->","yoast_head_json":{"title":"BK-46 ei antanut mahdollisuuksia EIF:lle | K\u00e4sipallon miesten Aktialiiga","robots":{"index":"index","follow":"follow","max-snippet":"max-snippet:-1","max-image-preview":"max-image-preview:large","max-video-preview":"max-video-preview:-1"},"canonical":"https:\/\/aktialiiga.fi\/miehet\/2025-2026\/ottelut\/bk-46-ei-antanut-mahdollisuuksia-eiflle\/","og_locale":"fi_FI","og_type":"article","og_title":"BK-46 ei antanut mahdollisuuksia EIF:lle | K\u00e4sipallon miesten Aktialiiga","og_description":"EIF:n ja BK-46:n perjantainen kohtaaminen ratkesi k\u00e4yt\u00e4nn\u00f6ss\u00e4 jo avausjaksolla sarjak\u00e4rki BK:n eduksi. Ottelu kulki alusta saakka vieraiden hallinnassa. EIF roikkui tuntumassa avausjakson puoliv\u00e4lin alle, mutta sen j\u00e4lkeen BK alkoi repi\u00e4 eroa kunnolla ja tauolle ment\u00e4ess\u00e4 vierasjohto oli ven\u00e4ht\u00e4nyt jo 14 maaliin. Isoa muutosta ottelun kuvaan ei toisellakaan jaksolla tullut. BK piti kiinni selke\u00e4st\u00e4 johtoasemastaan ja [&hellip;]","og_url":"https:\/\/aktialiiga.fi\/miehet\/2025-2026\/ottelut\/bk-46-ei-antanut-mahdollisuuksia-eiflle\/","og_site_name":"K\u00e4sipallon miesten Aktialiiga","article_publisher":"https:\/\/www.facebook.com\/finnhandball","article_published_time":"2025-12-05T18:06:53+00:00","article_modified_time":"2025-12-05T19:05:13+00:00","og_image":[{"width":1030,"height":621,"url":"https:\/\/aktialiiga.fi\/miehet\/wp-content\/uploads\/sites\/5\/2025\/09\/A7303496-Forbattrat-BR-e1758127794339-1030x621.jpg","type":"image\/jpeg"}],"author":"tbrmedia","twitter_card":"summary_large_image","twitter_creator":"@finnhandball","twitter_site":"@finnhandball","schema":{"@context":"https:\/\/schema.org","@graph":[{"@type":"Article","@id":"https:\/\/aktialiiga.fi\/miehet\/2025-2026\/ottelut\/bk-46-ei-antanut-mahdollisuuksia-eiflle\/#article","isPartOf":{"@id":"https:\/\/aktialiiga.fi\/miehet\/2025-2026\/ottelut\/bk-46-ei-antanut-mahdollisuuksia-eiflle\/"},"author":{"name":"tbrmedia","@id":"https:\/\/aktialiiga.fi\/miehet\/#\/schema\/person\/c14bf42f47041db74603c45afcb18d87"},"headline":"BK-46 ei antanut mahdollisuuksia EIF:lle","datePublished":"2025-12-05T18:06:53+00:00","dateModified":"2025-12-05T19:05:13+00:00","mainEntityOfPage":{"@id":"https:\/\/aktialiiga.fi\/miehet\/2025-2026\/ottelut\/bk-46-ei-antanut-mahdollisuuksia-eiflle\/"},"wordCount":192,"publisher":{"@id":"https:\/\/aktialiiga.fi\/miehet\/#organization"},"image":{"@id":"https:\/\/aktialiiga.fi\/miehet\/2025-2026\/ottelut\/bk-46-ei-antanut-mahdollisuuksia-eiflle\/#primaryimage"},"thumbnailUrl":"https:\/\/i0.wp.com\/aktialiiga.fi\/miehet\/wp-content\/uploads\/sites\/5\/2025\/09\/A7303496-Forbattrat-BR-e1758127794339.jpg?fit=3747%2C2260&ssl=1","keywords":["BK-46","EIF"],"articleSection":["Ottelut 2025-26"],"inLanguage":"fi"},{"@type":"WebPage","@id":"https:\/\/aktialiiga.fi\/miehet\/2025-2026\/ottelut\/bk-46-ei-antanut-mahdollisuuksia-eiflle\/","url":"https:\/\/aktialiiga.fi\/miehet\/2025-2026\/ottelut\/bk-46-ei-antanut-mahdollisuuksia-eiflle\/","name":"BK-46 ei antanut mahdollisuuksia EIF:lle | K\u00e4sipallon miesten Aktialiiga","isPartOf":{"@id":"https:\/\/aktialiiga.fi\/miehet\/#website"},"primaryImageOfPage":{"@id":"https:\/\/aktialiiga.fi\/miehet\/2025-2026\/ottelut\/bk-46-ei-antanut-mahdollisuuksia-eiflle\/#primaryimage"},"image":{"@id":"https:\/\/aktialiiga.fi\/miehet\/2025-2026\/ottelut\/bk-46-ei-antanut-mahdollisuuksia-eiflle\/#primaryimage"},"thumbnailUrl":"https:\/\/i0.wp.com\/aktialiiga.fi\/miehet\/wp-content\/uploads\/sites\/5\/2025\/09\/A7303496-Forbattrat-BR-e1758127794339.jpg?fit=3747%2C2260&ssl=1","datePublished":"2025-12-05T18:06:53+00:00","dateModified":"2025-12-05T19:05:13+00:00","breadcrumb":{"@id":"https:\/\/aktialiiga.fi\/miehet\/2025-2026\/ottelut\/bk-46-ei-antanut-mahdollisuuksia-eiflle\/#breadcrumb"},"inLanguage":"fi","potentialAction":[{"@type":"ReadAction","target":["https:\/\/aktialiiga.fi\/miehet\/2025-2026\/ottelut\/bk-46-ei-antanut-mahdollisuuksia-eiflle\/"]}]},{"@type":"ImageObject","inLanguage":"fi","@id":"https:\/\/aktialiiga.fi\/miehet\/2025-2026\/ottelut\/bk-46-ei-antanut-mahdollisuuksia-eiflle\/#primaryimage","url":"https:\/\/i0.wp.com\/aktialiiga.fi\/miehet\/wp-content\/uploads\/sites\/5\/2025\/09\/A7303496-Forbattrat-BR-e1758127794339.jpg?fit=3747%2C2260&ssl=1","contentUrl":"https:\/\/i0.wp.com\/aktialiiga.fi\/miehet\/wp-content\/uploads\/sites\/5\/2025\/09\/A7303496-Forbattrat-BR-e1758127794339.jpg?fit=3747%2C2260&ssl=1","width":3747,"height":2260},{"@type":"BreadcrumbList","@id":"https:\/\/aktialiiga.fi\/miehet\/2025-2026\/ottelut\/bk-46-ei-antanut-mahdollisuuksia-eiflle\/#breadcrumb","itemListElement":[{"@type":"ListItem","position":1,"name":"Etusivu","item":"https:\/\/aktialiiga.fi\/miehet\/"},{"@type":"ListItem","position":2,"name":"BK-46 ei antanut mahdollisuuksia EIF:lle"}]},{"@type":"WebSite","@id":"https:\/\/aktialiiga.fi\/miehet\/#website","url":"https:\/\/aktialiiga.fi\/miehet\/","name":"K\u00e4sipallon miesten Aktialiiga","description":"Valtakunnan vauhdikkainta palloilua!","publisher":{"@id":"https:\/\/aktialiiga.fi\/miehet\/#organization"},"potentialAction":[{"@type":"SearchAction","target":{"@type":"EntryPoint","urlTemplate":"https:\/\/aktialiiga.fi\/miehet\/?s={search_term_string}"},"query-input":{"@type":"PropertyValueSpecification","valueRequired":true,"valueName":"search_term_string"}}],"inLanguage":"fi"},{"@type":"Organization","@id":"https:\/\/aktialiiga.fi\/miehet\/#organization","name":"K\u00e4sipallon miesten Aktialiiga","url":"https:\/\/aktialiiga.fi\/miehet\/","logo":{"@type":"ImageObject","inLanguage":"fi","@id":"https:\/\/aktialiiga.fi\/miehet\/#\/schema\/logo\/image\/","url":"https:\/\/i0.wp.com\/aktialiiga.fi\/miehet\/wp-content\/uploads\/sites\/5\/2024\/09\/Aktialiiga-Yoast-512.png?fit=512%2C512&ssl=1","contentUrl":"https:\/\/i0.wp.com\/aktialiiga.fi\/miehet\/wp-content\/uploads\/sites\/5\/2024\/09\/Aktialiiga-Yoast-512.png?fit=512%2C512&ssl=1","width":512,"height":512,"caption":"K\u00e4sipallon miesten Aktialiiga"},"image":{"@id":"https:\/\/aktialiiga.fi\/miehet\/#\/schema\/logo\/image\/"},"sameAs":["https:\/\/www.facebook.com\/finnhandball","https:\/\/x.com\/finnhandball","https:\/\/www.instagram.com\/handballfinland\/"]},{"@type":"Person","@id":"https:\/\/aktialiiga.fi\/miehet\/#\/schema\/person\/c14bf42f47041db74603c45afcb18d87","name":"tbrmedia","image":{"@type":"ImageObject","inLanguage":"fi","@id":"https:\/\/secure.gravatar.com\/avatar\/ee975fa091fe581d12b60debb3439022686618368a7c142044c56724d4666b16?s=96&d=mm&r=g","url":"https:\/\/secure.gravatar.com\/avatar\/ee975fa091fe581d12b60debb3439022686618368a7c142044c56724d4666b16?s=96&d=mm&r=g","contentUrl":"https:\/\/secure.gravatar.com\/avatar\/ee975fa091fe581d12b60debb3439022686618368a7c142044c56724d4666b16?s=96&d=mm&r=g","caption":"tbrmedia"}}]}},"jetpack_featured_media_url":"https:\/\/i0.wp.com\/aktialiiga.fi\/miehet\/wp-content\/uploads\/sites\/5\/2025\/09\/A7303496-Forbattrat-BR-e1758127794339.jpg?fit=3747%2C2260&ssl=1","jetpack_sharing_enabled":true,"jetpack_shortlink":"https:\/\/wp.me\/pfTxOr-hKN","_links":{"self":[{"href":"https:\/\/aktialiiga.fi\/miehet\/wp-json\/wp\/v2\/posts\/68249","targetHints":{"allow":["GET"]}}],"collection":[{"href":"https:\/\/aktialiiga.fi\/miehet\/wp-json\/wp\/v2\/posts"}],"about":[{"href":"https:\/\/aktialiiga.fi\/miehet\/wp-json\/wp\/v2\/types\/post"}],"author":[{"embeddable":true,"href":"https:\/\/aktialiiga.fi\/miehet\/wp-json\/wp\/v2\/users\/13"}],"replies":[{"embeddable":true,"href":"https:\/\/aktialiiga.fi\/miehet\/wp-json\/wp\/v2\/comments?post=68249"}],"version-history":[{"count":4,"href":"https:\/\/aktialiiga.fi\/miehet\/wp-json\/wp\/v2\/posts\/68249\/revisions"}],"predecessor-version":[{"id":68264,"href":"https:\/\/aktialiiga.fi\/miehet\/wp-json\/wp\/v2\/posts\/68249\/revisions\/68264"}],"wp:featuredmedia":[{"embeddable":true,"href":"https:\/\/aktialiiga.fi\/miehet\/wp-json\/wp\/v2\/media\/65995"}],"wp:attachment":[{"href":"https:\/\/aktialiiga.fi\/miehet\/wp-json\/wp\/v2\/media?parent=68249"}],"wp:term":[{"taxonomy":"category","embeddable":true,"href":"https:\/\/aktialiiga.fi\/miehet\/wp-json\/wp\/v2\/categories?post=68249"},{"taxonomy":"post_tag","embeddable":true,"href":"https:\/\/aktialiiga.fi\/miehet\/wp-json\/wp\/v2\/tags?post=68249"}],"curies":[{"name":"wp","href":"https:\/\/api.w.org\/{rel}","templated":true}]}}