{"id":68254,"date":"2025-12-05T20:49:56","date_gmt":"2025-12-05T18:49:56","guid":{"rendered":"https:\/\/aktialiiga.fi\/miehet\/?p=68254"},"modified":"2025-12-05T22:04:16","modified_gmt":"2025-12-05T20:04:16","slug":"aifklle-kauden-ensimmainen-taysi-pistepotti","status":"publish","type":"post","link":"https:\/\/aktialiiga.fi\/miehet\/2025-2026\/ottelut\/aifklle-kauden-ensimmainen-taysi-pistepotti\/","title":{"rendered":"\u00c4IFK:lle kauden ensimm\u00e4inen t\u00e4ysi pistepotti"},"content":{"rendered":"<p>\u00c5IFK avasi kauden voittotilins\u00e4 kaatamalla vahvan esityksen j\u00e4lkeen SIF:n kotonaan perjantaina.<\/p>\n<p>\u00c5IFK otti aloitteen k\u00e4siins\u00e4 alusta saakka ja johti ottelua l\u00e4pi avausjakson. Ero kasvoi, vaikka SIF p\u00e4\u00e4si v\u00e4lill\u00e4 hiukan kaventamaan ja taukoa Turussa vietettiin kotijoukkueen selke\u00e4ss\u00e4 kahdeksan maalin johdossa.<\/p>\n<p>Toisella jaksolla isompaa muutosta ei tapahtunut. \u00c5IFK k\u00e4vi jo kymmenen maalin johdossa ja vaikka SIF puristi viel\u00e4 viiden maalin p\u00e4\u00e4h\u00e4n, l\u00e4hemm\u00e4s vieraat eiv\u00e4t p\u00e4\u00e4sseet ja \u00c5IFK eteni lopulta varmaan voittoon.<\/p>\n<p><!--StartFragment --><\/p>\n<p><span class=\"cf0\">\u00c5IFK-valmennuksesta Kristian Jansson oli kaikin puolin tyytyv\u00e4inen joukkueen esitykseen.<\/span><\/p>\n<p><span class=\"cf0\">&#8211; Ehjin ottelu t\u00e4h\u00e4n kauteen, pysyttiin taktiikassa suurimman osa pelist\u00e4. T\u00e4rke\u00e4 voitto!<\/span><\/p>\n<p><span class=\"cf0\">SIF:n p\u00e4\u00e4valmentaja <\/span><span class=\"cf0\">Gintaras<\/span> <span class=\"cf0\">Savukynas<\/span><span class=\"cf0\"> j\u00e4i manailemaan huono l\u00e4ht\u00f6\u00e4 otteluun.<\/span><\/p>\n<p><span class=\"cf0\">&#8211; Aloitettiin ensimm\u00e4inen puoliaika todella huonosti ja vastustaja sai mahdollisuuden ottaa johdon. Yritimme p\u00e4\u00e4st\u00e4 pelist\u00e4 kiinni toisella jaksolla. mutta meill\u00e4 oli huono energia eik\u00e4 pystytty siihen. <\/span><span class=\"cf0\">Savukynas<\/span><span class=\"cf0\"> kertasi ottelua.<\/span><\/p>\n<p><span class=\"cf0\">Ottelun parhaan pelaajan tittelin korjasi nimiins\u00e4 <\/span><span class=\"cf0\">\u00c5IFK:n<\/span><span class=\"cf0\"> Aaron Kronberg.<\/span><\/p>\n<p><span class=\"cf0\">&#8211; Olimme mukana alusta asti, olimme latautuneita alusta asti. Helmi ottaa ensimm\u00e4inen voitto!!<\/span><\/p>\n<p><!--EndFragment --><\/p>\n","protected":false},"excerpt":{"rendered":"<p>\u00c5IFK avasi kauden voittotilins\u00e4 kaatamalla vahvan esityksen j\u00e4lkeen SIF:n kotonaan perjantaina. \u00c5IFK otti aloitteen k\u00e4siins\u00e4 alusta saakka ja johti ottelua l\u00e4pi avausjakson. Ero kasvoi, vaikka SIF p\u00e4\u00e4si v\u00e4lill\u00e4 hiukan kaventamaan ja taukoa Turussa vietettiin kotijoukkueen selke\u00e4ss\u00e4 kahdeksan maalin johdossa. Toisella jaksolla isompaa muutosta ei tapahtunut. \u00c5IFK k\u00e4vi jo kymmenen maalin johdossa ja vaikka SIF puristi [&hellip;]<\/p>\n","protected":false},"author":13,"featured_media":22733,"comment_status":"closed","ping_status":"closed","sticky":false,"template":"","format":"standard","meta":{"_acf_changed":false,"jetpack_post_was_ever_published":false,"_jetpack_newsletter_access":"","_jetpack_dont_email_post_to_subs":false,"_jetpack_newsletter_tier_id":0,"_jetpack_memberships_contains_paywalled_content":false,"_jetpack_memberships_contains_paid_content":false,"footnotes":""},"categories":[361],"tags":[50,111],"class_list":["post-68254","post","type-post","status-publish","format-standard","has-post-thumbnail","hentry","category-ottelut","tag-aifk","tag-sif"],"acf":[],"yoast_head":"<!-- This site is optimized with the Yoast SEO plugin v27.5 - https:\/\/yoast.com\/product\/yoast-seo-wordpress\/ -->\n<title>\u00c4IFK:lle kauden ensimm\u00e4inen t\u00e4ysi pistepotti | K\u00e4sipallon miesten Aktialiiga<\/title>\n<meta name=\"robots\" content=\"index, follow, max-snippet:-1, max-image-preview:large, max-video-preview:-1\" \/>\n<link rel=\"canonical\" href=\"https:\/\/aktialiiga.fi\/miehet\/2025-2026\/ottelut\/aifklle-kauden-ensimmainen-taysi-pistepotti\/\" \/>\n<meta property=\"og:locale\" content=\"fi_FI\" \/>\n<meta property=\"og:type\" content=\"article\" \/>\n<meta property=\"og:title\" content=\"\u00c4IFK:lle kauden ensimm\u00e4inen t\u00e4ysi pistepotti | K\u00e4sipallon miesten Aktialiiga\" \/>\n<meta property=\"og:description\" content=\"\u00c5IFK avasi kauden voittotilins\u00e4 kaatamalla vahvan esityksen j\u00e4lkeen SIF:n kotonaan perjantaina. \u00c5IFK otti aloitteen k\u00e4siins\u00e4 alusta saakka ja johti ottelua l\u00e4pi avausjakson. Ero kasvoi, vaikka SIF p\u00e4\u00e4si v\u00e4lill\u00e4 hiukan kaventamaan ja taukoa Turussa vietettiin kotijoukkueen selke\u00e4ss\u00e4 kahdeksan maalin johdossa. Toisella jaksolla isompaa muutosta ei tapahtunut. \u00c5IFK k\u00e4vi jo kymmenen maalin johdossa ja vaikka SIF puristi [&hellip;]\" \/>\n<meta property=\"og:url\" content=\"https:\/\/aktialiiga.fi\/miehet\/2025-2026\/ottelut\/aifklle-kauden-ensimmainen-taysi-pistepotti\/\" \/>\n<meta property=\"og:site_name\" content=\"K\u00e4sipallon miesten Aktialiiga\" \/>\n<meta property=\"article:publisher\" content=\"https:\/\/www.facebook.com\/finnhandball\" \/>\n<meta property=\"article:published_time\" content=\"2025-12-05T18:49:56+00:00\" \/>\n<meta property=\"article:modified_time\" content=\"2025-12-05T20:04:16+00:00\" \/>\n<meta property=\"og:image\" content=\"https:\/\/aktialiiga.fi\/miehet\/wp-content\/uploads\/sites\/5\/2024\/09\/459947780_10160388349540998_6864302479652879620_n.jpg\" \/>\n\t<meta property=\"og:image:width\" content=\"2000\" \/>\n\t<meta property=\"og:image:height\" content=\"1600\" \/>\n\t<meta property=\"og:image:type\" content=\"image\/jpeg\" \/>\n<meta name=\"author\" content=\"tbrmedia\" \/>\n<meta name=\"twitter:card\" content=\"summary_large_image\" \/>\n<meta name=\"twitter:creator\" content=\"@finnhandball\" \/>\n<meta name=\"twitter:site\" content=\"@finnhandball\" \/>\n<script type=\"application\/ld+json\" class=\"yoast-schema-graph\">{\"@context\":\"https:\\\/\\\/schema.org\",\"@graph\":[{\"@type\":\"Article\",\"@id\":\"https:\\\/\\\/aktialiiga.fi\\\/miehet\\\/2025-2026\\\/ottelut\\\/aifklle-kauden-ensimmainen-taysi-pistepotti\\\/#article\",\"isPartOf\":{\"@id\":\"https:\\\/\\\/aktialiiga.fi\\\/miehet\\\/2025-2026\\\/ottelut\\\/aifklle-kauden-ensimmainen-taysi-pistepotti\\\/\"},\"author\":{\"name\":\"tbrmedia\",\"@id\":\"https:\\\/\\\/aktialiiga.fi\\\/miehet\\\/#\\\/schema\\\/person\\\/c14bf42f47041db74603c45afcb18d87\"},\"headline\":\"\u00c4IFK:lle kauden ensimm\u00e4inen t\u00e4ysi pistepotti\",\"datePublished\":\"2025-12-05T18:49:56+00:00\",\"dateModified\":\"2025-12-05T20:04:16+00:00\",\"mainEntityOfPage\":{\"@id\":\"https:\\\/\\\/aktialiiga.fi\\\/miehet\\\/2025-2026\\\/ottelut\\\/aifklle-kauden-ensimmainen-taysi-pistepotti\\\/\"},\"wordCount\":184,\"publisher\":{\"@id\":\"https:\\\/\\\/aktialiiga.fi\\\/miehet\\\/#organization\"},\"image\":{\"@id\":\"https:\\\/\\\/aktialiiga.fi\\\/miehet\\\/2025-2026\\\/ottelut\\\/aifklle-kauden-ensimmainen-taysi-pistepotti\\\/#primaryimage\"},\"thumbnailUrl\":\"https:\\\/\\\/i0.wp.com\\\/aktialiiga.fi\\\/miehet\\\/wp-content\\\/uploads\\\/sites\\\/5\\\/2024\\\/09\\\/459947780_10160388349540998_6864302479652879620_n.jpg?fit=2000%2C1600&ssl=1\",\"keywords\":[\"\u00c5IFK\",\"SIF\"],\"articleSection\":[\"Ottelut 2025-26\"],\"inLanguage\":\"fi\"},{\"@type\":\"WebPage\",\"@id\":\"https:\\\/\\\/aktialiiga.fi\\\/miehet\\\/2025-2026\\\/ottelut\\\/aifklle-kauden-ensimmainen-taysi-pistepotti\\\/\",\"url\":\"https:\\\/\\\/aktialiiga.fi\\\/miehet\\\/2025-2026\\\/ottelut\\\/aifklle-kauden-ensimmainen-taysi-pistepotti\\\/\",\"name\":\"\u00c4IFK:lle kauden ensimm\u00e4inen t\u00e4ysi pistepotti | K\u00e4sipallon miesten Aktialiiga\",\"isPartOf\":{\"@id\":\"https:\\\/\\\/aktialiiga.fi\\\/miehet\\\/#website\"},\"primaryImageOfPage\":{\"@id\":\"https:\\\/\\\/aktialiiga.fi\\\/miehet\\\/2025-2026\\\/ottelut\\\/aifklle-kauden-ensimmainen-taysi-pistepotti\\\/#primaryimage\"},\"image\":{\"@id\":\"https:\\\/\\\/aktialiiga.fi\\\/miehet\\\/2025-2026\\\/ottelut\\\/aifklle-kauden-ensimmainen-taysi-pistepotti\\\/#primaryimage\"},\"thumbnailUrl\":\"https:\\\/\\\/i0.wp.com\\\/aktialiiga.fi\\\/miehet\\\/wp-content\\\/uploads\\\/sites\\\/5\\\/2024\\\/09\\\/459947780_10160388349540998_6864302479652879620_n.jpg?fit=2000%2C1600&ssl=1\",\"datePublished\":\"2025-12-05T18:49:56+00:00\",\"dateModified\":\"2025-12-05T20:04:16+00:00\",\"breadcrumb\":{\"@id\":\"https:\\\/\\\/aktialiiga.fi\\\/miehet\\\/2025-2026\\\/ottelut\\\/aifklle-kauden-ensimmainen-taysi-pistepotti\\\/#breadcrumb\"},\"inLanguage\":\"fi\",\"potentialAction\":[{\"@type\":\"ReadAction\",\"target\":[\"https:\\\/\\\/aktialiiga.fi\\\/miehet\\\/2025-2026\\\/ottelut\\\/aifklle-kauden-ensimmainen-taysi-pistepotti\\\/\"]}]},{\"@type\":\"ImageObject\",\"inLanguage\":\"fi\",\"@id\":\"https:\\\/\\\/aktialiiga.fi\\\/miehet\\\/2025-2026\\\/ottelut\\\/aifklle-kauden-ensimmainen-taysi-pistepotti\\\/#primaryimage\",\"url\":\"https:\\\/\\\/i0.wp.com\\\/aktialiiga.fi\\\/miehet\\\/wp-content\\\/uploads\\\/sites\\\/5\\\/2024\\\/09\\\/459947780_10160388349540998_6864302479652879620_n.jpg?fit=2000%2C1600&ssl=1\",\"contentUrl\":\"https:\\\/\\\/i0.wp.com\\\/aktialiiga.fi\\\/miehet\\\/wp-content\\\/uploads\\\/sites\\\/5\\\/2024\\\/09\\\/459947780_10160388349540998_6864302479652879620_n.jpg?fit=2000%2C1600&ssl=1\",\"width\":2000,\"height\":1600},{\"@type\":\"BreadcrumbList\",\"@id\":\"https:\\\/\\\/aktialiiga.fi\\\/miehet\\\/2025-2026\\\/ottelut\\\/aifklle-kauden-ensimmainen-taysi-pistepotti\\\/#breadcrumb\",\"itemListElement\":[{\"@type\":\"ListItem\",\"position\":1,\"name\":\"Etusivu\",\"item\":\"https:\\\/\\\/aktialiiga.fi\\\/miehet\\\/\"},{\"@type\":\"ListItem\",\"position\":2,\"name\":\"\u00c4IFK:lle kauden ensimm\u00e4inen t\u00e4ysi pistepotti\"}]},{\"@type\":\"WebSite\",\"@id\":\"https:\\\/\\\/aktialiiga.fi\\\/miehet\\\/#website\",\"url\":\"https:\\\/\\\/aktialiiga.fi\\\/miehet\\\/\",\"name\":\"K\u00e4sipallon miesten Aktialiiga\",\"description\":\"Valtakunnan vauhdikkainta palloilua!\",\"publisher\":{\"@id\":\"https:\\\/\\\/aktialiiga.fi\\\/miehet\\\/#organization\"},\"potentialAction\":[{\"@type\":\"SearchAction\",\"target\":{\"@type\":\"EntryPoint\",\"urlTemplate\":\"https:\\\/\\\/aktialiiga.fi\\\/miehet\\\/?s={search_term_string}\"},\"query-input\":{\"@type\":\"PropertyValueSpecification\",\"valueRequired\":true,\"valueName\":\"search_term_string\"}}],\"inLanguage\":\"fi\"},{\"@type\":\"Organization\",\"@id\":\"https:\\\/\\\/aktialiiga.fi\\\/miehet\\\/#organization\",\"name\":\"K\u00e4sipallon miesten Aktialiiga\",\"url\":\"https:\\\/\\\/aktialiiga.fi\\\/miehet\\\/\",\"logo\":{\"@type\":\"ImageObject\",\"inLanguage\":\"fi\",\"@id\":\"https:\\\/\\\/aktialiiga.fi\\\/miehet\\\/#\\\/schema\\\/logo\\\/image\\\/\",\"url\":\"https:\\\/\\\/i0.wp.com\\\/aktialiiga.fi\\\/miehet\\\/wp-content\\\/uploads\\\/sites\\\/5\\\/2024\\\/09\\\/Aktialiiga-Yoast-512.png?fit=512%2C512&ssl=1\",\"contentUrl\":\"https:\\\/\\\/i0.wp.com\\\/aktialiiga.fi\\\/miehet\\\/wp-content\\\/uploads\\\/sites\\\/5\\\/2024\\\/09\\\/Aktialiiga-Yoast-512.png?fit=512%2C512&ssl=1\",\"width\":512,\"height\":512,\"caption\":\"K\u00e4sipallon miesten Aktialiiga\"},\"image\":{\"@id\":\"https:\\\/\\\/aktialiiga.fi\\\/miehet\\\/#\\\/schema\\\/logo\\\/image\\\/\"},\"sameAs\":[\"https:\\\/\\\/www.facebook.com\\\/finnhandball\",\"https:\\\/\\\/x.com\\\/finnhandball\",\"https:\\\/\\\/www.instagram.com\\\/handballfinland\\\/\"]},{\"@type\":\"Person\",\"@id\":\"https:\\\/\\\/aktialiiga.fi\\\/miehet\\\/#\\\/schema\\\/person\\\/c14bf42f47041db74603c45afcb18d87\",\"name\":\"tbrmedia\",\"image\":{\"@type\":\"ImageObject\",\"inLanguage\":\"fi\",\"@id\":\"https:\\\/\\\/secure.gravatar.com\\\/avatar\\\/ee975fa091fe581d12b60debb3439022686618368a7c142044c56724d4666b16?s=96&d=mm&r=g\",\"url\":\"https:\\\/\\\/secure.gravatar.com\\\/avatar\\\/ee975fa091fe581d12b60debb3439022686618368a7c142044c56724d4666b16?s=96&d=mm&r=g\",\"contentUrl\":\"https:\\\/\\\/secure.gravatar.com\\\/avatar\\\/ee975fa091fe581d12b60debb3439022686618368a7c142044c56724d4666b16?s=96&d=mm&r=g\",\"caption\":\"tbrmedia\"}}]}<\/script>\n<!-- \/ Yoast SEO plugin. -->","yoast_head_json":{"title":"\u00c4IFK:lle kauden ensimm\u00e4inen t\u00e4ysi pistepotti | K\u00e4sipallon miesten Aktialiiga","robots":{"index":"index","follow":"follow","max-snippet":"max-snippet:-1","max-image-preview":"max-image-preview:large","max-video-preview":"max-video-preview:-1"},"canonical":"https:\/\/aktialiiga.fi\/miehet\/2025-2026\/ottelut\/aifklle-kauden-ensimmainen-taysi-pistepotti\/","og_locale":"fi_FI","og_type":"article","og_title":"\u00c4IFK:lle kauden ensimm\u00e4inen t\u00e4ysi pistepotti | K\u00e4sipallon miesten Aktialiiga","og_description":"\u00c5IFK avasi kauden voittotilins\u00e4 kaatamalla vahvan esityksen j\u00e4lkeen SIF:n kotonaan perjantaina. \u00c5IFK otti aloitteen k\u00e4siins\u00e4 alusta saakka ja johti ottelua l\u00e4pi avausjakson. Ero kasvoi, vaikka SIF p\u00e4\u00e4si v\u00e4lill\u00e4 hiukan kaventamaan ja taukoa Turussa vietettiin kotijoukkueen selke\u00e4ss\u00e4 kahdeksan maalin johdossa. Toisella jaksolla isompaa muutosta ei tapahtunut. \u00c5IFK k\u00e4vi jo kymmenen maalin johdossa ja vaikka SIF puristi [&hellip;]","og_url":"https:\/\/aktialiiga.fi\/miehet\/2025-2026\/ottelut\/aifklle-kauden-ensimmainen-taysi-pistepotti\/","og_site_name":"K\u00e4sipallon miesten Aktialiiga","article_publisher":"https:\/\/www.facebook.com\/finnhandball","article_published_time":"2025-12-05T18:49:56+00:00","article_modified_time":"2025-12-05T20:04:16+00:00","og_image":[{"width":2000,"height":1600,"url":"https:\/\/aktialiiga.fi\/miehet\/wp-content\/uploads\/sites\/5\/2024\/09\/459947780_10160388349540998_6864302479652879620_n.jpg","type":"image\/jpeg"}],"author":"tbrmedia","twitter_card":"summary_large_image","twitter_creator":"@finnhandball","twitter_site":"@finnhandball","schema":{"@context":"https:\/\/schema.org","@graph":[{"@type":"Article","@id":"https:\/\/aktialiiga.fi\/miehet\/2025-2026\/ottelut\/aifklle-kauden-ensimmainen-taysi-pistepotti\/#article","isPartOf":{"@id":"https:\/\/aktialiiga.fi\/miehet\/2025-2026\/ottelut\/aifklle-kauden-ensimmainen-taysi-pistepotti\/"},"author":{"name":"tbrmedia","@id":"https:\/\/aktialiiga.fi\/miehet\/#\/schema\/person\/c14bf42f47041db74603c45afcb18d87"},"headline":"\u00c4IFK:lle kauden ensimm\u00e4inen t\u00e4ysi pistepotti","datePublished":"2025-12-05T18:49:56+00:00","dateModified":"2025-12-05T20:04:16+00:00","mainEntityOfPage":{"@id":"https:\/\/aktialiiga.fi\/miehet\/2025-2026\/ottelut\/aifklle-kauden-ensimmainen-taysi-pistepotti\/"},"wordCount":184,"publisher":{"@id":"https:\/\/aktialiiga.fi\/miehet\/#organization"},"image":{"@id":"https:\/\/aktialiiga.fi\/miehet\/2025-2026\/ottelut\/aifklle-kauden-ensimmainen-taysi-pistepotti\/#primaryimage"},"thumbnailUrl":"https:\/\/i0.wp.com\/aktialiiga.fi\/miehet\/wp-content\/uploads\/sites\/5\/2024\/09\/459947780_10160388349540998_6864302479652879620_n.jpg?fit=2000%2C1600&ssl=1","keywords":["\u00c5IFK","SIF"],"articleSection":["Ottelut 2025-26"],"inLanguage":"fi"},{"@type":"WebPage","@id":"https:\/\/aktialiiga.fi\/miehet\/2025-2026\/ottelut\/aifklle-kauden-ensimmainen-taysi-pistepotti\/","url":"https:\/\/aktialiiga.fi\/miehet\/2025-2026\/ottelut\/aifklle-kauden-ensimmainen-taysi-pistepotti\/","name":"\u00c4IFK:lle kauden ensimm\u00e4inen t\u00e4ysi pistepotti | K\u00e4sipallon miesten Aktialiiga","isPartOf":{"@id":"https:\/\/aktialiiga.fi\/miehet\/#website"},"primaryImageOfPage":{"@id":"https:\/\/aktialiiga.fi\/miehet\/2025-2026\/ottelut\/aifklle-kauden-ensimmainen-taysi-pistepotti\/#primaryimage"},"image":{"@id":"https:\/\/aktialiiga.fi\/miehet\/2025-2026\/ottelut\/aifklle-kauden-ensimmainen-taysi-pistepotti\/#primaryimage"},"thumbnailUrl":"https:\/\/i0.wp.com\/aktialiiga.fi\/miehet\/wp-content\/uploads\/sites\/5\/2024\/09\/459947780_10160388349540998_6864302479652879620_n.jpg?fit=2000%2C1600&ssl=1","datePublished":"2025-12-05T18:49:56+00:00","dateModified":"2025-12-05T20:04:16+00:00","breadcrumb":{"@id":"https:\/\/aktialiiga.fi\/miehet\/2025-2026\/ottelut\/aifklle-kauden-ensimmainen-taysi-pistepotti\/#breadcrumb"},"inLanguage":"fi","potentialAction":[{"@type":"ReadAction","target":["https:\/\/aktialiiga.fi\/miehet\/2025-2026\/ottelut\/aifklle-kauden-ensimmainen-taysi-pistepotti\/"]}]},{"@type":"ImageObject","inLanguage":"fi","@id":"https:\/\/aktialiiga.fi\/miehet\/2025-2026\/ottelut\/aifklle-kauden-ensimmainen-taysi-pistepotti\/#primaryimage","url":"https:\/\/i0.wp.com\/aktialiiga.fi\/miehet\/wp-content\/uploads\/sites\/5\/2024\/09\/459947780_10160388349540998_6864302479652879620_n.jpg?fit=2000%2C1600&ssl=1","contentUrl":"https:\/\/i0.wp.com\/aktialiiga.fi\/miehet\/wp-content\/uploads\/sites\/5\/2024\/09\/459947780_10160388349540998_6864302479652879620_n.jpg?fit=2000%2C1600&ssl=1","width":2000,"height":1600},{"@type":"BreadcrumbList","@id":"https:\/\/aktialiiga.fi\/miehet\/2025-2026\/ottelut\/aifklle-kauden-ensimmainen-taysi-pistepotti\/#breadcrumb","itemListElement":[{"@type":"ListItem","position":1,"name":"Etusivu","item":"https:\/\/aktialiiga.fi\/miehet\/"},{"@type":"ListItem","position":2,"name":"\u00c4IFK:lle kauden ensimm\u00e4inen t\u00e4ysi pistepotti"}]},{"@type":"WebSite","@id":"https:\/\/aktialiiga.fi\/miehet\/#website","url":"https:\/\/aktialiiga.fi\/miehet\/","name":"K\u00e4sipallon miesten Aktialiiga","description":"Valtakunnan vauhdikkainta palloilua!","publisher":{"@id":"https:\/\/aktialiiga.fi\/miehet\/#organization"},"potentialAction":[{"@type":"SearchAction","target":{"@type":"EntryPoint","urlTemplate":"https:\/\/aktialiiga.fi\/miehet\/?s={search_term_string}"},"query-input":{"@type":"PropertyValueSpecification","valueRequired":true,"valueName":"search_term_string"}}],"inLanguage":"fi"},{"@type":"Organization","@id":"https:\/\/aktialiiga.fi\/miehet\/#organization","name":"K\u00e4sipallon miesten Aktialiiga","url":"https:\/\/aktialiiga.fi\/miehet\/","logo":{"@type":"ImageObject","inLanguage":"fi","@id":"https:\/\/aktialiiga.fi\/miehet\/#\/schema\/logo\/image\/","url":"https:\/\/i0.wp.com\/aktialiiga.fi\/miehet\/wp-content\/uploads\/sites\/5\/2024\/09\/Aktialiiga-Yoast-512.png?fit=512%2C512&ssl=1","contentUrl":"https:\/\/i0.wp.com\/aktialiiga.fi\/miehet\/wp-content\/uploads\/sites\/5\/2024\/09\/Aktialiiga-Yoast-512.png?fit=512%2C512&ssl=1","width":512,"height":512,"caption":"K\u00e4sipallon miesten Aktialiiga"},"image":{"@id":"https:\/\/aktialiiga.fi\/miehet\/#\/schema\/logo\/image\/"},"sameAs":["https:\/\/www.facebook.com\/finnhandball","https:\/\/x.com\/finnhandball","https:\/\/www.instagram.com\/handballfinland\/"]},{"@type":"Person","@id":"https:\/\/aktialiiga.fi\/miehet\/#\/schema\/person\/c14bf42f47041db74603c45afcb18d87","name":"tbrmedia","image":{"@type":"ImageObject","inLanguage":"fi","@id":"https:\/\/secure.gravatar.com\/avatar\/ee975fa091fe581d12b60debb3439022686618368a7c142044c56724d4666b16?s=96&d=mm&r=g","url":"https:\/\/secure.gravatar.com\/avatar\/ee975fa091fe581d12b60debb3439022686618368a7c142044c56724d4666b16?s=96&d=mm&r=g","contentUrl":"https:\/\/secure.gravatar.com\/avatar\/ee975fa091fe581d12b60debb3439022686618368a7c142044c56724d4666b16?s=96&d=mm&r=g","caption":"tbrmedia"}}]}},"jetpack_featured_media_url":"https:\/\/i0.wp.com\/aktialiiga.fi\/miehet\/wp-content\/uploads\/sites\/5\/2024\/09\/459947780_10160388349540998_6864302479652879620_n.jpg?fit=2000%2C1600&ssl=1","jetpack_sharing_enabled":true,"jetpack_shortlink":"https:\/\/wp.me\/pfTxOr-hKS","_links":{"self":[{"href":"https:\/\/aktialiiga.fi\/miehet\/wp-json\/wp\/v2\/posts\/68254","targetHints":{"allow":["GET"]}}],"collection":[{"href":"https:\/\/aktialiiga.fi\/miehet\/wp-json\/wp\/v2\/posts"}],"about":[{"href":"https:\/\/aktialiiga.fi\/miehet\/wp-json\/wp\/v2\/types\/post"}],"author":[{"embeddable":true,"href":"https:\/\/aktialiiga.fi\/miehet\/wp-json\/wp\/v2\/users\/13"}],"replies":[{"embeddable":true,"href":"https:\/\/aktialiiga.fi\/miehet\/wp-json\/wp\/v2\/comments?post=68254"}],"version-history":[{"count":4,"href":"https:\/\/aktialiiga.fi\/miehet\/wp-json\/wp\/v2\/posts\/68254\/revisions"}],"predecessor-version":[{"id":68268,"href":"https:\/\/aktialiiga.fi\/miehet\/wp-json\/wp\/v2\/posts\/68254\/revisions\/68268"}],"wp:featuredmedia":[{"embeddable":true,"href":"https:\/\/aktialiiga.fi\/miehet\/wp-json\/wp\/v2\/media\/22733"}],"wp:attachment":[{"href":"https:\/\/aktialiiga.fi\/miehet\/wp-json\/wp\/v2\/media?parent=68254"}],"wp:term":[{"taxonomy":"category","embeddable":true,"href":"https:\/\/aktialiiga.fi\/miehet\/wp-json\/wp\/v2\/categories?post=68254"},{"taxonomy":"post_tag","embeddable":true,"href":"https:\/\/aktialiiga.fi\/miehet\/wp-json\/wp\/v2\/tags?post=68254"}],"curies":[{"name":"wp","href":"https:\/\/api.w.org\/{rel}","templated":true}]}}