{"id":68276,"date":"2025-12-08T14:46:21","date_gmt":"2025-12-08T12:46:21","guid":{"rendered":"https:\/\/aktialiiga.fi\/miehet\/?p=68276"},"modified":"2025-12-08T14:46:52","modified_gmt":"2025-12-08T12:46:52","slug":"viikko-kayntiin-jo-tiistaina-siuntiossa","status":"publish","type":"post","link":"https:\/\/aktialiiga.fi\/miehet\/2025-2026\/ennakot\/viikko-kayntiin-jo-tiistaina-siuntiossa\/","title":{"rendered":"Viikko k\u00e4yntiin jo tiistaina Siuntiossa"},"content":{"rendered":"<p><!--StartFragment --><\/p>\n<p><span class=\"cf0\">Aktialiigan<\/span><span class=\"cf0\"> otteluviikko k\u00e4ynnistyy jo tiistai-iltana, kun SIF saa vieraakseen <\/span><span class=\"cf0\">Downing<\/span> <span class=\"cf0\">Arenalle<\/span> <span class=\"cf0\">Cocksin<\/span><span class=\"cf0\">.<\/span><\/p>\n<p><span class=\"cf0\">SIF:lla<\/span><span class=\"cf0\"> on alla tappio <\/span><span class=\"cf0\">\u00c5IFK:n<\/span><span class=\"cf0\"> vieraana ja joukkueen otteisiin ovat vaikuttaneet runsaat poissaolot. Turussa sivussa olivat Niki Tuominen ja <\/span><span class=\"cf0\">Dmytro<\/span> <span class=\"cf0\">Turchenko<\/span><span class=\"cf0\">. Gustav Svanb\u00e4ck ja Sebastian Leino eiv\u00e4t puolestaan olleet pystyneet viikolla harjoittelemaan t\u00e4ydell\u00e4 teholla, vaikka pelasivatkin.<\/span><\/p>\n<p><span class=\"cf0\">&#8211; En hae selityksi\u00e4, mutta n\u00e4m\u00e4 asiat vaikuttivat meihin ennen [Turun] ottelua, SIF:n p\u00e4\u00e4valmentaja <\/span><span class=\"cf0\">Gintaras<\/span> <span class=\"cf0\">Savukynas<\/span><span class=\"cf0\"> totesi V\u00e4stra <\/span><span class=\"cf0\">Nylandille<\/span><span class=\"cf0\">.<\/span><\/p>\n<p><span class=\"cf0\">Cocks<\/span><span class=\"cf0\"> sen sijaan on saamassa rivej\u00e4\u00e4n toden teolla ojennukseen. Riihim\u00e4kel\u00e4iset nousivat perjantaina jo kolmanneksi sarjataulukossa kaadettuaan edell\u00e4\u00e4n olleen <\/span><span class=\"cf0\">GrIFK:n<\/span><span class=\"cf0\"> suorastaan murskaavasti.<\/span><\/p>\n<p><span class=\"cf0\">Ottelu Siuntiossa alkaa tiistaina 9.12. kello 19.30.<\/span><\/p>\n<p><!--EndFragment --><\/p>\n<p>Aktialiigan kauden kaikki ottelut suorina l\u00e4hetyksin\u00e4 <strong><a href=\"https:\/\/aktialiiga.fi\/handistv\/\">HandisTV:ss\u00e4<\/a><\/strong>.<\/p>\n","protected":false},"excerpt":{"rendered":"<p>Aktialiigan otteluviikko k\u00e4ynnistyy jo tiistai-iltana, kun SIF saa vieraakseen Downing Arenalle Cocksin. SIF:lla on alla tappio \u00c5IFK:n vieraana ja joukkueen otteisiin ovat vaikuttaneet runsaat poissaolot. Turussa sivussa olivat Niki Tuominen ja Dmytro Turchenko. Gustav Svanb\u00e4ck ja Sebastian Leino eiv\u00e4t puolestaan olleet pystyneet viikolla harjoittelemaan t\u00e4ydell\u00e4 teholla, vaikka pelasivatkin. &#8211; En hae selityksi\u00e4, mutta n\u00e4m\u00e4 asiat [&hellip;]<\/p>\n","protected":false},"author":13,"featured_media":66960,"comment_status":"closed","ping_status":"closed","sticky":false,"template":"","format":"standard","meta":{"_acf_changed":false,"jetpack_post_was_ever_published":false,"_jetpack_newsletter_access":"","_jetpack_dont_email_post_to_subs":false,"_jetpack_newsletter_tier_id":0,"_jetpack_memberships_contains_paywalled_content":false,"_jetpack_memberships_contains_paid_content":false,"footnotes":""},"categories":[358],"tags":[57,111],"class_list":["post-68276","post","type-post","status-publish","format-standard","has-post-thumbnail","hentry","category-ennakot","tag-cocks","tag-sif"],"acf":[],"yoast_head":"<!-- This site is optimized with the Yoast SEO plugin v27.5 - https:\/\/yoast.com\/product\/yoast-seo-wordpress\/ -->\n<title>Viikko k\u00e4yntiin jo tiistaina Siuntiossa | K\u00e4sipallon miesten Aktialiiga<\/title>\n<meta name=\"robots\" content=\"index, follow, max-snippet:-1, max-image-preview:large, max-video-preview:-1\" \/>\n<link rel=\"canonical\" href=\"https:\/\/aktialiiga.fi\/miehet\/2025-2026\/ennakot\/viikko-kayntiin-jo-tiistaina-siuntiossa\/\" \/>\n<meta property=\"og:locale\" content=\"fi_FI\" \/>\n<meta property=\"og:type\" content=\"article\" \/>\n<meta property=\"og:title\" content=\"Viikko k\u00e4yntiin jo tiistaina Siuntiossa | K\u00e4sipallon miesten Aktialiiga\" \/>\n<meta property=\"og:description\" content=\"Aktialiigan otteluviikko k\u00e4ynnistyy jo tiistai-iltana, kun SIF saa vieraakseen Downing Arenalle Cocksin. SIF:lla on alla tappio \u00c5IFK:n vieraana ja joukkueen otteisiin ovat vaikuttaneet runsaat poissaolot. Turussa sivussa olivat Niki Tuominen ja Dmytro Turchenko. Gustav Svanb\u00e4ck ja Sebastian Leino eiv\u00e4t puolestaan olleet pystyneet viikolla harjoittelemaan t\u00e4ydell\u00e4 teholla, vaikka pelasivatkin. &#8211; En hae selityksi\u00e4, mutta n\u00e4m\u00e4 asiat [&hellip;]\" \/>\n<meta property=\"og:url\" content=\"https:\/\/aktialiiga.fi\/miehet\/2025-2026\/ennakot\/viikko-kayntiin-jo-tiistaina-siuntiossa\/\" \/>\n<meta property=\"og:site_name\" content=\"K\u00e4sipallon miesten Aktialiiga\" \/>\n<meta property=\"article:publisher\" content=\"https:\/\/www.facebook.com\/finnhandball\" \/>\n<meta property=\"article:published_time\" content=\"2025-12-08T12:46:21+00:00\" \/>\n<meta property=\"article:modified_time\" content=\"2025-12-08T12:46:52+00:00\" \/>\n<meta property=\"og:image\" content=\"https:\/\/aktialiiga.fi\/miehet\/wp-content\/uploads\/sites\/5\/2025\/10\/A7302179-e1761649836699-1030x665.jpg\" \/>\n\t<meta property=\"og:image:width\" content=\"1030\" \/>\n\t<meta property=\"og:image:height\" content=\"665\" \/>\n\t<meta property=\"og:image:type\" content=\"image\/jpeg\" \/>\n<meta name=\"author\" content=\"tbrmedia\" \/>\n<meta name=\"twitter:card\" content=\"summary_large_image\" \/>\n<meta name=\"twitter:creator\" content=\"@finnhandball\" \/>\n<meta name=\"twitter:site\" content=\"@finnhandball\" \/>\n<script type=\"application\/ld+json\" class=\"yoast-schema-graph\">{\"@context\":\"https:\\\/\\\/schema.org\",\"@graph\":[{\"@type\":\"Article\",\"@id\":\"https:\\\/\\\/aktialiiga.fi\\\/miehet\\\/2025-2026\\\/ennakot\\\/viikko-kayntiin-jo-tiistaina-siuntiossa\\\/#article\",\"isPartOf\":{\"@id\":\"https:\\\/\\\/aktialiiga.fi\\\/miehet\\\/2025-2026\\\/ennakot\\\/viikko-kayntiin-jo-tiistaina-siuntiossa\\\/\"},\"author\":{\"name\":\"tbrmedia\",\"@id\":\"https:\\\/\\\/aktialiiga.fi\\\/miehet\\\/#\\\/schema\\\/person\\\/c14bf42f47041db74603c45afcb18d87\"},\"headline\":\"Viikko k\u00e4yntiin jo tiistaina Siuntiossa\",\"datePublished\":\"2025-12-08T12:46:21+00:00\",\"dateModified\":\"2025-12-08T12:46:52+00:00\",\"mainEntityOfPage\":{\"@id\":\"https:\\\/\\\/aktialiiga.fi\\\/miehet\\\/2025-2026\\\/ennakot\\\/viikko-kayntiin-jo-tiistaina-siuntiossa\\\/\"},\"wordCount\":123,\"publisher\":{\"@id\":\"https:\\\/\\\/aktialiiga.fi\\\/miehet\\\/#organization\"},\"image\":{\"@id\":\"https:\\\/\\\/aktialiiga.fi\\\/miehet\\\/2025-2026\\\/ennakot\\\/viikko-kayntiin-jo-tiistaina-siuntiossa\\\/#primaryimage\"},\"thumbnailUrl\":\"https:\\\/\\\/i0.wp.com\\\/aktialiiga.fi\\\/miehet\\\/wp-content\\\/uploads\\\/sites\\\/5\\\/2025\\\/10\\\/A7302179-e1761649836699.jpg?fit=3745%2C2417&ssl=1\",\"keywords\":[\"Cocks\",\"SIF\"],\"articleSection\":[\"Ennakot\"],\"inLanguage\":\"fi\"},{\"@type\":\"WebPage\",\"@id\":\"https:\\\/\\\/aktialiiga.fi\\\/miehet\\\/2025-2026\\\/ennakot\\\/viikko-kayntiin-jo-tiistaina-siuntiossa\\\/\",\"url\":\"https:\\\/\\\/aktialiiga.fi\\\/miehet\\\/2025-2026\\\/ennakot\\\/viikko-kayntiin-jo-tiistaina-siuntiossa\\\/\",\"name\":\"Viikko k\u00e4yntiin jo tiistaina Siuntiossa | K\u00e4sipallon miesten Aktialiiga\",\"isPartOf\":{\"@id\":\"https:\\\/\\\/aktialiiga.fi\\\/miehet\\\/#website\"},\"primaryImageOfPage\":{\"@id\":\"https:\\\/\\\/aktialiiga.fi\\\/miehet\\\/2025-2026\\\/ennakot\\\/viikko-kayntiin-jo-tiistaina-siuntiossa\\\/#primaryimage\"},\"image\":{\"@id\":\"https:\\\/\\\/aktialiiga.fi\\\/miehet\\\/2025-2026\\\/ennakot\\\/viikko-kayntiin-jo-tiistaina-siuntiossa\\\/#primaryimage\"},\"thumbnailUrl\":\"https:\\\/\\\/i0.wp.com\\\/aktialiiga.fi\\\/miehet\\\/wp-content\\\/uploads\\\/sites\\\/5\\\/2025\\\/10\\\/A7302179-e1761649836699.jpg?fit=3745%2C2417&ssl=1\",\"datePublished\":\"2025-12-08T12:46:21+00:00\",\"dateModified\":\"2025-12-08T12:46:52+00:00\",\"breadcrumb\":{\"@id\":\"https:\\\/\\\/aktialiiga.fi\\\/miehet\\\/2025-2026\\\/ennakot\\\/viikko-kayntiin-jo-tiistaina-siuntiossa\\\/#breadcrumb\"},\"inLanguage\":\"fi\",\"potentialAction\":[{\"@type\":\"ReadAction\",\"target\":[\"https:\\\/\\\/aktialiiga.fi\\\/miehet\\\/2025-2026\\\/ennakot\\\/viikko-kayntiin-jo-tiistaina-siuntiossa\\\/\"]}]},{\"@type\":\"ImageObject\",\"inLanguage\":\"fi\",\"@id\":\"https:\\\/\\\/aktialiiga.fi\\\/miehet\\\/2025-2026\\\/ennakot\\\/viikko-kayntiin-jo-tiistaina-siuntiossa\\\/#primaryimage\",\"url\":\"https:\\\/\\\/i0.wp.com\\\/aktialiiga.fi\\\/miehet\\\/wp-content\\\/uploads\\\/sites\\\/5\\\/2025\\\/10\\\/A7302179-e1761649836699.jpg?fit=3745%2C2417&ssl=1\",\"contentUrl\":\"https:\\\/\\\/i0.wp.com\\\/aktialiiga.fi\\\/miehet\\\/wp-content\\\/uploads\\\/sites\\\/5\\\/2025\\\/10\\\/A7302179-e1761649836699.jpg?fit=3745%2C2417&ssl=1\",\"width\":3745,\"height\":2417},{\"@type\":\"BreadcrumbList\",\"@id\":\"https:\\\/\\\/aktialiiga.fi\\\/miehet\\\/2025-2026\\\/ennakot\\\/viikko-kayntiin-jo-tiistaina-siuntiossa\\\/#breadcrumb\",\"itemListElement\":[{\"@type\":\"ListItem\",\"position\":1,\"name\":\"Etusivu\",\"item\":\"https:\\\/\\\/aktialiiga.fi\\\/miehet\\\/\"},{\"@type\":\"ListItem\",\"position\":2,\"name\":\"Viikko k\u00e4yntiin jo tiistaina Siuntiossa\"}]},{\"@type\":\"WebSite\",\"@id\":\"https:\\\/\\\/aktialiiga.fi\\\/miehet\\\/#website\",\"url\":\"https:\\\/\\\/aktialiiga.fi\\\/miehet\\\/\",\"name\":\"K\u00e4sipallon miesten Aktialiiga\",\"description\":\"Valtakunnan vauhdikkainta palloilua!\",\"publisher\":{\"@id\":\"https:\\\/\\\/aktialiiga.fi\\\/miehet\\\/#organization\"},\"potentialAction\":[{\"@type\":\"SearchAction\",\"target\":{\"@type\":\"EntryPoint\",\"urlTemplate\":\"https:\\\/\\\/aktialiiga.fi\\\/miehet\\\/?s={search_term_string}\"},\"query-input\":{\"@type\":\"PropertyValueSpecification\",\"valueRequired\":true,\"valueName\":\"search_term_string\"}}],\"inLanguage\":\"fi\"},{\"@type\":\"Organization\",\"@id\":\"https:\\\/\\\/aktialiiga.fi\\\/miehet\\\/#organization\",\"name\":\"K\u00e4sipallon miesten Aktialiiga\",\"url\":\"https:\\\/\\\/aktialiiga.fi\\\/miehet\\\/\",\"logo\":{\"@type\":\"ImageObject\",\"inLanguage\":\"fi\",\"@id\":\"https:\\\/\\\/aktialiiga.fi\\\/miehet\\\/#\\\/schema\\\/logo\\\/image\\\/\",\"url\":\"https:\\\/\\\/i0.wp.com\\\/aktialiiga.fi\\\/miehet\\\/wp-content\\\/uploads\\\/sites\\\/5\\\/2024\\\/09\\\/Aktialiiga-Yoast-512.png?fit=512%2C512&ssl=1\",\"contentUrl\":\"https:\\\/\\\/i0.wp.com\\\/aktialiiga.fi\\\/miehet\\\/wp-content\\\/uploads\\\/sites\\\/5\\\/2024\\\/09\\\/Aktialiiga-Yoast-512.png?fit=512%2C512&ssl=1\",\"width\":512,\"height\":512,\"caption\":\"K\u00e4sipallon miesten Aktialiiga\"},\"image\":{\"@id\":\"https:\\\/\\\/aktialiiga.fi\\\/miehet\\\/#\\\/schema\\\/logo\\\/image\\\/\"},\"sameAs\":[\"https:\\\/\\\/www.facebook.com\\\/finnhandball\",\"https:\\\/\\\/x.com\\\/finnhandball\",\"https:\\\/\\\/www.instagram.com\\\/handballfinland\\\/\"]},{\"@type\":\"Person\",\"@id\":\"https:\\\/\\\/aktialiiga.fi\\\/miehet\\\/#\\\/schema\\\/person\\\/c14bf42f47041db74603c45afcb18d87\",\"name\":\"tbrmedia\",\"image\":{\"@type\":\"ImageObject\",\"inLanguage\":\"fi\",\"@id\":\"https:\\\/\\\/secure.gravatar.com\\\/avatar\\\/ee975fa091fe581d12b60debb3439022686618368a7c142044c56724d4666b16?s=96&d=mm&r=g\",\"url\":\"https:\\\/\\\/secure.gravatar.com\\\/avatar\\\/ee975fa091fe581d12b60debb3439022686618368a7c142044c56724d4666b16?s=96&d=mm&r=g\",\"contentUrl\":\"https:\\\/\\\/secure.gravatar.com\\\/avatar\\\/ee975fa091fe581d12b60debb3439022686618368a7c142044c56724d4666b16?s=96&d=mm&r=g\",\"caption\":\"tbrmedia\"}}]}<\/script>\n<!-- \/ Yoast SEO plugin. -->","yoast_head_json":{"title":"Viikko k\u00e4yntiin jo tiistaina Siuntiossa | K\u00e4sipallon miesten Aktialiiga","robots":{"index":"index","follow":"follow","max-snippet":"max-snippet:-1","max-image-preview":"max-image-preview:large","max-video-preview":"max-video-preview:-1"},"canonical":"https:\/\/aktialiiga.fi\/miehet\/2025-2026\/ennakot\/viikko-kayntiin-jo-tiistaina-siuntiossa\/","og_locale":"fi_FI","og_type":"article","og_title":"Viikko k\u00e4yntiin jo tiistaina Siuntiossa | K\u00e4sipallon miesten Aktialiiga","og_description":"Aktialiigan otteluviikko k\u00e4ynnistyy jo tiistai-iltana, kun SIF saa vieraakseen Downing Arenalle Cocksin. SIF:lla on alla tappio \u00c5IFK:n vieraana ja joukkueen otteisiin ovat vaikuttaneet runsaat poissaolot. Turussa sivussa olivat Niki Tuominen ja Dmytro Turchenko. Gustav Svanb\u00e4ck ja Sebastian Leino eiv\u00e4t puolestaan olleet pystyneet viikolla harjoittelemaan t\u00e4ydell\u00e4 teholla, vaikka pelasivatkin. &#8211; En hae selityksi\u00e4, mutta n\u00e4m\u00e4 asiat [&hellip;]","og_url":"https:\/\/aktialiiga.fi\/miehet\/2025-2026\/ennakot\/viikko-kayntiin-jo-tiistaina-siuntiossa\/","og_site_name":"K\u00e4sipallon miesten Aktialiiga","article_publisher":"https:\/\/www.facebook.com\/finnhandball","article_published_time":"2025-12-08T12:46:21+00:00","article_modified_time":"2025-12-08T12:46:52+00:00","og_image":[{"width":1030,"height":665,"url":"https:\/\/aktialiiga.fi\/miehet\/wp-content\/uploads\/sites\/5\/2025\/10\/A7302179-e1761649836699-1030x665.jpg","type":"image\/jpeg"}],"author":"tbrmedia","twitter_card":"summary_large_image","twitter_creator":"@finnhandball","twitter_site":"@finnhandball","schema":{"@context":"https:\/\/schema.org","@graph":[{"@type":"Article","@id":"https:\/\/aktialiiga.fi\/miehet\/2025-2026\/ennakot\/viikko-kayntiin-jo-tiistaina-siuntiossa\/#article","isPartOf":{"@id":"https:\/\/aktialiiga.fi\/miehet\/2025-2026\/ennakot\/viikko-kayntiin-jo-tiistaina-siuntiossa\/"},"author":{"name":"tbrmedia","@id":"https:\/\/aktialiiga.fi\/miehet\/#\/schema\/person\/c14bf42f47041db74603c45afcb18d87"},"headline":"Viikko k\u00e4yntiin jo tiistaina Siuntiossa","datePublished":"2025-12-08T12:46:21+00:00","dateModified":"2025-12-08T12:46:52+00:00","mainEntityOfPage":{"@id":"https:\/\/aktialiiga.fi\/miehet\/2025-2026\/ennakot\/viikko-kayntiin-jo-tiistaina-siuntiossa\/"},"wordCount":123,"publisher":{"@id":"https:\/\/aktialiiga.fi\/miehet\/#organization"},"image":{"@id":"https:\/\/aktialiiga.fi\/miehet\/2025-2026\/ennakot\/viikko-kayntiin-jo-tiistaina-siuntiossa\/#primaryimage"},"thumbnailUrl":"https:\/\/i0.wp.com\/aktialiiga.fi\/miehet\/wp-content\/uploads\/sites\/5\/2025\/10\/A7302179-e1761649836699.jpg?fit=3745%2C2417&ssl=1","keywords":["Cocks","SIF"],"articleSection":["Ennakot"],"inLanguage":"fi"},{"@type":"WebPage","@id":"https:\/\/aktialiiga.fi\/miehet\/2025-2026\/ennakot\/viikko-kayntiin-jo-tiistaina-siuntiossa\/","url":"https:\/\/aktialiiga.fi\/miehet\/2025-2026\/ennakot\/viikko-kayntiin-jo-tiistaina-siuntiossa\/","name":"Viikko k\u00e4yntiin jo tiistaina Siuntiossa | K\u00e4sipallon miesten Aktialiiga","isPartOf":{"@id":"https:\/\/aktialiiga.fi\/miehet\/#website"},"primaryImageOfPage":{"@id":"https:\/\/aktialiiga.fi\/miehet\/2025-2026\/ennakot\/viikko-kayntiin-jo-tiistaina-siuntiossa\/#primaryimage"},"image":{"@id":"https:\/\/aktialiiga.fi\/miehet\/2025-2026\/ennakot\/viikko-kayntiin-jo-tiistaina-siuntiossa\/#primaryimage"},"thumbnailUrl":"https:\/\/i0.wp.com\/aktialiiga.fi\/miehet\/wp-content\/uploads\/sites\/5\/2025\/10\/A7302179-e1761649836699.jpg?fit=3745%2C2417&ssl=1","datePublished":"2025-12-08T12:46:21+00:00","dateModified":"2025-12-08T12:46:52+00:00","breadcrumb":{"@id":"https:\/\/aktialiiga.fi\/miehet\/2025-2026\/ennakot\/viikko-kayntiin-jo-tiistaina-siuntiossa\/#breadcrumb"},"inLanguage":"fi","potentialAction":[{"@type":"ReadAction","target":["https:\/\/aktialiiga.fi\/miehet\/2025-2026\/ennakot\/viikko-kayntiin-jo-tiistaina-siuntiossa\/"]}]},{"@type":"ImageObject","inLanguage":"fi","@id":"https:\/\/aktialiiga.fi\/miehet\/2025-2026\/ennakot\/viikko-kayntiin-jo-tiistaina-siuntiossa\/#primaryimage","url":"https:\/\/i0.wp.com\/aktialiiga.fi\/miehet\/wp-content\/uploads\/sites\/5\/2025\/10\/A7302179-e1761649836699.jpg?fit=3745%2C2417&ssl=1","contentUrl":"https:\/\/i0.wp.com\/aktialiiga.fi\/miehet\/wp-content\/uploads\/sites\/5\/2025\/10\/A7302179-e1761649836699.jpg?fit=3745%2C2417&ssl=1","width":3745,"height":2417},{"@type":"BreadcrumbList","@id":"https:\/\/aktialiiga.fi\/miehet\/2025-2026\/ennakot\/viikko-kayntiin-jo-tiistaina-siuntiossa\/#breadcrumb","itemListElement":[{"@type":"ListItem","position":1,"name":"Etusivu","item":"https:\/\/aktialiiga.fi\/miehet\/"},{"@type":"ListItem","position":2,"name":"Viikko k\u00e4yntiin jo tiistaina Siuntiossa"}]},{"@type":"WebSite","@id":"https:\/\/aktialiiga.fi\/miehet\/#website","url":"https:\/\/aktialiiga.fi\/miehet\/","name":"K\u00e4sipallon miesten Aktialiiga","description":"Valtakunnan vauhdikkainta palloilua!","publisher":{"@id":"https:\/\/aktialiiga.fi\/miehet\/#organization"},"potentialAction":[{"@type":"SearchAction","target":{"@type":"EntryPoint","urlTemplate":"https:\/\/aktialiiga.fi\/miehet\/?s={search_term_string}"},"query-input":{"@type":"PropertyValueSpecification","valueRequired":true,"valueName":"search_term_string"}}],"inLanguage":"fi"},{"@type":"Organization","@id":"https:\/\/aktialiiga.fi\/miehet\/#organization","name":"K\u00e4sipallon miesten Aktialiiga","url":"https:\/\/aktialiiga.fi\/miehet\/","logo":{"@type":"ImageObject","inLanguage":"fi","@id":"https:\/\/aktialiiga.fi\/miehet\/#\/schema\/logo\/image\/","url":"https:\/\/i0.wp.com\/aktialiiga.fi\/miehet\/wp-content\/uploads\/sites\/5\/2024\/09\/Aktialiiga-Yoast-512.png?fit=512%2C512&ssl=1","contentUrl":"https:\/\/i0.wp.com\/aktialiiga.fi\/miehet\/wp-content\/uploads\/sites\/5\/2024\/09\/Aktialiiga-Yoast-512.png?fit=512%2C512&ssl=1","width":512,"height":512,"caption":"K\u00e4sipallon miesten Aktialiiga"},"image":{"@id":"https:\/\/aktialiiga.fi\/miehet\/#\/schema\/logo\/image\/"},"sameAs":["https:\/\/www.facebook.com\/finnhandball","https:\/\/x.com\/finnhandball","https:\/\/www.instagram.com\/handballfinland\/"]},{"@type":"Person","@id":"https:\/\/aktialiiga.fi\/miehet\/#\/schema\/person\/c14bf42f47041db74603c45afcb18d87","name":"tbrmedia","image":{"@type":"ImageObject","inLanguage":"fi","@id":"https:\/\/secure.gravatar.com\/avatar\/ee975fa091fe581d12b60debb3439022686618368a7c142044c56724d4666b16?s=96&d=mm&r=g","url":"https:\/\/secure.gravatar.com\/avatar\/ee975fa091fe581d12b60debb3439022686618368a7c142044c56724d4666b16?s=96&d=mm&r=g","contentUrl":"https:\/\/secure.gravatar.com\/avatar\/ee975fa091fe581d12b60debb3439022686618368a7c142044c56724d4666b16?s=96&d=mm&r=g","caption":"tbrmedia"}}]}},"jetpack_featured_media_url":"https:\/\/i0.wp.com\/aktialiiga.fi\/miehet\/wp-content\/uploads\/sites\/5\/2025\/10\/A7302179-e1761649836699.jpg?fit=3745%2C2417&ssl=1","jetpack_sharing_enabled":true,"jetpack_shortlink":"https:\/\/wp.me\/pfTxOr-hLe","_links":{"self":[{"href":"https:\/\/aktialiiga.fi\/miehet\/wp-json\/wp\/v2\/posts\/68276","targetHints":{"allow":["GET"]}}],"collection":[{"href":"https:\/\/aktialiiga.fi\/miehet\/wp-json\/wp\/v2\/posts"}],"about":[{"href":"https:\/\/aktialiiga.fi\/miehet\/wp-json\/wp\/v2\/types\/post"}],"author":[{"embeddable":true,"href":"https:\/\/aktialiiga.fi\/miehet\/wp-json\/wp\/v2\/users\/13"}],"replies":[{"embeddable":true,"href":"https:\/\/aktialiiga.fi\/miehet\/wp-json\/wp\/v2\/comments?post=68276"}],"version-history":[{"count":3,"href":"https:\/\/aktialiiga.fi\/miehet\/wp-json\/wp\/v2\/posts\/68276\/revisions"}],"predecessor-version":[{"id":68295,"href":"https:\/\/aktialiiga.fi\/miehet\/wp-json\/wp\/v2\/posts\/68276\/revisions\/68295"}],"wp:featuredmedia":[{"embeddable":true,"href":"https:\/\/aktialiiga.fi\/miehet\/wp-json\/wp\/v2\/media\/66960"}],"wp:attachment":[{"href":"https:\/\/aktialiiga.fi\/miehet\/wp-json\/wp\/v2\/media?parent=68276"}],"wp:term":[{"taxonomy":"category","embeddable":true,"href":"https:\/\/aktialiiga.fi\/miehet\/wp-json\/wp\/v2\/categories?post=68276"},{"taxonomy":"post_tag","embeddable":true,"href":"https:\/\/aktialiiga.fi\/miehet\/wp-json\/wp\/v2\/tags?post=68276"}],"curies":[{"name":"wp","href":"https:\/\/api.w.org\/{rel}","templated":true}]}}