{"id":68406,"date":"2025-12-16T14:02:28","date_gmt":"2025-12-16T12:02:28","guid":{"rendered":"https:\/\/aktialiiga.fi\/miehet\/?p=68406"},"modified":"2025-12-16T14:02:28","modified_gmt":"2025-12-16T12:02:28","slug":"aku-kuusisto-ei-jatka-aifkssa-kuluvan-kauden-jalkeen","status":"publish","type":"post","link":"https:\/\/aktialiiga.fi\/miehet\/ajankohtaista\/aku-kuusisto-ei-jatka-aifkssa-kuluvan-kauden-jalkeen\/","title":{"rendered":"Aku Kuusisto ei jatka \u00c5IFK:ssa kuluvan kauden j\u00e4lkeen"},"content":{"rendered":"<p><!--StartFragment --><\/p>\n<p><span class=\"cf0\">\u00c5IFK ja miesten edustusjoukkueen p\u00e4\u00e4valmentaja Aku Kuusisto ovat yhdess\u00e4 sopineet ty\u00f6suhteen p\u00e4\u00e4ttymisest\u00e4 kuluvan kauden j\u00e4lkeen hein\u00e4kuun 2026 lopulla. <\/span><\/p>\n<p><span class=\"cf0\">Liigajoukkueetta viidett\u00e4 kokonaista kautta valmentava Kuusisto siirtyy toisen seuran palvelukseen. Ty\u00f6suhteen p\u00e4\u00e4ttyminen ei vaikuta kauden kulkuun, vaan seura ja Kuusisto rakentavat siirtym\u00e4aikana jatkoa entist\u00e4 tiiviimmin yhdess\u00e4.<\/span><\/p>\n<p><span class=\"cf1\">\u2013 Akun panos edustusjoukkueelle ja nuorten pelaajiemme kehitykselle on ollut valtava. T<\/span><span class=\"cf0\">\u00e4m\u00e4 muutos on Akulle askel eteenp\u00e4in valmentajan uralla ja my\u00f6s meille seurana osoitus siit\u00e4, ett\u00e4 se ymp\u00e4rist\u00f6 mik\u00e4 meill\u00e4 on rakennettu tukee kehittymist\u00e4 ja avaa uusia mahdollisuuksia kaikille. Aku on tuonut seuraamme valtavasti osaamista ja olemme yhdess\u00e4 luoneet rakenteet sek\u00e4 puitteet toiminnallemme. Nyt me my\u00f6s yhdess\u00e4 varmistamme sen, ett\u00e4 ne s\u00e4ilyv\u00e4t osana sit\u00e4 mit\u00e4 seurana olemme, kertoo joukkueen general <\/span><span class=\"cf0\">manager<\/span><span class=\"cf0\"> Andreas &#8221;Andy&#8221; Nystr\u00f6m seuran tiedotteessa.<\/span><\/p>\n<p><span class=\"cf1\">\u2013 Tavoitteena on jatkaa kausi tyylikk<\/span><span class=\"cf0\">\u00e4\u00e4sti ja nousujohteisesti loppuun, pelaajia ja seuraa huomioiden, sek\u00e4 turvata tehdyn ty\u00f6n jatkuvuus riitt\u00e4v\u00e4n ajan kanssa. Uusi pesti on minulle mahdollisuus kehitty\u00e4, mutta samalla tuttu, kun teht\u00e4vin\u00e4 on nuorten pelaajakehitys ja yhden joukkueen <\/span><span class=\"cf0\">p\u00e4\u00e4valmentajuus<\/span><span class=\"cf0\">, kommentoi Aku Kuusisto.<\/span><\/p>\n<p><span class=\"cf0\">\u00c5IFK julkaisee asiasta lis\u00e4tietoja my\u00f6hemmin siten kuin Kuusiston uuden seuran kanssa on asiasta erikseen sovittu.<\/span><\/p>\n<p><!--EndFragment --><\/p>\n","protected":false},"excerpt":{"rendered":"<p>\u00c5IFK ja miesten edustusjoukkueen p\u00e4\u00e4valmentaja Aku Kuusisto ovat yhdess\u00e4 sopineet ty\u00f6suhteen p\u00e4\u00e4ttymisest\u00e4 kuluvan kauden j\u00e4lkeen hein\u00e4kuun 2026 lopulla. Liigajoukkueetta viidett\u00e4 kokonaista kautta valmentava Kuusisto siirtyy toisen seuran palvelukseen. Ty\u00f6suhteen p\u00e4\u00e4ttyminen ei vaikuta kauden kulkuun, vaan seura ja Kuusisto rakentavat siirtym\u00e4aikana jatkoa entist\u00e4 tiiviimmin yhdess\u00e4. \u2013 Akun panos edustusjoukkueelle ja nuorten pelaajiemme kehitykselle on ollut valtava. [&hellip;]<\/p>\n","protected":false},"author":13,"featured_media":68407,"comment_status":"closed","ping_status":"closed","sticky":false,"template":"","format":"standard","meta":{"_acf_changed":false,"jetpack_post_was_ever_published":false,"_jetpack_newsletter_access":"","_jetpack_dont_email_post_to_subs":false,"_jetpack_newsletter_tier_id":0,"_jetpack_memberships_contains_paywalled_content":false,"_jetpack_memberships_contains_paid_content":false,"footnotes":""},"categories":[2],"tags":[50],"class_list":["post-68406","post","type-post","status-publish","format-standard","has-post-thumbnail","hentry","category-ajankohtaista","tag-aifk"],"acf":[],"yoast_head":"<!-- This site is optimized with the Yoast SEO plugin v27.5 - https:\/\/yoast.com\/product\/yoast-seo-wordpress\/ -->\n<title>Aku Kuusisto ei jatka \u00c5IFK:ssa kuluvan kauden j\u00e4lkeen | K\u00e4sipallon miesten Aktialiiga<\/title>\n<meta name=\"robots\" content=\"index, follow, max-snippet:-1, max-image-preview:large, max-video-preview:-1\" \/>\n<link rel=\"canonical\" href=\"https:\/\/aktialiiga.fi\/miehet\/ajankohtaista\/aku-kuusisto-ei-jatka-aifkssa-kuluvan-kauden-jalkeen\/\" \/>\n<meta property=\"og:locale\" content=\"fi_FI\" \/>\n<meta property=\"og:type\" content=\"article\" \/>\n<meta property=\"og:title\" content=\"Aku Kuusisto ei jatka \u00c5IFK:ssa kuluvan kauden j\u00e4lkeen | K\u00e4sipallon miesten Aktialiiga\" \/>\n<meta property=\"og:description\" content=\"\u00c5IFK ja miesten edustusjoukkueen p\u00e4\u00e4valmentaja Aku Kuusisto ovat yhdess\u00e4 sopineet ty\u00f6suhteen p\u00e4\u00e4ttymisest\u00e4 kuluvan kauden j\u00e4lkeen hein\u00e4kuun 2026 lopulla. Liigajoukkueetta viidett\u00e4 kokonaista kautta valmentava Kuusisto siirtyy toisen seuran palvelukseen. Ty\u00f6suhteen p\u00e4\u00e4ttyminen ei vaikuta kauden kulkuun, vaan seura ja Kuusisto rakentavat siirtym\u00e4aikana jatkoa entist\u00e4 tiiviimmin yhdess\u00e4. \u2013 Akun panos edustusjoukkueelle ja nuorten pelaajiemme kehitykselle on ollut valtava. [&hellip;]\" \/>\n<meta property=\"og:url\" content=\"https:\/\/aktialiiga.fi\/miehet\/ajankohtaista\/aku-kuusisto-ei-jatka-aifkssa-kuluvan-kauden-jalkeen\/\" \/>\n<meta property=\"og:site_name\" content=\"K\u00e4sipallon miesten Aktialiiga\" \/>\n<meta property=\"article:publisher\" content=\"https:\/\/www.facebook.com\/finnhandball\" \/>\n<meta property=\"article:published_time\" content=\"2025-12-16T12:02:28+00:00\" \/>\n<meta property=\"og:image\" content=\"https:\/\/aktialiiga.fi\/miehet\/wp-content\/uploads\/sites\/5\/2025\/12\/Kuusisto_Aku_AIFK.jpg\" \/>\n\t<meta property=\"og:image:width\" content=\"1365\" \/>\n\t<meta property=\"og:image:height\" content=\"975\" \/>\n\t<meta property=\"og:image:type\" content=\"image\/jpeg\" \/>\n<meta name=\"author\" content=\"tbrmedia\" \/>\n<meta name=\"twitter:card\" content=\"summary_large_image\" \/>\n<meta name=\"twitter:creator\" content=\"@finnhandball\" \/>\n<meta name=\"twitter:site\" content=\"@finnhandball\" \/>\n<script type=\"application\/ld+json\" class=\"yoast-schema-graph\">{\"@context\":\"https:\\\/\\\/schema.org\",\"@graph\":[{\"@type\":\"Article\",\"@id\":\"https:\\\/\\\/aktialiiga.fi\\\/miehet\\\/ajankohtaista\\\/aku-kuusisto-ei-jatka-aifkssa-kuluvan-kauden-jalkeen\\\/#article\",\"isPartOf\":{\"@id\":\"https:\\\/\\\/aktialiiga.fi\\\/miehet\\\/ajankohtaista\\\/aku-kuusisto-ei-jatka-aifkssa-kuluvan-kauden-jalkeen\\\/\"},\"author\":{\"name\":\"tbrmedia\",\"@id\":\"https:\\\/\\\/aktialiiga.fi\\\/miehet\\\/#\\\/schema\\\/person\\\/c14bf42f47041db74603c45afcb18d87\"},\"headline\":\"Aku Kuusisto ei jatka \u00c5IFK:ssa kuluvan kauden j\u00e4lkeen\",\"datePublished\":\"2025-12-16T12:02:28+00:00\",\"mainEntityOfPage\":{\"@id\":\"https:\\\/\\\/aktialiiga.fi\\\/miehet\\\/ajankohtaista\\\/aku-kuusisto-ei-jatka-aifkssa-kuluvan-kauden-jalkeen\\\/\"},\"wordCount\":208,\"publisher\":{\"@id\":\"https:\\\/\\\/aktialiiga.fi\\\/miehet\\\/#organization\"},\"image\":{\"@id\":\"https:\\\/\\\/aktialiiga.fi\\\/miehet\\\/ajankohtaista\\\/aku-kuusisto-ei-jatka-aifkssa-kuluvan-kauden-jalkeen\\\/#primaryimage\"},\"thumbnailUrl\":\"https:\\\/\\\/i0.wp.com\\\/aktialiiga.fi\\\/miehet\\\/wp-content\\\/uploads\\\/sites\\\/5\\\/2025\\\/12\\\/Kuusisto_Aku_AIFK-e1765890889509.jpg?fit=1365%2C842&ssl=1\",\"keywords\":[\"\u00c5IFK\"],\"articleSection\":[\"Ajankohtaista\"],\"inLanguage\":\"fi\"},{\"@type\":\"WebPage\",\"@id\":\"https:\\\/\\\/aktialiiga.fi\\\/miehet\\\/ajankohtaista\\\/aku-kuusisto-ei-jatka-aifkssa-kuluvan-kauden-jalkeen\\\/\",\"url\":\"https:\\\/\\\/aktialiiga.fi\\\/miehet\\\/ajankohtaista\\\/aku-kuusisto-ei-jatka-aifkssa-kuluvan-kauden-jalkeen\\\/\",\"name\":\"Aku Kuusisto ei jatka \u00c5IFK:ssa kuluvan kauden j\u00e4lkeen | K\u00e4sipallon miesten Aktialiiga\",\"isPartOf\":{\"@id\":\"https:\\\/\\\/aktialiiga.fi\\\/miehet\\\/#website\"},\"primaryImageOfPage\":{\"@id\":\"https:\\\/\\\/aktialiiga.fi\\\/miehet\\\/ajankohtaista\\\/aku-kuusisto-ei-jatka-aifkssa-kuluvan-kauden-jalkeen\\\/#primaryimage\"},\"image\":{\"@id\":\"https:\\\/\\\/aktialiiga.fi\\\/miehet\\\/ajankohtaista\\\/aku-kuusisto-ei-jatka-aifkssa-kuluvan-kauden-jalkeen\\\/#primaryimage\"},\"thumbnailUrl\":\"https:\\\/\\\/i0.wp.com\\\/aktialiiga.fi\\\/miehet\\\/wp-content\\\/uploads\\\/sites\\\/5\\\/2025\\\/12\\\/Kuusisto_Aku_AIFK-e1765890889509.jpg?fit=1365%2C842&ssl=1\",\"datePublished\":\"2025-12-16T12:02:28+00:00\",\"breadcrumb\":{\"@id\":\"https:\\\/\\\/aktialiiga.fi\\\/miehet\\\/ajankohtaista\\\/aku-kuusisto-ei-jatka-aifkssa-kuluvan-kauden-jalkeen\\\/#breadcrumb\"},\"inLanguage\":\"fi\",\"potentialAction\":[{\"@type\":\"ReadAction\",\"target\":[\"https:\\\/\\\/aktialiiga.fi\\\/miehet\\\/ajankohtaista\\\/aku-kuusisto-ei-jatka-aifkssa-kuluvan-kauden-jalkeen\\\/\"]}]},{\"@type\":\"ImageObject\",\"inLanguage\":\"fi\",\"@id\":\"https:\\\/\\\/aktialiiga.fi\\\/miehet\\\/ajankohtaista\\\/aku-kuusisto-ei-jatka-aifkssa-kuluvan-kauden-jalkeen\\\/#primaryimage\",\"url\":\"https:\\\/\\\/i0.wp.com\\\/aktialiiga.fi\\\/miehet\\\/wp-content\\\/uploads\\\/sites\\\/5\\\/2025\\\/12\\\/Kuusisto_Aku_AIFK-e1765890889509.jpg?fit=1365%2C842&ssl=1\",\"contentUrl\":\"https:\\\/\\\/i0.wp.com\\\/aktialiiga.fi\\\/miehet\\\/wp-content\\\/uploads\\\/sites\\\/5\\\/2025\\\/12\\\/Kuusisto_Aku_AIFK-e1765890889509.jpg?fit=1365%2C842&ssl=1\",\"width\":1365,\"height\":842},{\"@type\":\"BreadcrumbList\",\"@id\":\"https:\\\/\\\/aktialiiga.fi\\\/miehet\\\/ajankohtaista\\\/aku-kuusisto-ei-jatka-aifkssa-kuluvan-kauden-jalkeen\\\/#breadcrumb\",\"itemListElement\":[{\"@type\":\"ListItem\",\"position\":1,\"name\":\"Etusivu\",\"item\":\"https:\\\/\\\/aktialiiga.fi\\\/miehet\\\/\"},{\"@type\":\"ListItem\",\"position\":2,\"name\":\"Aku Kuusisto ei jatka \u00c5IFK:ssa kuluvan kauden j\u00e4lkeen\"}]},{\"@type\":\"WebSite\",\"@id\":\"https:\\\/\\\/aktialiiga.fi\\\/miehet\\\/#website\",\"url\":\"https:\\\/\\\/aktialiiga.fi\\\/miehet\\\/\",\"name\":\"K\u00e4sipallon miesten Aktialiiga\",\"description\":\"Valtakunnan vauhdikkainta palloilua!\",\"publisher\":{\"@id\":\"https:\\\/\\\/aktialiiga.fi\\\/miehet\\\/#organization\"},\"potentialAction\":[{\"@type\":\"SearchAction\",\"target\":{\"@type\":\"EntryPoint\",\"urlTemplate\":\"https:\\\/\\\/aktialiiga.fi\\\/miehet\\\/?s={search_term_string}\"},\"query-input\":{\"@type\":\"PropertyValueSpecification\",\"valueRequired\":true,\"valueName\":\"search_term_string\"}}],\"inLanguage\":\"fi\"},{\"@type\":\"Organization\",\"@id\":\"https:\\\/\\\/aktialiiga.fi\\\/miehet\\\/#organization\",\"name\":\"K\u00e4sipallon miesten Aktialiiga\",\"url\":\"https:\\\/\\\/aktialiiga.fi\\\/miehet\\\/\",\"logo\":{\"@type\":\"ImageObject\",\"inLanguage\":\"fi\",\"@id\":\"https:\\\/\\\/aktialiiga.fi\\\/miehet\\\/#\\\/schema\\\/logo\\\/image\\\/\",\"url\":\"https:\\\/\\\/i0.wp.com\\\/aktialiiga.fi\\\/miehet\\\/wp-content\\\/uploads\\\/sites\\\/5\\\/2024\\\/09\\\/Aktialiiga-Yoast-512.png?fit=512%2C512&ssl=1\",\"contentUrl\":\"https:\\\/\\\/i0.wp.com\\\/aktialiiga.fi\\\/miehet\\\/wp-content\\\/uploads\\\/sites\\\/5\\\/2024\\\/09\\\/Aktialiiga-Yoast-512.png?fit=512%2C512&ssl=1\",\"width\":512,\"height\":512,\"caption\":\"K\u00e4sipallon miesten Aktialiiga\"},\"image\":{\"@id\":\"https:\\\/\\\/aktialiiga.fi\\\/miehet\\\/#\\\/schema\\\/logo\\\/image\\\/\"},\"sameAs\":[\"https:\\\/\\\/www.facebook.com\\\/finnhandball\",\"https:\\\/\\\/x.com\\\/finnhandball\",\"https:\\\/\\\/www.instagram.com\\\/handballfinland\\\/\"]},{\"@type\":\"Person\",\"@id\":\"https:\\\/\\\/aktialiiga.fi\\\/miehet\\\/#\\\/schema\\\/person\\\/c14bf42f47041db74603c45afcb18d87\",\"name\":\"tbrmedia\",\"image\":{\"@type\":\"ImageObject\",\"inLanguage\":\"fi\",\"@id\":\"https:\\\/\\\/secure.gravatar.com\\\/avatar\\\/ee975fa091fe581d12b60debb3439022686618368a7c142044c56724d4666b16?s=96&d=mm&r=g\",\"url\":\"https:\\\/\\\/secure.gravatar.com\\\/avatar\\\/ee975fa091fe581d12b60debb3439022686618368a7c142044c56724d4666b16?s=96&d=mm&r=g\",\"contentUrl\":\"https:\\\/\\\/secure.gravatar.com\\\/avatar\\\/ee975fa091fe581d12b60debb3439022686618368a7c142044c56724d4666b16?s=96&d=mm&r=g\",\"caption\":\"tbrmedia\"}}]}<\/script>\n<!-- \/ Yoast SEO plugin. -->","yoast_head_json":{"title":"Aku Kuusisto ei jatka \u00c5IFK:ssa kuluvan kauden j\u00e4lkeen | K\u00e4sipallon miesten Aktialiiga","robots":{"index":"index","follow":"follow","max-snippet":"max-snippet:-1","max-image-preview":"max-image-preview:large","max-video-preview":"max-video-preview:-1"},"canonical":"https:\/\/aktialiiga.fi\/miehet\/ajankohtaista\/aku-kuusisto-ei-jatka-aifkssa-kuluvan-kauden-jalkeen\/","og_locale":"fi_FI","og_type":"article","og_title":"Aku Kuusisto ei jatka \u00c5IFK:ssa kuluvan kauden j\u00e4lkeen | K\u00e4sipallon miesten Aktialiiga","og_description":"\u00c5IFK ja miesten edustusjoukkueen p\u00e4\u00e4valmentaja Aku Kuusisto ovat yhdess\u00e4 sopineet ty\u00f6suhteen p\u00e4\u00e4ttymisest\u00e4 kuluvan kauden j\u00e4lkeen hein\u00e4kuun 2026 lopulla. Liigajoukkueetta viidett\u00e4 kokonaista kautta valmentava Kuusisto siirtyy toisen seuran palvelukseen. Ty\u00f6suhteen p\u00e4\u00e4ttyminen ei vaikuta kauden kulkuun, vaan seura ja Kuusisto rakentavat siirtym\u00e4aikana jatkoa entist\u00e4 tiiviimmin yhdess\u00e4. \u2013 Akun panos edustusjoukkueelle ja nuorten pelaajiemme kehitykselle on ollut valtava. [&hellip;]","og_url":"https:\/\/aktialiiga.fi\/miehet\/ajankohtaista\/aku-kuusisto-ei-jatka-aifkssa-kuluvan-kauden-jalkeen\/","og_site_name":"K\u00e4sipallon miesten Aktialiiga","article_publisher":"https:\/\/www.facebook.com\/finnhandball","article_published_time":"2025-12-16T12:02:28+00:00","og_image":[{"width":1365,"height":975,"url":"https:\/\/aktialiiga.fi\/miehet\/wp-content\/uploads\/sites\/5\/2025\/12\/Kuusisto_Aku_AIFK.jpg","type":"image\/jpeg"}],"author":"tbrmedia","twitter_card":"summary_large_image","twitter_creator":"@finnhandball","twitter_site":"@finnhandball","schema":{"@context":"https:\/\/schema.org","@graph":[{"@type":"Article","@id":"https:\/\/aktialiiga.fi\/miehet\/ajankohtaista\/aku-kuusisto-ei-jatka-aifkssa-kuluvan-kauden-jalkeen\/#article","isPartOf":{"@id":"https:\/\/aktialiiga.fi\/miehet\/ajankohtaista\/aku-kuusisto-ei-jatka-aifkssa-kuluvan-kauden-jalkeen\/"},"author":{"name":"tbrmedia","@id":"https:\/\/aktialiiga.fi\/miehet\/#\/schema\/person\/c14bf42f47041db74603c45afcb18d87"},"headline":"Aku Kuusisto ei jatka \u00c5IFK:ssa kuluvan kauden j\u00e4lkeen","datePublished":"2025-12-16T12:02:28+00:00","mainEntityOfPage":{"@id":"https:\/\/aktialiiga.fi\/miehet\/ajankohtaista\/aku-kuusisto-ei-jatka-aifkssa-kuluvan-kauden-jalkeen\/"},"wordCount":208,"publisher":{"@id":"https:\/\/aktialiiga.fi\/miehet\/#organization"},"image":{"@id":"https:\/\/aktialiiga.fi\/miehet\/ajankohtaista\/aku-kuusisto-ei-jatka-aifkssa-kuluvan-kauden-jalkeen\/#primaryimage"},"thumbnailUrl":"https:\/\/i0.wp.com\/aktialiiga.fi\/miehet\/wp-content\/uploads\/sites\/5\/2025\/12\/Kuusisto_Aku_AIFK-e1765890889509.jpg?fit=1365%2C842&ssl=1","keywords":["\u00c5IFK"],"articleSection":["Ajankohtaista"],"inLanguage":"fi"},{"@type":"WebPage","@id":"https:\/\/aktialiiga.fi\/miehet\/ajankohtaista\/aku-kuusisto-ei-jatka-aifkssa-kuluvan-kauden-jalkeen\/","url":"https:\/\/aktialiiga.fi\/miehet\/ajankohtaista\/aku-kuusisto-ei-jatka-aifkssa-kuluvan-kauden-jalkeen\/","name":"Aku Kuusisto ei jatka \u00c5IFK:ssa kuluvan kauden j\u00e4lkeen | K\u00e4sipallon miesten Aktialiiga","isPartOf":{"@id":"https:\/\/aktialiiga.fi\/miehet\/#website"},"primaryImageOfPage":{"@id":"https:\/\/aktialiiga.fi\/miehet\/ajankohtaista\/aku-kuusisto-ei-jatka-aifkssa-kuluvan-kauden-jalkeen\/#primaryimage"},"image":{"@id":"https:\/\/aktialiiga.fi\/miehet\/ajankohtaista\/aku-kuusisto-ei-jatka-aifkssa-kuluvan-kauden-jalkeen\/#primaryimage"},"thumbnailUrl":"https:\/\/i0.wp.com\/aktialiiga.fi\/miehet\/wp-content\/uploads\/sites\/5\/2025\/12\/Kuusisto_Aku_AIFK-e1765890889509.jpg?fit=1365%2C842&ssl=1","datePublished":"2025-12-16T12:02:28+00:00","breadcrumb":{"@id":"https:\/\/aktialiiga.fi\/miehet\/ajankohtaista\/aku-kuusisto-ei-jatka-aifkssa-kuluvan-kauden-jalkeen\/#breadcrumb"},"inLanguage":"fi","potentialAction":[{"@type":"ReadAction","target":["https:\/\/aktialiiga.fi\/miehet\/ajankohtaista\/aku-kuusisto-ei-jatka-aifkssa-kuluvan-kauden-jalkeen\/"]}]},{"@type":"ImageObject","inLanguage":"fi","@id":"https:\/\/aktialiiga.fi\/miehet\/ajankohtaista\/aku-kuusisto-ei-jatka-aifkssa-kuluvan-kauden-jalkeen\/#primaryimage","url":"https:\/\/i0.wp.com\/aktialiiga.fi\/miehet\/wp-content\/uploads\/sites\/5\/2025\/12\/Kuusisto_Aku_AIFK-e1765890889509.jpg?fit=1365%2C842&ssl=1","contentUrl":"https:\/\/i0.wp.com\/aktialiiga.fi\/miehet\/wp-content\/uploads\/sites\/5\/2025\/12\/Kuusisto_Aku_AIFK-e1765890889509.jpg?fit=1365%2C842&ssl=1","width":1365,"height":842},{"@type":"BreadcrumbList","@id":"https:\/\/aktialiiga.fi\/miehet\/ajankohtaista\/aku-kuusisto-ei-jatka-aifkssa-kuluvan-kauden-jalkeen\/#breadcrumb","itemListElement":[{"@type":"ListItem","position":1,"name":"Etusivu","item":"https:\/\/aktialiiga.fi\/miehet\/"},{"@type":"ListItem","position":2,"name":"Aku Kuusisto ei jatka \u00c5IFK:ssa kuluvan kauden j\u00e4lkeen"}]},{"@type":"WebSite","@id":"https:\/\/aktialiiga.fi\/miehet\/#website","url":"https:\/\/aktialiiga.fi\/miehet\/","name":"K\u00e4sipallon miesten Aktialiiga","description":"Valtakunnan vauhdikkainta palloilua!","publisher":{"@id":"https:\/\/aktialiiga.fi\/miehet\/#organization"},"potentialAction":[{"@type":"SearchAction","target":{"@type":"EntryPoint","urlTemplate":"https:\/\/aktialiiga.fi\/miehet\/?s={search_term_string}"},"query-input":{"@type":"PropertyValueSpecification","valueRequired":true,"valueName":"search_term_string"}}],"inLanguage":"fi"},{"@type":"Organization","@id":"https:\/\/aktialiiga.fi\/miehet\/#organization","name":"K\u00e4sipallon miesten Aktialiiga","url":"https:\/\/aktialiiga.fi\/miehet\/","logo":{"@type":"ImageObject","inLanguage":"fi","@id":"https:\/\/aktialiiga.fi\/miehet\/#\/schema\/logo\/image\/","url":"https:\/\/i0.wp.com\/aktialiiga.fi\/miehet\/wp-content\/uploads\/sites\/5\/2024\/09\/Aktialiiga-Yoast-512.png?fit=512%2C512&ssl=1","contentUrl":"https:\/\/i0.wp.com\/aktialiiga.fi\/miehet\/wp-content\/uploads\/sites\/5\/2024\/09\/Aktialiiga-Yoast-512.png?fit=512%2C512&ssl=1","width":512,"height":512,"caption":"K\u00e4sipallon miesten Aktialiiga"},"image":{"@id":"https:\/\/aktialiiga.fi\/miehet\/#\/schema\/logo\/image\/"},"sameAs":["https:\/\/www.facebook.com\/finnhandball","https:\/\/x.com\/finnhandball","https:\/\/www.instagram.com\/handballfinland\/"]},{"@type":"Person","@id":"https:\/\/aktialiiga.fi\/miehet\/#\/schema\/person\/c14bf42f47041db74603c45afcb18d87","name":"tbrmedia","image":{"@type":"ImageObject","inLanguage":"fi","@id":"https:\/\/secure.gravatar.com\/avatar\/ee975fa091fe581d12b60debb3439022686618368a7c142044c56724d4666b16?s=96&d=mm&r=g","url":"https:\/\/secure.gravatar.com\/avatar\/ee975fa091fe581d12b60debb3439022686618368a7c142044c56724d4666b16?s=96&d=mm&r=g","contentUrl":"https:\/\/secure.gravatar.com\/avatar\/ee975fa091fe581d12b60debb3439022686618368a7c142044c56724d4666b16?s=96&d=mm&r=g","caption":"tbrmedia"}}]}},"jetpack_featured_media_url":"https:\/\/i0.wp.com\/aktialiiga.fi\/miehet\/wp-content\/uploads\/sites\/5\/2025\/12\/Kuusisto_Aku_AIFK-e1765890889509.jpg?fit=1365%2C842&ssl=1","jetpack_sharing_enabled":true,"jetpack_shortlink":"https:\/\/wp.me\/pfTxOr-hNk","_links":{"self":[{"href":"https:\/\/aktialiiga.fi\/miehet\/wp-json\/wp\/v2\/posts\/68406","targetHints":{"allow":["GET"]}}],"collection":[{"href":"https:\/\/aktialiiga.fi\/miehet\/wp-json\/wp\/v2\/posts"}],"about":[{"href":"https:\/\/aktialiiga.fi\/miehet\/wp-json\/wp\/v2\/types\/post"}],"author":[{"embeddable":true,"href":"https:\/\/aktialiiga.fi\/miehet\/wp-json\/wp\/v2\/users\/13"}],"replies":[{"embeddable":true,"href":"https:\/\/aktialiiga.fi\/miehet\/wp-json\/wp\/v2\/comments?post=68406"}],"version-history":[{"count":2,"href":"https:\/\/aktialiiga.fi\/miehet\/wp-json\/wp\/v2\/posts\/68406\/revisions"}],"predecessor-version":[{"id":68410,"href":"https:\/\/aktialiiga.fi\/miehet\/wp-json\/wp\/v2\/posts\/68406\/revisions\/68410"}],"wp:featuredmedia":[{"embeddable":true,"href":"https:\/\/aktialiiga.fi\/miehet\/wp-json\/wp\/v2\/media\/68407"}],"wp:attachment":[{"href":"https:\/\/aktialiiga.fi\/miehet\/wp-json\/wp\/v2\/media?parent=68406"}],"wp:term":[{"taxonomy":"category","embeddable":true,"href":"https:\/\/aktialiiga.fi\/miehet\/wp-json\/wp\/v2\/categories?post=68406"},{"taxonomy":"post_tag","embeddable":true,"href":"https:\/\/aktialiiga.fi\/miehet\/wp-json\/wp\/v2\/tags?post=68406"}],"curies":[{"name":"wp","href":"https:\/\/api.w.org\/{rel}","templated":true}]}}