{"id":68767,"date":"2026-01-21T20:41:08","date_gmt":"2026-01-21T18:41:08","guid":{"rendered":"https:\/\/aktialiiga.fi\/miehet\/?p=68767"},"modified":"2026-01-21T20:46:12","modified_gmt":"2026-01-21T18:46:12","slug":"sif-haki-tarkeat-pisteet-eiflta","status":"publish","type":"post","link":"https:\/\/aktialiiga.fi\/miehet\/2025-2026\/ottelut\/sif-haki-tarkeat-pisteet-eiflta\/","title":{"rendered":"SIF haki t\u00e4rke\u00e4t pisteet EIF:lta"},"content":{"rendered":"<p>SIF otti pitk\u00e4n askelen kohti pudotuspelipaikan varmistamista kaatamalla keskiviikkona EIF:n vieraissa varsin vaihtelevassa ottelussa.<\/p>\n<p>SIF hallitsi ottelun alkua ja otti nopeasti nelj\u00e4n maalin johdon. Siuntiolaisten johto my\u00f6s piti l\u00e4pi avausjakson ja tauolle ment\u00e4ess\u00e4 eroa oli vieraiden hyv\u00e4ksi kolme maalia.<\/p>\n<p>Toisen jakson alussa SIF venytti johtonsa jo kuuteen maaliin, mutta sen j\u00e4lkeen EIF tuli vahvasti ja jakson puoliv\u00e4lin alla tilanne oli jo tasan. Osat kuitenkin vaihtuivat nopeasti ja ottelun loppu oli siuntiolaisten hallintaa ja vierasvoitto irtosi lopulta selke\u00e4ll\u00e4 erolla.<\/p>\n<p>EIF:n p\u00e4\u00e4valmentaja Kaj Hagman harmitteli pelin karkaamista k\u00e4sist\u00e4.<\/p>\n<p>&#8211; Jokunen ratkaisevan hetken virhe ratkaisi ottelun. Tasainen ja tiukka peli. Olemme yh\u00e4 l\u00e4hemp\u00e4n\u00e4! Yleis\u00f6lt\u00e4 tuli suuri tuki, Hagman kiitteli.<\/p>\n<p>SIF:n p\u00e4\u00e4valmentaja Gintaras Savukyna oli puolestaan helpottunut t\u00e4ydest\u00e4 pistepotista.<\/p>\n<p>&#8211; Haluan onnitella joukkuettani voitosta. Olemme tehneet t\u00f6it\u00e4 t\u00e4m\u00e4n eteen pitk\u00e4\u00e4n, ja tulimme t\u00e4nne hyvin valmistautuneina voittamaan. Olemme innoissamme saadessamme n\u00e4m\u00e4 kaksi pistett\u00e4 kotiin. Savukynas hehkutti.<\/p>\n<p>Samoin ottelun parhaan pelaajan tittelin vienyt SIF:n Benjamin Peitsaro iloitsi ennen muuta voitosta.<\/p>\n<p>&#8211; Mielenkiintoinen ottelu, jossa oli paljon tunteita. Tyytyv\u00e4inen olen kahteen pisteeseen.<\/p>\n","protected":false},"excerpt":{"rendered":"<p>SIF otti pitk\u00e4n askelen kohti pudotuspelipaikan varmistamista kaatamalla keskiviikkona EIF:n vieraissa varsin vaihtelevassa ottelussa. SIF hallitsi ottelun alkua ja otti nopeasti nelj\u00e4n maalin johdon. Siuntiolaisten johto my\u00f6s piti l\u00e4pi avausjakson ja tauolle ment\u00e4ess\u00e4 eroa oli vieraiden hyv\u00e4ksi kolme maalia. Toisen jakson alussa SIF venytti johtonsa jo kuuteen maaliin, mutta sen j\u00e4lkeen EIF tuli vahvasti ja [&hellip;]<\/p>\n","protected":false},"author":13,"featured_media":66971,"comment_status":"closed","ping_status":"closed","sticky":false,"template":"","format":"standard","meta":{"_acf_changed":false,"jetpack_post_was_ever_published":false,"_jetpack_newsletter_access":"","_jetpack_dont_email_post_to_subs":false,"_jetpack_newsletter_tier_id":0,"_jetpack_memberships_contains_paywalled_content":false,"_jetpack_memberships_contains_paid_content":false,"footnotes":""},"categories":[361],"tags":[60,111],"class_list":["post-68767","post","type-post","status-publish","format-standard","has-post-thumbnail","hentry","category-ottelut","tag-eif","tag-sif"],"acf":[],"yoast_head":"<!-- This site is optimized with the Yoast SEO plugin v27.4 - https:\/\/yoast.com\/product\/yoast-seo-wordpress\/ -->\n<title>SIF haki t\u00e4rke\u00e4t pisteet EIF:lta | K\u00e4sipallon miesten Aktialiiga<\/title>\n<meta name=\"robots\" content=\"index, follow, max-snippet:-1, max-image-preview:large, max-video-preview:-1\" \/>\n<link rel=\"canonical\" href=\"https:\/\/aktialiiga.fi\/miehet\/2025-2026\/ottelut\/sif-haki-tarkeat-pisteet-eiflta\/\" \/>\n<meta property=\"og:locale\" content=\"fi_FI\" \/>\n<meta property=\"og:type\" content=\"article\" \/>\n<meta property=\"og:title\" content=\"SIF haki t\u00e4rke\u00e4t pisteet EIF:lta | K\u00e4sipallon miesten Aktialiiga\" \/>\n<meta property=\"og:description\" content=\"SIF otti pitk\u00e4n askelen kohti pudotuspelipaikan varmistamista kaatamalla keskiviikkona EIF:n vieraissa varsin vaihtelevassa ottelussa. SIF hallitsi ottelun alkua ja otti nopeasti nelj\u00e4n maalin johdon. Siuntiolaisten johto my\u00f6s piti l\u00e4pi avausjakson ja tauolle ment\u00e4ess\u00e4 eroa oli vieraiden hyv\u00e4ksi kolme maalia. Toisen jakson alussa SIF venytti johtonsa jo kuuteen maaliin, mutta sen j\u00e4lkeen EIF tuli vahvasti ja [&hellip;]\" \/>\n<meta property=\"og:url\" content=\"https:\/\/aktialiiga.fi\/miehet\/2025-2026\/ottelut\/sif-haki-tarkeat-pisteet-eiflta\/\" \/>\n<meta property=\"og:site_name\" content=\"K\u00e4sipallon miesten Aktialiiga\" \/>\n<meta property=\"article:publisher\" content=\"https:\/\/www.facebook.com\/finnhandball\" \/>\n<meta property=\"article:published_time\" content=\"2026-01-21T18:41:08+00:00\" \/>\n<meta property=\"article:modified_time\" content=\"2026-01-21T18:46:12+00:00\" \/>\n<meta property=\"og:image\" content=\"https:\/\/aktialiiga.fi\/miehet\/wp-content\/uploads\/sites\/5\/2025\/10\/A7301998-e1763404430454.jpg\" \/>\n\t<meta property=\"og:image:width\" content=\"2164\" \/>\n\t<meta property=\"og:image:height\" content=\"1255\" \/>\n\t<meta property=\"og:image:type\" content=\"image\/jpeg\" \/>\n<meta name=\"author\" content=\"tbrmedia\" \/>\n<meta name=\"twitter:card\" content=\"summary_large_image\" \/>\n<meta name=\"twitter:creator\" content=\"@finnhandball\" \/>\n<meta name=\"twitter:site\" content=\"@finnhandball\" \/>\n<script type=\"application\/ld+json\" class=\"yoast-schema-graph\">{\"@context\":\"https:\\\/\\\/schema.org\",\"@graph\":[{\"@type\":\"Article\",\"@id\":\"https:\\\/\\\/aktialiiga.fi\\\/miehet\\\/2025-2026\\\/ottelut\\\/sif-haki-tarkeat-pisteet-eiflta\\\/#article\",\"isPartOf\":{\"@id\":\"https:\\\/\\\/aktialiiga.fi\\\/miehet\\\/2025-2026\\\/ottelut\\\/sif-haki-tarkeat-pisteet-eiflta\\\/\"},\"author\":{\"name\":\"tbrmedia\",\"@id\":\"https:\\\/\\\/aktialiiga.fi\\\/miehet\\\/#\\\/schema\\\/person\\\/c14bf42f47041db74603c45afcb18d87\"},\"headline\":\"SIF haki t\u00e4rke\u00e4t pisteet EIF:lta\",\"datePublished\":\"2026-01-21T18:41:08+00:00\",\"dateModified\":\"2026-01-21T18:46:12+00:00\",\"mainEntityOfPage\":{\"@id\":\"https:\\\/\\\/aktialiiga.fi\\\/miehet\\\/2025-2026\\\/ottelut\\\/sif-haki-tarkeat-pisteet-eiflta\\\/\"},\"wordCount\":200,\"publisher\":{\"@id\":\"https:\\\/\\\/aktialiiga.fi\\\/miehet\\\/#organization\"},\"image\":{\"@id\":\"https:\\\/\\\/aktialiiga.fi\\\/miehet\\\/2025-2026\\\/ottelut\\\/sif-haki-tarkeat-pisteet-eiflta\\\/#primaryimage\"},\"thumbnailUrl\":\"https:\\\/\\\/i0.wp.com\\\/aktialiiga.fi\\\/miehet\\\/wp-content\\\/uploads\\\/sites\\\/5\\\/2025\\\/10\\\/A7301998-e1763404430454.jpg?fit=2164%2C1255&ssl=1\",\"keywords\":[\"EIF\",\"SIF\"],\"articleSection\":[\"Ottelut 2025-26\"],\"inLanguage\":\"fi\"},{\"@type\":\"WebPage\",\"@id\":\"https:\\\/\\\/aktialiiga.fi\\\/miehet\\\/2025-2026\\\/ottelut\\\/sif-haki-tarkeat-pisteet-eiflta\\\/\",\"url\":\"https:\\\/\\\/aktialiiga.fi\\\/miehet\\\/2025-2026\\\/ottelut\\\/sif-haki-tarkeat-pisteet-eiflta\\\/\",\"name\":\"SIF haki t\u00e4rke\u00e4t pisteet EIF:lta | K\u00e4sipallon miesten Aktialiiga\",\"isPartOf\":{\"@id\":\"https:\\\/\\\/aktialiiga.fi\\\/miehet\\\/#website\"},\"primaryImageOfPage\":{\"@id\":\"https:\\\/\\\/aktialiiga.fi\\\/miehet\\\/2025-2026\\\/ottelut\\\/sif-haki-tarkeat-pisteet-eiflta\\\/#primaryimage\"},\"image\":{\"@id\":\"https:\\\/\\\/aktialiiga.fi\\\/miehet\\\/2025-2026\\\/ottelut\\\/sif-haki-tarkeat-pisteet-eiflta\\\/#primaryimage\"},\"thumbnailUrl\":\"https:\\\/\\\/i0.wp.com\\\/aktialiiga.fi\\\/miehet\\\/wp-content\\\/uploads\\\/sites\\\/5\\\/2025\\\/10\\\/A7301998-e1763404430454.jpg?fit=2164%2C1255&ssl=1\",\"datePublished\":\"2026-01-21T18:41:08+00:00\",\"dateModified\":\"2026-01-21T18:46:12+00:00\",\"breadcrumb\":{\"@id\":\"https:\\\/\\\/aktialiiga.fi\\\/miehet\\\/2025-2026\\\/ottelut\\\/sif-haki-tarkeat-pisteet-eiflta\\\/#breadcrumb\"},\"inLanguage\":\"fi\",\"potentialAction\":[{\"@type\":\"ReadAction\",\"target\":[\"https:\\\/\\\/aktialiiga.fi\\\/miehet\\\/2025-2026\\\/ottelut\\\/sif-haki-tarkeat-pisteet-eiflta\\\/\"]}]},{\"@type\":\"ImageObject\",\"inLanguage\":\"fi\",\"@id\":\"https:\\\/\\\/aktialiiga.fi\\\/miehet\\\/2025-2026\\\/ottelut\\\/sif-haki-tarkeat-pisteet-eiflta\\\/#primaryimage\",\"url\":\"https:\\\/\\\/i0.wp.com\\\/aktialiiga.fi\\\/miehet\\\/wp-content\\\/uploads\\\/sites\\\/5\\\/2025\\\/10\\\/A7301998-e1763404430454.jpg?fit=2164%2C1255&ssl=1\",\"contentUrl\":\"https:\\\/\\\/i0.wp.com\\\/aktialiiga.fi\\\/miehet\\\/wp-content\\\/uploads\\\/sites\\\/5\\\/2025\\\/10\\\/A7301998-e1763404430454.jpg?fit=2164%2C1255&ssl=1\",\"width\":2164,\"height\":1255},{\"@type\":\"BreadcrumbList\",\"@id\":\"https:\\\/\\\/aktialiiga.fi\\\/miehet\\\/2025-2026\\\/ottelut\\\/sif-haki-tarkeat-pisteet-eiflta\\\/#breadcrumb\",\"itemListElement\":[{\"@type\":\"ListItem\",\"position\":1,\"name\":\"Etusivu\",\"item\":\"https:\\\/\\\/aktialiiga.fi\\\/miehet\\\/\"},{\"@type\":\"ListItem\",\"position\":2,\"name\":\"SIF haki t\u00e4rke\u00e4t pisteet EIF:lta\"}]},{\"@type\":\"WebSite\",\"@id\":\"https:\\\/\\\/aktialiiga.fi\\\/miehet\\\/#website\",\"url\":\"https:\\\/\\\/aktialiiga.fi\\\/miehet\\\/\",\"name\":\"K\u00e4sipallon miesten Aktialiiga\",\"description\":\"Valtakunnan vauhdikkainta palloilua!\",\"publisher\":{\"@id\":\"https:\\\/\\\/aktialiiga.fi\\\/miehet\\\/#organization\"},\"potentialAction\":[{\"@type\":\"SearchAction\",\"target\":{\"@type\":\"EntryPoint\",\"urlTemplate\":\"https:\\\/\\\/aktialiiga.fi\\\/miehet\\\/?s={search_term_string}\"},\"query-input\":{\"@type\":\"PropertyValueSpecification\",\"valueRequired\":true,\"valueName\":\"search_term_string\"}}],\"inLanguage\":\"fi\"},{\"@type\":\"Organization\",\"@id\":\"https:\\\/\\\/aktialiiga.fi\\\/miehet\\\/#organization\",\"name\":\"K\u00e4sipallon miesten Aktialiiga\",\"url\":\"https:\\\/\\\/aktialiiga.fi\\\/miehet\\\/\",\"logo\":{\"@type\":\"ImageObject\",\"inLanguage\":\"fi\",\"@id\":\"https:\\\/\\\/aktialiiga.fi\\\/miehet\\\/#\\\/schema\\\/logo\\\/image\\\/\",\"url\":\"https:\\\/\\\/i0.wp.com\\\/aktialiiga.fi\\\/miehet\\\/wp-content\\\/uploads\\\/sites\\\/5\\\/2024\\\/09\\\/Aktialiiga-Yoast-512.png?fit=512%2C512&ssl=1\",\"contentUrl\":\"https:\\\/\\\/i0.wp.com\\\/aktialiiga.fi\\\/miehet\\\/wp-content\\\/uploads\\\/sites\\\/5\\\/2024\\\/09\\\/Aktialiiga-Yoast-512.png?fit=512%2C512&ssl=1\",\"width\":512,\"height\":512,\"caption\":\"K\u00e4sipallon miesten Aktialiiga\"},\"image\":{\"@id\":\"https:\\\/\\\/aktialiiga.fi\\\/miehet\\\/#\\\/schema\\\/logo\\\/image\\\/\"},\"sameAs\":[\"https:\\\/\\\/www.facebook.com\\\/finnhandball\",\"https:\\\/\\\/x.com\\\/finnhandball\",\"https:\\\/\\\/www.instagram.com\\\/handballfinland\\\/\"]},{\"@type\":\"Person\",\"@id\":\"https:\\\/\\\/aktialiiga.fi\\\/miehet\\\/#\\\/schema\\\/person\\\/c14bf42f47041db74603c45afcb18d87\",\"name\":\"tbrmedia\",\"image\":{\"@type\":\"ImageObject\",\"inLanguage\":\"fi\",\"@id\":\"https:\\\/\\\/secure.gravatar.com\\\/avatar\\\/ee975fa091fe581d12b60debb3439022686618368a7c142044c56724d4666b16?s=96&d=mm&r=g\",\"url\":\"https:\\\/\\\/secure.gravatar.com\\\/avatar\\\/ee975fa091fe581d12b60debb3439022686618368a7c142044c56724d4666b16?s=96&d=mm&r=g\",\"contentUrl\":\"https:\\\/\\\/secure.gravatar.com\\\/avatar\\\/ee975fa091fe581d12b60debb3439022686618368a7c142044c56724d4666b16?s=96&d=mm&r=g\",\"caption\":\"tbrmedia\"}}]}<\/script>\n<!-- \/ Yoast SEO plugin. -->","yoast_head_json":{"title":"SIF haki t\u00e4rke\u00e4t pisteet EIF:lta | K\u00e4sipallon miesten Aktialiiga","robots":{"index":"index","follow":"follow","max-snippet":"max-snippet:-1","max-image-preview":"max-image-preview:large","max-video-preview":"max-video-preview:-1"},"canonical":"https:\/\/aktialiiga.fi\/miehet\/2025-2026\/ottelut\/sif-haki-tarkeat-pisteet-eiflta\/","og_locale":"fi_FI","og_type":"article","og_title":"SIF haki t\u00e4rke\u00e4t pisteet EIF:lta | K\u00e4sipallon miesten Aktialiiga","og_description":"SIF otti pitk\u00e4n askelen kohti pudotuspelipaikan varmistamista kaatamalla keskiviikkona EIF:n vieraissa varsin vaihtelevassa ottelussa. SIF hallitsi ottelun alkua ja otti nopeasti nelj\u00e4n maalin johdon. Siuntiolaisten johto my\u00f6s piti l\u00e4pi avausjakson ja tauolle ment\u00e4ess\u00e4 eroa oli vieraiden hyv\u00e4ksi kolme maalia. Toisen jakson alussa SIF venytti johtonsa jo kuuteen maaliin, mutta sen j\u00e4lkeen EIF tuli vahvasti ja [&hellip;]","og_url":"https:\/\/aktialiiga.fi\/miehet\/2025-2026\/ottelut\/sif-haki-tarkeat-pisteet-eiflta\/","og_site_name":"K\u00e4sipallon miesten Aktialiiga","article_publisher":"https:\/\/www.facebook.com\/finnhandball","article_published_time":"2026-01-21T18:41:08+00:00","article_modified_time":"2026-01-21T18:46:12+00:00","og_image":[{"width":2164,"height":1255,"url":"https:\/\/aktialiiga.fi\/miehet\/wp-content\/uploads\/sites\/5\/2025\/10\/A7301998-e1763404430454.jpg","type":"image\/jpeg"}],"author":"tbrmedia","twitter_card":"summary_large_image","twitter_creator":"@finnhandball","twitter_site":"@finnhandball","schema":{"@context":"https:\/\/schema.org","@graph":[{"@type":"Article","@id":"https:\/\/aktialiiga.fi\/miehet\/2025-2026\/ottelut\/sif-haki-tarkeat-pisteet-eiflta\/#article","isPartOf":{"@id":"https:\/\/aktialiiga.fi\/miehet\/2025-2026\/ottelut\/sif-haki-tarkeat-pisteet-eiflta\/"},"author":{"name":"tbrmedia","@id":"https:\/\/aktialiiga.fi\/miehet\/#\/schema\/person\/c14bf42f47041db74603c45afcb18d87"},"headline":"SIF haki t\u00e4rke\u00e4t pisteet EIF:lta","datePublished":"2026-01-21T18:41:08+00:00","dateModified":"2026-01-21T18:46:12+00:00","mainEntityOfPage":{"@id":"https:\/\/aktialiiga.fi\/miehet\/2025-2026\/ottelut\/sif-haki-tarkeat-pisteet-eiflta\/"},"wordCount":200,"publisher":{"@id":"https:\/\/aktialiiga.fi\/miehet\/#organization"},"image":{"@id":"https:\/\/aktialiiga.fi\/miehet\/2025-2026\/ottelut\/sif-haki-tarkeat-pisteet-eiflta\/#primaryimage"},"thumbnailUrl":"https:\/\/i0.wp.com\/aktialiiga.fi\/miehet\/wp-content\/uploads\/sites\/5\/2025\/10\/A7301998-e1763404430454.jpg?fit=2164%2C1255&ssl=1","keywords":["EIF","SIF"],"articleSection":["Ottelut 2025-26"],"inLanguage":"fi"},{"@type":"WebPage","@id":"https:\/\/aktialiiga.fi\/miehet\/2025-2026\/ottelut\/sif-haki-tarkeat-pisteet-eiflta\/","url":"https:\/\/aktialiiga.fi\/miehet\/2025-2026\/ottelut\/sif-haki-tarkeat-pisteet-eiflta\/","name":"SIF haki t\u00e4rke\u00e4t pisteet EIF:lta | K\u00e4sipallon miesten Aktialiiga","isPartOf":{"@id":"https:\/\/aktialiiga.fi\/miehet\/#website"},"primaryImageOfPage":{"@id":"https:\/\/aktialiiga.fi\/miehet\/2025-2026\/ottelut\/sif-haki-tarkeat-pisteet-eiflta\/#primaryimage"},"image":{"@id":"https:\/\/aktialiiga.fi\/miehet\/2025-2026\/ottelut\/sif-haki-tarkeat-pisteet-eiflta\/#primaryimage"},"thumbnailUrl":"https:\/\/i0.wp.com\/aktialiiga.fi\/miehet\/wp-content\/uploads\/sites\/5\/2025\/10\/A7301998-e1763404430454.jpg?fit=2164%2C1255&ssl=1","datePublished":"2026-01-21T18:41:08+00:00","dateModified":"2026-01-21T18:46:12+00:00","breadcrumb":{"@id":"https:\/\/aktialiiga.fi\/miehet\/2025-2026\/ottelut\/sif-haki-tarkeat-pisteet-eiflta\/#breadcrumb"},"inLanguage":"fi","potentialAction":[{"@type":"ReadAction","target":["https:\/\/aktialiiga.fi\/miehet\/2025-2026\/ottelut\/sif-haki-tarkeat-pisteet-eiflta\/"]}]},{"@type":"ImageObject","inLanguage":"fi","@id":"https:\/\/aktialiiga.fi\/miehet\/2025-2026\/ottelut\/sif-haki-tarkeat-pisteet-eiflta\/#primaryimage","url":"https:\/\/i0.wp.com\/aktialiiga.fi\/miehet\/wp-content\/uploads\/sites\/5\/2025\/10\/A7301998-e1763404430454.jpg?fit=2164%2C1255&ssl=1","contentUrl":"https:\/\/i0.wp.com\/aktialiiga.fi\/miehet\/wp-content\/uploads\/sites\/5\/2025\/10\/A7301998-e1763404430454.jpg?fit=2164%2C1255&ssl=1","width":2164,"height":1255},{"@type":"BreadcrumbList","@id":"https:\/\/aktialiiga.fi\/miehet\/2025-2026\/ottelut\/sif-haki-tarkeat-pisteet-eiflta\/#breadcrumb","itemListElement":[{"@type":"ListItem","position":1,"name":"Etusivu","item":"https:\/\/aktialiiga.fi\/miehet\/"},{"@type":"ListItem","position":2,"name":"SIF haki t\u00e4rke\u00e4t pisteet EIF:lta"}]},{"@type":"WebSite","@id":"https:\/\/aktialiiga.fi\/miehet\/#website","url":"https:\/\/aktialiiga.fi\/miehet\/","name":"K\u00e4sipallon miesten Aktialiiga","description":"Valtakunnan vauhdikkainta palloilua!","publisher":{"@id":"https:\/\/aktialiiga.fi\/miehet\/#organization"},"potentialAction":[{"@type":"SearchAction","target":{"@type":"EntryPoint","urlTemplate":"https:\/\/aktialiiga.fi\/miehet\/?s={search_term_string}"},"query-input":{"@type":"PropertyValueSpecification","valueRequired":true,"valueName":"search_term_string"}}],"inLanguage":"fi"},{"@type":"Organization","@id":"https:\/\/aktialiiga.fi\/miehet\/#organization","name":"K\u00e4sipallon miesten Aktialiiga","url":"https:\/\/aktialiiga.fi\/miehet\/","logo":{"@type":"ImageObject","inLanguage":"fi","@id":"https:\/\/aktialiiga.fi\/miehet\/#\/schema\/logo\/image\/","url":"https:\/\/i0.wp.com\/aktialiiga.fi\/miehet\/wp-content\/uploads\/sites\/5\/2024\/09\/Aktialiiga-Yoast-512.png?fit=512%2C512&ssl=1","contentUrl":"https:\/\/i0.wp.com\/aktialiiga.fi\/miehet\/wp-content\/uploads\/sites\/5\/2024\/09\/Aktialiiga-Yoast-512.png?fit=512%2C512&ssl=1","width":512,"height":512,"caption":"K\u00e4sipallon miesten Aktialiiga"},"image":{"@id":"https:\/\/aktialiiga.fi\/miehet\/#\/schema\/logo\/image\/"},"sameAs":["https:\/\/www.facebook.com\/finnhandball","https:\/\/x.com\/finnhandball","https:\/\/www.instagram.com\/handballfinland\/"]},{"@type":"Person","@id":"https:\/\/aktialiiga.fi\/miehet\/#\/schema\/person\/c14bf42f47041db74603c45afcb18d87","name":"tbrmedia","image":{"@type":"ImageObject","inLanguage":"fi","@id":"https:\/\/secure.gravatar.com\/avatar\/ee975fa091fe581d12b60debb3439022686618368a7c142044c56724d4666b16?s=96&d=mm&r=g","url":"https:\/\/secure.gravatar.com\/avatar\/ee975fa091fe581d12b60debb3439022686618368a7c142044c56724d4666b16?s=96&d=mm&r=g","contentUrl":"https:\/\/secure.gravatar.com\/avatar\/ee975fa091fe581d12b60debb3439022686618368a7c142044c56724d4666b16?s=96&d=mm&r=g","caption":"tbrmedia"}}]}},"jetpack_featured_media_url":"https:\/\/i0.wp.com\/aktialiiga.fi\/miehet\/wp-content\/uploads\/sites\/5\/2025\/10\/A7301998-e1763404430454.jpg?fit=2164%2C1255&ssl=1","jetpack_sharing_enabled":true,"jetpack_shortlink":"https:\/\/wp.me\/pfTxOr-hT9","_links":{"self":[{"href":"https:\/\/aktialiiga.fi\/miehet\/wp-json\/wp\/v2\/posts\/68767","targetHints":{"allow":["GET"]}}],"collection":[{"href":"https:\/\/aktialiiga.fi\/miehet\/wp-json\/wp\/v2\/posts"}],"about":[{"href":"https:\/\/aktialiiga.fi\/miehet\/wp-json\/wp\/v2\/types\/post"}],"author":[{"embeddable":true,"href":"https:\/\/aktialiiga.fi\/miehet\/wp-json\/wp\/v2\/users\/13"}],"replies":[{"embeddable":true,"href":"https:\/\/aktialiiga.fi\/miehet\/wp-json\/wp\/v2\/comments?post=68767"}],"version-history":[{"count":3,"href":"https:\/\/aktialiiga.fi\/miehet\/wp-json\/wp\/v2\/posts\/68767\/revisions"}],"predecessor-version":[{"id":68772,"href":"https:\/\/aktialiiga.fi\/miehet\/wp-json\/wp\/v2\/posts\/68767\/revisions\/68772"}],"wp:featuredmedia":[{"embeddable":true,"href":"https:\/\/aktialiiga.fi\/miehet\/wp-json\/wp\/v2\/media\/66971"}],"wp:attachment":[{"href":"https:\/\/aktialiiga.fi\/miehet\/wp-json\/wp\/v2\/media?parent=68767"}],"wp:term":[{"taxonomy":"category","embeddable":true,"href":"https:\/\/aktialiiga.fi\/miehet\/wp-json\/wp\/v2\/categories?post=68767"},{"taxonomy":"post_tag","embeddable":true,"href":"https:\/\/aktialiiga.fi\/miehet\/wp-json\/wp\/v2\/tags?post=68767"}],"curies":[{"name":"wp","href":"https:\/\/api.w.org\/{rel}","templated":true}]}}