{"id":68776,"date":"2026-01-22T14:14:39","date_gmt":"2026-01-22T12:14:39","guid":{"rendered":"https:\/\/aktialiiga.fi\/miehet\/?p=68776"},"modified":"2026-01-22T14:14:39","modified_gmt":"2026-01-22T12:14:39","slug":"kierros-tayteen-perjantain-ja-sunnuntain-otteluitten-myota","status":"publish","type":"post","link":"https:\/\/aktialiiga.fi\/miehet\/2025-2026\/ennakot\/kierros-tayteen-perjantain-ja-sunnuntain-otteluitten-myota\/","title":{"rendered":"Kierros t\u00e4yteen perjantain ja sunnuntain otteluitten my\u00f6t\u00e4"},"content":{"rendered":"<p><!--StartFragment --><\/p>\n<p><span class=\"cf0\">Aktialiigan<\/span><span class=\"cf0\"> runkosarjan 19. kierros pyr\u00e4hti k\u00e4yntiin jo keskiviikkona ja kierroksen kaksi viimeist\u00e4 ottelua pelataan perjantaina ja sunnuntaina.<\/span><\/p>\n<p><span class=\"cf0\">Perjantaina kohtaavat <\/span><span class=\"cf0\">kamratderbyss\u00e4<\/span><span class=\"cf0\"> Turussa \u00c5IFK ja <\/span><span class=\"cf0\">GrIFK<\/span><span class=\"cf0\">. Kauden kaksi aiempaa kohtaamista ovat kumpikin p\u00e4\u00e4ttyneet Granin voittoon 11 maalin erolla. Nyt \u00c5IFK hakee revanssia ja pisteet olisivat turkulaisille t\u00e4rke\u00e4t ajatellen pudotuspelipaikkaa, joka SIF:n keskiviikkoisen voiton my\u00f6t\u00e4 karkasi turkulaisilta kuuden pisteen p\u00e4\u00e4h\u00e4n.<\/span><\/p>\n<p><span class=\"cf0\">Grani on tukevasti kiinni puoliv\u00e4lier\u00e4paikassa, mutta nousisi puolestaan voitolla aivan Dickenin ja <\/span><span class=\"cf0\">Cocksin<\/span><span class=\"cf0\"> kantaan kamppailemaan puoliv\u00e4lierien kotiedusta.<\/span><\/p>\n<p><span class=\"cf0\">Kierroksen p\u00e4\u00e4tteeksi sunnuntaina vuodenvaihteessa melkoisesti muutoksia kokenut Dicken is\u00e4nn\u00f6i sarjak\u00e4rki BK-46:tta.<\/span><\/p>\n<p><span class=\"cf0\">Dicken taistelee runkosarjan kolmossijasta <\/span><span class=\"cf0\">Cocksin<\/span><span class=\"cf0\"> ja <\/span><span class=\"cf0\">GrIFK:n<\/span><span class=\"cf0\"> kanssa ja BK puolestaan ykk\u00f6ssijasta HIFK:n kanssa, joten panoksia kummallakin on riitt\u00e4miin. Kauden aiemmat kohtaamiset nimiins\u00e4 vienyt BK tulee Pirkkolaan toki suosikkina, mutta ilmaiseksi Dicken ei varmasti pisteit\u00e4 karjaalaisille anna.<\/span><\/p>\n<p><strong><span class=\"cf0\">Aktialiiga<\/span><\/strong><span class=\"cf0\"><strong> viikonloppuna:<\/strong><br \/>\n<\/span><span class=\"cf0\">Pe 23.1. klo 19.00 \u00c5IFK <\/span><span class=\"cf1\">\u2013 <\/span><span class=\"cf1\">GrIFK<br \/>\n<\/span><span class=\"cf1\">Su 25.1. klo 15.45 Dicken \u2013 BK-46 <\/span><\/p>\n<p><!--EndFragment --><\/p>\n<p>Aktialiigan kauden kaikki ottelut suorina l\u00e4hetyksin\u00e4 <strong><a href=\"https:\/\/aktialiiga.fi\/handistv\/\">HandisTV:ss\u00e4<\/a><\/strong>.<\/p>\n","protected":false},"excerpt":{"rendered":"<p>Aktialiigan runkosarjan 19. kierros pyr\u00e4hti k\u00e4yntiin jo keskiviikkona ja kierroksen kaksi viimeist\u00e4 ottelua pelataan perjantaina ja sunnuntaina. Perjantaina kohtaavat kamratderbyss\u00e4 Turussa \u00c5IFK ja GrIFK. Kauden kaksi aiempaa kohtaamista ovat kumpikin p\u00e4\u00e4ttyneet Granin voittoon 11 maalin erolla. Nyt \u00c5IFK hakee revanssia ja pisteet olisivat turkulaisille t\u00e4rke\u00e4t ajatellen pudotuspelipaikkaa, joka SIF:n keskiviikkoisen voiton my\u00f6t\u00e4 karkasi turkulaisilta kuuden [&hellip;]<\/p>\n","protected":false},"author":13,"featured_media":66191,"comment_status":"closed","ping_status":"closed","sticky":false,"template":"","format":"standard","meta":{"_acf_changed":false,"jetpack_post_was_ever_published":false,"_jetpack_newsletter_access":"","_jetpack_dont_email_post_to_subs":false,"_jetpack_newsletter_tier_id":0,"_jetpack_memberships_contains_paywalled_content":false,"_jetpack_memberships_contains_paid_content":false,"footnotes":""},"categories":[358],"tags":[50,56,58,64],"class_list":["post-68776","post","type-post","status-publish","format-standard","has-post-thumbnail","hentry","category-ennakot","tag-aifk","tag-bk-46","tag-dicken","tag-grifk"],"acf":[],"yoast_head":"<!-- This site is optimized with the Yoast SEO plugin v27.4 - https:\/\/yoast.com\/product\/yoast-seo-wordpress\/ -->\n<title>Kierros t\u00e4yteen perjantain ja sunnuntain otteluitten my\u00f6t\u00e4 | K\u00e4sipallon miesten Aktialiiga<\/title>\n<meta name=\"robots\" content=\"index, follow, max-snippet:-1, max-image-preview:large, max-video-preview:-1\" \/>\n<link rel=\"canonical\" href=\"https:\/\/aktialiiga.fi\/miehet\/2025-2026\/ennakot\/kierros-tayteen-perjantain-ja-sunnuntain-otteluitten-myota\/\" \/>\n<meta property=\"og:locale\" content=\"fi_FI\" \/>\n<meta property=\"og:type\" content=\"article\" \/>\n<meta property=\"og:title\" content=\"Kierros t\u00e4yteen perjantain ja sunnuntain otteluitten my\u00f6t\u00e4 | K\u00e4sipallon miesten Aktialiiga\" \/>\n<meta property=\"og:description\" content=\"Aktialiigan runkosarjan 19. kierros pyr\u00e4hti k\u00e4yntiin jo keskiviikkona ja kierroksen kaksi viimeist\u00e4 ottelua pelataan perjantaina ja sunnuntaina. Perjantaina kohtaavat kamratderbyss\u00e4 Turussa \u00c5IFK ja GrIFK. Kauden kaksi aiempaa kohtaamista ovat kumpikin p\u00e4\u00e4ttyneet Granin voittoon 11 maalin erolla. Nyt \u00c5IFK hakee revanssia ja pisteet olisivat turkulaisille t\u00e4rke\u00e4t ajatellen pudotuspelipaikkaa, joka SIF:n keskiviikkoisen voiton my\u00f6t\u00e4 karkasi turkulaisilta kuuden [&hellip;]\" \/>\n<meta property=\"og:url\" content=\"https:\/\/aktialiiga.fi\/miehet\/2025-2026\/ennakot\/kierros-tayteen-perjantain-ja-sunnuntain-otteluitten-myota\/\" \/>\n<meta property=\"og:site_name\" content=\"K\u00e4sipallon miesten Aktialiiga\" \/>\n<meta property=\"article:publisher\" content=\"https:\/\/www.facebook.com\/finnhandball\" \/>\n<meta property=\"article:published_time\" content=\"2026-01-22T12:14:39+00:00\" \/>\n<meta property=\"og:image\" content=\"https:\/\/aktialiiga.fi\/miehet\/wp-content\/uploads\/sites\/5\/2025\/09\/A7306976-1030x687.jpg\" \/>\n\t<meta property=\"og:image:width\" content=\"1030\" \/>\n\t<meta property=\"og:image:height\" content=\"687\" \/>\n\t<meta property=\"og:image:type\" content=\"image\/jpeg\" \/>\n<meta name=\"author\" content=\"tbrmedia\" \/>\n<meta name=\"twitter:card\" content=\"summary_large_image\" \/>\n<meta name=\"twitter:creator\" content=\"@finnhandball\" \/>\n<meta name=\"twitter:site\" content=\"@finnhandball\" \/>\n<script type=\"application\/ld+json\" class=\"yoast-schema-graph\">{\"@context\":\"https:\\\/\\\/schema.org\",\"@graph\":[{\"@type\":\"Article\",\"@id\":\"https:\\\/\\\/aktialiiga.fi\\\/miehet\\\/2025-2026\\\/ennakot\\\/kierros-tayteen-perjantain-ja-sunnuntain-otteluitten-myota\\\/#article\",\"isPartOf\":{\"@id\":\"https:\\\/\\\/aktialiiga.fi\\\/miehet\\\/2025-2026\\\/ennakot\\\/kierros-tayteen-perjantain-ja-sunnuntain-otteluitten-myota\\\/\"},\"author\":{\"name\":\"tbrmedia\",\"@id\":\"https:\\\/\\\/aktialiiga.fi\\\/miehet\\\/#\\\/schema\\\/person\\\/c14bf42f47041db74603c45afcb18d87\"},\"headline\":\"Kierros t\u00e4yteen perjantain ja sunnuntain otteluitten my\u00f6t\u00e4\",\"datePublished\":\"2026-01-22T12:14:39+00:00\",\"mainEntityOfPage\":{\"@id\":\"https:\\\/\\\/aktialiiga.fi\\\/miehet\\\/2025-2026\\\/ennakot\\\/kierros-tayteen-perjantain-ja-sunnuntain-otteluitten-myota\\\/\"},\"wordCount\":169,\"publisher\":{\"@id\":\"https:\\\/\\\/aktialiiga.fi\\\/miehet\\\/#organization\"},\"image\":{\"@id\":\"https:\\\/\\\/aktialiiga.fi\\\/miehet\\\/2025-2026\\\/ennakot\\\/kierros-tayteen-perjantain-ja-sunnuntain-otteluitten-myota\\\/#primaryimage\"},\"thumbnailUrl\":\"https:\\\/\\\/i0.wp.com\\\/aktialiiga.fi\\\/miehet\\\/wp-content\\\/uploads\\\/sites\\\/5\\\/2025\\\/09\\\/A7306976.jpg?fit=5088%2C3392&ssl=1\",\"keywords\":[\"\u00c5IFK\",\"BK-46\",\"Dicken\",\"GrIFK\"],\"articleSection\":[\"Ennakot\"],\"inLanguage\":\"fi\"},{\"@type\":\"WebPage\",\"@id\":\"https:\\\/\\\/aktialiiga.fi\\\/miehet\\\/2025-2026\\\/ennakot\\\/kierros-tayteen-perjantain-ja-sunnuntain-otteluitten-myota\\\/\",\"url\":\"https:\\\/\\\/aktialiiga.fi\\\/miehet\\\/2025-2026\\\/ennakot\\\/kierros-tayteen-perjantain-ja-sunnuntain-otteluitten-myota\\\/\",\"name\":\"Kierros t\u00e4yteen perjantain ja sunnuntain otteluitten my\u00f6t\u00e4 | K\u00e4sipallon miesten Aktialiiga\",\"isPartOf\":{\"@id\":\"https:\\\/\\\/aktialiiga.fi\\\/miehet\\\/#website\"},\"primaryImageOfPage\":{\"@id\":\"https:\\\/\\\/aktialiiga.fi\\\/miehet\\\/2025-2026\\\/ennakot\\\/kierros-tayteen-perjantain-ja-sunnuntain-otteluitten-myota\\\/#primaryimage\"},\"image\":{\"@id\":\"https:\\\/\\\/aktialiiga.fi\\\/miehet\\\/2025-2026\\\/ennakot\\\/kierros-tayteen-perjantain-ja-sunnuntain-otteluitten-myota\\\/#primaryimage\"},\"thumbnailUrl\":\"https:\\\/\\\/i0.wp.com\\\/aktialiiga.fi\\\/miehet\\\/wp-content\\\/uploads\\\/sites\\\/5\\\/2025\\\/09\\\/A7306976.jpg?fit=5088%2C3392&ssl=1\",\"datePublished\":\"2026-01-22T12:14:39+00:00\",\"breadcrumb\":{\"@id\":\"https:\\\/\\\/aktialiiga.fi\\\/miehet\\\/2025-2026\\\/ennakot\\\/kierros-tayteen-perjantain-ja-sunnuntain-otteluitten-myota\\\/#breadcrumb\"},\"inLanguage\":\"fi\",\"potentialAction\":[{\"@type\":\"ReadAction\",\"target\":[\"https:\\\/\\\/aktialiiga.fi\\\/miehet\\\/2025-2026\\\/ennakot\\\/kierros-tayteen-perjantain-ja-sunnuntain-otteluitten-myota\\\/\"]}]},{\"@type\":\"ImageObject\",\"inLanguage\":\"fi\",\"@id\":\"https:\\\/\\\/aktialiiga.fi\\\/miehet\\\/2025-2026\\\/ennakot\\\/kierros-tayteen-perjantain-ja-sunnuntain-otteluitten-myota\\\/#primaryimage\",\"url\":\"https:\\\/\\\/i0.wp.com\\\/aktialiiga.fi\\\/miehet\\\/wp-content\\\/uploads\\\/sites\\\/5\\\/2025\\\/09\\\/A7306976.jpg?fit=5088%2C3392&ssl=1\",\"contentUrl\":\"https:\\\/\\\/i0.wp.com\\\/aktialiiga.fi\\\/miehet\\\/wp-content\\\/uploads\\\/sites\\\/5\\\/2025\\\/09\\\/A7306976.jpg?fit=5088%2C3392&ssl=1\",\"width\":5088,\"height\":3392},{\"@type\":\"BreadcrumbList\",\"@id\":\"https:\\\/\\\/aktialiiga.fi\\\/miehet\\\/2025-2026\\\/ennakot\\\/kierros-tayteen-perjantain-ja-sunnuntain-otteluitten-myota\\\/#breadcrumb\",\"itemListElement\":[{\"@type\":\"ListItem\",\"position\":1,\"name\":\"Etusivu\",\"item\":\"https:\\\/\\\/aktialiiga.fi\\\/miehet\\\/\"},{\"@type\":\"ListItem\",\"position\":2,\"name\":\"Kierros t\u00e4yteen perjantain ja sunnuntain otteluitten my\u00f6t\u00e4\"}]},{\"@type\":\"WebSite\",\"@id\":\"https:\\\/\\\/aktialiiga.fi\\\/miehet\\\/#website\",\"url\":\"https:\\\/\\\/aktialiiga.fi\\\/miehet\\\/\",\"name\":\"K\u00e4sipallon miesten Aktialiiga\",\"description\":\"Valtakunnan vauhdikkainta palloilua!\",\"publisher\":{\"@id\":\"https:\\\/\\\/aktialiiga.fi\\\/miehet\\\/#organization\"},\"potentialAction\":[{\"@type\":\"SearchAction\",\"target\":{\"@type\":\"EntryPoint\",\"urlTemplate\":\"https:\\\/\\\/aktialiiga.fi\\\/miehet\\\/?s={search_term_string}\"},\"query-input\":{\"@type\":\"PropertyValueSpecification\",\"valueRequired\":true,\"valueName\":\"search_term_string\"}}],\"inLanguage\":\"fi\"},{\"@type\":\"Organization\",\"@id\":\"https:\\\/\\\/aktialiiga.fi\\\/miehet\\\/#organization\",\"name\":\"K\u00e4sipallon miesten Aktialiiga\",\"url\":\"https:\\\/\\\/aktialiiga.fi\\\/miehet\\\/\",\"logo\":{\"@type\":\"ImageObject\",\"inLanguage\":\"fi\",\"@id\":\"https:\\\/\\\/aktialiiga.fi\\\/miehet\\\/#\\\/schema\\\/logo\\\/image\\\/\",\"url\":\"https:\\\/\\\/i0.wp.com\\\/aktialiiga.fi\\\/miehet\\\/wp-content\\\/uploads\\\/sites\\\/5\\\/2024\\\/09\\\/Aktialiiga-Yoast-512.png?fit=512%2C512&ssl=1\",\"contentUrl\":\"https:\\\/\\\/i0.wp.com\\\/aktialiiga.fi\\\/miehet\\\/wp-content\\\/uploads\\\/sites\\\/5\\\/2024\\\/09\\\/Aktialiiga-Yoast-512.png?fit=512%2C512&ssl=1\",\"width\":512,\"height\":512,\"caption\":\"K\u00e4sipallon miesten Aktialiiga\"},\"image\":{\"@id\":\"https:\\\/\\\/aktialiiga.fi\\\/miehet\\\/#\\\/schema\\\/logo\\\/image\\\/\"},\"sameAs\":[\"https:\\\/\\\/www.facebook.com\\\/finnhandball\",\"https:\\\/\\\/x.com\\\/finnhandball\",\"https:\\\/\\\/www.instagram.com\\\/handballfinland\\\/\"]},{\"@type\":\"Person\",\"@id\":\"https:\\\/\\\/aktialiiga.fi\\\/miehet\\\/#\\\/schema\\\/person\\\/c14bf42f47041db74603c45afcb18d87\",\"name\":\"tbrmedia\",\"image\":{\"@type\":\"ImageObject\",\"inLanguage\":\"fi\",\"@id\":\"https:\\\/\\\/secure.gravatar.com\\\/avatar\\\/ee975fa091fe581d12b60debb3439022686618368a7c142044c56724d4666b16?s=96&d=mm&r=g\",\"url\":\"https:\\\/\\\/secure.gravatar.com\\\/avatar\\\/ee975fa091fe581d12b60debb3439022686618368a7c142044c56724d4666b16?s=96&d=mm&r=g\",\"contentUrl\":\"https:\\\/\\\/secure.gravatar.com\\\/avatar\\\/ee975fa091fe581d12b60debb3439022686618368a7c142044c56724d4666b16?s=96&d=mm&r=g\",\"caption\":\"tbrmedia\"}}]}<\/script>\n<!-- \/ Yoast SEO plugin. -->","yoast_head_json":{"title":"Kierros t\u00e4yteen perjantain ja sunnuntain otteluitten my\u00f6t\u00e4 | K\u00e4sipallon miesten Aktialiiga","robots":{"index":"index","follow":"follow","max-snippet":"max-snippet:-1","max-image-preview":"max-image-preview:large","max-video-preview":"max-video-preview:-1"},"canonical":"https:\/\/aktialiiga.fi\/miehet\/2025-2026\/ennakot\/kierros-tayteen-perjantain-ja-sunnuntain-otteluitten-myota\/","og_locale":"fi_FI","og_type":"article","og_title":"Kierros t\u00e4yteen perjantain ja sunnuntain otteluitten my\u00f6t\u00e4 | K\u00e4sipallon miesten Aktialiiga","og_description":"Aktialiigan runkosarjan 19. kierros pyr\u00e4hti k\u00e4yntiin jo keskiviikkona ja kierroksen kaksi viimeist\u00e4 ottelua pelataan perjantaina ja sunnuntaina. Perjantaina kohtaavat kamratderbyss\u00e4 Turussa \u00c5IFK ja GrIFK. Kauden kaksi aiempaa kohtaamista ovat kumpikin p\u00e4\u00e4ttyneet Granin voittoon 11 maalin erolla. Nyt \u00c5IFK hakee revanssia ja pisteet olisivat turkulaisille t\u00e4rke\u00e4t ajatellen pudotuspelipaikkaa, joka SIF:n keskiviikkoisen voiton my\u00f6t\u00e4 karkasi turkulaisilta kuuden [&hellip;]","og_url":"https:\/\/aktialiiga.fi\/miehet\/2025-2026\/ennakot\/kierros-tayteen-perjantain-ja-sunnuntain-otteluitten-myota\/","og_site_name":"K\u00e4sipallon miesten Aktialiiga","article_publisher":"https:\/\/www.facebook.com\/finnhandball","article_published_time":"2026-01-22T12:14:39+00:00","og_image":[{"width":1030,"height":687,"url":"https:\/\/aktialiiga.fi\/miehet\/wp-content\/uploads\/sites\/5\/2025\/09\/A7306976-1030x687.jpg","type":"image\/jpeg"}],"author":"tbrmedia","twitter_card":"summary_large_image","twitter_creator":"@finnhandball","twitter_site":"@finnhandball","schema":{"@context":"https:\/\/schema.org","@graph":[{"@type":"Article","@id":"https:\/\/aktialiiga.fi\/miehet\/2025-2026\/ennakot\/kierros-tayteen-perjantain-ja-sunnuntain-otteluitten-myota\/#article","isPartOf":{"@id":"https:\/\/aktialiiga.fi\/miehet\/2025-2026\/ennakot\/kierros-tayteen-perjantain-ja-sunnuntain-otteluitten-myota\/"},"author":{"name":"tbrmedia","@id":"https:\/\/aktialiiga.fi\/miehet\/#\/schema\/person\/c14bf42f47041db74603c45afcb18d87"},"headline":"Kierros t\u00e4yteen perjantain ja sunnuntain otteluitten my\u00f6t\u00e4","datePublished":"2026-01-22T12:14:39+00:00","mainEntityOfPage":{"@id":"https:\/\/aktialiiga.fi\/miehet\/2025-2026\/ennakot\/kierros-tayteen-perjantain-ja-sunnuntain-otteluitten-myota\/"},"wordCount":169,"publisher":{"@id":"https:\/\/aktialiiga.fi\/miehet\/#organization"},"image":{"@id":"https:\/\/aktialiiga.fi\/miehet\/2025-2026\/ennakot\/kierros-tayteen-perjantain-ja-sunnuntain-otteluitten-myota\/#primaryimage"},"thumbnailUrl":"https:\/\/i0.wp.com\/aktialiiga.fi\/miehet\/wp-content\/uploads\/sites\/5\/2025\/09\/A7306976.jpg?fit=5088%2C3392&ssl=1","keywords":["\u00c5IFK","BK-46","Dicken","GrIFK"],"articleSection":["Ennakot"],"inLanguage":"fi"},{"@type":"WebPage","@id":"https:\/\/aktialiiga.fi\/miehet\/2025-2026\/ennakot\/kierros-tayteen-perjantain-ja-sunnuntain-otteluitten-myota\/","url":"https:\/\/aktialiiga.fi\/miehet\/2025-2026\/ennakot\/kierros-tayteen-perjantain-ja-sunnuntain-otteluitten-myota\/","name":"Kierros t\u00e4yteen perjantain ja sunnuntain otteluitten my\u00f6t\u00e4 | K\u00e4sipallon miesten Aktialiiga","isPartOf":{"@id":"https:\/\/aktialiiga.fi\/miehet\/#website"},"primaryImageOfPage":{"@id":"https:\/\/aktialiiga.fi\/miehet\/2025-2026\/ennakot\/kierros-tayteen-perjantain-ja-sunnuntain-otteluitten-myota\/#primaryimage"},"image":{"@id":"https:\/\/aktialiiga.fi\/miehet\/2025-2026\/ennakot\/kierros-tayteen-perjantain-ja-sunnuntain-otteluitten-myota\/#primaryimage"},"thumbnailUrl":"https:\/\/i0.wp.com\/aktialiiga.fi\/miehet\/wp-content\/uploads\/sites\/5\/2025\/09\/A7306976.jpg?fit=5088%2C3392&ssl=1","datePublished":"2026-01-22T12:14:39+00:00","breadcrumb":{"@id":"https:\/\/aktialiiga.fi\/miehet\/2025-2026\/ennakot\/kierros-tayteen-perjantain-ja-sunnuntain-otteluitten-myota\/#breadcrumb"},"inLanguage":"fi","potentialAction":[{"@type":"ReadAction","target":["https:\/\/aktialiiga.fi\/miehet\/2025-2026\/ennakot\/kierros-tayteen-perjantain-ja-sunnuntain-otteluitten-myota\/"]}]},{"@type":"ImageObject","inLanguage":"fi","@id":"https:\/\/aktialiiga.fi\/miehet\/2025-2026\/ennakot\/kierros-tayteen-perjantain-ja-sunnuntain-otteluitten-myota\/#primaryimage","url":"https:\/\/i0.wp.com\/aktialiiga.fi\/miehet\/wp-content\/uploads\/sites\/5\/2025\/09\/A7306976.jpg?fit=5088%2C3392&ssl=1","contentUrl":"https:\/\/i0.wp.com\/aktialiiga.fi\/miehet\/wp-content\/uploads\/sites\/5\/2025\/09\/A7306976.jpg?fit=5088%2C3392&ssl=1","width":5088,"height":3392},{"@type":"BreadcrumbList","@id":"https:\/\/aktialiiga.fi\/miehet\/2025-2026\/ennakot\/kierros-tayteen-perjantain-ja-sunnuntain-otteluitten-myota\/#breadcrumb","itemListElement":[{"@type":"ListItem","position":1,"name":"Etusivu","item":"https:\/\/aktialiiga.fi\/miehet\/"},{"@type":"ListItem","position":2,"name":"Kierros t\u00e4yteen perjantain ja sunnuntain otteluitten my\u00f6t\u00e4"}]},{"@type":"WebSite","@id":"https:\/\/aktialiiga.fi\/miehet\/#website","url":"https:\/\/aktialiiga.fi\/miehet\/","name":"K\u00e4sipallon miesten Aktialiiga","description":"Valtakunnan vauhdikkainta palloilua!","publisher":{"@id":"https:\/\/aktialiiga.fi\/miehet\/#organization"},"potentialAction":[{"@type":"SearchAction","target":{"@type":"EntryPoint","urlTemplate":"https:\/\/aktialiiga.fi\/miehet\/?s={search_term_string}"},"query-input":{"@type":"PropertyValueSpecification","valueRequired":true,"valueName":"search_term_string"}}],"inLanguage":"fi"},{"@type":"Organization","@id":"https:\/\/aktialiiga.fi\/miehet\/#organization","name":"K\u00e4sipallon miesten Aktialiiga","url":"https:\/\/aktialiiga.fi\/miehet\/","logo":{"@type":"ImageObject","inLanguage":"fi","@id":"https:\/\/aktialiiga.fi\/miehet\/#\/schema\/logo\/image\/","url":"https:\/\/i0.wp.com\/aktialiiga.fi\/miehet\/wp-content\/uploads\/sites\/5\/2024\/09\/Aktialiiga-Yoast-512.png?fit=512%2C512&ssl=1","contentUrl":"https:\/\/i0.wp.com\/aktialiiga.fi\/miehet\/wp-content\/uploads\/sites\/5\/2024\/09\/Aktialiiga-Yoast-512.png?fit=512%2C512&ssl=1","width":512,"height":512,"caption":"K\u00e4sipallon miesten Aktialiiga"},"image":{"@id":"https:\/\/aktialiiga.fi\/miehet\/#\/schema\/logo\/image\/"},"sameAs":["https:\/\/www.facebook.com\/finnhandball","https:\/\/x.com\/finnhandball","https:\/\/www.instagram.com\/handballfinland\/"]},{"@type":"Person","@id":"https:\/\/aktialiiga.fi\/miehet\/#\/schema\/person\/c14bf42f47041db74603c45afcb18d87","name":"tbrmedia","image":{"@type":"ImageObject","inLanguage":"fi","@id":"https:\/\/secure.gravatar.com\/avatar\/ee975fa091fe581d12b60debb3439022686618368a7c142044c56724d4666b16?s=96&d=mm&r=g","url":"https:\/\/secure.gravatar.com\/avatar\/ee975fa091fe581d12b60debb3439022686618368a7c142044c56724d4666b16?s=96&d=mm&r=g","contentUrl":"https:\/\/secure.gravatar.com\/avatar\/ee975fa091fe581d12b60debb3439022686618368a7c142044c56724d4666b16?s=96&d=mm&r=g","caption":"tbrmedia"}}]}},"jetpack_featured_media_url":"https:\/\/i0.wp.com\/aktialiiga.fi\/miehet\/wp-content\/uploads\/sites\/5\/2025\/09\/A7306976.jpg?fit=5088%2C3392&ssl=1","jetpack_sharing_enabled":true,"jetpack_shortlink":"https:\/\/wp.me\/pfTxOr-hTi","_links":{"self":[{"href":"https:\/\/aktialiiga.fi\/miehet\/wp-json\/wp\/v2\/posts\/68776","targetHints":{"allow":["GET"]}}],"collection":[{"href":"https:\/\/aktialiiga.fi\/miehet\/wp-json\/wp\/v2\/posts"}],"about":[{"href":"https:\/\/aktialiiga.fi\/miehet\/wp-json\/wp\/v2\/types\/post"}],"author":[{"embeddable":true,"href":"https:\/\/aktialiiga.fi\/miehet\/wp-json\/wp\/v2\/users\/13"}],"replies":[{"embeddable":true,"href":"https:\/\/aktialiiga.fi\/miehet\/wp-json\/wp\/v2\/comments?post=68776"}],"version-history":[{"count":2,"href":"https:\/\/aktialiiga.fi\/miehet\/wp-json\/wp\/v2\/posts\/68776\/revisions"}],"predecessor-version":[{"id":68802,"href":"https:\/\/aktialiiga.fi\/miehet\/wp-json\/wp\/v2\/posts\/68776\/revisions\/68802"}],"wp:featuredmedia":[{"embeddable":true,"href":"https:\/\/aktialiiga.fi\/miehet\/wp-json\/wp\/v2\/media\/66191"}],"wp:attachment":[{"href":"https:\/\/aktialiiga.fi\/miehet\/wp-json\/wp\/v2\/media?parent=68776"}],"wp:term":[{"taxonomy":"category","embeddable":true,"href":"https:\/\/aktialiiga.fi\/miehet\/wp-json\/wp\/v2\/categories?post=68776"},{"taxonomy":"post_tag","embeddable":true,"href":"https:\/\/aktialiiga.fi\/miehet\/wp-json\/wp\/v2\/tags?post=68776"}],"curies":[{"name":"wp","href":"https:\/\/api.w.org\/{rel}","templated":true}]}}