{"id":68781,"date":"2026-01-23T20:27:50","date_gmt":"2026-01-23T18:27:50","guid":{"rendered":"https:\/\/aktialiiga.fi\/miehet\/?p=68781"},"modified":"2026-01-23T21:04:47","modified_gmt":"2026-01-23T19:04:47","slug":"grifk-haki-pisteet-aifklta-3","status":"publish","type":"post","link":"https:\/\/aktialiiga.fi\/miehet\/2025-2026\/ottelut\/grifk-haki-pisteet-aifklta-3\/","title":{"rendered":"GrIFK haki pisteet \u00c5IFK:lta"},"content":{"rendered":"<p>GrIFK kiristi kamppailua Aktialiigan runkosarjan kolmannesta sijasta kaatamalla perjantaina vieraskent\u00e4ll\u00e4 \u00c5IFK:n.<\/p>\n<p>Vierasjoukkue Granin vahvan alun j\u00e4lkeen ottelu tasaantui nopeasti. Suhteellisen v\u00e4h\u00e4maalisella avausjaksolla \u00c5IFK ehti hivuttautua jo parin maalin johtoonkin, kunnes Grani vei jakson viimeisen vajaan viisiminuuttisen 5-0 ja p\u00e4\u00e4si tauolle johtoasemassa.<\/p>\n<p>Toisen jakson alussa \u00c5IFK k\u00e4vi jo maalin p\u00e4\u00e4ss\u00e4, mutta Grani nyk\u00e4isi nopeasti johtonsa viiteen maaliin. Is\u00e4nn\u00e4t eiv\u00e4t kuitenkaan luovuttaneet, vaan roikkuivat muutaman maalin tuntumassa. Grani piti kuitenkin johtoasemastaan kiinni loppuun saakka ja vei pisteet matkaansa.<\/p>\n<p>Voiton my\u00f6t\u00e4 Grani kiilasi samaan nippuun Dickenin ja Cocksin kanssa taisteluun runkosarjan kolmossijasta.<\/p>\n<p><!--StartFragment --><\/p>\n<p><span class=\"cf0\">\u00c5IFK:n<\/span><span class=\"cf0\"> p\u00e4\u00e4valmentaja Aku Kuusisto antoi tunnustusta ennen kaikkea maalivahdeille <\/span><span class=\"cf1\">\u2013 <\/span><span class=\"cf0\">\u00c5IFK:n<\/span> <span class=\"cf0\">Alexandru<\/span> <span class=\"cf0\">Pascalle<\/span><span class=\"cf0\"> ja <\/span><span class=\"cf0\">GrIFK:n<\/span><span class=\"cf0\"> Patrik Roslanderille.<\/span><\/p>\n<p><span class=\"cf0\">&#8211; Kahden hyv\u00e4n maalivahdin ottelu. Grani oli kriittisiss\u00e4 maalipaikoissa juuri tuon verran parempi. Olen moneen asiaan tyytyv\u00e4inen paitsi oman maalintekoomme. <\/span><span class=\"cf0\">Pasca<\/span><span class=\"cf0\"> antoi meille sauman voittaa ja siksi saa harmittaa, Kuusisto kuittasi.<\/span><\/p>\n<p><span class=\"cf0\">GrIFK:n<\/span><span class=\"cf0\"> p\u00e4\u00e4valmentaja Anthony Hellakoski n\u00e4ki ottelun samalla tavoin.<\/span><\/p>\n<p><span class=\"cf0\">&#8211; Se oli maalivahtien taistelu! Meill\u00e4 oli varsinkin alussa vaikeuksia saada pallo mallin. Toisen er\u00e4n alussa meid\u00e4n olisi pit\u00e4nyt repi\u00e4 isompi ero. Kiitos <\/span><span class=\"cf0\">\u00c5bolle<\/span><span class=\"cf0\">, Hellakoski sanoi.<\/span><\/p>\n<p><span class=\"cf0\">Ottelun parhaan pelaajan titteli ojennettiin \u00c5bo-maalivahti <\/span><span class=\"cf0\">Pascalle<\/span><span class=\"cf0\">.<\/span><\/p>\n<p><span class=\"cf0\">&#8211; Puolustus auttoi minua paljon. Taistelemme pisteist\u00e4 seuraavissa otteluissa, <\/span><span class=\"cf0\">Pasca<\/span><span class=\"cf0\"> valoi uskoa jatkoon.<\/span><\/p>\n<p><!--EndFragment --><\/p>\n","protected":false},"excerpt":{"rendered":"<p>GrIFK kiristi kamppailua Aktialiigan runkosarjan kolmannesta sijasta kaatamalla perjantaina vieraskent\u00e4ll\u00e4 \u00c5IFK:n. Vierasjoukkue Granin vahvan alun j\u00e4lkeen ottelu tasaantui nopeasti. Suhteellisen v\u00e4h\u00e4maalisella avausjaksolla \u00c5IFK ehti hivuttautua jo parin maalin johtoonkin, kunnes Grani vei jakson viimeisen vajaan viisiminuuttisen 5-0 ja p\u00e4\u00e4si tauolle johtoasemassa. Toisen jakson alussa \u00c5IFK k\u00e4vi jo maalin p\u00e4\u00e4ss\u00e4, mutta Grani nyk\u00e4isi nopeasti johtonsa viiteen [&hellip;]<\/p>\n","protected":false},"author":13,"featured_media":47514,"comment_status":"closed","ping_status":"closed","sticky":false,"template":"","format":"standard","meta":{"_acf_changed":false,"jetpack_post_was_ever_published":false,"_jetpack_newsletter_access":"","_jetpack_dont_email_post_to_subs":false,"_jetpack_newsletter_tier_id":0,"_jetpack_memberships_contains_paywalled_content":false,"_jetpack_memberships_contains_paid_content":false,"footnotes":""},"categories":[361],"tags":[50,64],"class_list":["post-68781","post","type-post","status-publish","format-standard","has-post-thumbnail","hentry","category-ottelut","tag-aifk","tag-grifk"],"acf":[],"yoast_head":"<!-- This site is optimized with the Yoast SEO plugin v27.4 - https:\/\/yoast.com\/product\/yoast-seo-wordpress\/ -->\n<title>GrIFK haki pisteet \u00c5IFK:lta | K\u00e4sipallon miesten Aktialiiga<\/title>\n<meta name=\"robots\" content=\"index, follow, max-snippet:-1, max-image-preview:large, max-video-preview:-1\" \/>\n<link rel=\"canonical\" href=\"https:\/\/aktialiiga.fi\/miehet\/2025-2026\/ottelut\/grifk-haki-pisteet-aifklta-3\/\" \/>\n<meta property=\"og:locale\" content=\"fi_FI\" \/>\n<meta property=\"og:type\" content=\"article\" \/>\n<meta property=\"og:title\" content=\"GrIFK haki pisteet \u00c5IFK:lta | K\u00e4sipallon miesten Aktialiiga\" \/>\n<meta property=\"og:description\" content=\"GrIFK kiristi kamppailua Aktialiigan runkosarjan kolmannesta sijasta kaatamalla perjantaina vieraskent\u00e4ll\u00e4 \u00c5IFK:n. Vierasjoukkue Granin vahvan alun j\u00e4lkeen ottelu tasaantui nopeasti. Suhteellisen v\u00e4h\u00e4maalisella avausjaksolla \u00c5IFK ehti hivuttautua jo parin maalin johtoonkin, kunnes Grani vei jakson viimeisen vajaan viisiminuuttisen 5-0 ja p\u00e4\u00e4si tauolle johtoasemassa. Toisen jakson alussa \u00c5IFK k\u00e4vi jo maalin p\u00e4\u00e4ss\u00e4, mutta Grani nyk\u00e4isi nopeasti johtonsa viiteen [&hellip;]\" \/>\n<meta property=\"og:url\" content=\"https:\/\/aktialiiga.fi\/miehet\/2025-2026\/ottelut\/grifk-haki-pisteet-aifklta-3\/\" \/>\n<meta property=\"og:site_name\" content=\"K\u00e4sipallon miesten Aktialiiga\" \/>\n<meta property=\"article:publisher\" content=\"https:\/\/www.facebook.com\/finnhandball\" \/>\n<meta property=\"article:published_time\" content=\"2026-01-23T18:27:50+00:00\" \/>\n<meta property=\"article:modified_time\" content=\"2026-01-23T19:04:47+00:00\" \/>\n<meta property=\"og:image\" content=\"https:\/\/aktialiiga.fi\/miehet\/wp-content\/uploads\/sites\/5\/2024\/03\/B7A63611-e1711459916995.jpg\" \/>\n\t<meta property=\"og:image:width\" content=\"1448\" \/>\n\t<meta property=\"og:image:height\" content=\"934\" \/>\n\t<meta property=\"og:image:type\" content=\"image\/jpeg\" \/>\n<meta name=\"author\" content=\"tbrmedia\" \/>\n<meta name=\"twitter:card\" content=\"summary_large_image\" \/>\n<meta name=\"twitter:creator\" content=\"@finnhandball\" \/>\n<meta name=\"twitter:site\" content=\"@finnhandball\" \/>\n<script type=\"application\/ld+json\" class=\"yoast-schema-graph\">{\"@context\":\"https:\\\/\\\/schema.org\",\"@graph\":[{\"@type\":\"Article\",\"@id\":\"https:\\\/\\\/aktialiiga.fi\\\/miehet\\\/2025-2026\\\/ottelut\\\/grifk-haki-pisteet-aifklta-3\\\/#article\",\"isPartOf\":{\"@id\":\"https:\\\/\\\/aktialiiga.fi\\\/miehet\\\/2025-2026\\\/ottelut\\\/grifk-haki-pisteet-aifklta-3\\\/\"},\"author\":{\"name\":\"tbrmedia\",\"@id\":\"https:\\\/\\\/aktialiiga.fi\\\/miehet\\\/#\\\/schema\\\/person\\\/c14bf42f47041db74603c45afcb18d87\"},\"headline\":\"GrIFK haki pisteet \u00c5IFK:lta\",\"datePublished\":\"2026-01-23T18:27:50+00:00\",\"dateModified\":\"2026-01-23T19:04:47+00:00\",\"mainEntityOfPage\":{\"@id\":\"https:\\\/\\\/aktialiiga.fi\\\/miehet\\\/2025-2026\\\/ottelut\\\/grifk-haki-pisteet-aifklta-3\\\/\"},\"wordCount\":220,\"publisher\":{\"@id\":\"https:\\\/\\\/aktialiiga.fi\\\/miehet\\\/#organization\"},\"image\":{\"@id\":\"https:\\\/\\\/aktialiiga.fi\\\/miehet\\\/2025-2026\\\/ottelut\\\/grifk-haki-pisteet-aifklta-3\\\/#primaryimage\"},\"thumbnailUrl\":\"https:\\\/\\\/i0.wp.com\\\/aktialiiga.fi\\\/miehet\\\/wp-content\\\/uploads\\\/sites\\\/5\\\/2024\\\/03\\\/B7A63611-e1711459916995.jpg?fit=1448%2C934&ssl=1\",\"keywords\":[\"\u00c5IFK\",\"GrIFK\"],\"articleSection\":[\"Ottelut 2025-26\"],\"inLanguage\":\"fi\"},{\"@type\":\"WebPage\",\"@id\":\"https:\\\/\\\/aktialiiga.fi\\\/miehet\\\/2025-2026\\\/ottelut\\\/grifk-haki-pisteet-aifklta-3\\\/\",\"url\":\"https:\\\/\\\/aktialiiga.fi\\\/miehet\\\/2025-2026\\\/ottelut\\\/grifk-haki-pisteet-aifklta-3\\\/\",\"name\":\"GrIFK haki pisteet \u00c5IFK:lta | K\u00e4sipallon miesten Aktialiiga\",\"isPartOf\":{\"@id\":\"https:\\\/\\\/aktialiiga.fi\\\/miehet\\\/#website\"},\"primaryImageOfPage\":{\"@id\":\"https:\\\/\\\/aktialiiga.fi\\\/miehet\\\/2025-2026\\\/ottelut\\\/grifk-haki-pisteet-aifklta-3\\\/#primaryimage\"},\"image\":{\"@id\":\"https:\\\/\\\/aktialiiga.fi\\\/miehet\\\/2025-2026\\\/ottelut\\\/grifk-haki-pisteet-aifklta-3\\\/#primaryimage\"},\"thumbnailUrl\":\"https:\\\/\\\/i0.wp.com\\\/aktialiiga.fi\\\/miehet\\\/wp-content\\\/uploads\\\/sites\\\/5\\\/2024\\\/03\\\/B7A63611-e1711459916995.jpg?fit=1448%2C934&ssl=1\",\"datePublished\":\"2026-01-23T18:27:50+00:00\",\"dateModified\":\"2026-01-23T19:04:47+00:00\",\"breadcrumb\":{\"@id\":\"https:\\\/\\\/aktialiiga.fi\\\/miehet\\\/2025-2026\\\/ottelut\\\/grifk-haki-pisteet-aifklta-3\\\/#breadcrumb\"},\"inLanguage\":\"fi\",\"potentialAction\":[{\"@type\":\"ReadAction\",\"target\":[\"https:\\\/\\\/aktialiiga.fi\\\/miehet\\\/2025-2026\\\/ottelut\\\/grifk-haki-pisteet-aifklta-3\\\/\"]}]},{\"@type\":\"ImageObject\",\"inLanguage\":\"fi\",\"@id\":\"https:\\\/\\\/aktialiiga.fi\\\/miehet\\\/2025-2026\\\/ottelut\\\/grifk-haki-pisteet-aifklta-3\\\/#primaryimage\",\"url\":\"https:\\\/\\\/i0.wp.com\\\/aktialiiga.fi\\\/miehet\\\/wp-content\\\/uploads\\\/sites\\\/5\\\/2024\\\/03\\\/B7A63611-e1711459916995.jpg?fit=1448%2C934&ssl=1\",\"contentUrl\":\"https:\\\/\\\/i0.wp.com\\\/aktialiiga.fi\\\/miehet\\\/wp-content\\\/uploads\\\/sites\\\/5\\\/2024\\\/03\\\/B7A63611-e1711459916995.jpg?fit=1448%2C934&ssl=1\",\"width\":1448,\"height\":934,\"caption\":\"Patrik Roslander - Kuva: Aki Ylivarvi\"},{\"@type\":\"BreadcrumbList\",\"@id\":\"https:\\\/\\\/aktialiiga.fi\\\/miehet\\\/2025-2026\\\/ottelut\\\/grifk-haki-pisteet-aifklta-3\\\/#breadcrumb\",\"itemListElement\":[{\"@type\":\"ListItem\",\"position\":1,\"name\":\"Etusivu\",\"item\":\"https:\\\/\\\/aktialiiga.fi\\\/miehet\\\/\"},{\"@type\":\"ListItem\",\"position\":2,\"name\":\"GrIFK haki pisteet \u00c5IFK:lta\"}]},{\"@type\":\"WebSite\",\"@id\":\"https:\\\/\\\/aktialiiga.fi\\\/miehet\\\/#website\",\"url\":\"https:\\\/\\\/aktialiiga.fi\\\/miehet\\\/\",\"name\":\"K\u00e4sipallon miesten Aktialiiga\",\"description\":\"Valtakunnan vauhdikkainta palloilua!\",\"publisher\":{\"@id\":\"https:\\\/\\\/aktialiiga.fi\\\/miehet\\\/#organization\"},\"potentialAction\":[{\"@type\":\"SearchAction\",\"target\":{\"@type\":\"EntryPoint\",\"urlTemplate\":\"https:\\\/\\\/aktialiiga.fi\\\/miehet\\\/?s={search_term_string}\"},\"query-input\":{\"@type\":\"PropertyValueSpecification\",\"valueRequired\":true,\"valueName\":\"search_term_string\"}}],\"inLanguage\":\"fi\"},{\"@type\":\"Organization\",\"@id\":\"https:\\\/\\\/aktialiiga.fi\\\/miehet\\\/#organization\",\"name\":\"K\u00e4sipallon miesten Aktialiiga\",\"url\":\"https:\\\/\\\/aktialiiga.fi\\\/miehet\\\/\",\"logo\":{\"@type\":\"ImageObject\",\"inLanguage\":\"fi\",\"@id\":\"https:\\\/\\\/aktialiiga.fi\\\/miehet\\\/#\\\/schema\\\/logo\\\/image\\\/\",\"url\":\"https:\\\/\\\/i0.wp.com\\\/aktialiiga.fi\\\/miehet\\\/wp-content\\\/uploads\\\/sites\\\/5\\\/2024\\\/09\\\/Aktialiiga-Yoast-512.png?fit=512%2C512&ssl=1\",\"contentUrl\":\"https:\\\/\\\/i0.wp.com\\\/aktialiiga.fi\\\/miehet\\\/wp-content\\\/uploads\\\/sites\\\/5\\\/2024\\\/09\\\/Aktialiiga-Yoast-512.png?fit=512%2C512&ssl=1\",\"width\":512,\"height\":512,\"caption\":\"K\u00e4sipallon miesten Aktialiiga\"},\"image\":{\"@id\":\"https:\\\/\\\/aktialiiga.fi\\\/miehet\\\/#\\\/schema\\\/logo\\\/image\\\/\"},\"sameAs\":[\"https:\\\/\\\/www.facebook.com\\\/finnhandball\",\"https:\\\/\\\/x.com\\\/finnhandball\",\"https:\\\/\\\/www.instagram.com\\\/handballfinland\\\/\"]},{\"@type\":\"Person\",\"@id\":\"https:\\\/\\\/aktialiiga.fi\\\/miehet\\\/#\\\/schema\\\/person\\\/c14bf42f47041db74603c45afcb18d87\",\"name\":\"tbrmedia\",\"image\":{\"@type\":\"ImageObject\",\"inLanguage\":\"fi\",\"@id\":\"https:\\\/\\\/secure.gravatar.com\\\/avatar\\\/ee975fa091fe581d12b60debb3439022686618368a7c142044c56724d4666b16?s=96&d=mm&r=g\",\"url\":\"https:\\\/\\\/secure.gravatar.com\\\/avatar\\\/ee975fa091fe581d12b60debb3439022686618368a7c142044c56724d4666b16?s=96&d=mm&r=g\",\"contentUrl\":\"https:\\\/\\\/secure.gravatar.com\\\/avatar\\\/ee975fa091fe581d12b60debb3439022686618368a7c142044c56724d4666b16?s=96&d=mm&r=g\",\"caption\":\"tbrmedia\"}}]}<\/script>\n<!-- \/ Yoast SEO plugin. -->","yoast_head_json":{"title":"GrIFK haki pisteet \u00c5IFK:lta | K\u00e4sipallon miesten Aktialiiga","robots":{"index":"index","follow":"follow","max-snippet":"max-snippet:-1","max-image-preview":"max-image-preview:large","max-video-preview":"max-video-preview:-1"},"canonical":"https:\/\/aktialiiga.fi\/miehet\/2025-2026\/ottelut\/grifk-haki-pisteet-aifklta-3\/","og_locale":"fi_FI","og_type":"article","og_title":"GrIFK haki pisteet \u00c5IFK:lta | K\u00e4sipallon miesten Aktialiiga","og_description":"GrIFK kiristi kamppailua Aktialiigan runkosarjan kolmannesta sijasta kaatamalla perjantaina vieraskent\u00e4ll\u00e4 \u00c5IFK:n. Vierasjoukkue Granin vahvan alun j\u00e4lkeen ottelu tasaantui nopeasti. Suhteellisen v\u00e4h\u00e4maalisella avausjaksolla \u00c5IFK ehti hivuttautua jo parin maalin johtoonkin, kunnes Grani vei jakson viimeisen vajaan viisiminuuttisen 5-0 ja p\u00e4\u00e4si tauolle johtoasemassa. Toisen jakson alussa \u00c5IFK k\u00e4vi jo maalin p\u00e4\u00e4ss\u00e4, mutta Grani nyk\u00e4isi nopeasti johtonsa viiteen [&hellip;]","og_url":"https:\/\/aktialiiga.fi\/miehet\/2025-2026\/ottelut\/grifk-haki-pisteet-aifklta-3\/","og_site_name":"K\u00e4sipallon miesten Aktialiiga","article_publisher":"https:\/\/www.facebook.com\/finnhandball","article_published_time":"2026-01-23T18:27:50+00:00","article_modified_time":"2026-01-23T19:04:47+00:00","og_image":[{"width":1448,"height":934,"url":"https:\/\/aktialiiga.fi\/miehet\/wp-content\/uploads\/sites\/5\/2024\/03\/B7A63611-e1711459916995.jpg","type":"image\/jpeg"}],"author":"tbrmedia","twitter_card":"summary_large_image","twitter_creator":"@finnhandball","twitter_site":"@finnhandball","schema":{"@context":"https:\/\/schema.org","@graph":[{"@type":"Article","@id":"https:\/\/aktialiiga.fi\/miehet\/2025-2026\/ottelut\/grifk-haki-pisteet-aifklta-3\/#article","isPartOf":{"@id":"https:\/\/aktialiiga.fi\/miehet\/2025-2026\/ottelut\/grifk-haki-pisteet-aifklta-3\/"},"author":{"name":"tbrmedia","@id":"https:\/\/aktialiiga.fi\/miehet\/#\/schema\/person\/c14bf42f47041db74603c45afcb18d87"},"headline":"GrIFK haki pisteet \u00c5IFK:lta","datePublished":"2026-01-23T18:27:50+00:00","dateModified":"2026-01-23T19:04:47+00:00","mainEntityOfPage":{"@id":"https:\/\/aktialiiga.fi\/miehet\/2025-2026\/ottelut\/grifk-haki-pisteet-aifklta-3\/"},"wordCount":220,"publisher":{"@id":"https:\/\/aktialiiga.fi\/miehet\/#organization"},"image":{"@id":"https:\/\/aktialiiga.fi\/miehet\/2025-2026\/ottelut\/grifk-haki-pisteet-aifklta-3\/#primaryimage"},"thumbnailUrl":"https:\/\/i0.wp.com\/aktialiiga.fi\/miehet\/wp-content\/uploads\/sites\/5\/2024\/03\/B7A63611-e1711459916995.jpg?fit=1448%2C934&ssl=1","keywords":["\u00c5IFK","GrIFK"],"articleSection":["Ottelut 2025-26"],"inLanguage":"fi"},{"@type":"WebPage","@id":"https:\/\/aktialiiga.fi\/miehet\/2025-2026\/ottelut\/grifk-haki-pisteet-aifklta-3\/","url":"https:\/\/aktialiiga.fi\/miehet\/2025-2026\/ottelut\/grifk-haki-pisteet-aifklta-3\/","name":"GrIFK haki pisteet \u00c5IFK:lta | K\u00e4sipallon miesten Aktialiiga","isPartOf":{"@id":"https:\/\/aktialiiga.fi\/miehet\/#website"},"primaryImageOfPage":{"@id":"https:\/\/aktialiiga.fi\/miehet\/2025-2026\/ottelut\/grifk-haki-pisteet-aifklta-3\/#primaryimage"},"image":{"@id":"https:\/\/aktialiiga.fi\/miehet\/2025-2026\/ottelut\/grifk-haki-pisteet-aifklta-3\/#primaryimage"},"thumbnailUrl":"https:\/\/i0.wp.com\/aktialiiga.fi\/miehet\/wp-content\/uploads\/sites\/5\/2024\/03\/B7A63611-e1711459916995.jpg?fit=1448%2C934&ssl=1","datePublished":"2026-01-23T18:27:50+00:00","dateModified":"2026-01-23T19:04:47+00:00","breadcrumb":{"@id":"https:\/\/aktialiiga.fi\/miehet\/2025-2026\/ottelut\/grifk-haki-pisteet-aifklta-3\/#breadcrumb"},"inLanguage":"fi","potentialAction":[{"@type":"ReadAction","target":["https:\/\/aktialiiga.fi\/miehet\/2025-2026\/ottelut\/grifk-haki-pisteet-aifklta-3\/"]}]},{"@type":"ImageObject","inLanguage":"fi","@id":"https:\/\/aktialiiga.fi\/miehet\/2025-2026\/ottelut\/grifk-haki-pisteet-aifklta-3\/#primaryimage","url":"https:\/\/i0.wp.com\/aktialiiga.fi\/miehet\/wp-content\/uploads\/sites\/5\/2024\/03\/B7A63611-e1711459916995.jpg?fit=1448%2C934&ssl=1","contentUrl":"https:\/\/i0.wp.com\/aktialiiga.fi\/miehet\/wp-content\/uploads\/sites\/5\/2024\/03\/B7A63611-e1711459916995.jpg?fit=1448%2C934&ssl=1","width":1448,"height":934,"caption":"Patrik Roslander - Kuva: Aki Ylivarvi"},{"@type":"BreadcrumbList","@id":"https:\/\/aktialiiga.fi\/miehet\/2025-2026\/ottelut\/grifk-haki-pisteet-aifklta-3\/#breadcrumb","itemListElement":[{"@type":"ListItem","position":1,"name":"Etusivu","item":"https:\/\/aktialiiga.fi\/miehet\/"},{"@type":"ListItem","position":2,"name":"GrIFK haki pisteet \u00c5IFK:lta"}]},{"@type":"WebSite","@id":"https:\/\/aktialiiga.fi\/miehet\/#website","url":"https:\/\/aktialiiga.fi\/miehet\/","name":"K\u00e4sipallon miesten Aktialiiga","description":"Valtakunnan vauhdikkainta palloilua!","publisher":{"@id":"https:\/\/aktialiiga.fi\/miehet\/#organization"},"potentialAction":[{"@type":"SearchAction","target":{"@type":"EntryPoint","urlTemplate":"https:\/\/aktialiiga.fi\/miehet\/?s={search_term_string}"},"query-input":{"@type":"PropertyValueSpecification","valueRequired":true,"valueName":"search_term_string"}}],"inLanguage":"fi"},{"@type":"Organization","@id":"https:\/\/aktialiiga.fi\/miehet\/#organization","name":"K\u00e4sipallon miesten Aktialiiga","url":"https:\/\/aktialiiga.fi\/miehet\/","logo":{"@type":"ImageObject","inLanguage":"fi","@id":"https:\/\/aktialiiga.fi\/miehet\/#\/schema\/logo\/image\/","url":"https:\/\/i0.wp.com\/aktialiiga.fi\/miehet\/wp-content\/uploads\/sites\/5\/2024\/09\/Aktialiiga-Yoast-512.png?fit=512%2C512&ssl=1","contentUrl":"https:\/\/i0.wp.com\/aktialiiga.fi\/miehet\/wp-content\/uploads\/sites\/5\/2024\/09\/Aktialiiga-Yoast-512.png?fit=512%2C512&ssl=1","width":512,"height":512,"caption":"K\u00e4sipallon miesten Aktialiiga"},"image":{"@id":"https:\/\/aktialiiga.fi\/miehet\/#\/schema\/logo\/image\/"},"sameAs":["https:\/\/www.facebook.com\/finnhandball","https:\/\/x.com\/finnhandball","https:\/\/www.instagram.com\/handballfinland\/"]},{"@type":"Person","@id":"https:\/\/aktialiiga.fi\/miehet\/#\/schema\/person\/c14bf42f47041db74603c45afcb18d87","name":"tbrmedia","image":{"@type":"ImageObject","inLanguage":"fi","@id":"https:\/\/secure.gravatar.com\/avatar\/ee975fa091fe581d12b60debb3439022686618368a7c142044c56724d4666b16?s=96&d=mm&r=g","url":"https:\/\/secure.gravatar.com\/avatar\/ee975fa091fe581d12b60debb3439022686618368a7c142044c56724d4666b16?s=96&d=mm&r=g","contentUrl":"https:\/\/secure.gravatar.com\/avatar\/ee975fa091fe581d12b60debb3439022686618368a7c142044c56724d4666b16?s=96&d=mm&r=g","caption":"tbrmedia"}}]}},"jetpack_featured_media_url":"https:\/\/i0.wp.com\/aktialiiga.fi\/miehet\/wp-content\/uploads\/sites\/5\/2024\/03\/B7A63611-e1711459916995.jpg?fit=1448%2C934&ssl=1","jetpack_sharing_enabled":true,"jetpack_shortlink":"https:\/\/wp.me\/pfTxOr-hTn","_links":{"self":[{"href":"https:\/\/aktialiiga.fi\/miehet\/wp-json\/wp\/v2\/posts\/68781","targetHints":{"allow":["GET"]}}],"collection":[{"href":"https:\/\/aktialiiga.fi\/miehet\/wp-json\/wp\/v2\/posts"}],"about":[{"href":"https:\/\/aktialiiga.fi\/miehet\/wp-json\/wp\/v2\/types\/post"}],"author":[{"embeddable":true,"href":"https:\/\/aktialiiga.fi\/miehet\/wp-json\/wp\/v2\/users\/13"}],"replies":[{"embeddable":true,"href":"https:\/\/aktialiiga.fi\/miehet\/wp-json\/wp\/v2\/comments?post=68781"}],"version-history":[{"count":4,"href":"https:\/\/aktialiiga.fi\/miehet\/wp-json\/wp\/v2\/posts\/68781\/revisions"}],"predecessor-version":[{"id":68812,"href":"https:\/\/aktialiiga.fi\/miehet\/wp-json\/wp\/v2\/posts\/68781\/revisions\/68812"}],"wp:featuredmedia":[{"embeddable":true,"href":"https:\/\/aktialiiga.fi\/miehet\/wp-json\/wp\/v2\/media\/47514"}],"wp:attachment":[{"href":"https:\/\/aktialiiga.fi\/miehet\/wp-json\/wp\/v2\/media?parent=68781"}],"wp:term":[{"taxonomy":"category","embeddable":true,"href":"https:\/\/aktialiiga.fi\/miehet\/wp-json\/wp\/v2\/categories?post=68781"},{"taxonomy":"post_tag","embeddable":true,"href":"https:\/\/aktialiiga.fi\/miehet\/wp-json\/wp\/v2\/tags?post=68781"}],"curies":[{"name":"wp","href":"https:\/\/api.w.org\/{rel}","templated":true}]}}