{"id":68796,"date":"2026-01-25T17:44:45","date_gmt":"2026-01-25T15:44:45","guid":{"rendered":"https:\/\/aktialiiga.fi\/miehet\/?p=68796"},"modified":"2026-01-25T17:49:40","modified_gmt":"2026-01-25T15:49:40","slug":"dicken-piti-bk-46tta-tiukoilla","status":"publish","type":"post","link":"https:\/\/aktialiiga.fi\/miehet\/2025-2026\/ottelut\/dicken-piti-bk-46tta-tiukoilla\/","title":{"rendered":"Dicken piti BK-46:tta tiukoilla"},"content":{"rendered":"<p><!--StartFragment --><\/p>\n<p><span class=\"cf0\">Sarjak\u00e4rki BK-46 sai tehd\u00e4 tosissaan t\u00f6it\u00e4 sunnuntaina ennen kuin pisteet irtosivat tiukasti vastaan haranneen Dickenin vieraana.<\/span><\/p>\n<p><span class=\"cf0\">BK aloitti ottelun vahvasti ja n\u00e4ytti jo menev\u00e4n menojaan kuuden maalin johdon my\u00f6t\u00e4. Dicken ei kuitenkaan luovuttanut heti alkuun, vaan alkoi kuroa eroa kiinni maali maalilta nousten jo tasoihin saakka. Tauon alla BK sai kuitenkin nyk\u00e4isty\u00e4 parin maalin johdon.<\/span><\/p>\n<p><span class=\"cf0\">Toisen jakson alussa Dicken nousi j\u00e4lleen tasoihin, muta ei miss\u00e4\u00e4n vaiheessa p\u00e4\u00e4ssyt johtoon. Jaksoa edettiin <\/span><span class=\"cf0\">BK:n<\/span><span class=\"cf0\"> niukassa johdossa ja viisi minuuttia ennen loppua eroa oli vain yksi maali. BK oli kuitenkin lopussa vahvempi ja piti johtoasemansa loppuun saakka.<br \/>\n<\/span><\/p>\n<p><!--StartFragment --><\/p>\n<p><span class=\"cf0\">Dickenin p\u00e4\u00e4valmentaja Ken Sirenius l\u00f6ysi tuloksesta huolimatta paljon hyv\u00e4\u00e4 omiensa pelist\u00e4.<\/span><\/p>\n<p><span class=\"cf0\">&#8211; Voimme olla osittain tyytyv\u00e4isi\u00e4 tiettyihin osa-alueisiin, joita olemme pyrkineet kehitt\u00e4m\u00e4\u00e4n. Etenkin pelaajien asenne ja halu tehd\u00e4 koko ajan ekstraa oli t\u00e4n\u00e4\u00e4n hyv\u00e4ll\u00e4 tasolla. Sit\u00e4 t\u00e4ytyy jatkaa, kun se on meille t\u00e4rke\u00e4\u00e4 kev\u00e4\u00e4n peleiss\u00e4. <\/span><\/p>\n<p><span class=\"cf0\">&#8211; Ratkaisevassa osassa oli Oleksii <\/span><span class=\"cf0\">Shcherbakin<\/span><span class=\"cf0\"> peli. H\u00e4nt\u00e4 emme saaneet t\u00e4n\u00e4\u00e4n kuriin, Sirenius totesi.<\/span><\/p>\n<p><span class=\"cf0\">BK-46:n p\u00e4\u00e4valmentaja Andreas <\/span><span class=\"cf0\">R\u00f6nnberg<\/span><span class=\"cf0\"> antoi vastustajalle ansaitut kehut.<\/span><\/p>\n<p><span class=\"cf0\">&#8211; Dicken pelasi hyv\u00e4n pelin t\u00e4n\u00e4\u00e4n. Me emme saaneet puolustusta kuntoon miss\u00e4\u00e4n vaiheessa. Ainoa positiivinen asia oli <\/span><span class=\"cf0\">Shcherbakin<\/span><span class=\"cf0\"> heittopeli. Meid\u00e4n t\u00e4ytyy parantaa jatkossa vieraspelien puolustusta, <\/span><span class=\"cf0\">R\u00f6nnberg<\/span><span class=\"cf0\"> painotti.<\/span><\/p>\n<p><span class=\"cf0\">Molempien valmentajien kehuma, 13 maalia heitt\u00e4nyt <\/span><span class=\"cf0\">Shcherbak<\/span><span class=\"cf0\"> valittiin my\u00f6s ottelun parhaaksi pelaajaksi.<\/span><\/p>\n<p><span class=\"cf0\">&#8211; Olin hieman pettynyt siihen, miten puolustimme t\u00e4n\u00e4\u00e4n. Onneksi hy\u00f6kk\u00e4ys oli hyv\u00e4\u00e4 ja n\u00e4in varmistimme voiton. Oli hieman omituista pelata ilman tulostaulua, joten peli oli j\u00e4nn\u00e4 loppuun asti, <\/span><span class=\"cf0\">Shcherbak<\/span><span class=\"cf0\"> summasi.<\/span><\/p>\n<p><!--EndFragment --><\/p>\n<p><!--EndFragment --><\/p>\n","protected":false},"excerpt":{"rendered":"<p>Sarjak\u00e4rki BK-46 sai tehd\u00e4 tosissaan t\u00f6it\u00e4 sunnuntaina ennen kuin pisteet irtosivat tiukasti vastaan haranneen Dickenin vieraana. BK aloitti ottelun vahvasti ja n\u00e4ytti jo menev\u00e4n menojaan kuuden maalin johdon my\u00f6t\u00e4. Dicken ei kuitenkaan luovuttanut heti alkuun, vaan alkoi kuroa eroa kiinni maali maalilta nousten jo tasoihin saakka. Tauon alla BK sai kuitenkin nyk\u00e4isty\u00e4 parin maalin johdon. [&hellip;]<\/p>\n","protected":false},"author":13,"featured_media":66161,"comment_status":"closed","ping_status":"closed","sticky":false,"template":"","format":"standard","meta":{"_acf_changed":false,"jetpack_post_was_ever_published":false,"_jetpack_newsletter_access":"","_jetpack_dont_email_post_to_subs":false,"_jetpack_newsletter_tier_id":0,"_jetpack_memberships_contains_paywalled_content":false,"_jetpack_memberships_contains_paid_content":false,"footnotes":""},"categories":[361],"tags":[56,58],"class_list":["post-68796","post","type-post","status-publish","format-standard","has-post-thumbnail","hentry","category-ottelut","tag-bk-46","tag-dicken"],"acf":[],"yoast_head":"<!-- This site is optimized with the Yoast SEO plugin v27.4 - https:\/\/yoast.com\/product\/yoast-seo-wordpress\/ -->\n<title>Dicken piti BK-46:tta tiukoilla | K\u00e4sipallon miesten Aktialiiga<\/title>\n<meta name=\"robots\" content=\"index, follow, max-snippet:-1, max-image-preview:large, max-video-preview:-1\" \/>\n<link rel=\"canonical\" href=\"https:\/\/aktialiiga.fi\/miehet\/2025-2026\/ottelut\/dicken-piti-bk-46tta-tiukoilla\/\" \/>\n<meta property=\"og:locale\" content=\"fi_FI\" \/>\n<meta property=\"og:type\" content=\"article\" \/>\n<meta property=\"og:title\" content=\"Dicken piti BK-46:tta tiukoilla | K\u00e4sipallon miesten Aktialiiga\" \/>\n<meta property=\"og:description\" content=\"Sarjak\u00e4rki BK-46 sai tehd\u00e4 tosissaan t\u00f6it\u00e4 sunnuntaina ennen kuin pisteet irtosivat tiukasti vastaan haranneen Dickenin vieraana. BK aloitti ottelun vahvasti ja n\u00e4ytti jo menev\u00e4n menojaan kuuden maalin johdon my\u00f6t\u00e4. Dicken ei kuitenkaan luovuttanut heti alkuun, vaan alkoi kuroa eroa kiinni maali maalilta nousten jo tasoihin saakka. Tauon alla BK sai kuitenkin nyk\u00e4isty\u00e4 parin maalin johdon. [&hellip;]\" \/>\n<meta property=\"og:url\" content=\"https:\/\/aktialiiga.fi\/miehet\/2025-2026\/ottelut\/dicken-piti-bk-46tta-tiukoilla\/\" \/>\n<meta property=\"og:site_name\" content=\"K\u00e4sipallon miesten Aktialiiga\" \/>\n<meta property=\"article:publisher\" content=\"https:\/\/www.facebook.com\/finnhandball\" \/>\n<meta property=\"article:published_time\" content=\"2026-01-25T15:44:45+00:00\" \/>\n<meta property=\"article:modified_time\" content=\"2026-01-25T15:49:40+00:00\" \/>\n<meta property=\"og:image\" content=\"https:\/\/aktialiiga.fi\/miehet\/wp-content\/uploads\/sites\/5\/2025\/09\/A7308467-1030x687.jpg\" \/>\n\t<meta property=\"og:image:width\" content=\"1030\" \/>\n\t<meta property=\"og:image:height\" content=\"687\" \/>\n\t<meta property=\"og:image:type\" content=\"image\/jpeg\" \/>\n<meta name=\"author\" content=\"tbrmedia\" \/>\n<meta name=\"twitter:card\" content=\"summary_large_image\" \/>\n<meta name=\"twitter:creator\" content=\"@finnhandball\" \/>\n<meta name=\"twitter:site\" content=\"@finnhandball\" \/>\n<script type=\"application\/ld+json\" class=\"yoast-schema-graph\">{\"@context\":\"https:\\\/\\\/schema.org\",\"@graph\":[{\"@type\":\"Article\",\"@id\":\"https:\\\/\\\/aktialiiga.fi\\\/miehet\\\/2025-2026\\\/ottelut\\\/dicken-piti-bk-46tta-tiukoilla\\\/#article\",\"isPartOf\":{\"@id\":\"https:\\\/\\\/aktialiiga.fi\\\/miehet\\\/2025-2026\\\/ottelut\\\/dicken-piti-bk-46tta-tiukoilla\\\/\"},\"author\":{\"name\":\"tbrmedia\",\"@id\":\"https:\\\/\\\/aktialiiga.fi\\\/miehet\\\/#\\\/schema\\\/person\\\/c14bf42f47041db74603c45afcb18d87\"},\"headline\":\"Dicken piti BK-46:tta tiukoilla\",\"datePublished\":\"2026-01-25T15:44:45+00:00\",\"dateModified\":\"2026-01-25T15:49:40+00:00\",\"mainEntityOfPage\":{\"@id\":\"https:\\\/\\\/aktialiiga.fi\\\/miehet\\\/2025-2026\\\/ottelut\\\/dicken-piti-bk-46tta-tiukoilla\\\/\"},\"wordCount\":275,\"publisher\":{\"@id\":\"https:\\\/\\\/aktialiiga.fi\\\/miehet\\\/#organization\"},\"image\":{\"@id\":\"https:\\\/\\\/aktialiiga.fi\\\/miehet\\\/2025-2026\\\/ottelut\\\/dicken-piti-bk-46tta-tiukoilla\\\/#primaryimage\"},\"thumbnailUrl\":\"https:\\\/\\\/i0.wp.com\\\/aktialiiga.fi\\\/miehet\\\/wp-content\\\/uploads\\\/sites\\\/5\\\/2025\\\/09\\\/A7308467.jpg?fit=4048%2C2699&ssl=1\",\"keywords\":[\"BK-46\",\"Dicken\"],\"articleSection\":[\"Ottelut 2025-26\"],\"inLanguage\":\"fi\"},{\"@type\":\"WebPage\",\"@id\":\"https:\\\/\\\/aktialiiga.fi\\\/miehet\\\/2025-2026\\\/ottelut\\\/dicken-piti-bk-46tta-tiukoilla\\\/\",\"url\":\"https:\\\/\\\/aktialiiga.fi\\\/miehet\\\/2025-2026\\\/ottelut\\\/dicken-piti-bk-46tta-tiukoilla\\\/\",\"name\":\"Dicken piti BK-46:tta tiukoilla | K\u00e4sipallon miesten Aktialiiga\",\"isPartOf\":{\"@id\":\"https:\\\/\\\/aktialiiga.fi\\\/miehet\\\/#website\"},\"primaryImageOfPage\":{\"@id\":\"https:\\\/\\\/aktialiiga.fi\\\/miehet\\\/2025-2026\\\/ottelut\\\/dicken-piti-bk-46tta-tiukoilla\\\/#primaryimage\"},\"image\":{\"@id\":\"https:\\\/\\\/aktialiiga.fi\\\/miehet\\\/2025-2026\\\/ottelut\\\/dicken-piti-bk-46tta-tiukoilla\\\/#primaryimage\"},\"thumbnailUrl\":\"https:\\\/\\\/i0.wp.com\\\/aktialiiga.fi\\\/miehet\\\/wp-content\\\/uploads\\\/sites\\\/5\\\/2025\\\/09\\\/A7308467.jpg?fit=4048%2C2699&ssl=1\",\"datePublished\":\"2026-01-25T15:44:45+00:00\",\"dateModified\":\"2026-01-25T15:49:40+00:00\",\"breadcrumb\":{\"@id\":\"https:\\\/\\\/aktialiiga.fi\\\/miehet\\\/2025-2026\\\/ottelut\\\/dicken-piti-bk-46tta-tiukoilla\\\/#breadcrumb\"},\"inLanguage\":\"fi\",\"potentialAction\":[{\"@type\":\"ReadAction\",\"target\":[\"https:\\\/\\\/aktialiiga.fi\\\/miehet\\\/2025-2026\\\/ottelut\\\/dicken-piti-bk-46tta-tiukoilla\\\/\"]}]},{\"@type\":\"ImageObject\",\"inLanguage\":\"fi\",\"@id\":\"https:\\\/\\\/aktialiiga.fi\\\/miehet\\\/2025-2026\\\/ottelut\\\/dicken-piti-bk-46tta-tiukoilla\\\/#primaryimage\",\"url\":\"https:\\\/\\\/i0.wp.com\\\/aktialiiga.fi\\\/miehet\\\/wp-content\\\/uploads\\\/sites\\\/5\\\/2025\\\/09\\\/A7308467.jpg?fit=4048%2C2699&ssl=1\",\"contentUrl\":\"https:\\\/\\\/i0.wp.com\\\/aktialiiga.fi\\\/miehet\\\/wp-content\\\/uploads\\\/sites\\\/5\\\/2025\\\/09\\\/A7308467.jpg?fit=4048%2C2699&ssl=1\",\"width\":4048,\"height\":2699},{\"@type\":\"BreadcrumbList\",\"@id\":\"https:\\\/\\\/aktialiiga.fi\\\/miehet\\\/2025-2026\\\/ottelut\\\/dicken-piti-bk-46tta-tiukoilla\\\/#breadcrumb\",\"itemListElement\":[{\"@type\":\"ListItem\",\"position\":1,\"name\":\"Etusivu\",\"item\":\"https:\\\/\\\/aktialiiga.fi\\\/miehet\\\/\"},{\"@type\":\"ListItem\",\"position\":2,\"name\":\"Dicken piti BK-46:tta tiukoilla\"}]},{\"@type\":\"WebSite\",\"@id\":\"https:\\\/\\\/aktialiiga.fi\\\/miehet\\\/#website\",\"url\":\"https:\\\/\\\/aktialiiga.fi\\\/miehet\\\/\",\"name\":\"K\u00e4sipallon miesten Aktialiiga\",\"description\":\"Valtakunnan vauhdikkainta palloilua!\",\"publisher\":{\"@id\":\"https:\\\/\\\/aktialiiga.fi\\\/miehet\\\/#organization\"},\"potentialAction\":[{\"@type\":\"SearchAction\",\"target\":{\"@type\":\"EntryPoint\",\"urlTemplate\":\"https:\\\/\\\/aktialiiga.fi\\\/miehet\\\/?s={search_term_string}\"},\"query-input\":{\"@type\":\"PropertyValueSpecification\",\"valueRequired\":true,\"valueName\":\"search_term_string\"}}],\"inLanguage\":\"fi\"},{\"@type\":\"Organization\",\"@id\":\"https:\\\/\\\/aktialiiga.fi\\\/miehet\\\/#organization\",\"name\":\"K\u00e4sipallon miesten Aktialiiga\",\"url\":\"https:\\\/\\\/aktialiiga.fi\\\/miehet\\\/\",\"logo\":{\"@type\":\"ImageObject\",\"inLanguage\":\"fi\",\"@id\":\"https:\\\/\\\/aktialiiga.fi\\\/miehet\\\/#\\\/schema\\\/logo\\\/image\\\/\",\"url\":\"https:\\\/\\\/i0.wp.com\\\/aktialiiga.fi\\\/miehet\\\/wp-content\\\/uploads\\\/sites\\\/5\\\/2024\\\/09\\\/Aktialiiga-Yoast-512.png?fit=512%2C512&ssl=1\",\"contentUrl\":\"https:\\\/\\\/i0.wp.com\\\/aktialiiga.fi\\\/miehet\\\/wp-content\\\/uploads\\\/sites\\\/5\\\/2024\\\/09\\\/Aktialiiga-Yoast-512.png?fit=512%2C512&ssl=1\",\"width\":512,\"height\":512,\"caption\":\"K\u00e4sipallon miesten Aktialiiga\"},\"image\":{\"@id\":\"https:\\\/\\\/aktialiiga.fi\\\/miehet\\\/#\\\/schema\\\/logo\\\/image\\\/\"},\"sameAs\":[\"https:\\\/\\\/www.facebook.com\\\/finnhandball\",\"https:\\\/\\\/x.com\\\/finnhandball\",\"https:\\\/\\\/www.instagram.com\\\/handballfinland\\\/\"]},{\"@type\":\"Person\",\"@id\":\"https:\\\/\\\/aktialiiga.fi\\\/miehet\\\/#\\\/schema\\\/person\\\/c14bf42f47041db74603c45afcb18d87\",\"name\":\"tbrmedia\",\"image\":{\"@type\":\"ImageObject\",\"inLanguage\":\"fi\",\"@id\":\"https:\\\/\\\/secure.gravatar.com\\\/avatar\\\/ee975fa091fe581d12b60debb3439022686618368a7c142044c56724d4666b16?s=96&d=mm&r=g\",\"url\":\"https:\\\/\\\/secure.gravatar.com\\\/avatar\\\/ee975fa091fe581d12b60debb3439022686618368a7c142044c56724d4666b16?s=96&d=mm&r=g\",\"contentUrl\":\"https:\\\/\\\/secure.gravatar.com\\\/avatar\\\/ee975fa091fe581d12b60debb3439022686618368a7c142044c56724d4666b16?s=96&d=mm&r=g\",\"caption\":\"tbrmedia\"}}]}<\/script>\n<!-- \/ Yoast SEO plugin. -->","yoast_head_json":{"title":"Dicken piti BK-46:tta tiukoilla | K\u00e4sipallon miesten Aktialiiga","robots":{"index":"index","follow":"follow","max-snippet":"max-snippet:-1","max-image-preview":"max-image-preview:large","max-video-preview":"max-video-preview:-1"},"canonical":"https:\/\/aktialiiga.fi\/miehet\/2025-2026\/ottelut\/dicken-piti-bk-46tta-tiukoilla\/","og_locale":"fi_FI","og_type":"article","og_title":"Dicken piti BK-46:tta tiukoilla | K\u00e4sipallon miesten Aktialiiga","og_description":"Sarjak\u00e4rki BK-46 sai tehd\u00e4 tosissaan t\u00f6it\u00e4 sunnuntaina ennen kuin pisteet irtosivat tiukasti vastaan haranneen Dickenin vieraana. BK aloitti ottelun vahvasti ja n\u00e4ytti jo menev\u00e4n menojaan kuuden maalin johdon my\u00f6t\u00e4. Dicken ei kuitenkaan luovuttanut heti alkuun, vaan alkoi kuroa eroa kiinni maali maalilta nousten jo tasoihin saakka. Tauon alla BK sai kuitenkin nyk\u00e4isty\u00e4 parin maalin johdon. [&hellip;]","og_url":"https:\/\/aktialiiga.fi\/miehet\/2025-2026\/ottelut\/dicken-piti-bk-46tta-tiukoilla\/","og_site_name":"K\u00e4sipallon miesten Aktialiiga","article_publisher":"https:\/\/www.facebook.com\/finnhandball","article_published_time":"2026-01-25T15:44:45+00:00","article_modified_time":"2026-01-25T15:49:40+00:00","og_image":[{"width":1030,"height":687,"url":"https:\/\/aktialiiga.fi\/miehet\/wp-content\/uploads\/sites\/5\/2025\/09\/A7308467-1030x687.jpg","type":"image\/jpeg"}],"author":"tbrmedia","twitter_card":"summary_large_image","twitter_creator":"@finnhandball","twitter_site":"@finnhandball","schema":{"@context":"https:\/\/schema.org","@graph":[{"@type":"Article","@id":"https:\/\/aktialiiga.fi\/miehet\/2025-2026\/ottelut\/dicken-piti-bk-46tta-tiukoilla\/#article","isPartOf":{"@id":"https:\/\/aktialiiga.fi\/miehet\/2025-2026\/ottelut\/dicken-piti-bk-46tta-tiukoilla\/"},"author":{"name":"tbrmedia","@id":"https:\/\/aktialiiga.fi\/miehet\/#\/schema\/person\/c14bf42f47041db74603c45afcb18d87"},"headline":"Dicken piti BK-46:tta tiukoilla","datePublished":"2026-01-25T15:44:45+00:00","dateModified":"2026-01-25T15:49:40+00:00","mainEntityOfPage":{"@id":"https:\/\/aktialiiga.fi\/miehet\/2025-2026\/ottelut\/dicken-piti-bk-46tta-tiukoilla\/"},"wordCount":275,"publisher":{"@id":"https:\/\/aktialiiga.fi\/miehet\/#organization"},"image":{"@id":"https:\/\/aktialiiga.fi\/miehet\/2025-2026\/ottelut\/dicken-piti-bk-46tta-tiukoilla\/#primaryimage"},"thumbnailUrl":"https:\/\/i0.wp.com\/aktialiiga.fi\/miehet\/wp-content\/uploads\/sites\/5\/2025\/09\/A7308467.jpg?fit=4048%2C2699&ssl=1","keywords":["BK-46","Dicken"],"articleSection":["Ottelut 2025-26"],"inLanguage":"fi"},{"@type":"WebPage","@id":"https:\/\/aktialiiga.fi\/miehet\/2025-2026\/ottelut\/dicken-piti-bk-46tta-tiukoilla\/","url":"https:\/\/aktialiiga.fi\/miehet\/2025-2026\/ottelut\/dicken-piti-bk-46tta-tiukoilla\/","name":"Dicken piti BK-46:tta tiukoilla | K\u00e4sipallon miesten Aktialiiga","isPartOf":{"@id":"https:\/\/aktialiiga.fi\/miehet\/#website"},"primaryImageOfPage":{"@id":"https:\/\/aktialiiga.fi\/miehet\/2025-2026\/ottelut\/dicken-piti-bk-46tta-tiukoilla\/#primaryimage"},"image":{"@id":"https:\/\/aktialiiga.fi\/miehet\/2025-2026\/ottelut\/dicken-piti-bk-46tta-tiukoilla\/#primaryimage"},"thumbnailUrl":"https:\/\/i0.wp.com\/aktialiiga.fi\/miehet\/wp-content\/uploads\/sites\/5\/2025\/09\/A7308467.jpg?fit=4048%2C2699&ssl=1","datePublished":"2026-01-25T15:44:45+00:00","dateModified":"2026-01-25T15:49:40+00:00","breadcrumb":{"@id":"https:\/\/aktialiiga.fi\/miehet\/2025-2026\/ottelut\/dicken-piti-bk-46tta-tiukoilla\/#breadcrumb"},"inLanguage":"fi","potentialAction":[{"@type":"ReadAction","target":["https:\/\/aktialiiga.fi\/miehet\/2025-2026\/ottelut\/dicken-piti-bk-46tta-tiukoilla\/"]}]},{"@type":"ImageObject","inLanguage":"fi","@id":"https:\/\/aktialiiga.fi\/miehet\/2025-2026\/ottelut\/dicken-piti-bk-46tta-tiukoilla\/#primaryimage","url":"https:\/\/i0.wp.com\/aktialiiga.fi\/miehet\/wp-content\/uploads\/sites\/5\/2025\/09\/A7308467.jpg?fit=4048%2C2699&ssl=1","contentUrl":"https:\/\/i0.wp.com\/aktialiiga.fi\/miehet\/wp-content\/uploads\/sites\/5\/2025\/09\/A7308467.jpg?fit=4048%2C2699&ssl=1","width":4048,"height":2699},{"@type":"BreadcrumbList","@id":"https:\/\/aktialiiga.fi\/miehet\/2025-2026\/ottelut\/dicken-piti-bk-46tta-tiukoilla\/#breadcrumb","itemListElement":[{"@type":"ListItem","position":1,"name":"Etusivu","item":"https:\/\/aktialiiga.fi\/miehet\/"},{"@type":"ListItem","position":2,"name":"Dicken piti BK-46:tta tiukoilla"}]},{"@type":"WebSite","@id":"https:\/\/aktialiiga.fi\/miehet\/#website","url":"https:\/\/aktialiiga.fi\/miehet\/","name":"K\u00e4sipallon miesten Aktialiiga","description":"Valtakunnan vauhdikkainta palloilua!","publisher":{"@id":"https:\/\/aktialiiga.fi\/miehet\/#organization"},"potentialAction":[{"@type":"SearchAction","target":{"@type":"EntryPoint","urlTemplate":"https:\/\/aktialiiga.fi\/miehet\/?s={search_term_string}"},"query-input":{"@type":"PropertyValueSpecification","valueRequired":true,"valueName":"search_term_string"}}],"inLanguage":"fi"},{"@type":"Organization","@id":"https:\/\/aktialiiga.fi\/miehet\/#organization","name":"K\u00e4sipallon miesten Aktialiiga","url":"https:\/\/aktialiiga.fi\/miehet\/","logo":{"@type":"ImageObject","inLanguage":"fi","@id":"https:\/\/aktialiiga.fi\/miehet\/#\/schema\/logo\/image\/","url":"https:\/\/i0.wp.com\/aktialiiga.fi\/miehet\/wp-content\/uploads\/sites\/5\/2024\/09\/Aktialiiga-Yoast-512.png?fit=512%2C512&ssl=1","contentUrl":"https:\/\/i0.wp.com\/aktialiiga.fi\/miehet\/wp-content\/uploads\/sites\/5\/2024\/09\/Aktialiiga-Yoast-512.png?fit=512%2C512&ssl=1","width":512,"height":512,"caption":"K\u00e4sipallon miesten Aktialiiga"},"image":{"@id":"https:\/\/aktialiiga.fi\/miehet\/#\/schema\/logo\/image\/"},"sameAs":["https:\/\/www.facebook.com\/finnhandball","https:\/\/x.com\/finnhandball","https:\/\/www.instagram.com\/handballfinland\/"]},{"@type":"Person","@id":"https:\/\/aktialiiga.fi\/miehet\/#\/schema\/person\/c14bf42f47041db74603c45afcb18d87","name":"tbrmedia","image":{"@type":"ImageObject","inLanguage":"fi","@id":"https:\/\/secure.gravatar.com\/avatar\/ee975fa091fe581d12b60debb3439022686618368a7c142044c56724d4666b16?s=96&d=mm&r=g","url":"https:\/\/secure.gravatar.com\/avatar\/ee975fa091fe581d12b60debb3439022686618368a7c142044c56724d4666b16?s=96&d=mm&r=g","contentUrl":"https:\/\/secure.gravatar.com\/avatar\/ee975fa091fe581d12b60debb3439022686618368a7c142044c56724d4666b16?s=96&d=mm&r=g","caption":"tbrmedia"}}]}},"jetpack_featured_media_url":"https:\/\/i0.wp.com\/aktialiiga.fi\/miehet\/wp-content\/uploads\/sites\/5\/2025\/09\/A7308467.jpg?fit=4048%2C2699&ssl=1","jetpack_sharing_enabled":true,"jetpack_shortlink":"https:\/\/wp.me\/pfTxOr-hTC","_links":{"self":[{"href":"https:\/\/aktialiiga.fi\/miehet\/wp-json\/wp\/v2\/posts\/68796","targetHints":{"allow":["GET"]}}],"collection":[{"href":"https:\/\/aktialiiga.fi\/miehet\/wp-json\/wp\/v2\/posts"}],"about":[{"href":"https:\/\/aktialiiga.fi\/miehet\/wp-json\/wp\/v2\/types\/post"}],"author":[{"embeddable":true,"href":"https:\/\/aktialiiga.fi\/miehet\/wp-json\/wp\/v2\/users\/13"}],"replies":[{"embeddable":true,"href":"https:\/\/aktialiiga.fi\/miehet\/wp-json\/wp\/v2\/comments?post=68796"}],"version-history":[{"count":4,"href":"https:\/\/aktialiiga.fi\/miehet\/wp-json\/wp\/v2\/posts\/68796\/revisions"}],"predecessor-version":[{"id":68800,"href":"https:\/\/aktialiiga.fi\/miehet\/wp-json\/wp\/v2\/posts\/68796\/revisions\/68800"}],"wp:featuredmedia":[{"embeddable":true,"href":"https:\/\/aktialiiga.fi\/miehet\/wp-json\/wp\/v2\/media\/66161"}],"wp:attachment":[{"href":"https:\/\/aktialiiga.fi\/miehet\/wp-json\/wp\/v2\/media?parent=68796"}],"wp:term":[{"taxonomy":"category","embeddable":true,"href":"https:\/\/aktialiiga.fi\/miehet\/wp-json\/wp\/v2\/categories?post=68796"},{"taxonomy":"post_tag","embeddable":true,"href":"https:\/\/aktialiiga.fi\/miehet\/wp-json\/wp\/v2\/tags?post=68796"}],"curies":[{"name":"wp","href":"https:\/\/api.w.org\/{rel}","templated":true}]}}