{"id":68809,"date":"2026-01-27T14:46:03","date_gmt":"2026-01-27T12:46:03","guid":{"rendered":"https:\/\/aktialiiga.fi\/miehet\/?p=68809"},"modified":"2026-01-27T14:46:03","modified_gmt":"2026-01-27T12:46:03","slug":"mikael-makela-palaa-kotiin-ja-dickeniin","status":"publish","type":"post","link":"https:\/\/aktialiiga.fi\/miehet\/ajankohtaista\/mikael-makela-palaa-kotiin-ja-dickeniin\/","title":{"rendered":"Mikael M\u00e4kel\u00e4 palaa kotiin ja Dickeniin"},"content":{"rendered":"<p><!--StartFragment --><\/p>\n<p><span class=\"cf0\">Dicken on solminut loppukauden kattavan sopimuksen maalivahti Mikael M\u00e4kel\u00e4n kanssa. <\/span><\/p>\n<p><span class=\"cf0\">Dickenin oman junioripolun kulkenut M\u00e4kel\u00e4 on edustanut joukkuetta yhteens\u00e4 12 kauden ajan vuosien 2010<\/span><span class=\"cf1\">\u20132022 v<\/span><span class=\"cf0\">\u00e4lill\u00e4. Edelliset kaudet M\u00e4kel\u00e4 on edustanut Ruotsin Liigassa pelaavia <\/span><span class=\"cf0\">Redbergslids<\/span> <span class=\"cf0\">IK:ta<\/span><span class=\"cf0\">, sek\u00e4 Hammarby IF:\u00e4\u00e4. Viimeisin kausi Ruotsissa p\u00e4\u00e4ttyi valitettavaan polvivammaan, josta 32-vuotias maajoukkuepelaaja on nyt kuntoutunut. Uransa aikana M\u00e4kel\u00e4 on pelannut 325 p\u00e4\u00e4sarjaottelua suomessa sek\u00e4 edustanut Suomen maajoukkuetta 95 kertaa. <\/span><\/p>\n<p><span class=\"cf0\">Dickenin p\u00e4\u00e4valmentaja Ken Sirenius on tyytyv\u00e4inen kokeneen maalivahdin mukaantulon johdosta.<\/span><\/p>\n<p><span class=\"cf0\">&#8211; Olemme iloisia siit\u00e4, ett\u00e4 <\/span><span class=\"cf0\">Mikke<\/span><span class=\"cf0\"> liittyy joukkueen vahvuuteen. H\u00e4n on Dicken-profiili ja tuo meille rutiinia ja my\u00f6s kattavan osaamisen ajatellen meid\u00e4n nuorten pelaajien jatkuvaa kehityst\u00e4.<\/span><\/p>\n<p><span class=\"cf0\">Dickenin joukkueen GM Jukka Kamula kommentoi sopimusta:<\/span><\/p>\n<p><span class=\"cf0\">&#8211; Todella hienoa saada <\/span><span class=\"cf0\">Mikke<\/span><span class=\"cf0\"> takaisin kotiin! Pelaajana M\u00e4kel\u00e4 tuo meille huippumaalivahtiosaamisen lis\u00e4ksi kokemusta ja johtajuutta, jota varmasti tullaan tarvitsemaan kev\u00e4\u00e4n kovissa peleiss\u00e4. <\/span><\/p>\n<p><span class=\"cf0\">&#8211; On my\u00f6s t\u00e4rke\u00e4\u00e4 joukkueelle ja koko seuralle, ett\u00e4 saamme <\/span><span class=\"cf0\">Mikken<\/span><span class=\"cf0\"> kaltaisia ulkomailla pelanneita pelaajia takaisin jakamaan osaamistaan nuoremmille pelaajille. <\/span><\/p>\n<p><span class=\"cf0\">Mikael M\u00e4kel\u00e4 on edustuskelpoinen ja joukkueen k\u00e4ytett\u00e4viss\u00e4 v\u00e4litt\u00f6m\u00e4sti. <\/span><\/p>\n<p>&nbsp;<\/p>\n<p><!--EndFragment --><\/p>\n","protected":false},"excerpt":{"rendered":"<p>Dicken on solminut loppukauden kattavan sopimuksen maalivahti Mikael M\u00e4kel\u00e4n kanssa. Dickenin oman junioripolun kulkenut M\u00e4kel\u00e4 on edustanut joukkuetta yhteens\u00e4 12 kauden ajan vuosien 2010\u20132022 v\u00e4lill\u00e4. Edelliset kaudet M\u00e4kel\u00e4 on edustanut Ruotsin Liigassa pelaavia Redbergslids IK:ta, sek\u00e4 Hammarby IF:\u00e4\u00e4. Viimeisin kausi Ruotsissa p\u00e4\u00e4ttyi valitettavaan polvivammaan, josta 32-vuotias maajoukkuepelaaja on nyt kuntoutunut. Uransa aikana M\u00e4kel\u00e4 on pelannut [&hellip;]<\/p>\n","protected":false},"author":13,"featured_media":35352,"comment_status":"closed","ping_status":"closed","sticky":false,"template":"","format":"standard","meta":{"_acf_changed":false,"jetpack_post_was_ever_published":false,"_jetpack_newsletter_access":"","_jetpack_dont_email_post_to_subs":false,"_jetpack_newsletter_tier_id":0,"_jetpack_memberships_contains_paywalled_content":false,"_jetpack_memberships_contains_paid_content":false,"footnotes":""},"categories":[2],"tags":[58],"class_list":["post-68809","post","type-post","status-publish","format-standard","has-post-thumbnail","hentry","category-ajankohtaista","tag-dicken"],"acf":[],"yoast_head":"<!-- This site is optimized with the Yoast SEO plugin v27.5 - https:\/\/yoast.com\/product\/yoast-seo-wordpress\/ -->\n<title>Mikael M\u00e4kel\u00e4 palaa kotiin ja Dickeniin | K\u00e4sipallon miesten Aktialiiga<\/title>\n<meta name=\"robots\" content=\"index, follow, max-snippet:-1, max-image-preview:large, max-video-preview:-1\" \/>\n<link rel=\"canonical\" href=\"https:\/\/aktialiiga.fi\/miehet\/ajankohtaista\/mikael-makela-palaa-kotiin-ja-dickeniin\/\" \/>\n<meta property=\"og:locale\" content=\"fi_FI\" \/>\n<meta property=\"og:type\" content=\"article\" \/>\n<meta property=\"og:title\" content=\"Mikael M\u00e4kel\u00e4 palaa kotiin ja Dickeniin | K\u00e4sipallon miesten Aktialiiga\" \/>\n<meta property=\"og:description\" content=\"Dicken on solminut loppukauden kattavan sopimuksen maalivahti Mikael M\u00e4kel\u00e4n kanssa. Dickenin oman junioripolun kulkenut M\u00e4kel\u00e4 on edustanut joukkuetta yhteens\u00e4 12 kauden ajan vuosien 2010\u20132022 v\u00e4lill\u00e4. Edelliset kaudet M\u00e4kel\u00e4 on edustanut Ruotsin Liigassa pelaavia Redbergslids IK:ta, sek\u00e4 Hammarby IF:\u00e4\u00e4. Viimeisin kausi Ruotsissa p\u00e4\u00e4ttyi valitettavaan polvivammaan, josta 32-vuotias maajoukkuepelaaja on nyt kuntoutunut. Uransa aikana M\u00e4kel\u00e4 on pelannut [&hellip;]\" \/>\n<meta property=\"og:url\" content=\"https:\/\/aktialiiga.fi\/miehet\/ajankohtaista\/mikael-makela-palaa-kotiin-ja-dickeniin\/\" \/>\n<meta property=\"og:site_name\" content=\"K\u00e4sipallon miesten Aktialiiga\" \/>\n<meta property=\"article:publisher\" content=\"https:\/\/www.facebook.com\/finnhandball\" \/>\n<meta property=\"article:published_time\" content=\"2026-01-27T12:46:03+00:00\" \/>\n<meta property=\"og:image\" content=\"https:\/\/aktialiiga.fi\/miehet\/wp-content\/uploads\/sites\/5\/2022\/05\/Makela_Mikael_2022_Dicken.jpg\" \/>\n\t<meta property=\"og:image:width\" content=\"2048\" \/>\n\t<meta property=\"og:image:height\" content=\"1365\" \/>\n\t<meta property=\"og:image:type\" content=\"image\/jpeg\" \/>\n<meta name=\"author\" content=\"tbrmedia\" \/>\n<meta name=\"twitter:card\" content=\"summary_large_image\" \/>\n<meta name=\"twitter:creator\" content=\"@finnhandball\" \/>\n<meta name=\"twitter:site\" content=\"@finnhandball\" \/>\n<script type=\"application\/ld+json\" class=\"yoast-schema-graph\">{\"@context\":\"https:\\\/\\\/schema.org\",\"@graph\":[{\"@type\":\"Article\",\"@id\":\"https:\\\/\\\/aktialiiga.fi\\\/miehet\\\/ajankohtaista\\\/mikael-makela-palaa-kotiin-ja-dickeniin\\\/#article\",\"isPartOf\":{\"@id\":\"https:\\\/\\\/aktialiiga.fi\\\/miehet\\\/ajankohtaista\\\/mikael-makela-palaa-kotiin-ja-dickeniin\\\/\"},\"author\":{\"name\":\"tbrmedia\",\"@id\":\"https:\\\/\\\/aktialiiga.fi\\\/miehet\\\/#\\\/schema\\\/person\\\/c14bf42f47041db74603c45afcb18d87\"},\"headline\":\"Mikael M\u00e4kel\u00e4 palaa kotiin ja Dickeniin\",\"datePublished\":\"2026-01-27T12:46:03+00:00\",\"mainEntityOfPage\":{\"@id\":\"https:\\\/\\\/aktialiiga.fi\\\/miehet\\\/ajankohtaista\\\/mikael-makela-palaa-kotiin-ja-dickeniin\\\/\"},\"wordCount\":187,\"publisher\":{\"@id\":\"https:\\\/\\\/aktialiiga.fi\\\/miehet\\\/#organization\"},\"image\":{\"@id\":\"https:\\\/\\\/aktialiiga.fi\\\/miehet\\\/ajankohtaista\\\/mikael-makela-palaa-kotiin-ja-dickeniin\\\/#primaryimage\"},\"thumbnailUrl\":\"https:\\\/\\\/i0.wp.com\\\/aktialiiga.fi\\\/miehet\\\/wp-content\\\/uploads\\\/sites\\\/5\\\/2022\\\/05\\\/Makela_Mikael_2022_Dicken.jpg?fit=2048%2C1365&ssl=1\",\"keywords\":[\"Dicken\"],\"articleSection\":[\"Ajankohtaista\"],\"inLanguage\":\"fi\"},{\"@type\":\"WebPage\",\"@id\":\"https:\\\/\\\/aktialiiga.fi\\\/miehet\\\/ajankohtaista\\\/mikael-makela-palaa-kotiin-ja-dickeniin\\\/\",\"url\":\"https:\\\/\\\/aktialiiga.fi\\\/miehet\\\/ajankohtaista\\\/mikael-makela-palaa-kotiin-ja-dickeniin\\\/\",\"name\":\"Mikael M\u00e4kel\u00e4 palaa kotiin ja Dickeniin | K\u00e4sipallon miesten Aktialiiga\",\"isPartOf\":{\"@id\":\"https:\\\/\\\/aktialiiga.fi\\\/miehet\\\/#website\"},\"primaryImageOfPage\":{\"@id\":\"https:\\\/\\\/aktialiiga.fi\\\/miehet\\\/ajankohtaista\\\/mikael-makela-palaa-kotiin-ja-dickeniin\\\/#primaryimage\"},\"image\":{\"@id\":\"https:\\\/\\\/aktialiiga.fi\\\/miehet\\\/ajankohtaista\\\/mikael-makela-palaa-kotiin-ja-dickeniin\\\/#primaryimage\"},\"thumbnailUrl\":\"https:\\\/\\\/i0.wp.com\\\/aktialiiga.fi\\\/miehet\\\/wp-content\\\/uploads\\\/sites\\\/5\\\/2022\\\/05\\\/Makela_Mikael_2022_Dicken.jpg?fit=2048%2C1365&ssl=1\",\"datePublished\":\"2026-01-27T12:46:03+00:00\",\"breadcrumb\":{\"@id\":\"https:\\\/\\\/aktialiiga.fi\\\/miehet\\\/ajankohtaista\\\/mikael-makela-palaa-kotiin-ja-dickeniin\\\/#breadcrumb\"},\"inLanguage\":\"fi\",\"potentialAction\":[{\"@type\":\"ReadAction\",\"target\":[\"https:\\\/\\\/aktialiiga.fi\\\/miehet\\\/ajankohtaista\\\/mikael-makela-palaa-kotiin-ja-dickeniin\\\/\"]}]},{\"@type\":\"ImageObject\",\"inLanguage\":\"fi\",\"@id\":\"https:\\\/\\\/aktialiiga.fi\\\/miehet\\\/ajankohtaista\\\/mikael-makela-palaa-kotiin-ja-dickeniin\\\/#primaryimage\",\"url\":\"https:\\\/\\\/i0.wp.com\\\/aktialiiga.fi\\\/miehet\\\/wp-content\\\/uploads\\\/sites\\\/5\\\/2022\\\/05\\\/Makela_Mikael_2022_Dicken.jpg?fit=2048%2C1365&ssl=1\",\"contentUrl\":\"https:\\\/\\\/i0.wp.com\\\/aktialiiga.fi\\\/miehet\\\/wp-content\\\/uploads\\\/sites\\\/5\\\/2022\\\/05\\\/Makela_Mikael_2022_Dicken.jpg?fit=2048%2C1365&ssl=1\",\"width\":2048,\"height\":1365},{\"@type\":\"BreadcrumbList\",\"@id\":\"https:\\\/\\\/aktialiiga.fi\\\/miehet\\\/ajankohtaista\\\/mikael-makela-palaa-kotiin-ja-dickeniin\\\/#breadcrumb\",\"itemListElement\":[{\"@type\":\"ListItem\",\"position\":1,\"name\":\"Etusivu\",\"item\":\"https:\\\/\\\/aktialiiga.fi\\\/miehet\\\/\"},{\"@type\":\"ListItem\",\"position\":2,\"name\":\"Mikael M\u00e4kel\u00e4 palaa kotiin ja Dickeniin\"}]},{\"@type\":\"WebSite\",\"@id\":\"https:\\\/\\\/aktialiiga.fi\\\/miehet\\\/#website\",\"url\":\"https:\\\/\\\/aktialiiga.fi\\\/miehet\\\/\",\"name\":\"K\u00e4sipallon miesten Aktialiiga\",\"description\":\"Valtakunnan vauhdikkainta palloilua!\",\"publisher\":{\"@id\":\"https:\\\/\\\/aktialiiga.fi\\\/miehet\\\/#organization\"},\"potentialAction\":[{\"@type\":\"SearchAction\",\"target\":{\"@type\":\"EntryPoint\",\"urlTemplate\":\"https:\\\/\\\/aktialiiga.fi\\\/miehet\\\/?s={search_term_string}\"},\"query-input\":{\"@type\":\"PropertyValueSpecification\",\"valueRequired\":true,\"valueName\":\"search_term_string\"}}],\"inLanguage\":\"fi\"},{\"@type\":\"Organization\",\"@id\":\"https:\\\/\\\/aktialiiga.fi\\\/miehet\\\/#organization\",\"name\":\"K\u00e4sipallon miesten Aktialiiga\",\"url\":\"https:\\\/\\\/aktialiiga.fi\\\/miehet\\\/\",\"logo\":{\"@type\":\"ImageObject\",\"inLanguage\":\"fi\",\"@id\":\"https:\\\/\\\/aktialiiga.fi\\\/miehet\\\/#\\\/schema\\\/logo\\\/image\\\/\",\"url\":\"https:\\\/\\\/i0.wp.com\\\/aktialiiga.fi\\\/miehet\\\/wp-content\\\/uploads\\\/sites\\\/5\\\/2024\\\/09\\\/Aktialiiga-Yoast-512.png?fit=512%2C512&ssl=1\",\"contentUrl\":\"https:\\\/\\\/i0.wp.com\\\/aktialiiga.fi\\\/miehet\\\/wp-content\\\/uploads\\\/sites\\\/5\\\/2024\\\/09\\\/Aktialiiga-Yoast-512.png?fit=512%2C512&ssl=1\",\"width\":512,\"height\":512,\"caption\":\"K\u00e4sipallon miesten Aktialiiga\"},\"image\":{\"@id\":\"https:\\\/\\\/aktialiiga.fi\\\/miehet\\\/#\\\/schema\\\/logo\\\/image\\\/\"},\"sameAs\":[\"https:\\\/\\\/www.facebook.com\\\/finnhandball\",\"https:\\\/\\\/x.com\\\/finnhandball\",\"https:\\\/\\\/www.instagram.com\\\/handballfinland\\\/\"]},{\"@type\":\"Person\",\"@id\":\"https:\\\/\\\/aktialiiga.fi\\\/miehet\\\/#\\\/schema\\\/person\\\/c14bf42f47041db74603c45afcb18d87\",\"name\":\"tbrmedia\",\"image\":{\"@type\":\"ImageObject\",\"inLanguage\":\"fi\",\"@id\":\"https:\\\/\\\/secure.gravatar.com\\\/avatar\\\/ee975fa091fe581d12b60debb3439022686618368a7c142044c56724d4666b16?s=96&d=mm&r=g\",\"url\":\"https:\\\/\\\/secure.gravatar.com\\\/avatar\\\/ee975fa091fe581d12b60debb3439022686618368a7c142044c56724d4666b16?s=96&d=mm&r=g\",\"contentUrl\":\"https:\\\/\\\/secure.gravatar.com\\\/avatar\\\/ee975fa091fe581d12b60debb3439022686618368a7c142044c56724d4666b16?s=96&d=mm&r=g\",\"caption\":\"tbrmedia\"}}]}<\/script>\n<!-- \/ Yoast SEO plugin. -->","yoast_head_json":{"title":"Mikael M\u00e4kel\u00e4 palaa kotiin ja Dickeniin | K\u00e4sipallon miesten Aktialiiga","robots":{"index":"index","follow":"follow","max-snippet":"max-snippet:-1","max-image-preview":"max-image-preview:large","max-video-preview":"max-video-preview:-1"},"canonical":"https:\/\/aktialiiga.fi\/miehet\/ajankohtaista\/mikael-makela-palaa-kotiin-ja-dickeniin\/","og_locale":"fi_FI","og_type":"article","og_title":"Mikael M\u00e4kel\u00e4 palaa kotiin ja Dickeniin | K\u00e4sipallon miesten Aktialiiga","og_description":"Dicken on solminut loppukauden kattavan sopimuksen maalivahti Mikael M\u00e4kel\u00e4n kanssa. Dickenin oman junioripolun kulkenut M\u00e4kel\u00e4 on edustanut joukkuetta yhteens\u00e4 12 kauden ajan vuosien 2010\u20132022 v\u00e4lill\u00e4. Edelliset kaudet M\u00e4kel\u00e4 on edustanut Ruotsin Liigassa pelaavia Redbergslids IK:ta, sek\u00e4 Hammarby IF:\u00e4\u00e4. Viimeisin kausi Ruotsissa p\u00e4\u00e4ttyi valitettavaan polvivammaan, josta 32-vuotias maajoukkuepelaaja on nyt kuntoutunut. Uransa aikana M\u00e4kel\u00e4 on pelannut [&hellip;]","og_url":"https:\/\/aktialiiga.fi\/miehet\/ajankohtaista\/mikael-makela-palaa-kotiin-ja-dickeniin\/","og_site_name":"K\u00e4sipallon miesten Aktialiiga","article_publisher":"https:\/\/www.facebook.com\/finnhandball","article_published_time":"2026-01-27T12:46:03+00:00","og_image":[{"width":2048,"height":1365,"url":"https:\/\/aktialiiga.fi\/miehet\/wp-content\/uploads\/sites\/5\/2022\/05\/Makela_Mikael_2022_Dicken.jpg","type":"image\/jpeg"}],"author":"tbrmedia","twitter_card":"summary_large_image","twitter_creator":"@finnhandball","twitter_site":"@finnhandball","schema":{"@context":"https:\/\/schema.org","@graph":[{"@type":"Article","@id":"https:\/\/aktialiiga.fi\/miehet\/ajankohtaista\/mikael-makela-palaa-kotiin-ja-dickeniin\/#article","isPartOf":{"@id":"https:\/\/aktialiiga.fi\/miehet\/ajankohtaista\/mikael-makela-palaa-kotiin-ja-dickeniin\/"},"author":{"name":"tbrmedia","@id":"https:\/\/aktialiiga.fi\/miehet\/#\/schema\/person\/c14bf42f47041db74603c45afcb18d87"},"headline":"Mikael M\u00e4kel\u00e4 palaa kotiin ja Dickeniin","datePublished":"2026-01-27T12:46:03+00:00","mainEntityOfPage":{"@id":"https:\/\/aktialiiga.fi\/miehet\/ajankohtaista\/mikael-makela-palaa-kotiin-ja-dickeniin\/"},"wordCount":187,"publisher":{"@id":"https:\/\/aktialiiga.fi\/miehet\/#organization"},"image":{"@id":"https:\/\/aktialiiga.fi\/miehet\/ajankohtaista\/mikael-makela-palaa-kotiin-ja-dickeniin\/#primaryimage"},"thumbnailUrl":"https:\/\/i0.wp.com\/aktialiiga.fi\/miehet\/wp-content\/uploads\/sites\/5\/2022\/05\/Makela_Mikael_2022_Dicken.jpg?fit=2048%2C1365&ssl=1","keywords":["Dicken"],"articleSection":["Ajankohtaista"],"inLanguage":"fi"},{"@type":"WebPage","@id":"https:\/\/aktialiiga.fi\/miehet\/ajankohtaista\/mikael-makela-palaa-kotiin-ja-dickeniin\/","url":"https:\/\/aktialiiga.fi\/miehet\/ajankohtaista\/mikael-makela-palaa-kotiin-ja-dickeniin\/","name":"Mikael M\u00e4kel\u00e4 palaa kotiin ja Dickeniin | K\u00e4sipallon miesten Aktialiiga","isPartOf":{"@id":"https:\/\/aktialiiga.fi\/miehet\/#website"},"primaryImageOfPage":{"@id":"https:\/\/aktialiiga.fi\/miehet\/ajankohtaista\/mikael-makela-palaa-kotiin-ja-dickeniin\/#primaryimage"},"image":{"@id":"https:\/\/aktialiiga.fi\/miehet\/ajankohtaista\/mikael-makela-palaa-kotiin-ja-dickeniin\/#primaryimage"},"thumbnailUrl":"https:\/\/i0.wp.com\/aktialiiga.fi\/miehet\/wp-content\/uploads\/sites\/5\/2022\/05\/Makela_Mikael_2022_Dicken.jpg?fit=2048%2C1365&ssl=1","datePublished":"2026-01-27T12:46:03+00:00","breadcrumb":{"@id":"https:\/\/aktialiiga.fi\/miehet\/ajankohtaista\/mikael-makela-palaa-kotiin-ja-dickeniin\/#breadcrumb"},"inLanguage":"fi","potentialAction":[{"@type":"ReadAction","target":["https:\/\/aktialiiga.fi\/miehet\/ajankohtaista\/mikael-makela-palaa-kotiin-ja-dickeniin\/"]}]},{"@type":"ImageObject","inLanguage":"fi","@id":"https:\/\/aktialiiga.fi\/miehet\/ajankohtaista\/mikael-makela-palaa-kotiin-ja-dickeniin\/#primaryimage","url":"https:\/\/i0.wp.com\/aktialiiga.fi\/miehet\/wp-content\/uploads\/sites\/5\/2022\/05\/Makela_Mikael_2022_Dicken.jpg?fit=2048%2C1365&ssl=1","contentUrl":"https:\/\/i0.wp.com\/aktialiiga.fi\/miehet\/wp-content\/uploads\/sites\/5\/2022\/05\/Makela_Mikael_2022_Dicken.jpg?fit=2048%2C1365&ssl=1","width":2048,"height":1365},{"@type":"BreadcrumbList","@id":"https:\/\/aktialiiga.fi\/miehet\/ajankohtaista\/mikael-makela-palaa-kotiin-ja-dickeniin\/#breadcrumb","itemListElement":[{"@type":"ListItem","position":1,"name":"Etusivu","item":"https:\/\/aktialiiga.fi\/miehet\/"},{"@type":"ListItem","position":2,"name":"Mikael M\u00e4kel\u00e4 palaa kotiin ja Dickeniin"}]},{"@type":"WebSite","@id":"https:\/\/aktialiiga.fi\/miehet\/#website","url":"https:\/\/aktialiiga.fi\/miehet\/","name":"K\u00e4sipallon miesten Aktialiiga","description":"Valtakunnan vauhdikkainta palloilua!","publisher":{"@id":"https:\/\/aktialiiga.fi\/miehet\/#organization"},"potentialAction":[{"@type":"SearchAction","target":{"@type":"EntryPoint","urlTemplate":"https:\/\/aktialiiga.fi\/miehet\/?s={search_term_string}"},"query-input":{"@type":"PropertyValueSpecification","valueRequired":true,"valueName":"search_term_string"}}],"inLanguage":"fi"},{"@type":"Organization","@id":"https:\/\/aktialiiga.fi\/miehet\/#organization","name":"K\u00e4sipallon miesten Aktialiiga","url":"https:\/\/aktialiiga.fi\/miehet\/","logo":{"@type":"ImageObject","inLanguage":"fi","@id":"https:\/\/aktialiiga.fi\/miehet\/#\/schema\/logo\/image\/","url":"https:\/\/i0.wp.com\/aktialiiga.fi\/miehet\/wp-content\/uploads\/sites\/5\/2024\/09\/Aktialiiga-Yoast-512.png?fit=512%2C512&ssl=1","contentUrl":"https:\/\/i0.wp.com\/aktialiiga.fi\/miehet\/wp-content\/uploads\/sites\/5\/2024\/09\/Aktialiiga-Yoast-512.png?fit=512%2C512&ssl=1","width":512,"height":512,"caption":"K\u00e4sipallon miesten Aktialiiga"},"image":{"@id":"https:\/\/aktialiiga.fi\/miehet\/#\/schema\/logo\/image\/"},"sameAs":["https:\/\/www.facebook.com\/finnhandball","https:\/\/x.com\/finnhandball","https:\/\/www.instagram.com\/handballfinland\/"]},{"@type":"Person","@id":"https:\/\/aktialiiga.fi\/miehet\/#\/schema\/person\/c14bf42f47041db74603c45afcb18d87","name":"tbrmedia","image":{"@type":"ImageObject","inLanguage":"fi","@id":"https:\/\/secure.gravatar.com\/avatar\/ee975fa091fe581d12b60debb3439022686618368a7c142044c56724d4666b16?s=96&d=mm&r=g","url":"https:\/\/secure.gravatar.com\/avatar\/ee975fa091fe581d12b60debb3439022686618368a7c142044c56724d4666b16?s=96&d=mm&r=g","contentUrl":"https:\/\/secure.gravatar.com\/avatar\/ee975fa091fe581d12b60debb3439022686618368a7c142044c56724d4666b16?s=96&d=mm&r=g","caption":"tbrmedia"}}]}},"jetpack_featured_media_url":"https:\/\/i0.wp.com\/aktialiiga.fi\/miehet\/wp-content\/uploads\/sites\/5\/2022\/05\/Makela_Mikael_2022_Dicken.jpg?fit=2048%2C1365&ssl=1","jetpack_sharing_enabled":true,"jetpack_shortlink":"https:\/\/wp.me\/pfTxOr-hTP","_links":{"self":[{"href":"https:\/\/aktialiiga.fi\/miehet\/wp-json\/wp\/v2\/posts\/68809","targetHints":{"allow":["GET"]}}],"collection":[{"href":"https:\/\/aktialiiga.fi\/miehet\/wp-json\/wp\/v2\/posts"}],"about":[{"href":"https:\/\/aktialiiga.fi\/miehet\/wp-json\/wp\/v2\/types\/post"}],"author":[{"embeddable":true,"href":"https:\/\/aktialiiga.fi\/miehet\/wp-json\/wp\/v2\/users\/13"}],"replies":[{"embeddable":true,"href":"https:\/\/aktialiiga.fi\/miehet\/wp-json\/wp\/v2\/comments?post=68809"}],"version-history":[{"count":2,"href":"https:\/\/aktialiiga.fi\/miehet\/wp-json\/wp\/v2\/posts\/68809\/revisions"}],"predecessor-version":[{"id":68811,"href":"https:\/\/aktialiiga.fi\/miehet\/wp-json\/wp\/v2\/posts\/68809\/revisions\/68811"}],"wp:featuredmedia":[{"embeddable":true,"href":"https:\/\/aktialiiga.fi\/miehet\/wp-json\/wp\/v2\/media\/35352"}],"wp:attachment":[{"href":"https:\/\/aktialiiga.fi\/miehet\/wp-json\/wp\/v2\/media?parent=68809"}],"wp:term":[{"taxonomy":"category","embeddable":true,"href":"https:\/\/aktialiiga.fi\/miehet\/wp-json\/wp\/v2\/categories?post=68809"},{"taxonomy":"post_tag","embeddable":true,"href":"https:\/\/aktialiiga.fi\/miehet\/wp-json\/wp\/v2\/tags?post=68809"}],"curies":[{"name":"wp","href":"https:\/\/api.w.org\/{rel}","templated":true}]}}