{"id":68814,"date":"2026-01-27T20:26:32","date_gmt":"2026-01-27T18:26:32","guid":{"rendered":"https:\/\/aktialiiga.fi\/miehet\/?p=68814"},"modified":"2026-01-27T20:48:44","modified_gmt":"2026-01-27T18:48:44","slug":"hifk-askelen-dickenia-edella-derbyssa","status":"publish","type":"post","link":"https:\/\/aktialiiga.fi\/miehet\/2025-2026\/ottelut\/hifk-askelen-dickenia-edella-derbyssa\/","title":{"rendered":"HIFK askelen Dickeni\u00e4 edell\u00e4 derbyss\u00e4"},"content":{"rendered":"<p>HIFK jatkoi vahvaa kauttaan tiistain Stadin derbyss\u00e4 Dickeni\u00e4 vastaan ja j\u00e4tti paikallisvastusajan selv\u00e4sti kakkoseksi.<\/p>\n<p>HIFK iski nelj\u00e4\u00e4n minuuttiin taululle lukemat 4-0. Vaikka Dicken p\u00e4\u00e4si peliin mukaan t\u00e4m\u00e4n j\u00e4lkeen, avausjakso eteni HIFK:n merkeiss\u00e4. Avausjakson puoliv\u00e4liss\u00e4 eroa oli viisi maalia ja siit\u00e4 HIFK venytti taukoon menness\u00e4 yhdeks\u00e4\u00e4n osumaan.<\/p>\n<p>Kun HIFK vei my\u00f6s toisen jakson ensiminuutit 4-0, ottelu alkoi olla ratkaistu. HIFK viel\u00e4 venytti eroa entisest\u00e4\u00e4n ja vei ottelun lopulta nimiins\u00e4 l\u00e4hes 20 maalin erolla.<\/p>\n<p>HIFK:n p\u00e4\u00e4valmentaja Robin Karlsson saattoi summata ottelu kaikin puolin tyytyv\u00e4isen\u00e4 esitykseen.<\/p>\n<p>&#8211; T\u00e4n\u00e4\u00e4n meill\u00e4 onnistui niin puolustus kuin hy\u00f6kk\u00e4ys ja viel\u00e4 maalivahtipelikin hyvin. Matsi aloitettiin hyv\u00e4ll\u00e4 asenteella, ja taistelu kesti ihan loppuun asti. Olen oikein tyytyv\u00e4inen siihen, miten kovasti jokainen kent\u00e4ll\u00e4 k\u00e4ynyt teki duunia sovitun pelin mukaisesti!<\/p>\n<p>&#8211; Kaksi pistett\u00e4 tuli kuten oli tavoitteena, ja n\u00e4it\u00e4 otteita yritet\u00e4\u00e4n jatkaa lauantaina Karjaalla, Karlsson viittasi edess\u00e4 olevaan k\u00e4rkikamppailuun.<\/p>\n<p>Dickenin p\u00e4\u00e4valmentaja Ken Sirenius ei voinut kuin s\u00e4est\u00e4\u00e4 kollegaansa.<\/p>\n<p>&#8211; IFK oli t\u00e4n\u00e4\u00e4n selke\u00e4sti parempi ja ansaitsi voittonsa. Rehellisesti sanottua emme olleet t\u00e4n\u00e4\u00e4n l\u00e4hell\u00e4 sarjapisteit\u00e4, vaikka j\u00e4tk\u00e4t taistelivat mink\u00e4 pystyiv\u00e4t, Sirenius sanoi.<\/p>\n<p>&#8211; T\u00e4m\u00e4n enemp\u00e4\u00e4 emme jaksaneet sunnuntain BK-pelin j\u00e4lkeen, miss\u00e4 kaikki j\u00e4tettiin kent\u00e4lle. Yhden p\u00e4iv\u00e4n palautuminen ei ole riitt\u00e4v\u00e4sti pelien v\u00e4liss\u00e4, ja on ik\u00e4v\u00e4\u00e4, ett\u00e4 pelaajat laitetaan t\u00e4llaiseen tilanteeseen.<\/p>\n<p>Ottelun parhaana pelaajana palkittiin HIFK:n kokenut Vladimir Knopinskii.<\/p>\n<p>&#8211; Saimme taas t\u00e4rke\u00e4t pisteet, ja peli sujui hyvin alusta saakka. Ensimm\u00e4isen jakson lopussa saimme tehty\u00e4 ratkaisevan eron. Koko joukkue pelasi hienolla asenteella ja yritet\u00e4\u00e4n pelata samalla tavalla my\u00f6s seuraavassa peliss\u00e4, tiivisti Knopinskii.<\/p>\n","protected":false},"excerpt":{"rendered":"<p>HIFK jatkoi vahvaa kauttaan tiistain Stadin derbyss\u00e4 Dickeni\u00e4 vastaan ja j\u00e4tti paikallisvastusajan selv\u00e4sti kakkoseksi. HIFK iski nelj\u00e4\u00e4n minuuttiin taululle lukemat 4-0. Vaikka Dicken p\u00e4\u00e4si peliin mukaan t\u00e4m\u00e4n j\u00e4lkeen, avausjakso eteni HIFK:n merkeiss\u00e4. Avausjakson puoliv\u00e4liss\u00e4 eroa oli viisi maalia ja siit\u00e4 HIFK venytti taukoon menness\u00e4 yhdeks\u00e4\u00e4n osumaan. Kun HIFK vei my\u00f6s toisen jakson ensiminuutit 4-0, ottelu [&hellip;]<\/p>\n","protected":false},"author":13,"featured_media":66947,"comment_status":"closed","ping_status":"closed","sticky":false,"template":"","format":"standard","meta":{"_acf_changed":false,"jetpack_post_was_ever_published":false,"_jetpack_newsletter_access":"","_jetpack_dont_email_post_to_subs":false,"_jetpack_newsletter_tier_id":0,"_jetpack_memberships_contains_paywalled_content":false,"_jetpack_memberships_contains_paid_content":false,"footnotes":""},"categories":[361],"tags":[58,71],"class_list":["post-68814","post","type-post","status-publish","format-standard","has-post-thumbnail","hentry","category-ottelut","tag-dicken","tag-hifk"],"acf":[],"yoast_head":"<!-- This site is optimized with the Yoast SEO plugin v27.5 - https:\/\/yoast.com\/product\/yoast-seo-wordpress\/ -->\n<title>HIFK askelen Dickeni\u00e4 edell\u00e4 derbyss\u00e4 | K\u00e4sipallon miesten Aktialiiga<\/title>\n<meta name=\"robots\" content=\"index, follow, max-snippet:-1, max-image-preview:large, max-video-preview:-1\" \/>\n<link rel=\"canonical\" href=\"https:\/\/aktialiiga.fi\/miehet\/2025-2026\/ottelut\/hifk-askelen-dickenia-edella-derbyssa\/\" \/>\n<meta property=\"og:locale\" content=\"fi_FI\" \/>\n<meta property=\"og:type\" content=\"article\" \/>\n<meta property=\"og:title\" content=\"HIFK askelen Dickeni\u00e4 edell\u00e4 derbyss\u00e4 | K\u00e4sipallon miesten Aktialiiga\" \/>\n<meta property=\"og:description\" content=\"HIFK jatkoi vahvaa kauttaan tiistain Stadin derbyss\u00e4 Dickeni\u00e4 vastaan ja j\u00e4tti paikallisvastusajan selv\u00e4sti kakkoseksi. HIFK iski nelj\u00e4\u00e4n minuuttiin taululle lukemat 4-0. Vaikka Dicken p\u00e4\u00e4si peliin mukaan t\u00e4m\u00e4n j\u00e4lkeen, avausjakso eteni HIFK:n merkeiss\u00e4. Avausjakson puoliv\u00e4liss\u00e4 eroa oli viisi maalia ja siit\u00e4 HIFK venytti taukoon menness\u00e4 yhdeks\u00e4\u00e4n osumaan. Kun HIFK vei my\u00f6s toisen jakson ensiminuutit 4-0, ottelu [&hellip;]\" \/>\n<meta property=\"og:url\" content=\"https:\/\/aktialiiga.fi\/miehet\/2025-2026\/ottelut\/hifk-askelen-dickenia-edella-derbyssa\/\" \/>\n<meta property=\"og:site_name\" content=\"K\u00e4sipallon miesten Aktialiiga\" \/>\n<meta property=\"article:publisher\" content=\"https:\/\/www.facebook.com\/finnhandball\" \/>\n<meta property=\"article:published_time\" content=\"2026-01-27T18:26:32+00:00\" \/>\n<meta property=\"article:modified_time\" content=\"2026-01-27T18:48:44+00:00\" \/>\n<meta property=\"og:image\" content=\"https:\/\/aktialiiga.fi\/miehet\/wp-content\/uploads\/sites\/5\/2025\/10\/A7302347-e1765807753334.jpg\" \/>\n\t<meta property=\"og:image:width\" content=\"2920\" \/>\n\t<meta property=\"og:image:height\" content=\"1643\" \/>\n\t<meta property=\"og:image:type\" content=\"image\/jpeg\" \/>\n<meta name=\"author\" content=\"tbrmedia\" \/>\n<meta name=\"twitter:card\" content=\"summary_large_image\" \/>\n<meta name=\"twitter:creator\" content=\"@finnhandball\" \/>\n<meta name=\"twitter:site\" content=\"@finnhandball\" \/>\n<script type=\"application\/ld+json\" class=\"yoast-schema-graph\">{\"@context\":\"https:\\\/\\\/schema.org\",\"@graph\":[{\"@type\":\"Article\",\"@id\":\"https:\\\/\\\/aktialiiga.fi\\\/miehet\\\/2025-2026\\\/ottelut\\\/hifk-askelen-dickenia-edella-derbyssa\\\/#article\",\"isPartOf\":{\"@id\":\"https:\\\/\\\/aktialiiga.fi\\\/miehet\\\/2025-2026\\\/ottelut\\\/hifk-askelen-dickenia-edella-derbyssa\\\/\"},\"author\":{\"name\":\"tbrmedia\",\"@id\":\"https:\\\/\\\/aktialiiga.fi\\\/miehet\\\/#\\\/schema\\\/person\\\/c14bf42f47041db74603c45afcb18d87\"},\"headline\":\"HIFK askelen Dickeni\u00e4 edell\u00e4 derbyss\u00e4\",\"datePublished\":\"2026-01-27T18:26:32+00:00\",\"dateModified\":\"2026-01-27T18:48:44+00:00\",\"mainEntityOfPage\":{\"@id\":\"https:\\\/\\\/aktialiiga.fi\\\/miehet\\\/2025-2026\\\/ottelut\\\/hifk-askelen-dickenia-edella-derbyssa\\\/\"},\"wordCount\":299,\"publisher\":{\"@id\":\"https:\\\/\\\/aktialiiga.fi\\\/miehet\\\/#organization\"},\"image\":{\"@id\":\"https:\\\/\\\/aktialiiga.fi\\\/miehet\\\/2025-2026\\\/ottelut\\\/hifk-askelen-dickenia-edella-derbyssa\\\/#primaryimage\"},\"thumbnailUrl\":\"https:\\\/\\\/i0.wp.com\\\/aktialiiga.fi\\\/miehet\\\/wp-content\\\/uploads\\\/sites\\\/5\\\/2025\\\/10\\\/A7302347-e1765807753334.jpg?fit=2920%2C1643&ssl=1\",\"keywords\":[\"Dicken\",\"HIFK\"],\"articleSection\":[\"Ottelut 2025-26\"],\"inLanguage\":\"fi\"},{\"@type\":\"WebPage\",\"@id\":\"https:\\\/\\\/aktialiiga.fi\\\/miehet\\\/2025-2026\\\/ottelut\\\/hifk-askelen-dickenia-edella-derbyssa\\\/\",\"url\":\"https:\\\/\\\/aktialiiga.fi\\\/miehet\\\/2025-2026\\\/ottelut\\\/hifk-askelen-dickenia-edella-derbyssa\\\/\",\"name\":\"HIFK askelen Dickeni\u00e4 edell\u00e4 derbyss\u00e4 | K\u00e4sipallon miesten Aktialiiga\",\"isPartOf\":{\"@id\":\"https:\\\/\\\/aktialiiga.fi\\\/miehet\\\/#website\"},\"primaryImageOfPage\":{\"@id\":\"https:\\\/\\\/aktialiiga.fi\\\/miehet\\\/2025-2026\\\/ottelut\\\/hifk-askelen-dickenia-edella-derbyssa\\\/#primaryimage\"},\"image\":{\"@id\":\"https:\\\/\\\/aktialiiga.fi\\\/miehet\\\/2025-2026\\\/ottelut\\\/hifk-askelen-dickenia-edella-derbyssa\\\/#primaryimage\"},\"thumbnailUrl\":\"https:\\\/\\\/i0.wp.com\\\/aktialiiga.fi\\\/miehet\\\/wp-content\\\/uploads\\\/sites\\\/5\\\/2025\\\/10\\\/A7302347-e1765807753334.jpg?fit=2920%2C1643&ssl=1\",\"datePublished\":\"2026-01-27T18:26:32+00:00\",\"dateModified\":\"2026-01-27T18:48:44+00:00\",\"breadcrumb\":{\"@id\":\"https:\\\/\\\/aktialiiga.fi\\\/miehet\\\/2025-2026\\\/ottelut\\\/hifk-askelen-dickenia-edella-derbyssa\\\/#breadcrumb\"},\"inLanguage\":\"fi\",\"potentialAction\":[{\"@type\":\"ReadAction\",\"target\":[\"https:\\\/\\\/aktialiiga.fi\\\/miehet\\\/2025-2026\\\/ottelut\\\/hifk-askelen-dickenia-edella-derbyssa\\\/\"]}]},{\"@type\":\"ImageObject\",\"inLanguage\":\"fi\",\"@id\":\"https:\\\/\\\/aktialiiga.fi\\\/miehet\\\/2025-2026\\\/ottelut\\\/hifk-askelen-dickenia-edella-derbyssa\\\/#primaryimage\",\"url\":\"https:\\\/\\\/i0.wp.com\\\/aktialiiga.fi\\\/miehet\\\/wp-content\\\/uploads\\\/sites\\\/5\\\/2025\\\/10\\\/A7302347-e1765807753334.jpg?fit=2920%2C1643&ssl=1\",\"contentUrl\":\"https:\\\/\\\/i0.wp.com\\\/aktialiiga.fi\\\/miehet\\\/wp-content\\\/uploads\\\/sites\\\/5\\\/2025\\\/10\\\/A7302347-e1765807753334.jpg?fit=2920%2C1643&ssl=1\",\"width\":2920,\"height\":1643},{\"@type\":\"BreadcrumbList\",\"@id\":\"https:\\\/\\\/aktialiiga.fi\\\/miehet\\\/2025-2026\\\/ottelut\\\/hifk-askelen-dickenia-edella-derbyssa\\\/#breadcrumb\",\"itemListElement\":[{\"@type\":\"ListItem\",\"position\":1,\"name\":\"Etusivu\",\"item\":\"https:\\\/\\\/aktialiiga.fi\\\/miehet\\\/\"},{\"@type\":\"ListItem\",\"position\":2,\"name\":\"HIFK askelen Dickeni\u00e4 edell\u00e4 derbyss\u00e4\"}]},{\"@type\":\"WebSite\",\"@id\":\"https:\\\/\\\/aktialiiga.fi\\\/miehet\\\/#website\",\"url\":\"https:\\\/\\\/aktialiiga.fi\\\/miehet\\\/\",\"name\":\"K\u00e4sipallon miesten Aktialiiga\",\"description\":\"Valtakunnan vauhdikkainta palloilua!\",\"publisher\":{\"@id\":\"https:\\\/\\\/aktialiiga.fi\\\/miehet\\\/#organization\"},\"potentialAction\":[{\"@type\":\"SearchAction\",\"target\":{\"@type\":\"EntryPoint\",\"urlTemplate\":\"https:\\\/\\\/aktialiiga.fi\\\/miehet\\\/?s={search_term_string}\"},\"query-input\":{\"@type\":\"PropertyValueSpecification\",\"valueRequired\":true,\"valueName\":\"search_term_string\"}}],\"inLanguage\":\"fi\"},{\"@type\":\"Organization\",\"@id\":\"https:\\\/\\\/aktialiiga.fi\\\/miehet\\\/#organization\",\"name\":\"K\u00e4sipallon miesten Aktialiiga\",\"url\":\"https:\\\/\\\/aktialiiga.fi\\\/miehet\\\/\",\"logo\":{\"@type\":\"ImageObject\",\"inLanguage\":\"fi\",\"@id\":\"https:\\\/\\\/aktialiiga.fi\\\/miehet\\\/#\\\/schema\\\/logo\\\/image\\\/\",\"url\":\"https:\\\/\\\/i0.wp.com\\\/aktialiiga.fi\\\/miehet\\\/wp-content\\\/uploads\\\/sites\\\/5\\\/2024\\\/09\\\/Aktialiiga-Yoast-512.png?fit=512%2C512&ssl=1\",\"contentUrl\":\"https:\\\/\\\/i0.wp.com\\\/aktialiiga.fi\\\/miehet\\\/wp-content\\\/uploads\\\/sites\\\/5\\\/2024\\\/09\\\/Aktialiiga-Yoast-512.png?fit=512%2C512&ssl=1\",\"width\":512,\"height\":512,\"caption\":\"K\u00e4sipallon miesten Aktialiiga\"},\"image\":{\"@id\":\"https:\\\/\\\/aktialiiga.fi\\\/miehet\\\/#\\\/schema\\\/logo\\\/image\\\/\"},\"sameAs\":[\"https:\\\/\\\/www.facebook.com\\\/finnhandball\",\"https:\\\/\\\/x.com\\\/finnhandball\",\"https:\\\/\\\/www.instagram.com\\\/handballfinland\\\/\"]},{\"@type\":\"Person\",\"@id\":\"https:\\\/\\\/aktialiiga.fi\\\/miehet\\\/#\\\/schema\\\/person\\\/c14bf42f47041db74603c45afcb18d87\",\"name\":\"tbrmedia\",\"image\":{\"@type\":\"ImageObject\",\"inLanguage\":\"fi\",\"@id\":\"https:\\\/\\\/secure.gravatar.com\\\/avatar\\\/ee975fa091fe581d12b60debb3439022686618368a7c142044c56724d4666b16?s=96&d=mm&r=g\",\"url\":\"https:\\\/\\\/secure.gravatar.com\\\/avatar\\\/ee975fa091fe581d12b60debb3439022686618368a7c142044c56724d4666b16?s=96&d=mm&r=g\",\"contentUrl\":\"https:\\\/\\\/secure.gravatar.com\\\/avatar\\\/ee975fa091fe581d12b60debb3439022686618368a7c142044c56724d4666b16?s=96&d=mm&r=g\",\"caption\":\"tbrmedia\"}}]}<\/script>\n<!-- \/ Yoast SEO plugin. -->","yoast_head_json":{"title":"HIFK askelen Dickeni\u00e4 edell\u00e4 derbyss\u00e4 | K\u00e4sipallon miesten Aktialiiga","robots":{"index":"index","follow":"follow","max-snippet":"max-snippet:-1","max-image-preview":"max-image-preview:large","max-video-preview":"max-video-preview:-1"},"canonical":"https:\/\/aktialiiga.fi\/miehet\/2025-2026\/ottelut\/hifk-askelen-dickenia-edella-derbyssa\/","og_locale":"fi_FI","og_type":"article","og_title":"HIFK askelen Dickeni\u00e4 edell\u00e4 derbyss\u00e4 | K\u00e4sipallon miesten Aktialiiga","og_description":"HIFK jatkoi vahvaa kauttaan tiistain Stadin derbyss\u00e4 Dickeni\u00e4 vastaan ja j\u00e4tti paikallisvastusajan selv\u00e4sti kakkoseksi. HIFK iski nelj\u00e4\u00e4n minuuttiin taululle lukemat 4-0. Vaikka Dicken p\u00e4\u00e4si peliin mukaan t\u00e4m\u00e4n j\u00e4lkeen, avausjakso eteni HIFK:n merkeiss\u00e4. Avausjakson puoliv\u00e4liss\u00e4 eroa oli viisi maalia ja siit\u00e4 HIFK venytti taukoon menness\u00e4 yhdeks\u00e4\u00e4n osumaan. Kun HIFK vei my\u00f6s toisen jakson ensiminuutit 4-0, ottelu [&hellip;]","og_url":"https:\/\/aktialiiga.fi\/miehet\/2025-2026\/ottelut\/hifk-askelen-dickenia-edella-derbyssa\/","og_site_name":"K\u00e4sipallon miesten Aktialiiga","article_publisher":"https:\/\/www.facebook.com\/finnhandball","article_published_time":"2026-01-27T18:26:32+00:00","article_modified_time":"2026-01-27T18:48:44+00:00","og_image":[{"width":2920,"height":1643,"url":"https:\/\/aktialiiga.fi\/miehet\/wp-content\/uploads\/sites\/5\/2025\/10\/A7302347-e1765807753334.jpg","type":"image\/jpeg"}],"author":"tbrmedia","twitter_card":"summary_large_image","twitter_creator":"@finnhandball","twitter_site":"@finnhandball","schema":{"@context":"https:\/\/schema.org","@graph":[{"@type":"Article","@id":"https:\/\/aktialiiga.fi\/miehet\/2025-2026\/ottelut\/hifk-askelen-dickenia-edella-derbyssa\/#article","isPartOf":{"@id":"https:\/\/aktialiiga.fi\/miehet\/2025-2026\/ottelut\/hifk-askelen-dickenia-edella-derbyssa\/"},"author":{"name":"tbrmedia","@id":"https:\/\/aktialiiga.fi\/miehet\/#\/schema\/person\/c14bf42f47041db74603c45afcb18d87"},"headline":"HIFK askelen Dickeni\u00e4 edell\u00e4 derbyss\u00e4","datePublished":"2026-01-27T18:26:32+00:00","dateModified":"2026-01-27T18:48:44+00:00","mainEntityOfPage":{"@id":"https:\/\/aktialiiga.fi\/miehet\/2025-2026\/ottelut\/hifk-askelen-dickenia-edella-derbyssa\/"},"wordCount":299,"publisher":{"@id":"https:\/\/aktialiiga.fi\/miehet\/#organization"},"image":{"@id":"https:\/\/aktialiiga.fi\/miehet\/2025-2026\/ottelut\/hifk-askelen-dickenia-edella-derbyssa\/#primaryimage"},"thumbnailUrl":"https:\/\/i0.wp.com\/aktialiiga.fi\/miehet\/wp-content\/uploads\/sites\/5\/2025\/10\/A7302347-e1765807753334.jpg?fit=2920%2C1643&ssl=1","keywords":["Dicken","HIFK"],"articleSection":["Ottelut 2025-26"],"inLanguage":"fi"},{"@type":"WebPage","@id":"https:\/\/aktialiiga.fi\/miehet\/2025-2026\/ottelut\/hifk-askelen-dickenia-edella-derbyssa\/","url":"https:\/\/aktialiiga.fi\/miehet\/2025-2026\/ottelut\/hifk-askelen-dickenia-edella-derbyssa\/","name":"HIFK askelen Dickeni\u00e4 edell\u00e4 derbyss\u00e4 | K\u00e4sipallon miesten Aktialiiga","isPartOf":{"@id":"https:\/\/aktialiiga.fi\/miehet\/#website"},"primaryImageOfPage":{"@id":"https:\/\/aktialiiga.fi\/miehet\/2025-2026\/ottelut\/hifk-askelen-dickenia-edella-derbyssa\/#primaryimage"},"image":{"@id":"https:\/\/aktialiiga.fi\/miehet\/2025-2026\/ottelut\/hifk-askelen-dickenia-edella-derbyssa\/#primaryimage"},"thumbnailUrl":"https:\/\/i0.wp.com\/aktialiiga.fi\/miehet\/wp-content\/uploads\/sites\/5\/2025\/10\/A7302347-e1765807753334.jpg?fit=2920%2C1643&ssl=1","datePublished":"2026-01-27T18:26:32+00:00","dateModified":"2026-01-27T18:48:44+00:00","breadcrumb":{"@id":"https:\/\/aktialiiga.fi\/miehet\/2025-2026\/ottelut\/hifk-askelen-dickenia-edella-derbyssa\/#breadcrumb"},"inLanguage":"fi","potentialAction":[{"@type":"ReadAction","target":["https:\/\/aktialiiga.fi\/miehet\/2025-2026\/ottelut\/hifk-askelen-dickenia-edella-derbyssa\/"]}]},{"@type":"ImageObject","inLanguage":"fi","@id":"https:\/\/aktialiiga.fi\/miehet\/2025-2026\/ottelut\/hifk-askelen-dickenia-edella-derbyssa\/#primaryimage","url":"https:\/\/i0.wp.com\/aktialiiga.fi\/miehet\/wp-content\/uploads\/sites\/5\/2025\/10\/A7302347-e1765807753334.jpg?fit=2920%2C1643&ssl=1","contentUrl":"https:\/\/i0.wp.com\/aktialiiga.fi\/miehet\/wp-content\/uploads\/sites\/5\/2025\/10\/A7302347-e1765807753334.jpg?fit=2920%2C1643&ssl=1","width":2920,"height":1643},{"@type":"BreadcrumbList","@id":"https:\/\/aktialiiga.fi\/miehet\/2025-2026\/ottelut\/hifk-askelen-dickenia-edella-derbyssa\/#breadcrumb","itemListElement":[{"@type":"ListItem","position":1,"name":"Etusivu","item":"https:\/\/aktialiiga.fi\/miehet\/"},{"@type":"ListItem","position":2,"name":"HIFK askelen Dickeni\u00e4 edell\u00e4 derbyss\u00e4"}]},{"@type":"WebSite","@id":"https:\/\/aktialiiga.fi\/miehet\/#website","url":"https:\/\/aktialiiga.fi\/miehet\/","name":"K\u00e4sipallon miesten Aktialiiga","description":"Valtakunnan vauhdikkainta palloilua!","publisher":{"@id":"https:\/\/aktialiiga.fi\/miehet\/#organization"},"potentialAction":[{"@type":"SearchAction","target":{"@type":"EntryPoint","urlTemplate":"https:\/\/aktialiiga.fi\/miehet\/?s={search_term_string}"},"query-input":{"@type":"PropertyValueSpecification","valueRequired":true,"valueName":"search_term_string"}}],"inLanguage":"fi"},{"@type":"Organization","@id":"https:\/\/aktialiiga.fi\/miehet\/#organization","name":"K\u00e4sipallon miesten Aktialiiga","url":"https:\/\/aktialiiga.fi\/miehet\/","logo":{"@type":"ImageObject","inLanguage":"fi","@id":"https:\/\/aktialiiga.fi\/miehet\/#\/schema\/logo\/image\/","url":"https:\/\/i0.wp.com\/aktialiiga.fi\/miehet\/wp-content\/uploads\/sites\/5\/2024\/09\/Aktialiiga-Yoast-512.png?fit=512%2C512&ssl=1","contentUrl":"https:\/\/i0.wp.com\/aktialiiga.fi\/miehet\/wp-content\/uploads\/sites\/5\/2024\/09\/Aktialiiga-Yoast-512.png?fit=512%2C512&ssl=1","width":512,"height":512,"caption":"K\u00e4sipallon miesten Aktialiiga"},"image":{"@id":"https:\/\/aktialiiga.fi\/miehet\/#\/schema\/logo\/image\/"},"sameAs":["https:\/\/www.facebook.com\/finnhandball","https:\/\/x.com\/finnhandball","https:\/\/www.instagram.com\/handballfinland\/"]},{"@type":"Person","@id":"https:\/\/aktialiiga.fi\/miehet\/#\/schema\/person\/c14bf42f47041db74603c45afcb18d87","name":"tbrmedia","image":{"@type":"ImageObject","inLanguage":"fi","@id":"https:\/\/secure.gravatar.com\/avatar\/ee975fa091fe581d12b60debb3439022686618368a7c142044c56724d4666b16?s=96&d=mm&r=g","url":"https:\/\/secure.gravatar.com\/avatar\/ee975fa091fe581d12b60debb3439022686618368a7c142044c56724d4666b16?s=96&d=mm&r=g","contentUrl":"https:\/\/secure.gravatar.com\/avatar\/ee975fa091fe581d12b60debb3439022686618368a7c142044c56724d4666b16?s=96&d=mm&r=g","caption":"tbrmedia"}}]}},"jetpack_featured_media_url":"https:\/\/i0.wp.com\/aktialiiga.fi\/miehet\/wp-content\/uploads\/sites\/5\/2025\/10\/A7302347-e1765807753334.jpg?fit=2920%2C1643&ssl=1","jetpack_sharing_enabled":true,"jetpack_shortlink":"https:\/\/wp.me\/pfTxOr-hTU","_links":{"self":[{"href":"https:\/\/aktialiiga.fi\/miehet\/wp-json\/wp\/v2\/posts\/68814","targetHints":{"allow":["GET"]}}],"collection":[{"href":"https:\/\/aktialiiga.fi\/miehet\/wp-json\/wp\/v2\/posts"}],"about":[{"href":"https:\/\/aktialiiga.fi\/miehet\/wp-json\/wp\/v2\/types\/post"}],"author":[{"embeddable":true,"href":"https:\/\/aktialiiga.fi\/miehet\/wp-json\/wp\/v2\/users\/13"}],"replies":[{"embeddable":true,"href":"https:\/\/aktialiiga.fi\/miehet\/wp-json\/wp\/v2\/comments?post=68814"}],"version-history":[{"count":3,"href":"https:\/\/aktialiiga.fi\/miehet\/wp-json\/wp\/v2\/posts\/68814\/revisions"}],"predecessor-version":[{"id":68819,"href":"https:\/\/aktialiiga.fi\/miehet\/wp-json\/wp\/v2\/posts\/68814\/revisions\/68819"}],"wp:featuredmedia":[{"embeddable":true,"href":"https:\/\/aktialiiga.fi\/miehet\/wp-json\/wp\/v2\/media\/66947"}],"wp:attachment":[{"href":"https:\/\/aktialiiga.fi\/miehet\/wp-json\/wp\/v2\/media?parent=68814"}],"wp:term":[{"taxonomy":"category","embeddable":true,"href":"https:\/\/aktialiiga.fi\/miehet\/wp-json\/wp\/v2\/categories?post=68814"},{"taxonomy":"post_tag","embeddable":true,"href":"https:\/\/aktialiiga.fi\/miehet\/wp-json\/wp\/v2\/tags?post=68814"}],"curies":[{"name":"wp","href":"https:\/\/api.w.org\/{rel}","templated":true}]}}