{"id":68835,"date":"2026-01-28T21:13:30","date_gmt":"2026-01-28T19:13:30","guid":{"rendered":"https:\/\/aktialiiga.fi\/miehet\/?p=68835"},"modified":"2026-01-28T21:33:28","modified_gmt":"2026-01-28T19:33:28","slug":"sif-otti-tarkean-voiton-aifksta","status":"publish","type":"post","link":"https:\/\/aktialiiga.fi\/miehet\/2025-2026\/ottelut\/sif-otti-tarkean-voiton-aifksta\/","title":{"rendered":"SIF otti t\u00e4rke\u00e4n voiton \u00c5IFK:sta"},"content":{"rendered":"<p><!--StartFragment --><\/p>\n<p><span class=\"cf0\">SIF vankisti asemiaan kuuden parhaan joukossa kaatamalla keskiviikkona <\/span><span class=\"cf0\">\u00c5IFK:n<\/span><span class=\"cf0\"> kotonaan vahvan esityksen j\u00e4lkeen.<\/span><\/p>\n<p><span class=\"cf0\">Ottelu k\u00e4\u00e4ntyi is\u00e4ntien eduksi nopeasti, kun SIF rep\u00e4isi lukemista 2-2 numeroiksi 7-2. \u00c5IFK p\u00e4\u00e4si avausjakson loppupuolella hiukan kaventamaan eroa, mutta SIF latoi tauon alla kolme maalia per\u00e4j\u00e4lkeen ja johti tauolla viidell\u00e4 osumalla.<\/span><\/p>\n<p><span class=\"cf0\">\u00c5IFK kavensi eroa j\u00e4lleen toisen jakson alussa, mutta SIF karkasi j\u00e4lleen ja ero kasvoi seitsem\u00e4\u00e4n osumaan. Sama ero tulostaululla oli my\u00f6s ottelun p\u00e4\u00e4ttyess\u00e4.<\/span><\/p>\n<p><span class=\"cf0\">Voiton my\u00f6t\u00e4 SIF otti pitk\u00e4n askelen kohti puoliv\u00e4lier\u00e4paikkaa.<\/span><\/p>\n<p><!--StartFragment --><\/p>\n<p><span class=\"cf0\">Voitto ja my\u00f6s esitys l\u00e4mmittiv\u00e4t <\/span><span class=\"cf0\">SIFn<\/span><span class=\"cf0\"> p\u00e4\u00e4valmentaja <\/span><span class=\"cf0\">Gintaras<\/span> <span class=\"cf0\">Savukynasta<\/span><span class=\"cf0\">.<\/span><\/p>\n<p><span class=\"cf0\">&#8211; Onnittelen joukkuetta ansaitun voiton johdosta. Pelasimme eritt\u00e4in hyvin puolustuksessa ja maalivahti auttoi niiss\u00e4 kohdissa, kun sit\u00e4 tarvittiin. Pystyimme hy\u00f6dynt\u00e4m\u00e4\u00e4n koko joukkuetta. <\/span><\/p>\n<p><span class=\"cf0\">&#8211; Muutama virhe n\u00e4kyi viimeisiss\u00e4 maaleissa, mutta joukkuehenki ja keskittyminen olivat t\u00e4n\u00e4\u00e4n oikealla tasolla ja niiden seurauksena oikea lopputulos, <\/span><span class=\"cf0\">Savukynas<\/span><span class=\"cf0\"> maisteli kahta pistett\u00e4.<\/span><\/p>\n<p><span class=\"cf0\">\u00c5IFK:n<\/span><span class=\"cf0\"> p\u00e4\u00e4valmentaja Aku Kuusisto harmitteli sit\u00e4, ettei joukkue saanut parastaan irti.<\/span><\/p>\n<p><span class=\"cf0\">&#8211; T\u00e4rke\u00e4 peli, jonka h\u00e4vi\u00e4minen harmittaa. Hetkitt\u00e4in vuotaa puolustus ja hetkitt\u00e4in on vaikeaa hy\u00f6kk\u00e4yksess\u00e4 ja maalinteossa. Jotta voimme voittaa n\u00e4m\u00e4 pelit meid\u00e4n t\u00e4ytyy onnistua tasaisemmin ja l\u00e4pi ottelun. Onnittelut Siuntiolle voitosta, Kuusisto summasi.<\/span><\/p>\n<p><span class=\"cf0\">Ottelun parhaan pelaajan palkinnon kuittasi nimiins\u00e4 SIF:n Viktor Gr\u00f6nmark<\/span><\/p>\n<p><span class=\"cf0\">&#8211; Hyv\u00e4 asenne l\u00e4pi koko ottelun. Puolustus auttoi maalivahtia ja maalivahti puolustusta. Hienoa voittaa kaksi ottelua per\u00e4kk\u00e4in, Gr\u00f6nmark sanaili tyytyv\u00e4isen\u00e4.<\/span><\/p>\n<p><!--EndFragment --><\/p>\n<p><!--EndFragment --><\/p>\n","protected":false},"excerpt":{"rendered":"<p>SIF vankisti asemiaan kuuden parhaan joukossa kaatamalla keskiviikkona \u00c5IFK:n kotonaan vahvan esityksen j\u00e4lkeen. Ottelu k\u00e4\u00e4ntyi is\u00e4ntien eduksi nopeasti, kun SIF rep\u00e4isi lukemista 2-2 numeroiksi 7-2. \u00c5IFK p\u00e4\u00e4si avausjakson loppupuolella hiukan kaventamaan eroa, mutta SIF latoi tauon alla kolme maalia per\u00e4j\u00e4lkeen ja johti tauolla viidell\u00e4 osumalla. \u00c5IFK kavensi eroa j\u00e4lleen toisen jakson alussa, mutta SIF karkasi [&hellip;]<\/p>\n","protected":false},"author":13,"featured_media":66960,"comment_status":"closed","ping_status":"closed","sticky":false,"template":"","format":"standard","meta":{"_acf_changed":false,"jetpack_post_was_ever_published":false,"_jetpack_newsletter_access":"","_jetpack_dont_email_post_to_subs":false,"_jetpack_newsletter_tier_id":0,"_jetpack_memberships_contains_paywalled_content":false,"_jetpack_memberships_contains_paid_content":false,"footnotes":""},"categories":[361],"tags":[50,111],"class_list":["post-68835","post","type-post","status-publish","format-standard","has-post-thumbnail","hentry","category-ottelut","tag-aifk","tag-sif"],"acf":[],"yoast_head":"<!-- This site is optimized with the Yoast SEO plugin v27.5 - https:\/\/yoast.com\/product\/yoast-seo-wordpress\/ -->\n<title>SIF otti t\u00e4rke\u00e4n voiton \u00c5IFK:sta | K\u00e4sipallon miesten Aktialiiga<\/title>\n<meta name=\"robots\" content=\"index, follow, max-snippet:-1, max-image-preview:large, max-video-preview:-1\" \/>\n<link rel=\"canonical\" href=\"https:\/\/aktialiiga.fi\/miehet\/2025-2026\/ottelut\/sif-otti-tarkean-voiton-aifksta\/\" \/>\n<meta property=\"og:locale\" content=\"fi_FI\" \/>\n<meta property=\"og:type\" content=\"article\" \/>\n<meta property=\"og:title\" content=\"SIF otti t\u00e4rke\u00e4n voiton \u00c5IFK:sta | K\u00e4sipallon miesten Aktialiiga\" \/>\n<meta property=\"og:description\" content=\"SIF vankisti asemiaan kuuden parhaan joukossa kaatamalla keskiviikkona \u00c5IFK:n kotonaan vahvan esityksen j\u00e4lkeen. Ottelu k\u00e4\u00e4ntyi is\u00e4ntien eduksi nopeasti, kun SIF rep\u00e4isi lukemista 2-2 numeroiksi 7-2. \u00c5IFK p\u00e4\u00e4si avausjakson loppupuolella hiukan kaventamaan eroa, mutta SIF latoi tauon alla kolme maalia per\u00e4j\u00e4lkeen ja johti tauolla viidell\u00e4 osumalla. \u00c5IFK kavensi eroa j\u00e4lleen toisen jakson alussa, mutta SIF karkasi [&hellip;]\" \/>\n<meta property=\"og:url\" content=\"https:\/\/aktialiiga.fi\/miehet\/2025-2026\/ottelut\/sif-otti-tarkean-voiton-aifksta\/\" \/>\n<meta property=\"og:site_name\" content=\"K\u00e4sipallon miesten Aktialiiga\" \/>\n<meta property=\"article:publisher\" content=\"https:\/\/www.facebook.com\/finnhandball\" \/>\n<meta property=\"article:published_time\" content=\"2026-01-28T19:13:30+00:00\" \/>\n<meta property=\"article:modified_time\" content=\"2026-01-28T19:33:28+00:00\" \/>\n<meta property=\"og:image\" content=\"https:\/\/aktialiiga.fi\/miehet\/wp-content\/uploads\/sites\/5\/2025\/10\/A7302179-e1761649836699-1030x665.jpg\" \/>\n\t<meta property=\"og:image:width\" content=\"1030\" \/>\n\t<meta property=\"og:image:height\" content=\"665\" \/>\n\t<meta property=\"og:image:type\" content=\"image\/jpeg\" \/>\n<meta name=\"author\" content=\"tbrmedia\" \/>\n<meta name=\"twitter:card\" content=\"summary_large_image\" \/>\n<meta name=\"twitter:creator\" content=\"@finnhandball\" \/>\n<meta name=\"twitter:site\" content=\"@finnhandball\" \/>\n<script type=\"application\/ld+json\" class=\"yoast-schema-graph\">{\"@context\":\"https:\\\/\\\/schema.org\",\"@graph\":[{\"@type\":\"Article\",\"@id\":\"https:\\\/\\\/aktialiiga.fi\\\/miehet\\\/2025-2026\\\/ottelut\\\/sif-otti-tarkean-voiton-aifksta\\\/#article\",\"isPartOf\":{\"@id\":\"https:\\\/\\\/aktialiiga.fi\\\/miehet\\\/2025-2026\\\/ottelut\\\/sif-otti-tarkean-voiton-aifksta\\\/\"},\"author\":{\"name\":\"tbrmedia\",\"@id\":\"https:\\\/\\\/aktialiiga.fi\\\/miehet\\\/#\\\/schema\\\/person\\\/c14bf42f47041db74603c45afcb18d87\"},\"headline\":\"SIF otti t\u00e4rke\u00e4n voiton \u00c5IFK:sta\",\"datePublished\":\"2026-01-28T19:13:30+00:00\",\"dateModified\":\"2026-01-28T19:33:28+00:00\",\"mainEntityOfPage\":{\"@id\":\"https:\\\/\\\/aktialiiga.fi\\\/miehet\\\/2025-2026\\\/ottelut\\\/sif-otti-tarkean-voiton-aifksta\\\/\"},\"wordCount\":259,\"publisher\":{\"@id\":\"https:\\\/\\\/aktialiiga.fi\\\/miehet\\\/#organization\"},\"image\":{\"@id\":\"https:\\\/\\\/aktialiiga.fi\\\/miehet\\\/2025-2026\\\/ottelut\\\/sif-otti-tarkean-voiton-aifksta\\\/#primaryimage\"},\"thumbnailUrl\":\"https:\\\/\\\/i0.wp.com\\\/aktialiiga.fi\\\/miehet\\\/wp-content\\\/uploads\\\/sites\\\/5\\\/2025\\\/10\\\/A7302179-e1761649836699.jpg?fit=3745%2C2417&ssl=1\",\"keywords\":[\"\u00c5IFK\",\"SIF\"],\"articleSection\":[\"Ottelut 2025-26\"],\"inLanguage\":\"fi\"},{\"@type\":\"WebPage\",\"@id\":\"https:\\\/\\\/aktialiiga.fi\\\/miehet\\\/2025-2026\\\/ottelut\\\/sif-otti-tarkean-voiton-aifksta\\\/\",\"url\":\"https:\\\/\\\/aktialiiga.fi\\\/miehet\\\/2025-2026\\\/ottelut\\\/sif-otti-tarkean-voiton-aifksta\\\/\",\"name\":\"SIF otti t\u00e4rke\u00e4n voiton \u00c5IFK:sta | K\u00e4sipallon miesten Aktialiiga\",\"isPartOf\":{\"@id\":\"https:\\\/\\\/aktialiiga.fi\\\/miehet\\\/#website\"},\"primaryImageOfPage\":{\"@id\":\"https:\\\/\\\/aktialiiga.fi\\\/miehet\\\/2025-2026\\\/ottelut\\\/sif-otti-tarkean-voiton-aifksta\\\/#primaryimage\"},\"image\":{\"@id\":\"https:\\\/\\\/aktialiiga.fi\\\/miehet\\\/2025-2026\\\/ottelut\\\/sif-otti-tarkean-voiton-aifksta\\\/#primaryimage\"},\"thumbnailUrl\":\"https:\\\/\\\/i0.wp.com\\\/aktialiiga.fi\\\/miehet\\\/wp-content\\\/uploads\\\/sites\\\/5\\\/2025\\\/10\\\/A7302179-e1761649836699.jpg?fit=3745%2C2417&ssl=1\",\"datePublished\":\"2026-01-28T19:13:30+00:00\",\"dateModified\":\"2026-01-28T19:33:28+00:00\",\"breadcrumb\":{\"@id\":\"https:\\\/\\\/aktialiiga.fi\\\/miehet\\\/2025-2026\\\/ottelut\\\/sif-otti-tarkean-voiton-aifksta\\\/#breadcrumb\"},\"inLanguage\":\"fi\",\"potentialAction\":[{\"@type\":\"ReadAction\",\"target\":[\"https:\\\/\\\/aktialiiga.fi\\\/miehet\\\/2025-2026\\\/ottelut\\\/sif-otti-tarkean-voiton-aifksta\\\/\"]}]},{\"@type\":\"ImageObject\",\"inLanguage\":\"fi\",\"@id\":\"https:\\\/\\\/aktialiiga.fi\\\/miehet\\\/2025-2026\\\/ottelut\\\/sif-otti-tarkean-voiton-aifksta\\\/#primaryimage\",\"url\":\"https:\\\/\\\/i0.wp.com\\\/aktialiiga.fi\\\/miehet\\\/wp-content\\\/uploads\\\/sites\\\/5\\\/2025\\\/10\\\/A7302179-e1761649836699.jpg?fit=3745%2C2417&ssl=1\",\"contentUrl\":\"https:\\\/\\\/i0.wp.com\\\/aktialiiga.fi\\\/miehet\\\/wp-content\\\/uploads\\\/sites\\\/5\\\/2025\\\/10\\\/A7302179-e1761649836699.jpg?fit=3745%2C2417&ssl=1\",\"width\":3745,\"height\":2417},{\"@type\":\"BreadcrumbList\",\"@id\":\"https:\\\/\\\/aktialiiga.fi\\\/miehet\\\/2025-2026\\\/ottelut\\\/sif-otti-tarkean-voiton-aifksta\\\/#breadcrumb\",\"itemListElement\":[{\"@type\":\"ListItem\",\"position\":1,\"name\":\"Etusivu\",\"item\":\"https:\\\/\\\/aktialiiga.fi\\\/miehet\\\/\"},{\"@type\":\"ListItem\",\"position\":2,\"name\":\"SIF otti t\u00e4rke\u00e4n voiton \u00c5IFK:sta\"}]},{\"@type\":\"WebSite\",\"@id\":\"https:\\\/\\\/aktialiiga.fi\\\/miehet\\\/#website\",\"url\":\"https:\\\/\\\/aktialiiga.fi\\\/miehet\\\/\",\"name\":\"K\u00e4sipallon miesten Aktialiiga\",\"description\":\"Valtakunnan vauhdikkainta palloilua!\",\"publisher\":{\"@id\":\"https:\\\/\\\/aktialiiga.fi\\\/miehet\\\/#organization\"},\"potentialAction\":[{\"@type\":\"SearchAction\",\"target\":{\"@type\":\"EntryPoint\",\"urlTemplate\":\"https:\\\/\\\/aktialiiga.fi\\\/miehet\\\/?s={search_term_string}\"},\"query-input\":{\"@type\":\"PropertyValueSpecification\",\"valueRequired\":true,\"valueName\":\"search_term_string\"}}],\"inLanguage\":\"fi\"},{\"@type\":\"Organization\",\"@id\":\"https:\\\/\\\/aktialiiga.fi\\\/miehet\\\/#organization\",\"name\":\"K\u00e4sipallon miesten Aktialiiga\",\"url\":\"https:\\\/\\\/aktialiiga.fi\\\/miehet\\\/\",\"logo\":{\"@type\":\"ImageObject\",\"inLanguage\":\"fi\",\"@id\":\"https:\\\/\\\/aktialiiga.fi\\\/miehet\\\/#\\\/schema\\\/logo\\\/image\\\/\",\"url\":\"https:\\\/\\\/i0.wp.com\\\/aktialiiga.fi\\\/miehet\\\/wp-content\\\/uploads\\\/sites\\\/5\\\/2024\\\/09\\\/Aktialiiga-Yoast-512.png?fit=512%2C512&ssl=1\",\"contentUrl\":\"https:\\\/\\\/i0.wp.com\\\/aktialiiga.fi\\\/miehet\\\/wp-content\\\/uploads\\\/sites\\\/5\\\/2024\\\/09\\\/Aktialiiga-Yoast-512.png?fit=512%2C512&ssl=1\",\"width\":512,\"height\":512,\"caption\":\"K\u00e4sipallon miesten Aktialiiga\"},\"image\":{\"@id\":\"https:\\\/\\\/aktialiiga.fi\\\/miehet\\\/#\\\/schema\\\/logo\\\/image\\\/\"},\"sameAs\":[\"https:\\\/\\\/www.facebook.com\\\/finnhandball\",\"https:\\\/\\\/x.com\\\/finnhandball\",\"https:\\\/\\\/www.instagram.com\\\/handballfinland\\\/\"]},{\"@type\":\"Person\",\"@id\":\"https:\\\/\\\/aktialiiga.fi\\\/miehet\\\/#\\\/schema\\\/person\\\/c14bf42f47041db74603c45afcb18d87\",\"name\":\"tbrmedia\",\"image\":{\"@type\":\"ImageObject\",\"inLanguage\":\"fi\",\"@id\":\"https:\\\/\\\/secure.gravatar.com\\\/avatar\\\/ee975fa091fe581d12b60debb3439022686618368a7c142044c56724d4666b16?s=96&d=mm&r=g\",\"url\":\"https:\\\/\\\/secure.gravatar.com\\\/avatar\\\/ee975fa091fe581d12b60debb3439022686618368a7c142044c56724d4666b16?s=96&d=mm&r=g\",\"contentUrl\":\"https:\\\/\\\/secure.gravatar.com\\\/avatar\\\/ee975fa091fe581d12b60debb3439022686618368a7c142044c56724d4666b16?s=96&d=mm&r=g\",\"caption\":\"tbrmedia\"}}]}<\/script>\n<!-- \/ Yoast SEO plugin. -->","yoast_head_json":{"title":"SIF otti t\u00e4rke\u00e4n voiton \u00c5IFK:sta | K\u00e4sipallon miesten Aktialiiga","robots":{"index":"index","follow":"follow","max-snippet":"max-snippet:-1","max-image-preview":"max-image-preview:large","max-video-preview":"max-video-preview:-1"},"canonical":"https:\/\/aktialiiga.fi\/miehet\/2025-2026\/ottelut\/sif-otti-tarkean-voiton-aifksta\/","og_locale":"fi_FI","og_type":"article","og_title":"SIF otti t\u00e4rke\u00e4n voiton \u00c5IFK:sta | K\u00e4sipallon miesten Aktialiiga","og_description":"SIF vankisti asemiaan kuuden parhaan joukossa kaatamalla keskiviikkona \u00c5IFK:n kotonaan vahvan esityksen j\u00e4lkeen. Ottelu k\u00e4\u00e4ntyi is\u00e4ntien eduksi nopeasti, kun SIF rep\u00e4isi lukemista 2-2 numeroiksi 7-2. \u00c5IFK p\u00e4\u00e4si avausjakson loppupuolella hiukan kaventamaan eroa, mutta SIF latoi tauon alla kolme maalia per\u00e4j\u00e4lkeen ja johti tauolla viidell\u00e4 osumalla. \u00c5IFK kavensi eroa j\u00e4lleen toisen jakson alussa, mutta SIF karkasi [&hellip;]","og_url":"https:\/\/aktialiiga.fi\/miehet\/2025-2026\/ottelut\/sif-otti-tarkean-voiton-aifksta\/","og_site_name":"K\u00e4sipallon miesten Aktialiiga","article_publisher":"https:\/\/www.facebook.com\/finnhandball","article_published_time":"2026-01-28T19:13:30+00:00","article_modified_time":"2026-01-28T19:33:28+00:00","og_image":[{"width":1030,"height":665,"url":"https:\/\/aktialiiga.fi\/miehet\/wp-content\/uploads\/sites\/5\/2025\/10\/A7302179-e1761649836699-1030x665.jpg","type":"image\/jpeg"}],"author":"tbrmedia","twitter_card":"summary_large_image","twitter_creator":"@finnhandball","twitter_site":"@finnhandball","schema":{"@context":"https:\/\/schema.org","@graph":[{"@type":"Article","@id":"https:\/\/aktialiiga.fi\/miehet\/2025-2026\/ottelut\/sif-otti-tarkean-voiton-aifksta\/#article","isPartOf":{"@id":"https:\/\/aktialiiga.fi\/miehet\/2025-2026\/ottelut\/sif-otti-tarkean-voiton-aifksta\/"},"author":{"name":"tbrmedia","@id":"https:\/\/aktialiiga.fi\/miehet\/#\/schema\/person\/c14bf42f47041db74603c45afcb18d87"},"headline":"SIF otti t\u00e4rke\u00e4n voiton \u00c5IFK:sta","datePublished":"2026-01-28T19:13:30+00:00","dateModified":"2026-01-28T19:33:28+00:00","mainEntityOfPage":{"@id":"https:\/\/aktialiiga.fi\/miehet\/2025-2026\/ottelut\/sif-otti-tarkean-voiton-aifksta\/"},"wordCount":259,"publisher":{"@id":"https:\/\/aktialiiga.fi\/miehet\/#organization"},"image":{"@id":"https:\/\/aktialiiga.fi\/miehet\/2025-2026\/ottelut\/sif-otti-tarkean-voiton-aifksta\/#primaryimage"},"thumbnailUrl":"https:\/\/i0.wp.com\/aktialiiga.fi\/miehet\/wp-content\/uploads\/sites\/5\/2025\/10\/A7302179-e1761649836699.jpg?fit=3745%2C2417&ssl=1","keywords":["\u00c5IFK","SIF"],"articleSection":["Ottelut 2025-26"],"inLanguage":"fi"},{"@type":"WebPage","@id":"https:\/\/aktialiiga.fi\/miehet\/2025-2026\/ottelut\/sif-otti-tarkean-voiton-aifksta\/","url":"https:\/\/aktialiiga.fi\/miehet\/2025-2026\/ottelut\/sif-otti-tarkean-voiton-aifksta\/","name":"SIF otti t\u00e4rke\u00e4n voiton \u00c5IFK:sta | K\u00e4sipallon miesten Aktialiiga","isPartOf":{"@id":"https:\/\/aktialiiga.fi\/miehet\/#website"},"primaryImageOfPage":{"@id":"https:\/\/aktialiiga.fi\/miehet\/2025-2026\/ottelut\/sif-otti-tarkean-voiton-aifksta\/#primaryimage"},"image":{"@id":"https:\/\/aktialiiga.fi\/miehet\/2025-2026\/ottelut\/sif-otti-tarkean-voiton-aifksta\/#primaryimage"},"thumbnailUrl":"https:\/\/i0.wp.com\/aktialiiga.fi\/miehet\/wp-content\/uploads\/sites\/5\/2025\/10\/A7302179-e1761649836699.jpg?fit=3745%2C2417&ssl=1","datePublished":"2026-01-28T19:13:30+00:00","dateModified":"2026-01-28T19:33:28+00:00","breadcrumb":{"@id":"https:\/\/aktialiiga.fi\/miehet\/2025-2026\/ottelut\/sif-otti-tarkean-voiton-aifksta\/#breadcrumb"},"inLanguage":"fi","potentialAction":[{"@type":"ReadAction","target":["https:\/\/aktialiiga.fi\/miehet\/2025-2026\/ottelut\/sif-otti-tarkean-voiton-aifksta\/"]}]},{"@type":"ImageObject","inLanguage":"fi","@id":"https:\/\/aktialiiga.fi\/miehet\/2025-2026\/ottelut\/sif-otti-tarkean-voiton-aifksta\/#primaryimage","url":"https:\/\/i0.wp.com\/aktialiiga.fi\/miehet\/wp-content\/uploads\/sites\/5\/2025\/10\/A7302179-e1761649836699.jpg?fit=3745%2C2417&ssl=1","contentUrl":"https:\/\/i0.wp.com\/aktialiiga.fi\/miehet\/wp-content\/uploads\/sites\/5\/2025\/10\/A7302179-e1761649836699.jpg?fit=3745%2C2417&ssl=1","width":3745,"height":2417},{"@type":"BreadcrumbList","@id":"https:\/\/aktialiiga.fi\/miehet\/2025-2026\/ottelut\/sif-otti-tarkean-voiton-aifksta\/#breadcrumb","itemListElement":[{"@type":"ListItem","position":1,"name":"Etusivu","item":"https:\/\/aktialiiga.fi\/miehet\/"},{"@type":"ListItem","position":2,"name":"SIF otti t\u00e4rke\u00e4n voiton \u00c5IFK:sta"}]},{"@type":"WebSite","@id":"https:\/\/aktialiiga.fi\/miehet\/#website","url":"https:\/\/aktialiiga.fi\/miehet\/","name":"K\u00e4sipallon miesten Aktialiiga","description":"Valtakunnan vauhdikkainta palloilua!","publisher":{"@id":"https:\/\/aktialiiga.fi\/miehet\/#organization"},"potentialAction":[{"@type":"SearchAction","target":{"@type":"EntryPoint","urlTemplate":"https:\/\/aktialiiga.fi\/miehet\/?s={search_term_string}"},"query-input":{"@type":"PropertyValueSpecification","valueRequired":true,"valueName":"search_term_string"}}],"inLanguage":"fi"},{"@type":"Organization","@id":"https:\/\/aktialiiga.fi\/miehet\/#organization","name":"K\u00e4sipallon miesten Aktialiiga","url":"https:\/\/aktialiiga.fi\/miehet\/","logo":{"@type":"ImageObject","inLanguage":"fi","@id":"https:\/\/aktialiiga.fi\/miehet\/#\/schema\/logo\/image\/","url":"https:\/\/i0.wp.com\/aktialiiga.fi\/miehet\/wp-content\/uploads\/sites\/5\/2024\/09\/Aktialiiga-Yoast-512.png?fit=512%2C512&ssl=1","contentUrl":"https:\/\/i0.wp.com\/aktialiiga.fi\/miehet\/wp-content\/uploads\/sites\/5\/2024\/09\/Aktialiiga-Yoast-512.png?fit=512%2C512&ssl=1","width":512,"height":512,"caption":"K\u00e4sipallon miesten Aktialiiga"},"image":{"@id":"https:\/\/aktialiiga.fi\/miehet\/#\/schema\/logo\/image\/"},"sameAs":["https:\/\/www.facebook.com\/finnhandball","https:\/\/x.com\/finnhandball","https:\/\/www.instagram.com\/handballfinland\/"]},{"@type":"Person","@id":"https:\/\/aktialiiga.fi\/miehet\/#\/schema\/person\/c14bf42f47041db74603c45afcb18d87","name":"tbrmedia","image":{"@type":"ImageObject","inLanguage":"fi","@id":"https:\/\/secure.gravatar.com\/avatar\/ee975fa091fe581d12b60debb3439022686618368a7c142044c56724d4666b16?s=96&d=mm&r=g","url":"https:\/\/secure.gravatar.com\/avatar\/ee975fa091fe581d12b60debb3439022686618368a7c142044c56724d4666b16?s=96&d=mm&r=g","contentUrl":"https:\/\/secure.gravatar.com\/avatar\/ee975fa091fe581d12b60debb3439022686618368a7c142044c56724d4666b16?s=96&d=mm&r=g","caption":"tbrmedia"}}]}},"jetpack_featured_media_url":"https:\/\/i0.wp.com\/aktialiiga.fi\/miehet\/wp-content\/uploads\/sites\/5\/2025\/10\/A7302179-e1761649836699.jpg?fit=3745%2C2417&ssl=1","jetpack_sharing_enabled":true,"jetpack_shortlink":"https:\/\/wp.me\/pfTxOr-hUf","_links":{"self":[{"href":"https:\/\/aktialiiga.fi\/miehet\/wp-json\/wp\/v2\/posts\/68835","targetHints":{"allow":["GET"]}}],"collection":[{"href":"https:\/\/aktialiiga.fi\/miehet\/wp-json\/wp\/v2\/posts"}],"about":[{"href":"https:\/\/aktialiiga.fi\/miehet\/wp-json\/wp\/v2\/types\/post"}],"author":[{"embeddable":true,"href":"https:\/\/aktialiiga.fi\/miehet\/wp-json\/wp\/v2\/users\/13"}],"replies":[{"embeddable":true,"href":"https:\/\/aktialiiga.fi\/miehet\/wp-json\/wp\/v2\/comments?post=68835"}],"version-history":[{"count":4,"href":"https:\/\/aktialiiga.fi\/miehet\/wp-json\/wp\/v2\/posts\/68835\/revisions"}],"predecessor-version":[{"id":68842,"href":"https:\/\/aktialiiga.fi\/miehet\/wp-json\/wp\/v2\/posts\/68835\/revisions\/68842"}],"wp:featuredmedia":[{"embeddable":true,"href":"https:\/\/aktialiiga.fi\/miehet\/wp-json\/wp\/v2\/media\/66960"}],"wp:attachment":[{"href":"https:\/\/aktialiiga.fi\/miehet\/wp-json\/wp\/v2\/media?parent=68835"}],"wp:term":[{"taxonomy":"category","embeddable":true,"href":"https:\/\/aktialiiga.fi\/miehet\/wp-json\/wp\/v2\/categories?post=68835"},{"taxonomy":"post_tag","embeddable":true,"href":"https:\/\/aktialiiga.fi\/miehet\/wp-json\/wp\/v2\/tags?post=68835"}],"curies":[{"name":"wp","href":"https:\/\/api.w.org\/{rel}","templated":true}]}}