{"id":68844,"date":"2026-01-29T21:32:43","date_gmt":"2026-01-29T19:32:43","guid":{"rendered":"https:\/\/aktialiiga.fi\/miehet\/?p=68844"},"modified":"2026-01-30T00:02:50","modified_gmt":"2026-01-29T22:02:50","slug":"viikon-helmi-karkikaksikon-takana-taistellaan-kiivaasti-sijoituksista","status":"publish","type":"post","link":"https:\/\/aktialiiga.fi\/miehet\/2025-2026\/ennakot\/viikon-helmi-karkikaksikon-takana-taistellaan-kiivaasti-sijoituksista\/","title":{"rendered":"VIIKON HELMI: K\u00e4rkikaksikon takana taistellaan kiivaasti sijoituksista"},"content":{"rendered":"<div  id=\"striimi\"  class='flex_column av-mfgnpbfs-0bf61075f7c22cbfafcdcd6b2f001f02 av_one_full  avia-builder-el-0  el_before_av_one_fourth  avia-builder-el-first  first flex_column_div  '     ><\/div>\n<div class='flex_column_table av-mf560t2t-6052fd97c20003b8771e9bfeac7e06c8 sc-av_one_fourth av-equal-height-column-flextable'><div  class='flex_column av-mf560t2t-6052fd97c20003b8771e9bfeac7e06c8 av_one_fourth  avia-builder-el-2  el_after_av_one_full  el_before_av_three_fourth  first flex_column_table_cell av-equal-height-column av-align-middle  column-top-margin'     ><style type=\"text\/css\" data-created_by=\"avia_inline_auto\" id=\"style-css-av-mf560kz6-aab26529b55552c5e4c7c282c8292839\">\n.avia-image-container.av-mf560kz6-aab26529b55552c5e4c7c282c8292839 img.avia_image{\nbox-shadow:none;\n}\n.avia-image-container.av-mf560kz6-aab26529b55552c5e4c7c282c8292839 .av-image-caption-overlay-center{\ncolor:#ffffff;\n}\n<\/style>\n<div  class='avia-image-container av-mf560kz6-aab26529b55552c5e4c7c282c8292839 av-styling- av-img-linked avia-align-center  avia-builder-el-3  avia-builder-el-no-sibling '   itemprop=\"image\" itemscope=\"itemscope\" itemtype=\"https:\/\/schema.org\/ImageObject\" ><div class=\"avia-image-container-inner\"><div class=\"avia-image-overlay-wrap\"><a href=\"https:\/\/aktialiiga.fi\/handistv\/\" class='avia_image '  aria-label='HandisTV'><img decoding=\"async\" fetchpriority=\"high\" class='wp-image-43724 avia-img-lazy-loading-not-43724 avia_image ' src=\"https:\/\/i0.wp.com\/aktialiiga.fi\/miehet\/wp-content\/uploads\/sites\/5\/2023\/09\/HandisTV-logo-sininen-003.png?fit=300%2C125&ssl=1\" alt='' title='HandisTV'  height=\"125\" width=\"300\"  itemprop=\"thumbnailUrl\" srcset=\"https:\/\/i0.wp.com\/aktialiiga.fi\/miehet\/wp-content\/uploads\/sites\/5\/2023\/09\/HandisTV-logo-sininen-003.png?w=1920&amp;ssl=1 1920w, https:\/\/i0.wp.com\/aktialiiga.fi\/miehet\/wp-content\/uploads\/sites\/5\/2023\/09\/HandisTV-logo-sininen-003.png?resize=300%2C125&amp;ssl=1 300w, https:\/\/i0.wp.com\/aktialiiga.fi\/miehet\/wp-content\/uploads\/sites\/5\/2023\/09\/HandisTV-logo-sininen-003.png?resize=1030%2C429&amp;ssl=1 1030w, https:\/\/i0.wp.com\/aktialiiga.fi\/miehet\/wp-content\/uploads\/sites\/5\/2023\/09\/HandisTV-logo-sininen-003.png?resize=768%2C320&amp;ssl=1 768w, https:\/\/i0.wp.com\/aktialiiga.fi\/miehet\/wp-content\/uploads\/sites\/5\/2023\/09\/HandisTV-logo-sininen-003.png?resize=1536%2C640&amp;ssl=1 1536w, https:\/\/i0.wp.com\/aktialiiga.fi\/miehet\/wp-content\/uploads\/sites\/5\/2023\/09\/HandisTV-logo-sininen-003.png?resize=1200%2C500&amp;ssl=1 1200w, https:\/\/i0.wp.com\/aktialiiga.fi\/miehet\/wp-content\/uploads\/sites\/5\/2023\/09\/HandisTV-logo-sininen-003.png?resize=1500%2C625&amp;ssl=1 1500w, https:\/\/i0.wp.com\/aktialiiga.fi\/miehet\/wp-content\/uploads\/sites\/5\/2023\/09\/HandisTV-logo-sininen-003.png?resize=705%2C294&amp;ssl=1 705w\" sizes=\"(max-width: 300px) 100vw, 300px\" \/><\/a><\/div><\/div><\/div><\/div>\n<div class='av-flex-placeholder'><\/div><div  class='flex_column av-1picrjl-acc8abc0e8e884f0d05e9244cede6d83 av_three_fourth  avia-builder-el-4  el_after_av_one_fourth  el_before_av_hr  flex_column_table_cell av-equal-height-column av-align-middle  column-top-margin'     ><div  class='avia-button-wrap avia-button-center  avia-builder-el-5  avia-builder-el-no-sibling '>\n<style type=\"text\/css\" data-created_by=\"avia_inline_auto\" id=\"style-css-av-1b7j8r5-dbc15a752789291237ddfbfeaefef95d\">\n#top #wrap_all .avia-button.av-1b7j8r5-dbc15a752789291237ddfbfeaefef95d:hover{\ncolor:white;\ntransition:all 0.4s ease-in-out;\n}\n#top #wrap_all .avia-button.av-1b7j8r5-dbc15a752789291237ddfbfeaefef95d:hover .avia-svg-icon svg:first-child{\nfill:white;\nstroke:white;\n}\n<\/style>\n<a href='https:\/\/handis.tv\/dickenmiehet\/games\/g\/6e91m96t' class='avia-color-theme-color avia-font-color-theme-color avia-button avia-button-fullwidth av-1b7j8r5-dbc15a752789291237ddfbfeaefef95d avia-icon_select-no avia-color-theme-color'  target=\"_blank\"  rel=\"noopener noreferrer\"  aria-label=\"Katso ottelu HandisTV:ss\u00e4\"><span class='avia_iconbox_title' >Katso ottelu HandisTV:ss\u00e4<\/span><span class='avia_button_background avia-button avia-button-fullwidth avia-color-theme-color-highlight'><\/span><\/a><\/div><\/div><\/div><!--close column table wrapper. Autoclose: 1 -->\n\n<style type=\"text\/css\" data-created_by=\"avia_inline_auto\" id=\"style-css-av-ncy19t-268f4dc50f82404318c5ac0b3acd0620\">\n#top .hr.hr-invisible.av-ncy19t-268f4dc50f82404318c5ac0b3acd0620{\nheight:10px;\n}\n<\/style>\n<div  class='hr av-ncy19t-268f4dc50f82404318c5ac0b3acd0620 hr-invisible  avia-builder-el-6  el_after_av_three_fourth  el_before_av_heading '><span class='hr-inner '><span class=\"hr-inner-style\"><\/span><\/span><\/div>\n\n<style type=\"text\/css\" data-created_by=\"avia_inline_auto\" id=\"style-css-av-mf3vn3xr-4bd90fad8302fc3845fb9c31ec939306\">\n#top .av-special-heading.av-mf3vn3xr-4bd90fad8302fc3845fb9c31ec939306{\npadding-bottom:10px;\n}\nbody .av-special-heading.av-mf3vn3xr-4bd90fad8302fc3845fb9c31ec939306 .av-special-heading-tag .heading-char{\nfont-size:25px;\n}\n.av-special-heading.av-mf3vn3xr-4bd90fad8302fc3845fb9c31ec939306 .av-subheading{\nfont-size:15px;\n}\n<\/style>\n<div  class='av-special-heading av-mf3vn3xr-4bd90fad8302fc3845fb9c31ec939306 av-special-heading-h1 blockquote modern-quote  avia-builder-el-7  el_after_av_hr  el_before_av_three_fifth '><h1 class='av-special-heading-tag '  itemprop=\"headline\"  >VIIKON HELMI: K\u00e4rkikaksikon takana taistellaan kiivaasti sijoituksista<\/h1><div class=\"special-heading-border\"><div class=\"special-heading-inner-border\"><\/div><\/div><\/div>\n<div class='flex_column_table av-11ngu9d-27bf49a7f29346725af072585d8a9b9a sc-av_three_fifth av-equal-height-column-flextable'><div  class='flex_column av-11ngu9d-27bf49a7f29346725af072585d8a9b9a av_three_fifth  avia-builder-el-8  el_after_av_heading  el_before_av_two_fifth  first flex_column_table_cell av-equal-height-column av-align-middle  '     ><section  class='av_textblock_section av-mf3r5gxg-9fa5fc53b4c3b48f5f9f8f71ad7daace '   itemscope=\"itemscope\" itemtype=\"https:\/\/schema.org\/BlogPosting\" itemprop=\"blogPost\" ><div class='avia_textblock'  itemprop=\"text\" ><p><strong>Miesten Aktialiigan sijoja 3\u20135 hallitsevat Cocks, Dicken ja GrIFK mahtuvat kahden pisteen sis\u00e4\u00e4n, kun runkosarjan kolmas sarjakolmannes saa p\u00e4\u00e4t\u00f6ksens\u00e4. <\/strong><strong>Viikolla pelatulla sarjakierroksella GrIFK k\u00e4rsi pahan tappion Cocksille, ja p\u00e4iv\u00e4\u00e4 aiemmin Dicken taipui isosti Stadin derbyss\u00e4 HIFK:lle. Lauantaina tutut kiistakumppanit l\u00e4htev\u00e4t t\u00e4rkeiden pisteiden per\u00e4\u00e4n haastavista l\u00e4ht\u00f6asemista Pirkkolassa.<\/strong><\/p>\n<p><strong>Viikon helmi alkaa kello 15:45 avaten vilkkaan pelip\u00e4iv\u00e4n. Kello 16 aloitetaan Tammisaaressa ottelu EIF-\u00c5IFK ja p\u00e4iv\u00e4n p\u00e4\u00e4tt\u00e4\u00e4 kello 18 runkosarjan k\u00e4rkikaksikon BK-46-HIFK Karjaalla.<\/strong><\/p>\n<\/div><\/section><\/div><div class='av-flex-placeholder'><\/div>\n<style type=\"text\/css\" data-created_by=\"avia_inline_auto\" id=\"style-css-av-mf552js6-951d4fd8759aec35c29c93c0d832d4ef\">\n.flex_column.av-mf552js6-951d4fd8759aec35c29c93c0d832d4ef{\nborder-width:1px;\nborder-color:#000000;\nborder-style:solid;\npadding:10px 0px 0px 10px;\nbackground-color:#f1f1f1;\n}\n<\/style>\n<div  class='flex_column av-mf552js6-951d4fd8759aec35c29c93c0d832d4ef av_two_fifth  avia-builder-el-10  el_after_av_three_fifth  el_before_av_hr  flex_column_table_cell av-equal-height-column av-align-middle  '     ><\/div><\/div><!--close column table wrapper. Autoclose: 1 --><\/p>\n\n<style type=\"text\/css\" data-created_by=\"avia_inline_auto\" id=\"style-css-av-vh1anl-e6e4da802057f78beddcdb82bd7182e4\">\n#top .hr.hr-invisible.av-vh1anl-e6e4da802057f78beddcdb82bd7182e4{\nheight:10px;\n}\n<\/style>\n<div  class='hr av-vh1anl-e6e4da802057f78beddcdb82bd7182e4 hr-invisible  avia-builder-el-12  el_after_av_two_fifth  el_before_av_one_full '><span class='hr-inner '><span class=\"hr-inner-style\"><\/span><\/span><\/div>\n<div  class='flex_column av-2tqhe8h-3f6047c84c0289b045b42a74b7089447 av_one_full  avia-builder-el-13  el_after_av_hr  el_before_av_one_full  first flex_column_div  '     ><section  class='av_textblock_section av-mi7o6amz-d78cb96869a5a656eb789dd46eaf8fb0 '   itemscope=\"itemscope\" itemtype=\"https:\/\/schema.org\/BlogPosting\" itemprop=\"blogPost\" ><div class='avia_textblock'  itemprop=\"text\" ><p>Teoriassa k\u00e4rkikaksikon takaa on viel\u00e4 ohut mahdollisuus nousta suoraksi v\u00e4lier\u00e4joukkueeksi, mutta teoriaa saatetaan uudelleenkirjoittaa jo viikonloppuna. Jos Cocks, Dicken tai GrIFK menett\u00e4\u00e4 en\u00e4\u00e4 edes yhden pisteen, saavat ne jo keskitty\u00e4 kisaamaan kotiedusta puoliv\u00e4lieriin. Viimeist\u00e4 Playoff-paikkaa pit\u00e4v\u00e4 SIF on kuuden pisteen p\u00e4\u00e4ss\u00e4 Granista ja kahdeksan pistett\u00e4 Cocksista, joten sill\u00e4kin on viel\u00e4 t\u00e4ydet mahdollisuudet nousta sekoittamaan pakkaa. \u00c5IFK:n tai EIF:n mahdollisuudet nousta puoliv\u00e4lieriin lep\u00e4\u00e4v\u00e4t en\u00e4\u00e4 ohuen hiuskarvan varassa.<\/p>\n<p>Dicken ja GrIFK voivat hyvinkin reilun kuukauden p\u00e4\u00e4st\u00e4 huomata p\u00e4\u00e4tyneens\u00e4\u00a0 ensimm\u00e4ist\u00e4 kertaa puoliv\u00e4lier\u00e4pariksi.<\/p>\n<p>&#8211; Dicken-Grani on aina ollut omanlainen derbyns\u00e4 ja totta kai menn\u00e4\u00e4n siihen voittamaan. Meill\u00e4 on pari rankempaa peli\u00e4 takana, joten tarvitsemme pisteet. Tied\u00e4mme my\u00f6s, ett\u00e4 ottelusta tulee kova, joten hommia pit\u00e4\u00e4 tehd\u00e4, sanoo Dickenin kapteeni Max Granlund.<\/p>\n<p>Dicken vei nimiins\u00e4 kaksi ensimm\u00e4ist\u00e4 keskin\u00e4ist\u00e4. Lokakuussa se voitti Pirkkolassa 35-22 ja joulukuussa Kauniaisissa 28-24. Niist\u00e4 otteluista Pirkkolan porukka on kuitenkin kokenut kovia muodonmuutoksia, joten ottelut kannattaa j\u00e4tt\u00e4\u00e4 suosiolla muistojen joukkoon.<\/p>\n<p>&#8211; Olemme tehneet pari hyv\u00e4\u00e4 ottelua heit\u00e4 vastaan. Tied\u00e4mme ett\u00e4 voitto ei tule helpolla. Grani on kova vastustaja jos ei olla mukana koko 60 minuuttia. He haastavat paljon 1v1 ja tekev\u00e4t sen hyvin, joten tarvitsemme tiiviin puolustuksen.<\/p>\n<\/div><\/section><\/div><div  class='flex_column av-2dmnc6p-2bd0dd290a3c47771b81d759d0e6b398 av_one_full  avia-builder-el-15  el_after_av_one_full  el_before_av_one_fifth  first flex_column_div  column-top-margin'     ><p>\n<style type=\"text\/css\" data-created_by=\"avia_inline_auto\" id=\"style-css-av-mf3vlo9b-ffa0b0582eb36f83b611529c01e81614\">\n.avia-image-container.av-mf3vlo9b-ffa0b0582eb36f83b611529c01e81614 img.avia_image{\nbox-shadow:none;\n}\n.avia-image-container.av-mf3vlo9b-ffa0b0582eb36f83b611529c01e81614 .av-image-caption-overlay-center{\ncolor:#ffffff;\n}\n<\/style>\n<div  class='avia-image-container av-mf3vlo9b-ffa0b0582eb36f83b611529c01e81614 av-styling- avia-align-center  avia-builder-el-16  el_before_av_textblock  avia-builder-el-first  av-has-copyright av-copyright-icon-reveal'   itemprop=\"image\" itemscope=\"itemscope\" itemtype=\"https:\/\/schema.org\/ImageObject\" ><div class=\"avia-image-container-inner\"><div class=\"avia-image-overlay-wrap\"><img decoding=\"async\" fetchpriority=\"high\" class='wp-image-66191 avia-img-lazy-loading-not-66191 avia_image ' src=\"https:\/\/i0.wp.com\/aktialiiga.fi\/miehet\/wp-content\/uploads\/sites\/5\/2025\/09\/A7306976.jpg?fit=1030%2C687&ssl=1\" alt='' title='Max Granlund Dicken'  height=\"687\" width=\"1030\"  itemprop=\"thumbnailUrl\" srcset=\"https:\/\/i0.wp.com\/aktialiiga.fi\/miehet\/wp-content\/uploads\/sites\/5\/2025\/09\/A7306976.jpg?w=5088&amp;ssl=1 5088w, https:\/\/i0.wp.com\/aktialiiga.fi\/miehet\/wp-content\/uploads\/sites\/5\/2025\/09\/A7306976.jpg?resize=300%2C200&amp;ssl=1 300w, https:\/\/i0.wp.com\/aktialiiga.fi\/miehet\/wp-content\/uploads\/sites\/5\/2025\/09\/A7306976.jpg?resize=1030%2C687&amp;ssl=1 1030w, https:\/\/i0.wp.com\/aktialiiga.fi\/miehet\/wp-content\/uploads\/sites\/5\/2025\/09\/A7306976.jpg?resize=768%2C512&amp;ssl=1 768w, https:\/\/i0.wp.com\/aktialiiga.fi\/miehet\/wp-content\/uploads\/sites\/5\/2025\/09\/A7306976.jpg?resize=1536%2C1024&amp;ssl=1 1536w, https:\/\/i0.wp.com\/aktialiiga.fi\/miehet\/wp-content\/uploads\/sites\/5\/2025\/09\/A7306976.jpg?resize=2048%2C1365&amp;ssl=1 2048w, https:\/\/i0.wp.com\/aktialiiga.fi\/miehet\/wp-content\/uploads\/sites\/5\/2025\/09\/A7306976.jpg?resize=1500%2C1000&amp;ssl=1 1500w, https:\/\/i0.wp.com\/aktialiiga.fi\/miehet\/wp-content\/uploads\/sites\/5\/2025\/09\/A7306976.jpg?resize=705%2C470&amp;ssl=1 705w, https:\/\/i0.wp.com\/aktialiiga.fi\/miehet\/wp-content\/uploads\/sites\/5\/2025\/09\/A7306976.jpg?w=3000&amp;ssl=1 3000w, https:\/\/i0.wp.com\/aktialiiga.fi\/miehet\/wp-content\/uploads\/sites\/5\/2025\/09\/A7306976.jpg?w=4500&amp;ssl=1 4500w\" sizes=\"(max-width: 1030px) 100vw, 1030px\" \/><\/div><small class=\"avia-copyright\">\u00a9 Robert Lemberg<span class='avia-svg-icon avia-font-svg_entypo-fontello' data-av_svg_icon='info' data-av_iconset='svg_entypo-fontello'><svg version=\"1.1\" xmlns=\"http:\/\/www.w3.org\/2000\/svg\" width=\"15\" height=\"32\" viewBox=\"0 0 15 32\" preserveAspectRatio=\"xMidYMid meet\" aria-labelledby='av-svg-title-2' aria-describedby='av-svg-desc-2' role=\"graphics-symbol\">\n<title id='av-svg-title-2'>Info<\/title>\n<desc id='av-svg-desc-2'>Info<\/desc>\n<path d=\"M11.264 0q1.536 0 2.368 0.864t0.832 2.208q0 1.6-1.248 2.816t-3.040 1.216q-1.536 0-2.368-0.832t-0.768-2.304q0-1.472 1.12-2.72t3.104-1.248zM4.672 32q-3.2 0-1.728-5.696l1.92-8.128q0.448-1.792 0-1.792-0.384 0-1.728 0.576t-2.304 1.216l-0.832-1.408q2.88-2.496 6.048-4.032t4.832-1.536q2.496 0 1.152 5.184l-2.24 8.512q-0.512 2.048 0.192 2.048 1.408 0 3.776-1.92l0.96 1.28q-2.688 2.752-5.6 4.224t-4.448 1.472z\"><\/path>\n<\/svg><\/span><\/small><\/div><\/div><br \/>\n<section  class='av_textblock_section av-mf3x701d-2954bab5094d7b86e6e4c9cfc2a1051d '   itemscope=\"itemscope\" itemtype=\"https:\/\/schema.org\/BlogPosting\" itemprop=\"blogPost\" ><div class='avia_textblock'  itemprop=\"text\" ><section class=\"av_textblock_section av-mf3vwk4v-a740c0cdac9ec6555e1b5ffffcab0f7a \">\n<div class=\"avia_textblock\">\n<blockquote>\n<p>Viime kaudella Saksan 2. Bundesliigassa esiintynyt Max Granlund on t\u00e4rke\u00e4 pelaaja Dickenille, varsinkin nyt kun Arne Berglund (10) siirtyi jatkamaan kauttaan Tanskassa. Kuva: Robert Lemberg.<\/p>\n<\/blockquote>\n<\/div>\n<\/section>\n<\/div><\/section><br \/>\n\n<style type=\"text\/css\" data-created_by=\"avia_inline_auto\" id=\"style-css-av-1nomicx-47e757df41a7fb3f3dd330a9ad5c0a94\">\n#top .hr.hr-invisible.av-1nomicx-47e757df41a7fb3f3dd330a9ad5c0a94{\nheight:10px;\n}\n<\/style>\n<div  class='hr av-1nomicx-47e757df41a7fb3f3dd330a9ad5c0a94 hr-invisible  avia-builder-el-18  el_after_av_textblock  el_before_av_textblock '><span class='hr-inner '><span class=\"hr-inner-style\"><\/span><\/span><\/div><br \/>\n<section  class='av_textblock_section av-o6ard2-27071fd8b7e9965f5f5a2ab4c487cbdd '   itemscope=\"itemscope\" itemtype=\"https:\/\/schema.org\/BlogPosting\" itemprop=\"blogPost\" ><div class='avia_textblock'  itemprop=\"text\" ><p>Vuoden vaihde vei Dickenilt\u00e4 t\u00e4rkeit\u00e4 palasia ulkomaille. Arne Berglundin j\u00e4tt\u00e4m\u00e4\u00e4 aukkoa on vaikea paikata, mutta Fredrik Parvisen tilalle joukkue kiinnitti pitk\u00e4lt\u00e4 pelitauolta Ruotsista tositoimiin palanneen Mikael M\u00e4kel\u00e4n, joka pelituntuman karttuessa noussee selke\u00e4ksi ykk\u00f6smaalivahdiksi.<\/p>\n<p>&#8211; Todella hauskaa, ett\u00e4 M\u00e4kel\u00e4 liittyi jengiin. Kaikki tiet\u00e4\u00e4 miten hyv\u00e4 maalivahti h\u00e4n on. H\u00e4n tuo my\u00f6s rutiinia, osaamista ja antaa hyvi\u00e4 neuvoja nuorelle joukkueellemme.<\/p>\n<p>&#8211; Totta kai se on vaikuttanut meihin, kun pelaajia on mennyt tai ollut pidemp\u00e4\u00e4n poissa kipe\u00e4n\u00e4. Ollemme rakennetaneet tiettyj\u00e4 systeemej\u00e4 kauden aikana, ja nyt pit\u00e4\u00e4 mietti\u00e4 ne uudestaan. Moni pelaaja on saanut enemm\u00e4n roolia ja astunut esille, siit\u00e4 on hyv\u00e4 jatkaa.<\/p>\n<\/div><\/section><\/p><\/div><div class='flex_column_table av-mi3520yv-f615bd3145ef6dcc5c8c51e86ae3c742 sc-av_one_fifth av-equal-height-column-flextable'>\n<style type=\"text\/css\" data-created_by=\"avia_inline_auto\" id=\"style-css-av-mi3520yv-f615bd3145ef6dcc5c8c51e86ae3c742\">\n.flex_column.av-mi3520yv-f615bd3145ef6dcc5c8c51e86ae3c742{\nbackground-color:#f1f1f1;\n}\n<\/style>\n<div  id=\"striimi\"  class='flex_column av-mi3520yv-f615bd3145ef6dcc5c8c51e86ae3c742 av_one_fifth  avia-builder-el-20  el_after_av_one_full  el_before_av_three_fifth  first no_margin flex_column_table_cell av-equal-height-column av-align-top av-hide-on-mobile  column-top-margin'     ><\/div><\/p>\n\n<style type=\"text\/css\" data-created_by=\"avia_inline_auto\" id=\"style-css-av-17jln2e-aed1cd9311a7d526409a16ec7dafc90d\">\n.flex_column.av-17jln2e-aed1cd9311a7d526409a16ec7dafc90d{\nbackground-color:#f1f1f1;\n}\n<\/style>\n<div  id=\"striimi\"  class='flex_column av-17jln2e-aed1cd9311a7d526409a16ec7dafc90d av_three_fifth  avia-builder-el-21  el_after_av_one_fifth  el_before_av_one_fifth  no_margin flex_column_table_cell av-equal-height-column av-align-top  column-top-margin'     ><\/div>\n\n<style type=\"text\/css\" data-created_by=\"avia_inline_auto\" id=\"style-css-av-o1rv5y-4755c07fd4f3ffe4795828e2586e44af\">\n.flex_column.av-o1rv5y-4755c07fd4f3ffe4795828e2586e44af{\nbackground-color:#f1f1f1;\n}\n<\/style>\n<div  id=\"striimi\"  class='flex_column av-o1rv5y-4755c07fd4f3ffe4795828e2586e44af av_one_fifth  avia-builder-el-23  el_after_av_three_fifth  el_before_av_hr  no_margin flex_column_table_cell av-equal-height-column av-align-top av-hide-on-mobile  column-top-margin'     ><\/div><\/div><!--close column table wrapper. Autoclose: 1 -->\n\n<style type=\"text\/css\" data-created_by=\"avia_inline_auto\" id=\"style-css-av-mi6bpoet-0ab572493e780eef1ceaad5f01ca79fa\">\n#top .hr.hr-invisible.av-mi6bpoet-0ab572493e780eef1ceaad5f01ca79fa{\nheight:20px;\n}\n<\/style>\n<div  class='hr av-mi6bpoet-0ab572493e780eef1ceaad5f01ca79fa hr-invisible  avia-builder-el-24  el_after_av_one_fifth  el_before_av_one_full  av-small-hide av-mini-hide'><span class='hr-inner '><span class=\"hr-inner-style\"><\/span><\/span><\/div>\n<div  class='flex_column av-qi4lc6-10c70884460a1efc0c7695a5b6e03a5f av_one_full  avia-builder-el-25  el_after_av_hr  el_before_av_two_third  first flex_column_div  '     ><section  class='av_textblock_section av-mi7oo8xy-3fc71a379adcdcba5e1087540dac6f28 '   itemscope=\"itemscope\" itemtype=\"https:\/\/schema.org\/BlogPosting\" itemprop=\"blogPost\" ><div class='avia_textblock'  itemprop=\"text\" ><p>Dicken on ollut hy\u00f6kk\u00e4yssuuntaan liigan nelj\u00e4nneksi tehokkain joukkue. Kasassa on ennen Grani-ottelua 624 maalia (31,2 per ottelu), per\u00e4ti 104 enemm\u00e4n kuin vastustajallaan. GrIFK:n 26 maalia per ottelu on liigajoukkueista toiseksi v\u00e4hiten. P\u00e4\u00e4stetyiss\u00e4 maaleissa joukkueet ovat l\u00e4hes tasoissa, Dickenill\u00e4 p\u00e4\u00e4stettyj\u00e4 maaleja on 609 (30,5), Granilla tasan 600 (30 per ottelu).<\/p>\n<h4>GrIFK haluaa tasaisuutta otteisiinsa<\/h4>\n<p>Aktialiigan viime kev\u00e4\u00e4n pronssijoukkue GrIFK:n luotettava maalivahti Patrik Roslander sanoo, ett\u00e4 GrIFK:ssa ei kannata liiaksi l\u00e4hte\u00e4 spekuloimaan vastustajan peli\u00e4, oman pelin kehitt\u00e4minen on t\u00e4rke\u00e4mp\u00e4\u00e4.<\/p>\n<p>&#8211; T\u00e4ll\u00e4 hetkell\u00e4 en haluaisi keskitty\u00e4 vastustajaan vaan omaan peliin, se on saatava ensin kuntoon. V\u00e4lill\u00e4 meid\u00e4n fokus on ollut ehk\u00e4 v\u00e4h\u00e4n liikaa vastustajassa eik\u00e4 omassa tekemisess\u00e4. Kun oma peli kulkee voidaan keskitty\u00e4 vastustajaan.<\/p>\n<\/div><\/section><\/div><div class='flex_column_table av-1x3mq7l-3e45d4308799efd256f3bb642e2dae66 sc-av_two_third av-equal-height-column-flextable'><div  class='flex_column av-1x3mq7l-3e45d4308799efd256f3bb642e2dae66 av_two_third  avia-builder-el-27  el_after_av_one_full  el_before_av_one_third  first flex_column_table_cell av-equal-height-column av-align-top  column-top-margin'     ><section  class='av_textblock_section av-mf3u9rc6-fafb641e8aaa2256dddd644c1548c5b6 '   itemscope=\"itemscope\" itemtype=\"https:\/\/schema.org\/BlogPosting\" itemprop=\"blogPost\" ><div class='avia_textblock'  itemprop=\"text\" ><p>Granilla oli hieno kolmen voiton putki, joka katkesi keskiviikkona karuun 20-30 tappioon Cocksille, jossa joukkue katkesi hyv\u00e4n ensimm\u00e4isen puoliajan j\u00e4lkeen. Roslanderin mukaan kauden peleiss\u00e4 on menty liiaksi vuoristorataa.<\/p>\n<p>&#8211; On ollut tosi vaihtelevaa. Ensin hienot voitot k\u00e4rkijoukkue HIFK:sta ja sitten hirve\u00e4 sy\u00f6ksy. Isoin ongelma meill\u00e4 on ollut tasaisuuden puute. Meill\u00e4 on nuori joukkue ja kaikkien pit\u00e4\u00e4 ymm\u00e4rt\u00e4\u00e4, ett\u00e4 voitot ei tule helposti \u2013 ne ansaitaan. Kotipeleihin kaverit tulee aikasemmin hallille, k\u00e4y salilla ja juttelee pelist\u00e4, ja se luo yhteishenke\u00e4. Kotona meill\u00e4 on yleens\u00e4 ollut hyv\u00e4 energia, se pit\u00e4isi saada mukaan my\u00f6s vieraskentille.<\/p>\n<p>Roslanderin mukaan Dickeniss\u00e4 ja GrIFK:ssa on kuitenkin t\u00e4ll\u00e4 hetkell\u00e4 paljon samaa.<\/p>\n<p>&#8211; Heill\u00e4kin on vaihtunut joukkue. Nuori porukka, joka pelaa ennakkoluulottomasti ja rohkeasti. He uskaltavat heitt\u00e4\u00e4 joka paikasta. Jos M\u00e4kel\u00e4 on kunnossa niin heill\u00e4kin on hyv\u00e4 veskari.<\/p>\n<p>Aktialiigan runkosarjassa Roslander on ollut t\u00e4h\u00e4n menness\u00e4 ty\u00f6llistetyin maalivahti. Kasassa on 192 torjuntaa 33,7 torjuntaprosentilla. Dickeniss\u00e4 vastuuta on jakanut Mikael M\u00e4kel\u00e4n joukkueeseen liittymisen j\u00e4lkeen jo viisi eri maalivahtia.<\/p>\n<p><strong>Onko ottelusta tulossa maalivahtien peli?<\/strong><\/p>\n<p>&#8211; Mahdollisesti! Meill\u00e4 on ollut aika monessa ottelussa niin, ett\u00e4 joukkue jolla on enemm\u00e4n torjuntoja, voittaa.<\/p>\n<\/div><\/section><\/div><div class='av-flex-placeholder'><\/div><div  class='flex_column av-1ol92b5-b2556bbbc3d72a738ab9a7641c6d374a av_one_third  avia-builder-el-29  el_after_av_two_third  el_before_av_one_half  flex_column_table_cell av-equal-height-column av-align-top  column-top-margin'     ><p>\n<style type=\"text\/css\" data-created_by=\"avia_inline_auto\" id=\"style-css-av-szfm2u-a80429b77bc55e54ffdc11eff12bac68\">\n.avia-image-container.av-szfm2u-a80429b77bc55e54ffdc11eff12bac68 img.avia_image{\nbox-shadow:none;\n}\n.avia-image-container.av-szfm2u-a80429b77bc55e54ffdc11eff12bac68 .av-image-caption-overlay-center{\ncolor:#ffffff;\n}\n<\/style>\n<div  class='avia-image-container av-szfm2u-a80429b77bc55e54ffdc11eff12bac68 av-styling- avia-align-center  avia-builder-el-30  el_before_av_textblock  avia-builder-el-first '   itemprop=\"image\" itemscope=\"itemscope\" itemtype=\"https:\/\/schema.org\/ImageObject\" ><div class=\"avia-image-container-inner\"><div class=\"avia-image-overlay-wrap\"><img decoding=\"async\" fetchpriority=\"high\" class='wp-image-66643 avia-img-lazy-loading-not-66643 avia_image ' src=\"https:\/\/i0.wp.com\/aktialiiga.fi\/miehet\/wp-content\/uploads\/sites\/5\/2025\/09\/12-Patrik-Roslander.jpg?fit=686%2C1030&ssl=1\" alt='' title='12 Patrik Roslander'  height=\"1030\" width=\"686\"  itemprop=\"thumbnailUrl\" srcset=\"https:\/\/i0.wp.com\/aktialiiga.fi\/miehet\/wp-content\/uploads\/sites\/5\/2025\/09\/12-Patrik-Roslander.jpg?w=1333&amp;ssl=1 1333w, https:\/\/i0.wp.com\/aktialiiga.fi\/miehet\/wp-content\/uploads\/sites\/5\/2025\/09\/12-Patrik-Roslander.jpg?resize=200%2C300&amp;ssl=1 200w, https:\/\/i0.wp.com\/aktialiiga.fi\/miehet\/wp-content\/uploads\/sites\/5\/2025\/09\/12-Patrik-Roslander.jpg?resize=686%2C1030&amp;ssl=1 686w, https:\/\/i0.wp.com\/aktialiiga.fi\/miehet\/wp-content\/uploads\/sites\/5\/2025\/09\/12-Patrik-Roslander.jpg?resize=768%2C1152&amp;ssl=1 768w, https:\/\/i0.wp.com\/aktialiiga.fi\/miehet\/wp-content\/uploads\/sites\/5\/2025\/09\/12-Patrik-Roslander.jpg?resize=1024%2C1536&amp;ssl=1 1024w, https:\/\/i0.wp.com\/aktialiiga.fi\/miehet\/wp-content\/uploads\/sites\/5\/2025\/09\/12-Patrik-Roslander.jpg?resize=1000%2C1500&amp;ssl=1 1000w, https:\/\/i0.wp.com\/aktialiiga.fi\/miehet\/wp-content\/uploads\/sites\/5\/2025\/09\/12-Patrik-Roslander.jpg?resize=470%2C705&amp;ssl=1 470w\" sizes=\"(max-width: 686px) 100vw, 686px\" \/><\/div><\/div><\/div><br \/>\n<section  class='av_textblock_section av-mh3cfrrw-479f7539e2f5eb5724b49d71f462237b '   itemscope=\"itemscope\" itemtype=\"https:\/\/schema.org\/BlogPosting\" itemprop=\"blogPost\" ><div class='avia_textblock'  itemprop=\"text\" ><section class=\"av_textblock_section av-mf3vwk4v-a740c0cdac9ec6555e1b5ffffcab0f7a \">\n<div class=\"avia_textblock\">\n<blockquote>\n<p>Meill\u00e4 on nuori joukkue, ja kaikkien pit\u00e4\u00e4 ymm\u00e4rt\u00e4\u00e4, ett\u00e4\u00a0 menestys ei tule helposti, voitot ansaitaan.<\/p>\n<\/blockquote>\n<p style=\"text-align: right;\"><em><strong>\u2013 Patrik Roslander, GrIFK:n #12<\/strong><\/em><\/p>\n<\/div>\n<\/section>\n<\/div><\/section><\/p><\/div><\/div><!--close column table wrapper. Autoclose: 1 --><\/p>\n<div class='flex_column_table av-mf3uru94-6a4556d3b9ccc50fffb736f9cd81d1c4 sc-av_one_half av-equal-height-column-flextable'>\n<style type=\"text\/css\" data-created_by=\"avia_inline_auto\" id=\"style-css-av-mf3uru94-6a4556d3b9ccc50fffb736f9cd81d1c4\">\n.flex_column.av-mf3uru94-6a4556d3b9ccc50fffb736f9cd81d1c4{\nborder-width:1px;\nborder-color:#fb1414;\nborder-style:solid;\nborder-radius:1em 1em 1em 1em;\npadding:2em 1em 0em 1em;\nbackground-color:#f1f1f1;\n}\n<\/style>\n<div  class='flex_column av-mf3uru94-6a4556d3b9ccc50fffb736f9cd81d1c4 av_one_half  avia-builder-el-32  el_after_av_one_third  el_before_av_one_half  first flex_column_table_cell av-equal-height-column av-align-top  column-top-margin'     ><p>\n<style type=\"text\/css\" data-created_by=\"avia_inline_auto\" id=\"style-css-av-10oa5zn-647f1240a6880f49f69976727cb2cce5\">\n#top .av-special-heading.av-10oa5zn-647f1240a6880f49f69976727cb2cce5{\npadding-bottom:10px;\n}\nbody .av-special-heading.av-10oa5zn-647f1240a6880f49f69976727cb2cce5 .av-special-heading-tag .heading-char{\nfont-size:25px;\n}\n.av-special-heading.av-10oa5zn-647f1240a6880f49f69976727cb2cce5 .av-subheading{\nfont-size:15px;\n}\n<\/style>\n<div  class='av-special-heading av-10oa5zn-647f1240a6880f49f69976727cb2cce5 av-special-heading-h2 blockquote modern-quote modern-centered  avia-builder-el-33  el_before_av_image  avia-builder-el-first '><h2 class='av-special-heading-tag '  itemprop=\"headline\"  >Dicken, Helsinki<\/h2><div class=\"special-heading-border\"><div class=\"special-heading-inner-border\"><\/div><\/div><\/div><br \/>\n\n<style type=\"text\/css\" data-created_by=\"avia_inline_auto\" id=\"style-css-av-mf3uoarn-b3d39c35e9d6201d1f0d558dd93f5670\">\n.avia-image-container.av-mf3uoarn-b3d39c35e9d6201d1f0d558dd93f5670 img.avia_image{\nbox-shadow:none;\n}\n.avia-image-container.av-mf3uoarn-b3d39c35e9d6201d1f0d558dd93f5670 .av-image-caption-overlay-center{\ncolor:#ffffff;\n}\n<\/style>\n<div  class='avia-image-container av-mf3uoarn-b3d39c35e9d6201d1f0d558dd93f5670 av-styling- avia-align-center  avia-builder-el-34  el_after_av_heading  el_before_av_codeblock '   itemprop=\"image\" itemscope=\"itemscope\" itemtype=\"https:\/\/schema.org\/ImageObject\" ><div class=\"avia-image-container-inner\"><div class=\"avia-image-overlay-wrap\"><img decoding=\"async\" fetchpriority=\"high\" class='wp-image-47946 avia-img-lazy-loading-not-47946 avia_image ' src=\"https:\/\/i0.wp.com\/aktialiiga.fi\/miehet\/wp-content\/uploads\/sites\/5\/2024\/04\/etu-90325p-MSM-Dicken-koti.png?fit=175%2C276&ssl=1\" alt='' title='Dicken'  height=\"276\" width=\"175\"  itemprop=\"thumbnailUrl\"  \/><\/div><\/div><\/div><br \/>\n<br \/>\n\n<style type=\"text\/css\" data-created_by=\"avia_inline_auto\" id=\"style-css-av-mf56449v-4ef023bea08158a65a07f2a33c8aef89\">\n#top .hr.hr-invisible.av-mf56449v-4ef023bea08158a65a07f2a33c8aef89{\nheight:30px;\n}\n<\/style>\n<div  class='hr av-mf56449v-4ef023bea08158a65a07f2a33c8aef89 hr-invisible  avia-builder-el-36  el_after_av_codeblock  el_before_av_textblock  av-small-hide av-mini-hide'><span class='hr-inner '><span class=\"hr-inner-style\"><\/span><\/span><\/div><br \/>\n<section  class='av_textblock_section av-mf3uuxhi-bf465736f6f6f392bbf559ae2da02c1f '   itemscope=\"itemscope\" itemtype=\"https:\/\/schema.org\/BlogPosting\" itemprop=\"blogPost\" ><div class='avia_textblock'  itemprop=\"text\" ><ul>\n<li>Debyttikausi SM-tasolla 1968\/69.<\/li>\n<li>Maratontaulukon viides, 41. kausi SM-sarjassa.<\/li>\n<li>Yht\u00e4jaksoisesti p\u00e4\u00e4sarjassa kaudesta 2008\/09 l\u00e4htien.<\/li>\n<li>Yhdisti voimansa GrIFK:n kanssa kaudelle 2003\/04 perustamalla HC Westin, josta irtaantui kauden 2007\/08 p\u00e4\u00e4tteeksi.<\/li>\n<li>Oli kaudesta 2012\/13 kauteen 2021\/22 seitsem\u00e4n kertaa finaaleissa.<\/li>\n<li>Saavuttanut yhden SM-kullan (1992\/93), 10 hopeaa ja 5 pronssia. Viimeisin mitalikausi (pronssia) 2023\/24.<\/li>\n<\/ul>\n<\/div><\/section><br \/>\n\n<style type=\"text\/css\" data-created_by=\"avia_inline_auto\" id=\"style-css-av-mkzr8ski-69df78263a906c45fd2ba337cd512ac2\">\n#top .hr.hr-invisible.av-mkzr8ski-69df78263a906c45fd2ba337cd512ac2{\nheight:10px;\n}\n<\/style>\n<div  class='hr av-mkzr8ski-69df78263a906c45fd2ba337cd512ac2 hr-invisible  avia-builder-el-38  el_after_av_textblock  el_before_av_textblock  av-small-hide av-mini-hide'><span class='hr-inner '><span class=\"hr-inner-style\"><\/span><\/span><\/div><br \/>\n<section  class='av_textblock_section av-mh1ykrci-b10891e24cfc72093ef6afb02bc88808 '   itemscope=\"itemscope\" itemtype=\"https:\/\/schema.org\/BlogPosting\" itemprop=\"blogPost\" ><div class='avia_textblock'  itemprop=\"text\" ><h4>Seuraa heit\u00e4:<\/h4>\n<ul>\n<li>Max Granlund, Tristan Illman, Mikael M\u00e4kel\u00e4.<\/li>\n<\/ul>\n<\/div><\/section><\/p><\/div>\n<div class='av-flex-placeholder'><\/div>\n<style type=\"text\/css\" data-created_by=\"avia_inline_auto\" id=\"style-css-av-16q8wz5-64b945bff86123db7f3d876f4ff64c1b\">\n.flex_column.av-16q8wz5-64b945bff86123db7f3d876f4ff64c1b{\nborder-width:1px;\nborder-color:#007932;\nborder-style:solid;\nborder-radius:1em 1em 1em 1em;\npadding:2em 1em 0em 1em;\nbackground-color:#f1f1f1;\n}\n<\/style>\n<div  class='flex_column av-16q8wz5-64b945bff86123db7f3d876f4ff64c1b av_one_half  avia-builder-el-40  el_after_av_one_half  el_before_av_one_half  flex_column_table_cell av-equal-height-column av-align-top  column-top-margin'     ><p>\n<style type=\"text\/css\" data-created_by=\"avia_inline_auto\" id=\"style-css-av-mh1ymoik-402a856b657b67003d8539a0d3dbbdf9\">\n#top .av-special-heading.av-mh1ymoik-402a856b657b67003d8539a0d3dbbdf9{\npadding-bottom:10px;\n}\nbody .av-special-heading.av-mh1ymoik-402a856b657b67003d8539a0d3dbbdf9 .av-special-heading-tag .heading-char{\nfont-size:25px;\n}\n.av-special-heading.av-mh1ymoik-402a856b657b67003d8539a0d3dbbdf9 .av-subheading{\nfont-size:15px;\n}\n<\/style>\n<div  class='av-special-heading av-mh1ymoik-402a856b657b67003d8539a0d3dbbdf9 av-special-heading-h2 blockquote modern-quote modern-centered  avia-builder-el-41  el_before_av_image  avia-builder-el-first '><h2 class='av-special-heading-tag '  itemprop=\"headline\"  >GrIFK, Kauniainen<\/h2><div class=\"special-heading-border\"><div class=\"special-heading-inner-border\"><\/div><\/div><\/div><br \/>\n\n<style type=\"text\/css\" data-created_by=\"avia_inline_auto\" id=\"style-css-av-mf3umkkw-497ad7943ecddb5f7255785bd457581e\">\n.avia-image-container.av-mf3umkkw-497ad7943ecddb5f7255785bd457581e img.avia_image{\nbox-shadow:none;\n}\n.avia-image-container.av-mf3umkkw-497ad7943ecddb5f7255785bd457581e .av-image-caption-overlay-center{\ncolor:#ffffff;\n}\n<\/style>\n<div  class='avia-image-container av-mf3umkkw-497ad7943ecddb5f7255785bd457581e av-styling- avia-align-center  avia-builder-el-42  el_after_av_heading  el_before_av_codeblock '   itemprop=\"image\" itemscope=\"itemscope\" itemtype=\"https:\/\/schema.org\/ImageObject\" ><div class=\"avia-image-container-inner\"><div class=\"avia-image-overlay-wrap\"><img decoding=\"async\" fetchpriority=\"high\" class='wp-image-47396 avia-img-lazy-loading-not-47396 avia_image ' src=\"https:\/\/i0.wp.com\/aktialiiga.fi\/miehet\/wp-content\/uploads\/sites\/5\/2024\/03\/etu2-103471p-MSM-GrIFK-vieras.png?fit=175%2C276&ssl=1\" alt='' title='GrIFK vieras'  height=\"276\" width=\"175\"  itemprop=\"thumbnailUrl\"  \/><\/div><\/div><\/div><br \/>\n<br \/>\n\n<style type=\"text\/css\" data-created_by=\"avia_inline_auto\" id=\"style-css-av-mkzr88mx-e2ddff47f91d83f4d645687da2ea998c\">\n#top .hr.hr-invisible.av-mkzr88mx-e2ddff47f91d83f4d645687da2ea998c{\nheight:25px;\n}\n<\/style>\n<div  class='hr av-mkzr88mx-e2ddff47f91d83f4d645687da2ea998c hr-invisible  avia-builder-el-44  el_after_av_codeblock  el_before_av_textblock  av-small-hide av-mini-hide'><span class='hr-inner '><span class=\"hr-inner-style\"><\/span><\/span><\/div><br \/>\n<section  class='av_textblock_section av-mf3u7sb3-1677cce64776ae2496548fc946e25104 '   itemscope=\"itemscope\" itemtype=\"https:\/\/schema.org\/BlogPosting\" itemprop=\"blogPost\" ><div class='avia_textblock'  itemprop=\"text\" ><ul>\n<li>Ensimm\u00e4inen p\u00e4\u00e4sarjakausi 1979\/80.<\/li>\n<li>Maratontaulukon seitsem\u00e4s, 27 sarjakautta tuonut yhden Suomen mestaruuden, 4 hopeaa ja 6 pronssia.<\/li>\n<li>Viisi viimeisint\u00e4 sarjakautta p\u00e4\u00e4ttynyt pronssiotteluihin, joista voittanut kaksi, viimeksi viime kev\u00e4\u00e4n\u00e4.<\/li>\n<li>GrIFK:n ja Dickenin yhteisesti perustama\u00a0HC West (2003-16) palasi GrIFK:ksi kaudelle 2016\/17, jonka j\u00e4lkeen GrIFK on j\u00e4\u00e4nyt v\u00e4lierien ulkopuolelle vain kerran (2019).<\/li>\n<\/ul>\n<\/div><\/section><br \/>\n\n<style type=\"text\/css\" data-created_by=\"avia_inline_auto\" id=\"style-css-av-mh1yvprt-bec1d0e6e69c1f474f2b52c1490d7a13\">\n#top .hr.hr-invisible.av-mh1yvprt-bec1d0e6e69c1f474f2b52c1490d7a13{\nheight:45px;\n}\n<\/style>\n<div  class='hr av-mh1yvprt-bec1d0e6e69c1f474f2b52c1490d7a13 hr-invisible  avia-builder-el-46  el_after_av_textblock  el_before_av_textblock  av-small-hide av-mini-hide'><span class='hr-inner '><span class=\"hr-inner-style\"><\/span><\/span><\/div><br \/>\n<section  class='av_textblock_section av-mh1ykv3t-3d5b056e6ba0cbfbcfeeeaa4cb8614b4 '   itemscope=\"itemscope\" itemtype=\"https:\/\/schema.org\/BlogPosting\" itemprop=\"blogPost\" ><div class='avia_textblock'  itemprop=\"text\" ><h4>Seuraa heit\u00e4:<\/h4>\n<ul>\n<li>Patrik Roslander, Topias Laine, Filip Churlevski.<\/li>\n<\/ul>\n<\/div><\/section><\/p><\/div><\/div><!--close column table wrapper. Autoclose: 1 -->\n<div  class='flex_column av-2yvl27l-fa8f1c35aad35ca0df06487d7384f9fa av_one_half  avia-builder-el-48  el_after_av_one_half  el_before_av_one_half  first flex_column_div  column-top-margin'     ><div  class='avia-buttonrow-wrap av-2tavu6p-54a643169fce1c3ee5d19a4ab92d8f09 avia-buttonrow-center  avia-builder-el-49  avia-builder-el-no-sibling '>\n\n<style type=\"text\/css\" data-created_by=\"avia_inline_auto\" id=\"style-css-av-2ccze35-7f30608ee445f5c18a95d91c9b23055b\">\n#top #wrap_all .avia-button.av-2ccze35-7f30608ee445f5c18a95d91c9b23055b{\nbackground-color:#fb1414;\nborder-color:#3b298f;\ncolor:#ffffff;\nborder-style:solid;\nborder-width:1px 1px 1px 1px;\ntransition:all 0.4s ease-in-out;\nmargin-bottom:5px;\nmargin-right:3px;\nmargin-left:3px;\n}\n#top #wrap_all .avia-button.av-2ccze35-7f30608ee445f5c18a95d91c9b23055b:hover{\ncolor:#ffffff;\ntransition:all 0.4s ease-in-out;\n}\n#top #wrap_all .avia-button.av-2ccze35-7f30608ee445f5c18a95d91c9b23055b .avia-svg-icon svg:first-child{\nfill:#ffffff;\nstroke:#ffffff;\n}\n#top #wrap_all .avia-button.av-2ccze35-7f30608ee445f5c18a95d91c9b23055b:hover .avia-svg-icon svg:first-child{\nfill:#ffffff;\nstroke:#ffffff;\n}\n<\/style>\n<a href='https:\/\/aktialiiga.fi\/miehet\/joukkueet-2025-26\/dicken-helsinki\/'  class='avia-button av-2ccze35-7f30608ee445f5c18a95d91c9b23055b avia-icon_select-no avia-size-large'   aria-label=\"Joukkuesivu\"><span class='avia_iconbox_title' >Joukkuesivu<\/span><span class='avia_button_background avia-button avia-color-theme-color-highlight' ><\/span><\/a>\n<\/div><\/div>\n<div  class='flex_column av-1qs754h-acb6a132a5ae1038d58ce8061d226dd7 av_one_half  avia-builder-el-50  el_after_av_one_half  el_before_av_hr  flex_column_div  column-top-margin'     ><div  class='avia-buttonrow-wrap av-mf4ca57j-daa602fe3331c3b28afac252d06a9447 avia-buttonrow-center  avia-builder-el-51  avia-builder-el-no-sibling '>\n\n<style type=\"text\/css\" data-created_by=\"avia_inline_auto\" id=\"style-css-av-pzo3m9-37fa6804a3227d03064c441368cc0fbf\">\n#top #wrap_all .avia-button.av-pzo3m9-37fa6804a3227d03064c441368cc0fbf{\nbackground-color:#007932;\nborder-color:#007932;\ncolor:#ffffff;\nborder-style:solid;\nborder-width:1px 1px 1px 1px;\ntransition:all 0.4s ease-in-out;\nmargin-bottom:5px;\nmargin-right:3px;\nmargin-left:3px;\n}\n#top #wrap_all .avia-button.av-pzo3m9-37fa6804a3227d03064c441368cc0fbf:hover{\ncolor:#ffffff;\ntransition:all 0.4s ease-in-out;\n}\n#top #wrap_all .avia-button.av-pzo3m9-37fa6804a3227d03064c441368cc0fbf .avia-svg-icon svg:first-child{\nfill:#ffffff;\nstroke:#ffffff;\n}\n#top #wrap_all .avia-button.av-pzo3m9-37fa6804a3227d03064c441368cc0fbf:hover .avia-svg-icon svg:first-child{\nfill:#ffffff;\nstroke:#ffffff;\n}\n<\/style>\n<a href='https:\/\/aktialiiga.fi\/miehet\/joukkueet-2025-26\/grifk-kauniainen\/'  class='avia-button av-pzo3m9-37fa6804a3227d03064c441368cc0fbf avia-icon_select-no avia-size-large'   aria-label=\"Joukkuesivu\"><span class='avia_iconbox_title' >Joukkuesivu<\/span><span class='avia_button_background avia-button avia-color-theme-color-highlight' ><\/span><\/a>\n<\/div><\/div>\n\n<style type=\"text\/css\" data-created_by=\"avia_inline_auto\" id=\"style-css-av-kc1wb7-ff71b60329be257a11a7423d2397bede\">\n#top .hr.hr-invisible.av-kc1wb7-ff71b60329be257a11a7423d2397bede{\nheight:30px;\n}\n<\/style>\n<div  class='hr av-kc1wb7-ff71b60329be257a11a7423d2397bede hr-invisible  avia-builder-el-52  el_after_av_one_half  avia-builder-el-last '><span class='hr-inner '><span class=\"hr-inner-style\"><\/span><\/span><\/div>\n","protected":false},"excerpt":{"rendered":"","protected":false},"author":3,"featured_media":66202,"comment_status":"closed","ping_status":"closed","sticky":false,"template":"","format":"standard","meta":{"_acf_changed":false,"jetpack_post_was_ever_published":false,"_jetpack_newsletter_access":"","_jetpack_dont_email_post_to_subs":false,"_jetpack_newsletter_tier_id":0,"_jetpack_memberships_contains_paywalled_content":false,"_jetpack_memberships_contains_paid_content":false,"footnotes":""},"categories":[358],"tags":[341,58,64,379,380,200,363],"class_list":["post-68844","post","type-post","status-publish","format-standard","has-post-thumbnail","hentry","category-ennakot","tag-aktialiiga","tag-dicken","tag-grifk","tag-max-granlund","tag-patrik-roslander","tag-runkosarja","tag-viikon-helmi"],"acf":[],"yoast_head":"<!-- This site is optimized with the Yoast SEO plugin v27.5 - https:\/\/yoast.com\/product\/yoast-seo-wordpress\/ -->\n<title>VIIKON HELMI: K\u00e4rkikaksikon takana taistellaan kiivaasti sijoituksista | K\u00e4sipallon miesten Aktialiiga<\/title>\n<meta name=\"robots\" content=\"index, follow, max-snippet:-1, max-image-preview:large, max-video-preview:-1\" \/>\n<link rel=\"canonical\" href=\"https:\/\/aktialiiga.fi\/miehet\/2025-2026\/ennakot\/viikon-helmi-karkikaksikon-takana-taistellaan-kiivaasti-sijoituksista\/\" \/>\n<meta property=\"og:locale\" content=\"fi_FI\" \/>\n<meta property=\"og:type\" content=\"article\" \/>\n<meta property=\"og:title\" content=\"VIIKON HELMI: K\u00e4rkikaksikon takana taistellaan kiivaasti sijoituksista | K\u00e4sipallon miesten Aktialiiga\" \/>\n<meta property=\"og:url\" content=\"https:\/\/aktialiiga.fi\/miehet\/2025-2026\/ennakot\/viikon-helmi-karkikaksikon-takana-taistellaan-kiivaasti-sijoituksista\/\" \/>\n<meta property=\"og:site_name\" content=\"K\u00e4sipallon miesten Aktialiiga\" \/>\n<meta property=\"article:publisher\" content=\"https:\/\/www.facebook.com\/finnhandball\" \/>\n<meta property=\"article:published_time\" content=\"2026-01-29T19:32:43+00:00\" \/>\n<meta property=\"article:modified_time\" content=\"2026-01-29T22:02:50+00:00\" \/>\n<meta property=\"og:image\" content=\"https:\/\/aktialiiga.fi\/miehet\/wp-content\/uploads\/sites\/5\/2025\/09\/A7306797-e1769708660877.jpg\" \/>\n\t<meta property=\"og:image:width\" content=\"2922\" \/>\n\t<meta property=\"og:image:height\" content=\"1636\" \/>\n\t<meta property=\"og:image:type\" content=\"image\/jpeg\" \/>\n<meta name=\"author\" content=\"jussi\" \/>\n<meta name=\"twitter:card\" content=\"summary_large_image\" \/>\n<meta name=\"twitter:creator\" content=\"@finnhandball\" \/>\n<meta name=\"twitter:site\" content=\"@finnhandball\" \/>\n<script type=\"application\/ld+json\" class=\"yoast-schema-graph\">{\"@context\":\"https:\\\/\\\/schema.org\",\"@graph\":[{\"@type\":\"Article\",\"@id\":\"https:\\\/\\\/aktialiiga.fi\\\/miehet\\\/2025-2026\\\/ennakot\\\/viikon-helmi-karkikaksikon-takana-taistellaan-kiivaasti-sijoituksista\\\/#article\",\"isPartOf\":{\"@id\":\"https:\\\/\\\/aktialiiga.fi\\\/miehet\\\/2025-2026\\\/ennakot\\\/viikon-helmi-karkikaksikon-takana-taistellaan-kiivaasti-sijoituksista\\\/\"},\"author\":{\"name\":\"jussi\",\"@id\":\"https:\\\/\\\/aktialiiga.fi\\\/miehet\\\/#\\\/schema\\\/person\\\/6ed7641d619c7f28481c53817a16b871\"},\"headline\":\"VIIKON HELMI: K\u00e4rkikaksikon takana taistellaan kiivaasti sijoituksista\",\"datePublished\":\"2026-01-29T19:32:43+00:00\",\"dateModified\":\"2026-01-29T22:02:50+00:00\",\"mainEntityOfPage\":{\"@id\":\"https:\\\/\\\/aktialiiga.fi\\\/miehet\\\/2025-2026\\\/ennakot\\\/viikon-helmi-karkikaksikon-takana-taistellaan-kiivaasti-sijoituksista\\\/\"},\"wordCount\":10814,\"publisher\":{\"@id\":\"https:\\\/\\\/aktialiiga.fi\\\/miehet\\\/#organization\"},\"image\":{\"@id\":\"https:\\\/\\\/aktialiiga.fi\\\/miehet\\\/2025-2026\\\/ennakot\\\/viikon-helmi-karkikaksikon-takana-taistellaan-kiivaasti-sijoituksista\\\/#primaryimage\"},\"thumbnailUrl\":\"https:\\\/\\\/i0.wp.com\\\/aktialiiga.fi\\\/miehet\\\/wp-content\\\/uploads\\\/sites\\\/5\\\/2025\\\/09\\\/A7306797-e1769708660877.jpg?fit=2922%2C1636&ssl=1\",\"keywords\":[\"Aktialiiga\",\"Dicken\",\"GrIFK\",\"Max Granlund\",\"Patrik Roslander\",\"runkosarja\",\"Viikon helmi\"],\"articleSection\":[\"Ennakot\"],\"inLanguage\":\"fi\"},{\"@type\":\"WebPage\",\"@id\":\"https:\\\/\\\/aktialiiga.fi\\\/miehet\\\/2025-2026\\\/ennakot\\\/viikon-helmi-karkikaksikon-takana-taistellaan-kiivaasti-sijoituksista\\\/\",\"url\":\"https:\\\/\\\/aktialiiga.fi\\\/miehet\\\/2025-2026\\\/ennakot\\\/viikon-helmi-karkikaksikon-takana-taistellaan-kiivaasti-sijoituksista\\\/\",\"name\":\"VIIKON HELMI: K\u00e4rkikaksikon takana taistellaan kiivaasti sijoituksista | K\u00e4sipallon miesten Aktialiiga\",\"isPartOf\":{\"@id\":\"https:\\\/\\\/aktialiiga.fi\\\/miehet\\\/#website\"},\"primaryImageOfPage\":{\"@id\":\"https:\\\/\\\/aktialiiga.fi\\\/miehet\\\/2025-2026\\\/ennakot\\\/viikon-helmi-karkikaksikon-takana-taistellaan-kiivaasti-sijoituksista\\\/#primaryimage\"},\"image\":{\"@id\":\"https:\\\/\\\/aktialiiga.fi\\\/miehet\\\/2025-2026\\\/ennakot\\\/viikon-helmi-karkikaksikon-takana-taistellaan-kiivaasti-sijoituksista\\\/#primaryimage\"},\"thumbnailUrl\":\"https:\\\/\\\/i0.wp.com\\\/aktialiiga.fi\\\/miehet\\\/wp-content\\\/uploads\\\/sites\\\/5\\\/2025\\\/09\\\/A7306797-e1769708660877.jpg?fit=2922%2C1636&ssl=1\",\"datePublished\":\"2026-01-29T19:32:43+00:00\",\"dateModified\":\"2026-01-29T22:02:50+00:00\",\"breadcrumb\":{\"@id\":\"https:\\\/\\\/aktialiiga.fi\\\/miehet\\\/2025-2026\\\/ennakot\\\/viikon-helmi-karkikaksikon-takana-taistellaan-kiivaasti-sijoituksista\\\/#breadcrumb\"},\"inLanguage\":\"fi\",\"potentialAction\":[{\"@type\":\"ReadAction\",\"target\":[\"https:\\\/\\\/aktialiiga.fi\\\/miehet\\\/2025-2026\\\/ennakot\\\/viikon-helmi-karkikaksikon-takana-taistellaan-kiivaasti-sijoituksista\\\/\"]}]},{\"@type\":\"ImageObject\",\"inLanguage\":\"fi\",\"@id\":\"https:\\\/\\\/aktialiiga.fi\\\/miehet\\\/2025-2026\\\/ennakot\\\/viikon-helmi-karkikaksikon-takana-taistellaan-kiivaasti-sijoituksista\\\/#primaryimage\",\"url\":\"https:\\\/\\\/i0.wp.com\\\/aktialiiga.fi\\\/miehet\\\/wp-content\\\/uploads\\\/sites\\\/5\\\/2025\\\/09\\\/A7306797-e1769708660877.jpg?fit=2922%2C1636&ssl=1\",\"contentUrl\":\"https:\\\/\\\/i0.wp.com\\\/aktialiiga.fi\\\/miehet\\\/wp-content\\\/uploads\\\/sites\\\/5\\\/2025\\\/09\\\/A7306797-e1769708660877.jpg?fit=2922%2C1636&ssl=1\",\"width\":2922,\"height\":1636},{\"@type\":\"BreadcrumbList\",\"@id\":\"https:\\\/\\\/aktialiiga.fi\\\/miehet\\\/2025-2026\\\/ennakot\\\/viikon-helmi-karkikaksikon-takana-taistellaan-kiivaasti-sijoituksista\\\/#breadcrumb\",\"itemListElement\":[{\"@type\":\"ListItem\",\"position\":1,\"name\":\"Etusivu\",\"item\":\"https:\\\/\\\/aktialiiga.fi\\\/miehet\\\/\"},{\"@type\":\"ListItem\",\"position\":2,\"name\":\"VIIKON HELMI: K\u00e4rkikaksikon takana taistellaan kiivaasti sijoituksista\"}]},{\"@type\":\"WebSite\",\"@id\":\"https:\\\/\\\/aktialiiga.fi\\\/miehet\\\/#website\",\"url\":\"https:\\\/\\\/aktialiiga.fi\\\/miehet\\\/\",\"name\":\"K\u00e4sipallon miesten Aktialiiga\",\"description\":\"Valtakunnan vauhdikkainta palloilua!\",\"publisher\":{\"@id\":\"https:\\\/\\\/aktialiiga.fi\\\/miehet\\\/#organization\"},\"potentialAction\":[{\"@type\":\"SearchAction\",\"target\":{\"@type\":\"EntryPoint\",\"urlTemplate\":\"https:\\\/\\\/aktialiiga.fi\\\/miehet\\\/?s={search_term_string}\"},\"query-input\":{\"@type\":\"PropertyValueSpecification\",\"valueRequired\":true,\"valueName\":\"search_term_string\"}}],\"inLanguage\":\"fi\"},{\"@type\":\"Organization\",\"@id\":\"https:\\\/\\\/aktialiiga.fi\\\/miehet\\\/#organization\",\"name\":\"K\u00e4sipallon miesten Aktialiiga\",\"url\":\"https:\\\/\\\/aktialiiga.fi\\\/miehet\\\/\",\"logo\":{\"@type\":\"ImageObject\",\"inLanguage\":\"fi\",\"@id\":\"https:\\\/\\\/aktialiiga.fi\\\/miehet\\\/#\\\/schema\\\/logo\\\/image\\\/\",\"url\":\"https:\\\/\\\/i0.wp.com\\\/aktialiiga.fi\\\/miehet\\\/wp-content\\\/uploads\\\/sites\\\/5\\\/2024\\\/09\\\/Aktialiiga-Yoast-512.png?fit=512%2C512&ssl=1\",\"contentUrl\":\"https:\\\/\\\/i0.wp.com\\\/aktialiiga.fi\\\/miehet\\\/wp-content\\\/uploads\\\/sites\\\/5\\\/2024\\\/09\\\/Aktialiiga-Yoast-512.png?fit=512%2C512&ssl=1\",\"width\":512,\"height\":512,\"caption\":\"K\u00e4sipallon miesten Aktialiiga\"},\"image\":{\"@id\":\"https:\\\/\\\/aktialiiga.fi\\\/miehet\\\/#\\\/schema\\\/logo\\\/image\\\/\"},\"sameAs\":[\"https:\\\/\\\/www.facebook.com\\\/finnhandball\",\"https:\\\/\\\/x.com\\\/finnhandball\",\"https:\\\/\\\/www.instagram.com\\\/handballfinland\\\/\"]},{\"@type\":\"Person\",\"@id\":\"https:\\\/\\\/aktialiiga.fi\\\/miehet\\\/#\\\/schema\\\/person\\\/6ed7641d619c7f28481c53817a16b871\",\"name\":\"jussi\",\"image\":{\"@type\":\"ImageObject\",\"inLanguage\":\"fi\",\"@id\":\"https:\\\/\\\/secure.gravatar.com\\\/avatar\\\/034b8e6380fc659c320f13e17fe45bd9ab48a21e2debadd5f3179bde291949df?s=96&d=mm&r=g\",\"url\":\"https:\\\/\\\/secure.gravatar.com\\\/avatar\\\/034b8e6380fc659c320f13e17fe45bd9ab48a21e2debadd5f3179bde291949df?s=96&d=mm&r=g\",\"contentUrl\":\"https:\\\/\\\/secure.gravatar.com\\\/avatar\\\/034b8e6380fc659c320f13e17fe45bd9ab48a21e2debadd5f3179bde291949df?s=96&d=mm&r=g\",\"caption\":\"jussi\"}}]}<\/script>\n<!-- \/ Yoast SEO plugin. -->","yoast_head_json":{"title":"VIIKON HELMI: K\u00e4rkikaksikon takana taistellaan kiivaasti sijoituksista | K\u00e4sipallon miesten Aktialiiga","robots":{"index":"index","follow":"follow","max-snippet":"max-snippet:-1","max-image-preview":"max-image-preview:large","max-video-preview":"max-video-preview:-1"},"canonical":"https:\/\/aktialiiga.fi\/miehet\/2025-2026\/ennakot\/viikon-helmi-karkikaksikon-takana-taistellaan-kiivaasti-sijoituksista\/","og_locale":"fi_FI","og_type":"article","og_title":"VIIKON HELMI: K\u00e4rkikaksikon takana taistellaan kiivaasti sijoituksista | K\u00e4sipallon miesten Aktialiiga","og_url":"https:\/\/aktialiiga.fi\/miehet\/2025-2026\/ennakot\/viikon-helmi-karkikaksikon-takana-taistellaan-kiivaasti-sijoituksista\/","og_site_name":"K\u00e4sipallon miesten Aktialiiga","article_publisher":"https:\/\/www.facebook.com\/finnhandball","article_published_time":"2026-01-29T19:32:43+00:00","article_modified_time":"2026-01-29T22:02:50+00:00","og_image":[{"width":2922,"height":1636,"url":"https:\/\/aktialiiga.fi\/miehet\/wp-content\/uploads\/sites\/5\/2025\/09\/A7306797-e1769708660877.jpg","type":"image\/jpeg"}],"author":"jussi","twitter_card":"summary_large_image","twitter_creator":"@finnhandball","twitter_site":"@finnhandball","schema":{"@context":"https:\/\/schema.org","@graph":[{"@type":"Article","@id":"https:\/\/aktialiiga.fi\/miehet\/2025-2026\/ennakot\/viikon-helmi-karkikaksikon-takana-taistellaan-kiivaasti-sijoituksista\/#article","isPartOf":{"@id":"https:\/\/aktialiiga.fi\/miehet\/2025-2026\/ennakot\/viikon-helmi-karkikaksikon-takana-taistellaan-kiivaasti-sijoituksista\/"},"author":{"name":"jussi","@id":"https:\/\/aktialiiga.fi\/miehet\/#\/schema\/person\/6ed7641d619c7f28481c53817a16b871"},"headline":"VIIKON HELMI: K\u00e4rkikaksikon takana taistellaan kiivaasti sijoituksista","datePublished":"2026-01-29T19:32:43+00:00","dateModified":"2026-01-29T22:02:50+00:00","mainEntityOfPage":{"@id":"https:\/\/aktialiiga.fi\/miehet\/2025-2026\/ennakot\/viikon-helmi-karkikaksikon-takana-taistellaan-kiivaasti-sijoituksista\/"},"wordCount":10814,"publisher":{"@id":"https:\/\/aktialiiga.fi\/miehet\/#organization"},"image":{"@id":"https:\/\/aktialiiga.fi\/miehet\/2025-2026\/ennakot\/viikon-helmi-karkikaksikon-takana-taistellaan-kiivaasti-sijoituksista\/#primaryimage"},"thumbnailUrl":"https:\/\/i0.wp.com\/aktialiiga.fi\/miehet\/wp-content\/uploads\/sites\/5\/2025\/09\/A7306797-e1769708660877.jpg?fit=2922%2C1636&ssl=1","keywords":["Aktialiiga","Dicken","GrIFK","Max Granlund","Patrik Roslander","runkosarja","Viikon helmi"],"articleSection":["Ennakot"],"inLanguage":"fi"},{"@type":"WebPage","@id":"https:\/\/aktialiiga.fi\/miehet\/2025-2026\/ennakot\/viikon-helmi-karkikaksikon-takana-taistellaan-kiivaasti-sijoituksista\/","url":"https:\/\/aktialiiga.fi\/miehet\/2025-2026\/ennakot\/viikon-helmi-karkikaksikon-takana-taistellaan-kiivaasti-sijoituksista\/","name":"VIIKON HELMI: K\u00e4rkikaksikon takana taistellaan kiivaasti sijoituksista | K\u00e4sipallon miesten Aktialiiga","isPartOf":{"@id":"https:\/\/aktialiiga.fi\/miehet\/#website"},"primaryImageOfPage":{"@id":"https:\/\/aktialiiga.fi\/miehet\/2025-2026\/ennakot\/viikon-helmi-karkikaksikon-takana-taistellaan-kiivaasti-sijoituksista\/#primaryimage"},"image":{"@id":"https:\/\/aktialiiga.fi\/miehet\/2025-2026\/ennakot\/viikon-helmi-karkikaksikon-takana-taistellaan-kiivaasti-sijoituksista\/#primaryimage"},"thumbnailUrl":"https:\/\/i0.wp.com\/aktialiiga.fi\/miehet\/wp-content\/uploads\/sites\/5\/2025\/09\/A7306797-e1769708660877.jpg?fit=2922%2C1636&ssl=1","datePublished":"2026-01-29T19:32:43+00:00","dateModified":"2026-01-29T22:02:50+00:00","breadcrumb":{"@id":"https:\/\/aktialiiga.fi\/miehet\/2025-2026\/ennakot\/viikon-helmi-karkikaksikon-takana-taistellaan-kiivaasti-sijoituksista\/#breadcrumb"},"inLanguage":"fi","potentialAction":[{"@type":"ReadAction","target":["https:\/\/aktialiiga.fi\/miehet\/2025-2026\/ennakot\/viikon-helmi-karkikaksikon-takana-taistellaan-kiivaasti-sijoituksista\/"]}]},{"@type":"ImageObject","inLanguage":"fi","@id":"https:\/\/aktialiiga.fi\/miehet\/2025-2026\/ennakot\/viikon-helmi-karkikaksikon-takana-taistellaan-kiivaasti-sijoituksista\/#primaryimage","url":"https:\/\/i0.wp.com\/aktialiiga.fi\/miehet\/wp-content\/uploads\/sites\/5\/2025\/09\/A7306797-e1769708660877.jpg?fit=2922%2C1636&ssl=1","contentUrl":"https:\/\/i0.wp.com\/aktialiiga.fi\/miehet\/wp-content\/uploads\/sites\/5\/2025\/09\/A7306797-e1769708660877.jpg?fit=2922%2C1636&ssl=1","width":2922,"height":1636},{"@type":"BreadcrumbList","@id":"https:\/\/aktialiiga.fi\/miehet\/2025-2026\/ennakot\/viikon-helmi-karkikaksikon-takana-taistellaan-kiivaasti-sijoituksista\/#breadcrumb","itemListElement":[{"@type":"ListItem","position":1,"name":"Etusivu","item":"https:\/\/aktialiiga.fi\/miehet\/"},{"@type":"ListItem","position":2,"name":"VIIKON HELMI: K\u00e4rkikaksikon takana taistellaan kiivaasti sijoituksista"}]},{"@type":"WebSite","@id":"https:\/\/aktialiiga.fi\/miehet\/#website","url":"https:\/\/aktialiiga.fi\/miehet\/","name":"K\u00e4sipallon miesten Aktialiiga","description":"Valtakunnan vauhdikkainta palloilua!","publisher":{"@id":"https:\/\/aktialiiga.fi\/miehet\/#organization"},"potentialAction":[{"@type":"SearchAction","target":{"@type":"EntryPoint","urlTemplate":"https:\/\/aktialiiga.fi\/miehet\/?s={search_term_string}"},"query-input":{"@type":"PropertyValueSpecification","valueRequired":true,"valueName":"search_term_string"}}],"inLanguage":"fi"},{"@type":"Organization","@id":"https:\/\/aktialiiga.fi\/miehet\/#organization","name":"K\u00e4sipallon miesten Aktialiiga","url":"https:\/\/aktialiiga.fi\/miehet\/","logo":{"@type":"ImageObject","inLanguage":"fi","@id":"https:\/\/aktialiiga.fi\/miehet\/#\/schema\/logo\/image\/","url":"https:\/\/i0.wp.com\/aktialiiga.fi\/miehet\/wp-content\/uploads\/sites\/5\/2024\/09\/Aktialiiga-Yoast-512.png?fit=512%2C512&ssl=1","contentUrl":"https:\/\/i0.wp.com\/aktialiiga.fi\/miehet\/wp-content\/uploads\/sites\/5\/2024\/09\/Aktialiiga-Yoast-512.png?fit=512%2C512&ssl=1","width":512,"height":512,"caption":"K\u00e4sipallon miesten Aktialiiga"},"image":{"@id":"https:\/\/aktialiiga.fi\/miehet\/#\/schema\/logo\/image\/"},"sameAs":["https:\/\/www.facebook.com\/finnhandball","https:\/\/x.com\/finnhandball","https:\/\/www.instagram.com\/handballfinland\/"]},{"@type":"Person","@id":"https:\/\/aktialiiga.fi\/miehet\/#\/schema\/person\/6ed7641d619c7f28481c53817a16b871","name":"jussi","image":{"@type":"ImageObject","inLanguage":"fi","@id":"https:\/\/secure.gravatar.com\/avatar\/034b8e6380fc659c320f13e17fe45bd9ab48a21e2debadd5f3179bde291949df?s=96&d=mm&r=g","url":"https:\/\/secure.gravatar.com\/avatar\/034b8e6380fc659c320f13e17fe45bd9ab48a21e2debadd5f3179bde291949df?s=96&d=mm&r=g","contentUrl":"https:\/\/secure.gravatar.com\/avatar\/034b8e6380fc659c320f13e17fe45bd9ab48a21e2debadd5f3179bde291949df?s=96&d=mm&r=g","caption":"jussi"}}]}},"jetpack_featured_media_url":"https:\/\/i0.wp.com\/aktialiiga.fi\/miehet\/wp-content\/uploads\/sites\/5\/2025\/09\/A7306797-e1769708660877.jpg?fit=2922%2C1636&ssl=1","jetpack_sharing_enabled":true,"jetpack_shortlink":"https:\/\/wp.me\/pfTxOr-hUo","_links":{"self":[{"href":"https:\/\/aktialiiga.fi\/miehet\/wp-json\/wp\/v2\/posts\/68844","targetHints":{"allow":["GET"]}}],"collection":[{"href":"https:\/\/aktialiiga.fi\/miehet\/wp-json\/wp\/v2\/posts"}],"about":[{"href":"https:\/\/aktialiiga.fi\/miehet\/wp-json\/wp\/v2\/types\/post"}],"author":[{"embeddable":true,"href":"https:\/\/aktialiiga.fi\/miehet\/wp-json\/wp\/v2\/users\/3"}],"replies":[{"embeddable":true,"href":"https:\/\/aktialiiga.fi\/miehet\/wp-json\/wp\/v2\/comments?post=68844"}],"version-history":[{"count":22,"href":"https:\/\/aktialiiga.fi\/miehet\/wp-json\/wp\/v2\/posts\/68844\/revisions"}],"predecessor-version":[{"id":68866,"href":"https:\/\/aktialiiga.fi\/miehet\/wp-json\/wp\/v2\/posts\/68844\/revisions\/68866"}],"wp:featuredmedia":[{"embeddable":true,"href":"https:\/\/aktialiiga.fi\/miehet\/wp-json\/wp\/v2\/media\/66202"}],"wp:attachment":[{"href":"https:\/\/aktialiiga.fi\/miehet\/wp-json\/wp\/v2\/media?parent=68844"}],"wp:term":[{"taxonomy":"category","embeddable":true,"href":"https:\/\/aktialiiga.fi\/miehet\/wp-json\/wp\/v2\/categories?post=68844"},{"taxonomy":"post_tag","embeddable":true,"href":"https:\/\/aktialiiga.fi\/miehet\/wp-json\/wp\/v2\/tags?post=68844"}],"curies":[{"name":"wp","href":"https:\/\/api.w.org\/{rel}","templated":true}]}}