{"id":68869,"date":"2026-01-30T14:10:41","date_gmt":"2026-01-30T12:10:41","guid":{"rendered":"https:\/\/aktialiiga.fi\/miehet\/?p=68869"},"modified":"2026-01-30T15:15:42","modified_gmt":"2026-01-30T13:15:42","slug":"kolme-ottelua-lauantaina-karkikamppailu-huipentaa-tammikuun","status":"publish","type":"post","link":"https:\/\/aktialiiga.fi\/miehet\/2025-2026\/ennakot\/kolme-ottelua-lauantaina-karkikamppailu-huipentaa-tammikuun\/","title":{"rendered":"Kolme ottelua lauantaina \u2013 k\u00e4rkikamppailu huipentaa tammikuun"},"content":{"rendered":"<p><span class=\"cf1\">Aktialiigan<\/span><span class=\"cf1\"> tammikuu saadaan pakettiin lauantaina 31.1. pelattavien kolmen ottelun my\u00f6t\u00e4.<\/span><\/p>\n<p><span class=\"cf1\">Lauantain otteluissa on kaikissa my\u00f6s normaaliakin suuremmat panokset runkosarjan l\u00e4hestyess\u00e4 loppusuoraansa.<\/span><\/p>\n<p><span class=\"cf1\">Lauantai alkaa Dickenin ja <\/span><span class=\"cf1\">GrIFK:n<\/span><span class=\"cf1\"> kohtaamisella, josta lis\u00e4\u00e4 <strong><a href=\"https:\/\/aktialiiga.fi\/miehet\/2025-2026\/ennakot\/viikon-helmi-karkikaksikon-takana-taistellaan-kiivaasti-sijoituksista\/\">Viikon helmi -ennakossa<\/a><\/strong>. Kaksikko miehitt\u00e4\u00e4 sarjataulukossa sijoja 4. ja 5. vain pisteen v\u00e4lein, joten peliss\u00e4 on mit\u00e4 suurimmassa m\u00e4\u00e4rin kotietu puoliv\u00e4lieriin. Dicken l\u00e4htee otteluun pisteen vieraitaan edell\u00e4 ja on my\u00f6s voittanut kauden aiemmat kaksi kohtaamista, joista ensimm\u00e4isen jopa l\u00e4hes murskanumeroin.<\/span><\/p>\n<p><span class=\"cf1\">Tammisaaressa kohtaavat EIF ja \u00c5IFK, jotka miehitt\u00e4v\u00e4t sarjataulukon kahta viimeist\u00e4 sijaa. Joukkueet ovat olleet hyvin tasaisia, sill\u00e4 kauden ensimm\u00e4inen kohtaaminen Tammisaaressa p\u00e4\u00e4ttyi tasan ja toisen kohtaamisen \u00c5IFK vei Turussa niukasti kahden maalin erolla. <\/span><\/p>\n<p><span class=\"cf1\">EIF on hankalassa tilanteessa maalitykki <\/span><span class=\"cf1\">Liam<\/span><span class=\"cf1\"> Hagmanin tuskaillessa polvivaivojen kanssa ja lis\u00e4ksi vahvistukseksi kaavailtu unkarilainen Soma <\/span><span class=\"cf1\">Lukacs<\/span><span class=\"cf1\"> vaikuttaa tehneen EIF:<\/span><span class=\"cf1\">lle<\/span><span class=\"cf1\"> tyylipuhtaat \u201doharit\u201d.<\/span><\/p>\n<p><span class=\"cf1\">&#8211; Tuntuu, ett\u00e4 meit\u00e4 huijattiin kunnolla. Olimme vain v\u00e4lietappi h\u00e4nelle, jotta h\u00e4n voisi jatkaa eteenp\u00e4in toiseen seuraan. Sopimus piti allekirjoittaa [keskiviikkona], mutta h\u00e4n vain katosi, <\/span><span class=\"cf1\">EIF:n<\/span><span class=\"cf1\"> p\u00e4\u00e4valmentaja Kaj Hagman kertoi turhautuneena V\u00e4stra <\/span><span class=\"cf1\">Nylandille<\/span><span class=\"cf1\">.<\/span><\/p>\n<p><span class=\"cf1\">Lauantain kruunaa k\u00e4rkikamppailu BK-46 <\/span><span class=\"cf0\">\u2013 HIFK. Kauden aiemmat kohtaamiset ovat tasan, sill<\/span><span class=\"cf1\">\u00e4 kumpikin voitti syksyn puolella kotiottelunsa niukasti. Tappio HIFK:lle on <\/span><span class=\"cf1\">BK:n<\/span><span class=\"cf1\"> ainoa pistemenetys, eik\u00e4 HIFK:llakaan BK-tappion lis\u00e4ksi ole kuin yksi h\u00e4vi\u00f6 20 ottelussa.<\/span><\/p>\n<p><strong><span class=\"cf1\">Aktialiiga<\/span><\/strong><span class=\"cf1\"><strong> lauantaina 31.1.:<\/strong><br \/>\n<\/span><span class=\"cf1\">15.45 Dicken <\/span><span class=\"cf0\">\u2013 <\/span><span class=\"cf0\">GrIFK<br \/>\n<\/span><span class=\"cf0\">16.00 EIF \u2013 <\/span><span class=\"cf1\">\u00c5IFK<br \/>\n<\/span><span class=\"cf1\">18.00 BK-46 <\/span><span class=\"cf0\">\u2013 HIFK <\/span><\/p>\n<p><!--EndFragment --><\/p>\n<p>Aktialiigan kauden kaikki ottelut suorina l\u00e4hetyksin\u00e4 <strong><a href=\"https:\/\/aktialiiga.fi\/handistv\/\">HandisTV:ss\u00e4<\/a><\/strong>.<\/p>\n","protected":false},"excerpt":{"rendered":"<p>Aktialiigan tammikuu saadaan pakettiin lauantaina 31.1. pelattavien kolmen ottelun my\u00f6t\u00e4. Lauantain otteluissa on kaikissa my\u00f6s normaaliakin suuremmat panokset runkosarjan l\u00e4hestyess\u00e4 loppusuoraansa. Lauantai alkaa Dickenin ja GrIFK:n kohtaamisella, josta lis\u00e4\u00e4 Viikon helmi -ennakossa. Kaksikko miehitt\u00e4\u00e4 sarjataulukossa sijoja 4. ja 5. vain pisteen v\u00e4lein, joten peliss\u00e4 on mit\u00e4 suurimmassa m\u00e4\u00e4rin kotietu puoliv\u00e4lieriin. Dicken l\u00e4htee otteluun pisteen vieraitaan [&hellip;]<\/p>\n","protected":false},"author":13,"featured_media":63320,"comment_status":"closed","ping_status":"closed","sticky":false,"template":"","format":"standard","meta":{"_acf_changed":false,"jetpack_post_was_ever_published":false,"_jetpack_newsletter_access":"","_jetpack_dont_email_post_to_subs":false,"_jetpack_newsletter_tier_id":0,"_jetpack_memberships_contains_paywalled_content":false,"_jetpack_memberships_contains_paid_content":false,"footnotes":""},"categories":[358],"tags":[50,56,58,60,64,71],"class_list":["post-68869","post","type-post","status-publish","format-standard","has-post-thumbnail","hentry","category-ennakot","tag-aifk","tag-bk-46","tag-dicken","tag-eif","tag-grifk","tag-hifk"],"acf":[],"yoast_head":"<!-- This site is optimized with the Yoast SEO plugin v27.5 - https:\/\/yoast.com\/product\/yoast-seo-wordpress\/ -->\n<title>Kolme ottelua lauantaina \u2013 k\u00e4rkikamppailu huipentaa tammikuun | K\u00e4sipallon miesten Aktialiiga<\/title>\n<meta name=\"robots\" content=\"index, follow, max-snippet:-1, max-image-preview:large, max-video-preview:-1\" \/>\n<link rel=\"canonical\" href=\"https:\/\/aktialiiga.fi\/miehet\/2025-2026\/ennakot\/kolme-ottelua-lauantaina-karkikamppailu-huipentaa-tammikuun\/\" \/>\n<meta property=\"og:locale\" content=\"fi_FI\" \/>\n<meta property=\"og:type\" content=\"article\" \/>\n<meta property=\"og:title\" content=\"Kolme ottelua lauantaina \u2013 k\u00e4rkikamppailu huipentaa tammikuun | K\u00e4sipallon miesten Aktialiiga\" \/>\n<meta property=\"og:description\" content=\"Aktialiigan tammikuu saadaan pakettiin lauantaina 31.1. pelattavien kolmen ottelun my\u00f6t\u00e4. Lauantain otteluissa on kaikissa my\u00f6s normaaliakin suuremmat panokset runkosarjan l\u00e4hestyess\u00e4 loppusuoraansa. Lauantai alkaa Dickenin ja GrIFK:n kohtaamisella, josta lis\u00e4\u00e4 Viikon helmi -ennakossa. Kaksikko miehitt\u00e4\u00e4 sarjataulukossa sijoja 4. ja 5. vain pisteen v\u00e4lein, joten peliss\u00e4 on mit\u00e4 suurimmassa m\u00e4\u00e4rin kotietu puoliv\u00e4lieriin. Dicken l\u00e4htee otteluun pisteen vieraitaan [&hellip;]\" \/>\n<meta property=\"og:url\" content=\"https:\/\/aktialiiga.fi\/miehet\/2025-2026\/ennakot\/kolme-ottelua-lauantaina-karkikamppailu-huipentaa-tammikuun\/\" \/>\n<meta property=\"og:site_name\" content=\"K\u00e4sipallon miesten Aktialiiga\" \/>\n<meta property=\"article:publisher\" content=\"https:\/\/www.facebook.com\/finnhandball\" \/>\n<meta property=\"article:published_time\" content=\"2026-01-30T12:10:41+00:00\" \/>\n<meta property=\"article:modified_time\" content=\"2026-01-30T13:15:42+00:00\" \/>\n<meta property=\"og:image\" content=\"https:\/\/aktialiiga.fi\/miehet\/wp-content\/uploads\/sites\/5\/2025\/03\/A7300742-Forbattrat-BR-e1741084446835.jpg\" \/>\n\t<meta property=\"og:image:width\" content=\"2377\" \/>\n\t<meta property=\"og:image:height\" content=\"1690\" \/>\n\t<meta property=\"og:image:type\" content=\"image\/jpeg\" \/>\n<meta name=\"author\" content=\"tbrmedia\" \/>\n<meta name=\"twitter:card\" content=\"summary_large_image\" \/>\n<meta name=\"twitter:creator\" content=\"@finnhandball\" \/>\n<meta name=\"twitter:site\" content=\"@finnhandball\" \/>\n<script type=\"application\/ld+json\" class=\"yoast-schema-graph\">{\"@context\":\"https:\\\/\\\/schema.org\",\"@graph\":[{\"@type\":\"Article\",\"@id\":\"https:\\\/\\\/aktialiiga.fi\\\/miehet\\\/2025-2026\\\/ennakot\\\/kolme-ottelua-lauantaina-karkikamppailu-huipentaa-tammikuun\\\/#article\",\"isPartOf\":{\"@id\":\"https:\\\/\\\/aktialiiga.fi\\\/miehet\\\/2025-2026\\\/ennakot\\\/kolme-ottelua-lauantaina-karkikamppailu-huipentaa-tammikuun\\\/\"},\"author\":{\"name\":\"tbrmedia\",\"@id\":\"https:\\\/\\\/aktialiiga.fi\\\/miehet\\\/#\\\/schema\\\/person\\\/c14bf42f47041db74603c45afcb18d87\"},\"headline\":\"Kolme ottelua lauantaina \u2013 k\u00e4rkikamppailu huipentaa tammikuun\",\"datePublished\":\"2026-01-30T12:10:41+00:00\",\"dateModified\":\"2026-01-30T13:15:42+00:00\",\"mainEntityOfPage\":{\"@id\":\"https:\\\/\\\/aktialiiga.fi\\\/miehet\\\/2025-2026\\\/ennakot\\\/kolme-ottelua-lauantaina-karkikamppailu-huipentaa-tammikuun\\\/\"},\"wordCount\":241,\"publisher\":{\"@id\":\"https:\\\/\\\/aktialiiga.fi\\\/miehet\\\/#organization\"},\"image\":{\"@id\":\"https:\\\/\\\/aktialiiga.fi\\\/miehet\\\/2025-2026\\\/ennakot\\\/kolme-ottelua-lauantaina-karkikamppailu-huipentaa-tammikuun\\\/#primaryimage\"},\"thumbnailUrl\":\"https:\\\/\\\/i0.wp.com\\\/aktialiiga.fi\\\/miehet\\\/wp-content\\\/uploads\\\/sites\\\/5\\\/2025\\\/03\\\/A7300742-Forbattrat-BR-e1741084446835.jpg?fit=2377%2C1690&ssl=1\",\"keywords\":[\"\u00c5IFK\",\"BK-46\",\"Dicken\",\"EIF\",\"GrIFK\",\"HIFK\"],\"articleSection\":[\"Ennakot\"],\"inLanguage\":\"fi\"},{\"@type\":\"WebPage\",\"@id\":\"https:\\\/\\\/aktialiiga.fi\\\/miehet\\\/2025-2026\\\/ennakot\\\/kolme-ottelua-lauantaina-karkikamppailu-huipentaa-tammikuun\\\/\",\"url\":\"https:\\\/\\\/aktialiiga.fi\\\/miehet\\\/2025-2026\\\/ennakot\\\/kolme-ottelua-lauantaina-karkikamppailu-huipentaa-tammikuun\\\/\",\"name\":\"Kolme ottelua lauantaina \u2013 k\u00e4rkikamppailu huipentaa tammikuun | K\u00e4sipallon miesten Aktialiiga\",\"isPartOf\":{\"@id\":\"https:\\\/\\\/aktialiiga.fi\\\/miehet\\\/#website\"},\"primaryImageOfPage\":{\"@id\":\"https:\\\/\\\/aktialiiga.fi\\\/miehet\\\/2025-2026\\\/ennakot\\\/kolme-ottelua-lauantaina-karkikamppailu-huipentaa-tammikuun\\\/#primaryimage\"},\"image\":{\"@id\":\"https:\\\/\\\/aktialiiga.fi\\\/miehet\\\/2025-2026\\\/ennakot\\\/kolme-ottelua-lauantaina-karkikamppailu-huipentaa-tammikuun\\\/#primaryimage\"},\"thumbnailUrl\":\"https:\\\/\\\/i0.wp.com\\\/aktialiiga.fi\\\/miehet\\\/wp-content\\\/uploads\\\/sites\\\/5\\\/2025\\\/03\\\/A7300742-Forbattrat-BR-e1741084446835.jpg?fit=2377%2C1690&ssl=1\",\"datePublished\":\"2026-01-30T12:10:41+00:00\",\"dateModified\":\"2026-01-30T13:15:42+00:00\",\"breadcrumb\":{\"@id\":\"https:\\\/\\\/aktialiiga.fi\\\/miehet\\\/2025-2026\\\/ennakot\\\/kolme-ottelua-lauantaina-karkikamppailu-huipentaa-tammikuun\\\/#breadcrumb\"},\"inLanguage\":\"fi\",\"potentialAction\":[{\"@type\":\"ReadAction\",\"target\":[\"https:\\\/\\\/aktialiiga.fi\\\/miehet\\\/2025-2026\\\/ennakot\\\/kolme-ottelua-lauantaina-karkikamppailu-huipentaa-tammikuun\\\/\"]}]},{\"@type\":\"ImageObject\",\"inLanguage\":\"fi\",\"@id\":\"https:\\\/\\\/aktialiiga.fi\\\/miehet\\\/2025-2026\\\/ennakot\\\/kolme-ottelua-lauantaina-karkikamppailu-huipentaa-tammikuun\\\/#primaryimage\",\"url\":\"https:\\\/\\\/i0.wp.com\\\/aktialiiga.fi\\\/miehet\\\/wp-content\\\/uploads\\\/sites\\\/5\\\/2025\\\/03\\\/A7300742-Forbattrat-BR-e1741084446835.jpg?fit=2377%2C1690&ssl=1\",\"contentUrl\":\"https:\\\/\\\/i0.wp.com\\\/aktialiiga.fi\\\/miehet\\\/wp-content\\\/uploads\\\/sites\\\/5\\\/2025\\\/03\\\/A7300742-Forbattrat-BR-e1741084446835.jpg?fit=2377%2C1690&ssl=1\",\"width\":2377,\"height\":1690},{\"@type\":\"BreadcrumbList\",\"@id\":\"https:\\\/\\\/aktialiiga.fi\\\/miehet\\\/2025-2026\\\/ennakot\\\/kolme-ottelua-lauantaina-karkikamppailu-huipentaa-tammikuun\\\/#breadcrumb\",\"itemListElement\":[{\"@type\":\"ListItem\",\"position\":1,\"name\":\"Etusivu\",\"item\":\"https:\\\/\\\/aktialiiga.fi\\\/miehet\\\/\"},{\"@type\":\"ListItem\",\"position\":2,\"name\":\"Kolme ottelua lauantaina \u2013 k\u00e4rkikamppailu huipentaa tammikuun\"}]},{\"@type\":\"WebSite\",\"@id\":\"https:\\\/\\\/aktialiiga.fi\\\/miehet\\\/#website\",\"url\":\"https:\\\/\\\/aktialiiga.fi\\\/miehet\\\/\",\"name\":\"K\u00e4sipallon miesten Aktialiiga\",\"description\":\"Valtakunnan vauhdikkainta palloilua!\",\"publisher\":{\"@id\":\"https:\\\/\\\/aktialiiga.fi\\\/miehet\\\/#organization\"},\"potentialAction\":[{\"@type\":\"SearchAction\",\"target\":{\"@type\":\"EntryPoint\",\"urlTemplate\":\"https:\\\/\\\/aktialiiga.fi\\\/miehet\\\/?s={search_term_string}\"},\"query-input\":{\"@type\":\"PropertyValueSpecification\",\"valueRequired\":true,\"valueName\":\"search_term_string\"}}],\"inLanguage\":\"fi\"},{\"@type\":\"Organization\",\"@id\":\"https:\\\/\\\/aktialiiga.fi\\\/miehet\\\/#organization\",\"name\":\"K\u00e4sipallon miesten Aktialiiga\",\"url\":\"https:\\\/\\\/aktialiiga.fi\\\/miehet\\\/\",\"logo\":{\"@type\":\"ImageObject\",\"inLanguage\":\"fi\",\"@id\":\"https:\\\/\\\/aktialiiga.fi\\\/miehet\\\/#\\\/schema\\\/logo\\\/image\\\/\",\"url\":\"https:\\\/\\\/i0.wp.com\\\/aktialiiga.fi\\\/miehet\\\/wp-content\\\/uploads\\\/sites\\\/5\\\/2024\\\/09\\\/Aktialiiga-Yoast-512.png?fit=512%2C512&ssl=1\",\"contentUrl\":\"https:\\\/\\\/i0.wp.com\\\/aktialiiga.fi\\\/miehet\\\/wp-content\\\/uploads\\\/sites\\\/5\\\/2024\\\/09\\\/Aktialiiga-Yoast-512.png?fit=512%2C512&ssl=1\",\"width\":512,\"height\":512,\"caption\":\"K\u00e4sipallon miesten Aktialiiga\"},\"image\":{\"@id\":\"https:\\\/\\\/aktialiiga.fi\\\/miehet\\\/#\\\/schema\\\/logo\\\/image\\\/\"},\"sameAs\":[\"https:\\\/\\\/www.facebook.com\\\/finnhandball\",\"https:\\\/\\\/x.com\\\/finnhandball\",\"https:\\\/\\\/www.instagram.com\\\/handballfinland\\\/\"]},{\"@type\":\"Person\",\"@id\":\"https:\\\/\\\/aktialiiga.fi\\\/miehet\\\/#\\\/schema\\\/person\\\/c14bf42f47041db74603c45afcb18d87\",\"name\":\"tbrmedia\",\"image\":{\"@type\":\"ImageObject\",\"inLanguage\":\"fi\",\"@id\":\"https:\\\/\\\/secure.gravatar.com\\\/avatar\\\/ee975fa091fe581d12b60debb3439022686618368a7c142044c56724d4666b16?s=96&d=mm&r=g\",\"url\":\"https:\\\/\\\/secure.gravatar.com\\\/avatar\\\/ee975fa091fe581d12b60debb3439022686618368a7c142044c56724d4666b16?s=96&d=mm&r=g\",\"contentUrl\":\"https:\\\/\\\/secure.gravatar.com\\\/avatar\\\/ee975fa091fe581d12b60debb3439022686618368a7c142044c56724d4666b16?s=96&d=mm&r=g\",\"caption\":\"tbrmedia\"}}]}<\/script>\n<!-- \/ Yoast SEO plugin. -->","yoast_head_json":{"title":"Kolme ottelua lauantaina \u2013 k\u00e4rkikamppailu huipentaa tammikuun | K\u00e4sipallon miesten Aktialiiga","robots":{"index":"index","follow":"follow","max-snippet":"max-snippet:-1","max-image-preview":"max-image-preview:large","max-video-preview":"max-video-preview:-1"},"canonical":"https:\/\/aktialiiga.fi\/miehet\/2025-2026\/ennakot\/kolme-ottelua-lauantaina-karkikamppailu-huipentaa-tammikuun\/","og_locale":"fi_FI","og_type":"article","og_title":"Kolme ottelua lauantaina \u2013 k\u00e4rkikamppailu huipentaa tammikuun | K\u00e4sipallon miesten Aktialiiga","og_description":"Aktialiigan tammikuu saadaan pakettiin lauantaina 31.1. pelattavien kolmen ottelun my\u00f6t\u00e4. Lauantain otteluissa on kaikissa my\u00f6s normaaliakin suuremmat panokset runkosarjan l\u00e4hestyess\u00e4 loppusuoraansa. Lauantai alkaa Dickenin ja GrIFK:n kohtaamisella, josta lis\u00e4\u00e4 Viikon helmi -ennakossa. Kaksikko miehitt\u00e4\u00e4 sarjataulukossa sijoja 4. ja 5. vain pisteen v\u00e4lein, joten peliss\u00e4 on mit\u00e4 suurimmassa m\u00e4\u00e4rin kotietu puoliv\u00e4lieriin. Dicken l\u00e4htee otteluun pisteen vieraitaan [&hellip;]","og_url":"https:\/\/aktialiiga.fi\/miehet\/2025-2026\/ennakot\/kolme-ottelua-lauantaina-karkikamppailu-huipentaa-tammikuun\/","og_site_name":"K\u00e4sipallon miesten Aktialiiga","article_publisher":"https:\/\/www.facebook.com\/finnhandball","article_published_time":"2026-01-30T12:10:41+00:00","article_modified_time":"2026-01-30T13:15:42+00:00","og_image":[{"width":2377,"height":1690,"url":"https:\/\/aktialiiga.fi\/miehet\/wp-content\/uploads\/sites\/5\/2025\/03\/A7300742-Forbattrat-BR-e1741084446835.jpg","type":"image\/jpeg"}],"author":"tbrmedia","twitter_card":"summary_large_image","twitter_creator":"@finnhandball","twitter_site":"@finnhandball","schema":{"@context":"https:\/\/schema.org","@graph":[{"@type":"Article","@id":"https:\/\/aktialiiga.fi\/miehet\/2025-2026\/ennakot\/kolme-ottelua-lauantaina-karkikamppailu-huipentaa-tammikuun\/#article","isPartOf":{"@id":"https:\/\/aktialiiga.fi\/miehet\/2025-2026\/ennakot\/kolme-ottelua-lauantaina-karkikamppailu-huipentaa-tammikuun\/"},"author":{"name":"tbrmedia","@id":"https:\/\/aktialiiga.fi\/miehet\/#\/schema\/person\/c14bf42f47041db74603c45afcb18d87"},"headline":"Kolme ottelua lauantaina \u2013 k\u00e4rkikamppailu huipentaa tammikuun","datePublished":"2026-01-30T12:10:41+00:00","dateModified":"2026-01-30T13:15:42+00:00","mainEntityOfPage":{"@id":"https:\/\/aktialiiga.fi\/miehet\/2025-2026\/ennakot\/kolme-ottelua-lauantaina-karkikamppailu-huipentaa-tammikuun\/"},"wordCount":241,"publisher":{"@id":"https:\/\/aktialiiga.fi\/miehet\/#organization"},"image":{"@id":"https:\/\/aktialiiga.fi\/miehet\/2025-2026\/ennakot\/kolme-ottelua-lauantaina-karkikamppailu-huipentaa-tammikuun\/#primaryimage"},"thumbnailUrl":"https:\/\/i0.wp.com\/aktialiiga.fi\/miehet\/wp-content\/uploads\/sites\/5\/2025\/03\/A7300742-Forbattrat-BR-e1741084446835.jpg?fit=2377%2C1690&ssl=1","keywords":["\u00c5IFK","BK-46","Dicken","EIF","GrIFK","HIFK"],"articleSection":["Ennakot"],"inLanguage":"fi"},{"@type":"WebPage","@id":"https:\/\/aktialiiga.fi\/miehet\/2025-2026\/ennakot\/kolme-ottelua-lauantaina-karkikamppailu-huipentaa-tammikuun\/","url":"https:\/\/aktialiiga.fi\/miehet\/2025-2026\/ennakot\/kolme-ottelua-lauantaina-karkikamppailu-huipentaa-tammikuun\/","name":"Kolme ottelua lauantaina \u2013 k\u00e4rkikamppailu huipentaa tammikuun | K\u00e4sipallon miesten Aktialiiga","isPartOf":{"@id":"https:\/\/aktialiiga.fi\/miehet\/#website"},"primaryImageOfPage":{"@id":"https:\/\/aktialiiga.fi\/miehet\/2025-2026\/ennakot\/kolme-ottelua-lauantaina-karkikamppailu-huipentaa-tammikuun\/#primaryimage"},"image":{"@id":"https:\/\/aktialiiga.fi\/miehet\/2025-2026\/ennakot\/kolme-ottelua-lauantaina-karkikamppailu-huipentaa-tammikuun\/#primaryimage"},"thumbnailUrl":"https:\/\/i0.wp.com\/aktialiiga.fi\/miehet\/wp-content\/uploads\/sites\/5\/2025\/03\/A7300742-Forbattrat-BR-e1741084446835.jpg?fit=2377%2C1690&ssl=1","datePublished":"2026-01-30T12:10:41+00:00","dateModified":"2026-01-30T13:15:42+00:00","breadcrumb":{"@id":"https:\/\/aktialiiga.fi\/miehet\/2025-2026\/ennakot\/kolme-ottelua-lauantaina-karkikamppailu-huipentaa-tammikuun\/#breadcrumb"},"inLanguage":"fi","potentialAction":[{"@type":"ReadAction","target":["https:\/\/aktialiiga.fi\/miehet\/2025-2026\/ennakot\/kolme-ottelua-lauantaina-karkikamppailu-huipentaa-tammikuun\/"]}]},{"@type":"ImageObject","inLanguage":"fi","@id":"https:\/\/aktialiiga.fi\/miehet\/2025-2026\/ennakot\/kolme-ottelua-lauantaina-karkikamppailu-huipentaa-tammikuun\/#primaryimage","url":"https:\/\/i0.wp.com\/aktialiiga.fi\/miehet\/wp-content\/uploads\/sites\/5\/2025\/03\/A7300742-Forbattrat-BR-e1741084446835.jpg?fit=2377%2C1690&ssl=1","contentUrl":"https:\/\/i0.wp.com\/aktialiiga.fi\/miehet\/wp-content\/uploads\/sites\/5\/2025\/03\/A7300742-Forbattrat-BR-e1741084446835.jpg?fit=2377%2C1690&ssl=1","width":2377,"height":1690},{"@type":"BreadcrumbList","@id":"https:\/\/aktialiiga.fi\/miehet\/2025-2026\/ennakot\/kolme-ottelua-lauantaina-karkikamppailu-huipentaa-tammikuun\/#breadcrumb","itemListElement":[{"@type":"ListItem","position":1,"name":"Etusivu","item":"https:\/\/aktialiiga.fi\/miehet\/"},{"@type":"ListItem","position":2,"name":"Kolme ottelua lauantaina \u2013 k\u00e4rkikamppailu huipentaa tammikuun"}]},{"@type":"WebSite","@id":"https:\/\/aktialiiga.fi\/miehet\/#website","url":"https:\/\/aktialiiga.fi\/miehet\/","name":"K\u00e4sipallon miesten Aktialiiga","description":"Valtakunnan vauhdikkainta palloilua!","publisher":{"@id":"https:\/\/aktialiiga.fi\/miehet\/#organization"},"potentialAction":[{"@type":"SearchAction","target":{"@type":"EntryPoint","urlTemplate":"https:\/\/aktialiiga.fi\/miehet\/?s={search_term_string}"},"query-input":{"@type":"PropertyValueSpecification","valueRequired":true,"valueName":"search_term_string"}}],"inLanguage":"fi"},{"@type":"Organization","@id":"https:\/\/aktialiiga.fi\/miehet\/#organization","name":"K\u00e4sipallon miesten Aktialiiga","url":"https:\/\/aktialiiga.fi\/miehet\/","logo":{"@type":"ImageObject","inLanguage":"fi","@id":"https:\/\/aktialiiga.fi\/miehet\/#\/schema\/logo\/image\/","url":"https:\/\/i0.wp.com\/aktialiiga.fi\/miehet\/wp-content\/uploads\/sites\/5\/2024\/09\/Aktialiiga-Yoast-512.png?fit=512%2C512&ssl=1","contentUrl":"https:\/\/i0.wp.com\/aktialiiga.fi\/miehet\/wp-content\/uploads\/sites\/5\/2024\/09\/Aktialiiga-Yoast-512.png?fit=512%2C512&ssl=1","width":512,"height":512,"caption":"K\u00e4sipallon miesten Aktialiiga"},"image":{"@id":"https:\/\/aktialiiga.fi\/miehet\/#\/schema\/logo\/image\/"},"sameAs":["https:\/\/www.facebook.com\/finnhandball","https:\/\/x.com\/finnhandball","https:\/\/www.instagram.com\/handballfinland\/"]},{"@type":"Person","@id":"https:\/\/aktialiiga.fi\/miehet\/#\/schema\/person\/c14bf42f47041db74603c45afcb18d87","name":"tbrmedia","image":{"@type":"ImageObject","inLanguage":"fi","@id":"https:\/\/secure.gravatar.com\/avatar\/ee975fa091fe581d12b60debb3439022686618368a7c142044c56724d4666b16?s=96&d=mm&r=g","url":"https:\/\/secure.gravatar.com\/avatar\/ee975fa091fe581d12b60debb3439022686618368a7c142044c56724d4666b16?s=96&d=mm&r=g","contentUrl":"https:\/\/secure.gravatar.com\/avatar\/ee975fa091fe581d12b60debb3439022686618368a7c142044c56724d4666b16?s=96&d=mm&r=g","caption":"tbrmedia"}}]}},"jetpack_featured_media_url":"https:\/\/i0.wp.com\/aktialiiga.fi\/miehet\/wp-content\/uploads\/sites\/5\/2025\/03\/A7300742-Forbattrat-BR-e1741084446835.jpg?fit=2377%2C1690&ssl=1","jetpack_sharing_enabled":true,"jetpack_shortlink":"https:\/\/wp.me\/pfTxOr-hUN","_links":{"self":[{"href":"https:\/\/aktialiiga.fi\/miehet\/wp-json\/wp\/v2\/posts\/68869","targetHints":{"allow":["GET"]}}],"collection":[{"href":"https:\/\/aktialiiga.fi\/miehet\/wp-json\/wp\/v2\/posts"}],"about":[{"href":"https:\/\/aktialiiga.fi\/miehet\/wp-json\/wp\/v2\/types\/post"}],"author":[{"embeddable":true,"href":"https:\/\/aktialiiga.fi\/miehet\/wp-json\/wp\/v2\/users\/13"}],"replies":[{"embeddable":true,"href":"https:\/\/aktialiiga.fi\/miehet\/wp-json\/wp\/v2\/comments?post=68869"}],"version-history":[{"count":3,"href":"https:\/\/aktialiiga.fi\/miehet\/wp-json\/wp\/v2\/posts\/68869\/revisions"}],"predecessor-version":[{"id":68954,"href":"https:\/\/aktialiiga.fi\/miehet\/wp-json\/wp\/v2\/posts\/68869\/revisions\/68954"}],"wp:featuredmedia":[{"embeddable":true,"href":"https:\/\/aktialiiga.fi\/miehet\/wp-json\/wp\/v2\/media\/63320"}],"wp:attachment":[{"href":"https:\/\/aktialiiga.fi\/miehet\/wp-json\/wp\/v2\/media?parent=68869"}],"wp:term":[{"taxonomy":"category","embeddable":true,"href":"https:\/\/aktialiiga.fi\/miehet\/wp-json\/wp\/v2\/categories?post=68869"},{"taxonomy":"post_tag","embeddable":true,"href":"https:\/\/aktialiiga.fi\/miehet\/wp-json\/wp\/v2\/tags?post=68869"}],"curies":[{"name":"wp","href":"https:\/\/api.w.org\/{rel}","templated":true}]}}