{"id":69479,"date":"2026-03-06T13:31:20","date_gmt":"2026-03-06T11:31:20","guid":{"rendered":"https:\/\/aktialiiga.fi\/miehet\/?p=69479"},"modified":"2026-03-06T16:44:33","modified_gmt":"2026-03-06T14:44:33","slug":"anthony-hellakoski-jatkaa-grifkn-paavalmentajana","status":"publish","type":"post","link":"https:\/\/aktialiiga.fi\/miehet\/ajankohtaista\/anthony-hellakoski-jatkaa-grifkn-paavalmentajana\/","title":{"rendered":"Anthony Hellakoski jatkaa GrIFK:n p\u00e4\u00e4valmentajana"},"content":{"rendered":"<p>GrIFK on solminut p\u00e4\u00e4valmentaja Anthony Hellakosken kanssa uuden 2+1\u2011vuotisen jatkosopimuksen, joka ulottuu parhaimmillaan vuoteen 2029 saakka.<\/p>\n<p>Sopimus vahvistaa seuran pitk\u00e4j\u00e4nteist\u00e4 linjaa ja antaa Hellakoskelle mahdollisuuden jatkaa joukkueen kehitt\u00e4mist\u00e4 selke\u00e4n yhteisen vision pohjalta. \u201dAna\u201d kertoo olevansa aidosti tyytyv\u00e4inen mahdollisuudesta jatkaa ty\u00f6t\u00e4\u00e4n Kauniaisissa.<\/p>\n<p>&#8211; Olen tietenkin iloinen siit\u00e4, ett\u00e4 seura haluaa jatkaa yhteisty\u00f6t\u00e4 kanssani. Meill\u00e4 on yhteinen n\u00e4kemys tulevasta, ja siksi sopimuksen allekirjoittaminen tuntui hyvin luontevalta ratkaisulta. Nyt voimme keskitty\u00e4 pidemm\u00e4ll\u00e4 t\u00e4ht\u00e4imell\u00e4 joukkueen ja pelaajien kehitykseen, Hellakoski toteaa Granin verkkosivuilla.<\/p>\n<p>P\u00e4\u00e4valmentajana Hellakoski el\u00e4\u00e4 vasta ensimm\u00e4ist\u00e4 kauttaan, ja h\u00e4n n\u00e4kee tulevissa vuosissa paljon tilaa omalle kasvulleen.<\/p>\n<p>&#8211; Oppimista on edelleen kaikilla osa\u2011alueilla. Kuluvan kauden aikana on syntynyt paljon uusia ideoita siit\u00e4, miss\u00e4 voin itse kehitty\u00e4. Uskon, ett\u00e4 mit\u00e4 pidemm\u00e4lle valmentajaurani etenee, sit\u00e4 enemm\u00e4n virheit\u00e4 ja samalla my\u00f6s oppia tulee. Toivottavasti kehitys on sit\u00e4 kautta jatkuvaa.<\/p>\n<p>Jatkosopimus antaa GrIFK:lle ja Hellakoskelle mahdollisuuden rakentaa tulevaisuutta vakaalta pohjalta \u2013 ja samalla jatkaa ty\u00f6t\u00e4, joka on jo ensimm\u00e4isen kauden aikana tuonut selkeit\u00e4 askelia eteenp\u00e4in.<\/p>\n","protected":false},"excerpt":{"rendered":"<p>GrIFK on solminut p\u00e4\u00e4valmentaja Anthony Hellakosken kanssa uuden 2+1\u2011vuotisen jatkosopimuksen, joka ulottuu parhaimmillaan vuoteen 2029 saakka. Sopimus vahvistaa seuran pitk\u00e4j\u00e4nteist\u00e4 linjaa ja antaa Hellakoskelle mahdollisuuden jatkaa joukkueen kehitt\u00e4mist\u00e4 selke\u00e4n yhteisen vision pohjalta. \u201dAna\u201d kertoo olevansa aidosti tyytyv\u00e4inen mahdollisuudesta jatkaa ty\u00f6t\u00e4\u00e4n Kauniaisissa. &#8211; Olen tietenkin iloinen siit\u00e4, ett\u00e4 seura haluaa jatkaa yhteisty\u00f6t\u00e4 kanssani. Meill\u00e4 on yhteinen [&hellip;]<\/p>\n","protected":false},"author":13,"featured_media":69488,"comment_status":"closed","ping_status":"closed","sticky":false,"template":"","format":"standard","meta":{"_acf_changed":false,"jetpack_post_was_ever_published":false,"_jetpack_newsletter_access":"","_jetpack_dont_email_post_to_subs":false,"_jetpack_newsletter_tier_id":0,"_jetpack_memberships_contains_paywalled_content":false,"_jetpack_memberships_contains_paid_content":false,"footnotes":""},"categories":[2],"tags":[64],"class_list":["post-69479","post","type-post","status-publish","format-standard","has-post-thumbnail","hentry","category-ajankohtaista","tag-grifk"],"acf":[],"yoast_head":"<!-- This site is optimized with the Yoast SEO plugin v27.4 - https:\/\/yoast.com\/product\/yoast-seo-wordpress\/ -->\n<title>Anthony Hellakoski jatkaa GrIFK:n p\u00e4\u00e4valmentajana | K\u00e4sipallon miesten Aktialiiga<\/title>\n<meta name=\"robots\" content=\"index, follow, max-snippet:-1, max-image-preview:large, max-video-preview:-1\" \/>\n<link rel=\"canonical\" href=\"https:\/\/aktialiiga.fi\/miehet\/ajankohtaista\/anthony-hellakoski-jatkaa-grifkn-paavalmentajana\/\" \/>\n<meta property=\"og:locale\" content=\"fi_FI\" \/>\n<meta property=\"og:type\" content=\"article\" \/>\n<meta property=\"og:title\" content=\"Anthony Hellakoski jatkaa GrIFK:n p\u00e4\u00e4valmentajana | K\u00e4sipallon miesten Aktialiiga\" \/>\n<meta property=\"og:description\" content=\"GrIFK on solminut p\u00e4\u00e4valmentaja Anthony Hellakosken kanssa uuden 2+1\u2011vuotisen jatkosopimuksen, joka ulottuu parhaimmillaan vuoteen 2029 saakka. Sopimus vahvistaa seuran pitk\u00e4j\u00e4nteist\u00e4 linjaa ja antaa Hellakoskelle mahdollisuuden jatkaa joukkueen kehitt\u00e4mist\u00e4 selke\u00e4n yhteisen vision pohjalta. \u201dAna\u201d kertoo olevansa aidosti tyytyv\u00e4inen mahdollisuudesta jatkaa ty\u00f6t\u00e4\u00e4n Kauniaisissa. &#8211; Olen tietenkin iloinen siit\u00e4, ett\u00e4 seura haluaa jatkaa yhteisty\u00f6t\u00e4 kanssani. Meill\u00e4 on yhteinen [&hellip;]\" \/>\n<meta property=\"og:url\" content=\"https:\/\/aktialiiga.fi\/miehet\/ajankohtaista\/anthony-hellakoski-jatkaa-grifkn-paavalmentajana\/\" \/>\n<meta property=\"og:site_name\" content=\"K\u00e4sipallon miesten Aktialiiga\" \/>\n<meta property=\"article:publisher\" content=\"https:\/\/www.facebook.com\/finnhandball\" \/>\n<meta property=\"article:published_time\" content=\"2026-03-06T11:31:20+00:00\" \/>\n<meta property=\"article:modified_time\" content=\"2026-03-06T14:44:33+00:00\" \/>\n<meta property=\"og:image\" content=\"https:\/\/aktialiiga.fi\/miehet\/wp-content\/uploads\/sites\/5\/2026\/03\/2I1A1152-e1772808253352.jpg\" \/>\n\t<meta property=\"og:image:width\" content=\"2320\" \/>\n\t<meta property=\"og:image:height\" content=\"1628\" \/>\n\t<meta property=\"og:image:type\" content=\"image\/jpeg\" \/>\n<meta name=\"author\" content=\"tbrmedia\" \/>\n<meta name=\"twitter:card\" content=\"summary_large_image\" \/>\n<meta name=\"twitter:creator\" content=\"@finnhandball\" \/>\n<meta name=\"twitter:site\" content=\"@finnhandball\" \/>\n<script type=\"application\/ld+json\" class=\"yoast-schema-graph\">{\"@context\":\"https:\\\/\\\/schema.org\",\"@graph\":[{\"@type\":\"Article\",\"@id\":\"https:\\\/\\\/aktialiiga.fi\\\/miehet\\\/ajankohtaista\\\/anthony-hellakoski-jatkaa-grifkn-paavalmentajana\\\/#article\",\"isPartOf\":{\"@id\":\"https:\\\/\\\/aktialiiga.fi\\\/miehet\\\/ajankohtaista\\\/anthony-hellakoski-jatkaa-grifkn-paavalmentajana\\\/\"},\"author\":{\"name\":\"tbrmedia\",\"@id\":\"https:\\\/\\\/aktialiiga.fi\\\/miehet\\\/#\\\/schema\\\/person\\\/c14bf42f47041db74603c45afcb18d87\"},\"headline\":\"Anthony Hellakoski jatkaa GrIFK:n p\u00e4\u00e4valmentajana\",\"datePublished\":\"2026-03-06T11:31:20+00:00\",\"dateModified\":\"2026-03-06T14:44:33+00:00\",\"mainEntityOfPage\":{\"@id\":\"https:\\\/\\\/aktialiiga.fi\\\/miehet\\\/ajankohtaista\\\/anthony-hellakoski-jatkaa-grifkn-paavalmentajana\\\/\"},\"wordCount\":187,\"publisher\":{\"@id\":\"https:\\\/\\\/aktialiiga.fi\\\/miehet\\\/#organization\"},\"image\":{\"@id\":\"https:\\\/\\\/aktialiiga.fi\\\/miehet\\\/ajankohtaista\\\/anthony-hellakoski-jatkaa-grifkn-paavalmentajana\\\/#primaryimage\"},\"thumbnailUrl\":\"https:\\\/\\\/i0.wp.com\\\/aktialiiga.fi\\\/miehet\\\/wp-content\\\/uploads\\\/sites\\\/5\\\/2026\\\/03\\\/2I1A1152-e1772808253352.jpg?fit=2320%2C1628&ssl=1\",\"keywords\":[\"GrIFK\"],\"articleSection\":[\"Ajankohtaista\"],\"inLanguage\":\"fi\"},{\"@type\":\"WebPage\",\"@id\":\"https:\\\/\\\/aktialiiga.fi\\\/miehet\\\/ajankohtaista\\\/anthony-hellakoski-jatkaa-grifkn-paavalmentajana\\\/\",\"url\":\"https:\\\/\\\/aktialiiga.fi\\\/miehet\\\/ajankohtaista\\\/anthony-hellakoski-jatkaa-grifkn-paavalmentajana\\\/\",\"name\":\"Anthony Hellakoski jatkaa GrIFK:n p\u00e4\u00e4valmentajana | K\u00e4sipallon miesten Aktialiiga\",\"isPartOf\":{\"@id\":\"https:\\\/\\\/aktialiiga.fi\\\/miehet\\\/#website\"},\"primaryImageOfPage\":{\"@id\":\"https:\\\/\\\/aktialiiga.fi\\\/miehet\\\/ajankohtaista\\\/anthony-hellakoski-jatkaa-grifkn-paavalmentajana\\\/#primaryimage\"},\"image\":{\"@id\":\"https:\\\/\\\/aktialiiga.fi\\\/miehet\\\/ajankohtaista\\\/anthony-hellakoski-jatkaa-grifkn-paavalmentajana\\\/#primaryimage\"},\"thumbnailUrl\":\"https:\\\/\\\/i0.wp.com\\\/aktialiiga.fi\\\/miehet\\\/wp-content\\\/uploads\\\/sites\\\/5\\\/2026\\\/03\\\/2I1A1152-e1772808253352.jpg?fit=2320%2C1628&ssl=1\",\"datePublished\":\"2026-03-06T11:31:20+00:00\",\"dateModified\":\"2026-03-06T14:44:33+00:00\",\"breadcrumb\":{\"@id\":\"https:\\\/\\\/aktialiiga.fi\\\/miehet\\\/ajankohtaista\\\/anthony-hellakoski-jatkaa-grifkn-paavalmentajana\\\/#breadcrumb\"},\"inLanguage\":\"fi\",\"potentialAction\":[{\"@type\":\"ReadAction\",\"target\":[\"https:\\\/\\\/aktialiiga.fi\\\/miehet\\\/ajankohtaista\\\/anthony-hellakoski-jatkaa-grifkn-paavalmentajana\\\/\"]}]},{\"@type\":\"ImageObject\",\"inLanguage\":\"fi\",\"@id\":\"https:\\\/\\\/aktialiiga.fi\\\/miehet\\\/ajankohtaista\\\/anthony-hellakoski-jatkaa-grifkn-paavalmentajana\\\/#primaryimage\",\"url\":\"https:\\\/\\\/i0.wp.com\\\/aktialiiga.fi\\\/miehet\\\/wp-content\\\/uploads\\\/sites\\\/5\\\/2026\\\/03\\\/2I1A1152-e1772808253352.jpg?fit=2320%2C1628&ssl=1\",\"contentUrl\":\"https:\\\/\\\/i0.wp.com\\\/aktialiiga.fi\\\/miehet\\\/wp-content\\\/uploads\\\/sites\\\/5\\\/2026\\\/03\\\/2I1A1152-e1772808253352.jpg?fit=2320%2C1628&ssl=1\",\"width\":2320,\"height\":1628},{\"@type\":\"BreadcrumbList\",\"@id\":\"https:\\\/\\\/aktialiiga.fi\\\/miehet\\\/ajankohtaista\\\/anthony-hellakoski-jatkaa-grifkn-paavalmentajana\\\/#breadcrumb\",\"itemListElement\":[{\"@type\":\"ListItem\",\"position\":1,\"name\":\"Etusivu\",\"item\":\"https:\\\/\\\/aktialiiga.fi\\\/miehet\\\/\"},{\"@type\":\"ListItem\",\"position\":2,\"name\":\"Anthony Hellakoski jatkaa GrIFK:n p\u00e4\u00e4valmentajana\"}]},{\"@type\":\"WebSite\",\"@id\":\"https:\\\/\\\/aktialiiga.fi\\\/miehet\\\/#website\",\"url\":\"https:\\\/\\\/aktialiiga.fi\\\/miehet\\\/\",\"name\":\"K\u00e4sipallon miesten Aktialiiga\",\"description\":\"Valtakunnan vauhdikkainta palloilua!\",\"publisher\":{\"@id\":\"https:\\\/\\\/aktialiiga.fi\\\/miehet\\\/#organization\"},\"potentialAction\":[{\"@type\":\"SearchAction\",\"target\":{\"@type\":\"EntryPoint\",\"urlTemplate\":\"https:\\\/\\\/aktialiiga.fi\\\/miehet\\\/?s={search_term_string}\"},\"query-input\":{\"@type\":\"PropertyValueSpecification\",\"valueRequired\":true,\"valueName\":\"search_term_string\"}}],\"inLanguage\":\"fi\"},{\"@type\":\"Organization\",\"@id\":\"https:\\\/\\\/aktialiiga.fi\\\/miehet\\\/#organization\",\"name\":\"K\u00e4sipallon miesten Aktialiiga\",\"url\":\"https:\\\/\\\/aktialiiga.fi\\\/miehet\\\/\",\"logo\":{\"@type\":\"ImageObject\",\"inLanguage\":\"fi\",\"@id\":\"https:\\\/\\\/aktialiiga.fi\\\/miehet\\\/#\\\/schema\\\/logo\\\/image\\\/\",\"url\":\"https:\\\/\\\/i0.wp.com\\\/aktialiiga.fi\\\/miehet\\\/wp-content\\\/uploads\\\/sites\\\/5\\\/2024\\\/09\\\/Aktialiiga-Yoast-512.png?fit=512%2C512&ssl=1\",\"contentUrl\":\"https:\\\/\\\/i0.wp.com\\\/aktialiiga.fi\\\/miehet\\\/wp-content\\\/uploads\\\/sites\\\/5\\\/2024\\\/09\\\/Aktialiiga-Yoast-512.png?fit=512%2C512&ssl=1\",\"width\":512,\"height\":512,\"caption\":\"K\u00e4sipallon miesten Aktialiiga\"},\"image\":{\"@id\":\"https:\\\/\\\/aktialiiga.fi\\\/miehet\\\/#\\\/schema\\\/logo\\\/image\\\/\"},\"sameAs\":[\"https:\\\/\\\/www.facebook.com\\\/finnhandball\",\"https:\\\/\\\/x.com\\\/finnhandball\",\"https:\\\/\\\/www.instagram.com\\\/handballfinland\\\/\"]},{\"@type\":\"Person\",\"@id\":\"https:\\\/\\\/aktialiiga.fi\\\/miehet\\\/#\\\/schema\\\/person\\\/c14bf42f47041db74603c45afcb18d87\",\"name\":\"tbrmedia\",\"image\":{\"@type\":\"ImageObject\",\"inLanguage\":\"fi\",\"@id\":\"https:\\\/\\\/secure.gravatar.com\\\/avatar\\\/ee975fa091fe581d12b60debb3439022686618368a7c142044c56724d4666b16?s=96&d=mm&r=g\",\"url\":\"https:\\\/\\\/secure.gravatar.com\\\/avatar\\\/ee975fa091fe581d12b60debb3439022686618368a7c142044c56724d4666b16?s=96&d=mm&r=g\",\"contentUrl\":\"https:\\\/\\\/secure.gravatar.com\\\/avatar\\\/ee975fa091fe581d12b60debb3439022686618368a7c142044c56724d4666b16?s=96&d=mm&r=g\",\"caption\":\"tbrmedia\"}}]}<\/script>\n<!-- \/ Yoast SEO plugin. -->","yoast_head_json":{"title":"Anthony Hellakoski jatkaa GrIFK:n p\u00e4\u00e4valmentajana | K\u00e4sipallon miesten Aktialiiga","robots":{"index":"index","follow":"follow","max-snippet":"max-snippet:-1","max-image-preview":"max-image-preview:large","max-video-preview":"max-video-preview:-1"},"canonical":"https:\/\/aktialiiga.fi\/miehet\/ajankohtaista\/anthony-hellakoski-jatkaa-grifkn-paavalmentajana\/","og_locale":"fi_FI","og_type":"article","og_title":"Anthony Hellakoski jatkaa GrIFK:n p\u00e4\u00e4valmentajana | K\u00e4sipallon miesten Aktialiiga","og_description":"GrIFK on solminut p\u00e4\u00e4valmentaja Anthony Hellakosken kanssa uuden 2+1\u2011vuotisen jatkosopimuksen, joka ulottuu parhaimmillaan vuoteen 2029 saakka. Sopimus vahvistaa seuran pitk\u00e4j\u00e4nteist\u00e4 linjaa ja antaa Hellakoskelle mahdollisuuden jatkaa joukkueen kehitt\u00e4mist\u00e4 selke\u00e4n yhteisen vision pohjalta. \u201dAna\u201d kertoo olevansa aidosti tyytyv\u00e4inen mahdollisuudesta jatkaa ty\u00f6t\u00e4\u00e4n Kauniaisissa. &#8211; Olen tietenkin iloinen siit\u00e4, ett\u00e4 seura haluaa jatkaa yhteisty\u00f6t\u00e4 kanssani. Meill\u00e4 on yhteinen [&hellip;]","og_url":"https:\/\/aktialiiga.fi\/miehet\/ajankohtaista\/anthony-hellakoski-jatkaa-grifkn-paavalmentajana\/","og_site_name":"K\u00e4sipallon miesten Aktialiiga","article_publisher":"https:\/\/www.facebook.com\/finnhandball","article_published_time":"2026-03-06T11:31:20+00:00","article_modified_time":"2026-03-06T14:44:33+00:00","og_image":[{"width":2320,"height":1628,"url":"https:\/\/aktialiiga.fi\/miehet\/wp-content\/uploads\/sites\/5\/2026\/03\/2I1A1152-e1772808253352.jpg","type":"image\/jpeg"}],"author":"tbrmedia","twitter_card":"summary_large_image","twitter_creator":"@finnhandball","twitter_site":"@finnhandball","schema":{"@context":"https:\/\/schema.org","@graph":[{"@type":"Article","@id":"https:\/\/aktialiiga.fi\/miehet\/ajankohtaista\/anthony-hellakoski-jatkaa-grifkn-paavalmentajana\/#article","isPartOf":{"@id":"https:\/\/aktialiiga.fi\/miehet\/ajankohtaista\/anthony-hellakoski-jatkaa-grifkn-paavalmentajana\/"},"author":{"name":"tbrmedia","@id":"https:\/\/aktialiiga.fi\/miehet\/#\/schema\/person\/c14bf42f47041db74603c45afcb18d87"},"headline":"Anthony Hellakoski jatkaa GrIFK:n p\u00e4\u00e4valmentajana","datePublished":"2026-03-06T11:31:20+00:00","dateModified":"2026-03-06T14:44:33+00:00","mainEntityOfPage":{"@id":"https:\/\/aktialiiga.fi\/miehet\/ajankohtaista\/anthony-hellakoski-jatkaa-grifkn-paavalmentajana\/"},"wordCount":187,"publisher":{"@id":"https:\/\/aktialiiga.fi\/miehet\/#organization"},"image":{"@id":"https:\/\/aktialiiga.fi\/miehet\/ajankohtaista\/anthony-hellakoski-jatkaa-grifkn-paavalmentajana\/#primaryimage"},"thumbnailUrl":"https:\/\/i0.wp.com\/aktialiiga.fi\/miehet\/wp-content\/uploads\/sites\/5\/2026\/03\/2I1A1152-e1772808253352.jpg?fit=2320%2C1628&ssl=1","keywords":["GrIFK"],"articleSection":["Ajankohtaista"],"inLanguage":"fi"},{"@type":"WebPage","@id":"https:\/\/aktialiiga.fi\/miehet\/ajankohtaista\/anthony-hellakoski-jatkaa-grifkn-paavalmentajana\/","url":"https:\/\/aktialiiga.fi\/miehet\/ajankohtaista\/anthony-hellakoski-jatkaa-grifkn-paavalmentajana\/","name":"Anthony Hellakoski jatkaa GrIFK:n p\u00e4\u00e4valmentajana | K\u00e4sipallon miesten Aktialiiga","isPartOf":{"@id":"https:\/\/aktialiiga.fi\/miehet\/#website"},"primaryImageOfPage":{"@id":"https:\/\/aktialiiga.fi\/miehet\/ajankohtaista\/anthony-hellakoski-jatkaa-grifkn-paavalmentajana\/#primaryimage"},"image":{"@id":"https:\/\/aktialiiga.fi\/miehet\/ajankohtaista\/anthony-hellakoski-jatkaa-grifkn-paavalmentajana\/#primaryimage"},"thumbnailUrl":"https:\/\/i0.wp.com\/aktialiiga.fi\/miehet\/wp-content\/uploads\/sites\/5\/2026\/03\/2I1A1152-e1772808253352.jpg?fit=2320%2C1628&ssl=1","datePublished":"2026-03-06T11:31:20+00:00","dateModified":"2026-03-06T14:44:33+00:00","breadcrumb":{"@id":"https:\/\/aktialiiga.fi\/miehet\/ajankohtaista\/anthony-hellakoski-jatkaa-grifkn-paavalmentajana\/#breadcrumb"},"inLanguage":"fi","potentialAction":[{"@type":"ReadAction","target":["https:\/\/aktialiiga.fi\/miehet\/ajankohtaista\/anthony-hellakoski-jatkaa-grifkn-paavalmentajana\/"]}]},{"@type":"ImageObject","inLanguage":"fi","@id":"https:\/\/aktialiiga.fi\/miehet\/ajankohtaista\/anthony-hellakoski-jatkaa-grifkn-paavalmentajana\/#primaryimage","url":"https:\/\/i0.wp.com\/aktialiiga.fi\/miehet\/wp-content\/uploads\/sites\/5\/2026\/03\/2I1A1152-e1772808253352.jpg?fit=2320%2C1628&ssl=1","contentUrl":"https:\/\/i0.wp.com\/aktialiiga.fi\/miehet\/wp-content\/uploads\/sites\/5\/2026\/03\/2I1A1152-e1772808253352.jpg?fit=2320%2C1628&ssl=1","width":2320,"height":1628},{"@type":"BreadcrumbList","@id":"https:\/\/aktialiiga.fi\/miehet\/ajankohtaista\/anthony-hellakoski-jatkaa-grifkn-paavalmentajana\/#breadcrumb","itemListElement":[{"@type":"ListItem","position":1,"name":"Etusivu","item":"https:\/\/aktialiiga.fi\/miehet\/"},{"@type":"ListItem","position":2,"name":"Anthony Hellakoski jatkaa GrIFK:n p\u00e4\u00e4valmentajana"}]},{"@type":"WebSite","@id":"https:\/\/aktialiiga.fi\/miehet\/#website","url":"https:\/\/aktialiiga.fi\/miehet\/","name":"K\u00e4sipallon miesten Aktialiiga","description":"Valtakunnan vauhdikkainta palloilua!","publisher":{"@id":"https:\/\/aktialiiga.fi\/miehet\/#organization"},"potentialAction":[{"@type":"SearchAction","target":{"@type":"EntryPoint","urlTemplate":"https:\/\/aktialiiga.fi\/miehet\/?s={search_term_string}"},"query-input":{"@type":"PropertyValueSpecification","valueRequired":true,"valueName":"search_term_string"}}],"inLanguage":"fi"},{"@type":"Organization","@id":"https:\/\/aktialiiga.fi\/miehet\/#organization","name":"K\u00e4sipallon miesten Aktialiiga","url":"https:\/\/aktialiiga.fi\/miehet\/","logo":{"@type":"ImageObject","inLanguage":"fi","@id":"https:\/\/aktialiiga.fi\/miehet\/#\/schema\/logo\/image\/","url":"https:\/\/i0.wp.com\/aktialiiga.fi\/miehet\/wp-content\/uploads\/sites\/5\/2024\/09\/Aktialiiga-Yoast-512.png?fit=512%2C512&ssl=1","contentUrl":"https:\/\/i0.wp.com\/aktialiiga.fi\/miehet\/wp-content\/uploads\/sites\/5\/2024\/09\/Aktialiiga-Yoast-512.png?fit=512%2C512&ssl=1","width":512,"height":512,"caption":"K\u00e4sipallon miesten Aktialiiga"},"image":{"@id":"https:\/\/aktialiiga.fi\/miehet\/#\/schema\/logo\/image\/"},"sameAs":["https:\/\/www.facebook.com\/finnhandball","https:\/\/x.com\/finnhandball","https:\/\/www.instagram.com\/handballfinland\/"]},{"@type":"Person","@id":"https:\/\/aktialiiga.fi\/miehet\/#\/schema\/person\/c14bf42f47041db74603c45afcb18d87","name":"tbrmedia","image":{"@type":"ImageObject","inLanguage":"fi","@id":"https:\/\/secure.gravatar.com\/avatar\/ee975fa091fe581d12b60debb3439022686618368a7c142044c56724d4666b16?s=96&d=mm&r=g","url":"https:\/\/secure.gravatar.com\/avatar\/ee975fa091fe581d12b60debb3439022686618368a7c142044c56724d4666b16?s=96&d=mm&r=g","contentUrl":"https:\/\/secure.gravatar.com\/avatar\/ee975fa091fe581d12b60debb3439022686618368a7c142044c56724d4666b16?s=96&d=mm&r=g","caption":"tbrmedia"}}]}},"jetpack_featured_media_url":"https:\/\/i0.wp.com\/aktialiiga.fi\/miehet\/wp-content\/uploads\/sites\/5\/2026\/03\/2I1A1152-e1772808253352.jpg?fit=2320%2C1628&ssl=1","jetpack_sharing_enabled":true,"jetpack_shortlink":"https:\/\/wp.me\/pfTxOr-i4D","_links":{"self":[{"href":"https:\/\/aktialiiga.fi\/miehet\/wp-json\/wp\/v2\/posts\/69479","targetHints":{"allow":["GET"]}}],"collection":[{"href":"https:\/\/aktialiiga.fi\/miehet\/wp-json\/wp\/v2\/posts"}],"about":[{"href":"https:\/\/aktialiiga.fi\/miehet\/wp-json\/wp\/v2\/types\/post"}],"author":[{"embeddable":true,"href":"https:\/\/aktialiiga.fi\/miehet\/wp-json\/wp\/v2\/users\/13"}],"replies":[{"embeddable":true,"href":"https:\/\/aktialiiga.fi\/miehet\/wp-json\/wp\/v2\/comments?post=69479"}],"version-history":[{"count":1,"href":"https:\/\/aktialiiga.fi\/miehet\/wp-json\/wp\/v2\/posts\/69479\/revisions"}],"predecessor-version":[{"id":69480,"href":"https:\/\/aktialiiga.fi\/miehet\/wp-json\/wp\/v2\/posts\/69479\/revisions\/69480"}],"wp:featuredmedia":[{"embeddable":true,"href":"https:\/\/aktialiiga.fi\/miehet\/wp-json\/wp\/v2\/media\/69488"}],"wp:attachment":[{"href":"https:\/\/aktialiiga.fi\/miehet\/wp-json\/wp\/v2\/media?parent=69479"}],"wp:term":[{"taxonomy":"category","embeddable":true,"href":"https:\/\/aktialiiga.fi\/miehet\/wp-json\/wp\/v2\/categories?post=69479"},{"taxonomy":"post_tag","embeddable":true,"href":"https:\/\/aktialiiga.fi\/miehet\/wp-json\/wp\/v2\/tags?post=69479"}],"curies":[{"name":"wp","href":"https:\/\/api.w.org\/{rel}","templated":true}]}}