{"id":69509,"date":"2026-03-07T17:26:54","date_gmt":"2026-03-07T15:26:54","guid":{"rendered":"https:\/\/aktialiiga.fi\/miehet\/?p=69509"},"modified":"2026-03-07T18:38:53","modified_gmt":"2026-03-07T16:38:53","slug":"grifk-tarrasi-voitolla-aifksta-puolivalierien-kotietuun","status":"publish","type":"post","link":"https:\/\/aktialiiga.fi\/miehet\/2025-2026\/ottelut\/grifk-tarrasi-voitolla-aifksta-puolivalierien-kotietuun\/","title":{"rendered":"GrIFK tarrasi voitolla \u00c5IFK:sta puoliv\u00e4lierien kotietuun"},"content":{"rendered":"<p>GrIFK :n vahva toinen jakso toi lauantaina voiton Kauniaisissa vierailleesta \u00c5IFK:sta kaikkiaan hyvin niukkamaalisessa ottelussa.<\/p>\n<p>\u00c5IFK tuli kamppailuun vahvasti ja johti avausjakson puoliv\u00e4lin alla ottelua jo nelj\u00e4ll\u00e4 maalilla. Grani nousi kuitenkin muutamassa minuutissa rinnalle ja taukoa kohti edettiin tasatahtia.<\/p>\n<p>Toisen jakson alkuun Grani heitti kolme per\u00e4tt\u00e4ist\u00e4 maalia ja otti tukevan otteen itselleen. \u00c5IFK pysyi tuntumassa, mutta ei pystynyt eroa kuitenkaan kaventamaankaan. V\u00e4hitellen ero alkoi kasvaa Granin tylsytetty\u00e4 \u00c5IFK:n maalinteon ja lopussa is\u00e4nn\u00e4t saattoivat l\u00e4hinn\u00e4 vain varmistella voittoaan.<\/p>\n<p>Voiton my\u00f6t\u00e4 Grani otti ison askeleen kohti puoliv\u00e4lierien kotietua.<\/p>\n<p>GrIFK:n p\u00e4\u00e4valmentaja Anthony Hellakoski h\u00e4mm\u00e4steli vaisua alkua ottelulle.<\/p>\n<p>&#8211; Ottelun alku ei mennyt ollenkaan suunnitelmien mukaan, emme olleet aivan valmiita otteluun t\u00e4n\u00e4\u00e4n ja monissa tilanteissa tuntui, ettemme olleet aivan paikalla, Hellakoski totesi.<\/p>\n<p>&#8211; Vaikea ottelu sek\u00e4 hy\u00f6kk\u00e4yksess\u00e4 ett\u00e4 puolustuksessa. Onneksi meill\u00e4 oli [Patrik] Roslander maalissa, h\u00e4n auttoi meit\u00e4 paljon ja piti meid\u00e4t ottelussa mukana ensimm\u00e4isen puoliajan ajan. Paljon on viel\u00e4 parannettavaa!<\/p>\n<p>\u00c5IFK:n p\u00e4\u00e4valmentaja Aku Kuusisto oli tyytyv\u00e4inen hyv\u00e4\u00e4n taisteluun tuloksesta huolimatta.<\/p>\n<p>&#8211; Kyll\u00e4 me t\u00e4n\u00e4\u00e4n tapeltiin ja annettiin itsellemme sauma pelata viimeisist\u00e4 playoff-sijoituksista. Puolustettiin hyvin, saatiin paljon hyvi\u00e4 torjuntoja, mutta kaaduttiin samalla vastustajan maalivahdin hienoon peliin.<\/p>\n<p>Molempien valmentajien kehuma Grani-vahti Roslander palkittiinkin ottelun parhaana pelaajana.<\/p>\n<p>&#8211; Teknisesti ja taktisesti ei ehk\u00e4 ollut paras ottelumme, mutta kaksi pistett\u00e4. Meid\u00e4n on opittava t\u00e4st\u00e4!<\/p>\n<p>&#8211; Pudotuspelit alkavat pian ja vain voitot lasketaan, joten sit\u00e4 ajatellen t\u00e4m\u00e4 oli ihan ok, Roslander totesi.<\/p>\n","protected":false},"excerpt":{"rendered":"<p>GrIFK :n vahva toinen jakso toi lauantaina voiton Kauniaisissa vierailleesta \u00c5IFK:sta kaikkiaan hyvin niukkamaalisessa ottelussa. \u00c5IFK tuli kamppailuun vahvasti ja johti avausjakson puoliv\u00e4lin alla ottelua jo nelj\u00e4ll\u00e4 maalilla. Grani nousi kuitenkin muutamassa minuutissa rinnalle ja taukoa kohti edettiin tasatahtia. Toisen jakson alkuun Grani heitti kolme per\u00e4tt\u00e4ist\u00e4 maalia ja otti tukevan otteen itselleen. \u00c5IFK pysyi tuntumassa, [&hellip;]<\/p>\n","protected":false},"author":13,"featured_media":47191,"comment_status":"closed","ping_status":"closed","sticky":false,"template":"","format":"standard","meta":{"_acf_changed":false,"jetpack_post_was_ever_published":false,"_jetpack_newsletter_access":"","_jetpack_dont_email_post_to_subs":false,"_jetpack_newsletter_tier_id":0,"_jetpack_memberships_contains_paywalled_content":false,"_jetpack_memberships_contains_paid_content":false,"footnotes":""},"categories":[361],"tags":[50,64],"class_list":["post-69509","post","type-post","status-publish","format-standard","has-post-thumbnail","hentry","category-ottelut","tag-aifk","tag-grifk"],"acf":[],"yoast_head":"<!-- This site is optimized with the Yoast SEO plugin v27.4 - https:\/\/yoast.com\/product\/yoast-seo-wordpress\/ -->\n<title>GrIFK tarrasi voitolla \u00c5IFK:sta puoliv\u00e4lierien kotietuun | K\u00e4sipallon miesten Aktialiiga<\/title>\n<meta name=\"robots\" content=\"index, follow, max-snippet:-1, max-image-preview:large, max-video-preview:-1\" \/>\n<link rel=\"canonical\" href=\"https:\/\/aktialiiga.fi\/miehet\/2025-2026\/ottelut\/grifk-tarrasi-voitolla-aifksta-puolivalierien-kotietuun\/\" \/>\n<meta property=\"og:locale\" content=\"fi_FI\" \/>\n<meta property=\"og:type\" content=\"article\" \/>\n<meta property=\"og:title\" content=\"GrIFK tarrasi voitolla \u00c5IFK:sta puoliv\u00e4lierien kotietuun | K\u00e4sipallon miesten Aktialiiga\" \/>\n<meta property=\"og:description\" content=\"GrIFK :n vahva toinen jakso toi lauantaina voiton Kauniaisissa vierailleesta \u00c5IFK:sta kaikkiaan hyvin niukkamaalisessa ottelussa. \u00c5IFK tuli kamppailuun vahvasti ja johti avausjakson puoliv\u00e4lin alla ottelua jo nelj\u00e4ll\u00e4 maalilla. Grani nousi kuitenkin muutamassa minuutissa rinnalle ja taukoa kohti edettiin tasatahtia. Toisen jakson alkuun Grani heitti kolme per\u00e4tt\u00e4ist\u00e4 maalia ja otti tukevan otteen itselleen. \u00c5IFK pysyi tuntumassa, [&hellip;]\" \/>\n<meta property=\"og:url\" content=\"https:\/\/aktialiiga.fi\/miehet\/2025-2026\/ottelut\/grifk-tarrasi-voitolla-aifksta-puolivalierien-kotietuun\/\" \/>\n<meta property=\"og:site_name\" content=\"K\u00e4sipallon miesten Aktialiiga\" \/>\n<meta property=\"article:publisher\" content=\"https:\/\/www.facebook.com\/finnhandball\" \/>\n<meta property=\"article:published_time\" content=\"2026-03-07T15:26:54+00:00\" \/>\n<meta property=\"article:modified_time\" content=\"2026-03-07T16:38:53+00:00\" \/>\n<meta property=\"og:image\" content=\"https:\/\/aktialiiga.fi\/miehet\/wp-content\/uploads\/sites\/5\/2024\/03\/GrIFK_Roslander_Patrik_2324a.jpg\" \/>\n\t<meta property=\"og:image:width\" content=\"1005\" \/>\n\t<meta property=\"og:image:height\" content=\"495\" \/>\n\t<meta property=\"og:image:type\" content=\"image\/jpeg\" \/>\n<meta name=\"author\" content=\"tbrmedia\" \/>\n<meta name=\"twitter:card\" content=\"summary_large_image\" \/>\n<meta name=\"twitter:creator\" content=\"@finnhandball\" \/>\n<meta name=\"twitter:site\" content=\"@finnhandball\" \/>\n<script type=\"application\/ld+json\" class=\"yoast-schema-graph\">{\"@context\":\"https:\\\/\\\/schema.org\",\"@graph\":[{\"@type\":\"Article\",\"@id\":\"https:\\\/\\\/aktialiiga.fi\\\/miehet\\\/2025-2026\\\/ottelut\\\/grifk-tarrasi-voitolla-aifksta-puolivalierien-kotietuun\\\/#article\",\"isPartOf\":{\"@id\":\"https:\\\/\\\/aktialiiga.fi\\\/miehet\\\/2025-2026\\\/ottelut\\\/grifk-tarrasi-voitolla-aifksta-puolivalierien-kotietuun\\\/\"},\"author\":{\"name\":\"tbrmedia\",\"@id\":\"https:\\\/\\\/aktialiiga.fi\\\/miehet\\\/#\\\/schema\\\/person\\\/c14bf42f47041db74603c45afcb18d87\"},\"headline\":\"GrIFK tarrasi voitolla \u00c5IFK:sta puoliv\u00e4lierien kotietuun\",\"datePublished\":\"2026-03-07T15:26:54+00:00\",\"dateModified\":\"2026-03-07T16:38:53+00:00\",\"mainEntityOfPage\":{\"@id\":\"https:\\\/\\\/aktialiiga.fi\\\/miehet\\\/2025-2026\\\/ottelut\\\/grifk-tarrasi-voitolla-aifksta-puolivalierien-kotietuun\\\/\"},\"wordCount\":264,\"publisher\":{\"@id\":\"https:\\\/\\\/aktialiiga.fi\\\/miehet\\\/#organization\"},\"image\":{\"@id\":\"https:\\\/\\\/aktialiiga.fi\\\/miehet\\\/2025-2026\\\/ottelut\\\/grifk-tarrasi-voitolla-aifksta-puolivalierien-kotietuun\\\/#primaryimage\"},\"thumbnailUrl\":\"https:\\\/\\\/i0.wp.com\\\/aktialiiga.fi\\\/miehet\\\/wp-content\\\/uploads\\\/sites\\\/5\\\/2024\\\/03\\\/GrIFK_Roslander_Patrik_2324a.jpg?fit=1005%2C495&ssl=1\",\"keywords\":[\"\u00c5IFK\",\"GrIFK\"],\"articleSection\":[\"Ottelut 2025-26\"],\"inLanguage\":\"fi\"},{\"@type\":\"WebPage\",\"@id\":\"https:\\\/\\\/aktialiiga.fi\\\/miehet\\\/2025-2026\\\/ottelut\\\/grifk-tarrasi-voitolla-aifksta-puolivalierien-kotietuun\\\/\",\"url\":\"https:\\\/\\\/aktialiiga.fi\\\/miehet\\\/2025-2026\\\/ottelut\\\/grifk-tarrasi-voitolla-aifksta-puolivalierien-kotietuun\\\/\",\"name\":\"GrIFK tarrasi voitolla \u00c5IFK:sta puoliv\u00e4lierien kotietuun | K\u00e4sipallon miesten Aktialiiga\",\"isPartOf\":{\"@id\":\"https:\\\/\\\/aktialiiga.fi\\\/miehet\\\/#website\"},\"primaryImageOfPage\":{\"@id\":\"https:\\\/\\\/aktialiiga.fi\\\/miehet\\\/2025-2026\\\/ottelut\\\/grifk-tarrasi-voitolla-aifksta-puolivalierien-kotietuun\\\/#primaryimage\"},\"image\":{\"@id\":\"https:\\\/\\\/aktialiiga.fi\\\/miehet\\\/2025-2026\\\/ottelut\\\/grifk-tarrasi-voitolla-aifksta-puolivalierien-kotietuun\\\/#primaryimage\"},\"thumbnailUrl\":\"https:\\\/\\\/i0.wp.com\\\/aktialiiga.fi\\\/miehet\\\/wp-content\\\/uploads\\\/sites\\\/5\\\/2024\\\/03\\\/GrIFK_Roslander_Patrik_2324a.jpg?fit=1005%2C495&ssl=1\",\"datePublished\":\"2026-03-07T15:26:54+00:00\",\"dateModified\":\"2026-03-07T16:38:53+00:00\",\"breadcrumb\":{\"@id\":\"https:\\\/\\\/aktialiiga.fi\\\/miehet\\\/2025-2026\\\/ottelut\\\/grifk-tarrasi-voitolla-aifksta-puolivalierien-kotietuun\\\/#breadcrumb\"},\"inLanguage\":\"fi\",\"potentialAction\":[{\"@type\":\"ReadAction\",\"target\":[\"https:\\\/\\\/aktialiiga.fi\\\/miehet\\\/2025-2026\\\/ottelut\\\/grifk-tarrasi-voitolla-aifksta-puolivalierien-kotietuun\\\/\"]}]},{\"@type\":\"ImageObject\",\"inLanguage\":\"fi\",\"@id\":\"https:\\\/\\\/aktialiiga.fi\\\/miehet\\\/2025-2026\\\/ottelut\\\/grifk-tarrasi-voitolla-aifksta-puolivalierien-kotietuun\\\/#primaryimage\",\"url\":\"https:\\\/\\\/i0.wp.com\\\/aktialiiga.fi\\\/miehet\\\/wp-content\\\/uploads\\\/sites\\\/5\\\/2024\\\/03\\\/GrIFK_Roslander_Patrik_2324a.jpg?fit=1005%2C495&ssl=1\",\"contentUrl\":\"https:\\\/\\\/i0.wp.com\\\/aktialiiga.fi\\\/miehet\\\/wp-content\\\/uploads\\\/sites\\\/5\\\/2024\\\/03\\\/GrIFK_Roslander_Patrik_2324a.jpg?fit=1005%2C495&ssl=1\",\"width\":1005,\"height\":495,\"caption\":\"Patrik Roslander, GrIFK K\u00e4sipallon SM-liiga GrIFK - SIF Kauniaisten palloiluhalli 19. lokakuuta 2023. (Kalle Parkkinen\\\/Newspix24)\"},{\"@type\":\"BreadcrumbList\",\"@id\":\"https:\\\/\\\/aktialiiga.fi\\\/miehet\\\/2025-2026\\\/ottelut\\\/grifk-tarrasi-voitolla-aifksta-puolivalierien-kotietuun\\\/#breadcrumb\",\"itemListElement\":[{\"@type\":\"ListItem\",\"position\":1,\"name\":\"Etusivu\",\"item\":\"https:\\\/\\\/aktialiiga.fi\\\/miehet\\\/\"},{\"@type\":\"ListItem\",\"position\":2,\"name\":\"GrIFK tarrasi voitolla \u00c5IFK:sta puoliv\u00e4lierien kotietuun\"}]},{\"@type\":\"WebSite\",\"@id\":\"https:\\\/\\\/aktialiiga.fi\\\/miehet\\\/#website\",\"url\":\"https:\\\/\\\/aktialiiga.fi\\\/miehet\\\/\",\"name\":\"K\u00e4sipallon miesten Aktialiiga\",\"description\":\"Valtakunnan vauhdikkainta palloilua!\",\"publisher\":{\"@id\":\"https:\\\/\\\/aktialiiga.fi\\\/miehet\\\/#organization\"},\"potentialAction\":[{\"@type\":\"SearchAction\",\"target\":{\"@type\":\"EntryPoint\",\"urlTemplate\":\"https:\\\/\\\/aktialiiga.fi\\\/miehet\\\/?s={search_term_string}\"},\"query-input\":{\"@type\":\"PropertyValueSpecification\",\"valueRequired\":true,\"valueName\":\"search_term_string\"}}],\"inLanguage\":\"fi\"},{\"@type\":\"Organization\",\"@id\":\"https:\\\/\\\/aktialiiga.fi\\\/miehet\\\/#organization\",\"name\":\"K\u00e4sipallon miesten Aktialiiga\",\"url\":\"https:\\\/\\\/aktialiiga.fi\\\/miehet\\\/\",\"logo\":{\"@type\":\"ImageObject\",\"inLanguage\":\"fi\",\"@id\":\"https:\\\/\\\/aktialiiga.fi\\\/miehet\\\/#\\\/schema\\\/logo\\\/image\\\/\",\"url\":\"https:\\\/\\\/i0.wp.com\\\/aktialiiga.fi\\\/miehet\\\/wp-content\\\/uploads\\\/sites\\\/5\\\/2024\\\/09\\\/Aktialiiga-Yoast-512.png?fit=512%2C512&ssl=1\",\"contentUrl\":\"https:\\\/\\\/i0.wp.com\\\/aktialiiga.fi\\\/miehet\\\/wp-content\\\/uploads\\\/sites\\\/5\\\/2024\\\/09\\\/Aktialiiga-Yoast-512.png?fit=512%2C512&ssl=1\",\"width\":512,\"height\":512,\"caption\":\"K\u00e4sipallon miesten Aktialiiga\"},\"image\":{\"@id\":\"https:\\\/\\\/aktialiiga.fi\\\/miehet\\\/#\\\/schema\\\/logo\\\/image\\\/\"},\"sameAs\":[\"https:\\\/\\\/www.facebook.com\\\/finnhandball\",\"https:\\\/\\\/x.com\\\/finnhandball\",\"https:\\\/\\\/www.instagram.com\\\/handballfinland\\\/\"]},{\"@type\":\"Person\",\"@id\":\"https:\\\/\\\/aktialiiga.fi\\\/miehet\\\/#\\\/schema\\\/person\\\/c14bf42f47041db74603c45afcb18d87\",\"name\":\"tbrmedia\",\"image\":{\"@type\":\"ImageObject\",\"inLanguage\":\"fi\",\"@id\":\"https:\\\/\\\/secure.gravatar.com\\\/avatar\\\/ee975fa091fe581d12b60debb3439022686618368a7c142044c56724d4666b16?s=96&d=mm&r=g\",\"url\":\"https:\\\/\\\/secure.gravatar.com\\\/avatar\\\/ee975fa091fe581d12b60debb3439022686618368a7c142044c56724d4666b16?s=96&d=mm&r=g\",\"contentUrl\":\"https:\\\/\\\/secure.gravatar.com\\\/avatar\\\/ee975fa091fe581d12b60debb3439022686618368a7c142044c56724d4666b16?s=96&d=mm&r=g\",\"caption\":\"tbrmedia\"}}]}<\/script>\n<!-- \/ Yoast SEO plugin. -->","yoast_head_json":{"title":"GrIFK tarrasi voitolla \u00c5IFK:sta puoliv\u00e4lierien kotietuun | K\u00e4sipallon miesten Aktialiiga","robots":{"index":"index","follow":"follow","max-snippet":"max-snippet:-1","max-image-preview":"max-image-preview:large","max-video-preview":"max-video-preview:-1"},"canonical":"https:\/\/aktialiiga.fi\/miehet\/2025-2026\/ottelut\/grifk-tarrasi-voitolla-aifksta-puolivalierien-kotietuun\/","og_locale":"fi_FI","og_type":"article","og_title":"GrIFK tarrasi voitolla \u00c5IFK:sta puoliv\u00e4lierien kotietuun | K\u00e4sipallon miesten Aktialiiga","og_description":"GrIFK :n vahva toinen jakso toi lauantaina voiton Kauniaisissa vierailleesta \u00c5IFK:sta kaikkiaan hyvin niukkamaalisessa ottelussa. \u00c5IFK tuli kamppailuun vahvasti ja johti avausjakson puoliv\u00e4lin alla ottelua jo nelj\u00e4ll\u00e4 maalilla. Grani nousi kuitenkin muutamassa minuutissa rinnalle ja taukoa kohti edettiin tasatahtia. Toisen jakson alkuun Grani heitti kolme per\u00e4tt\u00e4ist\u00e4 maalia ja otti tukevan otteen itselleen. \u00c5IFK pysyi tuntumassa, [&hellip;]","og_url":"https:\/\/aktialiiga.fi\/miehet\/2025-2026\/ottelut\/grifk-tarrasi-voitolla-aifksta-puolivalierien-kotietuun\/","og_site_name":"K\u00e4sipallon miesten Aktialiiga","article_publisher":"https:\/\/www.facebook.com\/finnhandball","article_published_time":"2026-03-07T15:26:54+00:00","article_modified_time":"2026-03-07T16:38:53+00:00","og_image":[{"width":1005,"height":495,"url":"https:\/\/aktialiiga.fi\/miehet\/wp-content\/uploads\/sites\/5\/2024\/03\/GrIFK_Roslander_Patrik_2324a.jpg","type":"image\/jpeg"}],"author":"tbrmedia","twitter_card":"summary_large_image","twitter_creator":"@finnhandball","twitter_site":"@finnhandball","schema":{"@context":"https:\/\/schema.org","@graph":[{"@type":"Article","@id":"https:\/\/aktialiiga.fi\/miehet\/2025-2026\/ottelut\/grifk-tarrasi-voitolla-aifksta-puolivalierien-kotietuun\/#article","isPartOf":{"@id":"https:\/\/aktialiiga.fi\/miehet\/2025-2026\/ottelut\/grifk-tarrasi-voitolla-aifksta-puolivalierien-kotietuun\/"},"author":{"name":"tbrmedia","@id":"https:\/\/aktialiiga.fi\/miehet\/#\/schema\/person\/c14bf42f47041db74603c45afcb18d87"},"headline":"GrIFK tarrasi voitolla \u00c5IFK:sta puoliv\u00e4lierien kotietuun","datePublished":"2026-03-07T15:26:54+00:00","dateModified":"2026-03-07T16:38:53+00:00","mainEntityOfPage":{"@id":"https:\/\/aktialiiga.fi\/miehet\/2025-2026\/ottelut\/grifk-tarrasi-voitolla-aifksta-puolivalierien-kotietuun\/"},"wordCount":264,"publisher":{"@id":"https:\/\/aktialiiga.fi\/miehet\/#organization"},"image":{"@id":"https:\/\/aktialiiga.fi\/miehet\/2025-2026\/ottelut\/grifk-tarrasi-voitolla-aifksta-puolivalierien-kotietuun\/#primaryimage"},"thumbnailUrl":"https:\/\/i0.wp.com\/aktialiiga.fi\/miehet\/wp-content\/uploads\/sites\/5\/2024\/03\/GrIFK_Roslander_Patrik_2324a.jpg?fit=1005%2C495&ssl=1","keywords":["\u00c5IFK","GrIFK"],"articleSection":["Ottelut 2025-26"],"inLanguage":"fi"},{"@type":"WebPage","@id":"https:\/\/aktialiiga.fi\/miehet\/2025-2026\/ottelut\/grifk-tarrasi-voitolla-aifksta-puolivalierien-kotietuun\/","url":"https:\/\/aktialiiga.fi\/miehet\/2025-2026\/ottelut\/grifk-tarrasi-voitolla-aifksta-puolivalierien-kotietuun\/","name":"GrIFK tarrasi voitolla \u00c5IFK:sta puoliv\u00e4lierien kotietuun | K\u00e4sipallon miesten Aktialiiga","isPartOf":{"@id":"https:\/\/aktialiiga.fi\/miehet\/#website"},"primaryImageOfPage":{"@id":"https:\/\/aktialiiga.fi\/miehet\/2025-2026\/ottelut\/grifk-tarrasi-voitolla-aifksta-puolivalierien-kotietuun\/#primaryimage"},"image":{"@id":"https:\/\/aktialiiga.fi\/miehet\/2025-2026\/ottelut\/grifk-tarrasi-voitolla-aifksta-puolivalierien-kotietuun\/#primaryimage"},"thumbnailUrl":"https:\/\/i0.wp.com\/aktialiiga.fi\/miehet\/wp-content\/uploads\/sites\/5\/2024\/03\/GrIFK_Roslander_Patrik_2324a.jpg?fit=1005%2C495&ssl=1","datePublished":"2026-03-07T15:26:54+00:00","dateModified":"2026-03-07T16:38:53+00:00","breadcrumb":{"@id":"https:\/\/aktialiiga.fi\/miehet\/2025-2026\/ottelut\/grifk-tarrasi-voitolla-aifksta-puolivalierien-kotietuun\/#breadcrumb"},"inLanguage":"fi","potentialAction":[{"@type":"ReadAction","target":["https:\/\/aktialiiga.fi\/miehet\/2025-2026\/ottelut\/grifk-tarrasi-voitolla-aifksta-puolivalierien-kotietuun\/"]}]},{"@type":"ImageObject","inLanguage":"fi","@id":"https:\/\/aktialiiga.fi\/miehet\/2025-2026\/ottelut\/grifk-tarrasi-voitolla-aifksta-puolivalierien-kotietuun\/#primaryimage","url":"https:\/\/i0.wp.com\/aktialiiga.fi\/miehet\/wp-content\/uploads\/sites\/5\/2024\/03\/GrIFK_Roslander_Patrik_2324a.jpg?fit=1005%2C495&ssl=1","contentUrl":"https:\/\/i0.wp.com\/aktialiiga.fi\/miehet\/wp-content\/uploads\/sites\/5\/2024\/03\/GrIFK_Roslander_Patrik_2324a.jpg?fit=1005%2C495&ssl=1","width":1005,"height":495,"caption":"Patrik Roslander, GrIFK K\u00e4sipallon SM-liiga GrIFK - SIF Kauniaisten palloiluhalli 19. lokakuuta 2023. (Kalle Parkkinen\/Newspix24)"},{"@type":"BreadcrumbList","@id":"https:\/\/aktialiiga.fi\/miehet\/2025-2026\/ottelut\/grifk-tarrasi-voitolla-aifksta-puolivalierien-kotietuun\/#breadcrumb","itemListElement":[{"@type":"ListItem","position":1,"name":"Etusivu","item":"https:\/\/aktialiiga.fi\/miehet\/"},{"@type":"ListItem","position":2,"name":"GrIFK tarrasi voitolla \u00c5IFK:sta puoliv\u00e4lierien kotietuun"}]},{"@type":"WebSite","@id":"https:\/\/aktialiiga.fi\/miehet\/#website","url":"https:\/\/aktialiiga.fi\/miehet\/","name":"K\u00e4sipallon miesten Aktialiiga","description":"Valtakunnan vauhdikkainta palloilua!","publisher":{"@id":"https:\/\/aktialiiga.fi\/miehet\/#organization"},"potentialAction":[{"@type":"SearchAction","target":{"@type":"EntryPoint","urlTemplate":"https:\/\/aktialiiga.fi\/miehet\/?s={search_term_string}"},"query-input":{"@type":"PropertyValueSpecification","valueRequired":true,"valueName":"search_term_string"}}],"inLanguage":"fi"},{"@type":"Organization","@id":"https:\/\/aktialiiga.fi\/miehet\/#organization","name":"K\u00e4sipallon miesten Aktialiiga","url":"https:\/\/aktialiiga.fi\/miehet\/","logo":{"@type":"ImageObject","inLanguage":"fi","@id":"https:\/\/aktialiiga.fi\/miehet\/#\/schema\/logo\/image\/","url":"https:\/\/i0.wp.com\/aktialiiga.fi\/miehet\/wp-content\/uploads\/sites\/5\/2024\/09\/Aktialiiga-Yoast-512.png?fit=512%2C512&ssl=1","contentUrl":"https:\/\/i0.wp.com\/aktialiiga.fi\/miehet\/wp-content\/uploads\/sites\/5\/2024\/09\/Aktialiiga-Yoast-512.png?fit=512%2C512&ssl=1","width":512,"height":512,"caption":"K\u00e4sipallon miesten Aktialiiga"},"image":{"@id":"https:\/\/aktialiiga.fi\/miehet\/#\/schema\/logo\/image\/"},"sameAs":["https:\/\/www.facebook.com\/finnhandball","https:\/\/x.com\/finnhandball","https:\/\/www.instagram.com\/handballfinland\/"]},{"@type":"Person","@id":"https:\/\/aktialiiga.fi\/miehet\/#\/schema\/person\/c14bf42f47041db74603c45afcb18d87","name":"tbrmedia","image":{"@type":"ImageObject","inLanguage":"fi","@id":"https:\/\/secure.gravatar.com\/avatar\/ee975fa091fe581d12b60debb3439022686618368a7c142044c56724d4666b16?s=96&d=mm&r=g","url":"https:\/\/secure.gravatar.com\/avatar\/ee975fa091fe581d12b60debb3439022686618368a7c142044c56724d4666b16?s=96&d=mm&r=g","contentUrl":"https:\/\/secure.gravatar.com\/avatar\/ee975fa091fe581d12b60debb3439022686618368a7c142044c56724d4666b16?s=96&d=mm&r=g","caption":"tbrmedia"}}]}},"jetpack_featured_media_url":"https:\/\/i0.wp.com\/aktialiiga.fi\/miehet\/wp-content\/uploads\/sites\/5\/2024\/03\/GrIFK_Roslander_Patrik_2324a.jpg?fit=1005%2C495&ssl=1","jetpack_sharing_enabled":true,"jetpack_shortlink":"https:\/\/wp.me\/pfTxOr-i57","_links":{"self":[{"href":"https:\/\/aktialiiga.fi\/miehet\/wp-json\/wp\/v2\/posts\/69509","targetHints":{"allow":["GET"]}}],"collection":[{"href":"https:\/\/aktialiiga.fi\/miehet\/wp-json\/wp\/v2\/posts"}],"about":[{"href":"https:\/\/aktialiiga.fi\/miehet\/wp-json\/wp\/v2\/types\/post"}],"author":[{"embeddable":true,"href":"https:\/\/aktialiiga.fi\/miehet\/wp-json\/wp\/v2\/users\/13"}],"replies":[{"embeddable":true,"href":"https:\/\/aktialiiga.fi\/miehet\/wp-json\/wp\/v2\/comments?post=69509"}],"version-history":[{"count":3,"href":"https:\/\/aktialiiga.fi\/miehet\/wp-json\/wp\/v2\/posts\/69509\/revisions"}],"predecessor-version":[{"id":69514,"href":"https:\/\/aktialiiga.fi\/miehet\/wp-json\/wp\/v2\/posts\/69509\/revisions\/69514"}],"wp:featuredmedia":[{"embeddable":true,"href":"https:\/\/aktialiiga.fi\/miehet\/wp-json\/wp\/v2\/media\/47191"}],"wp:attachment":[{"href":"https:\/\/aktialiiga.fi\/miehet\/wp-json\/wp\/v2\/media?parent=69509"}],"wp:term":[{"taxonomy":"category","embeddable":true,"href":"https:\/\/aktialiiga.fi\/miehet\/wp-json\/wp\/v2\/categories?post=69509"},{"taxonomy":"post_tag","embeddable":true,"href":"https:\/\/aktialiiga.fi\/miehet\/wp-json\/wp\/v2\/tags?post=69509"}],"curies":[{"name":"wp","href":"https:\/\/api.w.org\/{rel}","templated":true}]}}