{"id":69515,"date":"2026-03-07T19:44:14","date_gmt":"2026-03-07T17:44:14","guid":{"rendered":"https:\/\/aktialiiga.fi\/miehet\/?p=69515"},"modified":"2026-03-07T20:09:40","modified_gmt":"2026-03-07T18:09:40","slug":"sif-pudotti-eifn-kyydistaan","status":"publish","type":"post","link":"https:\/\/aktialiiga.fi\/miehet\/2025-2026\/ottelut\/sif-pudotti-eifn-kyydistaan\/","title":{"rendered":"SIF pudotti EIF:n kyydist\u00e4\u00e4n"},"content":{"rendered":"<p>SIF ratkaisi lauantain kotiottelunsa EIF:aa vastaan vahvalla vedolla tauon molemmin puolin.<\/p>\n<p>Ottelu eteni eritt\u00e4in tasaisesti vajaat 20 minuuttia aina numeroihin 10-10 saakka. Avausjakson loppu mentiin kuitenkin vahvasti SIF-vetoisesti ja tauolla kotijohto kirjattiin viiden maalin erolla.<\/p>\n<p>Toisella jaksolla ero siuntiolaisten hyv\u00e4ksi kasvoi maali maalilta ja kymmeness\u00e4 minuutissa viiden maalin johto oli tuplaantunut. SIF piti ottelun varmasti hallussaan loppuun saakka ja kirjasi voiton selvin numeroin.<\/p>\n<p>SIF:n p\u00e4\u00e4valmentaja Gintaras Savukynas oli tyytyv\u00e4inen siihen, ett\u00e4 otteet eiv\u00e4t heitelleet ottelun sis\u00e4ll\u00e4.<\/p>\n<p>&#8211; Haluaisin kiitt\u00e4\u00e4 vastustajaa pelist\u00e4. Olen onnellinen ja ylpe\u00e4 siit\u00e4, ett\u00e4 pystyimme pelaamaan omalla tasollamme koko kuusikymment\u00e4 minuuttia, Savukynas sanoi.<\/p>\n<p>EIF:n p\u00e4\u00e4valmentaja Kaj Hagman puolestaan harmitteli otteen katoamista ottelun edetess\u00e4.<\/p>\n<p>&#8211; Ensimm\u00e4inen puoliaika oli ihan hyv\u00e4, mutta toisella puoliajalla tuli stoppi emmek\u00e4 oikein pysyneet mukana. Se oli pieni pettymys. Meill\u00e4 on ollut hieman ongelmia flunssien kanssa, mutta Sjunde\u00e5 IF teki t\u00e4n\u00e4\u00e4n hyv\u00e4n suorituksen, Hagman totesi.<\/p>\n<p>Parhaan pelaajan tittelin ottelussa vei nimiins\u00e4 SIF:n Viktor Gr\u00f6nmark.<\/p>\n<p>&#8211; T\u00e4n\u00e4\u00e4n oli hyv\u00e4 ottelu, ja saimme hyv\u00e4n alun toiselle puoliajalle, jolloin pystyimme ratkaisemaan ottelun siin\u00e4 vaiheessa, Gr\u00f6nmark kertasi.<\/p>\n","protected":false},"excerpt":{"rendered":"<p>SIF ratkaisi lauantain kotiottelunsa EIF:aa vastaan vahvalla vedolla tauon molemmin puolin. Ottelu eteni eritt\u00e4in tasaisesti vajaat 20 minuuttia aina numeroihin 10-10 saakka. Avausjakson loppu mentiin kuitenkin vahvasti SIF-vetoisesti ja tauolla kotijohto kirjattiin viiden maalin erolla. Toisella jaksolla ero siuntiolaisten hyv\u00e4ksi kasvoi maali maalilta ja kymmeness\u00e4 minuutissa viiden maalin johto oli tuplaantunut. SIF piti ottelun varmasti [&hellip;]<\/p>\n","protected":false},"author":13,"featured_media":66960,"comment_status":"closed","ping_status":"closed","sticky":false,"template":"","format":"standard","meta":{"_acf_changed":false,"jetpack_post_was_ever_published":false,"_jetpack_newsletter_access":"","_jetpack_dont_email_post_to_subs":false,"_jetpack_newsletter_tier_id":0,"_jetpack_memberships_contains_paywalled_content":false,"_jetpack_memberships_contains_paid_content":false,"footnotes":""},"categories":[361],"tags":[60,111],"class_list":["post-69515","post","type-post","status-publish","format-standard","has-post-thumbnail","hentry","category-ottelut","tag-eif","tag-sif"],"acf":[],"yoast_head":"<!-- This site is optimized with the Yoast SEO plugin v27.4 - https:\/\/yoast.com\/product\/yoast-seo-wordpress\/ -->\n<title>SIF pudotti EIF:n kyydist\u00e4\u00e4n | K\u00e4sipallon miesten Aktialiiga<\/title>\n<meta name=\"robots\" content=\"index, follow, max-snippet:-1, max-image-preview:large, max-video-preview:-1\" \/>\n<link rel=\"canonical\" href=\"https:\/\/aktialiiga.fi\/miehet\/2025-2026\/ottelut\/sif-pudotti-eifn-kyydistaan\/\" \/>\n<meta property=\"og:locale\" content=\"fi_FI\" \/>\n<meta property=\"og:type\" content=\"article\" \/>\n<meta property=\"og:title\" content=\"SIF pudotti EIF:n kyydist\u00e4\u00e4n | K\u00e4sipallon miesten Aktialiiga\" \/>\n<meta property=\"og:description\" content=\"SIF ratkaisi lauantain kotiottelunsa EIF:aa vastaan vahvalla vedolla tauon molemmin puolin. Ottelu eteni eritt\u00e4in tasaisesti vajaat 20 minuuttia aina numeroihin 10-10 saakka. Avausjakson loppu mentiin kuitenkin vahvasti SIF-vetoisesti ja tauolla kotijohto kirjattiin viiden maalin erolla. Toisella jaksolla ero siuntiolaisten hyv\u00e4ksi kasvoi maali maalilta ja kymmeness\u00e4 minuutissa viiden maalin johto oli tuplaantunut. SIF piti ottelun varmasti [&hellip;]\" \/>\n<meta property=\"og:url\" content=\"https:\/\/aktialiiga.fi\/miehet\/2025-2026\/ottelut\/sif-pudotti-eifn-kyydistaan\/\" \/>\n<meta property=\"og:site_name\" content=\"K\u00e4sipallon miesten Aktialiiga\" \/>\n<meta property=\"article:publisher\" content=\"https:\/\/www.facebook.com\/finnhandball\" \/>\n<meta property=\"article:published_time\" content=\"2026-03-07T17:44:14+00:00\" \/>\n<meta property=\"article:modified_time\" content=\"2026-03-07T18:09:40+00:00\" \/>\n<meta property=\"og:image\" content=\"https:\/\/aktialiiga.fi\/miehet\/wp-content\/uploads\/sites\/5\/2025\/10\/A7302179-e1761649836699-1030x665.jpg\" \/>\n\t<meta property=\"og:image:width\" content=\"1030\" \/>\n\t<meta property=\"og:image:height\" content=\"665\" \/>\n\t<meta property=\"og:image:type\" content=\"image\/jpeg\" \/>\n<meta name=\"author\" content=\"tbrmedia\" \/>\n<meta name=\"twitter:card\" content=\"summary_large_image\" \/>\n<meta name=\"twitter:creator\" content=\"@finnhandball\" \/>\n<meta name=\"twitter:site\" content=\"@finnhandball\" \/>\n<script type=\"application\/ld+json\" class=\"yoast-schema-graph\">{\"@context\":\"https:\\\/\\\/schema.org\",\"@graph\":[{\"@type\":\"Article\",\"@id\":\"https:\\\/\\\/aktialiiga.fi\\\/miehet\\\/2025-2026\\\/ottelut\\\/sif-pudotti-eifn-kyydistaan\\\/#article\",\"isPartOf\":{\"@id\":\"https:\\\/\\\/aktialiiga.fi\\\/miehet\\\/2025-2026\\\/ottelut\\\/sif-pudotti-eifn-kyydistaan\\\/\"},\"author\":{\"name\":\"tbrmedia\",\"@id\":\"https:\\\/\\\/aktialiiga.fi\\\/miehet\\\/#\\\/schema\\\/person\\\/c14bf42f47041db74603c45afcb18d87\"},\"headline\":\"SIF pudotti EIF:n kyydist\u00e4\u00e4n\",\"datePublished\":\"2026-03-07T17:44:14+00:00\",\"dateModified\":\"2026-03-07T18:09:40+00:00\",\"mainEntityOfPage\":{\"@id\":\"https:\\\/\\\/aktialiiga.fi\\\/miehet\\\/2025-2026\\\/ottelut\\\/sif-pudotti-eifn-kyydistaan\\\/\"},\"wordCount\":194,\"publisher\":{\"@id\":\"https:\\\/\\\/aktialiiga.fi\\\/miehet\\\/#organization\"},\"image\":{\"@id\":\"https:\\\/\\\/aktialiiga.fi\\\/miehet\\\/2025-2026\\\/ottelut\\\/sif-pudotti-eifn-kyydistaan\\\/#primaryimage\"},\"thumbnailUrl\":\"https:\\\/\\\/i0.wp.com\\\/aktialiiga.fi\\\/miehet\\\/wp-content\\\/uploads\\\/sites\\\/5\\\/2025\\\/10\\\/A7302179-e1761649836699.jpg?fit=3745%2C2417&ssl=1\",\"keywords\":[\"EIF\",\"SIF\"],\"articleSection\":[\"Ottelut 2025-26\"],\"inLanguage\":\"fi\"},{\"@type\":\"WebPage\",\"@id\":\"https:\\\/\\\/aktialiiga.fi\\\/miehet\\\/2025-2026\\\/ottelut\\\/sif-pudotti-eifn-kyydistaan\\\/\",\"url\":\"https:\\\/\\\/aktialiiga.fi\\\/miehet\\\/2025-2026\\\/ottelut\\\/sif-pudotti-eifn-kyydistaan\\\/\",\"name\":\"SIF pudotti EIF:n kyydist\u00e4\u00e4n | K\u00e4sipallon miesten Aktialiiga\",\"isPartOf\":{\"@id\":\"https:\\\/\\\/aktialiiga.fi\\\/miehet\\\/#website\"},\"primaryImageOfPage\":{\"@id\":\"https:\\\/\\\/aktialiiga.fi\\\/miehet\\\/2025-2026\\\/ottelut\\\/sif-pudotti-eifn-kyydistaan\\\/#primaryimage\"},\"image\":{\"@id\":\"https:\\\/\\\/aktialiiga.fi\\\/miehet\\\/2025-2026\\\/ottelut\\\/sif-pudotti-eifn-kyydistaan\\\/#primaryimage\"},\"thumbnailUrl\":\"https:\\\/\\\/i0.wp.com\\\/aktialiiga.fi\\\/miehet\\\/wp-content\\\/uploads\\\/sites\\\/5\\\/2025\\\/10\\\/A7302179-e1761649836699.jpg?fit=3745%2C2417&ssl=1\",\"datePublished\":\"2026-03-07T17:44:14+00:00\",\"dateModified\":\"2026-03-07T18:09:40+00:00\",\"breadcrumb\":{\"@id\":\"https:\\\/\\\/aktialiiga.fi\\\/miehet\\\/2025-2026\\\/ottelut\\\/sif-pudotti-eifn-kyydistaan\\\/#breadcrumb\"},\"inLanguage\":\"fi\",\"potentialAction\":[{\"@type\":\"ReadAction\",\"target\":[\"https:\\\/\\\/aktialiiga.fi\\\/miehet\\\/2025-2026\\\/ottelut\\\/sif-pudotti-eifn-kyydistaan\\\/\"]}]},{\"@type\":\"ImageObject\",\"inLanguage\":\"fi\",\"@id\":\"https:\\\/\\\/aktialiiga.fi\\\/miehet\\\/2025-2026\\\/ottelut\\\/sif-pudotti-eifn-kyydistaan\\\/#primaryimage\",\"url\":\"https:\\\/\\\/i0.wp.com\\\/aktialiiga.fi\\\/miehet\\\/wp-content\\\/uploads\\\/sites\\\/5\\\/2025\\\/10\\\/A7302179-e1761649836699.jpg?fit=3745%2C2417&ssl=1\",\"contentUrl\":\"https:\\\/\\\/i0.wp.com\\\/aktialiiga.fi\\\/miehet\\\/wp-content\\\/uploads\\\/sites\\\/5\\\/2025\\\/10\\\/A7302179-e1761649836699.jpg?fit=3745%2C2417&ssl=1\",\"width\":3745,\"height\":2417},{\"@type\":\"BreadcrumbList\",\"@id\":\"https:\\\/\\\/aktialiiga.fi\\\/miehet\\\/2025-2026\\\/ottelut\\\/sif-pudotti-eifn-kyydistaan\\\/#breadcrumb\",\"itemListElement\":[{\"@type\":\"ListItem\",\"position\":1,\"name\":\"Etusivu\",\"item\":\"https:\\\/\\\/aktialiiga.fi\\\/miehet\\\/\"},{\"@type\":\"ListItem\",\"position\":2,\"name\":\"SIF pudotti EIF:n kyydist\u00e4\u00e4n\"}]},{\"@type\":\"WebSite\",\"@id\":\"https:\\\/\\\/aktialiiga.fi\\\/miehet\\\/#website\",\"url\":\"https:\\\/\\\/aktialiiga.fi\\\/miehet\\\/\",\"name\":\"K\u00e4sipallon miesten Aktialiiga\",\"description\":\"Valtakunnan vauhdikkainta palloilua!\",\"publisher\":{\"@id\":\"https:\\\/\\\/aktialiiga.fi\\\/miehet\\\/#organization\"},\"potentialAction\":[{\"@type\":\"SearchAction\",\"target\":{\"@type\":\"EntryPoint\",\"urlTemplate\":\"https:\\\/\\\/aktialiiga.fi\\\/miehet\\\/?s={search_term_string}\"},\"query-input\":{\"@type\":\"PropertyValueSpecification\",\"valueRequired\":true,\"valueName\":\"search_term_string\"}}],\"inLanguage\":\"fi\"},{\"@type\":\"Organization\",\"@id\":\"https:\\\/\\\/aktialiiga.fi\\\/miehet\\\/#organization\",\"name\":\"K\u00e4sipallon miesten Aktialiiga\",\"url\":\"https:\\\/\\\/aktialiiga.fi\\\/miehet\\\/\",\"logo\":{\"@type\":\"ImageObject\",\"inLanguage\":\"fi\",\"@id\":\"https:\\\/\\\/aktialiiga.fi\\\/miehet\\\/#\\\/schema\\\/logo\\\/image\\\/\",\"url\":\"https:\\\/\\\/i0.wp.com\\\/aktialiiga.fi\\\/miehet\\\/wp-content\\\/uploads\\\/sites\\\/5\\\/2024\\\/09\\\/Aktialiiga-Yoast-512.png?fit=512%2C512&ssl=1\",\"contentUrl\":\"https:\\\/\\\/i0.wp.com\\\/aktialiiga.fi\\\/miehet\\\/wp-content\\\/uploads\\\/sites\\\/5\\\/2024\\\/09\\\/Aktialiiga-Yoast-512.png?fit=512%2C512&ssl=1\",\"width\":512,\"height\":512,\"caption\":\"K\u00e4sipallon miesten Aktialiiga\"},\"image\":{\"@id\":\"https:\\\/\\\/aktialiiga.fi\\\/miehet\\\/#\\\/schema\\\/logo\\\/image\\\/\"},\"sameAs\":[\"https:\\\/\\\/www.facebook.com\\\/finnhandball\",\"https:\\\/\\\/x.com\\\/finnhandball\",\"https:\\\/\\\/www.instagram.com\\\/handballfinland\\\/\"]},{\"@type\":\"Person\",\"@id\":\"https:\\\/\\\/aktialiiga.fi\\\/miehet\\\/#\\\/schema\\\/person\\\/c14bf42f47041db74603c45afcb18d87\",\"name\":\"tbrmedia\",\"image\":{\"@type\":\"ImageObject\",\"inLanguage\":\"fi\",\"@id\":\"https:\\\/\\\/secure.gravatar.com\\\/avatar\\\/ee975fa091fe581d12b60debb3439022686618368a7c142044c56724d4666b16?s=96&d=mm&r=g\",\"url\":\"https:\\\/\\\/secure.gravatar.com\\\/avatar\\\/ee975fa091fe581d12b60debb3439022686618368a7c142044c56724d4666b16?s=96&d=mm&r=g\",\"contentUrl\":\"https:\\\/\\\/secure.gravatar.com\\\/avatar\\\/ee975fa091fe581d12b60debb3439022686618368a7c142044c56724d4666b16?s=96&d=mm&r=g\",\"caption\":\"tbrmedia\"}}]}<\/script>\n<!-- \/ Yoast SEO plugin. -->","yoast_head_json":{"title":"SIF pudotti EIF:n kyydist\u00e4\u00e4n | K\u00e4sipallon miesten Aktialiiga","robots":{"index":"index","follow":"follow","max-snippet":"max-snippet:-1","max-image-preview":"max-image-preview:large","max-video-preview":"max-video-preview:-1"},"canonical":"https:\/\/aktialiiga.fi\/miehet\/2025-2026\/ottelut\/sif-pudotti-eifn-kyydistaan\/","og_locale":"fi_FI","og_type":"article","og_title":"SIF pudotti EIF:n kyydist\u00e4\u00e4n | K\u00e4sipallon miesten Aktialiiga","og_description":"SIF ratkaisi lauantain kotiottelunsa EIF:aa vastaan vahvalla vedolla tauon molemmin puolin. Ottelu eteni eritt\u00e4in tasaisesti vajaat 20 minuuttia aina numeroihin 10-10 saakka. Avausjakson loppu mentiin kuitenkin vahvasti SIF-vetoisesti ja tauolla kotijohto kirjattiin viiden maalin erolla. Toisella jaksolla ero siuntiolaisten hyv\u00e4ksi kasvoi maali maalilta ja kymmeness\u00e4 minuutissa viiden maalin johto oli tuplaantunut. SIF piti ottelun varmasti [&hellip;]","og_url":"https:\/\/aktialiiga.fi\/miehet\/2025-2026\/ottelut\/sif-pudotti-eifn-kyydistaan\/","og_site_name":"K\u00e4sipallon miesten Aktialiiga","article_publisher":"https:\/\/www.facebook.com\/finnhandball","article_published_time":"2026-03-07T17:44:14+00:00","article_modified_time":"2026-03-07T18:09:40+00:00","og_image":[{"width":1030,"height":665,"url":"https:\/\/aktialiiga.fi\/miehet\/wp-content\/uploads\/sites\/5\/2025\/10\/A7302179-e1761649836699-1030x665.jpg","type":"image\/jpeg"}],"author":"tbrmedia","twitter_card":"summary_large_image","twitter_creator":"@finnhandball","twitter_site":"@finnhandball","schema":{"@context":"https:\/\/schema.org","@graph":[{"@type":"Article","@id":"https:\/\/aktialiiga.fi\/miehet\/2025-2026\/ottelut\/sif-pudotti-eifn-kyydistaan\/#article","isPartOf":{"@id":"https:\/\/aktialiiga.fi\/miehet\/2025-2026\/ottelut\/sif-pudotti-eifn-kyydistaan\/"},"author":{"name":"tbrmedia","@id":"https:\/\/aktialiiga.fi\/miehet\/#\/schema\/person\/c14bf42f47041db74603c45afcb18d87"},"headline":"SIF pudotti EIF:n kyydist\u00e4\u00e4n","datePublished":"2026-03-07T17:44:14+00:00","dateModified":"2026-03-07T18:09:40+00:00","mainEntityOfPage":{"@id":"https:\/\/aktialiiga.fi\/miehet\/2025-2026\/ottelut\/sif-pudotti-eifn-kyydistaan\/"},"wordCount":194,"publisher":{"@id":"https:\/\/aktialiiga.fi\/miehet\/#organization"},"image":{"@id":"https:\/\/aktialiiga.fi\/miehet\/2025-2026\/ottelut\/sif-pudotti-eifn-kyydistaan\/#primaryimage"},"thumbnailUrl":"https:\/\/i0.wp.com\/aktialiiga.fi\/miehet\/wp-content\/uploads\/sites\/5\/2025\/10\/A7302179-e1761649836699.jpg?fit=3745%2C2417&ssl=1","keywords":["EIF","SIF"],"articleSection":["Ottelut 2025-26"],"inLanguage":"fi"},{"@type":"WebPage","@id":"https:\/\/aktialiiga.fi\/miehet\/2025-2026\/ottelut\/sif-pudotti-eifn-kyydistaan\/","url":"https:\/\/aktialiiga.fi\/miehet\/2025-2026\/ottelut\/sif-pudotti-eifn-kyydistaan\/","name":"SIF pudotti EIF:n kyydist\u00e4\u00e4n | K\u00e4sipallon miesten Aktialiiga","isPartOf":{"@id":"https:\/\/aktialiiga.fi\/miehet\/#website"},"primaryImageOfPage":{"@id":"https:\/\/aktialiiga.fi\/miehet\/2025-2026\/ottelut\/sif-pudotti-eifn-kyydistaan\/#primaryimage"},"image":{"@id":"https:\/\/aktialiiga.fi\/miehet\/2025-2026\/ottelut\/sif-pudotti-eifn-kyydistaan\/#primaryimage"},"thumbnailUrl":"https:\/\/i0.wp.com\/aktialiiga.fi\/miehet\/wp-content\/uploads\/sites\/5\/2025\/10\/A7302179-e1761649836699.jpg?fit=3745%2C2417&ssl=1","datePublished":"2026-03-07T17:44:14+00:00","dateModified":"2026-03-07T18:09:40+00:00","breadcrumb":{"@id":"https:\/\/aktialiiga.fi\/miehet\/2025-2026\/ottelut\/sif-pudotti-eifn-kyydistaan\/#breadcrumb"},"inLanguage":"fi","potentialAction":[{"@type":"ReadAction","target":["https:\/\/aktialiiga.fi\/miehet\/2025-2026\/ottelut\/sif-pudotti-eifn-kyydistaan\/"]}]},{"@type":"ImageObject","inLanguage":"fi","@id":"https:\/\/aktialiiga.fi\/miehet\/2025-2026\/ottelut\/sif-pudotti-eifn-kyydistaan\/#primaryimage","url":"https:\/\/i0.wp.com\/aktialiiga.fi\/miehet\/wp-content\/uploads\/sites\/5\/2025\/10\/A7302179-e1761649836699.jpg?fit=3745%2C2417&ssl=1","contentUrl":"https:\/\/i0.wp.com\/aktialiiga.fi\/miehet\/wp-content\/uploads\/sites\/5\/2025\/10\/A7302179-e1761649836699.jpg?fit=3745%2C2417&ssl=1","width":3745,"height":2417},{"@type":"BreadcrumbList","@id":"https:\/\/aktialiiga.fi\/miehet\/2025-2026\/ottelut\/sif-pudotti-eifn-kyydistaan\/#breadcrumb","itemListElement":[{"@type":"ListItem","position":1,"name":"Etusivu","item":"https:\/\/aktialiiga.fi\/miehet\/"},{"@type":"ListItem","position":2,"name":"SIF pudotti EIF:n kyydist\u00e4\u00e4n"}]},{"@type":"WebSite","@id":"https:\/\/aktialiiga.fi\/miehet\/#website","url":"https:\/\/aktialiiga.fi\/miehet\/","name":"K\u00e4sipallon miesten Aktialiiga","description":"Valtakunnan vauhdikkainta palloilua!","publisher":{"@id":"https:\/\/aktialiiga.fi\/miehet\/#organization"},"potentialAction":[{"@type":"SearchAction","target":{"@type":"EntryPoint","urlTemplate":"https:\/\/aktialiiga.fi\/miehet\/?s={search_term_string}"},"query-input":{"@type":"PropertyValueSpecification","valueRequired":true,"valueName":"search_term_string"}}],"inLanguage":"fi"},{"@type":"Organization","@id":"https:\/\/aktialiiga.fi\/miehet\/#organization","name":"K\u00e4sipallon miesten Aktialiiga","url":"https:\/\/aktialiiga.fi\/miehet\/","logo":{"@type":"ImageObject","inLanguage":"fi","@id":"https:\/\/aktialiiga.fi\/miehet\/#\/schema\/logo\/image\/","url":"https:\/\/i0.wp.com\/aktialiiga.fi\/miehet\/wp-content\/uploads\/sites\/5\/2024\/09\/Aktialiiga-Yoast-512.png?fit=512%2C512&ssl=1","contentUrl":"https:\/\/i0.wp.com\/aktialiiga.fi\/miehet\/wp-content\/uploads\/sites\/5\/2024\/09\/Aktialiiga-Yoast-512.png?fit=512%2C512&ssl=1","width":512,"height":512,"caption":"K\u00e4sipallon miesten Aktialiiga"},"image":{"@id":"https:\/\/aktialiiga.fi\/miehet\/#\/schema\/logo\/image\/"},"sameAs":["https:\/\/www.facebook.com\/finnhandball","https:\/\/x.com\/finnhandball","https:\/\/www.instagram.com\/handballfinland\/"]},{"@type":"Person","@id":"https:\/\/aktialiiga.fi\/miehet\/#\/schema\/person\/c14bf42f47041db74603c45afcb18d87","name":"tbrmedia","image":{"@type":"ImageObject","inLanguage":"fi","@id":"https:\/\/secure.gravatar.com\/avatar\/ee975fa091fe581d12b60debb3439022686618368a7c142044c56724d4666b16?s=96&d=mm&r=g","url":"https:\/\/secure.gravatar.com\/avatar\/ee975fa091fe581d12b60debb3439022686618368a7c142044c56724d4666b16?s=96&d=mm&r=g","contentUrl":"https:\/\/secure.gravatar.com\/avatar\/ee975fa091fe581d12b60debb3439022686618368a7c142044c56724d4666b16?s=96&d=mm&r=g","caption":"tbrmedia"}}]}},"jetpack_featured_media_url":"https:\/\/i0.wp.com\/aktialiiga.fi\/miehet\/wp-content\/uploads\/sites\/5\/2025\/10\/A7302179-e1761649836699.jpg?fit=3745%2C2417&ssl=1","jetpack_sharing_enabled":true,"jetpack_shortlink":"https:\/\/wp.me\/pfTxOr-i5d","_links":{"self":[{"href":"https:\/\/aktialiiga.fi\/miehet\/wp-json\/wp\/v2\/posts\/69515","targetHints":{"allow":["GET"]}}],"collection":[{"href":"https:\/\/aktialiiga.fi\/miehet\/wp-json\/wp\/v2\/posts"}],"about":[{"href":"https:\/\/aktialiiga.fi\/miehet\/wp-json\/wp\/v2\/types\/post"}],"author":[{"embeddable":true,"href":"https:\/\/aktialiiga.fi\/miehet\/wp-json\/wp\/v2\/users\/13"}],"replies":[{"embeddable":true,"href":"https:\/\/aktialiiga.fi\/miehet\/wp-json\/wp\/v2\/comments?post=69515"}],"version-history":[{"count":3,"href":"https:\/\/aktialiiga.fi\/miehet\/wp-json\/wp\/v2\/posts\/69515\/revisions"}],"predecessor-version":[{"id":69522,"href":"https:\/\/aktialiiga.fi\/miehet\/wp-json\/wp\/v2\/posts\/69515\/revisions\/69522"}],"wp:featuredmedia":[{"embeddable":true,"href":"https:\/\/aktialiiga.fi\/miehet\/wp-json\/wp\/v2\/media\/66960"}],"wp:attachment":[{"href":"https:\/\/aktialiiga.fi\/miehet\/wp-json\/wp\/v2\/media?parent=69515"}],"wp:term":[{"taxonomy":"category","embeddable":true,"href":"https:\/\/aktialiiga.fi\/miehet\/wp-json\/wp\/v2\/categories?post=69515"},{"taxonomy":"post_tag","embeddable":true,"href":"https:\/\/aktialiiga.fi\/miehet\/wp-json\/wp\/v2\/tags?post=69515"}],"curies":[{"name":"wp","href":"https:\/\/api.w.org\/{rel}","templated":true}]}}