{"id":69533,"date":"2026-03-09T14:55:44","date_gmt":"2026-03-09T12:55:44","guid":{"rendered":"https:\/\/aktialiiga.fi\/miehet\/?p=69533"},"modified":"2026-03-08T22:58:24","modified_gmt":"2026-03-08T20:58:24","slug":"viimeinen-rutistus-viikolla-ennen-runkosarjan-paatosta","status":"publish","type":"post","link":"https:\/\/aktialiiga.fi\/miehet\/2025-2026\/ennakot\/viimeinen-rutistus-viikolla-ennen-runkosarjan-paatosta\/","title":{"rendered":"Viimeinen rutistus viikolla ennen runkosarjan p\u00e4\u00e4t\u00f6st\u00e4"},"content":{"rendered":"<p>Aktialiigan runkosarja kaudella 2025-26 saadaan p\u00e4\u00e4t\u00f6kseen alkaneella viikolla ja ennen lauantain p\u00e4\u00e4t\u00f6skierrosta viikolla pelataan kolme ottelua.<\/p>\n<p>Tiistain kahdessa ottelussa pelataan vahvasti puoliv\u00e4lierin kotiedusta. Stadin derby Dicken \u2013 HIFK alkaa otteluista ensimm\u00e4isen\u00e4 ja pelin henki on Dickenin kannalta selke\u00e4: tappio merkitsee varmuudella j\u00e4\u00e4mist\u00e4 runkosarjassa viidenneksi ja puoliv\u00e4lierien alkamista vieraskent\u00e4ll\u00e4.<\/p>\n<p>Puoli tuntia Pirkkolan ottelun j\u00e4lkeen k\u00e4ynnistyy kamppailu Cocks \u2013 GrIFK, johon joukkueet l\u00e4htev\u00e4t tasapisteist\u00e4 sijoilta 3. ja 4. Vaikka molemmat saattavat puoliv\u00e4lierien kotiedun olla varmistanut jo ennen ottelun p\u00e4\u00e4ttymist\u00e4, pelataan joka tapauksessa keskin\u00e4isest\u00e4 sijoituksesta ja sen my\u00f6t\u00e4 tulevasta vastustajasta puoliv\u00e4lieriin.<\/p>\n<p>Mik\u00e4li Dicken pysyy viel\u00e4 mukana taistelussa puoliv\u00e4lierien kotiedusta, saattaa runkosarjan p\u00e4\u00e4t\u00f6skierroksen ottelu GrIFK \u2013 Dicken nousta melkoisten panosten otteluksi. Cocks kohtaa p\u00e4\u00e4t\u00f6skierroksella SIF:n vieraissa. Sijoitusten ratkaisemisen osalta on hyv\u00e4 huomata, ett\u00e4 ensisijainen kriteeri ovat keskin\u00e4iset ottelut.<\/p>\n<p>Keskiviikkona kohtaavat viel\u00e4 \u00c5IFK ja SIF. Ottelun teoreettinenkin panos haihtui ilaan viikonloppuna \u00c5IFK:n tappion ja SIF:n voiton my\u00f6t\u00e4. \u00c5IFK tulee p\u00e4\u00e4tym\u00e4\u00e4n runkosarjassa sijalle 7. ja SIF pyk\u00e4l\u00e4\u00e4 korkeammalle ja viimeisen\u00e4 joukkueena pudotuspeleihin. Siuntiolaisille kyse onkin pitk\u00e4lti valmistautumisesta pudotuspeleihin.<\/p>\n<p>&#8211; Menemme oikeaan suuntaan, t\u00e4ll\u00e4 joukkueella on hieno tulevaisuus edess\u00e4, SIF-luotsi Gintaras Savukynas valoi uskoa kev\u00e4\u00e4seen viikonlopun EIF-voiton j\u00e4lkeen V\u00e4stra Nylandissa.<\/p>\n<p><strong>Aktialiiga viikolla:<\/strong><br \/>\nTi 10.3. klo 19.00 Dicken \u2013 HIFK<br \/>\nTi 10.3. klo 19.30 Cocks \u2013 GrIFK<br \/>\nKe 11.3. klo 19.00 \u00c5IFK \u2013 SIF<\/p>\n<p>Aktialiigan kauden kaikki ottelut suorina l\u00e4hetyksin\u00e4 <strong><a href=\"https:\/\/aktialiiga.fi\/handistv\/\">HandisTV:ss\u00e4<\/a><\/strong>.<\/p>\n","protected":false},"excerpt":{"rendered":"<p>Aktialiigan runkosarja kaudella 2025-26 saadaan p\u00e4\u00e4t\u00f6kseen alkaneella viikolla ja ennen lauantain p\u00e4\u00e4t\u00f6skierrosta viikolla pelataan kolme ottelua. Tiistain kahdessa ottelussa pelataan vahvasti puoliv\u00e4lierin kotiedusta. Stadin derby Dicken \u2013 HIFK alkaa otteluista ensimm\u00e4isen\u00e4 ja pelin henki on Dickenin kannalta selke\u00e4: tappio merkitsee varmuudella j\u00e4\u00e4mist\u00e4 runkosarjassa viidenneksi ja puoliv\u00e4lierien alkamista vieraskent\u00e4ll\u00e4. Puoli tuntia Pirkkolan ottelun j\u00e4lkeen k\u00e4ynnistyy kamppailu [&hellip;]<\/p>\n","protected":false},"author":13,"featured_media":64565,"comment_status":"closed","ping_status":"closed","sticky":false,"template":"","format":"standard","meta":{"_acf_changed":false,"jetpack_post_was_ever_published":false,"_jetpack_newsletter_access":"","_jetpack_dont_email_post_to_subs":false,"_jetpack_newsletter_tier_id":0,"_jetpack_memberships_contains_paywalled_content":false,"_jetpack_memberships_contains_paid_content":false,"footnotes":""},"categories":[358],"tags":[50,57,58,64,71,111],"class_list":["post-69533","post","type-post","status-publish","format-standard","has-post-thumbnail","hentry","category-ennakot","tag-aifk","tag-cocks","tag-dicken","tag-grifk","tag-hifk","tag-sif"],"acf":[],"yoast_head":"<!-- This site is optimized with the Yoast SEO plugin v27.4 - https:\/\/yoast.com\/product\/yoast-seo-wordpress\/ -->\n<title>Viimeinen rutistus viikolla ennen runkosarjan p\u00e4\u00e4t\u00f6st\u00e4 | K\u00e4sipallon miesten Aktialiiga<\/title>\n<meta name=\"robots\" content=\"index, follow, max-snippet:-1, max-image-preview:large, max-video-preview:-1\" \/>\n<link rel=\"canonical\" href=\"https:\/\/aktialiiga.fi\/miehet\/2025-2026\/ennakot\/viimeinen-rutistus-viikolla-ennen-runkosarjan-paatosta\/\" \/>\n<meta property=\"og:locale\" content=\"fi_FI\" \/>\n<meta property=\"og:type\" content=\"article\" \/>\n<meta property=\"og:title\" content=\"Viimeinen rutistus viikolla ennen runkosarjan p\u00e4\u00e4t\u00f6st\u00e4 | K\u00e4sipallon miesten Aktialiiga\" \/>\n<meta property=\"og:description\" content=\"Aktialiigan runkosarja kaudella 2025-26 saadaan p\u00e4\u00e4t\u00f6kseen alkaneella viikolla ja ennen lauantain p\u00e4\u00e4t\u00f6skierrosta viikolla pelataan kolme ottelua. Tiistain kahdessa ottelussa pelataan vahvasti puoliv\u00e4lierin kotiedusta. Stadin derby Dicken \u2013 HIFK alkaa otteluista ensimm\u00e4isen\u00e4 ja pelin henki on Dickenin kannalta selke\u00e4: tappio merkitsee varmuudella j\u00e4\u00e4mist\u00e4 runkosarjassa viidenneksi ja puoliv\u00e4lierien alkamista vieraskent\u00e4ll\u00e4. Puoli tuntia Pirkkolan ottelun j\u00e4lkeen k\u00e4ynnistyy kamppailu [&hellip;]\" \/>\n<meta property=\"og:url\" content=\"https:\/\/aktialiiga.fi\/miehet\/2025-2026\/ennakot\/viimeinen-rutistus-viikolla-ennen-runkosarjan-paatosta\/\" \/>\n<meta property=\"og:site_name\" content=\"K\u00e4sipallon miesten Aktialiiga\" \/>\n<meta property=\"article:publisher\" content=\"https:\/\/www.facebook.com\/finnhandball\" \/>\n<meta property=\"article:published_time\" content=\"2026-03-09T12:55:44+00:00\" \/>\n<meta property=\"og:image\" content=\"https:\/\/i0.wp.com\/aktialiiga.fi\/miehet\/wp-content\/uploads\/sites\/5\/2025\/04\/Cocks-GrIFK_2425c.jpg?fit=3902%2C2309&ssl=1\" \/>\n\t<meta property=\"og:image:width\" content=\"3902\" \/>\n\t<meta property=\"og:image:height\" content=\"2309\" \/>\n\t<meta property=\"og:image:type\" content=\"image\/jpeg\" \/>\n<meta name=\"author\" content=\"tbrmedia\" \/>\n<meta name=\"twitter:card\" content=\"summary_large_image\" \/>\n<meta name=\"twitter:creator\" content=\"@finnhandball\" \/>\n<meta name=\"twitter:site\" content=\"@finnhandball\" \/>\n<script type=\"application\/ld+json\" class=\"yoast-schema-graph\">{\"@context\":\"https:\\\/\\\/schema.org\",\"@graph\":[{\"@type\":\"Article\",\"@id\":\"https:\\\/\\\/aktialiiga.fi\\\/miehet\\\/2025-2026\\\/ennakot\\\/viimeinen-rutistus-viikolla-ennen-runkosarjan-paatosta\\\/#article\",\"isPartOf\":{\"@id\":\"https:\\\/\\\/aktialiiga.fi\\\/miehet\\\/2025-2026\\\/ennakot\\\/viimeinen-rutistus-viikolla-ennen-runkosarjan-paatosta\\\/\"},\"author\":{\"name\":\"tbrmedia\",\"@id\":\"https:\\\/\\\/aktialiiga.fi\\\/miehet\\\/#\\\/schema\\\/person\\\/c14bf42f47041db74603c45afcb18d87\"},\"headline\":\"Viimeinen rutistus viikolla ennen runkosarjan p\u00e4\u00e4t\u00f6st\u00e4\",\"datePublished\":\"2026-03-09T12:55:44+00:00\",\"mainEntityOfPage\":{\"@id\":\"https:\\\/\\\/aktialiiga.fi\\\/miehet\\\/2025-2026\\\/ennakot\\\/viimeinen-rutistus-viikolla-ennen-runkosarjan-paatosta\\\/\"},\"wordCount\":245,\"publisher\":{\"@id\":\"https:\\\/\\\/aktialiiga.fi\\\/miehet\\\/#organization\"},\"image\":{\"@id\":\"https:\\\/\\\/aktialiiga.fi\\\/miehet\\\/2025-2026\\\/ennakot\\\/viimeinen-rutistus-viikolla-ennen-runkosarjan-paatosta\\\/#primaryimage\"},\"thumbnailUrl\":\"https:\\\/\\\/i0.wp.com\\\/aktialiiga.fi\\\/miehet\\\/wp-content\\\/uploads\\\/sites\\\/5\\\/2025\\\/04\\\/Cocks-GrIFK_2425c.jpg?fit=3902%2C2309&ssl=1\",\"keywords\":[\"\u00c5IFK\",\"Cocks\",\"Dicken\",\"GrIFK\",\"HIFK\",\"SIF\"],\"articleSection\":[\"Ennakot\"],\"inLanguage\":\"fi\"},{\"@type\":\"WebPage\",\"@id\":\"https:\\\/\\\/aktialiiga.fi\\\/miehet\\\/2025-2026\\\/ennakot\\\/viimeinen-rutistus-viikolla-ennen-runkosarjan-paatosta\\\/\",\"url\":\"https:\\\/\\\/aktialiiga.fi\\\/miehet\\\/2025-2026\\\/ennakot\\\/viimeinen-rutistus-viikolla-ennen-runkosarjan-paatosta\\\/\",\"name\":\"Viimeinen rutistus viikolla ennen runkosarjan p\u00e4\u00e4t\u00f6st\u00e4 | K\u00e4sipallon miesten Aktialiiga\",\"isPartOf\":{\"@id\":\"https:\\\/\\\/aktialiiga.fi\\\/miehet\\\/#website\"},\"primaryImageOfPage\":{\"@id\":\"https:\\\/\\\/aktialiiga.fi\\\/miehet\\\/2025-2026\\\/ennakot\\\/viimeinen-rutistus-viikolla-ennen-runkosarjan-paatosta\\\/#primaryimage\"},\"image\":{\"@id\":\"https:\\\/\\\/aktialiiga.fi\\\/miehet\\\/2025-2026\\\/ennakot\\\/viimeinen-rutistus-viikolla-ennen-runkosarjan-paatosta\\\/#primaryimage\"},\"thumbnailUrl\":\"https:\\\/\\\/i0.wp.com\\\/aktialiiga.fi\\\/miehet\\\/wp-content\\\/uploads\\\/sites\\\/5\\\/2025\\\/04\\\/Cocks-GrIFK_2425c.jpg?fit=3902%2C2309&ssl=1\",\"datePublished\":\"2026-03-09T12:55:44+00:00\",\"breadcrumb\":{\"@id\":\"https:\\\/\\\/aktialiiga.fi\\\/miehet\\\/2025-2026\\\/ennakot\\\/viimeinen-rutistus-viikolla-ennen-runkosarjan-paatosta\\\/#breadcrumb\"},\"inLanguage\":\"fi\",\"potentialAction\":[{\"@type\":\"ReadAction\",\"target\":[\"https:\\\/\\\/aktialiiga.fi\\\/miehet\\\/2025-2026\\\/ennakot\\\/viimeinen-rutistus-viikolla-ennen-runkosarjan-paatosta\\\/\"]}]},{\"@type\":\"ImageObject\",\"inLanguage\":\"fi\",\"@id\":\"https:\\\/\\\/aktialiiga.fi\\\/miehet\\\/2025-2026\\\/ennakot\\\/viimeinen-rutistus-viikolla-ennen-runkosarjan-paatosta\\\/#primaryimage\",\"url\":\"https:\\\/\\\/i0.wp.com\\\/aktialiiga.fi\\\/miehet\\\/wp-content\\\/uploads\\\/sites\\\/5\\\/2025\\\/04\\\/Cocks-GrIFK_2425c.jpg?fit=3902%2C2309&ssl=1\",\"contentUrl\":\"https:\\\/\\\/i0.wp.com\\\/aktialiiga.fi\\\/miehet\\\/wp-content\\\/uploads\\\/sites\\\/5\\\/2025\\\/04\\\/Cocks-GrIFK_2425c.jpg?fit=3902%2C2309&ssl=1\",\"width\":3902,\"height\":2309},{\"@type\":\"BreadcrumbList\",\"@id\":\"https:\\\/\\\/aktialiiga.fi\\\/miehet\\\/2025-2026\\\/ennakot\\\/viimeinen-rutistus-viikolla-ennen-runkosarjan-paatosta\\\/#breadcrumb\",\"itemListElement\":[{\"@type\":\"ListItem\",\"position\":1,\"name\":\"Etusivu\",\"item\":\"https:\\\/\\\/aktialiiga.fi\\\/miehet\\\/\"},{\"@type\":\"ListItem\",\"position\":2,\"name\":\"Viimeinen rutistus viikolla ennen runkosarjan p\u00e4\u00e4t\u00f6st\u00e4\"}]},{\"@type\":\"WebSite\",\"@id\":\"https:\\\/\\\/aktialiiga.fi\\\/miehet\\\/#website\",\"url\":\"https:\\\/\\\/aktialiiga.fi\\\/miehet\\\/\",\"name\":\"K\u00e4sipallon miesten Aktialiiga\",\"description\":\"Valtakunnan vauhdikkainta palloilua!\",\"publisher\":{\"@id\":\"https:\\\/\\\/aktialiiga.fi\\\/miehet\\\/#organization\"},\"potentialAction\":[{\"@type\":\"SearchAction\",\"target\":{\"@type\":\"EntryPoint\",\"urlTemplate\":\"https:\\\/\\\/aktialiiga.fi\\\/miehet\\\/?s={search_term_string}\"},\"query-input\":{\"@type\":\"PropertyValueSpecification\",\"valueRequired\":true,\"valueName\":\"search_term_string\"}}],\"inLanguage\":\"fi\"},{\"@type\":\"Organization\",\"@id\":\"https:\\\/\\\/aktialiiga.fi\\\/miehet\\\/#organization\",\"name\":\"K\u00e4sipallon miesten Aktialiiga\",\"url\":\"https:\\\/\\\/aktialiiga.fi\\\/miehet\\\/\",\"logo\":{\"@type\":\"ImageObject\",\"inLanguage\":\"fi\",\"@id\":\"https:\\\/\\\/aktialiiga.fi\\\/miehet\\\/#\\\/schema\\\/logo\\\/image\\\/\",\"url\":\"https:\\\/\\\/i0.wp.com\\\/aktialiiga.fi\\\/miehet\\\/wp-content\\\/uploads\\\/sites\\\/5\\\/2024\\\/09\\\/Aktialiiga-Yoast-512.png?fit=512%2C512&ssl=1\",\"contentUrl\":\"https:\\\/\\\/i0.wp.com\\\/aktialiiga.fi\\\/miehet\\\/wp-content\\\/uploads\\\/sites\\\/5\\\/2024\\\/09\\\/Aktialiiga-Yoast-512.png?fit=512%2C512&ssl=1\",\"width\":512,\"height\":512,\"caption\":\"K\u00e4sipallon miesten Aktialiiga\"},\"image\":{\"@id\":\"https:\\\/\\\/aktialiiga.fi\\\/miehet\\\/#\\\/schema\\\/logo\\\/image\\\/\"},\"sameAs\":[\"https:\\\/\\\/www.facebook.com\\\/finnhandball\",\"https:\\\/\\\/x.com\\\/finnhandball\",\"https:\\\/\\\/www.instagram.com\\\/handballfinland\\\/\"]},{\"@type\":\"Person\",\"@id\":\"https:\\\/\\\/aktialiiga.fi\\\/miehet\\\/#\\\/schema\\\/person\\\/c14bf42f47041db74603c45afcb18d87\",\"name\":\"tbrmedia\",\"image\":{\"@type\":\"ImageObject\",\"inLanguage\":\"fi\",\"@id\":\"https:\\\/\\\/secure.gravatar.com\\\/avatar\\\/ee975fa091fe581d12b60debb3439022686618368a7c142044c56724d4666b16?s=96&d=mm&r=g\",\"url\":\"https:\\\/\\\/secure.gravatar.com\\\/avatar\\\/ee975fa091fe581d12b60debb3439022686618368a7c142044c56724d4666b16?s=96&d=mm&r=g\",\"contentUrl\":\"https:\\\/\\\/secure.gravatar.com\\\/avatar\\\/ee975fa091fe581d12b60debb3439022686618368a7c142044c56724d4666b16?s=96&d=mm&r=g\",\"caption\":\"tbrmedia\"}}]}<\/script>\n<!-- \/ Yoast SEO plugin. -->","yoast_head_json":{"title":"Viimeinen rutistus viikolla ennen runkosarjan p\u00e4\u00e4t\u00f6st\u00e4 | K\u00e4sipallon miesten Aktialiiga","robots":{"index":"index","follow":"follow","max-snippet":"max-snippet:-1","max-image-preview":"max-image-preview:large","max-video-preview":"max-video-preview:-1"},"canonical":"https:\/\/aktialiiga.fi\/miehet\/2025-2026\/ennakot\/viimeinen-rutistus-viikolla-ennen-runkosarjan-paatosta\/","og_locale":"fi_FI","og_type":"article","og_title":"Viimeinen rutistus viikolla ennen runkosarjan p\u00e4\u00e4t\u00f6st\u00e4 | K\u00e4sipallon miesten Aktialiiga","og_description":"Aktialiigan runkosarja kaudella 2025-26 saadaan p\u00e4\u00e4t\u00f6kseen alkaneella viikolla ja ennen lauantain p\u00e4\u00e4t\u00f6skierrosta viikolla pelataan kolme ottelua. Tiistain kahdessa ottelussa pelataan vahvasti puoliv\u00e4lierin kotiedusta. Stadin derby Dicken \u2013 HIFK alkaa otteluista ensimm\u00e4isen\u00e4 ja pelin henki on Dickenin kannalta selke\u00e4: tappio merkitsee varmuudella j\u00e4\u00e4mist\u00e4 runkosarjassa viidenneksi ja puoliv\u00e4lierien alkamista vieraskent\u00e4ll\u00e4. Puoli tuntia Pirkkolan ottelun j\u00e4lkeen k\u00e4ynnistyy kamppailu [&hellip;]","og_url":"https:\/\/aktialiiga.fi\/miehet\/2025-2026\/ennakot\/viimeinen-rutistus-viikolla-ennen-runkosarjan-paatosta\/","og_site_name":"K\u00e4sipallon miesten Aktialiiga","article_publisher":"https:\/\/www.facebook.com\/finnhandball","article_published_time":"2026-03-09T12:55:44+00:00","og_image":[{"width":3902,"height":2309,"url":"https:\/\/i0.wp.com\/aktialiiga.fi\/miehet\/wp-content\/uploads\/sites\/5\/2025\/04\/Cocks-GrIFK_2425c.jpg?fit=3902%2C2309&ssl=1","type":"image\/jpeg"}],"author":"tbrmedia","twitter_card":"summary_large_image","twitter_creator":"@finnhandball","twitter_site":"@finnhandball","schema":{"@context":"https:\/\/schema.org","@graph":[{"@type":"Article","@id":"https:\/\/aktialiiga.fi\/miehet\/2025-2026\/ennakot\/viimeinen-rutistus-viikolla-ennen-runkosarjan-paatosta\/#article","isPartOf":{"@id":"https:\/\/aktialiiga.fi\/miehet\/2025-2026\/ennakot\/viimeinen-rutistus-viikolla-ennen-runkosarjan-paatosta\/"},"author":{"name":"tbrmedia","@id":"https:\/\/aktialiiga.fi\/miehet\/#\/schema\/person\/c14bf42f47041db74603c45afcb18d87"},"headline":"Viimeinen rutistus viikolla ennen runkosarjan p\u00e4\u00e4t\u00f6st\u00e4","datePublished":"2026-03-09T12:55:44+00:00","mainEntityOfPage":{"@id":"https:\/\/aktialiiga.fi\/miehet\/2025-2026\/ennakot\/viimeinen-rutistus-viikolla-ennen-runkosarjan-paatosta\/"},"wordCount":245,"publisher":{"@id":"https:\/\/aktialiiga.fi\/miehet\/#organization"},"image":{"@id":"https:\/\/aktialiiga.fi\/miehet\/2025-2026\/ennakot\/viimeinen-rutistus-viikolla-ennen-runkosarjan-paatosta\/#primaryimage"},"thumbnailUrl":"https:\/\/i0.wp.com\/aktialiiga.fi\/miehet\/wp-content\/uploads\/sites\/5\/2025\/04\/Cocks-GrIFK_2425c.jpg?fit=3902%2C2309&ssl=1","keywords":["\u00c5IFK","Cocks","Dicken","GrIFK","HIFK","SIF"],"articleSection":["Ennakot"],"inLanguage":"fi"},{"@type":"WebPage","@id":"https:\/\/aktialiiga.fi\/miehet\/2025-2026\/ennakot\/viimeinen-rutistus-viikolla-ennen-runkosarjan-paatosta\/","url":"https:\/\/aktialiiga.fi\/miehet\/2025-2026\/ennakot\/viimeinen-rutistus-viikolla-ennen-runkosarjan-paatosta\/","name":"Viimeinen rutistus viikolla ennen runkosarjan p\u00e4\u00e4t\u00f6st\u00e4 | K\u00e4sipallon miesten Aktialiiga","isPartOf":{"@id":"https:\/\/aktialiiga.fi\/miehet\/#website"},"primaryImageOfPage":{"@id":"https:\/\/aktialiiga.fi\/miehet\/2025-2026\/ennakot\/viimeinen-rutistus-viikolla-ennen-runkosarjan-paatosta\/#primaryimage"},"image":{"@id":"https:\/\/aktialiiga.fi\/miehet\/2025-2026\/ennakot\/viimeinen-rutistus-viikolla-ennen-runkosarjan-paatosta\/#primaryimage"},"thumbnailUrl":"https:\/\/i0.wp.com\/aktialiiga.fi\/miehet\/wp-content\/uploads\/sites\/5\/2025\/04\/Cocks-GrIFK_2425c.jpg?fit=3902%2C2309&ssl=1","datePublished":"2026-03-09T12:55:44+00:00","breadcrumb":{"@id":"https:\/\/aktialiiga.fi\/miehet\/2025-2026\/ennakot\/viimeinen-rutistus-viikolla-ennen-runkosarjan-paatosta\/#breadcrumb"},"inLanguage":"fi","potentialAction":[{"@type":"ReadAction","target":["https:\/\/aktialiiga.fi\/miehet\/2025-2026\/ennakot\/viimeinen-rutistus-viikolla-ennen-runkosarjan-paatosta\/"]}]},{"@type":"ImageObject","inLanguage":"fi","@id":"https:\/\/aktialiiga.fi\/miehet\/2025-2026\/ennakot\/viimeinen-rutistus-viikolla-ennen-runkosarjan-paatosta\/#primaryimage","url":"https:\/\/i0.wp.com\/aktialiiga.fi\/miehet\/wp-content\/uploads\/sites\/5\/2025\/04\/Cocks-GrIFK_2425c.jpg?fit=3902%2C2309&ssl=1","contentUrl":"https:\/\/i0.wp.com\/aktialiiga.fi\/miehet\/wp-content\/uploads\/sites\/5\/2025\/04\/Cocks-GrIFK_2425c.jpg?fit=3902%2C2309&ssl=1","width":3902,"height":2309},{"@type":"BreadcrumbList","@id":"https:\/\/aktialiiga.fi\/miehet\/2025-2026\/ennakot\/viimeinen-rutistus-viikolla-ennen-runkosarjan-paatosta\/#breadcrumb","itemListElement":[{"@type":"ListItem","position":1,"name":"Etusivu","item":"https:\/\/aktialiiga.fi\/miehet\/"},{"@type":"ListItem","position":2,"name":"Viimeinen rutistus viikolla ennen runkosarjan p\u00e4\u00e4t\u00f6st\u00e4"}]},{"@type":"WebSite","@id":"https:\/\/aktialiiga.fi\/miehet\/#website","url":"https:\/\/aktialiiga.fi\/miehet\/","name":"K\u00e4sipallon miesten Aktialiiga","description":"Valtakunnan vauhdikkainta palloilua!","publisher":{"@id":"https:\/\/aktialiiga.fi\/miehet\/#organization"},"potentialAction":[{"@type":"SearchAction","target":{"@type":"EntryPoint","urlTemplate":"https:\/\/aktialiiga.fi\/miehet\/?s={search_term_string}"},"query-input":{"@type":"PropertyValueSpecification","valueRequired":true,"valueName":"search_term_string"}}],"inLanguage":"fi"},{"@type":"Organization","@id":"https:\/\/aktialiiga.fi\/miehet\/#organization","name":"K\u00e4sipallon miesten Aktialiiga","url":"https:\/\/aktialiiga.fi\/miehet\/","logo":{"@type":"ImageObject","inLanguage":"fi","@id":"https:\/\/aktialiiga.fi\/miehet\/#\/schema\/logo\/image\/","url":"https:\/\/i0.wp.com\/aktialiiga.fi\/miehet\/wp-content\/uploads\/sites\/5\/2024\/09\/Aktialiiga-Yoast-512.png?fit=512%2C512&ssl=1","contentUrl":"https:\/\/i0.wp.com\/aktialiiga.fi\/miehet\/wp-content\/uploads\/sites\/5\/2024\/09\/Aktialiiga-Yoast-512.png?fit=512%2C512&ssl=1","width":512,"height":512,"caption":"K\u00e4sipallon miesten Aktialiiga"},"image":{"@id":"https:\/\/aktialiiga.fi\/miehet\/#\/schema\/logo\/image\/"},"sameAs":["https:\/\/www.facebook.com\/finnhandball","https:\/\/x.com\/finnhandball","https:\/\/www.instagram.com\/handballfinland\/"]},{"@type":"Person","@id":"https:\/\/aktialiiga.fi\/miehet\/#\/schema\/person\/c14bf42f47041db74603c45afcb18d87","name":"tbrmedia","image":{"@type":"ImageObject","inLanguage":"fi","@id":"https:\/\/secure.gravatar.com\/avatar\/ee975fa091fe581d12b60debb3439022686618368a7c142044c56724d4666b16?s=96&d=mm&r=g","url":"https:\/\/secure.gravatar.com\/avatar\/ee975fa091fe581d12b60debb3439022686618368a7c142044c56724d4666b16?s=96&d=mm&r=g","contentUrl":"https:\/\/secure.gravatar.com\/avatar\/ee975fa091fe581d12b60debb3439022686618368a7c142044c56724d4666b16?s=96&d=mm&r=g","caption":"tbrmedia"}}]}},"jetpack_featured_media_url":"https:\/\/i0.wp.com\/aktialiiga.fi\/miehet\/wp-content\/uploads\/sites\/5\/2025\/04\/Cocks-GrIFK_2425c.jpg?fit=3902%2C2309&ssl=1","jetpack_sharing_enabled":true,"jetpack_shortlink":"https:\/\/wp.me\/pfTxOr-i5v","_links":{"self":[{"href":"https:\/\/aktialiiga.fi\/miehet\/wp-json\/wp\/v2\/posts\/69533","targetHints":{"allow":["GET"]}}],"collection":[{"href":"https:\/\/aktialiiga.fi\/miehet\/wp-json\/wp\/v2\/posts"}],"about":[{"href":"https:\/\/aktialiiga.fi\/miehet\/wp-json\/wp\/v2\/types\/post"}],"author":[{"embeddable":true,"href":"https:\/\/aktialiiga.fi\/miehet\/wp-json\/wp\/v2\/users\/13"}],"replies":[{"embeddable":true,"href":"https:\/\/aktialiiga.fi\/miehet\/wp-json\/wp\/v2\/comments?post=69533"}],"version-history":[{"count":2,"href":"https:\/\/aktialiiga.fi\/miehet\/wp-json\/wp\/v2\/posts\/69533\/revisions"}],"predecessor-version":[{"id":69560,"href":"https:\/\/aktialiiga.fi\/miehet\/wp-json\/wp\/v2\/posts\/69533\/revisions\/69560"}],"wp:featuredmedia":[{"embeddable":true,"href":"https:\/\/aktialiiga.fi\/miehet\/wp-json\/wp\/v2\/media\/64565"}],"wp:attachment":[{"href":"https:\/\/aktialiiga.fi\/miehet\/wp-json\/wp\/v2\/media?parent=69533"}],"wp:term":[{"taxonomy":"category","embeddable":true,"href":"https:\/\/aktialiiga.fi\/miehet\/wp-json\/wp\/v2\/categories?post=69533"},{"taxonomy":"post_tag","embeddable":true,"href":"https:\/\/aktialiiga.fi\/miehet\/wp-json\/wp\/v2\/tags?post=69533"}],"curies":[{"name":"wp","href":"https:\/\/api.w.org\/{rel}","templated":true}]}}