{"id":69561,"date":"2026-03-13T14:06:00","date_gmt":"2026-03-13T12:06:00","guid":{"rendered":"https:\/\/aktialiiga.fi\/miehet\/?p=69561"},"modified":"2026-03-13T14:06:00","modified_gmt":"2026-03-13T12:06:00","slug":"kauden-2025-26-runkosarja-paatokseen-lauantaina","status":"publish","type":"post","link":"https:\/\/aktialiiga.fi\/miehet\/2025-2026\/ennakot\/kauden-2025-26-runkosarja-paatokseen-lauantaina\/","title":{"rendered":"Kauden 2025-26 runkosarja p\u00e4\u00e4t\u00f6kseen lauantaina"},"content":{"rendered":"<p>Aktialiigan kauden 2025-26 runkosarja on p\u00e4\u00e4t\u00f6skierrosta vaille paketissa ja tuo p\u00e4\u00e4t\u00f6skierros on edess\u00e4 lauantaina 14.3., jolloin kaikki ottelut alkavat samalla kellonly\u00f6m\u00e4ll\u00e4.<\/p>\n<p>Runkosarjan sijoitukset ovat yht\u00e4 lukuun ottamatta selvill\u00e4 jo ennen lauantaita. Kauniaisissa vastakkain asettuvat GrIFK ja Dicken kamppailevat viel\u00e4 nelj\u00e4nnest\u00e4 sijasta ja puoliv\u00e4lierien kotiedusta. Kaksikko tulee pelaamaan vastakkain my\u00f6s puoliv\u00e4lieriss\u00e4, joten samalla pedataan asetelmia niit\u00e4 varten. Lauantain otteluun l\u00e4hdett\u00e4ess\u00e4 piste erottaa kaksikkoa Granin eduksi.<\/p>\n<p>Samantapainen tilanne on Siuntiossa, jossa SIF is\u00e4nn\u00f6i Cocksia. My\u00f6s t\u00e4m\u00e4 kaksikko kohtaa puoliv\u00e4lieriss\u00e4 kotiedun ollessa kolmossijan viikolla varmistaneella Cocksilla. SIF on pitk\u00e4t ajat operoinut varsin kapealla ryhm\u00e4ll\u00e4 ja t\u00e4m\u00e4 tuo omat haasteensa.<\/p>\n<p>&#8211; Ensinn\u00e4kin meill\u00e4 on ollut loukkaantumisia ja olemme sen my\u00f6t\u00e4 joutuneet toimimaan aika ohuella ryhm\u00e4ll\u00e4 liki koko kauden. Toisekseen kohtaamme tulevan pudotuspelivastustajamme ja silloin tietysti yritet\u00e4\u00e4n luoda pohjaa tulevalle, SIF:n p\u00e4\u00e4valmentaja Gintaras Savukynas sanoi V\u00e4stra Nylandile.<\/p>\n<p>&#8211; En siis aio lepuuttaa avainpelaajia ja jos meilt\u00e4 on nelj\u00e4 kaveria edelleen sivussa, se on samalla asia, johon ei edes olisi mahdollisuutta.<\/p>\n<p>P\u00e4\u00e4t\u00f6skierroksen muissa otteluissa kohtaavat pudotuspelien ulkopuolelle j\u00e4\u00e4v\u00e4t \u00c5IFK ja EIF sek\u00e4 suoran v\u00e4lier\u00e4paikan jo hyv\u00e4n aikaa sitten varmistaneet HIFK ja BK-46.<\/p>\n<p>&#8211; Olemme voittaneet runkosarjan, mutta se ei tietenk\u00e4\u00e4n merkitse sit\u00e4, ett\u00e4 haluaisimme h\u00e4vit\u00e4 HIFK:lle. Ottelu antaa melille hyv\u00e4n tilaisuuden mitata itse\u00e4mme jatkoa ajatellen, BK:n Robin Sj\u00f6man sanoo ja toteaa samalla suoran v\u00e4lier\u00e4paikan tuoman pienen ottelutauon tulevan hyv\u00e4\u00e4n saumaan.<\/p>\n<p><strong>Aktialiiga lauantaina 14.3.:<\/strong><br \/>\nKlo 16.00 SIF \u2013 Cocks<br \/>\nKlo 16.00 GrIFK \u2013 Dicken<br \/>\nKlo 16.00 \u00c5IFK \u2013 EIF<br \/>\nKlo 16.00 HIFK \u2013 BK-46<\/p>\n<p>Aktialiigan kauden kaikki ottelut suorina l\u00e4hetyksin\u00e4 <strong><a href=\"https:\/\/aktialiiga.fi\/handistv\/\">HandisTV:ss\u00e4<\/a><\/strong>.<\/p>\n","protected":false},"excerpt":{"rendered":"<p>Aktialiigan kauden 2025-26 runkosarja on p\u00e4\u00e4t\u00f6skierrosta vaille paketissa ja tuo p\u00e4\u00e4t\u00f6skierros on edess\u00e4 lauantaina 14.3., jolloin kaikki ottelut alkavat samalla kellonly\u00f6m\u00e4ll\u00e4. Runkosarjan sijoitukset ovat yht\u00e4 lukuun ottamatta selvill\u00e4 jo ennen lauantaita. Kauniaisissa vastakkain asettuvat GrIFK ja Dicken kamppailevat viel\u00e4 nelj\u00e4nnest\u00e4 sijasta ja puoliv\u00e4lierien kotiedusta. Kaksikko tulee pelaamaan vastakkain my\u00f6s puoliv\u00e4lieriss\u00e4, joten samalla pedataan asetelmia niit\u00e4 [&hellip;]<\/p>\n","protected":false},"author":13,"featured_media":66166,"comment_status":"closed","ping_status":"closed","sticky":false,"template":"","format":"standard","meta":{"_acf_changed":false,"jetpack_post_was_ever_published":false,"_jetpack_newsletter_access":"","_jetpack_dont_email_post_to_subs":false,"_jetpack_newsletter_tier_id":0,"_jetpack_memberships_contains_paywalled_content":false,"_jetpack_memberships_contains_paid_content":false,"footnotes":""},"categories":[358],"tags":[50,56,57,58,60,64,71,111],"class_list":["post-69561","post","type-post","status-publish","format-standard","has-post-thumbnail","hentry","category-ennakot","tag-aifk","tag-bk-46","tag-cocks","tag-dicken","tag-eif","tag-grifk","tag-hifk","tag-sif"],"acf":[],"yoast_head":"<!-- This site is optimized with the Yoast SEO plugin v27.5 - https:\/\/yoast.com\/product\/yoast-seo-wordpress\/ -->\n<title>Kauden 2025-26 runkosarja p\u00e4\u00e4t\u00f6kseen lauantaina | K\u00e4sipallon miesten Aktialiiga<\/title>\n<meta name=\"robots\" content=\"index, follow, max-snippet:-1, max-image-preview:large, max-video-preview:-1\" \/>\n<link rel=\"canonical\" href=\"https:\/\/aktialiiga.fi\/miehet\/2025-2026\/ennakot\/kauden-2025-26-runkosarja-paatokseen-lauantaina\/\" \/>\n<meta property=\"og:locale\" content=\"fi_FI\" \/>\n<meta property=\"og:type\" content=\"article\" \/>\n<meta property=\"og:title\" content=\"Kauden 2025-26 runkosarja p\u00e4\u00e4t\u00f6kseen lauantaina | K\u00e4sipallon miesten Aktialiiga\" \/>\n<meta property=\"og:description\" content=\"Aktialiigan kauden 2025-26 runkosarja on p\u00e4\u00e4t\u00f6skierrosta vaille paketissa ja tuo p\u00e4\u00e4t\u00f6skierros on edess\u00e4 lauantaina 14.3., jolloin kaikki ottelut alkavat samalla kellonly\u00f6m\u00e4ll\u00e4. Runkosarjan sijoitukset ovat yht\u00e4 lukuun ottamatta selvill\u00e4 jo ennen lauantaita. Kauniaisissa vastakkain asettuvat GrIFK ja Dicken kamppailevat viel\u00e4 nelj\u00e4nnest\u00e4 sijasta ja puoliv\u00e4lierien kotiedusta. Kaksikko tulee pelaamaan vastakkain my\u00f6s puoliv\u00e4lieriss\u00e4, joten samalla pedataan asetelmia niit\u00e4 [&hellip;]\" \/>\n<meta property=\"og:url\" content=\"https:\/\/aktialiiga.fi\/miehet\/2025-2026\/ennakot\/kauden-2025-26-runkosarja-paatokseen-lauantaina\/\" \/>\n<meta property=\"og:site_name\" content=\"K\u00e4sipallon miesten Aktialiiga\" \/>\n<meta property=\"article:publisher\" content=\"https:\/\/www.facebook.com\/finnhandball\" \/>\n<meta property=\"article:published_time\" content=\"2026-03-13T12:06:00+00:00\" \/>\n<meta property=\"og:image\" content=\"https:\/\/aktialiiga.fi\/miehet\/wp-content\/uploads\/sites\/5\/2025\/09\/A7307394-1030x687.jpg\" \/>\n\t<meta property=\"og:image:width\" content=\"1030\" \/>\n\t<meta property=\"og:image:height\" content=\"687\" \/>\n\t<meta property=\"og:image:type\" content=\"image\/jpeg\" \/>\n<meta name=\"author\" content=\"tbrmedia\" \/>\n<meta name=\"twitter:card\" content=\"summary_large_image\" \/>\n<meta name=\"twitter:creator\" content=\"@finnhandball\" \/>\n<meta name=\"twitter:site\" content=\"@finnhandball\" \/>\n<script type=\"application\/ld+json\" class=\"yoast-schema-graph\">{\"@context\":\"https:\\\/\\\/schema.org\",\"@graph\":[{\"@type\":\"Article\",\"@id\":\"https:\\\/\\\/aktialiiga.fi\\\/miehet\\\/2025-2026\\\/ennakot\\\/kauden-2025-26-runkosarja-paatokseen-lauantaina\\\/#article\",\"isPartOf\":{\"@id\":\"https:\\\/\\\/aktialiiga.fi\\\/miehet\\\/2025-2026\\\/ennakot\\\/kauden-2025-26-runkosarja-paatokseen-lauantaina\\\/\"},\"author\":{\"name\":\"tbrmedia\",\"@id\":\"https:\\\/\\\/aktialiiga.fi\\\/miehet\\\/#\\\/schema\\\/person\\\/c14bf42f47041db74603c45afcb18d87\"},\"headline\":\"Kauden 2025-26 runkosarja p\u00e4\u00e4t\u00f6kseen lauantaina\",\"datePublished\":\"2026-03-13T12:06:00+00:00\",\"mainEntityOfPage\":{\"@id\":\"https:\\\/\\\/aktialiiga.fi\\\/miehet\\\/2025-2026\\\/ennakot\\\/kauden-2025-26-runkosarja-paatokseen-lauantaina\\\/\"},\"wordCount\":287,\"publisher\":{\"@id\":\"https:\\\/\\\/aktialiiga.fi\\\/miehet\\\/#organization\"},\"image\":{\"@id\":\"https:\\\/\\\/aktialiiga.fi\\\/miehet\\\/2025-2026\\\/ennakot\\\/kauden-2025-26-runkosarja-paatokseen-lauantaina\\\/#primaryimage\"},\"thumbnailUrl\":\"https:\\\/\\\/i0.wp.com\\\/aktialiiga.fi\\\/miehet\\\/wp-content\\\/uploads\\\/sites\\\/5\\\/2025\\\/09\\\/A7307394.jpg?fit=4717%2C3145&ssl=1\",\"keywords\":[\"\u00c5IFK\",\"BK-46\",\"Cocks\",\"Dicken\",\"EIF\",\"GrIFK\",\"HIFK\",\"SIF\"],\"articleSection\":[\"Ennakot\"],\"inLanguage\":\"fi\"},{\"@type\":\"WebPage\",\"@id\":\"https:\\\/\\\/aktialiiga.fi\\\/miehet\\\/2025-2026\\\/ennakot\\\/kauden-2025-26-runkosarja-paatokseen-lauantaina\\\/\",\"url\":\"https:\\\/\\\/aktialiiga.fi\\\/miehet\\\/2025-2026\\\/ennakot\\\/kauden-2025-26-runkosarja-paatokseen-lauantaina\\\/\",\"name\":\"Kauden 2025-26 runkosarja p\u00e4\u00e4t\u00f6kseen lauantaina | K\u00e4sipallon miesten Aktialiiga\",\"isPartOf\":{\"@id\":\"https:\\\/\\\/aktialiiga.fi\\\/miehet\\\/#website\"},\"primaryImageOfPage\":{\"@id\":\"https:\\\/\\\/aktialiiga.fi\\\/miehet\\\/2025-2026\\\/ennakot\\\/kauden-2025-26-runkosarja-paatokseen-lauantaina\\\/#primaryimage\"},\"image\":{\"@id\":\"https:\\\/\\\/aktialiiga.fi\\\/miehet\\\/2025-2026\\\/ennakot\\\/kauden-2025-26-runkosarja-paatokseen-lauantaina\\\/#primaryimage\"},\"thumbnailUrl\":\"https:\\\/\\\/i0.wp.com\\\/aktialiiga.fi\\\/miehet\\\/wp-content\\\/uploads\\\/sites\\\/5\\\/2025\\\/09\\\/A7307394.jpg?fit=4717%2C3145&ssl=1\",\"datePublished\":\"2026-03-13T12:06:00+00:00\",\"breadcrumb\":{\"@id\":\"https:\\\/\\\/aktialiiga.fi\\\/miehet\\\/2025-2026\\\/ennakot\\\/kauden-2025-26-runkosarja-paatokseen-lauantaina\\\/#breadcrumb\"},\"inLanguage\":\"fi\",\"potentialAction\":[{\"@type\":\"ReadAction\",\"target\":[\"https:\\\/\\\/aktialiiga.fi\\\/miehet\\\/2025-2026\\\/ennakot\\\/kauden-2025-26-runkosarja-paatokseen-lauantaina\\\/\"]}]},{\"@type\":\"ImageObject\",\"inLanguage\":\"fi\",\"@id\":\"https:\\\/\\\/aktialiiga.fi\\\/miehet\\\/2025-2026\\\/ennakot\\\/kauden-2025-26-runkosarja-paatokseen-lauantaina\\\/#primaryimage\",\"url\":\"https:\\\/\\\/i0.wp.com\\\/aktialiiga.fi\\\/miehet\\\/wp-content\\\/uploads\\\/sites\\\/5\\\/2025\\\/09\\\/A7307394.jpg?fit=4717%2C3145&ssl=1\",\"contentUrl\":\"https:\\\/\\\/i0.wp.com\\\/aktialiiga.fi\\\/miehet\\\/wp-content\\\/uploads\\\/sites\\\/5\\\/2025\\\/09\\\/A7307394.jpg?fit=4717%2C3145&ssl=1\",\"width\":4717,\"height\":3145},{\"@type\":\"BreadcrumbList\",\"@id\":\"https:\\\/\\\/aktialiiga.fi\\\/miehet\\\/2025-2026\\\/ennakot\\\/kauden-2025-26-runkosarja-paatokseen-lauantaina\\\/#breadcrumb\",\"itemListElement\":[{\"@type\":\"ListItem\",\"position\":1,\"name\":\"Etusivu\",\"item\":\"https:\\\/\\\/aktialiiga.fi\\\/miehet\\\/\"},{\"@type\":\"ListItem\",\"position\":2,\"name\":\"Kauden 2025-26 runkosarja p\u00e4\u00e4t\u00f6kseen lauantaina\"}]},{\"@type\":\"WebSite\",\"@id\":\"https:\\\/\\\/aktialiiga.fi\\\/miehet\\\/#website\",\"url\":\"https:\\\/\\\/aktialiiga.fi\\\/miehet\\\/\",\"name\":\"K\u00e4sipallon miesten Aktialiiga\",\"description\":\"Valtakunnan vauhdikkainta palloilua!\",\"publisher\":{\"@id\":\"https:\\\/\\\/aktialiiga.fi\\\/miehet\\\/#organization\"},\"potentialAction\":[{\"@type\":\"SearchAction\",\"target\":{\"@type\":\"EntryPoint\",\"urlTemplate\":\"https:\\\/\\\/aktialiiga.fi\\\/miehet\\\/?s={search_term_string}\"},\"query-input\":{\"@type\":\"PropertyValueSpecification\",\"valueRequired\":true,\"valueName\":\"search_term_string\"}}],\"inLanguage\":\"fi\"},{\"@type\":\"Organization\",\"@id\":\"https:\\\/\\\/aktialiiga.fi\\\/miehet\\\/#organization\",\"name\":\"K\u00e4sipallon miesten Aktialiiga\",\"url\":\"https:\\\/\\\/aktialiiga.fi\\\/miehet\\\/\",\"logo\":{\"@type\":\"ImageObject\",\"inLanguage\":\"fi\",\"@id\":\"https:\\\/\\\/aktialiiga.fi\\\/miehet\\\/#\\\/schema\\\/logo\\\/image\\\/\",\"url\":\"https:\\\/\\\/i0.wp.com\\\/aktialiiga.fi\\\/miehet\\\/wp-content\\\/uploads\\\/sites\\\/5\\\/2024\\\/09\\\/Aktialiiga-Yoast-512.png?fit=512%2C512&ssl=1\",\"contentUrl\":\"https:\\\/\\\/i0.wp.com\\\/aktialiiga.fi\\\/miehet\\\/wp-content\\\/uploads\\\/sites\\\/5\\\/2024\\\/09\\\/Aktialiiga-Yoast-512.png?fit=512%2C512&ssl=1\",\"width\":512,\"height\":512,\"caption\":\"K\u00e4sipallon miesten Aktialiiga\"},\"image\":{\"@id\":\"https:\\\/\\\/aktialiiga.fi\\\/miehet\\\/#\\\/schema\\\/logo\\\/image\\\/\"},\"sameAs\":[\"https:\\\/\\\/www.facebook.com\\\/finnhandball\",\"https:\\\/\\\/x.com\\\/finnhandball\",\"https:\\\/\\\/www.instagram.com\\\/handballfinland\\\/\"]},{\"@type\":\"Person\",\"@id\":\"https:\\\/\\\/aktialiiga.fi\\\/miehet\\\/#\\\/schema\\\/person\\\/c14bf42f47041db74603c45afcb18d87\",\"name\":\"tbrmedia\",\"image\":{\"@type\":\"ImageObject\",\"inLanguage\":\"fi\",\"@id\":\"https:\\\/\\\/secure.gravatar.com\\\/avatar\\\/ee975fa091fe581d12b60debb3439022686618368a7c142044c56724d4666b16?s=96&d=mm&r=g\",\"url\":\"https:\\\/\\\/secure.gravatar.com\\\/avatar\\\/ee975fa091fe581d12b60debb3439022686618368a7c142044c56724d4666b16?s=96&d=mm&r=g\",\"contentUrl\":\"https:\\\/\\\/secure.gravatar.com\\\/avatar\\\/ee975fa091fe581d12b60debb3439022686618368a7c142044c56724d4666b16?s=96&d=mm&r=g\",\"caption\":\"tbrmedia\"}}]}<\/script>\n<!-- \/ Yoast SEO plugin. -->","yoast_head_json":{"title":"Kauden 2025-26 runkosarja p\u00e4\u00e4t\u00f6kseen lauantaina | K\u00e4sipallon miesten Aktialiiga","robots":{"index":"index","follow":"follow","max-snippet":"max-snippet:-1","max-image-preview":"max-image-preview:large","max-video-preview":"max-video-preview:-1"},"canonical":"https:\/\/aktialiiga.fi\/miehet\/2025-2026\/ennakot\/kauden-2025-26-runkosarja-paatokseen-lauantaina\/","og_locale":"fi_FI","og_type":"article","og_title":"Kauden 2025-26 runkosarja p\u00e4\u00e4t\u00f6kseen lauantaina | K\u00e4sipallon miesten Aktialiiga","og_description":"Aktialiigan kauden 2025-26 runkosarja on p\u00e4\u00e4t\u00f6skierrosta vaille paketissa ja tuo p\u00e4\u00e4t\u00f6skierros on edess\u00e4 lauantaina 14.3., jolloin kaikki ottelut alkavat samalla kellonly\u00f6m\u00e4ll\u00e4. Runkosarjan sijoitukset ovat yht\u00e4 lukuun ottamatta selvill\u00e4 jo ennen lauantaita. Kauniaisissa vastakkain asettuvat GrIFK ja Dicken kamppailevat viel\u00e4 nelj\u00e4nnest\u00e4 sijasta ja puoliv\u00e4lierien kotiedusta. Kaksikko tulee pelaamaan vastakkain my\u00f6s puoliv\u00e4lieriss\u00e4, joten samalla pedataan asetelmia niit\u00e4 [&hellip;]","og_url":"https:\/\/aktialiiga.fi\/miehet\/2025-2026\/ennakot\/kauden-2025-26-runkosarja-paatokseen-lauantaina\/","og_site_name":"K\u00e4sipallon miesten Aktialiiga","article_publisher":"https:\/\/www.facebook.com\/finnhandball","article_published_time":"2026-03-13T12:06:00+00:00","og_image":[{"width":1030,"height":687,"url":"https:\/\/aktialiiga.fi\/miehet\/wp-content\/uploads\/sites\/5\/2025\/09\/A7307394-1030x687.jpg","type":"image\/jpeg"}],"author":"tbrmedia","twitter_card":"summary_large_image","twitter_creator":"@finnhandball","twitter_site":"@finnhandball","schema":{"@context":"https:\/\/schema.org","@graph":[{"@type":"Article","@id":"https:\/\/aktialiiga.fi\/miehet\/2025-2026\/ennakot\/kauden-2025-26-runkosarja-paatokseen-lauantaina\/#article","isPartOf":{"@id":"https:\/\/aktialiiga.fi\/miehet\/2025-2026\/ennakot\/kauden-2025-26-runkosarja-paatokseen-lauantaina\/"},"author":{"name":"tbrmedia","@id":"https:\/\/aktialiiga.fi\/miehet\/#\/schema\/person\/c14bf42f47041db74603c45afcb18d87"},"headline":"Kauden 2025-26 runkosarja p\u00e4\u00e4t\u00f6kseen lauantaina","datePublished":"2026-03-13T12:06:00+00:00","mainEntityOfPage":{"@id":"https:\/\/aktialiiga.fi\/miehet\/2025-2026\/ennakot\/kauden-2025-26-runkosarja-paatokseen-lauantaina\/"},"wordCount":287,"publisher":{"@id":"https:\/\/aktialiiga.fi\/miehet\/#organization"},"image":{"@id":"https:\/\/aktialiiga.fi\/miehet\/2025-2026\/ennakot\/kauden-2025-26-runkosarja-paatokseen-lauantaina\/#primaryimage"},"thumbnailUrl":"https:\/\/i0.wp.com\/aktialiiga.fi\/miehet\/wp-content\/uploads\/sites\/5\/2025\/09\/A7307394.jpg?fit=4717%2C3145&ssl=1","keywords":["\u00c5IFK","BK-46","Cocks","Dicken","EIF","GrIFK","HIFK","SIF"],"articleSection":["Ennakot"],"inLanguage":"fi"},{"@type":"WebPage","@id":"https:\/\/aktialiiga.fi\/miehet\/2025-2026\/ennakot\/kauden-2025-26-runkosarja-paatokseen-lauantaina\/","url":"https:\/\/aktialiiga.fi\/miehet\/2025-2026\/ennakot\/kauden-2025-26-runkosarja-paatokseen-lauantaina\/","name":"Kauden 2025-26 runkosarja p\u00e4\u00e4t\u00f6kseen lauantaina | K\u00e4sipallon miesten Aktialiiga","isPartOf":{"@id":"https:\/\/aktialiiga.fi\/miehet\/#website"},"primaryImageOfPage":{"@id":"https:\/\/aktialiiga.fi\/miehet\/2025-2026\/ennakot\/kauden-2025-26-runkosarja-paatokseen-lauantaina\/#primaryimage"},"image":{"@id":"https:\/\/aktialiiga.fi\/miehet\/2025-2026\/ennakot\/kauden-2025-26-runkosarja-paatokseen-lauantaina\/#primaryimage"},"thumbnailUrl":"https:\/\/i0.wp.com\/aktialiiga.fi\/miehet\/wp-content\/uploads\/sites\/5\/2025\/09\/A7307394.jpg?fit=4717%2C3145&ssl=1","datePublished":"2026-03-13T12:06:00+00:00","breadcrumb":{"@id":"https:\/\/aktialiiga.fi\/miehet\/2025-2026\/ennakot\/kauden-2025-26-runkosarja-paatokseen-lauantaina\/#breadcrumb"},"inLanguage":"fi","potentialAction":[{"@type":"ReadAction","target":["https:\/\/aktialiiga.fi\/miehet\/2025-2026\/ennakot\/kauden-2025-26-runkosarja-paatokseen-lauantaina\/"]}]},{"@type":"ImageObject","inLanguage":"fi","@id":"https:\/\/aktialiiga.fi\/miehet\/2025-2026\/ennakot\/kauden-2025-26-runkosarja-paatokseen-lauantaina\/#primaryimage","url":"https:\/\/i0.wp.com\/aktialiiga.fi\/miehet\/wp-content\/uploads\/sites\/5\/2025\/09\/A7307394.jpg?fit=4717%2C3145&ssl=1","contentUrl":"https:\/\/i0.wp.com\/aktialiiga.fi\/miehet\/wp-content\/uploads\/sites\/5\/2025\/09\/A7307394.jpg?fit=4717%2C3145&ssl=1","width":4717,"height":3145},{"@type":"BreadcrumbList","@id":"https:\/\/aktialiiga.fi\/miehet\/2025-2026\/ennakot\/kauden-2025-26-runkosarja-paatokseen-lauantaina\/#breadcrumb","itemListElement":[{"@type":"ListItem","position":1,"name":"Etusivu","item":"https:\/\/aktialiiga.fi\/miehet\/"},{"@type":"ListItem","position":2,"name":"Kauden 2025-26 runkosarja p\u00e4\u00e4t\u00f6kseen lauantaina"}]},{"@type":"WebSite","@id":"https:\/\/aktialiiga.fi\/miehet\/#website","url":"https:\/\/aktialiiga.fi\/miehet\/","name":"K\u00e4sipallon miesten Aktialiiga","description":"Valtakunnan vauhdikkainta palloilua!","publisher":{"@id":"https:\/\/aktialiiga.fi\/miehet\/#organization"},"potentialAction":[{"@type":"SearchAction","target":{"@type":"EntryPoint","urlTemplate":"https:\/\/aktialiiga.fi\/miehet\/?s={search_term_string}"},"query-input":{"@type":"PropertyValueSpecification","valueRequired":true,"valueName":"search_term_string"}}],"inLanguage":"fi"},{"@type":"Organization","@id":"https:\/\/aktialiiga.fi\/miehet\/#organization","name":"K\u00e4sipallon miesten Aktialiiga","url":"https:\/\/aktialiiga.fi\/miehet\/","logo":{"@type":"ImageObject","inLanguage":"fi","@id":"https:\/\/aktialiiga.fi\/miehet\/#\/schema\/logo\/image\/","url":"https:\/\/i0.wp.com\/aktialiiga.fi\/miehet\/wp-content\/uploads\/sites\/5\/2024\/09\/Aktialiiga-Yoast-512.png?fit=512%2C512&ssl=1","contentUrl":"https:\/\/i0.wp.com\/aktialiiga.fi\/miehet\/wp-content\/uploads\/sites\/5\/2024\/09\/Aktialiiga-Yoast-512.png?fit=512%2C512&ssl=1","width":512,"height":512,"caption":"K\u00e4sipallon miesten Aktialiiga"},"image":{"@id":"https:\/\/aktialiiga.fi\/miehet\/#\/schema\/logo\/image\/"},"sameAs":["https:\/\/www.facebook.com\/finnhandball","https:\/\/x.com\/finnhandball","https:\/\/www.instagram.com\/handballfinland\/"]},{"@type":"Person","@id":"https:\/\/aktialiiga.fi\/miehet\/#\/schema\/person\/c14bf42f47041db74603c45afcb18d87","name":"tbrmedia","image":{"@type":"ImageObject","inLanguage":"fi","@id":"https:\/\/secure.gravatar.com\/avatar\/ee975fa091fe581d12b60debb3439022686618368a7c142044c56724d4666b16?s=96&d=mm&r=g","url":"https:\/\/secure.gravatar.com\/avatar\/ee975fa091fe581d12b60debb3439022686618368a7c142044c56724d4666b16?s=96&d=mm&r=g","contentUrl":"https:\/\/secure.gravatar.com\/avatar\/ee975fa091fe581d12b60debb3439022686618368a7c142044c56724d4666b16?s=96&d=mm&r=g","caption":"tbrmedia"}}]}},"jetpack_featured_media_url":"https:\/\/i0.wp.com\/aktialiiga.fi\/miehet\/wp-content\/uploads\/sites\/5\/2025\/09\/A7307394.jpg?fit=4717%2C3145&ssl=1","jetpack_sharing_enabled":true,"jetpack_shortlink":"https:\/\/wp.me\/pfTxOr-i5X","_links":{"self":[{"href":"https:\/\/aktialiiga.fi\/miehet\/wp-json\/wp\/v2\/posts\/69561","targetHints":{"allow":["GET"]}}],"collection":[{"href":"https:\/\/aktialiiga.fi\/miehet\/wp-json\/wp\/v2\/posts"}],"about":[{"href":"https:\/\/aktialiiga.fi\/miehet\/wp-json\/wp\/v2\/types\/post"}],"author":[{"embeddable":true,"href":"https:\/\/aktialiiga.fi\/miehet\/wp-json\/wp\/v2\/users\/13"}],"replies":[{"embeddable":true,"href":"https:\/\/aktialiiga.fi\/miehet\/wp-json\/wp\/v2\/comments?post=69561"}],"version-history":[{"count":2,"href":"https:\/\/aktialiiga.fi\/miehet\/wp-json\/wp\/v2\/posts\/69561\/revisions"}],"predecessor-version":[{"id":69774,"href":"https:\/\/aktialiiga.fi\/miehet\/wp-json\/wp\/v2\/posts\/69561\/revisions\/69774"}],"wp:featuredmedia":[{"embeddable":true,"href":"https:\/\/aktialiiga.fi\/miehet\/wp-json\/wp\/v2\/media\/66166"}],"wp:attachment":[{"href":"https:\/\/aktialiiga.fi\/miehet\/wp-json\/wp\/v2\/media?parent=69561"}],"wp:term":[{"taxonomy":"category","embeddable":true,"href":"https:\/\/aktialiiga.fi\/miehet\/wp-json\/wp\/v2\/categories?post=69561"},{"taxonomy":"post_tag","embeddable":true,"href":"https:\/\/aktialiiga.fi\/miehet\/wp-json\/wp\/v2\/tags?post=69561"}],"curies":[{"name":"wp","href":"https:\/\/api.w.org\/{rel}","templated":true}]}}