{"id":69592,"date":"2026-03-14T17:39:46","date_gmt":"2026-03-14T15:39:46","guid":{"rendered":"https:\/\/aktialiiga.fi\/miehet\/?p=69592"},"modified":"2026-03-14T18:36:08","modified_gmt":"2026-03-14T16:36:08","slug":"aifk-nousi-lopussa-tasoihin-eifaa-vastaan","status":"publish","type":"post","link":"https:\/\/aktialiiga.fi\/miehet\/2025-2026\/ottelut\/aifk-nousi-lopussa-tasoihin-eifaa-vastaan\/","title":{"rendered":"\u00c5IFK nousi lopussa tasoihin EIF:aa vastaan"},"content":{"rendered":"<p>\u00c5IFK:n ja EIF:n kauden p\u00e4\u00e4t\u00f6skamppailu sujui k\u00e4yt\u00e4nn\u00f6ss\u00e4 kokonaan vieraiden johdossa, mutta \u00c5IFK puristi lopussa rinnalle ja pisteet jaettiin.<\/p>\n<p>Vierailija EIF otti otteen haltuunsa alkuminuuteista l\u00e4htien ja hallitsi avausjaksoa. Tauolle Samppalinnassa mentiin EIF:n viiden maalin johdossa.<\/p>\n<p>Tauon j\u00e4lkeen \u00c5IFK puristi eron pienemm\u00e4ksi, mutta EIF piti edelleen kiinni johtoasemastaan. Vieraiden johto ei kuitenkaan kest\u00e4nyt aivan loppuun saakka, sill\u00e4 \u00c5IFK tuli viime seukunneilla tasoihin ja nappasi ottelusta lopulta pisteen.<\/p>\n<p>\u00c5IFK:n p\u00e4\u00e4valmentaja Aku Kuusisto kiitteli vastustajaa ja summasi samalla koko kautta.<\/p>\n<p>&#8211; Kiitos EIF:lle pelist\u00e4 ja debyyttikaudesta! Menestyst\u00e4 pelaajille ensi viikon miesten maajoukkuepeleihin, kes\u00e4n nuorten maajoukkuepeleihin ja kev\u00e4\u00e4n junioripeleihin! Pelaajiani kiit\u00e4n sitoutumisesta ja toivotan menestyst\u00e4 jatkoon. \u00c5IFK:lle toivon edelleen urheilullista menoa ja hyv\u00e4\u00e4 jatkoa. Nyt viett\u00e4m\u00e4\u00e4n hauska ilta; Kuusisto sanaili.<\/p>\n<p>EIF:n p\u00e4\u00e4valmentaja Kaj Hagman oli pettynyt voiton karkaamiseen.<\/p>\n<p>&#8211; Kaikki jotka olivat n\u00e4kiv\u00e4t mit\u00e4 tapahtui, ep\u00e4reilua. Olen v\u00e4synyt. Kiitos!<\/p>\n<p>Parhaan pelaajan tittelin ottelussa nimiins\u00e4 vienyt EIF:n Liam Hagman sanoitti saman hiukan rehev\u00e4mmin.<\/p>\n<p>&#8211; Tehtiin hemmetin hyv\u00e4 ottelu, yksi kauden parhaista. Harmi ett\u00e4 Noah [Hagman] joutui ulos aikaisin toisessa. Onnistuimme pit\u00e4m\u00e4\u00e4n pelin kasassa ja tuntui ett\u00e4 h\u00e4visimme ottelun, johdimme 2 maalilla pari minuuttia ennen loppua.. Olen iloinen joukkueen puolesta ja onnistumme ottamaan pisteen Turussa!<\/p>\n","protected":false},"excerpt":{"rendered":"<p>\u00c5IFK:n ja EIF:n kauden p\u00e4\u00e4t\u00f6skamppailu sujui k\u00e4yt\u00e4nn\u00f6ss\u00e4 kokonaan vieraiden johdossa, mutta \u00c5IFK puristi lopussa rinnalle ja pisteet jaettiin. Vierailija EIF otti otteen haltuunsa alkuminuuteista l\u00e4htien ja hallitsi avausjaksoa. Tauolle Samppalinnassa mentiin EIF:n viiden maalin johdossa. Tauon j\u00e4lkeen \u00c5IFK puristi eron pienemm\u00e4ksi, mutta EIF piti edelleen kiinni johtoasemastaan. Vieraiden johto ei kuitenkaan kest\u00e4nyt aivan loppuun saakka, [&hellip;]<\/p>\n","protected":false},"author":13,"featured_media":66937,"comment_status":"closed","ping_status":"closed","sticky":false,"template":"","format":"standard","meta":{"_acf_changed":false,"jetpack_post_was_ever_published":false,"_jetpack_newsletter_access":"","_jetpack_dont_email_post_to_subs":false,"_jetpack_newsletter_tier_id":0,"_jetpack_memberships_contains_paywalled_content":false,"_jetpack_memberships_contains_paid_content":false,"footnotes":""},"categories":[361],"tags":[50,60],"class_list":["post-69592","post","type-post","status-publish","format-standard","has-post-thumbnail","hentry","category-ottelut","tag-aifk","tag-eif"],"acf":[],"yoast_head":"<!-- This site is optimized with the Yoast SEO plugin v27.5 - https:\/\/yoast.com\/product\/yoast-seo-wordpress\/ -->\n<title>\u00c5IFK nousi lopussa tasoihin EIF:aa vastaan | K\u00e4sipallon miesten Aktialiiga<\/title>\n<meta name=\"robots\" content=\"index, follow, max-snippet:-1, max-image-preview:large, max-video-preview:-1\" \/>\n<link rel=\"canonical\" href=\"https:\/\/aktialiiga.fi\/miehet\/2025-2026\/ottelut\/aifk-nousi-lopussa-tasoihin-eifaa-vastaan\/\" \/>\n<meta property=\"og:locale\" content=\"fi_FI\" \/>\n<meta property=\"og:type\" content=\"article\" \/>\n<meta property=\"og:title\" content=\"\u00c5IFK nousi lopussa tasoihin EIF:aa vastaan | K\u00e4sipallon miesten Aktialiiga\" \/>\n<meta property=\"og:description\" content=\"\u00c5IFK:n ja EIF:n kauden p\u00e4\u00e4t\u00f6skamppailu sujui k\u00e4yt\u00e4nn\u00f6ss\u00e4 kokonaan vieraiden johdossa, mutta \u00c5IFK puristi lopussa rinnalle ja pisteet jaettiin. Vierailija EIF otti otteen haltuunsa alkuminuuteista l\u00e4htien ja hallitsi avausjaksoa. Tauolle Samppalinnassa mentiin EIF:n viiden maalin johdossa. Tauon j\u00e4lkeen \u00c5IFK puristi eron pienemm\u00e4ksi, mutta EIF piti edelleen kiinni johtoasemastaan. Vieraiden johto ei kuitenkaan kest\u00e4nyt aivan loppuun saakka, [&hellip;]\" \/>\n<meta property=\"og:url\" content=\"https:\/\/aktialiiga.fi\/miehet\/2025-2026\/ottelut\/aifk-nousi-lopussa-tasoihin-eifaa-vastaan\/\" \/>\n<meta property=\"og:site_name\" content=\"K\u00e4sipallon miesten Aktialiiga\" \/>\n<meta property=\"article:publisher\" content=\"https:\/\/www.facebook.com\/finnhandball\" \/>\n<meta property=\"article:published_time\" content=\"2026-03-14T15:39:46+00:00\" \/>\n<meta property=\"article:modified_time\" content=\"2026-03-14T16:36:08+00:00\" \/>\n<meta property=\"og:image\" content=\"https:\/\/aktialiiga.fi\/miehet\/wp-content\/uploads\/sites\/5\/2025\/10\/A7302496-1030x687.jpg\" \/>\n\t<meta property=\"og:image:width\" content=\"1030\" \/>\n\t<meta property=\"og:image:height\" content=\"687\" \/>\n\t<meta property=\"og:image:type\" content=\"image\/jpeg\" \/>\n<meta name=\"author\" content=\"tbrmedia\" \/>\n<meta name=\"twitter:card\" content=\"summary_large_image\" \/>\n<meta name=\"twitter:creator\" content=\"@finnhandball\" \/>\n<meta name=\"twitter:site\" content=\"@finnhandball\" \/>\n<script type=\"application\/ld+json\" class=\"yoast-schema-graph\">{\"@context\":\"https:\\\/\\\/schema.org\",\"@graph\":[{\"@type\":\"Article\",\"@id\":\"https:\\\/\\\/aktialiiga.fi\\\/miehet\\\/2025-2026\\\/ottelut\\\/aifk-nousi-lopussa-tasoihin-eifaa-vastaan\\\/#article\",\"isPartOf\":{\"@id\":\"https:\\\/\\\/aktialiiga.fi\\\/miehet\\\/2025-2026\\\/ottelut\\\/aifk-nousi-lopussa-tasoihin-eifaa-vastaan\\\/\"},\"author\":{\"name\":\"tbrmedia\",\"@id\":\"https:\\\/\\\/aktialiiga.fi\\\/miehet\\\/#\\\/schema\\\/person\\\/c14bf42f47041db74603c45afcb18d87\"},\"headline\":\"\u00c5IFK nousi lopussa tasoihin EIF:aa vastaan\",\"datePublished\":\"2026-03-14T15:39:46+00:00\",\"dateModified\":\"2026-03-14T16:36:08+00:00\",\"mainEntityOfPage\":{\"@id\":\"https:\\\/\\\/aktialiiga.fi\\\/miehet\\\/2025-2026\\\/ottelut\\\/aifk-nousi-lopussa-tasoihin-eifaa-vastaan\\\/\"},\"wordCount\":227,\"publisher\":{\"@id\":\"https:\\\/\\\/aktialiiga.fi\\\/miehet\\\/#organization\"},\"image\":{\"@id\":\"https:\\\/\\\/aktialiiga.fi\\\/miehet\\\/2025-2026\\\/ottelut\\\/aifk-nousi-lopussa-tasoihin-eifaa-vastaan\\\/#primaryimage\"},\"thumbnailUrl\":\"https:\\\/\\\/i0.wp.com\\\/aktialiiga.fi\\\/miehet\\\/wp-content\\\/uploads\\\/sites\\\/5\\\/2025\\\/10\\\/A7302496.jpg?fit=5220%2C3480&ssl=1\",\"keywords\":[\"\u00c5IFK\",\"EIF\"],\"articleSection\":[\"Ottelut 2025-26\"],\"inLanguage\":\"fi\"},{\"@type\":\"WebPage\",\"@id\":\"https:\\\/\\\/aktialiiga.fi\\\/miehet\\\/2025-2026\\\/ottelut\\\/aifk-nousi-lopussa-tasoihin-eifaa-vastaan\\\/\",\"url\":\"https:\\\/\\\/aktialiiga.fi\\\/miehet\\\/2025-2026\\\/ottelut\\\/aifk-nousi-lopussa-tasoihin-eifaa-vastaan\\\/\",\"name\":\"\u00c5IFK nousi lopussa tasoihin EIF:aa vastaan | K\u00e4sipallon miesten Aktialiiga\",\"isPartOf\":{\"@id\":\"https:\\\/\\\/aktialiiga.fi\\\/miehet\\\/#website\"},\"primaryImageOfPage\":{\"@id\":\"https:\\\/\\\/aktialiiga.fi\\\/miehet\\\/2025-2026\\\/ottelut\\\/aifk-nousi-lopussa-tasoihin-eifaa-vastaan\\\/#primaryimage\"},\"image\":{\"@id\":\"https:\\\/\\\/aktialiiga.fi\\\/miehet\\\/2025-2026\\\/ottelut\\\/aifk-nousi-lopussa-tasoihin-eifaa-vastaan\\\/#primaryimage\"},\"thumbnailUrl\":\"https:\\\/\\\/i0.wp.com\\\/aktialiiga.fi\\\/miehet\\\/wp-content\\\/uploads\\\/sites\\\/5\\\/2025\\\/10\\\/A7302496.jpg?fit=5220%2C3480&ssl=1\",\"datePublished\":\"2026-03-14T15:39:46+00:00\",\"dateModified\":\"2026-03-14T16:36:08+00:00\",\"breadcrumb\":{\"@id\":\"https:\\\/\\\/aktialiiga.fi\\\/miehet\\\/2025-2026\\\/ottelut\\\/aifk-nousi-lopussa-tasoihin-eifaa-vastaan\\\/#breadcrumb\"},\"inLanguage\":\"fi\",\"potentialAction\":[{\"@type\":\"ReadAction\",\"target\":[\"https:\\\/\\\/aktialiiga.fi\\\/miehet\\\/2025-2026\\\/ottelut\\\/aifk-nousi-lopussa-tasoihin-eifaa-vastaan\\\/\"]}]},{\"@type\":\"ImageObject\",\"inLanguage\":\"fi\",\"@id\":\"https:\\\/\\\/aktialiiga.fi\\\/miehet\\\/2025-2026\\\/ottelut\\\/aifk-nousi-lopussa-tasoihin-eifaa-vastaan\\\/#primaryimage\",\"url\":\"https:\\\/\\\/i0.wp.com\\\/aktialiiga.fi\\\/miehet\\\/wp-content\\\/uploads\\\/sites\\\/5\\\/2025\\\/10\\\/A7302496.jpg?fit=5220%2C3480&ssl=1\",\"contentUrl\":\"https:\\\/\\\/i0.wp.com\\\/aktialiiga.fi\\\/miehet\\\/wp-content\\\/uploads\\\/sites\\\/5\\\/2025\\\/10\\\/A7302496.jpg?fit=5220%2C3480&ssl=1\",\"width\":5220,\"height\":3480},{\"@type\":\"BreadcrumbList\",\"@id\":\"https:\\\/\\\/aktialiiga.fi\\\/miehet\\\/2025-2026\\\/ottelut\\\/aifk-nousi-lopussa-tasoihin-eifaa-vastaan\\\/#breadcrumb\",\"itemListElement\":[{\"@type\":\"ListItem\",\"position\":1,\"name\":\"Etusivu\",\"item\":\"https:\\\/\\\/aktialiiga.fi\\\/miehet\\\/\"},{\"@type\":\"ListItem\",\"position\":2,\"name\":\"\u00c5IFK nousi lopussa tasoihin EIF:aa vastaan\"}]},{\"@type\":\"WebSite\",\"@id\":\"https:\\\/\\\/aktialiiga.fi\\\/miehet\\\/#website\",\"url\":\"https:\\\/\\\/aktialiiga.fi\\\/miehet\\\/\",\"name\":\"K\u00e4sipallon miesten Aktialiiga\",\"description\":\"Valtakunnan vauhdikkainta palloilua!\",\"publisher\":{\"@id\":\"https:\\\/\\\/aktialiiga.fi\\\/miehet\\\/#organization\"},\"potentialAction\":[{\"@type\":\"SearchAction\",\"target\":{\"@type\":\"EntryPoint\",\"urlTemplate\":\"https:\\\/\\\/aktialiiga.fi\\\/miehet\\\/?s={search_term_string}\"},\"query-input\":{\"@type\":\"PropertyValueSpecification\",\"valueRequired\":true,\"valueName\":\"search_term_string\"}}],\"inLanguage\":\"fi\"},{\"@type\":\"Organization\",\"@id\":\"https:\\\/\\\/aktialiiga.fi\\\/miehet\\\/#organization\",\"name\":\"K\u00e4sipallon miesten Aktialiiga\",\"url\":\"https:\\\/\\\/aktialiiga.fi\\\/miehet\\\/\",\"logo\":{\"@type\":\"ImageObject\",\"inLanguage\":\"fi\",\"@id\":\"https:\\\/\\\/aktialiiga.fi\\\/miehet\\\/#\\\/schema\\\/logo\\\/image\\\/\",\"url\":\"https:\\\/\\\/i0.wp.com\\\/aktialiiga.fi\\\/miehet\\\/wp-content\\\/uploads\\\/sites\\\/5\\\/2024\\\/09\\\/Aktialiiga-Yoast-512.png?fit=512%2C512&ssl=1\",\"contentUrl\":\"https:\\\/\\\/i0.wp.com\\\/aktialiiga.fi\\\/miehet\\\/wp-content\\\/uploads\\\/sites\\\/5\\\/2024\\\/09\\\/Aktialiiga-Yoast-512.png?fit=512%2C512&ssl=1\",\"width\":512,\"height\":512,\"caption\":\"K\u00e4sipallon miesten Aktialiiga\"},\"image\":{\"@id\":\"https:\\\/\\\/aktialiiga.fi\\\/miehet\\\/#\\\/schema\\\/logo\\\/image\\\/\"},\"sameAs\":[\"https:\\\/\\\/www.facebook.com\\\/finnhandball\",\"https:\\\/\\\/x.com\\\/finnhandball\",\"https:\\\/\\\/www.instagram.com\\\/handballfinland\\\/\"]},{\"@type\":\"Person\",\"@id\":\"https:\\\/\\\/aktialiiga.fi\\\/miehet\\\/#\\\/schema\\\/person\\\/c14bf42f47041db74603c45afcb18d87\",\"name\":\"tbrmedia\",\"image\":{\"@type\":\"ImageObject\",\"inLanguage\":\"fi\",\"@id\":\"https:\\\/\\\/secure.gravatar.com\\\/avatar\\\/ee975fa091fe581d12b60debb3439022686618368a7c142044c56724d4666b16?s=96&d=mm&r=g\",\"url\":\"https:\\\/\\\/secure.gravatar.com\\\/avatar\\\/ee975fa091fe581d12b60debb3439022686618368a7c142044c56724d4666b16?s=96&d=mm&r=g\",\"contentUrl\":\"https:\\\/\\\/secure.gravatar.com\\\/avatar\\\/ee975fa091fe581d12b60debb3439022686618368a7c142044c56724d4666b16?s=96&d=mm&r=g\",\"caption\":\"tbrmedia\"}}]}<\/script>\n<!-- \/ Yoast SEO plugin. -->","yoast_head_json":{"title":"\u00c5IFK nousi lopussa tasoihin EIF:aa vastaan | K\u00e4sipallon miesten Aktialiiga","robots":{"index":"index","follow":"follow","max-snippet":"max-snippet:-1","max-image-preview":"max-image-preview:large","max-video-preview":"max-video-preview:-1"},"canonical":"https:\/\/aktialiiga.fi\/miehet\/2025-2026\/ottelut\/aifk-nousi-lopussa-tasoihin-eifaa-vastaan\/","og_locale":"fi_FI","og_type":"article","og_title":"\u00c5IFK nousi lopussa tasoihin EIF:aa vastaan | K\u00e4sipallon miesten Aktialiiga","og_description":"\u00c5IFK:n ja EIF:n kauden p\u00e4\u00e4t\u00f6skamppailu sujui k\u00e4yt\u00e4nn\u00f6ss\u00e4 kokonaan vieraiden johdossa, mutta \u00c5IFK puristi lopussa rinnalle ja pisteet jaettiin. Vierailija EIF otti otteen haltuunsa alkuminuuteista l\u00e4htien ja hallitsi avausjaksoa. Tauolle Samppalinnassa mentiin EIF:n viiden maalin johdossa. Tauon j\u00e4lkeen \u00c5IFK puristi eron pienemm\u00e4ksi, mutta EIF piti edelleen kiinni johtoasemastaan. Vieraiden johto ei kuitenkaan kest\u00e4nyt aivan loppuun saakka, [&hellip;]","og_url":"https:\/\/aktialiiga.fi\/miehet\/2025-2026\/ottelut\/aifk-nousi-lopussa-tasoihin-eifaa-vastaan\/","og_site_name":"K\u00e4sipallon miesten Aktialiiga","article_publisher":"https:\/\/www.facebook.com\/finnhandball","article_published_time":"2026-03-14T15:39:46+00:00","article_modified_time":"2026-03-14T16:36:08+00:00","og_image":[{"width":1030,"height":687,"url":"https:\/\/aktialiiga.fi\/miehet\/wp-content\/uploads\/sites\/5\/2025\/10\/A7302496-1030x687.jpg","type":"image\/jpeg"}],"author":"tbrmedia","twitter_card":"summary_large_image","twitter_creator":"@finnhandball","twitter_site":"@finnhandball","schema":{"@context":"https:\/\/schema.org","@graph":[{"@type":"Article","@id":"https:\/\/aktialiiga.fi\/miehet\/2025-2026\/ottelut\/aifk-nousi-lopussa-tasoihin-eifaa-vastaan\/#article","isPartOf":{"@id":"https:\/\/aktialiiga.fi\/miehet\/2025-2026\/ottelut\/aifk-nousi-lopussa-tasoihin-eifaa-vastaan\/"},"author":{"name":"tbrmedia","@id":"https:\/\/aktialiiga.fi\/miehet\/#\/schema\/person\/c14bf42f47041db74603c45afcb18d87"},"headline":"\u00c5IFK nousi lopussa tasoihin EIF:aa vastaan","datePublished":"2026-03-14T15:39:46+00:00","dateModified":"2026-03-14T16:36:08+00:00","mainEntityOfPage":{"@id":"https:\/\/aktialiiga.fi\/miehet\/2025-2026\/ottelut\/aifk-nousi-lopussa-tasoihin-eifaa-vastaan\/"},"wordCount":227,"publisher":{"@id":"https:\/\/aktialiiga.fi\/miehet\/#organization"},"image":{"@id":"https:\/\/aktialiiga.fi\/miehet\/2025-2026\/ottelut\/aifk-nousi-lopussa-tasoihin-eifaa-vastaan\/#primaryimage"},"thumbnailUrl":"https:\/\/i0.wp.com\/aktialiiga.fi\/miehet\/wp-content\/uploads\/sites\/5\/2025\/10\/A7302496.jpg?fit=5220%2C3480&ssl=1","keywords":["\u00c5IFK","EIF"],"articleSection":["Ottelut 2025-26"],"inLanguage":"fi"},{"@type":"WebPage","@id":"https:\/\/aktialiiga.fi\/miehet\/2025-2026\/ottelut\/aifk-nousi-lopussa-tasoihin-eifaa-vastaan\/","url":"https:\/\/aktialiiga.fi\/miehet\/2025-2026\/ottelut\/aifk-nousi-lopussa-tasoihin-eifaa-vastaan\/","name":"\u00c5IFK nousi lopussa tasoihin EIF:aa vastaan | K\u00e4sipallon miesten Aktialiiga","isPartOf":{"@id":"https:\/\/aktialiiga.fi\/miehet\/#website"},"primaryImageOfPage":{"@id":"https:\/\/aktialiiga.fi\/miehet\/2025-2026\/ottelut\/aifk-nousi-lopussa-tasoihin-eifaa-vastaan\/#primaryimage"},"image":{"@id":"https:\/\/aktialiiga.fi\/miehet\/2025-2026\/ottelut\/aifk-nousi-lopussa-tasoihin-eifaa-vastaan\/#primaryimage"},"thumbnailUrl":"https:\/\/i0.wp.com\/aktialiiga.fi\/miehet\/wp-content\/uploads\/sites\/5\/2025\/10\/A7302496.jpg?fit=5220%2C3480&ssl=1","datePublished":"2026-03-14T15:39:46+00:00","dateModified":"2026-03-14T16:36:08+00:00","breadcrumb":{"@id":"https:\/\/aktialiiga.fi\/miehet\/2025-2026\/ottelut\/aifk-nousi-lopussa-tasoihin-eifaa-vastaan\/#breadcrumb"},"inLanguage":"fi","potentialAction":[{"@type":"ReadAction","target":["https:\/\/aktialiiga.fi\/miehet\/2025-2026\/ottelut\/aifk-nousi-lopussa-tasoihin-eifaa-vastaan\/"]}]},{"@type":"ImageObject","inLanguage":"fi","@id":"https:\/\/aktialiiga.fi\/miehet\/2025-2026\/ottelut\/aifk-nousi-lopussa-tasoihin-eifaa-vastaan\/#primaryimage","url":"https:\/\/i0.wp.com\/aktialiiga.fi\/miehet\/wp-content\/uploads\/sites\/5\/2025\/10\/A7302496.jpg?fit=5220%2C3480&ssl=1","contentUrl":"https:\/\/i0.wp.com\/aktialiiga.fi\/miehet\/wp-content\/uploads\/sites\/5\/2025\/10\/A7302496.jpg?fit=5220%2C3480&ssl=1","width":5220,"height":3480},{"@type":"BreadcrumbList","@id":"https:\/\/aktialiiga.fi\/miehet\/2025-2026\/ottelut\/aifk-nousi-lopussa-tasoihin-eifaa-vastaan\/#breadcrumb","itemListElement":[{"@type":"ListItem","position":1,"name":"Etusivu","item":"https:\/\/aktialiiga.fi\/miehet\/"},{"@type":"ListItem","position":2,"name":"\u00c5IFK nousi lopussa tasoihin EIF:aa vastaan"}]},{"@type":"WebSite","@id":"https:\/\/aktialiiga.fi\/miehet\/#website","url":"https:\/\/aktialiiga.fi\/miehet\/","name":"K\u00e4sipallon miesten Aktialiiga","description":"Valtakunnan vauhdikkainta palloilua!","publisher":{"@id":"https:\/\/aktialiiga.fi\/miehet\/#organization"},"potentialAction":[{"@type":"SearchAction","target":{"@type":"EntryPoint","urlTemplate":"https:\/\/aktialiiga.fi\/miehet\/?s={search_term_string}"},"query-input":{"@type":"PropertyValueSpecification","valueRequired":true,"valueName":"search_term_string"}}],"inLanguage":"fi"},{"@type":"Organization","@id":"https:\/\/aktialiiga.fi\/miehet\/#organization","name":"K\u00e4sipallon miesten Aktialiiga","url":"https:\/\/aktialiiga.fi\/miehet\/","logo":{"@type":"ImageObject","inLanguage":"fi","@id":"https:\/\/aktialiiga.fi\/miehet\/#\/schema\/logo\/image\/","url":"https:\/\/i0.wp.com\/aktialiiga.fi\/miehet\/wp-content\/uploads\/sites\/5\/2024\/09\/Aktialiiga-Yoast-512.png?fit=512%2C512&ssl=1","contentUrl":"https:\/\/i0.wp.com\/aktialiiga.fi\/miehet\/wp-content\/uploads\/sites\/5\/2024\/09\/Aktialiiga-Yoast-512.png?fit=512%2C512&ssl=1","width":512,"height":512,"caption":"K\u00e4sipallon miesten Aktialiiga"},"image":{"@id":"https:\/\/aktialiiga.fi\/miehet\/#\/schema\/logo\/image\/"},"sameAs":["https:\/\/www.facebook.com\/finnhandball","https:\/\/x.com\/finnhandball","https:\/\/www.instagram.com\/handballfinland\/"]},{"@type":"Person","@id":"https:\/\/aktialiiga.fi\/miehet\/#\/schema\/person\/c14bf42f47041db74603c45afcb18d87","name":"tbrmedia","image":{"@type":"ImageObject","inLanguage":"fi","@id":"https:\/\/secure.gravatar.com\/avatar\/ee975fa091fe581d12b60debb3439022686618368a7c142044c56724d4666b16?s=96&d=mm&r=g","url":"https:\/\/secure.gravatar.com\/avatar\/ee975fa091fe581d12b60debb3439022686618368a7c142044c56724d4666b16?s=96&d=mm&r=g","contentUrl":"https:\/\/secure.gravatar.com\/avatar\/ee975fa091fe581d12b60debb3439022686618368a7c142044c56724d4666b16?s=96&d=mm&r=g","caption":"tbrmedia"}}]}},"jetpack_featured_media_url":"https:\/\/i0.wp.com\/aktialiiga.fi\/miehet\/wp-content\/uploads\/sites\/5\/2025\/10\/A7302496.jpg?fit=5220%2C3480&ssl=1","jetpack_sharing_enabled":true,"jetpack_shortlink":"https:\/\/wp.me\/pfTxOr-i6s","_links":{"self":[{"href":"https:\/\/aktialiiga.fi\/miehet\/wp-json\/wp\/v2\/posts\/69592","targetHints":{"allow":["GET"]}}],"collection":[{"href":"https:\/\/aktialiiga.fi\/miehet\/wp-json\/wp\/v2\/posts"}],"about":[{"href":"https:\/\/aktialiiga.fi\/miehet\/wp-json\/wp\/v2\/types\/post"}],"author":[{"embeddable":true,"href":"https:\/\/aktialiiga.fi\/miehet\/wp-json\/wp\/v2\/users\/13"}],"replies":[{"embeddable":true,"href":"https:\/\/aktialiiga.fi\/miehet\/wp-json\/wp\/v2\/comments?post=69592"}],"version-history":[{"count":3,"href":"https:\/\/aktialiiga.fi\/miehet\/wp-json\/wp\/v2\/posts\/69592\/revisions"}],"predecessor-version":[{"id":69615,"href":"https:\/\/aktialiiga.fi\/miehet\/wp-json\/wp\/v2\/posts\/69592\/revisions\/69615"}],"wp:featuredmedia":[{"embeddable":true,"href":"https:\/\/aktialiiga.fi\/miehet\/wp-json\/wp\/v2\/media\/66937"}],"wp:attachment":[{"href":"https:\/\/aktialiiga.fi\/miehet\/wp-json\/wp\/v2\/media?parent=69592"}],"wp:term":[{"taxonomy":"category","embeddable":true,"href":"https:\/\/aktialiiga.fi\/miehet\/wp-json\/wp\/v2\/categories?post=69592"},{"taxonomy":"post_tag","embeddable":true,"href":"https:\/\/aktialiiga.fi\/miehet\/wp-json\/wp\/v2\/tags?post=69592"}],"curies":[{"name":"wp","href":"https:\/\/api.w.org\/{rel}","templated":true}]}}