{"id":69596,"date":"2026-03-14T17:46:51","date_gmt":"2026-03-14T15:46:51","guid":{"rendered":"https:\/\/aktialiiga.fi\/miehet\/?p=69596"},"modified":"2026-03-14T18:19:02","modified_gmt":"2026-03-14T16:19:02","slug":"hifk-vei-karkikamppailun-bk-46tta-vastaan","status":"publish","type":"post","link":"https:\/\/aktialiiga.fi\/miehet\/2025-2026\/ottelut\/hifk-vei-karkikamppailun-bk-46tta-vastaan\/","title":{"rendered":"HIFK vei k\u00e4rkikamppailun BK-46:tta vastaan"},"content":{"rendered":"<p>HIFK aiheutti BK-46:lle kauden toisen tappion runkosarjan p\u00e4\u00e4t\u00f6skierroksella, joskaan sijoituksia ottelussa ei en\u00e4\u00e4 ollut jaossa.<\/p>\n<p>HIFK tuli kamppailuun vahvasti ja johti avausjakson puoliv\u00e4lin j\u00e4lkeen jo kuudella maalilla. BK p\u00e4\u00e4si v\u00e4lill\u00e4 hiukan kaventamaan, mutta tauolla is\u00e4nn\u00e4t johtivat kuitenkin viidell\u00e4 maalilla.<\/p>\n<p>Kolmea maalia l\u00e4hemm\u00e4s BK ei tauon j\u00e4lkeenk\u00e4\u00e4n p\u00e4\u00e4ssyt ja v\u00e4hitelleen HIFK alkoi kiskoa lis\u00e4\u00e4 eroa. Lopulta HIFK kirjasi voiton varsin selkein numeroin ja sai ainakin lis\u00e4\u00e4 uskoa edess\u00e4 oleviin pudotuspeleihin, joissa joukkue BK:n tavoin jatkaa suoraan v\u00e4lieriss\u00e4.<\/p>\n<p>HIFK:n p\u00e4\u00e4valmentaja Robin Karlsson oli kaikkiaan tyytyv\u00e4inen n\u00e4kem\u00e4\u00e4ns\u00e4.<\/p>\n<p>&#8211; Eritt\u00e4in hyv\u00e4 aloitus matsille ekalla jaksolla. Puolustus toimi hyvin kokoajan, ja saimme t\u00e4rke\u00e4\u00e4 apua Bogdan Klepan torjunnoista.<\/p>\n<p>&#8211; T\u00e4n\u00e4\u00e4n voitto tuli enemm\u00e4n puolustuspelin kautta kuin muissa peleiss\u00e4mme. Iso kiitos koko joukkueelle, todella hieno taistelu koko 60-minuuttisen ajan, Karlsson kiitteli.<\/p>\n<p>BK-46:n valmennuksesta Timo Oksanen ei tappiota l\u00e4htenyt sen enempi\u00e4 selittelem\u00e4\u00e4n.<\/p>\n<p>&#8211; P\u00e4\u00e4llimm\u00e4isen\u00e4 ollaan tyytyv\u00e4isi\u00e4 ett\u00e4 runkosarja on nyt ohi ja p\u00e4\u00e4st\u00e4\u00e4n keskittym\u00e4\u00e4n loppupeleihin. HIFK oli t\u00e4n\u00e4\u00e4n sen verran parempi kuin numerotkin n\u00e4ytt\u00e4v\u00e4t, eik\u00e4 ollut kahta sanaa siit\u00e4 kumpi t\u00e4n\u00e4\u00e4n ansaitsi voiton, Oksanen my\u00f6nsi.<\/p>\n<p>Ottelun parhaan pelaajan tittelin kuittasi nimiins\u00e4 HIFK:n Christian Cosmo.<\/p>\n<p>&#8211; Hyv\u00e4 ja ehj\u00e4 matsi t\u00e4n\u00e4\u00e4n, erityisesti puolustuksessa homma toimi vahvasti. Kev\u00e4\u00e4n mitalipeleiss\u00e4 pit\u00e4\u00e4 keskitty\u00e4 v\u00e4h\u00e4n puolustamiseenkin, ja se onnistui t\u00e4n\u00e4\u00e4n hyvin. T\u00e4n\u00e4\u00e4n taistelimme hyvin alusta l\u00e4htien, ja lyhyen heikomman jakson j\u00e4lkeen saatiin peli taas takaisin oikealle tasolle.<\/p>\n<p>&#8211; Koko joukkue suoriutui t\u00e4n\u00e4\u00e4n hyvin, niin maalinteossa hy\u00f6kk\u00e4yksess\u00e4 kuin Bogdan Klepa maalien torjumisessa. Olen eritt\u00e4in tyytyv\u00e4inen lopputulokseen!<\/p>\n","protected":false},"excerpt":{"rendered":"<p>HIFK aiheutti BK-46:lle kauden toisen tappion runkosarjan p\u00e4\u00e4t\u00f6skierroksella, joskaan sijoituksia ottelussa ei en\u00e4\u00e4 ollut jaossa. HIFK tuli kamppailuun vahvasti ja johti avausjakson puoliv\u00e4lin j\u00e4lkeen jo kuudella maalilla. BK p\u00e4\u00e4si v\u00e4lill\u00e4 hiukan kaventamaan, mutta tauolla is\u00e4nn\u00e4t johtivat kuitenkin viidell\u00e4 maalilla. Kolmea maalia l\u00e4hemm\u00e4s BK ei tauon j\u00e4lkeenk\u00e4\u00e4n p\u00e4\u00e4ssyt ja v\u00e4hitelleen HIFK alkoi kiskoa lis\u00e4\u00e4 eroa. Lopulta [&hellip;]<\/p>\n","protected":false},"author":13,"featured_media":69434,"comment_status":"closed","ping_status":"closed","sticky":false,"template":"","format":"standard","meta":{"_acf_changed":false,"jetpack_post_was_ever_published":false,"_jetpack_newsletter_access":"","_jetpack_dont_email_post_to_subs":false,"_jetpack_newsletter_tier_id":0,"_jetpack_memberships_contains_paywalled_content":false,"_jetpack_memberships_contains_paid_content":false,"footnotes":""},"categories":[361],"tags":[56,71],"class_list":["post-69596","post","type-post","status-publish","format-standard","has-post-thumbnail","hentry","category-ottelut","tag-bk-46","tag-hifk"],"acf":[],"yoast_head":"<!-- This site is optimized with the Yoast SEO plugin v27.5 - https:\/\/yoast.com\/product\/yoast-seo-wordpress\/ -->\n<title>HIFK vei k\u00e4rkikamppailun BK-46:tta vastaan | K\u00e4sipallon miesten Aktialiiga<\/title>\n<meta name=\"robots\" content=\"index, follow, max-snippet:-1, max-image-preview:large, max-video-preview:-1\" \/>\n<link rel=\"canonical\" href=\"https:\/\/aktialiiga.fi\/miehet\/2025-2026\/ottelut\/hifk-vei-karkikamppailun-bk-46tta-vastaan\/\" \/>\n<meta property=\"og:locale\" content=\"fi_FI\" \/>\n<meta property=\"og:type\" content=\"article\" \/>\n<meta property=\"og:title\" content=\"HIFK vei k\u00e4rkikamppailun BK-46:tta vastaan | K\u00e4sipallon miesten Aktialiiga\" \/>\n<meta property=\"og:description\" content=\"HIFK aiheutti BK-46:lle kauden toisen tappion runkosarjan p\u00e4\u00e4t\u00f6skierroksella, joskaan sijoituksia ottelussa ei en\u00e4\u00e4 ollut jaossa. HIFK tuli kamppailuun vahvasti ja johti avausjakson puoliv\u00e4lin j\u00e4lkeen jo kuudella maalilla. BK p\u00e4\u00e4si v\u00e4lill\u00e4 hiukan kaventamaan, mutta tauolla is\u00e4nn\u00e4t johtivat kuitenkin viidell\u00e4 maalilla. Kolmea maalia l\u00e4hemm\u00e4s BK ei tauon j\u00e4lkeenk\u00e4\u00e4n p\u00e4\u00e4ssyt ja v\u00e4hitelleen HIFK alkoi kiskoa lis\u00e4\u00e4 eroa. Lopulta [&hellip;]\" \/>\n<meta property=\"og:url\" content=\"https:\/\/aktialiiga.fi\/miehet\/2025-2026\/ottelut\/hifk-vei-karkikamppailun-bk-46tta-vastaan\/\" \/>\n<meta property=\"og:site_name\" content=\"K\u00e4sipallon miesten Aktialiiga\" \/>\n<meta property=\"article:publisher\" content=\"https:\/\/www.facebook.com\/finnhandball\" \/>\n<meta property=\"article:published_time\" content=\"2026-03-14T15:46:51+00:00\" \/>\n<meta property=\"article:modified_time\" content=\"2026-03-14T16:19:02+00:00\" \/>\n<meta property=\"og:image\" content=\"https:\/\/aktialiiga.fi\/miehet\/wp-content\/uploads\/sites\/5\/2026\/03\/Aktialiiga-HIFK-SIF-22JA3457-20.2.2026-e1772570046132.jpg\" \/>\n\t<meta property=\"og:image:width\" content=\"1143\" \/>\n\t<meta property=\"og:image:height\" content=\"720\" \/>\n\t<meta property=\"og:image:type\" content=\"image\/jpeg\" \/>\n<meta name=\"author\" content=\"tbrmedia\" \/>\n<meta name=\"twitter:card\" content=\"summary_large_image\" \/>\n<meta name=\"twitter:creator\" content=\"@finnhandball\" \/>\n<meta name=\"twitter:site\" content=\"@finnhandball\" \/>\n<script type=\"application\/ld+json\" class=\"yoast-schema-graph\">{\"@context\":\"https:\\\/\\\/schema.org\",\"@graph\":[{\"@type\":\"Article\",\"@id\":\"https:\\\/\\\/aktialiiga.fi\\\/miehet\\\/2025-2026\\\/ottelut\\\/hifk-vei-karkikamppailun-bk-46tta-vastaan\\\/#article\",\"isPartOf\":{\"@id\":\"https:\\\/\\\/aktialiiga.fi\\\/miehet\\\/2025-2026\\\/ottelut\\\/hifk-vei-karkikamppailun-bk-46tta-vastaan\\\/\"},\"author\":{\"name\":\"tbrmedia\",\"@id\":\"https:\\\/\\\/aktialiiga.fi\\\/miehet\\\/#\\\/schema\\\/person\\\/c14bf42f47041db74603c45afcb18d87\"},\"headline\":\"HIFK vei k\u00e4rkikamppailun BK-46:tta vastaan\",\"datePublished\":\"2026-03-14T15:46:51+00:00\",\"dateModified\":\"2026-03-14T16:19:02+00:00\",\"mainEntityOfPage\":{\"@id\":\"https:\\\/\\\/aktialiiga.fi\\\/miehet\\\/2025-2026\\\/ottelut\\\/hifk-vei-karkikamppailun-bk-46tta-vastaan\\\/\"},\"wordCount\":302,\"publisher\":{\"@id\":\"https:\\\/\\\/aktialiiga.fi\\\/miehet\\\/#organization\"},\"image\":{\"@id\":\"https:\\\/\\\/aktialiiga.fi\\\/miehet\\\/2025-2026\\\/ottelut\\\/hifk-vei-karkikamppailun-bk-46tta-vastaan\\\/#primaryimage\"},\"thumbnailUrl\":\"https:\\\/\\\/i0.wp.com\\\/aktialiiga.fi\\\/miehet\\\/wp-content\\\/uploads\\\/sites\\\/5\\\/2026\\\/03\\\/Aktialiiga-HIFK-SIF-22JA3457-20.2.2026-e1772570046132.jpg?fit=1143%2C720&ssl=1\",\"keywords\":[\"BK-46\",\"HIFK\"],\"articleSection\":[\"Ottelut 2025-26\"],\"inLanguage\":\"fi\"},{\"@type\":\"WebPage\",\"@id\":\"https:\\\/\\\/aktialiiga.fi\\\/miehet\\\/2025-2026\\\/ottelut\\\/hifk-vei-karkikamppailun-bk-46tta-vastaan\\\/\",\"url\":\"https:\\\/\\\/aktialiiga.fi\\\/miehet\\\/2025-2026\\\/ottelut\\\/hifk-vei-karkikamppailun-bk-46tta-vastaan\\\/\",\"name\":\"HIFK vei k\u00e4rkikamppailun BK-46:tta vastaan | K\u00e4sipallon miesten Aktialiiga\",\"isPartOf\":{\"@id\":\"https:\\\/\\\/aktialiiga.fi\\\/miehet\\\/#website\"},\"primaryImageOfPage\":{\"@id\":\"https:\\\/\\\/aktialiiga.fi\\\/miehet\\\/2025-2026\\\/ottelut\\\/hifk-vei-karkikamppailun-bk-46tta-vastaan\\\/#primaryimage\"},\"image\":{\"@id\":\"https:\\\/\\\/aktialiiga.fi\\\/miehet\\\/2025-2026\\\/ottelut\\\/hifk-vei-karkikamppailun-bk-46tta-vastaan\\\/#primaryimage\"},\"thumbnailUrl\":\"https:\\\/\\\/i0.wp.com\\\/aktialiiga.fi\\\/miehet\\\/wp-content\\\/uploads\\\/sites\\\/5\\\/2026\\\/03\\\/Aktialiiga-HIFK-SIF-22JA3457-20.2.2026-e1772570046132.jpg?fit=1143%2C720&ssl=1\",\"datePublished\":\"2026-03-14T15:46:51+00:00\",\"dateModified\":\"2026-03-14T16:19:02+00:00\",\"breadcrumb\":{\"@id\":\"https:\\\/\\\/aktialiiga.fi\\\/miehet\\\/2025-2026\\\/ottelut\\\/hifk-vei-karkikamppailun-bk-46tta-vastaan\\\/#breadcrumb\"},\"inLanguage\":\"fi\",\"potentialAction\":[{\"@type\":\"ReadAction\",\"target\":[\"https:\\\/\\\/aktialiiga.fi\\\/miehet\\\/2025-2026\\\/ottelut\\\/hifk-vei-karkikamppailun-bk-46tta-vastaan\\\/\"]}]},{\"@type\":\"ImageObject\",\"inLanguage\":\"fi\",\"@id\":\"https:\\\/\\\/aktialiiga.fi\\\/miehet\\\/2025-2026\\\/ottelut\\\/hifk-vei-karkikamppailun-bk-46tta-vastaan\\\/#primaryimage\",\"url\":\"https:\\\/\\\/i0.wp.com\\\/aktialiiga.fi\\\/miehet\\\/wp-content\\\/uploads\\\/sites\\\/5\\\/2026\\\/03\\\/Aktialiiga-HIFK-SIF-22JA3457-20.2.2026-e1772570046132.jpg?fit=1143%2C720&ssl=1\",\"contentUrl\":\"https:\\\/\\\/i0.wp.com\\\/aktialiiga.fi\\\/miehet\\\/wp-content\\\/uploads\\\/sites\\\/5\\\/2026\\\/03\\\/Aktialiiga-HIFK-SIF-22JA3457-20.2.2026-e1772570046132.jpg?fit=1143%2C720&ssl=1\",\"width\":1143,\"height\":720},{\"@type\":\"BreadcrumbList\",\"@id\":\"https:\\\/\\\/aktialiiga.fi\\\/miehet\\\/2025-2026\\\/ottelut\\\/hifk-vei-karkikamppailun-bk-46tta-vastaan\\\/#breadcrumb\",\"itemListElement\":[{\"@type\":\"ListItem\",\"position\":1,\"name\":\"Etusivu\",\"item\":\"https:\\\/\\\/aktialiiga.fi\\\/miehet\\\/\"},{\"@type\":\"ListItem\",\"position\":2,\"name\":\"HIFK vei k\u00e4rkikamppailun BK-46:tta vastaan\"}]},{\"@type\":\"WebSite\",\"@id\":\"https:\\\/\\\/aktialiiga.fi\\\/miehet\\\/#website\",\"url\":\"https:\\\/\\\/aktialiiga.fi\\\/miehet\\\/\",\"name\":\"K\u00e4sipallon miesten Aktialiiga\",\"description\":\"Valtakunnan vauhdikkainta palloilua!\",\"publisher\":{\"@id\":\"https:\\\/\\\/aktialiiga.fi\\\/miehet\\\/#organization\"},\"potentialAction\":[{\"@type\":\"SearchAction\",\"target\":{\"@type\":\"EntryPoint\",\"urlTemplate\":\"https:\\\/\\\/aktialiiga.fi\\\/miehet\\\/?s={search_term_string}\"},\"query-input\":{\"@type\":\"PropertyValueSpecification\",\"valueRequired\":true,\"valueName\":\"search_term_string\"}}],\"inLanguage\":\"fi\"},{\"@type\":\"Organization\",\"@id\":\"https:\\\/\\\/aktialiiga.fi\\\/miehet\\\/#organization\",\"name\":\"K\u00e4sipallon miesten Aktialiiga\",\"url\":\"https:\\\/\\\/aktialiiga.fi\\\/miehet\\\/\",\"logo\":{\"@type\":\"ImageObject\",\"inLanguage\":\"fi\",\"@id\":\"https:\\\/\\\/aktialiiga.fi\\\/miehet\\\/#\\\/schema\\\/logo\\\/image\\\/\",\"url\":\"https:\\\/\\\/i0.wp.com\\\/aktialiiga.fi\\\/miehet\\\/wp-content\\\/uploads\\\/sites\\\/5\\\/2024\\\/09\\\/Aktialiiga-Yoast-512.png?fit=512%2C512&ssl=1\",\"contentUrl\":\"https:\\\/\\\/i0.wp.com\\\/aktialiiga.fi\\\/miehet\\\/wp-content\\\/uploads\\\/sites\\\/5\\\/2024\\\/09\\\/Aktialiiga-Yoast-512.png?fit=512%2C512&ssl=1\",\"width\":512,\"height\":512,\"caption\":\"K\u00e4sipallon miesten Aktialiiga\"},\"image\":{\"@id\":\"https:\\\/\\\/aktialiiga.fi\\\/miehet\\\/#\\\/schema\\\/logo\\\/image\\\/\"},\"sameAs\":[\"https:\\\/\\\/www.facebook.com\\\/finnhandball\",\"https:\\\/\\\/x.com\\\/finnhandball\",\"https:\\\/\\\/www.instagram.com\\\/handballfinland\\\/\"]},{\"@type\":\"Person\",\"@id\":\"https:\\\/\\\/aktialiiga.fi\\\/miehet\\\/#\\\/schema\\\/person\\\/c14bf42f47041db74603c45afcb18d87\",\"name\":\"tbrmedia\",\"image\":{\"@type\":\"ImageObject\",\"inLanguage\":\"fi\",\"@id\":\"https:\\\/\\\/secure.gravatar.com\\\/avatar\\\/ee975fa091fe581d12b60debb3439022686618368a7c142044c56724d4666b16?s=96&d=mm&r=g\",\"url\":\"https:\\\/\\\/secure.gravatar.com\\\/avatar\\\/ee975fa091fe581d12b60debb3439022686618368a7c142044c56724d4666b16?s=96&d=mm&r=g\",\"contentUrl\":\"https:\\\/\\\/secure.gravatar.com\\\/avatar\\\/ee975fa091fe581d12b60debb3439022686618368a7c142044c56724d4666b16?s=96&d=mm&r=g\",\"caption\":\"tbrmedia\"}}]}<\/script>\n<!-- \/ Yoast SEO plugin. -->","yoast_head_json":{"title":"HIFK vei k\u00e4rkikamppailun BK-46:tta vastaan | K\u00e4sipallon miesten Aktialiiga","robots":{"index":"index","follow":"follow","max-snippet":"max-snippet:-1","max-image-preview":"max-image-preview:large","max-video-preview":"max-video-preview:-1"},"canonical":"https:\/\/aktialiiga.fi\/miehet\/2025-2026\/ottelut\/hifk-vei-karkikamppailun-bk-46tta-vastaan\/","og_locale":"fi_FI","og_type":"article","og_title":"HIFK vei k\u00e4rkikamppailun BK-46:tta vastaan | K\u00e4sipallon miesten Aktialiiga","og_description":"HIFK aiheutti BK-46:lle kauden toisen tappion runkosarjan p\u00e4\u00e4t\u00f6skierroksella, joskaan sijoituksia ottelussa ei en\u00e4\u00e4 ollut jaossa. HIFK tuli kamppailuun vahvasti ja johti avausjakson puoliv\u00e4lin j\u00e4lkeen jo kuudella maalilla. BK p\u00e4\u00e4si v\u00e4lill\u00e4 hiukan kaventamaan, mutta tauolla is\u00e4nn\u00e4t johtivat kuitenkin viidell\u00e4 maalilla. Kolmea maalia l\u00e4hemm\u00e4s BK ei tauon j\u00e4lkeenk\u00e4\u00e4n p\u00e4\u00e4ssyt ja v\u00e4hitelleen HIFK alkoi kiskoa lis\u00e4\u00e4 eroa. Lopulta [&hellip;]","og_url":"https:\/\/aktialiiga.fi\/miehet\/2025-2026\/ottelut\/hifk-vei-karkikamppailun-bk-46tta-vastaan\/","og_site_name":"K\u00e4sipallon miesten Aktialiiga","article_publisher":"https:\/\/www.facebook.com\/finnhandball","article_published_time":"2026-03-14T15:46:51+00:00","article_modified_time":"2026-03-14T16:19:02+00:00","og_image":[{"width":1143,"height":720,"url":"https:\/\/aktialiiga.fi\/miehet\/wp-content\/uploads\/sites\/5\/2026\/03\/Aktialiiga-HIFK-SIF-22JA3457-20.2.2026-e1772570046132.jpg","type":"image\/jpeg"}],"author":"tbrmedia","twitter_card":"summary_large_image","twitter_creator":"@finnhandball","twitter_site":"@finnhandball","schema":{"@context":"https:\/\/schema.org","@graph":[{"@type":"Article","@id":"https:\/\/aktialiiga.fi\/miehet\/2025-2026\/ottelut\/hifk-vei-karkikamppailun-bk-46tta-vastaan\/#article","isPartOf":{"@id":"https:\/\/aktialiiga.fi\/miehet\/2025-2026\/ottelut\/hifk-vei-karkikamppailun-bk-46tta-vastaan\/"},"author":{"name":"tbrmedia","@id":"https:\/\/aktialiiga.fi\/miehet\/#\/schema\/person\/c14bf42f47041db74603c45afcb18d87"},"headline":"HIFK vei k\u00e4rkikamppailun BK-46:tta vastaan","datePublished":"2026-03-14T15:46:51+00:00","dateModified":"2026-03-14T16:19:02+00:00","mainEntityOfPage":{"@id":"https:\/\/aktialiiga.fi\/miehet\/2025-2026\/ottelut\/hifk-vei-karkikamppailun-bk-46tta-vastaan\/"},"wordCount":302,"publisher":{"@id":"https:\/\/aktialiiga.fi\/miehet\/#organization"},"image":{"@id":"https:\/\/aktialiiga.fi\/miehet\/2025-2026\/ottelut\/hifk-vei-karkikamppailun-bk-46tta-vastaan\/#primaryimage"},"thumbnailUrl":"https:\/\/i0.wp.com\/aktialiiga.fi\/miehet\/wp-content\/uploads\/sites\/5\/2026\/03\/Aktialiiga-HIFK-SIF-22JA3457-20.2.2026-e1772570046132.jpg?fit=1143%2C720&ssl=1","keywords":["BK-46","HIFK"],"articleSection":["Ottelut 2025-26"],"inLanguage":"fi"},{"@type":"WebPage","@id":"https:\/\/aktialiiga.fi\/miehet\/2025-2026\/ottelut\/hifk-vei-karkikamppailun-bk-46tta-vastaan\/","url":"https:\/\/aktialiiga.fi\/miehet\/2025-2026\/ottelut\/hifk-vei-karkikamppailun-bk-46tta-vastaan\/","name":"HIFK vei k\u00e4rkikamppailun BK-46:tta vastaan | K\u00e4sipallon miesten Aktialiiga","isPartOf":{"@id":"https:\/\/aktialiiga.fi\/miehet\/#website"},"primaryImageOfPage":{"@id":"https:\/\/aktialiiga.fi\/miehet\/2025-2026\/ottelut\/hifk-vei-karkikamppailun-bk-46tta-vastaan\/#primaryimage"},"image":{"@id":"https:\/\/aktialiiga.fi\/miehet\/2025-2026\/ottelut\/hifk-vei-karkikamppailun-bk-46tta-vastaan\/#primaryimage"},"thumbnailUrl":"https:\/\/i0.wp.com\/aktialiiga.fi\/miehet\/wp-content\/uploads\/sites\/5\/2026\/03\/Aktialiiga-HIFK-SIF-22JA3457-20.2.2026-e1772570046132.jpg?fit=1143%2C720&ssl=1","datePublished":"2026-03-14T15:46:51+00:00","dateModified":"2026-03-14T16:19:02+00:00","breadcrumb":{"@id":"https:\/\/aktialiiga.fi\/miehet\/2025-2026\/ottelut\/hifk-vei-karkikamppailun-bk-46tta-vastaan\/#breadcrumb"},"inLanguage":"fi","potentialAction":[{"@type":"ReadAction","target":["https:\/\/aktialiiga.fi\/miehet\/2025-2026\/ottelut\/hifk-vei-karkikamppailun-bk-46tta-vastaan\/"]}]},{"@type":"ImageObject","inLanguage":"fi","@id":"https:\/\/aktialiiga.fi\/miehet\/2025-2026\/ottelut\/hifk-vei-karkikamppailun-bk-46tta-vastaan\/#primaryimage","url":"https:\/\/i0.wp.com\/aktialiiga.fi\/miehet\/wp-content\/uploads\/sites\/5\/2026\/03\/Aktialiiga-HIFK-SIF-22JA3457-20.2.2026-e1772570046132.jpg?fit=1143%2C720&ssl=1","contentUrl":"https:\/\/i0.wp.com\/aktialiiga.fi\/miehet\/wp-content\/uploads\/sites\/5\/2026\/03\/Aktialiiga-HIFK-SIF-22JA3457-20.2.2026-e1772570046132.jpg?fit=1143%2C720&ssl=1","width":1143,"height":720},{"@type":"BreadcrumbList","@id":"https:\/\/aktialiiga.fi\/miehet\/2025-2026\/ottelut\/hifk-vei-karkikamppailun-bk-46tta-vastaan\/#breadcrumb","itemListElement":[{"@type":"ListItem","position":1,"name":"Etusivu","item":"https:\/\/aktialiiga.fi\/miehet\/"},{"@type":"ListItem","position":2,"name":"HIFK vei k\u00e4rkikamppailun BK-46:tta vastaan"}]},{"@type":"WebSite","@id":"https:\/\/aktialiiga.fi\/miehet\/#website","url":"https:\/\/aktialiiga.fi\/miehet\/","name":"K\u00e4sipallon miesten Aktialiiga","description":"Valtakunnan vauhdikkainta palloilua!","publisher":{"@id":"https:\/\/aktialiiga.fi\/miehet\/#organization"},"potentialAction":[{"@type":"SearchAction","target":{"@type":"EntryPoint","urlTemplate":"https:\/\/aktialiiga.fi\/miehet\/?s={search_term_string}"},"query-input":{"@type":"PropertyValueSpecification","valueRequired":true,"valueName":"search_term_string"}}],"inLanguage":"fi"},{"@type":"Organization","@id":"https:\/\/aktialiiga.fi\/miehet\/#organization","name":"K\u00e4sipallon miesten Aktialiiga","url":"https:\/\/aktialiiga.fi\/miehet\/","logo":{"@type":"ImageObject","inLanguage":"fi","@id":"https:\/\/aktialiiga.fi\/miehet\/#\/schema\/logo\/image\/","url":"https:\/\/i0.wp.com\/aktialiiga.fi\/miehet\/wp-content\/uploads\/sites\/5\/2024\/09\/Aktialiiga-Yoast-512.png?fit=512%2C512&ssl=1","contentUrl":"https:\/\/i0.wp.com\/aktialiiga.fi\/miehet\/wp-content\/uploads\/sites\/5\/2024\/09\/Aktialiiga-Yoast-512.png?fit=512%2C512&ssl=1","width":512,"height":512,"caption":"K\u00e4sipallon miesten Aktialiiga"},"image":{"@id":"https:\/\/aktialiiga.fi\/miehet\/#\/schema\/logo\/image\/"},"sameAs":["https:\/\/www.facebook.com\/finnhandball","https:\/\/x.com\/finnhandball","https:\/\/www.instagram.com\/handballfinland\/"]},{"@type":"Person","@id":"https:\/\/aktialiiga.fi\/miehet\/#\/schema\/person\/c14bf42f47041db74603c45afcb18d87","name":"tbrmedia","image":{"@type":"ImageObject","inLanguage":"fi","@id":"https:\/\/secure.gravatar.com\/avatar\/ee975fa091fe581d12b60debb3439022686618368a7c142044c56724d4666b16?s=96&d=mm&r=g","url":"https:\/\/secure.gravatar.com\/avatar\/ee975fa091fe581d12b60debb3439022686618368a7c142044c56724d4666b16?s=96&d=mm&r=g","contentUrl":"https:\/\/secure.gravatar.com\/avatar\/ee975fa091fe581d12b60debb3439022686618368a7c142044c56724d4666b16?s=96&d=mm&r=g","caption":"tbrmedia"}}]}},"jetpack_featured_media_url":"https:\/\/i0.wp.com\/aktialiiga.fi\/miehet\/wp-content\/uploads\/sites\/5\/2026\/03\/Aktialiiga-HIFK-SIF-22JA3457-20.2.2026-e1772570046132.jpg?fit=1143%2C720&ssl=1","jetpack_sharing_enabled":true,"jetpack_shortlink":"https:\/\/wp.me\/pfTxOr-i6w","_links":{"self":[{"href":"https:\/\/aktialiiga.fi\/miehet\/wp-json\/wp\/v2\/posts\/69596","targetHints":{"allow":["GET"]}}],"collection":[{"href":"https:\/\/aktialiiga.fi\/miehet\/wp-json\/wp\/v2\/posts"}],"about":[{"href":"https:\/\/aktialiiga.fi\/miehet\/wp-json\/wp\/v2\/types\/post"}],"author":[{"embeddable":true,"href":"https:\/\/aktialiiga.fi\/miehet\/wp-json\/wp\/v2\/users\/13"}],"replies":[{"embeddable":true,"href":"https:\/\/aktialiiga.fi\/miehet\/wp-json\/wp\/v2\/comments?post=69596"}],"version-history":[{"count":4,"href":"https:\/\/aktialiiga.fi\/miehet\/wp-json\/wp\/v2\/posts\/69596\/revisions"}],"predecessor-version":[{"id":69613,"href":"https:\/\/aktialiiga.fi\/miehet\/wp-json\/wp\/v2\/posts\/69596\/revisions\/69613"}],"wp:featuredmedia":[{"embeddable":true,"href":"https:\/\/aktialiiga.fi\/miehet\/wp-json\/wp\/v2\/media\/69434"}],"wp:attachment":[{"href":"https:\/\/aktialiiga.fi\/miehet\/wp-json\/wp\/v2\/media?parent=69596"}],"wp:term":[{"taxonomy":"category","embeddable":true,"href":"https:\/\/aktialiiga.fi\/miehet\/wp-json\/wp\/v2\/categories?post=69596"},{"taxonomy":"post_tag","embeddable":true,"href":"https:\/\/aktialiiga.fi\/miehet\/wp-json\/wp\/v2\/tags?post=69596"}],"curies":[{"name":"wp","href":"https:\/\/api.w.org\/{rel}","templated":true}]}}