{"id":69605,"date":"2026-03-14T18:01:20","date_gmt":"2026-03-14T16:01:20","guid":{"rendered":"https:\/\/aktialiiga.fi\/miehet\/?p=69605"},"modified":"2026-03-14T18:23:13","modified_gmt":"2026-03-14T16:23:13","slug":"dicken-kiilasi-ohi-grifkn-runkosarjan-paatteeksi","status":"publish","type":"post","link":"https:\/\/aktialiiga.fi\/miehet\/2025-2026\/ottelut\/dicken-kiilasi-ohi-grifkn-runkosarjan-paatteeksi\/","title":{"rendered":"Dicken kiilasi ohi GrIFK:n runkosarjan p\u00e4\u00e4tteeksi"},"content":{"rendered":"<p>GrIFK ja Dicken ratkaisvat runkosarjan p\u00e4\u00e4tteeksi nelossijan kohtaln ja Kauniaisista voiton hakenut Dicken kiilasi is\u00e4ntiens\u00e4 ohi sarjataulukossa.<\/p>\n<p>Ottelun alku oli dickenin n\u00e4yt\u00f6st\u00e4 ja reilun kymmenen minuutin j\u00e4lkeen taululla olivat jo numerot 1-8. Grani sai v\u00e4hitellen hiukan juonesta kiinni, mutta ei Dickenin selv\u00e4\u00e4 johtoasemaa varsinaisesti pystynyt uhkaamaan.<\/p>\n<p>Tonen jakso ei juuri muutosta ottelun kuvaan tuonut ja Dicken johti parhaimmillaan jo yli kymmenell\u00e4 maalilla. Grani kavennus lopussa j\u00e4i l\u00e4hinn\u00e4 kosmetiikaksi ja n\u00e4in Dicken hankki kotiedun kaksikon edess\u00e4 olevaan puoliv\u00e4lier\u00e4sarjaan.<\/p>\n<p>GrIFK:n p\u00e4\u00e4valmentaja Anthony Hellakoski ei voinut kuin h\u00e4mm\u00e4stell\u00e4 sit\u00e4 mit\u00e4 alussa tapahtui.<\/p>\n<p>&#8211; Ottelun alku oli eritt\u00e4in ep\u00e4onnistunut sek\u00e4 hy\u00f6kk\u00e4yksess\u00e4 ett\u00e4 puolustuksessa. Emme olleet valmiita pelaamaan t\u00e4n\u00e4\u00e4n. Lopussa saatiin v\u00e4h\u00e4n kaunisteltua lukemia, mutta paljon j\u00e4\u00e4 parannettavaa Dickeni\u00e4 vastaan playoffseihin, Hellakoski summasi.<\/p>\n<p>Dickenin p\u00e4\u00e4valmentaja Ken Sirenius oli sen sijaan syyst\u00e4kin tyttyv\u00e4inen joukkueensa esitykseen.<\/p>\n<p>&#8211; P\u00e4\u00e4timme t\u00e4n\u00e4\u00e4n tulla antamaan parastamme. Onnistuimme t\u00e4ss\u00e4 erityisesti ottelun alussa. Intensiteetti ja kamppailu, jota kundit tarjosivat t\u00e4n\u00e4\u00e4n 45 minuuttia, oli fantastista, Sirenius kehui.<\/p>\n<p>My\u00f6s ottelun parhaan pelaajan tittelin napannut dicken-maalivahti Mikael M\u00e4kel\u00e4 oli esitykseen tyytyv\u00e4inen.<\/p>\n<p>&#8211; Mielest\u00e4ni pelasimme oikein hyvin t\u00e4n\u00e4\u00e4n. Lopussa p\u00e4\u00e4stettiin Grani v\u00e4h\u00e4n l\u00e4hemm\u00e4s, mutta hyv\u00e4 ottelu kaikin puolin.<\/p>\n","protected":false},"excerpt":{"rendered":"<p>GrIFK ja Dicken ratkaisvat runkosarjan p\u00e4\u00e4tteeksi nelossijan kohtaln ja Kauniaisista voiton hakenut Dicken kiilasi is\u00e4ntiens\u00e4 ohi sarjataulukossa. Ottelun alku oli dickenin n\u00e4yt\u00f6st\u00e4 ja reilun kymmenen minuutin j\u00e4lkeen taululla olivat jo numerot 1-8. Grani sai v\u00e4hitellen hiukan juonesta kiinni, mutta ei Dickenin selv\u00e4\u00e4 johtoasemaa varsinaisesti pystynyt uhkaamaan. Tonen jakso ei juuri muutosta ottelun kuvaan tuonut ja [&hellip;]<\/p>\n","protected":false},"author":13,"featured_media":67536,"comment_status":"closed","ping_status":"closed","sticky":false,"template":"","format":"standard","meta":{"_acf_changed":false,"jetpack_post_was_ever_published":false,"_jetpack_newsletter_access":"","_jetpack_dont_email_post_to_subs":false,"_jetpack_newsletter_tier_id":0,"_jetpack_memberships_contains_paywalled_content":false,"_jetpack_memberships_contains_paid_content":false,"footnotes":""},"categories":[361],"tags":[58,64],"class_list":["post-69605","post","type-post","status-publish","format-standard","has-post-thumbnail","hentry","category-ottelut","tag-dicken","tag-grifk"],"acf":[],"yoast_head":"<!-- This site is optimized with the Yoast SEO plugin v27.5 - https:\/\/yoast.com\/product\/yoast-seo-wordpress\/ -->\n<title>Dicken kiilasi ohi GrIFK:n runkosarjan p\u00e4\u00e4tteeksi | K\u00e4sipallon miesten Aktialiiga<\/title>\n<meta name=\"robots\" content=\"index, follow, max-snippet:-1, max-image-preview:large, max-video-preview:-1\" \/>\n<link rel=\"canonical\" href=\"https:\/\/aktialiiga.fi\/miehet\/2025-2026\/ottelut\/dicken-kiilasi-ohi-grifkn-runkosarjan-paatteeksi\/\" \/>\n<meta property=\"og:locale\" content=\"fi_FI\" \/>\n<meta property=\"og:type\" content=\"article\" \/>\n<meta property=\"og:title\" content=\"Dicken kiilasi ohi GrIFK:n runkosarjan p\u00e4\u00e4tteeksi | K\u00e4sipallon miesten Aktialiiga\" \/>\n<meta property=\"og:description\" content=\"GrIFK ja Dicken ratkaisvat runkosarjan p\u00e4\u00e4tteeksi nelossijan kohtaln ja Kauniaisista voiton hakenut Dicken kiilasi is\u00e4ntiens\u00e4 ohi sarjataulukossa. Ottelun alku oli dickenin n\u00e4yt\u00f6st\u00e4 ja reilun kymmenen minuutin j\u00e4lkeen taululla olivat jo numerot 1-8. Grani sai v\u00e4hitellen hiukan juonesta kiinni, mutta ei Dickenin selv\u00e4\u00e4 johtoasemaa varsinaisesti pystynyt uhkaamaan. Tonen jakso ei juuri muutosta ottelun kuvaan tuonut ja [&hellip;]\" \/>\n<meta property=\"og:url\" content=\"https:\/\/aktialiiga.fi\/miehet\/2025-2026\/ottelut\/dicken-kiilasi-ohi-grifkn-runkosarjan-paatteeksi\/\" \/>\n<meta property=\"og:site_name\" content=\"K\u00e4sipallon miesten Aktialiiga\" \/>\n<meta property=\"article:publisher\" content=\"https:\/\/www.facebook.com\/finnhandball\" \/>\n<meta property=\"article:published_time\" content=\"2026-03-14T16:01:20+00:00\" \/>\n<meta property=\"article:modified_time\" content=\"2026-03-14T16:23:13+00:00\" \/>\n<meta property=\"og:image\" content=\"https:\/\/aktialiiga.fi\/miehet\/wp-content\/uploads\/sites\/5\/2025\/10\/A7306735-1030x687.jpg\" \/>\n\t<meta property=\"og:image:width\" content=\"1030\" \/>\n\t<meta property=\"og:image:height\" content=\"687\" \/>\n\t<meta property=\"og:image:type\" content=\"image\/jpeg\" \/>\n<meta name=\"author\" content=\"tbrmedia\" \/>\n<meta name=\"twitter:card\" content=\"summary_large_image\" \/>\n<meta name=\"twitter:creator\" content=\"@finnhandball\" \/>\n<meta name=\"twitter:site\" content=\"@finnhandball\" \/>\n<script type=\"application\/ld+json\" class=\"yoast-schema-graph\">{\"@context\":\"https:\\\/\\\/schema.org\",\"@graph\":[{\"@type\":\"Article\",\"@id\":\"https:\\\/\\\/aktialiiga.fi\\\/miehet\\\/2025-2026\\\/ottelut\\\/dicken-kiilasi-ohi-grifkn-runkosarjan-paatteeksi\\\/#article\",\"isPartOf\":{\"@id\":\"https:\\\/\\\/aktialiiga.fi\\\/miehet\\\/2025-2026\\\/ottelut\\\/dicken-kiilasi-ohi-grifkn-runkosarjan-paatteeksi\\\/\"},\"author\":{\"name\":\"tbrmedia\",\"@id\":\"https:\\\/\\\/aktialiiga.fi\\\/miehet\\\/#\\\/schema\\\/person\\\/c14bf42f47041db74603c45afcb18d87\"},\"headline\":\"Dicken kiilasi ohi GrIFK:n runkosarjan p\u00e4\u00e4tteeksi\",\"datePublished\":\"2026-03-14T16:01:20+00:00\",\"dateModified\":\"2026-03-14T16:23:13+00:00\",\"mainEntityOfPage\":{\"@id\":\"https:\\\/\\\/aktialiiga.fi\\\/miehet\\\/2025-2026\\\/ottelut\\\/dicken-kiilasi-ohi-grifkn-runkosarjan-paatteeksi\\\/\"},\"wordCount\":231,\"publisher\":{\"@id\":\"https:\\\/\\\/aktialiiga.fi\\\/miehet\\\/#organization\"},\"image\":{\"@id\":\"https:\\\/\\\/aktialiiga.fi\\\/miehet\\\/2025-2026\\\/ottelut\\\/dicken-kiilasi-ohi-grifkn-runkosarjan-paatteeksi\\\/#primaryimage\"},\"thumbnailUrl\":\"https:\\\/\\\/i0.wp.com\\\/aktialiiga.fi\\\/miehet\\\/wp-content\\\/uploads\\\/sites\\\/5\\\/2025\\\/10\\\/A7306735.jpg?fit=5177%2C3451&ssl=1\",\"keywords\":[\"Dicken\",\"GrIFK\"],\"articleSection\":[\"Ottelut 2025-26\"],\"inLanguage\":\"fi\"},{\"@type\":\"WebPage\",\"@id\":\"https:\\\/\\\/aktialiiga.fi\\\/miehet\\\/2025-2026\\\/ottelut\\\/dicken-kiilasi-ohi-grifkn-runkosarjan-paatteeksi\\\/\",\"url\":\"https:\\\/\\\/aktialiiga.fi\\\/miehet\\\/2025-2026\\\/ottelut\\\/dicken-kiilasi-ohi-grifkn-runkosarjan-paatteeksi\\\/\",\"name\":\"Dicken kiilasi ohi GrIFK:n runkosarjan p\u00e4\u00e4tteeksi | K\u00e4sipallon miesten Aktialiiga\",\"isPartOf\":{\"@id\":\"https:\\\/\\\/aktialiiga.fi\\\/miehet\\\/#website\"},\"primaryImageOfPage\":{\"@id\":\"https:\\\/\\\/aktialiiga.fi\\\/miehet\\\/2025-2026\\\/ottelut\\\/dicken-kiilasi-ohi-grifkn-runkosarjan-paatteeksi\\\/#primaryimage\"},\"image\":{\"@id\":\"https:\\\/\\\/aktialiiga.fi\\\/miehet\\\/2025-2026\\\/ottelut\\\/dicken-kiilasi-ohi-grifkn-runkosarjan-paatteeksi\\\/#primaryimage\"},\"thumbnailUrl\":\"https:\\\/\\\/i0.wp.com\\\/aktialiiga.fi\\\/miehet\\\/wp-content\\\/uploads\\\/sites\\\/5\\\/2025\\\/10\\\/A7306735.jpg?fit=5177%2C3451&ssl=1\",\"datePublished\":\"2026-03-14T16:01:20+00:00\",\"dateModified\":\"2026-03-14T16:23:13+00:00\",\"breadcrumb\":{\"@id\":\"https:\\\/\\\/aktialiiga.fi\\\/miehet\\\/2025-2026\\\/ottelut\\\/dicken-kiilasi-ohi-grifkn-runkosarjan-paatteeksi\\\/#breadcrumb\"},\"inLanguage\":\"fi\",\"potentialAction\":[{\"@type\":\"ReadAction\",\"target\":[\"https:\\\/\\\/aktialiiga.fi\\\/miehet\\\/2025-2026\\\/ottelut\\\/dicken-kiilasi-ohi-grifkn-runkosarjan-paatteeksi\\\/\"]}]},{\"@type\":\"ImageObject\",\"inLanguage\":\"fi\",\"@id\":\"https:\\\/\\\/aktialiiga.fi\\\/miehet\\\/2025-2026\\\/ottelut\\\/dicken-kiilasi-ohi-grifkn-runkosarjan-paatteeksi\\\/#primaryimage\",\"url\":\"https:\\\/\\\/i0.wp.com\\\/aktialiiga.fi\\\/miehet\\\/wp-content\\\/uploads\\\/sites\\\/5\\\/2025\\\/10\\\/A7306735.jpg?fit=5177%2C3451&ssl=1\",\"contentUrl\":\"https:\\\/\\\/i0.wp.com\\\/aktialiiga.fi\\\/miehet\\\/wp-content\\\/uploads\\\/sites\\\/5\\\/2025\\\/10\\\/A7306735.jpg?fit=5177%2C3451&ssl=1\",\"width\":5177,\"height\":3451},{\"@type\":\"BreadcrumbList\",\"@id\":\"https:\\\/\\\/aktialiiga.fi\\\/miehet\\\/2025-2026\\\/ottelut\\\/dicken-kiilasi-ohi-grifkn-runkosarjan-paatteeksi\\\/#breadcrumb\",\"itemListElement\":[{\"@type\":\"ListItem\",\"position\":1,\"name\":\"Etusivu\",\"item\":\"https:\\\/\\\/aktialiiga.fi\\\/miehet\\\/\"},{\"@type\":\"ListItem\",\"position\":2,\"name\":\"Dicken kiilasi ohi GrIFK:n runkosarjan p\u00e4\u00e4tteeksi\"}]},{\"@type\":\"WebSite\",\"@id\":\"https:\\\/\\\/aktialiiga.fi\\\/miehet\\\/#website\",\"url\":\"https:\\\/\\\/aktialiiga.fi\\\/miehet\\\/\",\"name\":\"K\u00e4sipallon miesten Aktialiiga\",\"description\":\"Valtakunnan vauhdikkainta palloilua!\",\"publisher\":{\"@id\":\"https:\\\/\\\/aktialiiga.fi\\\/miehet\\\/#organization\"},\"potentialAction\":[{\"@type\":\"SearchAction\",\"target\":{\"@type\":\"EntryPoint\",\"urlTemplate\":\"https:\\\/\\\/aktialiiga.fi\\\/miehet\\\/?s={search_term_string}\"},\"query-input\":{\"@type\":\"PropertyValueSpecification\",\"valueRequired\":true,\"valueName\":\"search_term_string\"}}],\"inLanguage\":\"fi\"},{\"@type\":\"Organization\",\"@id\":\"https:\\\/\\\/aktialiiga.fi\\\/miehet\\\/#organization\",\"name\":\"K\u00e4sipallon miesten Aktialiiga\",\"url\":\"https:\\\/\\\/aktialiiga.fi\\\/miehet\\\/\",\"logo\":{\"@type\":\"ImageObject\",\"inLanguage\":\"fi\",\"@id\":\"https:\\\/\\\/aktialiiga.fi\\\/miehet\\\/#\\\/schema\\\/logo\\\/image\\\/\",\"url\":\"https:\\\/\\\/i0.wp.com\\\/aktialiiga.fi\\\/miehet\\\/wp-content\\\/uploads\\\/sites\\\/5\\\/2024\\\/09\\\/Aktialiiga-Yoast-512.png?fit=512%2C512&ssl=1\",\"contentUrl\":\"https:\\\/\\\/i0.wp.com\\\/aktialiiga.fi\\\/miehet\\\/wp-content\\\/uploads\\\/sites\\\/5\\\/2024\\\/09\\\/Aktialiiga-Yoast-512.png?fit=512%2C512&ssl=1\",\"width\":512,\"height\":512,\"caption\":\"K\u00e4sipallon miesten Aktialiiga\"},\"image\":{\"@id\":\"https:\\\/\\\/aktialiiga.fi\\\/miehet\\\/#\\\/schema\\\/logo\\\/image\\\/\"},\"sameAs\":[\"https:\\\/\\\/www.facebook.com\\\/finnhandball\",\"https:\\\/\\\/x.com\\\/finnhandball\",\"https:\\\/\\\/www.instagram.com\\\/handballfinland\\\/\"]},{\"@type\":\"Person\",\"@id\":\"https:\\\/\\\/aktialiiga.fi\\\/miehet\\\/#\\\/schema\\\/person\\\/c14bf42f47041db74603c45afcb18d87\",\"name\":\"tbrmedia\",\"image\":{\"@type\":\"ImageObject\",\"inLanguage\":\"fi\",\"@id\":\"https:\\\/\\\/secure.gravatar.com\\\/avatar\\\/ee975fa091fe581d12b60debb3439022686618368a7c142044c56724d4666b16?s=96&d=mm&r=g\",\"url\":\"https:\\\/\\\/secure.gravatar.com\\\/avatar\\\/ee975fa091fe581d12b60debb3439022686618368a7c142044c56724d4666b16?s=96&d=mm&r=g\",\"contentUrl\":\"https:\\\/\\\/secure.gravatar.com\\\/avatar\\\/ee975fa091fe581d12b60debb3439022686618368a7c142044c56724d4666b16?s=96&d=mm&r=g\",\"caption\":\"tbrmedia\"}}]}<\/script>\n<!-- \/ Yoast SEO plugin. -->","yoast_head_json":{"title":"Dicken kiilasi ohi GrIFK:n runkosarjan p\u00e4\u00e4tteeksi | K\u00e4sipallon miesten Aktialiiga","robots":{"index":"index","follow":"follow","max-snippet":"max-snippet:-1","max-image-preview":"max-image-preview:large","max-video-preview":"max-video-preview:-1"},"canonical":"https:\/\/aktialiiga.fi\/miehet\/2025-2026\/ottelut\/dicken-kiilasi-ohi-grifkn-runkosarjan-paatteeksi\/","og_locale":"fi_FI","og_type":"article","og_title":"Dicken kiilasi ohi GrIFK:n runkosarjan p\u00e4\u00e4tteeksi | K\u00e4sipallon miesten Aktialiiga","og_description":"GrIFK ja Dicken ratkaisvat runkosarjan p\u00e4\u00e4tteeksi nelossijan kohtaln ja Kauniaisista voiton hakenut Dicken kiilasi is\u00e4ntiens\u00e4 ohi sarjataulukossa. Ottelun alku oli dickenin n\u00e4yt\u00f6st\u00e4 ja reilun kymmenen minuutin j\u00e4lkeen taululla olivat jo numerot 1-8. Grani sai v\u00e4hitellen hiukan juonesta kiinni, mutta ei Dickenin selv\u00e4\u00e4 johtoasemaa varsinaisesti pystynyt uhkaamaan. Tonen jakso ei juuri muutosta ottelun kuvaan tuonut ja [&hellip;]","og_url":"https:\/\/aktialiiga.fi\/miehet\/2025-2026\/ottelut\/dicken-kiilasi-ohi-grifkn-runkosarjan-paatteeksi\/","og_site_name":"K\u00e4sipallon miesten Aktialiiga","article_publisher":"https:\/\/www.facebook.com\/finnhandball","article_published_time":"2026-03-14T16:01:20+00:00","article_modified_time":"2026-03-14T16:23:13+00:00","og_image":[{"width":1030,"height":687,"url":"https:\/\/aktialiiga.fi\/miehet\/wp-content\/uploads\/sites\/5\/2025\/10\/A7306735-1030x687.jpg","type":"image\/jpeg"}],"author":"tbrmedia","twitter_card":"summary_large_image","twitter_creator":"@finnhandball","twitter_site":"@finnhandball","schema":{"@context":"https:\/\/schema.org","@graph":[{"@type":"Article","@id":"https:\/\/aktialiiga.fi\/miehet\/2025-2026\/ottelut\/dicken-kiilasi-ohi-grifkn-runkosarjan-paatteeksi\/#article","isPartOf":{"@id":"https:\/\/aktialiiga.fi\/miehet\/2025-2026\/ottelut\/dicken-kiilasi-ohi-grifkn-runkosarjan-paatteeksi\/"},"author":{"name":"tbrmedia","@id":"https:\/\/aktialiiga.fi\/miehet\/#\/schema\/person\/c14bf42f47041db74603c45afcb18d87"},"headline":"Dicken kiilasi ohi GrIFK:n runkosarjan p\u00e4\u00e4tteeksi","datePublished":"2026-03-14T16:01:20+00:00","dateModified":"2026-03-14T16:23:13+00:00","mainEntityOfPage":{"@id":"https:\/\/aktialiiga.fi\/miehet\/2025-2026\/ottelut\/dicken-kiilasi-ohi-grifkn-runkosarjan-paatteeksi\/"},"wordCount":231,"publisher":{"@id":"https:\/\/aktialiiga.fi\/miehet\/#organization"},"image":{"@id":"https:\/\/aktialiiga.fi\/miehet\/2025-2026\/ottelut\/dicken-kiilasi-ohi-grifkn-runkosarjan-paatteeksi\/#primaryimage"},"thumbnailUrl":"https:\/\/i0.wp.com\/aktialiiga.fi\/miehet\/wp-content\/uploads\/sites\/5\/2025\/10\/A7306735.jpg?fit=5177%2C3451&ssl=1","keywords":["Dicken","GrIFK"],"articleSection":["Ottelut 2025-26"],"inLanguage":"fi"},{"@type":"WebPage","@id":"https:\/\/aktialiiga.fi\/miehet\/2025-2026\/ottelut\/dicken-kiilasi-ohi-grifkn-runkosarjan-paatteeksi\/","url":"https:\/\/aktialiiga.fi\/miehet\/2025-2026\/ottelut\/dicken-kiilasi-ohi-grifkn-runkosarjan-paatteeksi\/","name":"Dicken kiilasi ohi GrIFK:n runkosarjan p\u00e4\u00e4tteeksi | K\u00e4sipallon miesten Aktialiiga","isPartOf":{"@id":"https:\/\/aktialiiga.fi\/miehet\/#website"},"primaryImageOfPage":{"@id":"https:\/\/aktialiiga.fi\/miehet\/2025-2026\/ottelut\/dicken-kiilasi-ohi-grifkn-runkosarjan-paatteeksi\/#primaryimage"},"image":{"@id":"https:\/\/aktialiiga.fi\/miehet\/2025-2026\/ottelut\/dicken-kiilasi-ohi-grifkn-runkosarjan-paatteeksi\/#primaryimage"},"thumbnailUrl":"https:\/\/i0.wp.com\/aktialiiga.fi\/miehet\/wp-content\/uploads\/sites\/5\/2025\/10\/A7306735.jpg?fit=5177%2C3451&ssl=1","datePublished":"2026-03-14T16:01:20+00:00","dateModified":"2026-03-14T16:23:13+00:00","breadcrumb":{"@id":"https:\/\/aktialiiga.fi\/miehet\/2025-2026\/ottelut\/dicken-kiilasi-ohi-grifkn-runkosarjan-paatteeksi\/#breadcrumb"},"inLanguage":"fi","potentialAction":[{"@type":"ReadAction","target":["https:\/\/aktialiiga.fi\/miehet\/2025-2026\/ottelut\/dicken-kiilasi-ohi-grifkn-runkosarjan-paatteeksi\/"]}]},{"@type":"ImageObject","inLanguage":"fi","@id":"https:\/\/aktialiiga.fi\/miehet\/2025-2026\/ottelut\/dicken-kiilasi-ohi-grifkn-runkosarjan-paatteeksi\/#primaryimage","url":"https:\/\/i0.wp.com\/aktialiiga.fi\/miehet\/wp-content\/uploads\/sites\/5\/2025\/10\/A7306735.jpg?fit=5177%2C3451&ssl=1","contentUrl":"https:\/\/i0.wp.com\/aktialiiga.fi\/miehet\/wp-content\/uploads\/sites\/5\/2025\/10\/A7306735.jpg?fit=5177%2C3451&ssl=1","width":5177,"height":3451},{"@type":"BreadcrumbList","@id":"https:\/\/aktialiiga.fi\/miehet\/2025-2026\/ottelut\/dicken-kiilasi-ohi-grifkn-runkosarjan-paatteeksi\/#breadcrumb","itemListElement":[{"@type":"ListItem","position":1,"name":"Etusivu","item":"https:\/\/aktialiiga.fi\/miehet\/"},{"@type":"ListItem","position":2,"name":"Dicken kiilasi ohi GrIFK:n runkosarjan p\u00e4\u00e4tteeksi"}]},{"@type":"WebSite","@id":"https:\/\/aktialiiga.fi\/miehet\/#website","url":"https:\/\/aktialiiga.fi\/miehet\/","name":"K\u00e4sipallon miesten Aktialiiga","description":"Valtakunnan vauhdikkainta palloilua!","publisher":{"@id":"https:\/\/aktialiiga.fi\/miehet\/#organization"},"potentialAction":[{"@type":"SearchAction","target":{"@type":"EntryPoint","urlTemplate":"https:\/\/aktialiiga.fi\/miehet\/?s={search_term_string}"},"query-input":{"@type":"PropertyValueSpecification","valueRequired":true,"valueName":"search_term_string"}}],"inLanguage":"fi"},{"@type":"Organization","@id":"https:\/\/aktialiiga.fi\/miehet\/#organization","name":"K\u00e4sipallon miesten Aktialiiga","url":"https:\/\/aktialiiga.fi\/miehet\/","logo":{"@type":"ImageObject","inLanguage":"fi","@id":"https:\/\/aktialiiga.fi\/miehet\/#\/schema\/logo\/image\/","url":"https:\/\/i0.wp.com\/aktialiiga.fi\/miehet\/wp-content\/uploads\/sites\/5\/2024\/09\/Aktialiiga-Yoast-512.png?fit=512%2C512&ssl=1","contentUrl":"https:\/\/i0.wp.com\/aktialiiga.fi\/miehet\/wp-content\/uploads\/sites\/5\/2024\/09\/Aktialiiga-Yoast-512.png?fit=512%2C512&ssl=1","width":512,"height":512,"caption":"K\u00e4sipallon miesten Aktialiiga"},"image":{"@id":"https:\/\/aktialiiga.fi\/miehet\/#\/schema\/logo\/image\/"},"sameAs":["https:\/\/www.facebook.com\/finnhandball","https:\/\/x.com\/finnhandball","https:\/\/www.instagram.com\/handballfinland\/"]},{"@type":"Person","@id":"https:\/\/aktialiiga.fi\/miehet\/#\/schema\/person\/c14bf42f47041db74603c45afcb18d87","name":"tbrmedia","image":{"@type":"ImageObject","inLanguage":"fi","@id":"https:\/\/secure.gravatar.com\/avatar\/ee975fa091fe581d12b60debb3439022686618368a7c142044c56724d4666b16?s=96&d=mm&r=g","url":"https:\/\/secure.gravatar.com\/avatar\/ee975fa091fe581d12b60debb3439022686618368a7c142044c56724d4666b16?s=96&d=mm&r=g","contentUrl":"https:\/\/secure.gravatar.com\/avatar\/ee975fa091fe581d12b60debb3439022686618368a7c142044c56724d4666b16?s=96&d=mm&r=g","caption":"tbrmedia"}}]}},"jetpack_featured_media_url":"https:\/\/i0.wp.com\/aktialiiga.fi\/miehet\/wp-content\/uploads\/sites\/5\/2025\/10\/A7306735.jpg?fit=5177%2C3451&ssl=1","jetpack_sharing_enabled":true,"jetpack_shortlink":"https:\/\/wp.me\/pfTxOr-i6F","_links":{"self":[{"href":"https:\/\/aktialiiga.fi\/miehet\/wp-json\/wp\/v2\/posts\/69605","targetHints":{"allow":["GET"]}}],"collection":[{"href":"https:\/\/aktialiiga.fi\/miehet\/wp-json\/wp\/v2\/posts"}],"about":[{"href":"https:\/\/aktialiiga.fi\/miehet\/wp-json\/wp\/v2\/types\/post"}],"author":[{"embeddable":true,"href":"https:\/\/aktialiiga.fi\/miehet\/wp-json\/wp\/v2\/users\/13"}],"replies":[{"embeddable":true,"href":"https:\/\/aktialiiga.fi\/miehet\/wp-json\/wp\/v2\/comments?post=69605"}],"version-history":[{"count":3,"href":"https:\/\/aktialiiga.fi\/miehet\/wp-json\/wp\/v2\/posts\/69605\/revisions"}],"predecessor-version":[{"id":69612,"href":"https:\/\/aktialiiga.fi\/miehet\/wp-json\/wp\/v2\/posts\/69605\/revisions\/69612"}],"wp:featuredmedia":[{"embeddable":true,"href":"https:\/\/aktialiiga.fi\/miehet\/wp-json\/wp\/v2\/media\/67536"}],"wp:attachment":[{"href":"https:\/\/aktialiiga.fi\/miehet\/wp-json\/wp\/v2\/media?parent=69605"}],"wp:term":[{"taxonomy":"category","embeddable":true,"href":"https:\/\/aktialiiga.fi\/miehet\/wp-json\/wp\/v2\/categories?post=69605"},{"taxonomy":"post_tag","embeddable":true,"href":"https:\/\/aktialiiga.fi\/miehet\/wp-json\/wp\/v2\/tags?post=69605"}],"curies":[{"name":"wp","href":"https:\/\/api.w.org\/{rel}","templated":true}]}}